{"id":139473,"date":"2026-01-30T00:14:52","date_gmt":"2026-01-30T05:14:52","guid":{"rendered":"https:\/\/www.quebakan.com\/v15\/?p=139473"},"modified":"2026-01-30T00:14:52","modified_gmt":"2026-01-30T05:14:52","slug":"obesidad-en-ecuador-un-problema-de-salud-publica-que-exige-diagnostico-y-tratamiento-oportunos","status":"publish","type":"post","link":"https:\/\/www.quebakan.com\/v15\/obesidad-en-ecuador-un-problema-de-salud-publica-que-exige-diagnostico-y-tratamiento-oportunos\/","title":{"rendered":"Obesidad en Ecuador: un problema de salud p\u00fablica que exige diagn\u00f3stico y tratamiento oportunos"},"content":{"rendered":"<p><img fetchpriority=\"high\" decoding=\"async\" class=\"aligncenter size-full wp-image-139474\" src=\"https:\/\/www.quebakan.com\/v15\/wp-content\/uploads\/2026\/01\/Obesidad-1.jpg\" alt=\"\" width=\"700\" height=\"466\" \/><\/p>\n<p style=\"text-align: justify;\"><span style=\"color: #000000;\"><em>Un nuevo tratamiento inyectable basado en la mol\u00e9cula semaglutida marca un avance en el tratamiento de la diabetes tipo 2 con la obesidad en el pa\u00eds. <\/em><\/span><\/p>\n<p style=\"text-align: justify;\"><span style=\"color: #000000;\"><strong>Quito, enero de 2026. <\/strong>Ecuador enfrenta un desaf\u00edo creciente en materia de salud p\u00fablica. Pese a su alta prevalencia, la obesidad contin\u00faa siendo una enfermedad cr\u00f3nica subdiagnosticada y, en muchos casos, normalizada. Su abordaje integral es clave para prevenir el desarrollo de enfermedades metab\u00f3licas asociadas, como la diabetes tipo 2.<\/span><\/p>\n<p style=\"text-align: justify;\"><span style=\"color: #000000;\">Seg\u00fan el estudio STEPS realizado por la Organizaci\u00f3n Mundial de la Salud, el Instituto Nacional de Estad\u00edstica y Censos (INEC) y Ministerio de Salud P\u00fablica (MSP), 6 de cada 10<a style=\"color: #000000;\" href=\"#_ftn1\" name=\"_ftnref1\">[1]<\/a> adultos ecuatorianos padece sobrepeso y obesidad, es decir, el 25.7% de la poblaci\u00f3n. La prevalencia es mayor en mujeres (30.9%) frente a los hombres<a style=\"color: #000000;\" href=\"#_ftn2\" name=\"_ftnref2\">[2]<\/a>\u00a0 (20.3%)<\/span><\/p>\n<p style=\"text-align: justify;\"><span style=\"color: #000000;\">A nivel global, la Organizaci\u00f3n Mundial de Salud (OMS) estima que m\u00e1s de mil<a style=\"color: #000000;\" href=\"#_ftn3\" name=\"_ftnref3\">[3]<\/a> millones de personas viven con obesidad, una cifra que contin\u00faa en aumento. As\u00ed mismo, el Atlas Mundial de la Obesidad 2022, publicado por la Federaci\u00f3n Mundial de la Obesidad, proyecta que para 2030 1 de cada 7 hombres y 1 de cada 5 mujeres, vivir\u00e1n con esta condici\u00f3n<a style=\"color: #000000;\" href=\"#_ftn4\" name=\"_ftnref4\">[4]<\/a>. En el pa\u00eds, factores como h\u00e1bitos alimentarios inadecuados, sedentarismo y falta de control m\u00e9dico oportuno contribuyen al incremento sostenido de esta enfermedad.<\/span><\/p>\n<p style=\"text-align: justify;\"><span style=\"color: #000000;\"><strong>Una problem\u00e1tica que no debe normalizarse<\/strong><\/span><\/p>\n<p style=\"text-align: justify;\"><span style=\"color: #000000;\">Hist\u00f3ricamente, la obesidad ha sido abordada desde un enfoque est\u00e9tico o f\u00edsico y no como una enfermedad cr\u00f3nica no transmisible con consecuencias graves para la salud y el bienestar de las personas. Se trata de una condici\u00f3n compleja y multifactorial que eleva el riesgo de desarrollar diabetes tipo 2, enfermedades cardiovasculares y mortalidad prematura. Por ello, es fundamental visibilizar esta condici\u00f3n, reconocer las se\u00f1ales que permiten identificarla oportunamente y prevenirla con un tratamiento especializado bajo supervisi\u00f3n m\u00e9dica.<\/span><\/p>\n<p style=\"text-align: justify;\"><span style=\"color: #000000;\"><strong>Prevenci\u00f3n y nuevas opciones terap\u00e9uticas<\/strong><\/span><\/p>\n<p style=\"text-align: justify;\"><span style=\"color: #000000;\">La innovaci\u00f3n cient\u00edfica m\u00e9dica ha permitido el desarrollado de nuevas alternativas para el manejo integral de la obesidad, especialmente en etapas tempranas, antes de que evolucione hacia diabetes tipo 2. Entre ellas se encuentran tratamientos que contienen la mol\u00e9cula semaglutida, un agonista del receptor GLP-1 que, seg\u00fan evidencia, contribuye al control de la Diabetes tipo 2, la reducci\u00f3n del peso corporal, mejora el control metab\u00f3lico y disminuye factores de riesgo cardiovascular.<\/span><\/p>\n<p style=\"text-align: justify;\"><span style=\"color: #000000;\">La GLP-1 es una hormona intestinal que se libera tras la ingesta de alimentos y cumple un rol clave en la regulaci\u00f3n del apetito, la saciedad y los niveles de glucosa en sangre.<\/span><\/p>\n<p style=\"text-align: justify;\"><span style=\"color: #000000;\">En Ecuador ya est\u00e1 disponible una nueva opci\u00f3n terap\u00e9utica efectiva basada en semaglutida en formulaci\u00f3n inyectable, ampliando las alternativas m\u00e9dicas para el tratamiento de la Diabetes tipo 2. Esta incorporaci\u00f3n representa un avance dentro del manejo integral de la enfermedad y ofrece a los profesionales de la salud una herramienta adicional para un abordaje personalizado, siempre bajo prescripci\u00f3n y seguimiento m\u00e9dico.<\/span><\/p>\n<p style=\"text-align: justify;\"><span style=\"color: #000000;\"><em>\u201cAmpliar el acceso a tratamientos innovadores y asequibles es una prioridad frente a enfermedades cr\u00f3nicas como la obesidad, especialmente antes de que evolucione a diabetes tipo 2. La mol\u00e9cula semaglutida, disponible en presentaci\u00f3n inyectable, es una nueva opci\u00f3n efectiva para el manejo m\u00e9dico integral y personalizado. Independientemente de la v\u00eda de administraci\u00f3n, cuando la mol\u00e9cula se encuentra en sangre ofrece los mismos beneficios terap\u00e9uticos, siempre bajo prescripci\u00f3n m\u00e9dica,<\/em>\u201d coment\u00f3 Dr. Juan Carlos Ar\u00e9valo, asesor m\u00e9dico de Laboratorio Elea.<\/span><\/p>\n<p style=\"text-align: justify;\"><span style=\"color: #000000;\">Adem\u00e1s, varios estudios se\u00f1alan que prevenir la diabetes y controlar la obesidad con este tipo de tratamientos basados en la mol\u00e9cula semaglutida, aportan beneficios adicionales como: control metab\u00f3lico, reducci\u00f3n de inflamaci\u00f3n, protecci\u00f3n cardiovascular, mejora del perfil lip\u00eddico, cuidado del coraz\u00f3n, cerebro, rin\u00f3n, h\u00edgado, p\u00e1ncreas, tejido adiposo y m\u00fasculos.<\/span><\/p>\n<p style=\"text-align: justify;\"><span style=\"color: #000000;\">El acceso responsable a este tipo de terapias, junto con la prevenci\u00f3n, la educaci\u00f3n y el diagn\u00f3stico oportuno, contribuye a mejorar la calidad de vida de las personas que viven con obesidad y a reducir el impacto de enfermedades asociadas como la diabetes tipo 2. Los aportes de la nueva alternativa terap\u00e9utica representan un paso importante hacia soluciones sostenibles y alineadas con las necesidades reales del sistema de salud y de los pacientes.<\/span><\/p>\n<p style=\"text-align: justify;\"><span style=\"color: #000000;\"><a style=\"color: #000000;\" href=\"#_ftnref1\" name=\"_ftn1\">[1]<\/a> Ministerio de Salud P\u00fablica: <a style=\"color: #000000;\" href=\"https:\/\/www.salud.gob.ec\/msp-aborda-la-lucha-contra-la-obesidad-en-ecuador\/\">MSP aborda la lucha contra la obesidad en Ecuador \u2013 Ministerio de Salud P\u00fablica<\/a><\/span><\/p>\n<p style=\"text-align: justify;\"><span style=\"color: #000000;\"><a style=\"color: #000000;\" href=\"#_ftnref2\" name=\"_ftn2\">[2]<\/a> Encuesta Nacional de Salud y Nutrici\u00f3n: <a style=\"color: #000000;\" href=\"https:\/\/www.salud.gob.ec\/wp-content\/uploads\/2020\/10\/RESUMEN-EJECUTIVO-ENCUESTA-STEPS-final.pdf#:~:text=El%2063%2C6%25%20de%20adultos%20presenta%20sobrepeso%20y,en%20mujeres%20(30%2C9%25)%20que%20en%20hombres%20(20%2C3%25\">https:\/\/www.salud.gob.ec\/wp-content\/uploads\/2020\/10\/RESUMEN-EJECUTIVO-ENCUESTA-STEPS-final.pdf#:~:text=El%2063%2C6%25%20de%20adultos%20presenta%20sobrepeso%20y,en%20mujeres%20(30%2C9%25)%20que%20en%20hombres%20(20%2C3%25<\/a><\/span><\/p>\n<p style=\"text-align: justify;\"><span style=\"color: #000000;\"><a style=\"color: #000000;\" href=\"#_ftnref3\" name=\"_ftn3\">[3]<\/a> Organizaci\u00f3n Mundial de la Salud: https:\/\/www.who.int\/es\/news-room\/fact-sheets\/detail\/obesity-and-overweight<\/span><\/p>\n<p style=\"text-align: justify;\"><span style=\"color: #000000;\"><a style=\"color: #000000;\" href=\"#_ftnref4\" name=\"_ftn4\">[4]<\/a> Federaci\u00f3n Mundial de Coraz\u00f3n: <a style=\"color: #000000;\" href=\"https:\/\/world-heart-federation.org\/es\/what-we-do\/obesity\/\">https:\/\/world-heart-federation.org\/es\/what-we-do\/obesity\/<\/a><\/span><\/p>\n","protected":false},"excerpt":{"rendered":"<p>Un nuevo tratamiento inyectable basado en la mol\u00e9cula semaglutida marca un avance en el tratamiento de la diabetes tipo 2 con la obesidad en el pa\u00eds. Quito, enero de 2026. Ecuador enfrenta un desaf\u00edo creciente en materia de salud p\u00fablica. Pese a su alta prevalencia, la obesidad contin\u00faa siendo una enfermedad cr\u00f3nica subdiagnosticada y, en [&hellip;]<\/p>\n","protected":false},"author":4,"featured_media":139474,"comment_status":"closed","ping_status":"closed","sticky":false,"template":"","format":"standard","meta":{"_bbp_topic_count":0,"_bbp_reply_count":0,"_bbp_total_topic_count":0,"_bbp_total_reply_count":0,"_bbp_voice_count":0,"_bbp_anonymous_reply_count":0,"_bbp_topic_count_hidden":0,"_bbp_reply_count_hidden":0,"_bbp_forum_subforum_count":0,"buzzeditor_post_format":"","footnotes":""},"categories":[2],"tags":[],"class_list":["post-139473","post","type-post","status-publish","format-standard","has-post-thumbnail","hentry","category-noticias"],"yoast_head":"<!-- This site is optimized with the Yoast SEO plugin v27.5 - https:\/\/yoast.com\/product\/yoast-seo-wordpress\/ -->\n<title>Obesidad en Ecuador: un problema de salud p\u00fablica que exige diagn\u00f3stico y tratamiento oportunos &#8211; QUEBAKAN.COM 2026: Noticias, Eventos, Conciertos y mucho m\u00e1s....<\/title>\n<meta name=\"robots\" content=\"index, follow, max-snippet:-1, max-image-preview:large, max-video-preview:-1\" \/>\n<link rel=\"canonical\" href=\"https:\/\/www.quebakan.com\/v15\/obesidad-en-ecuador-un-problema-de-salud-publica-que-exige-diagnostico-y-tratamiento-oportunos\/\" \/>\n<meta property=\"og:locale\" content=\"es_ES\" \/>\n<meta property=\"og:type\" content=\"article\" \/>\n<meta property=\"og:title\" content=\"Obesidad en Ecuador: un problema de salud p\u00fablica que exige diagn\u00f3stico y tratamiento oportunos &#8211; QUEBAKAN.COM 2026: Noticias, Eventos, Conciertos y mucho m\u00e1s....\" \/>\n<meta property=\"og:description\" content=\"Un nuevo tratamiento inyectable basado en la mol\u00e9cula semaglutida marca un avance en el tratamiento de la diabetes tipo 2 con la obesidad en el pa\u00eds. Quito, enero de 2026. Ecuador enfrenta un desaf\u00edo creciente en materia de salud p\u00fablica. Pese a su alta prevalencia, la obesidad contin\u00faa siendo una enfermedad cr\u00f3nica subdiagnosticada y, en [&hellip;]\" \/>\n<meta property=\"og:url\" content=\"https:\/\/www.quebakan.com\/v15\/obesidad-en-ecuador-un-problema-de-salud-publica-que-exige-diagnostico-y-tratamiento-oportunos\/\" \/>\n<meta property=\"og:site_name\" content=\"QUEBAKAN.COM 2026: Noticias, Eventos, Conciertos y mucho m\u00e1s....\" \/>\n<meta property=\"article:publisher\" content=\"http:\/\/www.facebook.com\/quebakan\" \/>\n<meta property=\"article:published_time\" content=\"2026-01-30T05:14:52+00:00\" \/>\n<meta property=\"og:image\" content=\"https:\/\/www.quebakan.com\/v15\/wp-content\/uploads\/2026\/01\/Obesidad-1.jpg\" \/>\n\t<meta property=\"og:image:width\" content=\"700\" \/>\n\t<meta property=\"og:image:height\" content=\"466\" \/>\n\t<meta property=\"og:image:type\" content=\"image\/jpeg\" \/>\n<meta name=\"author\" content=\"Erick Villafuerte\" \/>\n<meta name=\"twitter:card\" content=\"summary_large_image\" \/>\n<meta name=\"twitter:creator\" content=\"@quebakanec\" \/>\n<meta name=\"twitter:site\" content=\"@quebakanec\" \/>\n<meta name=\"twitter:label1\" content=\"Escrito por\" \/>\n\t<meta name=\"twitter:data1\" content=\"Erick Villafuerte\" \/>\n\t<meta name=\"twitter:label2\" content=\"Tiempo de lectura\" \/>\n\t<meta name=\"twitter:data2\" content=\"4 minutos\" \/>\n<script type=\"application\/ld+json\" class=\"yoast-schema-graph\">{\"@context\":\"https:\\\/\\\/schema.org\",\"@graph\":[{\"@type\":\"Article\",\"@id\":\"https:\\\/\\\/www.quebakan.com\\\/v15\\\/obesidad-en-ecuador-un-problema-de-salud-publica-que-exige-diagnostico-y-tratamiento-oportunos\\\/#article\",\"isPartOf\":{\"@id\":\"https:\\\/\\\/www.quebakan.com\\\/v15\\\/obesidad-en-ecuador-un-problema-de-salud-publica-que-exige-diagnostico-y-tratamiento-oportunos\\\/\"},\"author\":{\"name\":\"Erick Villafuerte\",\"@id\":\"https:\\\/\\\/www.quebakan.com\\\/v15\\\/#\\\/schema\\\/person\\\/d90fa9f9cfa81eb8ace9811e5b7b9118\"},\"headline\":\"Obesidad en Ecuador: un problema de salud p\u00fablica que exige diagn\u00f3stico y tratamiento oportunos\",\"datePublished\":\"2026-01-30T05:14:52+00:00\",\"mainEntityOfPage\":{\"@id\":\"https:\\\/\\\/www.quebakan.com\\\/v15\\\/obesidad-en-ecuador-un-problema-de-salud-publica-que-exige-diagnostico-y-tratamiento-oportunos\\\/\"},\"wordCount\":818,\"publisher\":{\"@id\":\"https:\\\/\\\/www.quebakan.com\\\/v15\\\/#organization\"},\"image\":{\"@id\":\"https:\\\/\\\/www.quebakan.com\\\/v15\\\/obesidad-en-ecuador-un-problema-de-salud-publica-que-exige-diagnostico-y-tratamiento-oportunos\\\/#primaryimage\"},\"thumbnailUrl\":\"https:\\\/\\\/www.quebakan.com\\\/v15\\\/wp-content\\\/uploads\\\/2026\\\/01\\\/Obesidad-1.jpg\",\"articleSection\":[\"Noticias\"],\"inLanguage\":\"es\"},{\"@type\":\"WebPage\",\"@id\":\"https:\\\/\\\/www.quebakan.com\\\/v15\\\/obesidad-en-ecuador-un-problema-de-salud-publica-que-exige-diagnostico-y-tratamiento-oportunos\\\/\",\"url\":\"https:\\\/\\\/www.quebakan.com\\\/v15\\\/obesidad-en-ecuador-un-problema-de-salud-publica-que-exige-diagnostico-y-tratamiento-oportunos\\\/\",\"name\":\"Obesidad en Ecuador: un problema de salud p\u00fablica que exige diagn\u00f3stico y tratamiento oportunos &#8211; QUEBAKAN.COM 2026: Noticias, Eventos, Conciertos y mucho m\u00e1s....\",\"isPartOf\":{\"@id\":\"https:\\\/\\\/www.quebakan.com\\\/v15\\\/#website\"},\"primaryImageOfPage\":{\"@id\":\"https:\\\/\\\/www.quebakan.com\\\/v15\\\/obesidad-en-ecuador-un-problema-de-salud-publica-que-exige-diagnostico-y-tratamiento-oportunos\\\/#primaryimage\"},\"image\":{\"@id\":\"https:\\\/\\\/www.quebakan.com\\\/v15\\\/obesidad-en-ecuador-un-problema-de-salud-publica-que-exige-diagnostico-y-tratamiento-oportunos\\\/#primaryimage\"},\"thumbnailUrl\":\"https:\\\/\\\/www.quebakan.com\\\/v15\\\/wp-content\\\/uploads\\\/2026\\\/01\\\/Obesidad-1.jpg\",\"datePublished\":\"2026-01-30T05:14:52+00:00\",\"breadcrumb\":{\"@id\":\"https:\\\/\\\/www.quebakan.com\\\/v15\\\/obesidad-en-ecuador-un-problema-de-salud-publica-que-exige-diagnostico-y-tratamiento-oportunos\\\/#breadcrumb\"},\"inLanguage\":\"es\",\"potentialAction\":[{\"@type\":\"ReadAction\",\"target\":[\"https:\\\/\\\/www.quebakan.com\\\/v15\\\/obesidad-en-ecuador-un-problema-de-salud-publica-que-exige-diagnostico-y-tratamiento-oportunos\\\/\"]}]},{\"@type\":\"ImageObject\",\"inLanguage\":\"es\",\"@id\":\"https:\\\/\\\/www.quebakan.com\\\/v15\\\/obesidad-en-ecuador-un-problema-de-salud-publica-que-exige-diagnostico-y-tratamiento-oportunos\\\/#primaryimage\",\"url\":\"https:\\\/\\\/www.quebakan.com\\\/v15\\\/wp-content\\\/uploads\\\/2026\\\/01\\\/Obesidad-1.jpg\",\"contentUrl\":\"https:\\\/\\\/www.quebakan.com\\\/v15\\\/wp-content\\\/uploads\\\/2026\\\/01\\\/Obesidad-1.jpg\",\"width\":700,\"height\":466},{\"@type\":\"BreadcrumbList\",\"@id\":\"https:\\\/\\\/www.quebakan.com\\\/v15\\\/obesidad-en-ecuador-un-problema-de-salud-publica-que-exige-diagnostico-y-tratamiento-oportunos\\\/#breadcrumb\",\"itemListElement\":[{\"@type\":\"ListItem\",\"position\":1,\"name\":\"Portada\",\"item\":\"https:\\\/\\\/www.quebakan.com\\\/v15\\\/\"},{\"@type\":\"ListItem\",\"position\":2,\"name\":\"Obesidad en Ecuador: un problema de salud p\u00fablica que exige diagn\u00f3stico y tratamiento oportunos\"}]},{\"@type\":\"WebSite\",\"@id\":\"https:\\\/\\\/www.quebakan.com\\\/v15\\\/#website\",\"url\":\"https:\\\/\\\/www.quebakan.com\\\/v15\\\/\",\"name\":\"QUEBAKAN\",\"description\":\"..\",\"publisher\":{\"@id\":\"https:\\\/\\\/www.quebakan.com\\\/v15\\\/#organization\"},\"potentialAction\":[{\"@type\":\"SearchAction\",\"target\":{\"@type\":\"EntryPoint\",\"urlTemplate\":\"https:\\\/\\\/www.quebakan.com\\\/v15\\\/?s={search_term_string}\"},\"query-input\":{\"@type\":\"PropertyValueSpecification\",\"valueRequired\":true,\"valueName\":\"search_term_string\"}}],\"inLanguage\":\"es\"},{\"@type\":\"Organization\",\"@id\":\"https:\\\/\\\/www.quebakan.com\\\/v15\\\/#organization\",\"name\":\"Quebakan.com\",\"url\":\"https:\\\/\\\/www.quebakan.com\\\/v15\\\/\",\"logo\":{\"@type\":\"ImageObject\",\"inLanguage\":\"es\",\"@id\":\"https:\\\/\\\/www.quebakan.com\\\/v15\\\/#\\\/schema\\\/logo\\\/image\\\/\",\"url\":\"https:\\\/\\\/www.quebakan.com\\\/v15\\\/wp-content\\\/uploads\\\/2023\\\/07\\\/logoquebakanenero2021.jpg\",\"contentUrl\":\"https:\\\/\\\/www.quebakan.com\\\/v15\\\/wp-content\\\/uploads\\\/2023\\\/07\\\/logoquebakanenero2021.jpg\",\"width\":1920,\"height\":1080,\"caption\":\"Quebakan.com\"},\"image\":{\"@id\":\"https:\\\/\\\/www.quebakan.com\\\/v15\\\/#\\\/schema\\\/logo\\\/image\\\/\"},\"sameAs\":[\"http:\\\/\\\/www.facebook.com\\\/quebakan\",\"https:\\\/\\\/x.com\\\/quebakanec\",\"http:\\\/\\\/www.instagram.com\\\/quebakan\",\"http:\\\/\\\/www.youtube.com\\\/quebakan1\"]},{\"@type\":\"Person\",\"@id\":\"https:\\\/\\\/www.quebakan.com\\\/v15\\\/#\\\/schema\\\/person\\\/d90fa9f9cfa81eb8ace9811e5b7b9118\",\"name\":\"Erick Villafuerte\",\"image\":{\"@type\":\"ImageObject\",\"inLanguage\":\"es\",\"@id\":\"https:\\\/\\\/www.quebakan.com\\\/v15\\\/wp-content\\\/uploads\\\/avatars\\\/4\\\/1731297654-bpfull.png\",\"url\":\"https:\\\/\\\/www.quebakan.com\\\/v15\\\/wp-content\\\/uploads\\\/avatars\\\/4\\\/1731297654-bpfull.png\",\"contentUrl\":\"https:\\\/\\\/www.quebakan.com\\\/v15\\\/wp-content\\\/uploads\\\/avatars\\\/4\\\/1731297654-bpfull.png\",\"caption\":\"Erick Villafuerte\"}}]}<\/script>\n<!-- \/ Yoast SEO plugin. -->","yoast_head_json":{"title":"Obesidad en Ecuador: un problema de salud p\u00fablica que exige diagn\u00f3stico y tratamiento oportunos &#8211; QUEBAKAN.COM 2026: Noticias, Eventos, Conciertos y mucho m\u00e1s....","robots":{"index":"index","follow":"follow","max-snippet":"max-snippet:-1","max-image-preview":"max-image-preview:large","max-video-preview":"max-video-preview:-1"},"canonical":"https:\/\/www.quebakan.com\/v15\/obesidad-en-ecuador-un-problema-de-salud-publica-que-exige-diagnostico-y-tratamiento-oportunos\/","og_locale":"es_ES","og_type":"article","og_title":"Obesidad en Ecuador: un problema de salud p\u00fablica que exige diagn\u00f3stico y tratamiento oportunos &#8211; QUEBAKAN.COM 2026: Noticias, Eventos, Conciertos y mucho m\u00e1s....","og_description":"Un nuevo tratamiento inyectable basado en la mol\u00e9cula semaglutida marca un avance en el tratamiento de la diabetes tipo 2 con la obesidad en el pa\u00eds. Quito, enero de 2026. Ecuador enfrenta un desaf\u00edo creciente en materia de salud p\u00fablica. Pese a su alta prevalencia, la obesidad contin\u00faa siendo una enfermedad cr\u00f3nica subdiagnosticada y, en [&hellip;]","og_url":"https:\/\/www.quebakan.com\/v15\/obesidad-en-ecuador-un-problema-de-salud-publica-que-exige-diagnostico-y-tratamiento-oportunos\/","og_site_name":"QUEBAKAN.COM 2026: Noticias, Eventos, Conciertos y mucho m\u00e1s....","article_publisher":"http:\/\/www.facebook.com\/quebakan","article_published_time":"2026-01-30T05:14:52+00:00","og_image":[{"width":700,"height":466,"url":"https:\/\/www.quebakan.com\/v15\/wp-content\/uploads\/2026\/01\/Obesidad-1.jpg","type":"image\/jpeg"}],"author":"Erick Villafuerte","twitter_card":"summary_large_image","twitter_creator":"@quebakanec","twitter_site":"@quebakanec","twitter_misc":{"Escrito por":"Erick Villafuerte","Tiempo de lectura":"4 minutos"},"schema":{"@context":"https:\/\/schema.org","@graph":[{"@type":"Article","@id":"https:\/\/www.quebakan.com\/v15\/obesidad-en-ecuador-un-problema-de-salud-publica-que-exige-diagnostico-y-tratamiento-oportunos\/#article","isPartOf":{"@id":"https:\/\/www.quebakan.com\/v15\/obesidad-en-ecuador-un-problema-de-salud-publica-que-exige-diagnostico-y-tratamiento-oportunos\/"},"author":{"name":"Erick Villafuerte","@id":"https:\/\/www.quebakan.com\/v15\/#\/schema\/person\/d90fa9f9cfa81eb8ace9811e5b7b9118"},"headline":"Obesidad en Ecuador: un problema de salud p\u00fablica que exige diagn\u00f3stico y tratamiento oportunos","datePublished":"2026-01-30T05:14:52+00:00","mainEntityOfPage":{"@id":"https:\/\/www.quebakan.com\/v15\/obesidad-en-ecuador-un-problema-de-salud-publica-que-exige-diagnostico-y-tratamiento-oportunos\/"},"wordCount":818,"publisher":{"@id":"https:\/\/www.quebakan.com\/v15\/#organization"},"image":{"@id":"https:\/\/www.quebakan.com\/v15\/obesidad-en-ecuador-un-problema-de-salud-publica-que-exige-diagnostico-y-tratamiento-oportunos\/#primaryimage"},"thumbnailUrl":"https:\/\/www.quebakan.com\/v15\/wp-content\/uploads\/2026\/01\/Obesidad-1.jpg","articleSection":["Noticias"],"inLanguage":"es"},{"@type":"WebPage","@id":"https:\/\/www.quebakan.com\/v15\/obesidad-en-ecuador-un-problema-de-salud-publica-que-exige-diagnostico-y-tratamiento-oportunos\/","url":"https:\/\/www.quebakan.com\/v15\/obesidad-en-ecuador-un-problema-de-salud-publica-que-exige-diagnostico-y-tratamiento-oportunos\/","name":"Obesidad en Ecuador: un problema de salud p\u00fablica que exige diagn\u00f3stico y tratamiento oportunos &#8211; QUEBAKAN.COM 2026: Noticias, Eventos, Conciertos y mucho m\u00e1s....","isPartOf":{"@id":"https:\/\/www.quebakan.com\/v15\/#website"},"primaryImageOfPage":{"@id":"https:\/\/www.quebakan.com\/v15\/obesidad-en-ecuador-un-problema-de-salud-publica-que-exige-diagnostico-y-tratamiento-oportunos\/#primaryimage"},"image":{"@id":"https:\/\/www.quebakan.com\/v15\/obesidad-en-ecuador-un-problema-de-salud-publica-que-exige-diagnostico-y-tratamiento-oportunos\/#primaryimage"},"thumbnailUrl":"https:\/\/www.quebakan.com\/v15\/wp-content\/uploads\/2026\/01\/Obesidad-1.jpg","datePublished":"2026-01-30T05:14:52+00:00","breadcrumb":{"@id":"https:\/\/www.quebakan.com\/v15\/obesidad-en-ecuador-un-problema-de-salud-publica-que-exige-diagnostico-y-tratamiento-oportunos\/#breadcrumb"},"inLanguage":"es","potentialAction":[{"@type":"ReadAction","target":["https:\/\/www.quebakan.com\/v15\/obesidad-en-ecuador-un-problema-de-salud-publica-que-exige-diagnostico-y-tratamiento-oportunos\/"]}]},{"@type":"ImageObject","inLanguage":"es","@id":"https:\/\/www.quebakan.com\/v15\/obesidad-en-ecuador-un-problema-de-salud-publica-que-exige-diagnostico-y-tratamiento-oportunos\/#primaryimage","url":"https:\/\/www.quebakan.com\/v15\/wp-content\/uploads\/2026\/01\/Obesidad-1.jpg","contentUrl":"https:\/\/www.quebakan.com\/v15\/wp-content\/uploads\/2026\/01\/Obesidad-1.jpg","width":700,"height":466},{"@type":"BreadcrumbList","@id":"https:\/\/www.quebakan.com\/v15\/obesidad-en-ecuador-un-problema-de-salud-publica-que-exige-diagnostico-y-tratamiento-oportunos\/#breadcrumb","itemListElement":[{"@type":"ListItem","position":1,"name":"Portada","item":"https:\/\/www.quebakan.com\/v15\/"},{"@type":"ListItem","position":2,"name":"Obesidad en Ecuador: un problema de salud p\u00fablica que exige diagn\u00f3stico y tratamiento oportunos"}]},{"@type":"WebSite","@id":"https:\/\/www.quebakan.com\/v15\/#website","url":"https:\/\/www.quebakan.com\/v15\/","name":"QUEBAKAN","description":"..","publisher":{"@id":"https:\/\/www.quebakan.com\/v15\/#organization"},"potentialAction":[{"@type":"SearchAction","target":{"@type":"EntryPoint","urlTemplate":"https:\/\/www.quebakan.com\/v15\/?s={search_term_string}"},"query-input":{"@type":"PropertyValueSpecification","valueRequired":true,"valueName":"search_term_string"}}],"inLanguage":"es"},{"@type":"Organization","@id":"https:\/\/www.quebakan.com\/v15\/#organization","name":"Quebakan.com","url":"https:\/\/www.quebakan.com\/v15\/","logo":{"@type":"ImageObject","inLanguage":"es","@id":"https:\/\/www.quebakan.com\/v15\/#\/schema\/logo\/image\/","url":"https:\/\/www.quebakan.com\/v15\/wp-content\/uploads\/2023\/07\/logoquebakanenero2021.jpg","contentUrl":"https:\/\/www.quebakan.com\/v15\/wp-content\/uploads\/2023\/07\/logoquebakanenero2021.jpg","width":1920,"height":1080,"caption":"Quebakan.com"},"image":{"@id":"https:\/\/www.quebakan.com\/v15\/#\/schema\/logo\/image\/"},"sameAs":["http:\/\/www.facebook.com\/quebakan","https:\/\/x.com\/quebakanec","http:\/\/www.instagram.com\/quebakan","http:\/\/www.youtube.com\/quebakan1"]},{"@type":"Person","@id":"https:\/\/www.quebakan.com\/v15\/#\/schema\/person\/d90fa9f9cfa81eb8ace9811e5b7b9118","name":"Erick Villafuerte","image":{"@type":"ImageObject","inLanguage":"es","@id":"https:\/\/www.quebakan.com\/v15\/wp-content\/uploads\/avatars\/4\/1731297654-bpfull.png","url":"https:\/\/www.quebakan.com\/v15\/wp-content\/uploads\/avatars\/4\/1731297654-bpfull.png","contentUrl":"https:\/\/www.quebakan.com\/v15\/wp-content\/uploads\/avatars\/4\/1731297654-bpfull.png","caption":"Erick Villafuerte"}}]}},"_links":{"self":[{"href":"https:\/\/www.quebakan.com\/v15\/wp-json\/wp\/v2\/posts\/139473","targetHints":{"allow":["GET"]}}],"collection":[{"href":"https:\/\/www.quebakan.com\/v15\/wp-json\/wp\/v2\/posts"}],"about":[{"href":"https:\/\/www.quebakan.com\/v15\/wp-json\/wp\/v2\/types\/post"}],"author":[{"embeddable":true,"href":"https:\/\/www.quebakan.com\/v15\/wp-json\/wp\/v2\/users\/4"}],"replies":[{"embeddable":true,"href":"https:\/\/www.quebakan.com\/v15\/wp-json\/wp\/v2\/comments?post=139473"}],"version-history":[{"count":1,"href":"https:\/\/www.quebakan.com\/v15\/wp-json\/wp\/v2\/posts\/139473\/revisions"}],"predecessor-version":[{"id":139475,"href":"https:\/\/www.quebakan.com\/v15\/wp-json\/wp\/v2\/posts\/139473\/revisions\/139475"}],"wp:featuredmedia":[{"embeddable":true,"href":"https:\/\/www.quebakan.com\/v15\/wp-json\/wp\/v2\/media\/139474"}],"wp:attachment":[{"href":"https:\/\/www.quebakan.com\/v15\/wp-json\/wp\/v2\/media?parent=139473"}],"wp:term":[{"taxonomy":"category","embeddable":true,"href":"https:\/\/www.quebakan.com\/v15\/wp-json\/wp\/v2\/categories?post=139473"},{"taxonomy":"post_tag","embeddable":true,"href":"https:\/\/www.quebakan.com\/v15\/wp-json\/wp\/v2\/tags?post=139473"}],"curies":[{"name":"wp","href":"https:\/\/api.w.org\/{rel}","templated":true}]}}