{"id":139561,"date":"2026-01-31T19:32:43","date_gmt":"2026-02-01T00:32:43","guid":{"rendered":"https:\/\/www.quebakan.com\/v15\/?p=139561"},"modified":"2026-01-31T19:32:43","modified_gmt":"2026-02-01T00:32:43","slug":"la-nube-se-consolida-como-eje-de-la-contabilidad-digital-en-ecuador","status":"publish","type":"post","link":"https:\/\/www.quebakan.com\/v15\/la-nube-se-consolida-como-eje-de-la-contabilidad-digital-en-ecuador\/","title":{"rendered":"LA NUBE SE CONSOLIDA COMO EJE DE LA CONTABILIDAD DIGITAL EN ECUADOR \u200b"},"content":{"rendered":"<p><img fetchpriority=\"high\" decoding=\"async\" class=\"aligncenter size-full wp-image-139562\" src=\"https:\/\/www.quebakan.com\/v15\/wp-content\/uploads\/2026\/01\/attachment-1.jpg\" alt=\"\" width=\"700\" height=\"466\" \/><\/p>\n<p style=\"font-weight: 400; text-align: center;\"><strong><span style=\"color: #000000;\">AUTOMATIZACI\u00d3N, SEGURIDAD Y CUMPLIMIENTO NORMATIVO MARCAN LA NUEVA ETAPA EMPRESARIAL<\/span><\/strong><\/p>\n<p style=\"font-weight: 400; text-align: justify;\"><span style=\"color: #000000;\">La adopci\u00f3n de soluciones contables en la nube avanza con rapidez en Ecuador, impulsada por la necesidad de las empresas de optimizar procesos, reducir costos operativos y adaptarse a un entorno normativo cada vez m\u00e1s exigente. En este contexto, los sistemas ERP (Software de planificaci\u00f3n empresarial) en la nube se posicionan como herramientas clave para integrar \u00e1reas como contabilidad, facturaci\u00f3n, n\u00f3mina y gesti\u00f3n administrativa en una sola plataforma.<\/span><\/p>\n<p style=\"font-weight: 400; text-align: justify;\"><span style=\"color: #000000;\">Este tipo de software permite enlazar procesos, centralizar bases de datos y generar informaci\u00f3n en tiempo real para la toma de decisiones. Adem\u00e1s, automatiza tareas repetitivas, disminuye el margen de error y facilita el flujo de trabajo entre distintas \u00e1reas de una organizaci\u00f3n.\u00a0<em>\u201cUn sistema en la nube no s\u00f3lo ordena la operaci\u00f3n diaria, tambi\u00e9n cambia la forma en que las empresas entienden y gestionan su informaci\u00f3n\u201d,<\/em>\u00a0explican desde el equipo de Siigo Cont\u00edfico.<\/span><\/p>\n<p style=\"font-weight: 400; text-align: justify;\"><span style=\"color: #000000;\">Uno de los factores que m\u00e1s impulsa esta transici\u00f3n es la creciente digitalizaci\u00f3n del pa\u00eds. Las empresas reconocen que una gesti\u00f3n m\u00e1s eficiente ya no es una ventaja competitiva, sino una necesidad. A esto se suma la obligatoriedad de normativas como la facturaci\u00f3n electr\u00f3nica, que demandan procesos cada vez m\u00e1s \u00e1giles, estables y automatizados.<\/span><\/p>\n<p style=\"font-weight: 400; text-align: justify;\"><span style=\"color: #000000;\">Desde el punto de vista de la seguridad, la nube se ha convertido en un pilar fundamental para la protecci\u00f3n de la informaci\u00f3n contable. Los principales proveedores de este tipo de soluciones operan bajo est\u00e1ndares internacionales como ISO\/IEC 27001 e ISO\/IEC 27017, adem\u00e1s de cumplir con marcos normativos como la Ley Org\u00e1nica de Protecci\u00f3n de Datos Personales en Ecuador. Estas certificaciones garantizan medidas avanzadas de cifrado, respaldo autom\u00e1tico de datos y control de accesos, reduciendo los riesgos asociados a p\u00e9rdidas de informaci\u00f3n o fallas t\u00e9cnicas.<\/span><\/p>\n<p style=\"font-weight: 400; text-align: justify;\"><span style=\"color: #000000;\">David Ortiz, CEO de Siigo Cont\u00edfico se\u00f1ala que, frente a los sistemas tradicionales, la nube ofrece mayor resiliencia. La informaci\u00f3n ya no depende de dispositivos f\u00edsicos ni de instalaciones locales, sino que se mantiene disponible, actualizada y protegida en todo momento. Esto resulta especialmente relevante para peque\u00f1as y medianas empresas, que suelen enfrentar mayores limitaciones de infraestructura.<\/span><\/p>\n<p style=\"font-weight: 400; text-align: justify;\"><span style=\"color: #000000;\">A nivel regional, el crecimiento de este tipo de soluciones es evidente. Siigo Cont\u00edfico, proveedor de software contable en la nube, reporta m\u00e1s de 1,2 millones de usuarios en Latinoam\u00e9rica y m\u00e1s de 25.000 en Ecuador, lo que refleja una adopci\u00f3n sostenida de este modelo tecnol\u00f3gico.<\/span><\/p>\n<p style=\"font-weight: 400; text-align: justify;\"><span style=\"color: #000000;\">No obstante, la transformaci\u00f3n digital a\u00fan enfrenta desaf\u00edos. Persisten barreras como la resistencia al cambio, la percepci\u00f3n de que lo f\u00edsico es m\u00e1s seguro, la limitada conectividad en algunas zonas y la creencia de que estos sistemas son complejos de usar. Sin embargo, los expertos coinciden en que la capacitaci\u00f3n y el acceso a informaci\u00f3n confiable son claves para acelerar este proceso.<\/span><\/p>\n<p style=\"font-weight: 400; text-align: justify;\"><span style=\"color: #000000;\">Las principales tendencias en contabilidad en la nube incluyen el uso de inteligencia artificial para automatizar tareas, el fortalecimiento de la gesti\u00f3n avanzada de datos y la implementaci\u00f3n de tecnolog\u00edas especializadas en ciberseguridad. Todo apunta a que la nube no ser\u00e1 solo un soporte tecnol\u00f3gico, sino el n\u00facleo de la operaci\u00f3n contable de las empresas ecuatorianas.<\/span><\/p>\n","protected":false},"excerpt":{"rendered":"<p>AUTOMATIZACI\u00d3N, SEGURIDAD Y CUMPLIMIENTO NORMATIVO MARCAN LA NUEVA ETAPA EMPRESARIAL La adopci\u00f3n de soluciones contables en la nube avanza con rapidez en Ecuador, impulsada por la necesidad de las empresas de optimizar procesos, reducir costos operativos y adaptarse a un entorno normativo cada vez m\u00e1s exigente. En este contexto, los sistemas ERP (Software de planificaci\u00f3n [&hellip;]<\/p>\n","protected":false},"author":4,"featured_media":139562,"comment_status":"closed","ping_status":"closed","sticky":false,"template":"","format":"standard","meta":{"_bbp_topic_count":0,"_bbp_reply_count":0,"_bbp_total_topic_count":0,"_bbp_total_reply_count":0,"_bbp_voice_count":0,"_bbp_anonymous_reply_count":0,"_bbp_topic_count_hidden":0,"_bbp_reply_count_hidden":0,"_bbp_forum_subforum_count":0,"buzzeditor_post_format":"","footnotes":""},"categories":[2],"tags":[],"class_list":["post-139561","post","type-post","status-publish","format-standard","has-post-thumbnail","hentry","category-noticias"],"yoast_head":"<!-- This site is optimized with the Yoast SEO plugin v27.5 - https:\/\/yoast.com\/product\/yoast-seo-wordpress\/ -->\n<title>LA NUBE SE CONSOLIDA COMO EJE DE LA CONTABILIDAD DIGITAL EN ECUADOR \u200b &#8211; QUEBAKAN.COM 2026: Noticias, Eventos, Conciertos y mucho m\u00e1s....<\/title>\n<meta name=\"robots\" content=\"index, follow, max-snippet:-1, max-image-preview:large, max-video-preview:-1\" \/>\n<link rel=\"canonical\" href=\"https:\/\/www.quebakan.com\/v15\/la-nube-se-consolida-como-eje-de-la-contabilidad-digital-en-ecuador\/\" \/>\n<meta property=\"og:locale\" content=\"es_ES\" \/>\n<meta property=\"og:type\" content=\"article\" \/>\n<meta property=\"og:title\" content=\"LA NUBE SE CONSOLIDA COMO EJE DE LA CONTABILIDAD DIGITAL EN ECUADOR \u200b &#8211; QUEBAKAN.COM 2026: Noticias, Eventos, Conciertos y mucho m\u00e1s....\" \/>\n<meta property=\"og:description\" content=\"AUTOMATIZACI\u00d3N, SEGURIDAD Y CUMPLIMIENTO NORMATIVO MARCAN LA NUEVA ETAPA EMPRESARIAL La adopci\u00f3n de soluciones contables en la nube avanza con rapidez en Ecuador, impulsada por la necesidad de las empresas de optimizar procesos, reducir costos operativos y adaptarse a un entorno normativo cada vez m\u00e1s exigente. En este contexto, los sistemas ERP (Software de planificaci\u00f3n [&hellip;]\" \/>\n<meta property=\"og:url\" content=\"https:\/\/www.quebakan.com\/v15\/la-nube-se-consolida-como-eje-de-la-contabilidad-digital-en-ecuador\/\" \/>\n<meta property=\"og:site_name\" content=\"QUEBAKAN.COM 2026: Noticias, Eventos, Conciertos y mucho m\u00e1s....\" \/>\n<meta property=\"article:publisher\" content=\"http:\/\/www.facebook.com\/quebakan\" \/>\n<meta property=\"article:published_time\" content=\"2026-02-01T00:32:43+00:00\" \/>\n<meta property=\"og:image\" content=\"https:\/\/www.quebakan.com\/v15\/wp-content\/uploads\/2026\/01\/attachment-1.jpg\" \/>\n\t<meta property=\"og:image:width\" content=\"700\" \/>\n\t<meta property=\"og:image:height\" content=\"466\" \/>\n\t<meta property=\"og:image:type\" content=\"image\/jpeg\" \/>\n<meta name=\"author\" content=\"Erick Villafuerte\" \/>\n<meta name=\"twitter:card\" content=\"summary_large_image\" \/>\n<meta name=\"twitter:creator\" content=\"@quebakanec\" \/>\n<meta name=\"twitter:site\" content=\"@quebakanec\" \/>\n<meta name=\"twitter:label1\" content=\"Escrito por\" \/>\n\t<meta name=\"twitter:data1\" content=\"Erick Villafuerte\" \/>\n\t<meta name=\"twitter:label2\" content=\"Tiempo de lectura\" \/>\n\t<meta name=\"twitter:data2\" content=\"3 minutos\" \/>\n<script type=\"application\/ld+json\" class=\"yoast-schema-graph\">{\"@context\":\"https:\\\/\\\/schema.org\",\"@graph\":[{\"@type\":\"Article\",\"@id\":\"https:\\\/\\\/www.quebakan.com\\\/v15\\\/la-nube-se-consolida-como-eje-de-la-contabilidad-digital-en-ecuador\\\/#article\",\"isPartOf\":{\"@id\":\"https:\\\/\\\/www.quebakan.com\\\/v15\\\/la-nube-se-consolida-como-eje-de-la-contabilidad-digital-en-ecuador\\\/\"},\"author\":{\"name\":\"Erick Villafuerte\",\"@id\":\"https:\\\/\\\/www.quebakan.com\\\/v15\\\/#\\\/schema\\\/person\\\/d90fa9f9cfa81eb8ace9811e5b7b9118\"},\"headline\":\"LA NUBE SE CONSOLIDA COMO EJE DE LA CONTABILIDAD DIGITAL EN ECUADOR \u200b\",\"datePublished\":\"2026-02-01T00:32:43+00:00\",\"mainEntityOfPage\":{\"@id\":\"https:\\\/\\\/www.quebakan.com\\\/v15\\\/la-nube-se-consolida-como-eje-de-la-contabilidad-digital-en-ecuador\\\/\"},\"wordCount\":581,\"publisher\":{\"@id\":\"https:\\\/\\\/www.quebakan.com\\\/v15\\\/#organization\"},\"image\":{\"@id\":\"https:\\\/\\\/www.quebakan.com\\\/v15\\\/la-nube-se-consolida-como-eje-de-la-contabilidad-digital-en-ecuador\\\/#primaryimage\"},\"thumbnailUrl\":\"https:\\\/\\\/www.quebakan.com\\\/v15\\\/wp-content\\\/uploads\\\/2026\\\/01\\\/attachment-1.jpg\",\"articleSection\":[\"Noticias\"],\"inLanguage\":\"es\"},{\"@type\":\"WebPage\",\"@id\":\"https:\\\/\\\/www.quebakan.com\\\/v15\\\/la-nube-se-consolida-como-eje-de-la-contabilidad-digital-en-ecuador\\\/\",\"url\":\"https:\\\/\\\/www.quebakan.com\\\/v15\\\/la-nube-se-consolida-como-eje-de-la-contabilidad-digital-en-ecuador\\\/\",\"name\":\"LA NUBE SE CONSOLIDA COMO EJE DE LA CONTABILIDAD DIGITAL EN ECUADOR \u200b &#8211; QUEBAKAN.COM 2026: Noticias, Eventos, Conciertos y mucho m\u00e1s....\",\"isPartOf\":{\"@id\":\"https:\\\/\\\/www.quebakan.com\\\/v15\\\/#website\"},\"primaryImageOfPage\":{\"@id\":\"https:\\\/\\\/www.quebakan.com\\\/v15\\\/la-nube-se-consolida-como-eje-de-la-contabilidad-digital-en-ecuador\\\/#primaryimage\"},\"image\":{\"@id\":\"https:\\\/\\\/www.quebakan.com\\\/v15\\\/la-nube-se-consolida-como-eje-de-la-contabilidad-digital-en-ecuador\\\/#primaryimage\"},\"thumbnailUrl\":\"https:\\\/\\\/www.quebakan.com\\\/v15\\\/wp-content\\\/uploads\\\/2026\\\/01\\\/attachment-1.jpg\",\"datePublished\":\"2026-02-01T00:32:43+00:00\",\"breadcrumb\":{\"@id\":\"https:\\\/\\\/www.quebakan.com\\\/v15\\\/la-nube-se-consolida-como-eje-de-la-contabilidad-digital-en-ecuador\\\/#breadcrumb\"},\"inLanguage\":\"es\",\"potentialAction\":[{\"@type\":\"ReadAction\",\"target\":[\"https:\\\/\\\/www.quebakan.com\\\/v15\\\/la-nube-se-consolida-como-eje-de-la-contabilidad-digital-en-ecuador\\\/\"]}]},{\"@type\":\"ImageObject\",\"inLanguage\":\"es\",\"@id\":\"https:\\\/\\\/www.quebakan.com\\\/v15\\\/la-nube-se-consolida-como-eje-de-la-contabilidad-digital-en-ecuador\\\/#primaryimage\",\"url\":\"https:\\\/\\\/www.quebakan.com\\\/v15\\\/wp-content\\\/uploads\\\/2026\\\/01\\\/attachment-1.jpg\",\"contentUrl\":\"https:\\\/\\\/www.quebakan.com\\\/v15\\\/wp-content\\\/uploads\\\/2026\\\/01\\\/attachment-1.jpg\",\"width\":700,\"height\":466},{\"@type\":\"BreadcrumbList\",\"@id\":\"https:\\\/\\\/www.quebakan.com\\\/v15\\\/la-nube-se-consolida-como-eje-de-la-contabilidad-digital-en-ecuador\\\/#breadcrumb\",\"itemListElement\":[{\"@type\":\"ListItem\",\"position\":1,\"name\":\"Portada\",\"item\":\"https:\\\/\\\/www.quebakan.com\\\/v15\\\/\"},{\"@type\":\"ListItem\",\"position\":2,\"name\":\"LA NUBE SE CONSOLIDA COMO EJE DE LA CONTABILIDAD DIGITAL EN ECUADOR \u200b\"}]},{\"@type\":\"WebSite\",\"@id\":\"https:\\\/\\\/www.quebakan.com\\\/v15\\\/#website\",\"url\":\"https:\\\/\\\/www.quebakan.com\\\/v15\\\/\",\"name\":\"QUEBAKAN\",\"description\":\"..\",\"publisher\":{\"@id\":\"https:\\\/\\\/www.quebakan.com\\\/v15\\\/#organization\"},\"potentialAction\":[{\"@type\":\"SearchAction\",\"target\":{\"@type\":\"EntryPoint\",\"urlTemplate\":\"https:\\\/\\\/www.quebakan.com\\\/v15\\\/?s={search_term_string}\"},\"query-input\":{\"@type\":\"PropertyValueSpecification\",\"valueRequired\":true,\"valueName\":\"search_term_string\"}}],\"inLanguage\":\"es\"},{\"@type\":\"Organization\",\"@id\":\"https:\\\/\\\/www.quebakan.com\\\/v15\\\/#organization\",\"name\":\"Quebakan.com\",\"url\":\"https:\\\/\\\/www.quebakan.com\\\/v15\\\/\",\"logo\":{\"@type\":\"ImageObject\",\"inLanguage\":\"es\",\"@id\":\"https:\\\/\\\/www.quebakan.com\\\/v15\\\/#\\\/schema\\\/logo\\\/image\\\/\",\"url\":\"https:\\\/\\\/www.quebakan.com\\\/v15\\\/wp-content\\\/uploads\\\/2023\\\/07\\\/logoquebakanenero2021.jpg\",\"contentUrl\":\"https:\\\/\\\/www.quebakan.com\\\/v15\\\/wp-content\\\/uploads\\\/2023\\\/07\\\/logoquebakanenero2021.jpg\",\"width\":1920,\"height\":1080,\"caption\":\"Quebakan.com\"},\"image\":{\"@id\":\"https:\\\/\\\/www.quebakan.com\\\/v15\\\/#\\\/schema\\\/logo\\\/image\\\/\"},\"sameAs\":[\"http:\\\/\\\/www.facebook.com\\\/quebakan\",\"https:\\\/\\\/x.com\\\/quebakanec\",\"http:\\\/\\\/www.instagram.com\\\/quebakan\",\"http:\\\/\\\/www.youtube.com\\\/quebakan1\"]},{\"@type\":\"Person\",\"@id\":\"https:\\\/\\\/www.quebakan.com\\\/v15\\\/#\\\/schema\\\/person\\\/d90fa9f9cfa81eb8ace9811e5b7b9118\",\"name\":\"Erick Villafuerte\",\"image\":{\"@type\":\"ImageObject\",\"inLanguage\":\"es\",\"@id\":\"https:\\\/\\\/www.quebakan.com\\\/v15\\\/wp-content\\\/uploads\\\/avatars\\\/4\\\/1731297654-bpfull.png\",\"url\":\"https:\\\/\\\/www.quebakan.com\\\/v15\\\/wp-content\\\/uploads\\\/avatars\\\/4\\\/1731297654-bpfull.png\",\"contentUrl\":\"https:\\\/\\\/www.quebakan.com\\\/v15\\\/wp-content\\\/uploads\\\/avatars\\\/4\\\/1731297654-bpfull.png\",\"caption\":\"Erick Villafuerte\"}}]}<\/script>\n<!-- \/ Yoast SEO plugin. -->","yoast_head_json":{"title":"LA NUBE SE CONSOLIDA COMO EJE DE LA CONTABILIDAD DIGITAL EN ECUADOR \u200b &#8211; QUEBAKAN.COM 2026: Noticias, Eventos, Conciertos y mucho m\u00e1s....","robots":{"index":"index","follow":"follow","max-snippet":"max-snippet:-1","max-image-preview":"max-image-preview:large","max-video-preview":"max-video-preview:-1"},"canonical":"https:\/\/www.quebakan.com\/v15\/la-nube-se-consolida-como-eje-de-la-contabilidad-digital-en-ecuador\/","og_locale":"es_ES","og_type":"article","og_title":"LA NUBE SE CONSOLIDA COMO EJE DE LA CONTABILIDAD DIGITAL EN ECUADOR \u200b &#8211; QUEBAKAN.COM 2026: Noticias, Eventos, Conciertos y mucho m\u00e1s....","og_description":"AUTOMATIZACI\u00d3N, SEGURIDAD Y CUMPLIMIENTO NORMATIVO MARCAN LA NUEVA ETAPA EMPRESARIAL La adopci\u00f3n de soluciones contables en la nube avanza con rapidez en Ecuador, impulsada por la necesidad de las empresas de optimizar procesos, reducir costos operativos y adaptarse a un entorno normativo cada vez m\u00e1s exigente. En este contexto, los sistemas ERP (Software de planificaci\u00f3n [&hellip;]","og_url":"https:\/\/www.quebakan.com\/v15\/la-nube-se-consolida-como-eje-de-la-contabilidad-digital-en-ecuador\/","og_site_name":"QUEBAKAN.COM 2026: Noticias, Eventos, Conciertos y mucho m\u00e1s....","article_publisher":"http:\/\/www.facebook.com\/quebakan","article_published_time":"2026-02-01T00:32:43+00:00","og_image":[{"width":700,"height":466,"url":"https:\/\/www.quebakan.com\/v15\/wp-content\/uploads\/2026\/01\/attachment-1.jpg","type":"image\/jpeg"}],"author":"Erick Villafuerte","twitter_card":"summary_large_image","twitter_creator":"@quebakanec","twitter_site":"@quebakanec","twitter_misc":{"Escrito por":"Erick Villafuerte","Tiempo de lectura":"3 minutos"},"schema":{"@context":"https:\/\/schema.org","@graph":[{"@type":"Article","@id":"https:\/\/www.quebakan.com\/v15\/la-nube-se-consolida-como-eje-de-la-contabilidad-digital-en-ecuador\/#article","isPartOf":{"@id":"https:\/\/www.quebakan.com\/v15\/la-nube-se-consolida-como-eje-de-la-contabilidad-digital-en-ecuador\/"},"author":{"name":"Erick Villafuerte","@id":"https:\/\/www.quebakan.com\/v15\/#\/schema\/person\/d90fa9f9cfa81eb8ace9811e5b7b9118"},"headline":"LA NUBE SE CONSOLIDA COMO EJE DE LA CONTABILIDAD DIGITAL EN ECUADOR \u200b","datePublished":"2026-02-01T00:32:43+00:00","mainEntityOfPage":{"@id":"https:\/\/www.quebakan.com\/v15\/la-nube-se-consolida-como-eje-de-la-contabilidad-digital-en-ecuador\/"},"wordCount":581,"publisher":{"@id":"https:\/\/www.quebakan.com\/v15\/#organization"},"image":{"@id":"https:\/\/www.quebakan.com\/v15\/la-nube-se-consolida-como-eje-de-la-contabilidad-digital-en-ecuador\/#primaryimage"},"thumbnailUrl":"https:\/\/www.quebakan.com\/v15\/wp-content\/uploads\/2026\/01\/attachment-1.jpg","articleSection":["Noticias"],"inLanguage":"es"},{"@type":"WebPage","@id":"https:\/\/www.quebakan.com\/v15\/la-nube-se-consolida-como-eje-de-la-contabilidad-digital-en-ecuador\/","url":"https:\/\/www.quebakan.com\/v15\/la-nube-se-consolida-como-eje-de-la-contabilidad-digital-en-ecuador\/","name":"LA NUBE SE CONSOLIDA COMO EJE DE LA CONTABILIDAD DIGITAL EN ECUADOR \u200b &#8211; QUEBAKAN.COM 2026: Noticias, Eventos, Conciertos y mucho m\u00e1s....","isPartOf":{"@id":"https:\/\/www.quebakan.com\/v15\/#website"},"primaryImageOfPage":{"@id":"https:\/\/www.quebakan.com\/v15\/la-nube-se-consolida-como-eje-de-la-contabilidad-digital-en-ecuador\/#primaryimage"},"image":{"@id":"https:\/\/www.quebakan.com\/v15\/la-nube-se-consolida-como-eje-de-la-contabilidad-digital-en-ecuador\/#primaryimage"},"thumbnailUrl":"https:\/\/www.quebakan.com\/v15\/wp-content\/uploads\/2026\/01\/attachment-1.jpg","datePublished":"2026-02-01T00:32:43+00:00","breadcrumb":{"@id":"https:\/\/www.quebakan.com\/v15\/la-nube-se-consolida-como-eje-de-la-contabilidad-digital-en-ecuador\/#breadcrumb"},"inLanguage":"es","potentialAction":[{"@type":"ReadAction","target":["https:\/\/www.quebakan.com\/v15\/la-nube-se-consolida-como-eje-de-la-contabilidad-digital-en-ecuador\/"]}]},{"@type":"ImageObject","inLanguage":"es","@id":"https:\/\/www.quebakan.com\/v15\/la-nube-se-consolida-como-eje-de-la-contabilidad-digital-en-ecuador\/#primaryimage","url":"https:\/\/www.quebakan.com\/v15\/wp-content\/uploads\/2026\/01\/attachment-1.jpg","contentUrl":"https:\/\/www.quebakan.com\/v15\/wp-content\/uploads\/2026\/01\/attachment-1.jpg","width":700,"height":466},{"@type":"BreadcrumbList","@id":"https:\/\/www.quebakan.com\/v15\/la-nube-se-consolida-como-eje-de-la-contabilidad-digital-en-ecuador\/#breadcrumb","itemListElement":[{"@type":"ListItem","position":1,"name":"Portada","item":"https:\/\/www.quebakan.com\/v15\/"},{"@type":"ListItem","position":2,"name":"LA NUBE SE CONSOLIDA COMO EJE DE LA CONTABILIDAD DIGITAL EN ECUADOR \u200b"}]},{"@type":"WebSite","@id":"https:\/\/www.quebakan.com\/v15\/#website","url":"https:\/\/www.quebakan.com\/v15\/","name":"QUEBAKAN","description":"..","publisher":{"@id":"https:\/\/www.quebakan.com\/v15\/#organization"},"potentialAction":[{"@type":"SearchAction","target":{"@type":"EntryPoint","urlTemplate":"https:\/\/www.quebakan.com\/v15\/?s={search_term_string}"},"query-input":{"@type":"PropertyValueSpecification","valueRequired":true,"valueName":"search_term_string"}}],"inLanguage":"es"},{"@type":"Organization","@id":"https:\/\/www.quebakan.com\/v15\/#organization","name":"Quebakan.com","url":"https:\/\/www.quebakan.com\/v15\/","logo":{"@type":"ImageObject","inLanguage":"es","@id":"https:\/\/www.quebakan.com\/v15\/#\/schema\/logo\/image\/","url":"https:\/\/www.quebakan.com\/v15\/wp-content\/uploads\/2023\/07\/logoquebakanenero2021.jpg","contentUrl":"https:\/\/www.quebakan.com\/v15\/wp-content\/uploads\/2023\/07\/logoquebakanenero2021.jpg","width":1920,"height":1080,"caption":"Quebakan.com"},"image":{"@id":"https:\/\/www.quebakan.com\/v15\/#\/schema\/logo\/image\/"},"sameAs":["http:\/\/www.facebook.com\/quebakan","https:\/\/x.com\/quebakanec","http:\/\/www.instagram.com\/quebakan","http:\/\/www.youtube.com\/quebakan1"]},{"@type":"Person","@id":"https:\/\/www.quebakan.com\/v15\/#\/schema\/person\/d90fa9f9cfa81eb8ace9811e5b7b9118","name":"Erick Villafuerte","image":{"@type":"ImageObject","inLanguage":"es","@id":"https:\/\/www.quebakan.com\/v15\/wp-content\/uploads\/avatars\/4\/1731297654-bpfull.png","url":"https:\/\/www.quebakan.com\/v15\/wp-content\/uploads\/avatars\/4\/1731297654-bpfull.png","contentUrl":"https:\/\/www.quebakan.com\/v15\/wp-content\/uploads\/avatars\/4\/1731297654-bpfull.png","caption":"Erick Villafuerte"}}]}},"_links":{"self":[{"href":"https:\/\/www.quebakan.com\/v15\/wp-json\/wp\/v2\/posts\/139561","targetHints":{"allow":["GET"]}}],"collection":[{"href":"https:\/\/www.quebakan.com\/v15\/wp-json\/wp\/v2\/posts"}],"about":[{"href":"https:\/\/www.quebakan.com\/v15\/wp-json\/wp\/v2\/types\/post"}],"author":[{"embeddable":true,"href":"https:\/\/www.quebakan.com\/v15\/wp-json\/wp\/v2\/users\/4"}],"replies":[{"embeddable":true,"href":"https:\/\/www.quebakan.com\/v15\/wp-json\/wp\/v2\/comments?post=139561"}],"version-history":[{"count":1,"href":"https:\/\/www.quebakan.com\/v15\/wp-json\/wp\/v2\/posts\/139561\/revisions"}],"predecessor-version":[{"id":139563,"href":"https:\/\/www.quebakan.com\/v15\/wp-json\/wp\/v2\/posts\/139561\/revisions\/139563"}],"wp:featuredmedia":[{"embeddable":true,"href":"https:\/\/www.quebakan.com\/v15\/wp-json\/wp\/v2\/media\/139562"}],"wp:attachment":[{"href":"https:\/\/www.quebakan.com\/v15\/wp-json\/wp\/v2\/media?parent=139561"}],"wp:term":[{"taxonomy":"category","embeddable":true,"href":"https:\/\/www.quebakan.com\/v15\/wp-json\/wp\/v2\/categories?post=139561"},{"taxonomy":"post_tag","embeddable":true,"href":"https:\/\/www.quebakan.com\/v15\/wp-json\/wp\/v2\/tags?post=139561"}],"curies":[{"name":"wp","href":"https:\/\/api.w.org\/{rel}","templated":true}]}}