{"id":140582,"date":"2026-03-09T10:57:39","date_gmt":"2026-03-09T15:57:39","guid":{"rendered":"https:\/\/www.quebakan.com\/v15\/?p=140582"},"modified":"2026-03-09T10:57:39","modified_gmt":"2026-03-09T15:57:39","slug":"por-primera-vez-en-ecuador-this-is-michael-el-musical-homenaje-a-michael-jackson-mas-grande-y-exitoso-del-mundo","status":"publish","type":"post","link":"https:\/\/www.quebakan.com\/v15\/por-primera-vez-en-ecuador-this-is-michael-el-musical-homenaje-a-michael-jackson-mas-grande-y-exitoso-del-mundo\/","title":{"rendered":"POR PRIMERA VEZ EN ECUADOR \u201cTHIS IS MICHAEL\u201d EL MUSICAL HOMENAJE A MICHAEL JACKSON M\u00c1S GRANDE Y EXITOSO DEL MUNDO"},"content":{"rendered":"<p><img fetchpriority=\"high\" decoding=\"async\" class=\"aligncenter size-full wp-image-140583\" src=\"https:\/\/www.quebakan.com\/v15\/wp-content\/uploads\/2026\/03\/a294032e-788e-475a-a9bf-9f1ac9bcc60c.png\" alt=\"\" width=\"657\" height=\"813\" \/><\/p>\n<p style=\"text-align: justify;\"><span style=\"color: #000000;\">\u201cTHIS IS MICHAEL\u201d es un espect\u00e1culo \u00fanico e impactante que revive la magia, la energ\u00eda y los \u00e9xitos eternos del <\/span><span style=\"color: #000000;\">Rey del Pop, Michael Jackson. Prep\u00e1rate para sentir y disfrutar toda la potencia de un show de primer nivel que <\/span><span style=\"color: #000000;\">llevar\u00e1 al p\u00fablico a vivir una experiencia inolvidable. Por primera vez en nuestro pa\u00eds con dos funciones<\/span><br \/>\n<span style=\"color: #000000;\">imperdibles.<\/span><\/p>\n<p style=\"text-align: justify;\"><span style=\"color: #000000;\">Quito, mi\u00e9rcoles 30 de septiembre 2026 \u2013 Teatro Nacional C.C.E. 20h00-Guayaquil, jueves 1 de octubre 2026 \u2013 Teatro Centro de Arte 20h00<\/span><\/p>\n<p style=\"text-align: justify;\"><span style=\"color: #000000;\">El brasile\u00f1o LENNY JAY y la guitarrista estadounidense JENNIFER BATTEN son los protagonistas de esta grandiosa <\/span><span style=\"color: #000000;\">puesta en escena. \u00c9l, reconocido mundialmente por su extraordinario parecido f\u00edsico, vocal y coreogr\u00e1fico con <\/span><span style=\"color: #000000;\">Michael Jackson, ofrece una interpretaci\u00f3n respetuosa y de alto nivel que ha cautivado a p\u00fablicos de distintos <\/span><span style=\"color: #000000;\">pa\u00edses, posicion\u00e1ndolo como uno de los artistas m\u00e1s destacados en recrear la magia del Rey del Pop.<\/span><\/p>\n<p style=\"text-align: justify;\"><span style=\"color: #000000;\">Por su parte, BATTEN aporta la experiencia de haber acompa\u00f1ado al artista en sus giras internacionales, siendo <\/span><span style=\"color: #000000;\">parte fundamental del sonido que marc\u00f3 una \u00e9poca en la historia del pop<\/span><br \/>\n<span style=\"color: #000000;\">JAY escuch\u00f3 a Michael Jackson cuando ten\u00eda siete a\u00f1os, tras recibir de su familia el disco \u201cBad\u201d, una experiencia <\/span><span style=\"color: #000000;\">que lo marc\u00f3 profundamente. El paso decisivo lleg\u00f3 tras la muerte del artista en 2009 \u201cEse a\u00f1o empec\u00e9 a rendirle <\/span><span style=\"color: #000000;\">homenaje. Sent\u00ed que necesitaba esta parte de m\u00ed para agradecerle por toda la inspiraci\u00f3n que me dio\u201d.<\/span><\/p>\n<p style=\"text-align: justify;\"><span style=\"color: #000000;\">Fue elegido por el entorno del legado del artista para protagonizar el musical. Tras enviar varios videos cantando y <\/span><span style=\"color: #000000;\">bailando, recibi\u00f3 la aprobaci\u00f3n para integrarse a este proyecto. Luego de un a\u00f1o de intensos ensayos, el <\/span><span style=\"color: #000000;\">espect\u00e1culo debut\u00f3 en abril de 2025 en la Arena Monticello de Chile. Desde entonces suma m\u00e1s de 180 <\/span><span style=\"color: #000000;\">presentaciones, consolid\u00e1ndose con \u00e9xito rotundo ante el p\u00fablico.<\/span><\/p>\n<p style=\"text-align: justify;\"><span style=\"color: #000000;\">El show cuenta con la participaci\u00f3n especial de Jennifer Batten, quien acompa\u00f1\u00f3 a Michael desde el \u201cBad Tour\u201d <\/span><span style=\"color: #000000;\">hasta la gira \u201cHIStory World Tour\u201d. A los ocho a\u00f1os comenz\u00f3 a tocar guitarra y gracias a su alto nivel, fue <\/span><span style=\"color: #000000;\">seleccionada entre m\u00e1s de 100 postulantes tras una audici\u00f3n convocada por el artista, integr\u00e1ndose finalmente a <\/span><span style=\"color: #000000;\">su banda.<\/span><\/p>\n<p style=\"text-align: justify;\"><span style=\"color: #000000;\">\u201cThis is Michael\u201d presenta una puesta en escena deslumbrante, con banda en vivo, bailarines, cambios de <\/span><span style=\"color: #000000;\">vestuario y una cuidada producci\u00f3n que recorre los mayores \u00e9xitos del \u00edcono del pop, incluyendo temas como <\/span><span style=\"color: #000000;\">\u201cSmooth Criminal\u201d, \u201cThriller\u201d y \u201cBillie Jean\u201d, entre otros cl\u00e1sicos inolvidables.<\/span><\/p>\n<p style=\"text-align: justify;\"><span style=\"color: #000000;\">Este espect\u00e1culo invita al p\u00fablico ecuatoriano a vivir una experiencia \u00fanica, llena de nostalgia, emoci\u00f3n y m\u00fasica <\/span><span style=\"color: #000000;\">en vivo. Hay artistas que hacen historia\u2026 y hay leyendas que nunca dejan de brillar. La oportunidad perfecta para <\/span><span style=\"color: #000000;\">que los fans revivan la magia del Rey del Pop sobre el escenario.<\/span><\/p>\n<p style=\"text-align: justify;\"><span style=\"color: #000000;\">La preventa exclusiva para tarjetas Produbanco inicia lunes 9 de marzo, desde las 10h00 de la ma\u00f1ana y estar\u00e1 disponible <\/span><span style=\"color: #000000;\">hasta el mi\u00e9rcoles 11 de marzo, 10% de descuento y diferido hasta 10 meses sin intereses, m\u00e1s 1 mes de gracia, hasta <\/span><span style=\"color: #000000;\">agotar stock.<\/span><\/p>\n<p style=\"text-align: justify;\"><span style=\"color: #000000;\">A partir del jueves 12 de marzo, la preventa estar\u00e1 abierta con todas las formas de pago.<\/span><\/p>\n<p style=\"text-align: justify;\"><span style=\"color: #000000;\">LOCALIDADES Y COSTO:<\/span><br \/>\n<span style=\"color: #000000;\">Luneta alta <\/span><span style=\"color: #000000;\">$ 50<\/span><br \/>\n<span style=\"color: #000000;\">Luneta Baja $70<br \/>\n<\/span><span style=\"color: #000000;\">Platea<\/span><span style=\"color: #000000;\">\u00a0<\/span><span style=\"color: #000000;\">$ 90 <\/span><br \/>\n<span style=\"color: #000000;\">Butacas Top Box $ 120 <\/span><br \/>\n<span style=\"color: #000000;\">Precios no incluyen servicio<\/span><br \/>\n<span style=\"color: #000000;\">Localidades numeradas<\/span><br \/>\n<span style=\"color: #000000;\">Puntos de venta Quito: Riocentro, Paseo San Francisco y C.C. EL Recreo<\/span><br \/>\n<span style=\"color: #000000;\">V\u00eda online todas las localidades a trav\u00e9s de: https:\/\/www.ticketshow.com.ec<\/span><\/p>\n<p style=\"text-align: justify;\"><span style=\"color: #000000;\">\u201cTHIS IS LENNY JAY\u00b4S MICHAEL\u201d<\/span><br \/>\n<span style=\"color: #000000;\">TEATRO CENTRO DE ARTE &#8211; GUAYAQUIL, JUEVES 1 DE OCTUBRE 20H00<\/span><br \/>\n<span style=\"color: #000000;\">LOCALIDADES Y COSTO:<\/span><br \/>\n<span style=\"color: #000000;\">PREFERENCIA $ 70<\/span><br \/>\n<span style=\"color: #000000;\">Golden Box <\/span><span style=\"color: #000000;\">$ 120 <\/span><br \/>\n<span style=\"color: #000000;\">Top Box <\/span><span style=\"color: #000000;\">$ 160 <\/span><br \/>\n<span style=\"color: #000000;\">Precios no incluyen servicio<\/span><br \/>\n<span style=\"color: #000000;\">Localidades numeradas<\/span><br \/>\n<span style=\"color: #000000;\">Puntos de venta Guayaquil:<\/span><br \/>\n<span style=\"color: #000000;\">Mall del Sol, C.C. Riocentro Entre R\u00edos y C.C. Riocentro Ceibos<\/span><br \/>\n<span style=\"color: #000000;\">V\u00eda online todas las localidades a trav\u00e9s de: https:\/\/www.ticketshow.com.ec<\/span><br \/>\n<span style=\"color: #000000;\">www.topshows.ec<\/span><br \/>\n<span style=\"color: #000000;\">www.ticketshow.com.ec<\/span><br \/>\n<span style=\"color: #000000;\">www.siramusica.com\/site\/portfolio_page\/this-is-michael<\/span><\/p>\n<p><img decoding=\"async\" class=\"aligncenter size-full wp-image-140584\" src=\"https:\/\/www.quebakan.com\/v15\/wp-content\/uploads\/2026\/03\/IMG_4309-REDES.jpg\" alt=\"\" width=\"444\" height=\"700\" \/><\/p>\n<p>&nbsp;<\/p>\n<p><img decoding=\"async\" class=\"aligncenter size-full wp-image-140585\" src=\"https:\/\/www.quebakan.com\/v15\/wp-content\/uploads\/2026\/03\/TIM-REX-48-REDES-.jpg\" alt=\"\" width=\"700\" height=\"467\" \/><\/p>\n<p>&nbsp;<\/p>\n<p><img loading=\"lazy\" decoding=\"async\" class=\"aligncenter size-full wp-image-140586\" src=\"https:\/\/www.quebakan.com\/v15\/wp-content\/uploads\/2026\/03\/TIM-REX-98-REDES.jpg\" alt=\"\" width=\"700\" height=\"467\" \/><\/p>\n","protected":false},"excerpt":{"rendered":"<p>\u201cTHIS IS MICHAEL\u201d es un espect\u00e1culo \u00fanico e impactante que revive la magia, la energ\u00eda y los \u00e9xitos eternos del Rey del Pop, Michael Jackson. Prep\u00e1rate para sentir y disfrutar toda la potencia de un show de primer nivel que llevar\u00e1 al p\u00fablico a vivir una experiencia inolvidable. Por primera vez en nuestro pa\u00eds con [&hellip;]<\/p>\n","protected":false},"author":4,"featured_media":140583,"comment_status":"closed","ping_status":"closed","sticky":false,"template":"","format":"standard","meta":{"_bbp_topic_count":0,"_bbp_reply_count":0,"_bbp_total_topic_count":0,"_bbp_total_reply_count":0,"_bbp_voice_count":0,"_bbp_anonymous_reply_count":0,"_bbp_topic_count_hidden":0,"_bbp_reply_count_hidden":0,"_bbp_forum_subforum_count":0,"buzzeditor_post_format":"","footnotes":""},"categories":[2],"tags":[],"class_list":["post-140582","post","type-post","status-publish","format-standard","has-post-thumbnail","hentry","category-noticias"],"yoast_head":"<!-- This site is optimized with the Yoast SEO plugin v27.5 - https:\/\/yoast.com\/product\/yoast-seo-wordpress\/ -->\n<title>POR PRIMERA VEZ EN ECUADOR \u201cTHIS IS MICHAEL\u201d EL MUSICAL HOMENAJE A MICHAEL JACKSON M\u00c1S GRANDE Y EXITOSO DEL MUNDO &#8211; QUEBAKAN.COM 2026: Noticias, Eventos, Conciertos y mucho m\u00e1s....<\/title>\n<meta name=\"robots\" content=\"index, follow, max-snippet:-1, max-image-preview:large, max-video-preview:-1\" \/>\n<link rel=\"canonical\" href=\"https:\/\/www.quebakan.com\/v15\/por-primera-vez-en-ecuador-this-is-michael-el-musical-homenaje-a-michael-jackson-mas-grande-y-exitoso-del-mundo\/\" \/>\n<meta property=\"og:locale\" content=\"es_ES\" \/>\n<meta property=\"og:type\" content=\"article\" \/>\n<meta property=\"og:title\" content=\"POR PRIMERA VEZ EN ECUADOR \u201cTHIS IS MICHAEL\u201d EL MUSICAL HOMENAJE A MICHAEL JACKSON M\u00c1S GRANDE Y EXITOSO DEL MUNDO &#8211; QUEBAKAN.COM 2026: Noticias, Eventos, Conciertos y mucho m\u00e1s....\" \/>\n<meta property=\"og:description\" content=\"\u201cTHIS IS MICHAEL\u201d es un espect\u00e1culo \u00fanico e impactante que revive la magia, la energ\u00eda y los \u00e9xitos eternos del Rey del Pop, Michael Jackson. Prep\u00e1rate para sentir y disfrutar toda la potencia de un show de primer nivel que llevar\u00e1 al p\u00fablico a vivir una experiencia inolvidable. Por primera vez en nuestro pa\u00eds con [&hellip;]\" \/>\n<meta property=\"og:url\" content=\"https:\/\/www.quebakan.com\/v15\/por-primera-vez-en-ecuador-this-is-michael-el-musical-homenaje-a-michael-jackson-mas-grande-y-exitoso-del-mundo\/\" \/>\n<meta property=\"og:site_name\" content=\"QUEBAKAN.COM 2026: Noticias, Eventos, Conciertos y mucho m\u00e1s....\" \/>\n<meta property=\"article:publisher\" content=\"http:\/\/www.facebook.com\/quebakan\" \/>\n<meta property=\"article:published_time\" content=\"2026-03-09T15:57:39+00:00\" \/>\n<meta property=\"og:image\" content=\"https:\/\/www.quebakan.com\/v15\/wp-content\/uploads\/2026\/03\/a294032e-788e-475a-a9bf-9f1ac9bcc60c.png\" \/>\n\t<meta property=\"og:image:width\" content=\"657\" \/>\n\t<meta property=\"og:image:height\" content=\"813\" \/>\n\t<meta property=\"og:image:type\" content=\"image\/png\" \/>\n<meta name=\"author\" content=\"Erick Villafuerte\" \/>\n<meta name=\"twitter:card\" content=\"summary_large_image\" \/>\n<meta name=\"twitter:creator\" content=\"@quebakanec\" \/>\n<meta name=\"twitter:site\" content=\"@quebakanec\" \/>\n<meta name=\"twitter:label1\" content=\"Escrito por\" \/>\n\t<meta name=\"twitter:data1\" content=\"Erick Villafuerte\" \/>\n\t<meta name=\"twitter:label2\" content=\"Tiempo de lectura\" \/>\n\t<meta name=\"twitter:data2\" content=\"4 minutos\" \/>\n<script type=\"application\/ld+json\" class=\"yoast-schema-graph\">{\"@context\":\"https:\\\/\\\/schema.org\",\"@graph\":[{\"@type\":\"Article\",\"@id\":\"https:\\\/\\\/www.quebakan.com\\\/v15\\\/por-primera-vez-en-ecuador-this-is-michael-el-musical-homenaje-a-michael-jackson-mas-grande-y-exitoso-del-mundo\\\/#article\",\"isPartOf\":{\"@id\":\"https:\\\/\\\/www.quebakan.com\\\/v15\\\/por-primera-vez-en-ecuador-this-is-michael-el-musical-homenaje-a-michael-jackson-mas-grande-y-exitoso-del-mundo\\\/\"},\"author\":{\"name\":\"Erick Villafuerte\",\"@id\":\"https:\\\/\\\/www.quebakan.com\\\/v15\\\/#\\\/schema\\\/person\\\/d90fa9f9cfa81eb8ace9811e5b7b9118\"},\"headline\":\"POR PRIMERA VEZ EN ECUADOR \u201cTHIS IS MICHAEL\u201d EL MUSICAL HOMENAJE A MICHAEL JACKSON M\u00c1S GRANDE Y EXITOSO DEL MUNDO\",\"datePublished\":\"2026-03-09T15:57:39+00:00\",\"mainEntityOfPage\":{\"@id\":\"https:\\\/\\\/www.quebakan.com\\\/v15\\\/por-primera-vez-en-ecuador-this-is-michael-el-musical-homenaje-a-michael-jackson-mas-grande-y-exitoso-del-mundo\\\/\"},\"wordCount\":674,\"publisher\":{\"@id\":\"https:\\\/\\\/www.quebakan.com\\\/v15\\\/#organization\"},\"image\":{\"@id\":\"https:\\\/\\\/www.quebakan.com\\\/v15\\\/por-primera-vez-en-ecuador-this-is-michael-el-musical-homenaje-a-michael-jackson-mas-grande-y-exitoso-del-mundo\\\/#primaryimage\"},\"thumbnailUrl\":\"https:\\\/\\\/www.quebakan.com\\\/v15\\\/wp-content\\\/uploads\\\/2026\\\/03\\\/a294032e-788e-475a-a9bf-9f1ac9bcc60c.png\",\"articleSection\":[\"Noticias\"],\"inLanguage\":\"es\"},{\"@type\":\"WebPage\",\"@id\":\"https:\\\/\\\/www.quebakan.com\\\/v15\\\/por-primera-vez-en-ecuador-this-is-michael-el-musical-homenaje-a-michael-jackson-mas-grande-y-exitoso-del-mundo\\\/\",\"url\":\"https:\\\/\\\/www.quebakan.com\\\/v15\\\/por-primera-vez-en-ecuador-this-is-michael-el-musical-homenaje-a-michael-jackson-mas-grande-y-exitoso-del-mundo\\\/\",\"name\":\"POR PRIMERA VEZ EN ECUADOR \u201cTHIS IS MICHAEL\u201d EL MUSICAL HOMENAJE A MICHAEL JACKSON M\u00c1S GRANDE Y EXITOSO DEL MUNDO &#8211; QUEBAKAN.COM 2026: Noticias, Eventos, Conciertos y mucho m\u00e1s....\",\"isPartOf\":{\"@id\":\"https:\\\/\\\/www.quebakan.com\\\/v15\\\/#website\"},\"primaryImageOfPage\":{\"@id\":\"https:\\\/\\\/www.quebakan.com\\\/v15\\\/por-primera-vez-en-ecuador-this-is-michael-el-musical-homenaje-a-michael-jackson-mas-grande-y-exitoso-del-mundo\\\/#primaryimage\"},\"image\":{\"@id\":\"https:\\\/\\\/www.quebakan.com\\\/v15\\\/por-primera-vez-en-ecuador-this-is-michael-el-musical-homenaje-a-michael-jackson-mas-grande-y-exitoso-del-mundo\\\/#primaryimage\"},\"thumbnailUrl\":\"https:\\\/\\\/www.quebakan.com\\\/v15\\\/wp-content\\\/uploads\\\/2026\\\/03\\\/a294032e-788e-475a-a9bf-9f1ac9bcc60c.png\",\"datePublished\":\"2026-03-09T15:57:39+00:00\",\"breadcrumb\":{\"@id\":\"https:\\\/\\\/www.quebakan.com\\\/v15\\\/por-primera-vez-en-ecuador-this-is-michael-el-musical-homenaje-a-michael-jackson-mas-grande-y-exitoso-del-mundo\\\/#breadcrumb\"},\"inLanguage\":\"es\",\"potentialAction\":[{\"@type\":\"ReadAction\",\"target\":[\"https:\\\/\\\/www.quebakan.com\\\/v15\\\/por-primera-vez-en-ecuador-this-is-michael-el-musical-homenaje-a-michael-jackson-mas-grande-y-exitoso-del-mundo\\\/\"]}]},{\"@type\":\"ImageObject\",\"inLanguage\":\"es\",\"@id\":\"https:\\\/\\\/www.quebakan.com\\\/v15\\\/por-primera-vez-en-ecuador-this-is-michael-el-musical-homenaje-a-michael-jackson-mas-grande-y-exitoso-del-mundo\\\/#primaryimage\",\"url\":\"https:\\\/\\\/www.quebakan.com\\\/v15\\\/wp-content\\\/uploads\\\/2026\\\/03\\\/a294032e-788e-475a-a9bf-9f1ac9bcc60c.png\",\"contentUrl\":\"https:\\\/\\\/www.quebakan.com\\\/v15\\\/wp-content\\\/uploads\\\/2026\\\/03\\\/a294032e-788e-475a-a9bf-9f1ac9bcc60c.png\",\"width\":657,\"height\":813},{\"@type\":\"BreadcrumbList\",\"@id\":\"https:\\\/\\\/www.quebakan.com\\\/v15\\\/por-primera-vez-en-ecuador-this-is-michael-el-musical-homenaje-a-michael-jackson-mas-grande-y-exitoso-del-mundo\\\/#breadcrumb\",\"itemListElement\":[{\"@type\":\"ListItem\",\"position\":1,\"name\":\"Portada\",\"item\":\"https:\\\/\\\/www.quebakan.com\\\/v15\\\/\"},{\"@type\":\"ListItem\",\"position\":2,\"name\":\"POR PRIMERA VEZ EN ECUADOR \u201cTHIS IS MICHAEL\u201d EL MUSICAL HOMENAJE A MICHAEL JACKSON M\u00c1S GRANDE Y EXITOSO DEL MUNDO\"}]},{\"@type\":\"WebSite\",\"@id\":\"https:\\\/\\\/www.quebakan.com\\\/v15\\\/#website\",\"url\":\"https:\\\/\\\/www.quebakan.com\\\/v15\\\/\",\"name\":\"QUEBAKAN\",\"description\":\"..\",\"publisher\":{\"@id\":\"https:\\\/\\\/www.quebakan.com\\\/v15\\\/#organization\"},\"potentialAction\":[{\"@type\":\"SearchAction\",\"target\":{\"@type\":\"EntryPoint\",\"urlTemplate\":\"https:\\\/\\\/www.quebakan.com\\\/v15\\\/?s={search_term_string}\"},\"query-input\":{\"@type\":\"PropertyValueSpecification\",\"valueRequired\":true,\"valueName\":\"search_term_string\"}}],\"inLanguage\":\"es\"},{\"@type\":\"Organization\",\"@id\":\"https:\\\/\\\/www.quebakan.com\\\/v15\\\/#organization\",\"name\":\"Quebakan.com\",\"url\":\"https:\\\/\\\/www.quebakan.com\\\/v15\\\/\",\"logo\":{\"@type\":\"ImageObject\",\"inLanguage\":\"es\",\"@id\":\"https:\\\/\\\/www.quebakan.com\\\/v15\\\/#\\\/schema\\\/logo\\\/image\\\/\",\"url\":\"https:\\\/\\\/www.quebakan.com\\\/v15\\\/wp-content\\\/uploads\\\/2023\\\/07\\\/logoquebakanenero2021.jpg\",\"contentUrl\":\"https:\\\/\\\/www.quebakan.com\\\/v15\\\/wp-content\\\/uploads\\\/2023\\\/07\\\/logoquebakanenero2021.jpg\",\"width\":1920,\"height\":1080,\"caption\":\"Quebakan.com\"},\"image\":{\"@id\":\"https:\\\/\\\/www.quebakan.com\\\/v15\\\/#\\\/schema\\\/logo\\\/image\\\/\"},\"sameAs\":[\"http:\\\/\\\/www.facebook.com\\\/quebakan\",\"https:\\\/\\\/x.com\\\/quebakanec\",\"http:\\\/\\\/www.instagram.com\\\/quebakan\",\"http:\\\/\\\/www.youtube.com\\\/quebakan1\"]},{\"@type\":\"Person\",\"@id\":\"https:\\\/\\\/www.quebakan.com\\\/v15\\\/#\\\/schema\\\/person\\\/d90fa9f9cfa81eb8ace9811e5b7b9118\",\"name\":\"Erick Villafuerte\",\"image\":{\"@type\":\"ImageObject\",\"inLanguage\":\"es\",\"@id\":\"https:\\\/\\\/www.quebakan.com\\\/v15\\\/wp-content\\\/uploads\\\/avatars\\\/4\\\/1731297654-bpfull.png\",\"url\":\"https:\\\/\\\/www.quebakan.com\\\/v15\\\/wp-content\\\/uploads\\\/avatars\\\/4\\\/1731297654-bpfull.png\",\"contentUrl\":\"https:\\\/\\\/www.quebakan.com\\\/v15\\\/wp-content\\\/uploads\\\/avatars\\\/4\\\/1731297654-bpfull.png\",\"caption\":\"Erick Villafuerte\"}}]}<\/script>\n<!-- \/ Yoast SEO plugin. -->","yoast_head_json":{"title":"POR PRIMERA VEZ EN ECUADOR \u201cTHIS IS MICHAEL\u201d EL MUSICAL HOMENAJE A MICHAEL JACKSON M\u00c1S GRANDE Y EXITOSO DEL MUNDO &#8211; QUEBAKAN.COM 2026: Noticias, Eventos, Conciertos y mucho m\u00e1s....","robots":{"index":"index","follow":"follow","max-snippet":"max-snippet:-1","max-image-preview":"max-image-preview:large","max-video-preview":"max-video-preview:-1"},"canonical":"https:\/\/www.quebakan.com\/v15\/por-primera-vez-en-ecuador-this-is-michael-el-musical-homenaje-a-michael-jackson-mas-grande-y-exitoso-del-mundo\/","og_locale":"es_ES","og_type":"article","og_title":"POR PRIMERA VEZ EN ECUADOR \u201cTHIS IS MICHAEL\u201d EL MUSICAL HOMENAJE A MICHAEL JACKSON M\u00c1S GRANDE Y EXITOSO DEL MUNDO &#8211; QUEBAKAN.COM 2026: Noticias, Eventos, Conciertos y mucho m\u00e1s....","og_description":"\u201cTHIS IS MICHAEL\u201d es un espect\u00e1culo \u00fanico e impactante que revive la magia, la energ\u00eda y los \u00e9xitos eternos del Rey del Pop, Michael Jackson. Prep\u00e1rate para sentir y disfrutar toda la potencia de un show de primer nivel que llevar\u00e1 al p\u00fablico a vivir una experiencia inolvidable. Por primera vez en nuestro pa\u00eds con [&hellip;]","og_url":"https:\/\/www.quebakan.com\/v15\/por-primera-vez-en-ecuador-this-is-michael-el-musical-homenaje-a-michael-jackson-mas-grande-y-exitoso-del-mundo\/","og_site_name":"QUEBAKAN.COM 2026: Noticias, Eventos, Conciertos y mucho m\u00e1s....","article_publisher":"http:\/\/www.facebook.com\/quebakan","article_published_time":"2026-03-09T15:57:39+00:00","og_image":[{"width":657,"height":813,"url":"https:\/\/www.quebakan.com\/v15\/wp-content\/uploads\/2026\/03\/a294032e-788e-475a-a9bf-9f1ac9bcc60c.png","type":"image\/png"}],"author":"Erick Villafuerte","twitter_card":"summary_large_image","twitter_creator":"@quebakanec","twitter_site":"@quebakanec","twitter_misc":{"Escrito por":"Erick Villafuerte","Tiempo de lectura":"4 minutos"},"schema":{"@context":"https:\/\/schema.org","@graph":[{"@type":"Article","@id":"https:\/\/www.quebakan.com\/v15\/por-primera-vez-en-ecuador-this-is-michael-el-musical-homenaje-a-michael-jackson-mas-grande-y-exitoso-del-mundo\/#article","isPartOf":{"@id":"https:\/\/www.quebakan.com\/v15\/por-primera-vez-en-ecuador-this-is-michael-el-musical-homenaje-a-michael-jackson-mas-grande-y-exitoso-del-mundo\/"},"author":{"name":"Erick Villafuerte","@id":"https:\/\/www.quebakan.com\/v15\/#\/schema\/person\/d90fa9f9cfa81eb8ace9811e5b7b9118"},"headline":"POR PRIMERA VEZ EN ECUADOR \u201cTHIS IS MICHAEL\u201d EL MUSICAL HOMENAJE A MICHAEL JACKSON M\u00c1S GRANDE Y EXITOSO DEL MUNDO","datePublished":"2026-03-09T15:57:39+00:00","mainEntityOfPage":{"@id":"https:\/\/www.quebakan.com\/v15\/por-primera-vez-en-ecuador-this-is-michael-el-musical-homenaje-a-michael-jackson-mas-grande-y-exitoso-del-mundo\/"},"wordCount":674,"publisher":{"@id":"https:\/\/www.quebakan.com\/v15\/#organization"},"image":{"@id":"https:\/\/www.quebakan.com\/v15\/por-primera-vez-en-ecuador-this-is-michael-el-musical-homenaje-a-michael-jackson-mas-grande-y-exitoso-del-mundo\/#primaryimage"},"thumbnailUrl":"https:\/\/www.quebakan.com\/v15\/wp-content\/uploads\/2026\/03\/a294032e-788e-475a-a9bf-9f1ac9bcc60c.png","articleSection":["Noticias"],"inLanguage":"es"},{"@type":"WebPage","@id":"https:\/\/www.quebakan.com\/v15\/por-primera-vez-en-ecuador-this-is-michael-el-musical-homenaje-a-michael-jackson-mas-grande-y-exitoso-del-mundo\/","url":"https:\/\/www.quebakan.com\/v15\/por-primera-vez-en-ecuador-this-is-michael-el-musical-homenaje-a-michael-jackson-mas-grande-y-exitoso-del-mundo\/","name":"POR PRIMERA VEZ EN ECUADOR \u201cTHIS IS MICHAEL\u201d EL MUSICAL HOMENAJE A MICHAEL JACKSON M\u00c1S GRANDE Y EXITOSO DEL MUNDO &#8211; QUEBAKAN.COM 2026: Noticias, Eventos, Conciertos y mucho m\u00e1s....","isPartOf":{"@id":"https:\/\/www.quebakan.com\/v15\/#website"},"primaryImageOfPage":{"@id":"https:\/\/www.quebakan.com\/v15\/por-primera-vez-en-ecuador-this-is-michael-el-musical-homenaje-a-michael-jackson-mas-grande-y-exitoso-del-mundo\/#primaryimage"},"image":{"@id":"https:\/\/www.quebakan.com\/v15\/por-primera-vez-en-ecuador-this-is-michael-el-musical-homenaje-a-michael-jackson-mas-grande-y-exitoso-del-mundo\/#primaryimage"},"thumbnailUrl":"https:\/\/www.quebakan.com\/v15\/wp-content\/uploads\/2026\/03\/a294032e-788e-475a-a9bf-9f1ac9bcc60c.png","datePublished":"2026-03-09T15:57:39+00:00","breadcrumb":{"@id":"https:\/\/www.quebakan.com\/v15\/por-primera-vez-en-ecuador-this-is-michael-el-musical-homenaje-a-michael-jackson-mas-grande-y-exitoso-del-mundo\/#breadcrumb"},"inLanguage":"es","potentialAction":[{"@type":"ReadAction","target":["https:\/\/www.quebakan.com\/v15\/por-primera-vez-en-ecuador-this-is-michael-el-musical-homenaje-a-michael-jackson-mas-grande-y-exitoso-del-mundo\/"]}]},{"@type":"ImageObject","inLanguage":"es","@id":"https:\/\/www.quebakan.com\/v15\/por-primera-vez-en-ecuador-this-is-michael-el-musical-homenaje-a-michael-jackson-mas-grande-y-exitoso-del-mundo\/#primaryimage","url":"https:\/\/www.quebakan.com\/v15\/wp-content\/uploads\/2026\/03\/a294032e-788e-475a-a9bf-9f1ac9bcc60c.png","contentUrl":"https:\/\/www.quebakan.com\/v15\/wp-content\/uploads\/2026\/03\/a294032e-788e-475a-a9bf-9f1ac9bcc60c.png","width":657,"height":813},{"@type":"BreadcrumbList","@id":"https:\/\/www.quebakan.com\/v15\/por-primera-vez-en-ecuador-this-is-michael-el-musical-homenaje-a-michael-jackson-mas-grande-y-exitoso-del-mundo\/#breadcrumb","itemListElement":[{"@type":"ListItem","position":1,"name":"Portada","item":"https:\/\/www.quebakan.com\/v15\/"},{"@type":"ListItem","position":2,"name":"POR PRIMERA VEZ EN ECUADOR \u201cTHIS IS MICHAEL\u201d EL MUSICAL HOMENAJE A MICHAEL JACKSON M\u00c1S GRANDE Y EXITOSO DEL MUNDO"}]},{"@type":"WebSite","@id":"https:\/\/www.quebakan.com\/v15\/#website","url":"https:\/\/www.quebakan.com\/v15\/","name":"QUEBAKAN","description":"..","publisher":{"@id":"https:\/\/www.quebakan.com\/v15\/#organization"},"potentialAction":[{"@type":"SearchAction","target":{"@type":"EntryPoint","urlTemplate":"https:\/\/www.quebakan.com\/v15\/?s={search_term_string}"},"query-input":{"@type":"PropertyValueSpecification","valueRequired":true,"valueName":"search_term_string"}}],"inLanguage":"es"},{"@type":"Organization","@id":"https:\/\/www.quebakan.com\/v15\/#organization","name":"Quebakan.com","url":"https:\/\/www.quebakan.com\/v15\/","logo":{"@type":"ImageObject","inLanguage":"es","@id":"https:\/\/www.quebakan.com\/v15\/#\/schema\/logo\/image\/","url":"https:\/\/www.quebakan.com\/v15\/wp-content\/uploads\/2023\/07\/logoquebakanenero2021.jpg","contentUrl":"https:\/\/www.quebakan.com\/v15\/wp-content\/uploads\/2023\/07\/logoquebakanenero2021.jpg","width":1920,"height":1080,"caption":"Quebakan.com"},"image":{"@id":"https:\/\/www.quebakan.com\/v15\/#\/schema\/logo\/image\/"},"sameAs":["http:\/\/www.facebook.com\/quebakan","https:\/\/x.com\/quebakanec","http:\/\/www.instagram.com\/quebakan","http:\/\/www.youtube.com\/quebakan1"]},{"@type":"Person","@id":"https:\/\/www.quebakan.com\/v15\/#\/schema\/person\/d90fa9f9cfa81eb8ace9811e5b7b9118","name":"Erick Villafuerte","image":{"@type":"ImageObject","inLanguage":"es","@id":"https:\/\/www.quebakan.com\/v15\/wp-content\/uploads\/avatars\/4\/1731297654-bpfull.png","url":"https:\/\/www.quebakan.com\/v15\/wp-content\/uploads\/avatars\/4\/1731297654-bpfull.png","contentUrl":"https:\/\/www.quebakan.com\/v15\/wp-content\/uploads\/avatars\/4\/1731297654-bpfull.png","caption":"Erick Villafuerte"}}]}},"_links":{"self":[{"href":"https:\/\/www.quebakan.com\/v15\/wp-json\/wp\/v2\/posts\/140582","targetHints":{"allow":["GET"]}}],"collection":[{"href":"https:\/\/www.quebakan.com\/v15\/wp-json\/wp\/v2\/posts"}],"about":[{"href":"https:\/\/www.quebakan.com\/v15\/wp-json\/wp\/v2\/types\/post"}],"author":[{"embeddable":true,"href":"https:\/\/www.quebakan.com\/v15\/wp-json\/wp\/v2\/users\/4"}],"replies":[{"embeddable":true,"href":"https:\/\/www.quebakan.com\/v15\/wp-json\/wp\/v2\/comments?post=140582"}],"version-history":[{"count":1,"href":"https:\/\/www.quebakan.com\/v15\/wp-json\/wp\/v2\/posts\/140582\/revisions"}],"predecessor-version":[{"id":140587,"href":"https:\/\/www.quebakan.com\/v15\/wp-json\/wp\/v2\/posts\/140582\/revisions\/140587"}],"wp:featuredmedia":[{"embeddable":true,"href":"https:\/\/www.quebakan.com\/v15\/wp-json\/wp\/v2\/media\/140583"}],"wp:attachment":[{"href":"https:\/\/www.quebakan.com\/v15\/wp-json\/wp\/v2\/media?parent=140582"}],"wp:term":[{"taxonomy":"category","embeddable":true,"href":"https:\/\/www.quebakan.com\/v15\/wp-json\/wp\/v2\/categories?post=140582"},{"taxonomy":"post_tag","embeddable":true,"href":"https:\/\/www.quebakan.com\/v15\/wp-json\/wp\/v2\/tags?post=140582"}],"curies":[{"name":"wp","href":"https:\/\/api.w.org\/{rel}","templated":true}]}}