{"id":140588,"date":"2026-03-09T11:23:18","date_gmt":"2026-03-09T16:23:18","guid":{"rendered":"https:\/\/www.quebakan.com\/v15\/?p=140588"},"modified":"2026-03-09T11:23:18","modified_gmt":"2026-03-09T16:23:18","slug":"mas-de-380-estudiantes-de-quito-viviran-la-experiencia-de-cotizar-en-bolsa-en-la-19-a-edicion-de-la-compania","status":"publish","type":"post","link":"https:\/\/www.quebakan.com\/v15\/mas-de-380-estudiantes-de-quito-viviran-la-experiencia-de-cotizar-en-bolsa-en-la-19-a-edicion-de-la-compania\/","title":{"rendered":"M\u00e1s de 380 estudiantes de Quito vivir\u00e1n la experiencia de cotizar en Bolsa en la 19.\u00aa edici\u00f3n de \u201cLa Compa\u00f1\u00eda\u201d"},"content":{"rendered":"<p><img fetchpriority=\"high\" decoding=\"async\" class=\"aligncenter size-full wp-image-140589\" src=\"https:\/\/www.quebakan.com\/v15\/wp-content\/uploads\/2026\/03\/BVQ-Junior-2.jpg\" alt=\"\" width=\"700\" height=\"577\" \/><\/p>\n<p style=\"text-align: justify;\"><span style=\"color: #000000;\"><strong>QUITO, marzo de 2026.\u2013<\/strong> La Bolsa de Valores Quito (BVQ) anuncia el inicio de la decimonovena edici\u00f3n de \u201cLa Compa\u00f1\u00eda\u201d, el programa de Junior Achievement Ecuador que este a\u00f1o convertir\u00e1 a 380 estudiantes de 22 colegios de la capital en verdaderos empresarios durante seis meses. A trav\u00e9s de una experiencia pr\u00e1ctica e inmersiva, los j\u00f3venes no solo crear\u00e1n y operar\u00e1n sus propias empresas, sino que tambi\u00e9n vivir\u00e1n un hito \u00fanico en la regi\u00f3n: simular\u00e1n una Oferta P\u00fablica de Acciones (OPA) dentro de la infraestructura real de una bolsa de valores.<\/span><\/p>\n<p style=\"text-align: justify;\"><span style=\"color: #000000;\">Ecuador es el \u00fanico pa\u00eds de Am\u00e9rica Latina donde los estudiantes participan en este ejercicio burs\u00e1til bajo los lineamientos reales del mercado de capitales, lo que les permite comprender de manera directa c\u00f3mo funciona el financiamiento empresarial a trav\u00e9s de la emisi\u00f3n y colocaci\u00f3n de acciones. Esta alianza estrat\u00e9gica entre Junior Achievement Ecuador y la Bolsa de Valores Quito fortalece la educaci\u00f3n financiera y acerca a las nuevas generaciones al mercado de valores desde una perspectiva pr\u00e1ctica, responsable y alineada a la normativa vigente.<\/span><\/p>\n<p style=\"text-align: justify;\"><span style=\"color: #000000;\">A diferencia de otros concursos estudiantiles, \u201cLa Compa\u00f1\u00eda\u201d no premia la rentabilidad ni el volumen de ventas. Su enfoque es esencialmente formativo: se eval\u00faan la toma de decisiones estrat\u00e9gicas, el liderazgo, la gesti\u00f3n financiera, el trabajo en equipo y la capacidad de adaptaci\u00f3n frente a los desaf\u00edos del entorno empresarial. Los 22 equipos, integrados por entre 15 y 20 estudiantes de bachillerato, deber\u00e1n estructurar su cuadro gerencial, realizar estudios de mercado, dise\u00f1ar su plan de negocios, capitalizar su empresa mediante la venta de acciones, comercializar un producto o servicio innovador y, finalmente, liquidar la compa\u00f1\u00eda para distribuir dividendos a sus accionistas.<\/span><\/p>\n<p style=\"text-align: justify;\"><span style=\"color: #000000;\">La edici\u00f3n 2026 cuenta adem\u00e1s con el respaldo acad\u00e9mico de la Universidad de las Am\u00e9ricas (UDLA), cuyos docentes brindan acompa\u00f1amiento t\u00e9cnico a los participantes, reforzando competencias clave para la fuerza laboral del siglo XXI. A lo largo de sus 18 ediciones anteriores, el programa ha impactado a m\u00e1s de 4.450 estudiantes, consolid\u00e1ndose como una de las iniciativas de educaci\u00f3n empresarial juvenil m\u00e1s relevantes del pa\u00eds.<\/span><\/p>\n<p style=\"text-align: justify;\"><span style=\"color: #000000;\">La Bolsa de Valores Quito reafirma as\u00ed su compromiso con el desarrollo del mercado de valores y la formaci\u00f3n de nuevas generaciones con cultura financiera, visi\u00f3n empresarial y responsabilidad \u00e9tica. El \u00e9xito de esta iniciativa es posible gracias al auspicio de UDLA, Corporaci\u00f3n Favorita, Fundaci\u00f3n Favorita, Grupo Entregas, Llika, y Plaza Las Am\u00e9ricas.<\/span><\/p>\n<p><img decoding=\"async\" class=\"aligncenter size-full wp-image-140590\" src=\"https:\/\/www.quebakan.com\/v15\/wp-content\/uploads\/2026\/03\/0211d50d-bc6f-4c87-b3c7-74c0e13d5590-1.jpg\" alt=\"\" width=\"700\" height=\"579\" \/><\/p>\n","protected":false},"excerpt":{"rendered":"<p>QUITO, marzo de 2026.\u2013 La Bolsa de Valores Quito (BVQ) anuncia el inicio de la decimonovena edici\u00f3n de \u201cLa Compa\u00f1\u00eda\u201d, el programa de Junior Achievement Ecuador que este a\u00f1o convertir\u00e1 a 380 estudiantes de 22 colegios de la capital en verdaderos empresarios durante seis meses. A trav\u00e9s de una experiencia pr\u00e1ctica e inmersiva, los j\u00f3venes [&hellip;]<\/p>\n","protected":false},"author":4,"featured_media":140589,"comment_status":"closed","ping_status":"closed","sticky":false,"template":"","format":"standard","meta":{"_bbp_topic_count":0,"_bbp_reply_count":0,"_bbp_total_topic_count":0,"_bbp_total_reply_count":0,"_bbp_voice_count":0,"_bbp_anonymous_reply_count":0,"_bbp_topic_count_hidden":0,"_bbp_reply_count_hidden":0,"_bbp_forum_subforum_count":0,"buzzeditor_post_format":"","footnotes":""},"categories":[2],"tags":[],"class_list":["post-140588","post","type-post","status-publish","format-standard","has-post-thumbnail","hentry","category-noticias"],"yoast_head":"<!-- This site is optimized with the Yoast SEO plugin v27.5 - https:\/\/yoast.com\/product\/yoast-seo-wordpress\/ -->\n<title>M\u00e1s de 380 estudiantes de Quito vivir\u00e1n la experiencia de cotizar en Bolsa en la 19.\u00aa edici\u00f3n de \u201cLa Compa\u00f1\u00eda\u201d &#8211; QUEBAKAN.COM 2026: Noticias, Eventos, Conciertos y mucho m\u00e1s....<\/title>\n<meta name=\"robots\" content=\"index, follow, max-snippet:-1, max-image-preview:large, max-video-preview:-1\" \/>\n<link rel=\"canonical\" href=\"https:\/\/www.quebakan.com\/v15\/mas-de-380-estudiantes-de-quito-viviran-la-experiencia-de-cotizar-en-bolsa-en-la-19-a-edicion-de-la-compania\/\" \/>\n<meta property=\"og:locale\" content=\"es_ES\" \/>\n<meta property=\"og:type\" content=\"article\" \/>\n<meta property=\"og:title\" content=\"M\u00e1s de 380 estudiantes de Quito vivir\u00e1n la experiencia de cotizar en Bolsa en la 19.\u00aa edici\u00f3n de \u201cLa Compa\u00f1\u00eda\u201d &#8211; QUEBAKAN.COM 2026: Noticias, Eventos, Conciertos y mucho m\u00e1s....\" \/>\n<meta property=\"og:description\" content=\"QUITO, marzo de 2026.\u2013 La Bolsa de Valores Quito (BVQ) anuncia el inicio de la decimonovena edici\u00f3n de \u201cLa Compa\u00f1\u00eda\u201d, el programa de Junior Achievement Ecuador que este a\u00f1o convertir\u00e1 a 380 estudiantes de 22 colegios de la capital en verdaderos empresarios durante seis meses. A trav\u00e9s de una experiencia pr\u00e1ctica e inmersiva, los j\u00f3venes [&hellip;]\" \/>\n<meta property=\"og:url\" content=\"https:\/\/www.quebakan.com\/v15\/mas-de-380-estudiantes-de-quito-viviran-la-experiencia-de-cotizar-en-bolsa-en-la-19-a-edicion-de-la-compania\/\" \/>\n<meta property=\"og:site_name\" content=\"QUEBAKAN.COM 2026: Noticias, Eventos, Conciertos y mucho m\u00e1s....\" \/>\n<meta property=\"article:publisher\" content=\"http:\/\/www.facebook.com\/quebakan\" \/>\n<meta property=\"article:published_time\" content=\"2026-03-09T16:23:18+00:00\" \/>\n<meta property=\"og:image\" content=\"https:\/\/www.quebakan.com\/v15\/wp-content\/uploads\/2026\/03\/BVQ-Junior-2.jpg\" \/>\n\t<meta property=\"og:image:width\" content=\"700\" \/>\n\t<meta property=\"og:image:height\" content=\"577\" \/>\n\t<meta property=\"og:image:type\" content=\"image\/jpeg\" \/>\n<meta name=\"author\" content=\"Erick Villafuerte\" \/>\n<meta name=\"twitter:card\" content=\"summary_large_image\" \/>\n<meta name=\"twitter:creator\" content=\"@quebakanec\" \/>\n<meta name=\"twitter:site\" content=\"@quebakanec\" \/>\n<meta name=\"twitter:label1\" content=\"Escrito por\" \/>\n\t<meta name=\"twitter:data1\" content=\"Erick Villafuerte\" \/>\n\t<meta name=\"twitter:label2\" content=\"Tiempo de lectura\" \/>\n\t<meta name=\"twitter:data2\" content=\"3 minutos\" \/>\n<script type=\"application\/ld+json\" class=\"yoast-schema-graph\">{\"@context\":\"https:\\\/\\\/schema.org\",\"@graph\":[{\"@type\":\"Article\",\"@id\":\"https:\\\/\\\/www.quebakan.com\\\/v15\\\/mas-de-380-estudiantes-de-quito-viviran-la-experiencia-de-cotizar-en-bolsa-en-la-19-a-edicion-de-la-compania\\\/#article\",\"isPartOf\":{\"@id\":\"https:\\\/\\\/www.quebakan.com\\\/v15\\\/mas-de-380-estudiantes-de-quito-viviran-la-experiencia-de-cotizar-en-bolsa-en-la-19-a-edicion-de-la-compania\\\/\"},\"author\":{\"name\":\"Erick Villafuerte\",\"@id\":\"https:\\\/\\\/www.quebakan.com\\\/v15\\\/#\\\/schema\\\/person\\\/d90fa9f9cfa81eb8ace9811e5b7b9118\"},\"headline\":\"M\u00e1s de 380 estudiantes de Quito vivir\u00e1n la experiencia de cotizar en Bolsa en la 19.\u00aa edici\u00f3n de \u201cLa Compa\u00f1\u00eda\u201d\",\"datePublished\":\"2026-03-09T16:23:18+00:00\",\"mainEntityOfPage\":{\"@id\":\"https:\\\/\\\/www.quebakan.com\\\/v15\\\/mas-de-380-estudiantes-de-quito-viviran-la-experiencia-de-cotizar-en-bolsa-en-la-19-a-edicion-de-la-compania\\\/\"},\"wordCount\":454,\"publisher\":{\"@id\":\"https:\\\/\\\/www.quebakan.com\\\/v15\\\/#organization\"},\"image\":{\"@id\":\"https:\\\/\\\/www.quebakan.com\\\/v15\\\/mas-de-380-estudiantes-de-quito-viviran-la-experiencia-de-cotizar-en-bolsa-en-la-19-a-edicion-de-la-compania\\\/#primaryimage\"},\"thumbnailUrl\":\"https:\\\/\\\/www.quebakan.com\\\/v15\\\/wp-content\\\/uploads\\\/2026\\\/03\\\/BVQ-Junior-2.jpg\",\"articleSection\":[\"Noticias\"],\"inLanguage\":\"es\"},{\"@type\":\"WebPage\",\"@id\":\"https:\\\/\\\/www.quebakan.com\\\/v15\\\/mas-de-380-estudiantes-de-quito-viviran-la-experiencia-de-cotizar-en-bolsa-en-la-19-a-edicion-de-la-compania\\\/\",\"url\":\"https:\\\/\\\/www.quebakan.com\\\/v15\\\/mas-de-380-estudiantes-de-quito-viviran-la-experiencia-de-cotizar-en-bolsa-en-la-19-a-edicion-de-la-compania\\\/\",\"name\":\"M\u00e1s de 380 estudiantes de Quito vivir\u00e1n la experiencia de cotizar en Bolsa en la 19.\u00aa edici\u00f3n de \u201cLa Compa\u00f1\u00eda\u201d &#8211; QUEBAKAN.COM 2026: Noticias, Eventos, Conciertos y mucho m\u00e1s....\",\"isPartOf\":{\"@id\":\"https:\\\/\\\/www.quebakan.com\\\/v15\\\/#website\"},\"primaryImageOfPage\":{\"@id\":\"https:\\\/\\\/www.quebakan.com\\\/v15\\\/mas-de-380-estudiantes-de-quito-viviran-la-experiencia-de-cotizar-en-bolsa-en-la-19-a-edicion-de-la-compania\\\/#primaryimage\"},\"image\":{\"@id\":\"https:\\\/\\\/www.quebakan.com\\\/v15\\\/mas-de-380-estudiantes-de-quito-viviran-la-experiencia-de-cotizar-en-bolsa-en-la-19-a-edicion-de-la-compania\\\/#primaryimage\"},\"thumbnailUrl\":\"https:\\\/\\\/www.quebakan.com\\\/v15\\\/wp-content\\\/uploads\\\/2026\\\/03\\\/BVQ-Junior-2.jpg\",\"datePublished\":\"2026-03-09T16:23:18+00:00\",\"breadcrumb\":{\"@id\":\"https:\\\/\\\/www.quebakan.com\\\/v15\\\/mas-de-380-estudiantes-de-quito-viviran-la-experiencia-de-cotizar-en-bolsa-en-la-19-a-edicion-de-la-compania\\\/#breadcrumb\"},\"inLanguage\":\"es\",\"potentialAction\":[{\"@type\":\"ReadAction\",\"target\":[\"https:\\\/\\\/www.quebakan.com\\\/v15\\\/mas-de-380-estudiantes-de-quito-viviran-la-experiencia-de-cotizar-en-bolsa-en-la-19-a-edicion-de-la-compania\\\/\"]}]},{\"@type\":\"ImageObject\",\"inLanguage\":\"es\",\"@id\":\"https:\\\/\\\/www.quebakan.com\\\/v15\\\/mas-de-380-estudiantes-de-quito-viviran-la-experiencia-de-cotizar-en-bolsa-en-la-19-a-edicion-de-la-compania\\\/#primaryimage\",\"url\":\"https:\\\/\\\/www.quebakan.com\\\/v15\\\/wp-content\\\/uploads\\\/2026\\\/03\\\/BVQ-Junior-2.jpg\",\"contentUrl\":\"https:\\\/\\\/www.quebakan.com\\\/v15\\\/wp-content\\\/uploads\\\/2026\\\/03\\\/BVQ-Junior-2.jpg\",\"width\":700,\"height\":577},{\"@type\":\"BreadcrumbList\",\"@id\":\"https:\\\/\\\/www.quebakan.com\\\/v15\\\/mas-de-380-estudiantes-de-quito-viviran-la-experiencia-de-cotizar-en-bolsa-en-la-19-a-edicion-de-la-compania\\\/#breadcrumb\",\"itemListElement\":[{\"@type\":\"ListItem\",\"position\":1,\"name\":\"Portada\",\"item\":\"https:\\\/\\\/www.quebakan.com\\\/v15\\\/\"},{\"@type\":\"ListItem\",\"position\":2,\"name\":\"M\u00e1s de 380 estudiantes de Quito vivir\u00e1n la experiencia de cotizar en Bolsa en la 19.\u00aa edici\u00f3n de \u201cLa Compa\u00f1\u00eda\u201d\"}]},{\"@type\":\"WebSite\",\"@id\":\"https:\\\/\\\/www.quebakan.com\\\/v15\\\/#website\",\"url\":\"https:\\\/\\\/www.quebakan.com\\\/v15\\\/\",\"name\":\"QUEBAKAN\",\"description\":\"..\",\"publisher\":{\"@id\":\"https:\\\/\\\/www.quebakan.com\\\/v15\\\/#organization\"},\"potentialAction\":[{\"@type\":\"SearchAction\",\"target\":{\"@type\":\"EntryPoint\",\"urlTemplate\":\"https:\\\/\\\/www.quebakan.com\\\/v15\\\/?s={search_term_string}\"},\"query-input\":{\"@type\":\"PropertyValueSpecification\",\"valueRequired\":true,\"valueName\":\"search_term_string\"}}],\"inLanguage\":\"es\"},{\"@type\":\"Organization\",\"@id\":\"https:\\\/\\\/www.quebakan.com\\\/v15\\\/#organization\",\"name\":\"Quebakan.com\",\"url\":\"https:\\\/\\\/www.quebakan.com\\\/v15\\\/\",\"logo\":{\"@type\":\"ImageObject\",\"inLanguage\":\"es\",\"@id\":\"https:\\\/\\\/www.quebakan.com\\\/v15\\\/#\\\/schema\\\/logo\\\/image\\\/\",\"url\":\"https:\\\/\\\/www.quebakan.com\\\/v15\\\/wp-content\\\/uploads\\\/2023\\\/07\\\/logoquebakanenero2021.jpg\",\"contentUrl\":\"https:\\\/\\\/www.quebakan.com\\\/v15\\\/wp-content\\\/uploads\\\/2023\\\/07\\\/logoquebakanenero2021.jpg\",\"width\":1920,\"height\":1080,\"caption\":\"Quebakan.com\"},\"image\":{\"@id\":\"https:\\\/\\\/www.quebakan.com\\\/v15\\\/#\\\/schema\\\/logo\\\/image\\\/\"},\"sameAs\":[\"http:\\\/\\\/www.facebook.com\\\/quebakan\",\"https:\\\/\\\/x.com\\\/quebakanec\",\"http:\\\/\\\/www.instagram.com\\\/quebakan\",\"http:\\\/\\\/www.youtube.com\\\/quebakan1\"]},{\"@type\":\"Person\",\"@id\":\"https:\\\/\\\/www.quebakan.com\\\/v15\\\/#\\\/schema\\\/person\\\/d90fa9f9cfa81eb8ace9811e5b7b9118\",\"name\":\"Erick Villafuerte\",\"image\":{\"@type\":\"ImageObject\",\"inLanguage\":\"es\",\"@id\":\"https:\\\/\\\/www.quebakan.com\\\/v15\\\/wp-content\\\/uploads\\\/avatars\\\/4\\\/1731297654-bpfull.png\",\"url\":\"https:\\\/\\\/www.quebakan.com\\\/v15\\\/wp-content\\\/uploads\\\/avatars\\\/4\\\/1731297654-bpfull.png\",\"contentUrl\":\"https:\\\/\\\/www.quebakan.com\\\/v15\\\/wp-content\\\/uploads\\\/avatars\\\/4\\\/1731297654-bpfull.png\",\"caption\":\"Erick Villafuerte\"}}]}<\/script>\n<!-- \/ Yoast SEO plugin. -->","yoast_head_json":{"title":"M\u00e1s de 380 estudiantes de Quito vivir\u00e1n la experiencia de cotizar en Bolsa en la 19.\u00aa edici\u00f3n de \u201cLa Compa\u00f1\u00eda\u201d &#8211; QUEBAKAN.COM 2026: Noticias, Eventos, Conciertos y mucho m\u00e1s....","robots":{"index":"index","follow":"follow","max-snippet":"max-snippet:-1","max-image-preview":"max-image-preview:large","max-video-preview":"max-video-preview:-1"},"canonical":"https:\/\/www.quebakan.com\/v15\/mas-de-380-estudiantes-de-quito-viviran-la-experiencia-de-cotizar-en-bolsa-en-la-19-a-edicion-de-la-compania\/","og_locale":"es_ES","og_type":"article","og_title":"M\u00e1s de 380 estudiantes de Quito vivir\u00e1n la experiencia de cotizar en Bolsa en la 19.\u00aa edici\u00f3n de \u201cLa Compa\u00f1\u00eda\u201d &#8211; QUEBAKAN.COM 2026: Noticias, Eventos, Conciertos y mucho m\u00e1s....","og_description":"QUITO, marzo de 2026.\u2013 La Bolsa de Valores Quito (BVQ) anuncia el inicio de la decimonovena edici\u00f3n de \u201cLa Compa\u00f1\u00eda\u201d, el programa de Junior Achievement Ecuador que este a\u00f1o convertir\u00e1 a 380 estudiantes de 22 colegios de la capital en verdaderos empresarios durante seis meses. A trav\u00e9s de una experiencia pr\u00e1ctica e inmersiva, los j\u00f3venes [&hellip;]","og_url":"https:\/\/www.quebakan.com\/v15\/mas-de-380-estudiantes-de-quito-viviran-la-experiencia-de-cotizar-en-bolsa-en-la-19-a-edicion-de-la-compania\/","og_site_name":"QUEBAKAN.COM 2026: Noticias, Eventos, Conciertos y mucho m\u00e1s....","article_publisher":"http:\/\/www.facebook.com\/quebakan","article_published_time":"2026-03-09T16:23:18+00:00","og_image":[{"width":700,"height":577,"url":"https:\/\/www.quebakan.com\/v15\/wp-content\/uploads\/2026\/03\/BVQ-Junior-2.jpg","type":"image\/jpeg"}],"author":"Erick Villafuerte","twitter_card":"summary_large_image","twitter_creator":"@quebakanec","twitter_site":"@quebakanec","twitter_misc":{"Escrito por":"Erick Villafuerte","Tiempo de lectura":"3 minutos"},"schema":{"@context":"https:\/\/schema.org","@graph":[{"@type":"Article","@id":"https:\/\/www.quebakan.com\/v15\/mas-de-380-estudiantes-de-quito-viviran-la-experiencia-de-cotizar-en-bolsa-en-la-19-a-edicion-de-la-compania\/#article","isPartOf":{"@id":"https:\/\/www.quebakan.com\/v15\/mas-de-380-estudiantes-de-quito-viviran-la-experiencia-de-cotizar-en-bolsa-en-la-19-a-edicion-de-la-compania\/"},"author":{"name":"Erick Villafuerte","@id":"https:\/\/www.quebakan.com\/v15\/#\/schema\/person\/d90fa9f9cfa81eb8ace9811e5b7b9118"},"headline":"M\u00e1s de 380 estudiantes de Quito vivir\u00e1n la experiencia de cotizar en Bolsa en la 19.\u00aa edici\u00f3n de \u201cLa Compa\u00f1\u00eda\u201d","datePublished":"2026-03-09T16:23:18+00:00","mainEntityOfPage":{"@id":"https:\/\/www.quebakan.com\/v15\/mas-de-380-estudiantes-de-quito-viviran-la-experiencia-de-cotizar-en-bolsa-en-la-19-a-edicion-de-la-compania\/"},"wordCount":454,"publisher":{"@id":"https:\/\/www.quebakan.com\/v15\/#organization"},"image":{"@id":"https:\/\/www.quebakan.com\/v15\/mas-de-380-estudiantes-de-quito-viviran-la-experiencia-de-cotizar-en-bolsa-en-la-19-a-edicion-de-la-compania\/#primaryimage"},"thumbnailUrl":"https:\/\/www.quebakan.com\/v15\/wp-content\/uploads\/2026\/03\/BVQ-Junior-2.jpg","articleSection":["Noticias"],"inLanguage":"es"},{"@type":"WebPage","@id":"https:\/\/www.quebakan.com\/v15\/mas-de-380-estudiantes-de-quito-viviran-la-experiencia-de-cotizar-en-bolsa-en-la-19-a-edicion-de-la-compania\/","url":"https:\/\/www.quebakan.com\/v15\/mas-de-380-estudiantes-de-quito-viviran-la-experiencia-de-cotizar-en-bolsa-en-la-19-a-edicion-de-la-compania\/","name":"M\u00e1s de 380 estudiantes de Quito vivir\u00e1n la experiencia de cotizar en Bolsa en la 19.\u00aa edici\u00f3n de \u201cLa Compa\u00f1\u00eda\u201d &#8211; QUEBAKAN.COM 2026: Noticias, Eventos, Conciertos y mucho m\u00e1s....","isPartOf":{"@id":"https:\/\/www.quebakan.com\/v15\/#website"},"primaryImageOfPage":{"@id":"https:\/\/www.quebakan.com\/v15\/mas-de-380-estudiantes-de-quito-viviran-la-experiencia-de-cotizar-en-bolsa-en-la-19-a-edicion-de-la-compania\/#primaryimage"},"image":{"@id":"https:\/\/www.quebakan.com\/v15\/mas-de-380-estudiantes-de-quito-viviran-la-experiencia-de-cotizar-en-bolsa-en-la-19-a-edicion-de-la-compania\/#primaryimage"},"thumbnailUrl":"https:\/\/www.quebakan.com\/v15\/wp-content\/uploads\/2026\/03\/BVQ-Junior-2.jpg","datePublished":"2026-03-09T16:23:18+00:00","breadcrumb":{"@id":"https:\/\/www.quebakan.com\/v15\/mas-de-380-estudiantes-de-quito-viviran-la-experiencia-de-cotizar-en-bolsa-en-la-19-a-edicion-de-la-compania\/#breadcrumb"},"inLanguage":"es","potentialAction":[{"@type":"ReadAction","target":["https:\/\/www.quebakan.com\/v15\/mas-de-380-estudiantes-de-quito-viviran-la-experiencia-de-cotizar-en-bolsa-en-la-19-a-edicion-de-la-compania\/"]}]},{"@type":"ImageObject","inLanguage":"es","@id":"https:\/\/www.quebakan.com\/v15\/mas-de-380-estudiantes-de-quito-viviran-la-experiencia-de-cotizar-en-bolsa-en-la-19-a-edicion-de-la-compania\/#primaryimage","url":"https:\/\/www.quebakan.com\/v15\/wp-content\/uploads\/2026\/03\/BVQ-Junior-2.jpg","contentUrl":"https:\/\/www.quebakan.com\/v15\/wp-content\/uploads\/2026\/03\/BVQ-Junior-2.jpg","width":700,"height":577},{"@type":"BreadcrumbList","@id":"https:\/\/www.quebakan.com\/v15\/mas-de-380-estudiantes-de-quito-viviran-la-experiencia-de-cotizar-en-bolsa-en-la-19-a-edicion-de-la-compania\/#breadcrumb","itemListElement":[{"@type":"ListItem","position":1,"name":"Portada","item":"https:\/\/www.quebakan.com\/v15\/"},{"@type":"ListItem","position":2,"name":"M\u00e1s de 380 estudiantes de Quito vivir\u00e1n la experiencia de cotizar en Bolsa en la 19.\u00aa edici\u00f3n de \u201cLa Compa\u00f1\u00eda\u201d"}]},{"@type":"WebSite","@id":"https:\/\/www.quebakan.com\/v15\/#website","url":"https:\/\/www.quebakan.com\/v15\/","name":"QUEBAKAN","description":"..","publisher":{"@id":"https:\/\/www.quebakan.com\/v15\/#organization"},"potentialAction":[{"@type":"SearchAction","target":{"@type":"EntryPoint","urlTemplate":"https:\/\/www.quebakan.com\/v15\/?s={search_term_string}"},"query-input":{"@type":"PropertyValueSpecification","valueRequired":true,"valueName":"search_term_string"}}],"inLanguage":"es"},{"@type":"Organization","@id":"https:\/\/www.quebakan.com\/v15\/#organization","name":"Quebakan.com","url":"https:\/\/www.quebakan.com\/v15\/","logo":{"@type":"ImageObject","inLanguage":"es","@id":"https:\/\/www.quebakan.com\/v15\/#\/schema\/logo\/image\/","url":"https:\/\/www.quebakan.com\/v15\/wp-content\/uploads\/2023\/07\/logoquebakanenero2021.jpg","contentUrl":"https:\/\/www.quebakan.com\/v15\/wp-content\/uploads\/2023\/07\/logoquebakanenero2021.jpg","width":1920,"height":1080,"caption":"Quebakan.com"},"image":{"@id":"https:\/\/www.quebakan.com\/v15\/#\/schema\/logo\/image\/"},"sameAs":["http:\/\/www.facebook.com\/quebakan","https:\/\/x.com\/quebakanec","http:\/\/www.instagram.com\/quebakan","http:\/\/www.youtube.com\/quebakan1"]},{"@type":"Person","@id":"https:\/\/www.quebakan.com\/v15\/#\/schema\/person\/d90fa9f9cfa81eb8ace9811e5b7b9118","name":"Erick Villafuerte","image":{"@type":"ImageObject","inLanguage":"es","@id":"https:\/\/www.quebakan.com\/v15\/wp-content\/uploads\/avatars\/4\/1731297654-bpfull.png","url":"https:\/\/www.quebakan.com\/v15\/wp-content\/uploads\/avatars\/4\/1731297654-bpfull.png","contentUrl":"https:\/\/www.quebakan.com\/v15\/wp-content\/uploads\/avatars\/4\/1731297654-bpfull.png","caption":"Erick Villafuerte"}}]}},"_links":{"self":[{"href":"https:\/\/www.quebakan.com\/v15\/wp-json\/wp\/v2\/posts\/140588","targetHints":{"allow":["GET"]}}],"collection":[{"href":"https:\/\/www.quebakan.com\/v15\/wp-json\/wp\/v2\/posts"}],"about":[{"href":"https:\/\/www.quebakan.com\/v15\/wp-json\/wp\/v2\/types\/post"}],"author":[{"embeddable":true,"href":"https:\/\/www.quebakan.com\/v15\/wp-json\/wp\/v2\/users\/4"}],"replies":[{"embeddable":true,"href":"https:\/\/www.quebakan.com\/v15\/wp-json\/wp\/v2\/comments?post=140588"}],"version-history":[{"count":1,"href":"https:\/\/www.quebakan.com\/v15\/wp-json\/wp\/v2\/posts\/140588\/revisions"}],"predecessor-version":[{"id":140591,"href":"https:\/\/www.quebakan.com\/v15\/wp-json\/wp\/v2\/posts\/140588\/revisions\/140591"}],"wp:featuredmedia":[{"embeddable":true,"href":"https:\/\/www.quebakan.com\/v15\/wp-json\/wp\/v2\/media\/140589"}],"wp:attachment":[{"href":"https:\/\/www.quebakan.com\/v15\/wp-json\/wp\/v2\/media?parent=140588"}],"wp:term":[{"taxonomy":"category","embeddable":true,"href":"https:\/\/www.quebakan.com\/v15\/wp-json\/wp\/v2\/categories?post=140588"},{"taxonomy":"post_tag","embeddable":true,"href":"https:\/\/www.quebakan.com\/v15\/wp-json\/wp\/v2\/tags?post=140588"}],"curies":[{"name":"wp","href":"https:\/\/api.w.org\/{rel}","templated":true}]}}