{"id":140592,"date":"2026-03-09T14:02:38","date_gmt":"2026-03-09T19:02:38","guid":{"rendered":"https:\/\/www.quebakan.com\/v15\/?p=140592"},"modified":"2026-03-09T14:02:38","modified_gmt":"2026-03-09T19:02:38","slug":"el-teatro-sanchez-aguilar-presento-su-cartelera-2026-con-innovacion-tecnologica-y-una-apuesta-historica-por-la-produccion-nacional","status":"publish","type":"post","link":"https:\/\/www.quebakan.com\/v15\/el-teatro-sanchez-aguilar-presento-su-cartelera-2026-con-innovacion-tecnologica-y-una-apuesta-historica-por-la-produccion-nacional\/","title":{"rendered":"EL TEATRO S\u00c1NCHEZ AGUILAR PRESENT\u00d3 SU CARTELERA 2026 CON INNOVACI\u00d3N TECNOL\u00d3GICA Y UNA APUESTA HIST\u00d3RICA POR LA PRODUCCI\u00d3N NACIONAL"},"content":{"rendered":"<p><img fetchpriority=\"high\" decoding=\"async\" class=\"aligncenter size-full wp-image-140593\" src=\"https:\/\/www.quebakan.com\/v15\/wp-content\/uploads\/2026\/03\/PRESENTACION-DE-LA-CARTELERA-2026-DEL-TEATRO-SANCHEZ-AGUILAR.jpg\" alt=\"\" width=\"700\" height=\"467\" \/><\/p>\n<p style=\"text-align: justify;\"><span style=\"color: #000000;\">La noche del jueves 05 de marzo, el Teatro S\u00e1nchez Aguilar present\u00f3 oficialmente su <\/span><span style=\"color: #000000;\">cartelera 2026 en una velada conceptual titulada \u201cAs\u00ed suena el 2026\u201d, nombre que <\/span><span style=\"color: #000000;\">respondi\u00f3 no solo a la forma en que se revel\u00f3 la programaci\u00f3n a trav\u00e9s de sus bandas <\/span><span style=\"color: #000000;\">sonoras m\u00e1s representativas, sino tambi\u00e9n a la incorporaci\u00f3n de un nuevo sistema de <\/span><span style=\"color: #000000;\">sonido inmersivo de \u00faltima generaci\u00f3n d&amp;b soundscape. Esta nueva tecnolog\u00eda <\/span><span style=\"color: #000000;\">permite una especializaci\u00f3n precisa del audio en sala, generando una experiencia <\/span><span style=\"color: #000000;\">envolvente, equilibrada y uniforme para todos los asistentes.<\/span><\/p>\n<p style=\"text-align: justify;\"><span style=\"color: #000000;\">El evento congreg\u00f3 a empresarios, actores, productores, periodistas y l\u00edderes de <\/span><span style=\"color: #000000;\">opini\u00f3n del \u00e1mbito cultural y del entretenimiento, consolidando al teatro como un punto <\/span><span style=\"color: #000000;\">de encuentro clave para el ecosistema creativo y empresarial del pa\u00eds.<\/span><\/p>\n<p style=\"text-align: justify;\"><span style=\"color: #000000;\">\u201cAs\u00ed suena el 2026\u201d: innovaci\u00f3n t\u00e9cnica y experiencia esc\u00e9nica <\/span><\/p>\n<p style=\"text-align: justify;\"><span style=\"color: #000000;\">Como parte de su proceso de modernizaci\u00f3n, el teatro incorpor\u00f3 la tecnolog\u00eda D&amp;B <\/span><span style=\"color: #000000;\">Soundscape, una herramienta que permite modelar y direccionar el sonido en tiempo <\/span><span style=\"color: #000000;\">real, aline\u00e1ndose con la acci\u00f3n esc\u00e9nica. Este avance ampl\u00eda significativamente los <\/span><span style=\"color: #000000;\">recursos narrativos y t\u00e9cnicos en producciones musicales, conciertos y espect\u00e1culos <\/span><span style=\"color: #000000;\">de gran formato, elevando los est\u00e1ndares de calidad art\u00edstica y posicionando al teatro <\/span><span style=\"color: #000000;\">como referente regional en infraestructura esc\u00e9nica.<\/span><\/p>\n<p style=\"text-align: justify;\"><span style=\"color: #000000;\">Una temporada concebida desde las conexiones <\/span><br \/>\n<span style=\"color: #000000;\">Bajo el eje conceptual \u201cConexiones, historias que nos unen\u201d, la programaci\u00f3n 2026 fue <\/span><span style=\"color: #000000;\">presentada como un tejido en el que dialogan musicales de gran formato, propuestas <\/span><span style=\"color: #000000;\">esc\u00e9nicas contempor\u00e1neas, conciertos sinf\u00f3nicos, espect\u00e1culos familiares y <\/span><span style=\"color: #000000;\">experiencias al aire libre. Diez obras nacionales seleccionadas mediante convocatoria <\/span><span style=\"color: #000000;\">p\u00fablica conviven con figuras internacionales de gran trayectoria, consolidando un <\/span><span style=\"color: #000000;\">modelo de programaci\u00f3n diverso, coherente y articulado.<\/span><\/p>\n<p style=\"text-align: justify;\"><span style=\"color: #000000;\">La temporada incluye la producci\u00f3n propia de gran formato \u201cLittle Shop of Horrors\u201d, <\/span><span style=\"color: #000000;\">que marca un hito institucional al ser una producci\u00f3n desarrollada \u00edntegramente por el\u00a0<\/span><span style=\"color: #000000;\">equipo del teatro \u2014 desde el casting hasta la puesta en escena \u2014 con funciones <\/span><span style=\"color: #000000;\">previstas para octubre. Adem\u00e1s de los musicales \u201cGrease\u201d en mayo y \u201cEnredos\u201d en <\/span><span style=\"color: #000000;\">noviembre.<\/span><\/p>\n<p style=\"text-align: justify;\"><span style=\"color: #000000;\">En la franja esc\u00e9nica destacan obras seleccionadas por convocatoria nacional como <\/span><span style=\"color: #000000;\">\u201cGame\u201d, \u201cEn otras palabras\u201d y \u201cLa Pipa de la Paz\u00bb. El ballet estar\u00e1 representado por la <\/span><br \/>\n<span style=\"color: #000000;\">Compa\u00f1\u00eda EnAvant con su montaje sobre Anna Pavlova.<\/span><\/p>\n<p style=\"text-align: justify;\"><span style=\"color: #000000;\">En el \u00e1mbito internacional, la cartelera contar\u00e1 con la presencia de la bailaora y <\/span><span style=\"color: #000000;\">core\u00f3grafa espa\u00f1ola Mar\u00eda Pag\u00e9s, quien visitar\u00e1 Guayaquil por primera vez; el <\/span><br \/>\n<span style=\"color: #000000;\">ilusionista Jean Paul Olhaberry desde Chile; y homenajes sinf\u00f3nicos dedicados a <\/span><span style=\"color: #000000;\">Michael Jackson, adem\u00e1s de propuestas inspiradas en universos como Harry Potter y <\/span><br \/>\n<span style=\"color: #000000;\">Star Wars.<\/span><\/p>\n<p style=\"text-align: justify;\"><span style=\"color: #000000;\">Las Orquesta Sinf\u00f3nica de Guayaquil y Orquesta Filarm\u00f3nica de Guayaquil <\/span><span style=\"color: #000000;\">interpretar\u00e1n repertorios emblem\u00e1ticos como la Novena Sinfon\u00eda de Ludwig van <\/span><br \/>\n<span style=\"color: #000000;\">Beethoven y Carmina Burana de Carl Orff.<\/span><\/p>\n<p style=\"text-align: justify;\"><span style=\"color: #000000;\">La franja Al Aire Libre incorporar\u00e1 experiencias como \u201cLa Gran Boda\u00bb, una propuesta <\/span><span style=\"color: #000000;\">inmersiva que transforma al p\u00fablico en protagonista de una celebraci\u00f3n matrimonial, <\/span><span style=\"color: #000000;\">mientras que la franja Familiar fortalecer\u00e1 su programaci\u00f3n para p\u00fablicos infantiles. <\/span><span style=\"color: #000000;\">Una de las principales novedades es la consolidaci\u00f3n del sistema de convocatoria <\/span><span style=\"color: #000000;\">nacional, que permiti\u00f3 integrar diez producciones locales a la temporada, fortaleciendo <\/span><span style=\"color: #000000;\">la creaci\u00f3n ecuatoriana dentro de la programaci\u00f3n anual. <\/span><span style=\"color: #000000;\">Mecenazgo cultural e incentivo fiscal <\/span><span style=\"color: #000000;\">Durante la presentaci\u00f3n se destac\u00f3 el rol del sector empresarial en el sostenimiento <\/span><span style=\"color: #000000;\">del modelo cultural del teatro y la relevancia del incentivo fiscal del 150%, mecanismo <\/span><span style=\"color: #000000;\">que beneficia a las empresas que invierten en cultura mediante deducciones tributarias <\/span><br \/>\n<span style=\"color: #000000;\">ampliadas.<\/span><\/p>\n<p style=\"text-align: justify;\"><span style=\"color: #000000;\">\u201cEl Teatro S\u00e1nchez Aguilar cumple hoy un rol estructural dentro del ecosistema cultural <\/span><span style=\"color: #000000;\">del pa\u00eds. No es \u00fanicamente un espacio de exhibici\u00f3n art\u00edstica, sino una plataforma que <\/span><span style=\"color: #000000;\">articula creaci\u00f3n, circulaci\u00f3n, formaci\u00f3n de p\u00fablicos y sostenibilidad cultural\u201d, se\u00f1al\u00f3 <\/span><span style=\"color: #000000;\">Mar\u00eda Cecilia S\u00e1nchez, Directora de la Fundaci\u00f3n S\u00e1nchez Aguilar. <\/span><span style=\"color: #000000;\">\u201cLa cultura no es un gasto, es una inversi\u00f3n en cohesi\u00f3n social, educaci\u00f3n sensible, <\/span><span style=\"color: #000000;\">desarrollo creativo y reputaci\u00f3n pa\u00eds. El incentivo fiscal del 150% es una herramienta <\/span><span style=\"color: #000000;\">estrat\u00e9gica porque convierte el apoyo empresarial en una inversi\u00f3n con impacto <\/span><span style=\"color: #000000;\">medible\u201d, a\u00f1adi\u00f3.<\/span><\/p>\n<p style=\"text-align: justify;\"><span style=\"color: #000000;\">Producci\u00f3n nacional y fortalecimiento institucional <\/span><br \/>\n<span style=\"color: #000000;\">Por su parte, Fabiola Pazmi\u00f1o, Directora Art\u00edstica del Teatro, subray\u00f3 la apuesta por la <\/span><span style=\"color: #000000;\">producci\u00f3n nacional y la consolidaci\u00f3n de una identidad institucional clara. \u201cLa <\/span><span style=\"color: #000000;\">temporada 2026 propone una experiencia articulada desde el concepto de conexiones. <\/span><span style=\"color: #000000;\">Cada decisi\u00f3n curatorial responde a la construcci\u00f3n de un relato com\u00fan donde las <\/span><span style=\"color: #000000;\">obras dialogan entre s\u00ed y con sus audiencias\u201d, afirm\u00f3.<\/span><\/p>\n<p style=\"text-align: justify;\"><span style=\"color: #000000;\">Pazmi\u00f1o destac\u00f3 adem\u00e1s el fortalecimiento de la creaci\u00f3n propia y el impulso a <\/span><span style=\"color: #000000;\">nuevas voces a trav\u00e9s de la convocatoria nacional, as\u00ed como la consolidaci\u00f3n de <\/span><span style=\"color: #000000;\">producciones desarrolladas \u00edntegramente por el teatro, como parte de una estrategia <\/span><span style=\"color: #000000;\">de sostenibilidad art\u00edstica y proyecci\u00f3n a largo plazo.<\/span><\/p>\n<p style=\"text-align: justify;\"><span style=\"color: #000000;\">Un espacio que convoca y construye comunidad <\/span><br \/>\n<span style=\"color: #000000;\">La temporada 2026 fue presentada como una propuesta pensada para ampliar <\/span><span style=\"color: #000000;\">audiencias y fortalecer el v\u00ednculo con quienes acompa\u00f1an al teatro de manera <\/span><span style=\"color: #000000;\">constante, generando puntos de encuentro donde distintas generaciones y <\/span><span style=\"color: #000000;\">sensibilidades culturales se cruzan. <\/span><span style=\"color: #000000;\">Con esta nueva programaci\u00f3n, el Teatro S\u00e1nchez Aguilar proyecta una oferta amplia, <\/span><span style=\"color: #000000;\">vigente y diversa que articula innovaci\u00f3n tecnol\u00f3gica, gesti\u00f3n privada responsable, <\/span><span style=\"color: #000000;\">mecenazgo cultural y producci\u00f3n art\u00edstica nacional, reafirmando su compromiso con el <\/span><span style=\"color: #000000;\">desarrollo cultural y la construcci\u00f3n de comunidad en el pa\u00eds.<\/span><\/p>\n","protected":false},"excerpt":{"rendered":"<p>La noche del jueves 05 de marzo, el Teatro S\u00e1nchez Aguilar present\u00f3 oficialmente su cartelera 2026 en una velada conceptual titulada \u201cAs\u00ed suena el 2026\u201d, nombre que respondi\u00f3 no solo a la forma en que se revel\u00f3 la programaci\u00f3n a trav\u00e9s de sus bandas sonoras m\u00e1s representativas, sino tambi\u00e9n a la incorporaci\u00f3n de un nuevo [&hellip;]<\/p>\n","protected":false},"author":4,"featured_media":140593,"comment_status":"closed","ping_status":"closed","sticky":false,"template":"","format":"standard","meta":{"_bbp_topic_count":0,"_bbp_reply_count":0,"_bbp_total_topic_count":0,"_bbp_total_reply_count":0,"_bbp_voice_count":0,"_bbp_anonymous_reply_count":0,"_bbp_topic_count_hidden":0,"_bbp_reply_count_hidden":0,"_bbp_forum_subforum_count":0,"buzzeditor_post_format":"","footnotes":""},"categories":[2],"tags":[],"class_list":["post-140592","post","type-post","status-publish","format-standard","has-post-thumbnail","hentry","category-noticias"],"yoast_head":"<!-- This site is optimized with the Yoast SEO plugin v27.5 - https:\/\/yoast.com\/product\/yoast-seo-wordpress\/ -->\n<title>EL TEATRO S\u00c1NCHEZ AGUILAR PRESENT\u00d3 SU CARTELERA 2026 CON INNOVACI\u00d3N TECNOL\u00d3GICA Y UNA APUESTA HIST\u00d3RICA POR LA PRODUCCI\u00d3N NACIONAL &#8211; QUEBAKAN.COM 2026: Noticias, Eventos, Conciertos y mucho m\u00e1s....<\/title>\n<meta name=\"robots\" content=\"index, follow, max-snippet:-1, max-image-preview:large, max-video-preview:-1\" \/>\n<link rel=\"canonical\" href=\"https:\/\/www.quebakan.com\/v15\/el-teatro-sanchez-aguilar-presento-su-cartelera-2026-con-innovacion-tecnologica-y-una-apuesta-historica-por-la-produccion-nacional\/\" \/>\n<meta property=\"og:locale\" content=\"es_ES\" \/>\n<meta property=\"og:type\" content=\"article\" \/>\n<meta property=\"og:title\" content=\"EL TEATRO S\u00c1NCHEZ AGUILAR PRESENT\u00d3 SU CARTELERA 2026 CON INNOVACI\u00d3N TECNOL\u00d3GICA Y UNA APUESTA HIST\u00d3RICA POR LA PRODUCCI\u00d3N NACIONAL &#8211; QUEBAKAN.COM 2026: Noticias, Eventos, Conciertos y mucho m\u00e1s....\" \/>\n<meta property=\"og:description\" content=\"La noche del jueves 05 de marzo, el Teatro S\u00e1nchez Aguilar present\u00f3 oficialmente su cartelera 2026 en una velada conceptual titulada \u201cAs\u00ed suena el 2026\u201d, nombre que respondi\u00f3 no solo a la forma en que se revel\u00f3 la programaci\u00f3n a trav\u00e9s de sus bandas sonoras m\u00e1s representativas, sino tambi\u00e9n a la incorporaci\u00f3n de un nuevo [&hellip;]\" \/>\n<meta property=\"og:url\" content=\"https:\/\/www.quebakan.com\/v15\/el-teatro-sanchez-aguilar-presento-su-cartelera-2026-con-innovacion-tecnologica-y-una-apuesta-historica-por-la-produccion-nacional\/\" \/>\n<meta property=\"og:site_name\" content=\"QUEBAKAN.COM 2026: Noticias, Eventos, Conciertos y mucho m\u00e1s....\" \/>\n<meta property=\"article:publisher\" content=\"http:\/\/www.facebook.com\/quebakan\" \/>\n<meta property=\"article:published_time\" content=\"2026-03-09T19:02:38+00:00\" \/>\n<meta property=\"og:image\" content=\"https:\/\/www.quebakan.com\/v15\/wp-content\/uploads\/2026\/03\/PRESENTACION-DE-LA-CARTELERA-2026-DEL-TEATRO-SANCHEZ-AGUILAR.jpg\" \/>\n\t<meta property=\"og:image:width\" content=\"700\" \/>\n\t<meta property=\"og:image:height\" content=\"467\" \/>\n\t<meta property=\"og:image:type\" content=\"image\/jpeg\" \/>\n<meta name=\"author\" content=\"Erick Villafuerte\" \/>\n<meta name=\"twitter:card\" content=\"summary_large_image\" \/>\n<meta name=\"twitter:creator\" content=\"@quebakanec\" \/>\n<meta name=\"twitter:site\" content=\"@quebakanec\" \/>\n<meta name=\"twitter:label1\" content=\"Escrito por\" \/>\n\t<meta name=\"twitter:data1\" content=\"Erick Villafuerte\" \/>\n\t<meta name=\"twitter:label2\" content=\"Tiempo de lectura\" \/>\n\t<meta name=\"twitter:data2\" content=\"5 minutos\" \/>\n<script type=\"application\/ld+json\" class=\"yoast-schema-graph\">{\"@context\":\"https:\\\/\\\/schema.org\",\"@graph\":[{\"@type\":\"Article\",\"@id\":\"https:\\\/\\\/www.quebakan.com\\\/v15\\\/el-teatro-sanchez-aguilar-presento-su-cartelera-2026-con-innovacion-tecnologica-y-una-apuesta-historica-por-la-produccion-nacional\\\/#article\",\"isPartOf\":{\"@id\":\"https:\\\/\\\/www.quebakan.com\\\/v15\\\/el-teatro-sanchez-aguilar-presento-su-cartelera-2026-con-innovacion-tecnologica-y-una-apuesta-historica-por-la-produccion-nacional\\\/\"},\"author\":{\"name\":\"Erick Villafuerte\",\"@id\":\"https:\\\/\\\/www.quebakan.com\\\/v15\\\/#\\\/schema\\\/person\\\/d90fa9f9cfa81eb8ace9811e5b7b9118\"},\"headline\":\"EL TEATRO S\u00c1NCHEZ AGUILAR PRESENT\u00d3 SU CARTELERA 2026 CON INNOVACI\u00d3N TECNOL\u00d3GICA Y UNA APUESTA HIST\u00d3RICA POR LA PRODUCCI\u00d3N NACIONAL\",\"datePublished\":\"2026-03-09T19:02:38+00:00\",\"mainEntityOfPage\":{\"@id\":\"https:\\\/\\\/www.quebakan.com\\\/v15\\\/el-teatro-sanchez-aguilar-presento-su-cartelera-2026-con-innovacion-tecnologica-y-una-apuesta-historica-por-la-produccion-nacional\\\/\"},\"wordCount\":939,\"publisher\":{\"@id\":\"https:\\\/\\\/www.quebakan.com\\\/v15\\\/#organization\"},\"image\":{\"@id\":\"https:\\\/\\\/www.quebakan.com\\\/v15\\\/el-teatro-sanchez-aguilar-presento-su-cartelera-2026-con-innovacion-tecnologica-y-una-apuesta-historica-por-la-produccion-nacional\\\/#primaryimage\"},\"thumbnailUrl\":\"https:\\\/\\\/www.quebakan.com\\\/v15\\\/wp-content\\\/uploads\\\/2026\\\/03\\\/PRESENTACION-DE-LA-CARTELERA-2026-DEL-TEATRO-SANCHEZ-AGUILAR.jpg\",\"articleSection\":[\"Noticias\"],\"inLanguage\":\"es\"},{\"@type\":\"WebPage\",\"@id\":\"https:\\\/\\\/www.quebakan.com\\\/v15\\\/el-teatro-sanchez-aguilar-presento-su-cartelera-2026-con-innovacion-tecnologica-y-una-apuesta-historica-por-la-produccion-nacional\\\/\",\"url\":\"https:\\\/\\\/www.quebakan.com\\\/v15\\\/el-teatro-sanchez-aguilar-presento-su-cartelera-2026-con-innovacion-tecnologica-y-una-apuesta-historica-por-la-produccion-nacional\\\/\",\"name\":\"EL TEATRO S\u00c1NCHEZ AGUILAR PRESENT\u00d3 SU CARTELERA 2026 CON INNOVACI\u00d3N TECNOL\u00d3GICA Y UNA APUESTA HIST\u00d3RICA POR LA PRODUCCI\u00d3N NACIONAL &#8211; QUEBAKAN.COM 2026: Noticias, Eventos, Conciertos y mucho m\u00e1s....\",\"isPartOf\":{\"@id\":\"https:\\\/\\\/www.quebakan.com\\\/v15\\\/#website\"},\"primaryImageOfPage\":{\"@id\":\"https:\\\/\\\/www.quebakan.com\\\/v15\\\/el-teatro-sanchez-aguilar-presento-su-cartelera-2026-con-innovacion-tecnologica-y-una-apuesta-historica-por-la-produccion-nacional\\\/#primaryimage\"},\"image\":{\"@id\":\"https:\\\/\\\/www.quebakan.com\\\/v15\\\/el-teatro-sanchez-aguilar-presento-su-cartelera-2026-con-innovacion-tecnologica-y-una-apuesta-historica-por-la-produccion-nacional\\\/#primaryimage\"},\"thumbnailUrl\":\"https:\\\/\\\/www.quebakan.com\\\/v15\\\/wp-content\\\/uploads\\\/2026\\\/03\\\/PRESENTACION-DE-LA-CARTELERA-2026-DEL-TEATRO-SANCHEZ-AGUILAR.jpg\",\"datePublished\":\"2026-03-09T19:02:38+00:00\",\"breadcrumb\":{\"@id\":\"https:\\\/\\\/www.quebakan.com\\\/v15\\\/el-teatro-sanchez-aguilar-presento-su-cartelera-2026-con-innovacion-tecnologica-y-una-apuesta-historica-por-la-produccion-nacional\\\/#breadcrumb\"},\"inLanguage\":\"es\",\"potentialAction\":[{\"@type\":\"ReadAction\",\"target\":[\"https:\\\/\\\/www.quebakan.com\\\/v15\\\/el-teatro-sanchez-aguilar-presento-su-cartelera-2026-con-innovacion-tecnologica-y-una-apuesta-historica-por-la-produccion-nacional\\\/\"]}]},{\"@type\":\"ImageObject\",\"inLanguage\":\"es\",\"@id\":\"https:\\\/\\\/www.quebakan.com\\\/v15\\\/el-teatro-sanchez-aguilar-presento-su-cartelera-2026-con-innovacion-tecnologica-y-una-apuesta-historica-por-la-produccion-nacional\\\/#primaryimage\",\"url\":\"https:\\\/\\\/www.quebakan.com\\\/v15\\\/wp-content\\\/uploads\\\/2026\\\/03\\\/PRESENTACION-DE-LA-CARTELERA-2026-DEL-TEATRO-SANCHEZ-AGUILAR.jpg\",\"contentUrl\":\"https:\\\/\\\/www.quebakan.com\\\/v15\\\/wp-content\\\/uploads\\\/2026\\\/03\\\/PRESENTACION-DE-LA-CARTELERA-2026-DEL-TEATRO-SANCHEZ-AGUILAR.jpg\",\"width\":700,\"height\":467},{\"@type\":\"BreadcrumbList\",\"@id\":\"https:\\\/\\\/www.quebakan.com\\\/v15\\\/el-teatro-sanchez-aguilar-presento-su-cartelera-2026-con-innovacion-tecnologica-y-una-apuesta-historica-por-la-produccion-nacional\\\/#breadcrumb\",\"itemListElement\":[{\"@type\":\"ListItem\",\"position\":1,\"name\":\"Portada\",\"item\":\"https:\\\/\\\/www.quebakan.com\\\/v15\\\/\"},{\"@type\":\"ListItem\",\"position\":2,\"name\":\"EL TEATRO S\u00c1NCHEZ AGUILAR PRESENT\u00d3 SU CARTELERA 2026 CON INNOVACI\u00d3N TECNOL\u00d3GICA Y UNA APUESTA HIST\u00d3RICA POR LA PRODUCCI\u00d3N NACIONAL\"}]},{\"@type\":\"WebSite\",\"@id\":\"https:\\\/\\\/www.quebakan.com\\\/v15\\\/#website\",\"url\":\"https:\\\/\\\/www.quebakan.com\\\/v15\\\/\",\"name\":\"QUEBAKAN\",\"description\":\"..\",\"publisher\":{\"@id\":\"https:\\\/\\\/www.quebakan.com\\\/v15\\\/#organization\"},\"potentialAction\":[{\"@type\":\"SearchAction\",\"target\":{\"@type\":\"EntryPoint\",\"urlTemplate\":\"https:\\\/\\\/www.quebakan.com\\\/v15\\\/?s={search_term_string}\"},\"query-input\":{\"@type\":\"PropertyValueSpecification\",\"valueRequired\":true,\"valueName\":\"search_term_string\"}}],\"inLanguage\":\"es\"},{\"@type\":\"Organization\",\"@id\":\"https:\\\/\\\/www.quebakan.com\\\/v15\\\/#organization\",\"name\":\"Quebakan.com\",\"url\":\"https:\\\/\\\/www.quebakan.com\\\/v15\\\/\",\"logo\":{\"@type\":\"ImageObject\",\"inLanguage\":\"es\",\"@id\":\"https:\\\/\\\/www.quebakan.com\\\/v15\\\/#\\\/schema\\\/logo\\\/image\\\/\",\"url\":\"https:\\\/\\\/www.quebakan.com\\\/v15\\\/wp-content\\\/uploads\\\/2023\\\/07\\\/logoquebakanenero2021.jpg\",\"contentUrl\":\"https:\\\/\\\/www.quebakan.com\\\/v15\\\/wp-content\\\/uploads\\\/2023\\\/07\\\/logoquebakanenero2021.jpg\",\"width\":1920,\"height\":1080,\"caption\":\"Quebakan.com\"},\"image\":{\"@id\":\"https:\\\/\\\/www.quebakan.com\\\/v15\\\/#\\\/schema\\\/logo\\\/image\\\/\"},\"sameAs\":[\"http:\\\/\\\/www.facebook.com\\\/quebakan\",\"https:\\\/\\\/x.com\\\/quebakanec\",\"http:\\\/\\\/www.instagram.com\\\/quebakan\",\"http:\\\/\\\/www.youtube.com\\\/quebakan1\"]},{\"@type\":\"Person\",\"@id\":\"https:\\\/\\\/www.quebakan.com\\\/v15\\\/#\\\/schema\\\/person\\\/d90fa9f9cfa81eb8ace9811e5b7b9118\",\"name\":\"Erick Villafuerte\",\"image\":{\"@type\":\"ImageObject\",\"inLanguage\":\"es\",\"@id\":\"https:\\\/\\\/www.quebakan.com\\\/v15\\\/wp-content\\\/uploads\\\/avatars\\\/4\\\/1731297654-bpfull.png\",\"url\":\"https:\\\/\\\/www.quebakan.com\\\/v15\\\/wp-content\\\/uploads\\\/avatars\\\/4\\\/1731297654-bpfull.png\",\"contentUrl\":\"https:\\\/\\\/www.quebakan.com\\\/v15\\\/wp-content\\\/uploads\\\/avatars\\\/4\\\/1731297654-bpfull.png\",\"caption\":\"Erick Villafuerte\"}}]}<\/script>\n<!-- \/ Yoast SEO plugin. -->","yoast_head_json":{"title":"EL TEATRO S\u00c1NCHEZ AGUILAR PRESENT\u00d3 SU CARTELERA 2026 CON INNOVACI\u00d3N TECNOL\u00d3GICA Y UNA APUESTA HIST\u00d3RICA POR LA PRODUCCI\u00d3N NACIONAL &#8211; QUEBAKAN.COM 2026: Noticias, Eventos, Conciertos y mucho m\u00e1s....","robots":{"index":"index","follow":"follow","max-snippet":"max-snippet:-1","max-image-preview":"max-image-preview:large","max-video-preview":"max-video-preview:-1"},"canonical":"https:\/\/www.quebakan.com\/v15\/el-teatro-sanchez-aguilar-presento-su-cartelera-2026-con-innovacion-tecnologica-y-una-apuesta-historica-por-la-produccion-nacional\/","og_locale":"es_ES","og_type":"article","og_title":"EL TEATRO S\u00c1NCHEZ AGUILAR PRESENT\u00d3 SU CARTELERA 2026 CON INNOVACI\u00d3N TECNOL\u00d3GICA Y UNA APUESTA HIST\u00d3RICA POR LA PRODUCCI\u00d3N NACIONAL &#8211; QUEBAKAN.COM 2026: Noticias, Eventos, Conciertos y mucho m\u00e1s....","og_description":"La noche del jueves 05 de marzo, el Teatro S\u00e1nchez Aguilar present\u00f3 oficialmente su cartelera 2026 en una velada conceptual titulada \u201cAs\u00ed suena el 2026\u201d, nombre que respondi\u00f3 no solo a la forma en que se revel\u00f3 la programaci\u00f3n a trav\u00e9s de sus bandas sonoras m\u00e1s representativas, sino tambi\u00e9n a la incorporaci\u00f3n de un nuevo [&hellip;]","og_url":"https:\/\/www.quebakan.com\/v15\/el-teatro-sanchez-aguilar-presento-su-cartelera-2026-con-innovacion-tecnologica-y-una-apuesta-historica-por-la-produccion-nacional\/","og_site_name":"QUEBAKAN.COM 2026: Noticias, Eventos, Conciertos y mucho m\u00e1s....","article_publisher":"http:\/\/www.facebook.com\/quebakan","article_published_time":"2026-03-09T19:02:38+00:00","og_image":[{"width":700,"height":467,"url":"https:\/\/www.quebakan.com\/v15\/wp-content\/uploads\/2026\/03\/PRESENTACION-DE-LA-CARTELERA-2026-DEL-TEATRO-SANCHEZ-AGUILAR.jpg","type":"image\/jpeg"}],"author":"Erick Villafuerte","twitter_card":"summary_large_image","twitter_creator":"@quebakanec","twitter_site":"@quebakanec","twitter_misc":{"Escrito por":"Erick Villafuerte","Tiempo de lectura":"5 minutos"},"schema":{"@context":"https:\/\/schema.org","@graph":[{"@type":"Article","@id":"https:\/\/www.quebakan.com\/v15\/el-teatro-sanchez-aguilar-presento-su-cartelera-2026-con-innovacion-tecnologica-y-una-apuesta-historica-por-la-produccion-nacional\/#article","isPartOf":{"@id":"https:\/\/www.quebakan.com\/v15\/el-teatro-sanchez-aguilar-presento-su-cartelera-2026-con-innovacion-tecnologica-y-una-apuesta-historica-por-la-produccion-nacional\/"},"author":{"name":"Erick Villafuerte","@id":"https:\/\/www.quebakan.com\/v15\/#\/schema\/person\/d90fa9f9cfa81eb8ace9811e5b7b9118"},"headline":"EL TEATRO S\u00c1NCHEZ AGUILAR PRESENT\u00d3 SU CARTELERA 2026 CON INNOVACI\u00d3N TECNOL\u00d3GICA Y UNA APUESTA HIST\u00d3RICA POR LA PRODUCCI\u00d3N NACIONAL","datePublished":"2026-03-09T19:02:38+00:00","mainEntityOfPage":{"@id":"https:\/\/www.quebakan.com\/v15\/el-teatro-sanchez-aguilar-presento-su-cartelera-2026-con-innovacion-tecnologica-y-una-apuesta-historica-por-la-produccion-nacional\/"},"wordCount":939,"publisher":{"@id":"https:\/\/www.quebakan.com\/v15\/#organization"},"image":{"@id":"https:\/\/www.quebakan.com\/v15\/el-teatro-sanchez-aguilar-presento-su-cartelera-2026-con-innovacion-tecnologica-y-una-apuesta-historica-por-la-produccion-nacional\/#primaryimage"},"thumbnailUrl":"https:\/\/www.quebakan.com\/v15\/wp-content\/uploads\/2026\/03\/PRESENTACION-DE-LA-CARTELERA-2026-DEL-TEATRO-SANCHEZ-AGUILAR.jpg","articleSection":["Noticias"],"inLanguage":"es"},{"@type":"WebPage","@id":"https:\/\/www.quebakan.com\/v15\/el-teatro-sanchez-aguilar-presento-su-cartelera-2026-con-innovacion-tecnologica-y-una-apuesta-historica-por-la-produccion-nacional\/","url":"https:\/\/www.quebakan.com\/v15\/el-teatro-sanchez-aguilar-presento-su-cartelera-2026-con-innovacion-tecnologica-y-una-apuesta-historica-por-la-produccion-nacional\/","name":"EL TEATRO S\u00c1NCHEZ AGUILAR PRESENT\u00d3 SU CARTELERA 2026 CON INNOVACI\u00d3N TECNOL\u00d3GICA Y UNA APUESTA HIST\u00d3RICA POR LA PRODUCCI\u00d3N NACIONAL &#8211; QUEBAKAN.COM 2026: Noticias, Eventos, Conciertos y mucho m\u00e1s....","isPartOf":{"@id":"https:\/\/www.quebakan.com\/v15\/#website"},"primaryImageOfPage":{"@id":"https:\/\/www.quebakan.com\/v15\/el-teatro-sanchez-aguilar-presento-su-cartelera-2026-con-innovacion-tecnologica-y-una-apuesta-historica-por-la-produccion-nacional\/#primaryimage"},"image":{"@id":"https:\/\/www.quebakan.com\/v15\/el-teatro-sanchez-aguilar-presento-su-cartelera-2026-con-innovacion-tecnologica-y-una-apuesta-historica-por-la-produccion-nacional\/#primaryimage"},"thumbnailUrl":"https:\/\/www.quebakan.com\/v15\/wp-content\/uploads\/2026\/03\/PRESENTACION-DE-LA-CARTELERA-2026-DEL-TEATRO-SANCHEZ-AGUILAR.jpg","datePublished":"2026-03-09T19:02:38+00:00","breadcrumb":{"@id":"https:\/\/www.quebakan.com\/v15\/el-teatro-sanchez-aguilar-presento-su-cartelera-2026-con-innovacion-tecnologica-y-una-apuesta-historica-por-la-produccion-nacional\/#breadcrumb"},"inLanguage":"es","potentialAction":[{"@type":"ReadAction","target":["https:\/\/www.quebakan.com\/v15\/el-teatro-sanchez-aguilar-presento-su-cartelera-2026-con-innovacion-tecnologica-y-una-apuesta-historica-por-la-produccion-nacional\/"]}]},{"@type":"ImageObject","inLanguage":"es","@id":"https:\/\/www.quebakan.com\/v15\/el-teatro-sanchez-aguilar-presento-su-cartelera-2026-con-innovacion-tecnologica-y-una-apuesta-historica-por-la-produccion-nacional\/#primaryimage","url":"https:\/\/www.quebakan.com\/v15\/wp-content\/uploads\/2026\/03\/PRESENTACION-DE-LA-CARTELERA-2026-DEL-TEATRO-SANCHEZ-AGUILAR.jpg","contentUrl":"https:\/\/www.quebakan.com\/v15\/wp-content\/uploads\/2026\/03\/PRESENTACION-DE-LA-CARTELERA-2026-DEL-TEATRO-SANCHEZ-AGUILAR.jpg","width":700,"height":467},{"@type":"BreadcrumbList","@id":"https:\/\/www.quebakan.com\/v15\/el-teatro-sanchez-aguilar-presento-su-cartelera-2026-con-innovacion-tecnologica-y-una-apuesta-historica-por-la-produccion-nacional\/#breadcrumb","itemListElement":[{"@type":"ListItem","position":1,"name":"Portada","item":"https:\/\/www.quebakan.com\/v15\/"},{"@type":"ListItem","position":2,"name":"EL TEATRO S\u00c1NCHEZ AGUILAR PRESENT\u00d3 SU CARTELERA 2026 CON INNOVACI\u00d3N TECNOL\u00d3GICA Y UNA APUESTA HIST\u00d3RICA POR LA PRODUCCI\u00d3N NACIONAL"}]},{"@type":"WebSite","@id":"https:\/\/www.quebakan.com\/v15\/#website","url":"https:\/\/www.quebakan.com\/v15\/","name":"QUEBAKAN","description":"..","publisher":{"@id":"https:\/\/www.quebakan.com\/v15\/#organization"},"potentialAction":[{"@type":"SearchAction","target":{"@type":"EntryPoint","urlTemplate":"https:\/\/www.quebakan.com\/v15\/?s={search_term_string}"},"query-input":{"@type":"PropertyValueSpecification","valueRequired":true,"valueName":"search_term_string"}}],"inLanguage":"es"},{"@type":"Organization","@id":"https:\/\/www.quebakan.com\/v15\/#organization","name":"Quebakan.com","url":"https:\/\/www.quebakan.com\/v15\/","logo":{"@type":"ImageObject","inLanguage":"es","@id":"https:\/\/www.quebakan.com\/v15\/#\/schema\/logo\/image\/","url":"https:\/\/www.quebakan.com\/v15\/wp-content\/uploads\/2023\/07\/logoquebakanenero2021.jpg","contentUrl":"https:\/\/www.quebakan.com\/v15\/wp-content\/uploads\/2023\/07\/logoquebakanenero2021.jpg","width":1920,"height":1080,"caption":"Quebakan.com"},"image":{"@id":"https:\/\/www.quebakan.com\/v15\/#\/schema\/logo\/image\/"},"sameAs":["http:\/\/www.facebook.com\/quebakan","https:\/\/x.com\/quebakanec","http:\/\/www.instagram.com\/quebakan","http:\/\/www.youtube.com\/quebakan1"]},{"@type":"Person","@id":"https:\/\/www.quebakan.com\/v15\/#\/schema\/person\/d90fa9f9cfa81eb8ace9811e5b7b9118","name":"Erick Villafuerte","image":{"@type":"ImageObject","inLanguage":"es","@id":"https:\/\/www.quebakan.com\/v15\/wp-content\/uploads\/avatars\/4\/1731297654-bpfull.png","url":"https:\/\/www.quebakan.com\/v15\/wp-content\/uploads\/avatars\/4\/1731297654-bpfull.png","contentUrl":"https:\/\/www.quebakan.com\/v15\/wp-content\/uploads\/avatars\/4\/1731297654-bpfull.png","caption":"Erick Villafuerte"}}]}},"_links":{"self":[{"href":"https:\/\/www.quebakan.com\/v15\/wp-json\/wp\/v2\/posts\/140592","targetHints":{"allow":["GET"]}}],"collection":[{"href":"https:\/\/www.quebakan.com\/v15\/wp-json\/wp\/v2\/posts"}],"about":[{"href":"https:\/\/www.quebakan.com\/v15\/wp-json\/wp\/v2\/types\/post"}],"author":[{"embeddable":true,"href":"https:\/\/www.quebakan.com\/v15\/wp-json\/wp\/v2\/users\/4"}],"replies":[{"embeddable":true,"href":"https:\/\/www.quebakan.com\/v15\/wp-json\/wp\/v2\/comments?post=140592"}],"version-history":[{"count":1,"href":"https:\/\/www.quebakan.com\/v15\/wp-json\/wp\/v2\/posts\/140592\/revisions"}],"predecessor-version":[{"id":140594,"href":"https:\/\/www.quebakan.com\/v15\/wp-json\/wp\/v2\/posts\/140592\/revisions\/140594"}],"wp:featuredmedia":[{"embeddable":true,"href":"https:\/\/www.quebakan.com\/v15\/wp-json\/wp\/v2\/media\/140593"}],"wp:attachment":[{"href":"https:\/\/www.quebakan.com\/v15\/wp-json\/wp\/v2\/media?parent=140592"}],"wp:term":[{"taxonomy":"category","embeddable":true,"href":"https:\/\/www.quebakan.com\/v15\/wp-json\/wp\/v2\/categories?post=140592"},{"taxonomy":"post_tag","embeddable":true,"href":"https:\/\/www.quebakan.com\/v15\/wp-json\/wp\/v2\/tags?post=140592"}],"curies":[{"name":"wp","href":"https:\/\/api.w.org\/{rel}","templated":true}]}}