{"id":140595,"date":"2026-03-09T14:06:41","date_gmt":"2026-03-09T19:06:41","guid":{"rendered":"https:\/\/www.quebakan.com\/v15\/?p=140595"},"modified":"2026-03-09T14:06:41","modified_gmt":"2026-03-09T19:06:41","slug":"hacia-donde-va-la-economia-del-ecuador-en-2026","status":"publish","type":"post","link":"https:\/\/www.quebakan.com\/v15\/hacia-donde-va-la-economia-del-ecuador-en-2026\/","title":{"rendered":"\u00bfHacia d\u00f3nde va la econom\u00eda del Ecuador en 2026?"},"content":{"rendered":"<p style=\"text-align: center;\"><span style=\"color: #000000;\">Riesgos, oportunidades y el rol de Guayaquil en la agenda de crecimiento<\/span><\/p>\n<p><img fetchpriority=\"high\" decoding=\"async\" class=\"aligncenter size-full wp-image-140596\" src=\"https:\/\/www.quebakan.com\/v15\/wp-content\/uploads\/2026\/03\/foto-corp.jpg\" alt=\"\" width=\"700\" height=\"398\" \/><\/p>\n<p style=\"text-align: justify;\"><span style=\"color: #000000;\"><strong>De izquierda a derecha:<\/strong> Alberto Acosta, analista financiero y econ\u00f3mico, y Freddy Cevallos, Managing Partner de UHY.<\/span><\/p>\n<p style=\"text-align: justify;\"><span style=\"color: #000000;\">En un contexto marcado por la volatilidad regional, los desaf\u00edos fiscales y un entorno de seguridad complejo, la econom\u00eda ecuatoriana atraviesa un punto de inflexi\u00f3n que definir\u00e1 su rumbo en los pr\u00f3ximos a\u00f1os. As\u00ed lo coincidieron expertos econ\u00f3micos durante el encuentro <em>\u201cPerspectivas Econ\u00f3micas de Ecuador: Crecimiento, Riesgos y Oportunidades\u201d<\/em>, realizado en Guayaquil, que reuni\u00f3 a l\u00edderes empresariales y analistas del pa\u00eds.<\/span><\/p>\n<p style=\"text-align: justify;\"><span style=\"color: #000000;\">De acuerdo con estimaciones de organismos multilaterales como el FMI y el Banco Mundial, Ecuador podr\u00eda registrar hacia 2026 un crecimiento moderado, en un rango aproximado de 2 % a 3 % anual, condicionado a la estabilidad macroecon\u00f3mica, la atracci\u00f3n de inversi\u00f3n privada y la mejora sostenida del clima de negocios.<\/span><\/p>\n<p style=\"text-align: justify;\"><span style=\"color: #000000;\">\u201cEcuador viene de a\u00f1os de alta volatilidad, pero tambi\u00e9n muestra se\u00f1ales de reordenamiento. El crecimiento sostenido depender\u00e1 de productividad, confianza y reglas claras\u201d, se\u00f1al\u00f3 Freddy Cevallos, Managing Partner de UHY, durante su intervenci\u00f3n.<\/span><\/p>\n<p style=\"text-align: justify;\"><span style=\"color: #000000;\">Por otro lado, Alberto Acosta, analista financiero y econ\u00f3mico, coincidi\u00f3 en que el pa\u00eds atraviesa una coyuntura decisiva, en la que la estabilidad macroecon\u00f3mica y la disciplina fiscal ser\u00e1n determinantes para recuperar el crecimiento. \u201cEcuador necesita avanzar hacia una econom\u00eda m\u00e1s predecible, con reglas claras y visi\u00f3n de largo plazo, que permita atraer inversi\u00f3n, fortalecer el empleo formal y reducir la vulnerabilidad frente a shocks externos\u201d, afirm\u00f3.<\/span><\/p>\n<ul style=\"text-align: justify;\">\n<li><span style=\"color: #000000;\"><strong>Riesgos estructurales que marcan la agenda econ\u00f3mica<\/strong><\/span><\/li>\n<\/ul>\n<p style=\"text-align: justify;\"><span style=\"color: #000000;\">Los expertos coincidieron en que el pa\u00eds enfrenta <strong>cinco riesgos clave<\/strong> en el corto y mediano plazo:<\/span><\/p>\n<ul style=\"text-align: justify;\">\n<li><span style=\"color: #000000;\"><strong>Confianza e inversi\u00f3n privada<\/strong>, determinantes para la generaci\u00f3n de empleo formal.<\/span><\/li>\n<li><span style=\"color: #000000;\"><strong>Alta informalidad laboral<\/strong>, que en Ecuador supera el <strong>50 % de la poblaci\u00f3n ocupada<\/strong>, seg\u00fan datos oficiales, limitando consumo y recaudaci\u00f3n.<\/span><\/li>\n<li><span style=\"color: #000000;\"><strong>Presi\u00f3n fiscal y financiamiento<\/strong>, en un contexto de d\u00e9ficit y necesidad de eficiencia del gasto p\u00fablico.<\/span><\/li>\n<li><span style=\"color: #000000;\"><strong>Entorno pol\u00edtico y ritmo de reformas<\/strong>, fundamentales para mejorar productividad y competitividad.<\/span><\/li>\n<li><span style=\"color: #000000;\"><strong>Seguridad<\/strong>, hoy considerada un factor econ\u00f3mico que impacta costos operativos, turismo, log\u00edstica e inversi\u00f3n.<\/span><\/li>\n<li><span style=\"color: #000000;\"><strong>Sectores con potencial de crecimiento<\/strong><\/span><\/li>\n<\/ul>\n<p style=\"text-align: justify;\"><span style=\"color: #000000;\">Pese a los riesgos, el an\u00e1lisis destac\u00f3 <strong>oportunidades claras<\/strong> para dinamizar la econom\u00eda ecuatoriana:<\/span><\/p>\n<ul style=\"text-align: justify;\">\n<li><span style=\"color: #000000;\"><strong>Exportaciones y agroindustria con valor agregado<\/strong>, considerando que m\u00e1s del 40 % del PIB est\u00e1 vinculado directa o indirectamente al comercio exterior.<\/span><\/li>\n<li><span style=\"color: #000000;\"><strong>Energ\u00eda y transici\u00f3n energ\u00e9tica<\/strong>, claves para la continuidad operativa del sector productivo.<\/span><\/li>\n<li><span style=\"color: #000000;\"><strong>Log\u00edstica, puertos y servicios asociados al comercio internacional<\/strong>, donde Ecuador puede ganar competitividad regional.<\/span><\/li>\n<li><span style=\"color: #000000;\"><strong>Servicios profesionales, tecnolog\u00eda y econom\u00eda del conocimiento<\/strong>, apalancados en talento joven y exportaci\u00f3n de servicios.<\/span><\/li>\n<li><span style=\"color: #000000;\"><strong>Turismo especializado y econom\u00eda naranja<\/strong>, condicionados a mejoras en seguridad y conectividad.<\/span><\/li>\n<\/ul>\n<p><span style=\"color: #000000;\"><strong>Empresas: disciplina, productividad y gobernanza<\/strong><\/span><\/p>\n<p style=\"text-align: justify;\"><span style=\"color: #000000;\">En este escenario, las empresas deber\u00e1n operar con una estrategia de doble enfoque: proteger m\u00e1rgenes y liquidez, mientras invierten en productividad y eficiencia.<\/span><\/p>\n<p style=\"text-align: justify;\"><span style=\"color: #000000;\">\u201cLas compa\u00f1\u00edas m\u00e1s competitivas en 2026 ser\u00e1n aquellas que conviertan la incertidumbre en disciplina: mejor gesti\u00f3n financiera, digitalizaci\u00f3n, gobernanza y visi\u00f3n exportadora\u201d, explic\u00f3 Cevallos.<\/span><\/p>\n<p><span style=\"color: #000000;\"><strong>Guayaquil, plataforma econ\u00f3mica del pa\u00eds<\/strong><\/span><\/p>\n<p style=\"text-align: justify;\"><span style=\"color: #000000;\">Guayaquil fue identificada como un actor clave en la agenda econ\u00f3mica nacional. La ciudad concentra una parte significativa del PIB no petrolero, el mayor movimiento portuario del pa\u00eds y un ecosistema empresarial decisivo para la inversi\u00f3n y el comercio exterior.<\/span><\/p>\n<p style=\"text-align: justify;\"><span style=\"color: #000000;\">\u201cGuayaquil seguir\u00e1 siendo el principal motor natural de crecimiento del Ecuador. Es la plataforma donde se conectan producci\u00f3n, log\u00edstica, servicios y mercados internacionales\u201d, afirm\u00f3 el vocero de UHY.<\/span><\/p>\n<p><span style=\"color: #000000;\"><strong>UHY fortalece su presencia en Guayaquil<\/strong><\/span><\/p>\n<p style=\"text-align: justify;\"><span style=\"color: #000000;\">En este contexto, UHY anunci\u00f3 el fortalecimiento de su presencia en Guayaquil, como parte de su visi\u00f3n de largo plazo en el pa\u00eds.<\/span><\/p>\n<p style=\"text-align: justify;\"><span style=\"color: #000000;\">\u201cApostamos por Guayaquil porque aqu\u00ed se toman las decisiones de crecimiento empresarial. Queremos acompa\u00f1ar a las empresas con equipos locales y capacidades globales, en auditor\u00eda, impuestos, consultor\u00eda, transacciones y gesti\u00f3n de riesgos\u201d, se\u00f1al\u00f3 Cevallos.<\/span><\/p>\n<p style=\"text-align: justify;\"><span style=\"color: #000000;\">UHY forma parte de una red internacional presente en m\u00e1s de 90 pa\u00edses, lo que permite a las empresas ecuatorianas alinearse a est\u00e1ndares globales de gobernanza, transparencia y cumplimiento.<\/span><\/p>\n<p><span style=\"color: #000000;\"><strong>El mensaje al inversionista<\/strong><\/span><\/p>\n<p style=\"text-align: justify;\"><span style=\"color: #000000;\">El mensaje final fue claro: Ecuador no es un mercado exento de riesgos, pero s\u00ed ofrece retornos atractivos para quienes invierten con an\u00e1lisis, estructura y estrategia.<\/span><\/p>\n<p style=\"text-align: justify;\"><span style=\"color: #000000;\">\u201cEcuador puede pasar de la volatilidad a la competitividad si consolida confianza, inversi\u00f3n y productividad\u201d, concluy\u00f3 Cevallos.<\/span><\/p>\n","protected":false},"excerpt":{"rendered":"<p>Riesgos, oportunidades y el rol de Guayaquil en la agenda de crecimiento De izquierda a derecha: Alberto Acosta, analista financiero y econ\u00f3mico, y Freddy Cevallos, Managing Partner de UHY. En un contexto marcado por la volatilidad regional, los desaf\u00edos fiscales y un entorno de seguridad complejo, la econom\u00eda ecuatoriana atraviesa un punto de inflexi\u00f3n que [&hellip;]<\/p>\n","protected":false},"author":4,"featured_media":140596,"comment_status":"closed","ping_status":"closed","sticky":false,"template":"","format":"standard","meta":{"_bbp_topic_count":0,"_bbp_reply_count":0,"_bbp_total_topic_count":0,"_bbp_total_reply_count":0,"_bbp_voice_count":0,"_bbp_anonymous_reply_count":0,"_bbp_topic_count_hidden":0,"_bbp_reply_count_hidden":0,"_bbp_forum_subforum_count":0,"buzzeditor_post_format":"","footnotes":""},"categories":[2],"tags":[],"class_list":["post-140595","post","type-post","status-publish","format-standard","has-post-thumbnail","hentry","category-noticias"],"yoast_head":"<!-- This site is optimized with the Yoast SEO plugin v27.5 - https:\/\/yoast.com\/product\/yoast-seo-wordpress\/ -->\n<title>\u00bfHacia d\u00f3nde va la econom\u00eda del Ecuador en 2026? &#8211; QUEBAKAN.COM 2026: Noticias, Eventos, Conciertos y mucho m\u00e1s....<\/title>\n<meta name=\"robots\" content=\"index, follow, max-snippet:-1, max-image-preview:large, max-video-preview:-1\" \/>\n<link rel=\"canonical\" href=\"https:\/\/www.quebakan.com\/v15\/hacia-donde-va-la-economia-del-ecuador-en-2026\/\" \/>\n<meta property=\"og:locale\" content=\"es_ES\" \/>\n<meta property=\"og:type\" content=\"article\" \/>\n<meta property=\"og:title\" content=\"\u00bfHacia d\u00f3nde va la econom\u00eda del Ecuador en 2026? &#8211; QUEBAKAN.COM 2026: Noticias, Eventos, Conciertos y mucho m\u00e1s....\" \/>\n<meta property=\"og:description\" content=\"Riesgos, oportunidades y el rol de Guayaquil en la agenda de crecimiento De izquierda a derecha: Alberto Acosta, analista financiero y econ\u00f3mico, y Freddy Cevallos, Managing Partner de UHY. En un contexto marcado por la volatilidad regional, los desaf\u00edos fiscales y un entorno de seguridad complejo, la econom\u00eda ecuatoriana atraviesa un punto de inflexi\u00f3n que [&hellip;]\" \/>\n<meta property=\"og:url\" content=\"https:\/\/www.quebakan.com\/v15\/hacia-donde-va-la-economia-del-ecuador-en-2026\/\" \/>\n<meta property=\"og:site_name\" content=\"QUEBAKAN.COM 2026: Noticias, Eventos, Conciertos y mucho m\u00e1s....\" \/>\n<meta property=\"article:publisher\" content=\"http:\/\/www.facebook.com\/quebakan\" \/>\n<meta property=\"article:published_time\" content=\"2026-03-09T19:06:41+00:00\" \/>\n<meta property=\"og:image\" content=\"https:\/\/www.quebakan.com\/v15\/wp-content\/uploads\/2026\/03\/foto-corp.jpg\" \/>\n\t<meta property=\"og:image:width\" content=\"700\" \/>\n\t<meta property=\"og:image:height\" content=\"398\" \/>\n\t<meta property=\"og:image:type\" content=\"image\/jpeg\" \/>\n<meta name=\"author\" content=\"Erick Villafuerte\" \/>\n<meta name=\"twitter:card\" content=\"summary_large_image\" \/>\n<meta name=\"twitter:creator\" content=\"@quebakanec\" \/>\n<meta name=\"twitter:site\" content=\"@quebakanec\" \/>\n<meta name=\"twitter:label1\" content=\"Escrito por\" \/>\n\t<meta name=\"twitter:data1\" content=\"Erick Villafuerte\" \/>\n\t<meta name=\"twitter:label2\" content=\"Tiempo de lectura\" \/>\n\t<meta name=\"twitter:data2\" content=\"4 minutos\" \/>\n<script type=\"application\/ld+json\" class=\"yoast-schema-graph\">{\"@context\":\"https:\\\/\\\/schema.org\",\"@graph\":[{\"@type\":\"Article\",\"@id\":\"https:\\\/\\\/www.quebakan.com\\\/v15\\\/hacia-donde-va-la-economia-del-ecuador-en-2026\\\/#article\",\"isPartOf\":{\"@id\":\"https:\\\/\\\/www.quebakan.com\\\/v15\\\/hacia-donde-va-la-economia-del-ecuador-en-2026\\\/\"},\"author\":{\"name\":\"Erick Villafuerte\",\"@id\":\"https:\\\/\\\/www.quebakan.com\\\/v15\\\/#\\\/schema\\\/person\\\/d90fa9f9cfa81eb8ace9811e5b7b9118\"},\"headline\":\"\u00bfHacia d\u00f3nde va la econom\u00eda del Ecuador en 2026?\",\"datePublished\":\"2026-03-09T19:06:41+00:00\",\"mainEntityOfPage\":{\"@id\":\"https:\\\/\\\/www.quebakan.com\\\/v15\\\/hacia-donde-va-la-economia-del-ecuador-en-2026\\\/\"},\"wordCount\":775,\"publisher\":{\"@id\":\"https:\\\/\\\/www.quebakan.com\\\/v15\\\/#organization\"},\"image\":{\"@id\":\"https:\\\/\\\/www.quebakan.com\\\/v15\\\/hacia-donde-va-la-economia-del-ecuador-en-2026\\\/#primaryimage\"},\"thumbnailUrl\":\"https:\\\/\\\/www.quebakan.com\\\/v15\\\/wp-content\\\/uploads\\\/2026\\\/03\\\/foto-corp.jpg\",\"articleSection\":[\"Noticias\"],\"inLanguage\":\"es\"},{\"@type\":\"WebPage\",\"@id\":\"https:\\\/\\\/www.quebakan.com\\\/v15\\\/hacia-donde-va-la-economia-del-ecuador-en-2026\\\/\",\"url\":\"https:\\\/\\\/www.quebakan.com\\\/v15\\\/hacia-donde-va-la-economia-del-ecuador-en-2026\\\/\",\"name\":\"\u00bfHacia d\u00f3nde va la econom\u00eda del Ecuador en 2026? &#8211; QUEBAKAN.COM 2026: Noticias, Eventos, Conciertos y mucho m\u00e1s....\",\"isPartOf\":{\"@id\":\"https:\\\/\\\/www.quebakan.com\\\/v15\\\/#website\"},\"primaryImageOfPage\":{\"@id\":\"https:\\\/\\\/www.quebakan.com\\\/v15\\\/hacia-donde-va-la-economia-del-ecuador-en-2026\\\/#primaryimage\"},\"image\":{\"@id\":\"https:\\\/\\\/www.quebakan.com\\\/v15\\\/hacia-donde-va-la-economia-del-ecuador-en-2026\\\/#primaryimage\"},\"thumbnailUrl\":\"https:\\\/\\\/www.quebakan.com\\\/v15\\\/wp-content\\\/uploads\\\/2026\\\/03\\\/foto-corp.jpg\",\"datePublished\":\"2026-03-09T19:06:41+00:00\",\"breadcrumb\":{\"@id\":\"https:\\\/\\\/www.quebakan.com\\\/v15\\\/hacia-donde-va-la-economia-del-ecuador-en-2026\\\/#breadcrumb\"},\"inLanguage\":\"es\",\"potentialAction\":[{\"@type\":\"ReadAction\",\"target\":[\"https:\\\/\\\/www.quebakan.com\\\/v15\\\/hacia-donde-va-la-economia-del-ecuador-en-2026\\\/\"]}]},{\"@type\":\"ImageObject\",\"inLanguage\":\"es\",\"@id\":\"https:\\\/\\\/www.quebakan.com\\\/v15\\\/hacia-donde-va-la-economia-del-ecuador-en-2026\\\/#primaryimage\",\"url\":\"https:\\\/\\\/www.quebakan.com\\\/v15\\\/wp-content\\\/uploads\\\/2026\\\/03\\\/foto-corp.jpg\",\"contentUrl\":\"https:\\\/\\\/www.quebakan.com\\\/v15\\\/wp-content\\\/uploads\\\/2026\\\/03\\\/foto-corp.jpg\",\"width\":700,\"height\":398},{\"@type\":\"BreadcrumbList\",\"@id\":\"https:\\\/\\\/www.quebakan.com\\\/v15\\\/hacia-donde-va-la-economia-del-ecuador-en-2026\\\/#breadcrumb\",\"itemListElement\":[{\"@type\":\"ListItem\",\"position\":1,\"name\":\"Portada\",\"item\":\"https:\\\/\\\/www.quebakan.com\\\/v15\\\/\"},{\"@type\":\"ListItem\",\"position\":2,\"name\":\"\u00bfHacia d\u00f3nde va la econom\u00eda del Ecuador en 2026?\"}]},{\"@type\":\"WebSite\",\"@id\":\"https:\\\/\\\/www.quebakan.com\\\/v15\\\/#website\",\"url\":\"https:\\\/\\\/www.quebakan.com\\\/v15\\\/\",\"name\":\"QUEBAKAN\",\"description\":\"..\",\"publisher\":{\"@id\":\"https:\\\/\\\/www.quebakan.com\\\/v15\\\/#organization\"},\"potentialAction\":[{\"@type\":\"SearchAction\",\"target\":{\"@type\":\"EntryPoint\",\"urlTemplate\":\"https:\\\/\\\/www.quebakan.com\\\/v15\\\/?s={search_term_string}\"},\"query-input\":{\"@type\":\"PropertyValueSpecification\",\"valueRequired\":true,\"valueName\":\"search_term_string\"}}],\"inLanguage\":\"es\"},{\"@type\":\"Organization\",\"@id\":\"https:\\\/\\\/www.quebakan.com\\\/v15\\\/#organization\",\"name\":\"Quebakan.com\",\"url\":\"https:\\\/\\\/www.quebakan.com\\\/v15\\\/\",\"logo\":{\"@type\":\"ImageObject\",\"inLanguage\":\"es\",\"@id\":\"https:\\\/\\\/www.quebakan.com\\\/v15\\\/#\\\/schema\\\/logo\\\/image\\\/\",\"url\":\"https:\\\/\\\/www.quebakan.com\\\/v15\\\/wp-content\\\/uploads\\\/2023\\\/07\\\/logoquebakanenero2021.jpg\",\"contentUrl\":\"https:\\\/\\\/www.quebakan.com\\\/v15\\\/wp-content\\\/uploads\\\/2023\\\/07\\\/logoquebakanenero2021.jpg\",\"width\":1920,\"height\":1080,\"caption\":\"Quebakan.com\"},\"image\":{\"@id\":\"https:\\\/\\\/www.quebakan.com\\\/v15\\\/#\\\/schema\\\/logo\\\/image\\\/\"},\"sameAs\":[\"http:\\\/\\\/www.facebook.com\\\/quebakan\",\"https:\\\/\\\/x.com\\\/quebakanec\",\"http:\\\/\\\/www.instagram.com\\\/quebakan\",\"http:\\\/\\\/www.youtube.com\\\/quebakan1\"]},{\"@type\":\"Person\",\"@id\":\"https:\\\/\\\/www.quebakan.com\\\/v15\\\/#\\\/schema\\\/person\\\/d90fa9f9cfa81eb8ace9811e5b7b9118\",\"name\":\"Erick Villafuerte\",\"image\":{\"@type\":\"ImageObject\",\"inLanguage\":\"es\",\"@id\":\"https:\\\/\\\/www.quebakan.com\\\/v15\\\/wp-content\\\/uploads\\\/avatars\\\/4\\\/1731297654-bpfull.png\",\"url\":\"https:\\\/\\\/www.quebakan.com\\\/v15\\\/wp-content\\\/uploads\\\/avatars\\\/4\\\/1731297654-bpfull.png\",\"contentUrl\":\"https:\\\/\\\/www.quebakan.com\\\/v15\\\/wp-content\\\/uploads\\\/avatars\\\/4\\\/1731297654-bpfull.png\",\"caption\":\"Erick Villafuerte\"}}]}<\/script>\n<!-- \/ Yoast SEO plugin. -->","yoast_head_json":{"title":"\u00bfHacia d\u00f3nde va la econom\u00eda del Ecuador en 2026? &#8211; QUEBAKAN.COM 2026: Noticias, Eventos, Conciertos y mucho m\u00e1s....","robots":{"index":"index","follow":"follow","max-snippet":"max-snippet:-1","max-image-preview":"max-image-preview:large","max-video-preview":"max-video-preview:-1"},"canonical":"https:\/\/www.quebakan.com\/v15\/hacia-donde-va-la-economia-del-ecuador-en-2026\/","og_locale":"es_ES","og_type":"article","og_title":"\u00bfHacia d\u00f3nde va la econom\u00eda del Ecuador en 2026? &#8211; QUEBAKAN.COM 2026: Noticias, Eventos, Conciertos y mucho m\u00e1s....","og_description":"Riesgos, oportunidades y el rol de Guayaquil en la agenda de crecimiento De izquierda a derecha: Alberto Acosta, analista financiero y econ\u00f3mico, y Freddy Cevallos, Managing Partner de UHY. En un contexto marcado por la volatilidad regional, los desaf\u00edos fiscales y un entorno de seguridad complejo, la econom\u00eda ecuatoriana atraviesa un punto de inflexi\u00f3n que [&hellip;]","og_url":"https:\/\/www.quebakan.com\/v15\/hacia-donde-va-la-economia-del-ecuador-en-2026\/","og_site_name":"QUEBAKAN.COM 2026: Noticias, Eventos, Conciertos y mucho m\u00e1s....","article_publisher":"http:\/\/www.facebook.com\/quebakan","article_published_time":"2026-03-09T19:06:41+00:00","og_image":[{"width":700,"height":398,"url":"https:\/\/www.quebakan.com\/v15\/wp-content\/uploads\/2026\/03\/foto-corp.jpg","type":"image\/jpeg"}],"author":"Erick Villafuerte","twitter_card":"summary_large_image","twitter_creator":"@quebakanec","twitter_site":"@quebakanec","twitter_misc":{"Escrito por":"Erick Villafuerte","Tiempo de lectura":"4 minutos"},"schema":{"@context":"https:\/\/schema.org","@graph":[{"@type":"Article","@id":"https:\/\/www.quebakan.com\/v15\/hacia-donde-va-la-economia-del-ecuador-en-2026\/#article","isPartOf":{"@id":"https:\/\/www.quebakan.com\/v15\/hacia-donde-va-la-economia-del-ecuador-en-2026\/"},"author":{"name":"Erick Villafuerte","@id":"https:\/\/www.quebakan.com\/v15\/#\/schema\/person\/d90fa9f9cfa81eb8ace9811e5b7b9118"},"headline":"\u00bfHacia d\u00f3nde va la econom\u00eda del Ecuador en 2026?","datePublished":"2026-03-09T19:06:41+00:00","mainEntityOfPage":{"@id":"https:\/\/www.quebakan.com\/v15\/hacia-donde-va-la-economia-del-ecuador-en-2026\/"},"wordCount":775,"publisher":{"@id":"https:\/\/www.quebakan.com\/v15\/#organization"},"image":{"@id":"https:\/\/www.quebakan.com\/v15\/hacia-donde-va-la-economia-del-ecuador-en-2026\/#primaryimage"},"thumbnailUrl":"https:\/\/www.quebakan.com\/v15\/wp-content\/uploads\/2026\/03\/foto-corp.jpg","articleSection":["Noticias"],"inLanguage":"es"},{"@type":"WebPage","@id":"https:\/\/www.quebakan.com\/v15\/hacia-donde-va-la-economia-del-ecuador-en-2026\/","url":"https:\/\/www.quebakan.com\/v15\/hacia-donde-va-la-economia-del-ecuador-en-2026\/","name":"\u00bfHacia d\u00f3nde va la econom\u00eda del Ecuador en 2026? &#8211; QUEBAKAN.COM 2026: Noticias, Eventos, Conciertos y mucho m\u00e1s....","isPartOf":{"@id":"https:\/\/www.quebakan.com\/v15\/#website"},"primaryImageOfPage":{"@id":"https:\/\/www.quebakan.com\/v15\/hacia-donde-va-la-economia-del-ecuador-en-2026\/#primaryimage"},"image":{"@id":"https:\/\/www.quebakan.com\/v15\/hacia-donde-va-la-economia-del-ecuador-en-2026\/#primaryimage"},"thumbnailUrl":"https:\/\/www.quebakan.com\/v15\/wp-content\/uploads\/2026\/03\/foto-corp.jpg","datePublished":"2026-03-09T19:06:41+00:00","breadcrumb":{"@id":"https:\/\/www.quebakan.com\/v15\/hacia-donde-va-la-economia-del-ecuador-en-2026\/#breadcrumb"},"inLanguage":"es","potentialAction":[{"@type":"ReadAction","target":["https:\/\/www.quebakan.com\/v15\/hacia-donde-va-la-economia-del-ecuador-en-2026\/"]}]},{"@type":"ImageObject","inLanguage":"es","@id":"https:\/\/www.quebakan.com\/v15\/hacia-donde-va-la-economia-del-ecuador-en-2026\/#primaryimage","url":"https:\/\/www.quebakan.com\/v15\/wp-content\/uploads\/2026\/03\/foto-corp.jpg","contentUrl":"https:\/\/www.quebakan.com\/v15\/wp-content\/uploads\/2026\/03\/foto-corp.jpg","width":700,"height":398},{"@type":"BreadcrumbList","@id":"https:\/\/www.quebakan.com\/v15\/hacia-donde-va-la-economia-del-ecuador-en-2026\/#breadcrumb","itemListElement":[{"@type":"ListItem","position":1,"name":"Portada","item":"https:\/\/www.quebakan.com\/v15\/"},{"@type":"ListItem","position":2,"name":"\u00bfHacia d\u00f3nde va la econom\u00eda del Ecuador en 2026?"}]},{"@type":"WebSite","@id":"https:\/\/www.quebakan.com\/v15\/#website","url":"https:\/\/www.quebakan.com\/v15\/","name":"QUEBAKAN","description":"..","publisher":{"@id":"https:\/\/www.quebakan.com\/v15\/#organization"},"potentialAction":[{"@type":"SearchAction","target":{"@type":"EntryPoint","urlTemplate":"https:\/\/www.quebakan.com\/v15\/?s={search_term_string}"},"query-input":{"@type":"PropertyValueSpecification","valueRequired":true,"valueName":"search_term_string"}}],"inLanguage":"es"},{"@type":"Organization","@id":"https:\/\/www.quebakan.com\/v15\/#organization","name":"Quebakan.com","url":"https:\/\/www.quebakan.com\/v15\/","logo":{"@type":"ImageObject","inLanguage":"es","@id":"https:\/\/www.quebakan.com\/v15\/#\/schema\/logo\/image\/","url":"https:\/\/www.quebakan.com\/v15\/wp-content\/uploads\/2023\/07\/logoquebakanenero2021.jpg","contentUrl":"https:\/\/www.quebakan.com\/v15\/wp-content\/uploads\/2023\/07\/logoquebakanenero2021.jpg","width":1920,"height":1080,"caption":"Quebakan.com"},"image":{"@id":"https:\/\/www.quebakan.com\/v15\/#\/schema\/logo\/image\/"},"sameAs":["http:\/\/www.facebook.com\/quebakan","https:\/\/x.com\/quebakanec","http:\/\/www.instagram.com\/quebakan","http:\/\/www.youtube.com\/quebakan1"]},{"@type":"Person","@id":"https:\/\/www.quebakan.com\/v15\/#\/schema\/person\/d90fa9f9cfa81eb8ace9811e5b7b9118","name":"Erick Villafuerte","image":{"@type":"ImageObject","inLanguage":"es","@id":"https:\/\/www.quebakan.com\/v15\/wp-content\/uploads\/avatars\/4\/1731297654-bpfull.png","url":"https:\/\/www.quebakan.com\/v15\/wp-content\/uploads\/avatars\/4\/1731297654-bpfull.png","contentUrl":"https:\/\/www.quebakan.com\/v15\/wp-content\/uploads\/avatars\/4\/1731297654-bpfull.png","caption":"Erick Villafuerte"}}]}},"_links":{"self":[{"href":"https:\/\/www.quebakan.com\/v15\/wp-json\/wp\/v2\/posts\/140595","targetHints":{"allow":["GET"]}}],"collection":[{"href":"https:\/\/www.quebakan.com\/v15\/wp-json\/wp\/v2\/posts"}],"about":[{"href":"https:\/\/www.quebakan.com\/v15\/wp-json\/wp\/v2\/types\/post"}],"author":[{"embeddable":true,"href":"https:\/\/www.quebakan.com\/v15\/wp-json\/wp\/v2\/users\/4"}],"replies":[{"embeddable":true,"href":"https:\/\/www.quebakan.com\/v15\/wp-json\/wp\/v2\/comments?post=140595"}],"version-history":[{"count":1,"href":"https:\/\/www.quebakan.com\/v15\/wp-json\/wp\/v2\/posts\/140595\/revisions"}],"predecessor-version":[{"id":140597,"href":"https:\/\/www.quebakan.com\/v15\/wp-json\/wp\/v2\/posts\/140595\/revisions\/140597"}],"wp:featuredmedia":[{"embeddable":true,"href":"https:\/\/www.quebakan.com\/v15\/wp-json\/wp\/v2\/media\/140596"}],"wp:attachment":[{"href":"https:\/\/www.quebakan.com\/v15\/wp-json\/wp\/v2\/media?parent=140595"}],"wp:term":[{"taxonomy":"category","embeddable":true,"href":"https:\/\/www.quebakan.com\/v15\/wp-json\/wp\/v2\/categories?post=140595"},{"taxonomy":"post_tag","embeddable":true,"href":"https:\/\/www.quebakan.com\/v15\/wp-json\/wp\/v2\/tags?post=140595"}],"curies":[{"name":"wp","href":"https:\/\/api.w.org\/{rel}","templated":true}]}}