{"id":140598,"date":"2026-03-09T14:13:03","date_gmt":"2026-03-09T19:13:03","guid":{"rendered":"https:\/\/www.quebakan.com\/v15\/?p=140598"},"modified":"2026-03-09T14:13:03","modified_gmt":"2026-03-09T19:13:03","slug":"los-indispensables-del-regreso-a-clases-ahora-estan-al-mejor-precio-en-etafashion","status":"publish","type":"post","link":"https:\/\/www.quebakan.com\/v15\/los-indispensables-del-regreso-a-clases-ahora-estan-al-mejor-precio-en-etafashion\/","title":{"rendered":"Los indispensables del regreso a clases ahora est\u00e1n al mejor precio en ETAFASHION"},"content":{"rendered":"<p><img fetchpriority=\"high\" decoding=\"async\" class=\"aligncenter size-full wp-image-140599\" src=\"https:\/\/www.quebakan.com\/v15\/wp-content\/uploads\/2026\/03\/BTS1.jpg\" alt=\"\" width=\"700\" height=\"464\" \/><\/p>\n<p style=\"text-align: justify;\"><span style=\"color: #000000;\"><strong>Ecuador, marzo de 2026.\u2013<\/strong> El regreso a clases marca el inicio de nuevas metas, aprendizajes <\/span><span style=\"color: #000000;\">y sue\u00f1os para miles de familias ecuatorianas. Es una temporada que combina ilusi\u00f3n, <\/span><span style=\"color: #000000;\">organizaci\u00f3n y planificaci\u00f3n. Este 2026, en la regi\u00f3n Costa, ETAFASHION se consolida como <\/span><span style=\"color: #000000;\">el destino integral donde las familias pueden encontrar todo lo necesario para comenzar el <\/span><span style=\"color: #000000;\">a\u00f1o escolar con confianza, variedad y precios accesibles.<\/span><\/p>\n<p style=\"text-align: justify;\"><span style=\"color: #000000;\">La campa\u00f1a Back to School Costa 2026 de ETAFASHION pone a disposici\u00f3n una propuesta <\/span><span style=\"color: #000000;\">completa que integra moda, calzado, mochilas, tecnolog\u00eda y esenciales escolares, <\/span><span style=\"color: #000000;\">permitiendo a las familias resolver todas sus compras en un solo lugar. <\/span><\/p>\n<p style=\"text-align: justify;\"><span style=\"color: #000000;\">Planificar las compras desde marzo permite acceder a mayor variedad de tallas, dise\u00f1os y <\/span><span style=\"color: #000000;\">marcas, adem\u00e1s de aprovechar promociones especiales y facilidades de pago. Anticiparse <\/span><span style=\"color: #000000;\">no s\u00f3lo facilita la organizaci\u00f3n del presupuesto familiar, sino que tambi\u00e9n garantiza <\/span><span style=\"color: #000000;\">encontrar todo lo necesario sin contratiempos.<\/span><\/p>\n<p style=\"text-align: justify;\"><strong><span style=\"color: #000000;\">Los indispensables del regreso a clases<\/span><\/strong><br \/>\n<span style=\"color: #000000;\">Para esta temporada, ETAFASHION presenta una amplia selecci\u00f3n de productos pensados <\/span><span style=\"color: #000000;\">para estudiantes de diferentes edades y niveles acad\u00e9micos. Entre los art\u00edculos m\u00e1s <\/span><span style=\"color: #000000;\">buscados se encuentran:<\/span><\/p>\n<p style=\"text-align: justify;\"><span style=\"color: #000000;\">\u25cf Calzado escolar deportivo y formal desde $15,99, con marcas reconocidas como <\/span><span style=\"color: #000000;\">Venus, Bunky, Ferrari y otras opciones dise\u00f1adas para brindar comodidad y <\/span><span style=\"color: #000000;\">durabilidad durante la jornada escolar.<\/span><\/p>\n<p style=\"text-align: justify;\"><span style=\"color: #000000;\">\u25cf Jeans desde $19,99, ideales para uniformes o actividades escolares.<\/span><\/p>\n<p style=\"text-align: justify;\"><span style=\"color: #000000;\">\u25cf Mochilas desde $25,99 y sets escolares completos desde $39,99, que incluyen <\/span><span style=\"color: #000000;\">mochila, lonchera y cartuchera, con marcas de alto reconocimiento como Totto, <\/span><span style=\"color: #000000;\">Mozioni, Vasari y Kiut, que destacan por sus dise\u00f1os ergon\u00f3micos, <\/span><span style=\"color: #000000;\">compartimentos funcionales y variedad de estilos.<\/span><\/p>\n<p style=\"text-align: justify;\"><span style=\"color: #000000;\">\u25cf B\u00e1sicos indispensables como camisetas, medias, ropa interior y prendas c\u00f3modas <\/span><span style=\"color: #000000;\">para el d\u00eda a d\u00eda escolar.<\/span><\/p>\n<p style=\"text-align: justify;\"><strong><span style=\"color: #000000;\">Mochilas para cada necesidad<\/span><\/strong><br \/>\n<span style=\"color: #000000;\">La colecci\u00f3n de mochilas incluye distintos modelos que responden a las necesidades de <\/span><span style=\"color: #000000;\">cada etapa escolar:<\/span><\/p>\n<p style=\"text-align: justify;\"><span style=\"color: #000000;\">\u25cf Mochilas ergon\u00f3micas para estudiantes que transportan libros y cuadernos <\/span><span style=\"color: #000000;\">diariamente.<\/span><br \/>\n<span style=\"color: #000000;\">\u25cf Modelos con m\u00faltiples compartimentos, ideales para organizar \u00fatiles, dispositivos <\/span><span style=\"color: #000000;\">electr\u00f3nicos y accesorios.<\/span><br \/>\n<span style=\"color: #000000;\">\u25cf Dise\u00f1os modernos y resistentes, pensados para acompa\u00f1ar todo el a\u00f1o lectivo.<\/span><\/p>\n<p style=\"text-align: justify;\"><strong><span style=\"color: #000000;\">Tecnolog\u00eda que acompa\u00f1a el aprendizaje<\/span><\/strong><br \/>\n<span style=\"color: #000000;\">La campa\u00f1a tambi\u00e9n incorpora opciones tecnol\u00f3gicas cada vez m\u00e1s necesarias en el <\/span><span style=\"color: #000000;\">entorno educativo actual, como computadores, tablets y celulares, que permiten a los <\/span><span style=\"color: #000000;\">estudiantes mantenerse conectados con plataformas educativas, tareas digitales y <\/span><span style=\"color: #000000;\">actividades acad\u00e9micas.<\/span><\/p>\n<p style=\"text-align: justify;\"><strong><span style=\"color: #000000;\">Facilidades de pago para las familias<\/span><\/strong><br \/>\n<span style=\"color: #000000;\">Como parte de la campa\u00f1a, ETAFASHION ofrece a sus clientes la posibilidad de acceder a <\/span><span style=\"color: #000000;\">Cr\u00e9dito Directo Planeta, que permite diferir las compras hasta 24 meses, facilitando as\u00ed la <\/span><span style=\"color: #000000;\">planificaci\u00f3n del presupuesto familiar durante esta temporada.<\/span><\/p>\n<p style=\"text-align: justify;\"><span style=\"color: #000000;\">\u201cEn ETAFASHION queremos acompa\u00f1ar a las familias ecuatorianas en cada paso de este <\/span><span style=\"color: #000000;\">proceso. Sabemos que el regreso a clases es una temporada llena de emoci\u00f3n, ilusi\u00f3n y <\/span><span style=\"color: #000000;\">nuevos comienzos, y por eso abrimos nuestras tiendas para que encuentren todo lo que <\/span><span style=\"color: #000000;\">necesitan en un solo lugar. Ofrecemos una amplia variedad de opciones y marcas, junto <\/span><span style=\"color: #000000;\">con promociones y beneficios de pago pensados para adaptarse a cada presupuesto\u201d, <\/span><span style=\"color: #000000;\">destaca la marca.<\/span><\/p>\n<p style=\"text-align: justify;\"><span style=\"color: #000000;\">Con presencia estrat\u00e9gica en la regi\u00f3n Costa, la campa\u00f1a est\u00e1 disponible en tiendas <\/span><span style=\"color: #000000;\">ubicadas en Mall del Sol, San Marino, CityMall, Riocentro Ceibos, Mall del Norte, Mall del Sur, <\/span><span style=\"color: #000000;\">Av. 9 de Octubre y Chile (centro GYE), Mall del Pac\u00edfico, Babahoyo, Santo Domingo y <\/span><span style=\"color: #000000;\">Machala en el C.C. La Gran Piazza, facilitando el acceso a las familias en puntos clave de la <\/span><span style=\"color: #000000;\">regi\u00f3n.<\/span><\/p>\n<p style=\"text-align: justify;\"><span style=\"color: #000000;\">Back to School Costa 2026 no es solo una temporada comercial; es una invitaci\u00f3n a <\/span><span style=\"color: #000000;\">comenzar el a\u00f1o escolar con organizaci\u00f3n, estilo y tranquilidad. Porque cuando todo est\u00e1 <\/span><span style=\"color: #000000;\">listo desde el primer d\u00eda, el regreso a clases se vive con mayor seguridad y entusiasmo. Y en <\/span><span style=\"color: #000000;\">ETAFASHION, todo empieza bien.<\/span><\/p>\n<p><img decoding=\"async\" class=\"aligncenter size-full wp-image-140600\" src=\"https:\/\/www.quebakan.com\/v15\/wp-content\/uploads\/2026\/03\/BTS4.jpg\" alt=\"\" width=\"461\" height=\"700\" \/><\/p>\n<p>&nbsp;<\/p>\n<p><img decoding=\"async\" class=\"aligncenter size-full wp-image-140601\" src=\"https:\/\/www.quebakan.com\/v15\/wp-content\/uploads\/2026\/03\/BTS3.jpg\" alt=\"\" width=\"700\" height=\"433\" \/><\/p>\n<p>&nbsp;<\/p>\n<p><img loading=\"lazy\" decoding=\"async\" class=\"aligncenter size-full wp-image-140602\" src=\"https:\/\/www.quebakan.com\/v15\/wp-content\/uploads\/2026\/03\/BTS2.jpg\" alt=\"\" width=\"700\" height=\"464\" \/><\/p>\n","protected":false},"excerpt":{"rendered":"<p>Ecuador, marzo de 2026.\u2013 El regreso a clases marca el inicio de nuevas metas, aprendizajes y sue\u00f1os para miles de familias ecuatorianas. Es una temporada que combina ilusi\u00f3n, organizaci\u00f3n y planificaci\u00f3n. Este 2026, en la regi\u00f3n Costa, ETAFASHION se consolida como el destino integral donde las familias pueden encontrar todo lo necesario para comenzar el [&hellip;]<\/p>\n","protected":false},"author":4,"featured_media":140599,"comment_status":"closed","ping_status":"closed","sticky":false,"template":"","format":"standard","meta":{"_bbp_topic_count":0,"_bbp_reply_count":0,"_bbp_total_topic_count":0,"_bbp_total_reply_count":0,"_bbp_voice_count":0,"_bbp_anonymous_reply_count":0,"_bbp_topic_count_hidden":0,"_bbp_reply_count_hidden":0,"_bbp_forum_subforum_count":0,"buzzeditor_post_format":"","footnotes":""},"categories":[2],"tags":[],"class_list":["post-140598","post","type-post","status-publish","format-standard","has-post-thumbnail","hentry","category-noticias"],"yoast_head":"<!-- This site is optimized with the Yoast SEO plugin v27.5 - https:\/\/yoast.com\/product\/yoast-seo-wordpress\/ -->\n<title>Los indispensables del regreso a clases ahora est\u00e1n al mejor precio en ETAFASHION &#8211; QUEBAKAN.COM 2026: Noticias, Eventos, Conciertos y mucho m\u00e1s....<\/title>\n<meta name=\"robots\" content=\"index, follow, max-snippet:-1, max-image-preview:large, max-video-preview:-1\" \/>\n<link rel=\"canonical\" href=\"https:\/\/www.quebakan.com\/v15\/los-indispensables-del-regreso-a-clases-ahora-estan-al-mejor-precio-en-etafashion\/\" \/>\n<meta property=\"og:locale\" content=\"es_ES\" \/>\n<meta property=\"og:type\" content=\"article\" \/>\n<meta property=\"og:title\" content=\"Los indispensables del regreso a clases ahora est\u00e1n al mejor precio en ETAFASHION &#8211; QUEBAKAN.COM 2026: Noticias, Eventos, Conciertos y mucho m\u00e1s....\" \/>\n<meta property=\"og:description\" content=\"Ecuador, marzo de 2026.\u2013 El regreso a clases marca el inicio de nuevas metas, aprendizajes y sue\u00f1os para miles de familias ecuatorianas. Es una temporada que combina ilusi\u00f3n, organizaci\u00f3n y planificaci\u00f3n. Este 2026, en la regi\u00f3n Costa, ETAFASHION se consolida como el destino integral donde las familias pueden encontrar todo lo necesario para comenzar el [&hellip;]\" \/>\n<meta property=\"og:url\" content=\"https:\/\/www.quebakan.com\/v15\/los-indispensables-del-regreso-a-clases-ahora-estan-al-mejor-precio-en-etafashion\/\" \/>\n<meta property=\"og:site_name\" content=\"QUEBAKAN.COM 2026: Noticias, Eventos, Conciertos y mucho m\u00e1s....\" \/>\n<meta property=\"article:publisher\" content=\"http:\/\/www.facebook.com\/quebakan\" \/>\n<meta property=\"article:published_time\" content=\"2026-03-09T19:13:03+00:00\" \/>\n<meta property=\"og:image\" content=\"https:\/\/www.quebakan.com\/v15\/wp-content\/uploads\/2026\/03\/BTS1.jpg\" \/>\n\t<meta property=\"og:image:width\" content=\"700\" \/>\n\t<meta property=\"og:image:height\" content=\"464\" \/>\n\t<meta property=\"og:image:type\" content=\"image\/jpeg\" \/>\n<meta name=\"author\" content=\"Erick Villafuerte\" \/>\n<meta name=\"twitter:card\" content=\"summary_large_image\" \/>\n<meta name=\"twitter:creator\" content=\"@quebakanec\" \/>\n<meta name=\"twitter:site\" content=\"@quebakanec\" \/>\n<meta name=\"twitter:label1\" content=\"Escrito por\" \/>\n\t<meta name=\"twitter:data1\" content=\"Erick Villafuerte\" \/>\n\t<meta name=\"twitter:label2\" content=\"Tiempo de lectura\" \/>\n\t<meta name=\"twitter:data2\" content=\"4 minutos\" \/>\n<script type=\"application\/ld+json\" class=\"yoast-schema-graph\">{\"@context\":\"https:\\\/\\\/schema.org\",\"@graph\":[{\"@type\":\"Article\",\"@id\":\"https:\\\/\\\/www.quebakan.com\\\/v15\\\/los-indispensables-del-regreso-a-clases-ahora-estan-al-mejor-precio-en-etafashion\\\/#article\",\"isPartOf\":{\"@id\":\"https:\\\/\\\/www.quebakan.com\\\/v15\\\/los-indispensables-del-regreso-a-clases-ahora-estan-al-mejor-precio-en-etafashion\\\/\"},\"author\":{\"name\":\"Erick Villafuerte\",\"@id\":\"https:\\\/\\\/www.quebakan.com\\\/v15\\\/#\\\/schema\\\/person\\\/d90fa9f9cfa81eb8ace9811e5b7b9118\"},\"headline\":\"Los indispensables del regreso a clases ahora est\u00e1n al mejor precio en ETAFASHION\",\"datePublished\":\"2026-03-09T19:13:03+00:00\",\"mainEntityOfPage\":{\"@id\":\"https:\\\/\\\/www.quebakan.com\\\/v15\\\/los-indispensables-del-regreso-a-clases-ahora-estan-al-mejor-precio-en-etafashion\\\/\"},\"wordCount\":644,\"publisher\":{\"@id\":\"https:\\\/\\\/www.quebakan.com\\\/v15\\\/#organization\"},\"image\":{\"@id\":\"https:\\\/\\\/www.quebakan.com\\\/v15\\\/los-indispensables-del-regreso-a-clases-ahora-estan-al-mejor-precio-en-etafashion\\\/#primaryimage\"},\"thumbnailUrl\":\"https:\\\/\\\/www.quebakan.com\\\/v15\\\/wp-content\\\/uploads\\\/2026\\\/03\\\/BTS1.jpg\",\"articleSection\":[\"Noticias\"],\"inLanguage\":\"es\"},{\"@type\":\"WebPage\",\"@id\":\"https:\\\/\\\/www.quebakan.com\\\/v15\\\/los-indispensables-del-regreso-a-clases-ahora-estan-al-mejor-precio-en-etafashion\\\/\",\"url\":\"https:\\\/\\\/www.quebakan.com\\\/v15\\\/los-indispensables-del-regreso-a-clases-ahora-estan-al-mejor-precio-en-etafashion\\\/\",\"name\":\"Los indispensables del regreso a clases ahora est\u00e1n al mejor precio en ETAFASHION &#8211; QUEBAKAN.COM 2026: Noticias, Eventos, Conciertos y mucho m\u00e1s....\",\"isPartOf\":{\"@id\":\"https:\\\/\\\/www.quebakan.com\\\/v15\\\/#website\"},\"primaryImageOfPage\":{\"@id\":\"https:\\\/\\\/www.quebakan.com\\\/v15\\\/los-indispensables-del-regreso-a-clases-ahora-estan-al-mejor-precio-en-etafashion\\\/#primaryimage\"},\"image\":{\"@id\":\"https:\\\/\\\/www.quebakan.com\\\/v15\\\/los-indispensables-del-regreso-a-clases-ahora-estan-al-mejor-precio-en-etafashion\\\/#primaryimage\"},\"thumbnailUrl\":\"https:\\\/\\\/www.quebakan.com\\\/v15\\\/wp-content\\\/uploads\\\/2026\\\/03\\\/BTS1.jpg\",\"datePublished\":\"2026-03-09T19:13:03+00:00\",\"breadcrumb\":{\"@id\":\"https:\\\/\\\/www.quebakan.com\\\/v15\\\/los-indispensables-del-regreso-a-clases-ahora-estan-al-mejor-precio-en-etafashion\\\/#breadcrumb\"},\"inLanguage\":\"es\",\"potentialAction\":[{\"@type\":\"ReadAction\",\"target\":[\"https:\\\/\\\/www.quebakan.com\\\/v15\\\/los-indispensables-del-regreso-a-clases-ahora-estan-al-mejor-precio-en-etafashion\\\/\"]}]},{\"@type\":\"ImageObject\",\"inLanguage\":\"es\",\"@id\":\"https:\\\/\\\/www.quebakan.com\\\/v15\\\/los-indispensables-del-regreso-a-clases-ahora-estan-al-mejor-precio-en-etafashion\\\/#primaryimage\",\"url\":\"https:\\\/\\\/www.quebakan.com\\\/v15\\\/wp-content\\\/uploads\\\/2026\\\/03\\\/BTS1.jpg\",\"contentUrl\":\"https:\\\/\\\/www.quebakan.com\\\/v15\\\/wp-content\\\/uploads\\\/2026\\\/03\\\/BTS1.jpg\",\"width\":700,\"height\":464},{\"@type\":\"BreadcrumbList\",\"@id\":\"https:\\\/\\\/www.quebakan.com\\\/v15\\\/los-indispensables-del-regreso-a-clases-ahora-estan-al-mejor-precio-en-etafashion\\\/#breadcrumb\",\"itemListElement\":[{\"@type\":\"ListItem\",\"position\":1,\"name\":\"Portada\",\"item\":\"https:\\\/\\\/www.quebakan.com\\\/v15\\\/\"},{\"@type\":\"ListItem\",\"position\":2,\"name\":\"Los indispensables del regreso a clases ahora est\u00e1n al mejor precio en ETAFASHION\"}]},{\"@type\":\"WebSite\",\"@id\":\"https:\\\/\\\/www.quebakan.com\\\/v15\\\/#website\",\"url\":\"https:\\\/\\\/www.quebakan.com\\\/v15\\\/\",\"name\":\"QUEBAKAN\",\"description\":\"..\",\"publisher\":{\"@id\":\"https:\\\/\\\/www.quebakan.com\\\/v15\\\/#organization\"},\"potentialAction\":[{\"@type\":\"SearchAction\",\"target\":{\"@type\":\"EntryPoint\",\"urlTemplate\":\"https:\\\/\\\/www.quebakan.com\\\/v15\\\/?s={search_term_string}\"},\"query-input\":{\"@type\":\"PropertyValueSpecification\",\"valueRequired\":true,\"valueName\":\"search_term_string\"}}],\"inLanguage\":\"es\"},{\"@type\":\"Organization\",\"@id\":\"https:\\\/\\\/www.quebakan.com\\\/v15\\\/#organization\",\"name\":\"Quebakan.com\",\"url\":\"https:\\\/\\\/www.quebakan.com\\\/v15\\\/\",\"logo\":{\"@type\":\"ImageObject\",\"inLanguage\":\"es\",\"@id\":\"https:\\\/\\\/www.quebakan.com\\\/v15\\\/#\\\/schema\\\/logo\\\/image\\\/\",\"url\":\"https:\\\/\\\/www.quebakan.com\\\/v15\\\/wp-content\\\/uploads\\\/2023\\\/07\\\/logoquebakanenero2021.jpg\",\"contentUrl\":\"https:\\\/\\\/www.quebakan.com\\\/v15\\\/wp-content\\\/uploads\\\/2023\\\/07\\\/logoquebakanenero2021.jpg\",\"width\":1920,\"height\":1080,\"caption\":\"Quebakan.com\"},\"image\":{\"@id\":\"https:\\\/\\\/www.quebakan.com\\\/v15\\\/#\\\/schema\\\/logo\\\/image\\\/\"},\"sameAs\":[\"http:\\\/\\\/www.facebook.com\\\/quebakan\",\"https:\\\/\\\/x.com\\\/quebakanec\",\"http:\\\/\\\/www.instagram.com\\\/quebakan\",\"http:\\\/\\\/www.youtube.com\\\/quebakan1\"]},{\"@type\":\"Person\",\"@id\":\"https:\\\/\\\/www.quebakan.com\\\/v15\\\/#\\\/schema\\\/person\\\/d90fa9f9cfa81eb8ace9811e5b7b9118\",\"name\":\"Erick Villafuerte\",\"image\":{\"@type\":\"ImageObject\",\"inLanguage\":\"es\",\"@id\":\"https:\\\/\\\/www.quebakan.com\\\/v15\\\/wp-content\\\/uploads\\\/avatars\\\/4\\\/1731297654-bpfull.png\",\"url\":\"https:\\\/\\\/www.quebakan.com\\\/v15\\\/wp-content\\\/uploads\\\/avatars\\\/4\\\/1731297654-bpfull.png\",\"contentUrl\":\"https:\\\/\\\/www.quebakan.com\\\/v15\\\/wp-content\\\/uploads\\\/avatars\\\/4\\\/1731297654-bpfull.png\",\"caption\":\"Erick Villafuerte\"}}]}<\/script>\n<!-- \/ Yoast SEO plugin. -->","yoast_head_json":{"title":"Los indispensables del regreso a clases ahora est\u00e1n al mejor precio en ETAFASHION &#8211; QUEBAKAN.COM 2026: Noticias, Eventos, Conciertos y mucho m\u00e1s....","robots":{"index":"index","follow":"follow","max-snippet":"max-snippet:-1","max-image-preview":"max-image-preview:large","max-video-preview":"max-video-preview:-1"},"canonical":"https:\/\/www.quebakan.com\/v15\/los-indispensables-del-regreso-a-clases-ahora-estan-al-mejor-precio-en-etafashion\/","og_locale":"es_ES","og_type":"article","og_title":"Los indispensables del regreso a clases ahora est\u00e1n al mejor precio en ETAFASHION &#8211; QUEBAKAN.COM 2026: Noticias, Eventos, Conciertos y mucho m\u00e1s....","og_description":"Ecuador, marzo de 2026.\u2013 El regreso a clases marca el inicio de nuevas metas, aprendizajes y sue\u00f1os para miles de familias ecuatorianas. Es una temporada que combina ilusi\u00f3n, organizaci\u00f3n y planificaci\u00f3n. Este 2026, en la regi\u00f3n Costa, ETAFASHION se consolida como el destino integral donde las familias pueden encontrar todo lo necesario para comenzar el [&hellip;]","og_url":"https:\/\/www.quebakan.com\/v15\/los-indispensables-del-regreso-a-clases-ahora-estan-al-mejor-precio-en-etafashion\/","og_site_name":"QUEBAKAN.COM 2026: Noticias, Eventos, Conciertos y mucho m\u00e1s....","article_publisher":"http:\/\/www.facebook.com\/quebakan","article_published_time":"2026-03-09T19:13:03+00:00","og_image":[{"width":700,"height":464,"url":"https:\/\/www.quebakan.com\/v15\/wp-content\/uploads\/2026\/03\/BTS1.jpg","type":"image\/jpeg"}],"author":"Erick Villafuerte","twitter_card":"summary_large_image","twitter_creator":"@quebakanec","twitter_site":"@quebakanec","twitter_misc":{"Escrito por":"Erick Villafuerte","Tiempo de lectura":"4 minutos"},"schema":{"@context":"https:\/\/schema.org","@graph":[{"@type":"Article","@id":"https:\/\/www.quebakan.com\/v15\/los-indispensables-del-regreso-a-clases-ahora-estan-al-mejor-precio-en-etafashion\/#article","isPartOf":{"@id":"https:\/\/www.quebakan.com\/v15\/los-indispensables-del-regreso-a-clases-ahora-estan-al-mejor-precio-en-etafashion\/"},"author":{"name":"Erick Villafuerte","@id":"https:\/\/www.quebakan.com\/v15\/#\/schema\/person\/d90fa9f9cfa81eb8ace9811e5b7b9118"},"headline":"Los indispensables del regreso a clases ahora est\u00e1n al mejor precio en ETAFASHION","datePublished":"2026-03-09T19:13:03+00:00","mainEntityOfPage":{"@id":"https:\/\/www.quebakan.com\/v15\/los-indispensables-del-regreso-a-clases-ahora-estan-al-mejor-precio-en-etafashion\/"},"wordCount":644,"publisher":{"@id":"https:\/\/www.quebakan.com\/v15\/#organization"},"image":{"@id":"https:\/\/www.quebakan.com\/v15\/los-indispensables-del-regreso-a-clases-ahora-estan-al-mejor-precio-en-etafashion\/#primaryimage"},"thumbnailUrl":"https:\/\/www.quebakan.com\/v15\/wp-content\/uploads\/2026\/03\/BTS1.jpg","articleSection":["Noticias"],"inLanguage":"es"},{"@type":"WebPage","@id":"https:\/\/www.quebakan.com\/v15\/los-indispensables-del-regreso-a-clases-ahora-estan-al-mejor-precio-en-etafashion\/","url":"https:\/\/www.quebakan.com\/v15\/los-indispensables-del-regreso-a-clases-ahora-estan-al-mejor-precio-en-etafashion\/","name":"Los indispensables del regreso a clases ahora est\u00e1n al mejor precio en ETAFASHION &#8211; QUEBAKAN.COM 2026: Noticias, Eventos, Conciertos y mucho m\u00e1s....","isPartOf":{"@id":"https:\/\/www.quebakan.com\/v15\/#website"},"primaryImageOfPage":{"@id":"https:\/\/www.quebakan.com\/v15\/los-indispensables-del-regreso-a-clases-ahora-estan-al-mejor-precio-en-etafashion\/#primaryimage"},"image":{"@id":"https:\/\/www.quebakan.com\/v15\/los-indispensables-del-regreso-a-clases-ahora-estan-al-mejor-precio-en-etafashion\/#primaryimage"},"thumbnailUrl":"https:\/\/www.quebakan.com\/v15\/wp-content\/uploads\/2026\/03\/BTS1.jpg","datePublished":"2026-03-09T19:13:03+00:00","breadcrumb":{"@id":"https:\/\/www.quebakan.com\/v15\/los-indispensables-del-regreso-a-clases-ahora-estan-al-mejor-precio-en-etafashion\/#breadcrumb"},"inLanguage":"es","potentialAction":[{"@type":"ReadAction","target":["https:\/\/www.quebakan.com\/v15\/los-indispensables-del-regreso-a-clases-ahora-estan-al-mejor-precio-en-etafashion\/"]}]},{"@type":"ImageObject","inLanguage":"es","@id":"https:\/\/www.quebakan.com\/v15\/los-indispensables-del-regreso-a-clases-ahora-estan-al-mejor-precio-en-etafashion\/#primaryimage","url":"https:\/\/www.quebakan.com\/v15\/wp-content\/uploads\/2026\/03\/BTS1.jpg","contentUrl":"https:\/\/www.quebakan.com\/v15\/wp-content\/uploads\/2026\/03\/BTS1.jpg","width":700,"height":464},{"@type":"BreadcrumbList","@id":"https:\/\/www.quebakan.com\/v15\/los-indispensables-del-regreso-a-clases-ahora-estan-al-mejor-precio-en-etafashion\/#breadcrumb","itemListElement":[{"@type":"ListItem","position":1,"name":"Portada","item":"https:\/\/www.quebakan.com\/v15\/"},{"@type":"ListItem","position":2,"name":"Los indispensables del regreso a clases ahora est\u00e1n al mejor precio en ETAFASHION"}]},{"@type":"WebSite","@id":"https:\/\/www.quebakan.com\/v15\/#website","url":"https:\/\/www.quebakan.com\/v15\/","name":"QUEBAKAN","description":"..","publisher":{"@id":"https:\/\/www.quebakan.com\/v15\/#organization"},"potentialAction":[{"@type":"SearchAction","target":{"@type":"EntryPoint","urlTemplate":"https:\/\/www.quebakan.com\/v15\/?s={search_term_string}"},"query-input":{"@type":"PropertyValueSpecification","valueRequired":true,"valueName":"search_term_string"}}],"inLanguage":"es"},{"@type":"Organization","@id":"https:\/\/www.quebakan.com\/v15\/#organization","name":"Quebakan.com","url":"https:\/\/www.quebakan.com\/v15\/","logo":{"@type":"ImageObject","inLanguage":"es","@id":"https:\/\/www.quebakan.com\/v15\/#\/schema\/logo\/image\/","url":"https:\/\/www.quebakan.com\/v15\/wp-content\/uploads\/2023\/07\/logoquebakanenero2021.jpg","contentUrl":"https:\/\/www.quebakan.com\/v15\/wp-content\/uploads\/2023\/07\/logoquebakanenero2021.jpg","width":1920,"height":1080,"caption":"Quebakan.com"},"image":{"@id":"https:\/\/www.quebakan.com\/v15\/#\/schema\/logo\/image\/"},"sameAs":["http:\/\/www.facebook.com\/quebakan","https:\/\/x.com\/quebakanec","http:\/\/www.instagram.com\/quebakan","http:\/\/www.youtube.com\/quebakan1"]},{"@type":"Person","@id":"https:\/\/www.quebakan.com\/v15\/#\/schema\/person\/d90fa9f9cfa81eb8ace9811e5b7b9118","name":"Erick Villafuerte","image":{"@type":"ImageObject","inLanguage":"es","@id":"https:\/\/www.quebakan.com\/v15\/wp-content\/uploads\/avatars\/4\/1731297654-bpfull.png","url":"https:\/\/www.quebakan.com\/v15\/wp-content\/uploads\/avatars\/4\/1731297654-bpfull.png","contentUrl":"https:\/\/www.quebakan.com\/v15\/wp-content\/uploads\/avatars\/4\/1731297654-bpfull.png","caption":"Erick Villafuerte"}}]}},"_links":{"self":[{"href":"https:\/\/www.quebakan.com\/v15\/wp-json\/wp\/v2\/posts\/140598","targetHints":{"allow":["GET"]}}],"collection":[{"href":"https:\/\/www.quebakan.com\/v15\/wp-json\/wp\/v2\/posts"}],"about":[{"href":"https:\/\/www.quebakan.com\/v15\/wp-json\/wp\/v2\/types\/post"}],"author":[{"embeddable":true,"href":"https:\/\/www.quebakan.com\/v15\/wp-json\/wp\/v2\/users\/4"}],"replies":[{"embeddable":true,"href":"https:\/\/www.quebakan.com\/v15\/wp-json\/wp\/v2\/comments?post=140598"}],"version-history":[{"count":1,"href":"https:\/\/www.quebakan.com\/v15\/wp-json\/wp\/v2\/posts\/140598\/revisions"}],"predecessor-version":[{"id":140603,"href":"https:\/\/www.quebakan.com\/v15\/wp-json\/wp\/v2\/posts\/140598\/revisions\/140603"}],"wp:featuredmedia":[{"embeddable":true,"href":"https:\/\/www.quebakan.com\/v15\/wp-json\/wp\/v2\/media\/140599"}],"wp:attachment":[{"href":"https:\/\/www.quebakan.com\/v15\/wp-json\/wp\/v2\/media?parent=140598"}],"wp:term":[{"taxonomy":"category","embeddable":true,"href":"https:\/\/www.quebakan.com\/v15\/wp-json\/wp\/v2\/categories?post=140598"},{"taxonomy":"post_tag","embeddable":true,"href":"https:\/\/www.quebakan.com\/v15\/wp-json\/wp\/v2\/tags?post=140598"}],"curies":[{"name":"wp","href":"https:\/\/api.w.org\/{rel}","templated":true}]}}