{"id":140604,"date":"2026-03-09T23:02:18","date_gmt":"2026-03-10T04:02:18","guid":{"rendered":"https:\/\/www.quebakan.com\/v15\/?p=140604"},"modified":"2026-03-09T23:02:18","modified_gmt":"2026-03-10T04:02:18","slug":"plan-cacao-de-nestle-destaca-a-las-mujeres-que-estan-impulsando-una-nueva-era-para-el-agro-y-el-cacao-ecuatoriano","status":"publish","type":"post","link":"https:\/\/www.quebakan.com\/v15\/plan-cacao-de-nestle-destaca-a-las-mujeres-que-estan-impulsando-una-nueva-era-para-el-agro-y-el-cacao-ecuatoriano\/","title":{"rendered":"Plan Cacao de Nestl\u00e9 destaca a las mujeres que est\u00e1n impulsando una nueva era para el agro y el cacao ecuatoriano"},"content":{"rendered":"<p><img fetchpriority=\"high\" decoding=\"async\" class=\"aligncenter size-full wp-image-140605\" src=\"https:\/\/www.quebakan.com\/v15\/wp-content\/uploads\/2026\/03\/ce-dia-de-la-mujer.jpg\" alt=\"\" width=\"700\" height=\"467\" \/><\/p>\n<p style=\"text-align: justify;\"><span style=\"color: #000000;\"><em>En la cadena de valor del cacao, el liderazgo femenino gana espacio en la gesti\u00f3n de fincas y en la adopci\u00f3n de mejores pr\u00e1cticas, aportando a una producci\u00f3n m\u00e1s sostenible.<\/em><\/span><\/p>\n<p style=\"text-align: justify;\"><span style=\"color: #000000;\">En Ecuador, el cacao no solo se cultiva: <strong>se sostiene<\/strong>. Y en ese sost\u00e9n, miles de mujeres asumen decisiones t\u00e9cnicas, operativas y comerciales que mantienen vivas las fincas familiares y aseguran la continuidad del agro en comunidades donde cada cosecha representa una apuesta por el futuro.<\/span><\/p>\n<p style=\"text-align: justify;\"><span style=\"color: #000000;\">En <strong>Plan Cacao de Nestl\u00e9<\/strong>, una finca liderada por una mujer no es solo un gesto simb\u00f3lico, sino una muestra de transformaci\u00f3n. All\u00ed, ellas son protagonistas en la gesti\u00f3n diaria, el manejo agr\u00f3nomo y la negociaci\u00f3n de la venta del cacao.<\/span><\/p>\n<p style=\"text-align: justify;\"><span style=\"color: #000000;\">Hoy, <strong>el 27% de las fincas del programa est\u00e1n lideradas por mujeres<\/strong>, reflejando un cambio real en la toma de decisiones y en la din\u00e1mica productiva del cacao.<\/span><\/p>\n<p style=\"text-align: justify;\"><span style=\"color: #000000;\">Para <strong>Ivonne Baidoo, Gerente del Servicio de Desarrollo Agr\u00edcola<\/strong>, cada finca es el resultado del esfuerzo conjunto de mujeres y hombres, pero tambi\u00e9n el espacio donde emerge una fuerza transformadora: <strong>el liderazgo femenino<\/strong>.<\/span><\/p>\n<p style=\"text-align: justify;\"><span style=\"color: #000000;\">\u201cCuando una mujer asume la gesti\u00f3n de su finca, se forma, innova y comparte ese aprendizaje con su comunidad, la cadena de valor del cacao cambia. Su liderazgo impulsa mejores pr\u00e1cticas, abre oportunidades y asegura que el cacao ecuatoriano siga floreciendo generaci\u00f3n tras generaci\u00f3n\u201d.<\/span><\/p>\n<p style=\"text-align: justify;\"><span style=\"color: #000000;\">Esta conexi\u00f3n entre liderazgo, productividad y calidad explica por qu\u00e9 <strong>Plan Cacao<\/strong> se ha consolidado como una estrategia de largo plazo. Con m\u00e1s de <strong>15 a\u00f1os de trabajo<\/strong> junto a <strong>7.500 agricultores<\/strong>, el programa impulsa productividad, equidad y relevo generacional.<\/span><\/p>\n<p style=\"text-align: justify;\"><span style=\"color: #000000;\">El avance tambi\u00e9n se evidencia en la <strong>formaci\u00f3n t\u00e9cnica<\/strong>: solo en 2025, <strong>124 mujeres<\/strong> se graduaron de las Escuelas de Agroemprendimiento, y <strong>18<\/strong> de un total de 50 asistentes, participaron en el primer diplomado <em>Herederos en el Campo<\/em>, espacios dise\u00f1ados para fortalecer liderazgo, toma de decisiones y continuidad del negocio familiar.<\/span><\/p>\n<p style=\"text-align: justify;\"><span style=\"color: #000000;\">Para <strong>Dennise Guevara<\/strong>, una de las mujeres que hoy se forma para liderar el relevo generacional, el motor es la preparaci\u00f3n y la confianza:<\/span><\/p>\n<p style=\"text-align: justify;\"><span style=\"color: #000000;\">\u201cSer mujer en el agro es un acto de valent\u00eda. Hoy s\u00e9 que tengo las herramientas, el conocimiento y la confianza para liderar, innovar y transformar mi comunidad. No solo heredamos la tierra; heredamos la responsabilidad de hacerla florecer\u201d.<\/span><\/p>\n<p style=\"text-align: justify;\"><span style=\"color: #000000;\">El Plan Cacao, a trav\u00e9s de sus tres ejes \u2014<strong>Mejores Fincas, Mejores Vidas y Mejor Cacao<\/strong>\u2014impulsa acciones concretas para fortalecer el liderazgo femenino y ampliar capacidades en el agro, entre ellas est\u00e1n:<\/span><\/p>\n<ul style=\"text-align: justify;\">\n<li><span style=\"color: #000000;\">Escuelas de Agroemprendimiento con formaci\u00f3n productiva y financiera<\/span><\/li>\n<li><span style=\"color: #000000;\">Diplomado <strong>Herederos en el Campo<\/strong>, enfocado en liderazgo y relevo generacional<\/span><\/li>\n<li><span style=\"color: #000000;\">Acompa\u00f1amiento t\u00e9cnico continuo en territorio<\/span><\/li>\n<li><span style=\"color: #000000;\">Campa\u00f1as para promover la inclusi\u00f3n de mujeres en el agro<\/span><\/li>\n<li><span style=\"color: #000000;\">Fortalecimiento de redes de mujeres productoras de cacao<\/span><\/li>\n<\/ul>\n<p style=\"text-align: justify;\"><span style=\"color: #000000;\">En el marco del <strong>D\u00eda Internacional de la Mujer<\/strong>, este reconocimiento trasciende el homenaje. El cacao ecuatoriano es fruto del trabajo de miles de agricultores que sostienen el campo con dedicaci\u00f3n, y cuando m\u00e1s mujeres acceden a formaci\u00f3n, acompa\u00f1amiento y espacios de decisi\u00f3n, <strong>las fincas se fortalecen, las comunidades crecen y el futuro del cacao ecuatoriano se vuelve m\u00e1s resiliente y competitivo<\/strong>.<\/span><\/p>\n<p><img decoding=\"async\" class=\"aligncenter size-full wp-image-140606\" src=\"https:\/\/www.quebakan.com\/v15\/wp-content\/uploads\/2026\/03\/ce-dia-de-la-mujer-2.jpg\" alt=\"\" width=\"700\" height=\"394\" \/><\/p>\n","protected":false},"excerpt":{"rendered":"<p>En la cadena de valor del cacao, el liderazgo femenino gana espacio en la gesti\u00f3n de fincas y en la adopci\u00f3n de mejores pr\u00e1cticas, aportando a una producci\u00f3n m\u00e1s sostenible. En Ecuador, el cacao no solo se cultiva: se sostiene. Y en ese sost\u00e9n, miles de mujeres asumen decisiones t\u00e9cnicas, operativas y comerciales que mantienen [&hellip;]<\/p>\n","protected":false},"author":4,"featured_media":140605,"comment_status":"closed","ping_status":"closed","sticky":false,"template":"","format":"standard","meta":{"_bbp_topic_count":0,"_bbp_reply_count":0,"_bbp_total_topic_count":0,"_bbp_total_reply_count":0,"_bbp_voice_count":0,"_bbp_anonymous_reply_count":0,"_bbp_topic_count_hidden":0,"_bbp_reply_count_hidden":0,"_bbp_forum_subforum_count":0,"buzzeditor_post_format":"","footnotes":""},"categories":[2],"tags":[],"class_list":["post-140604","post","type-post","status-publish","format-standard","has-post-thumbnail","hentry","category-noticias"],"yoast_head":"<!-- This site is optimized with the Yoast SEO plugin v27.5 - https:\/\/yoast.com\/product\/yoast-seo-wordpress\/ -->\n<title>Plan Cacao de Nestl\u00e9 destaca a las mujeres que est\u00e1n impulsando una nueva era para el agro y el cacao ecuatoriano &#8211; QUEBAKAN.COM 2026: Noticias, Eventos, Conciertos y mucho m\u00e1s....<\/title>\n<meta name=\"robots\" content=\"index, follow, max-snippet:-1, max-image-preview:large, max-video-preview:-1\" \/>\n<link rel=\"canonical\" href=\"https:\/\/www.quebakan.com\/v15\/plan-cacao-de-nestle-destaca-a-las-mujeres-que-estan-impulsando-una-nueva-era-para-el-agro-y-el-cacao-ecuatoriano\/\" \/>\n<meta property=\"og:locale\" content=\"es_ES\" \/>\n<meta property=\"og:type\" content=\"article\" \/>\n<meta property=\"og:title\" content=\"Plan Cacao de Nestl\u00e9 destaca a las mujeres que est\u00e1n impulsando una nueva era para el agro y el cacao ecuatoriano &#8211; QUEBAKAN.COM 2026: Noticias, Eventos, Conciertos y mucho m\u00e1s....\" \/>\n<meta property=\"og:description\" content=\"En la cadena de valor del cacao, el liderazgo femenino gana espacio en la gesti\u00f3n de fincas y en la adopci\u00f3n de mejores pr\u00e1cticas, aportando a una producci\u00f3n m\u00e1s sostenible. En Ecuador, el cacao no solo se cultiva: se sostiene. Y en ese sost\u00e9n, miles de mujeres asumen decisiones t\u00e9cnicas, operativas y comerciales que mantienen [&hellip;]\" \/>\n<meta property=\"og:url\" content=\"https:\/\/www.quebakan.com\/v15\/plan-cacao-de-nestle-destaca-a-las-mujeres-que-estan-impulsando-una-nueva-era-para-el-agro-y-el-cacao-ecuatoriano\/\" \/>\n<meta property=\"og:site_name\" content=\"QUEBAKAN.COM 2026: Noticias, Eventos, Conciertos y mucho m\u00e1s....\" \/>\n<meta property=\"article:publisher\" content=\"http:\/\/www.facebook.com\/quebakan\" \/>\n<meta property=\"article:published_time\" content=\"2026-03-10T04:02:18+00:00\" \/>\n<meta property=\"og:image\" content=\"https:\/\/www.quebakan.com\/v15\/wp-content\/uploads\/2026\/03\/ce-dia-de-la-mujer.jpg\" \/>\n\t<meta property=\"og:image:width\" content=\"700\" \/>\n\t<meta property=\"og:image:height\" content=\"467\" \/>\n\t<meta property=\"og:image:type\" content=\"image\/jpeg\" \/>\n<meta name=\"author\" content=\"Erick Villafuerte\" \/>\n<meta name=\"twitter:card\" content=\"summary_large_image\" \/>\n<meta name=\"twitter:creator\" content=\"@quebakanec\" \/>\n<meta name=\"twitter:site\" content=\"@quebakanec\" \/>\n<meta name=\"twitter:label1\" content=\"Escrito por\" \/>\n\t<meta name=\"twitter:data1\" content=\"Erick Villafuerte\" \/>\n\t<meta name=\"twitter:label2\" content=\"Tiempo de lectura\" \/>\n\t<meta name=\"twitter:data2\" content=\"3 minutos\" \/>\n<script type=\"application\/ld+json\" class=\"yoast-schema-graph\">{\"@context\":\"https:\\\/\\\/schema.org\",\"@graph\":[{\"@type\":\"Article\",\"@id\":\"https:\\\/\\\/www.quebakan.com\\\/v15\\\/plan-cacao-de-nestle-destaca-a-las-mujeres-que-estan-impulsando-una-nueva-era-para-el-agro-y-el-cacao-ecuatoriano\\\/#article\",\"isPartOf\":{\"@id\":\"https:\\\/\\\/www.quebakan.com\\\/v15\\\/plan-cacao-de-nestle-destaca-a-las-mujeres-que-estan-impulsando-una-nueva-era-para-el-agro-y-el-cacao-ecuatoriano\\\/\"},\"author\":{\"name\":\"Erick Villafuerte\",\"@id\":\"https:\\\/\\\/www.quebakan.com\\\/v15\\\/#\\\/schema\\\/person\\\/d90fa9f9cfa81eb8ace9811e5b7b9118\"},\"headline\":\"Plan Cacao de Nestl\u00e9 destaca a las mujeres que est\u00e1n impulsando una nueva era para el agro y el cacao ecuatoriano\",\"datePublished\":\"2026-03-10T04:02:18+00:00\",\"mainEntityOfPage\":{\"@id\":\"https:\\\/\\\/www.quebakan.com\\\/v15\\\/plan-cacao-de-nestle-destaca-a-las-mujeres-que-estan-impulsando-una-nueva-era-para-el-agro-y-el-cacao-ecuatoriano\\\/\"},\"wordCount\":571,\"publisher\":{\"@id\":\"https:\\\/\\\/www.quebakan.com\\\/v15\\\/#organization\"},\"image\":{\"@id\":\"https:\\\/\\\/www.quebakan.com\\\/v15\\\/plan-cacao-de-nestle-destaca-a-las-mujeres-que-estan-impulsando-una-nueva-era-para-el-agro-y-el-cacao-ecuatoriano\\\/#primaryimage\"},\"thumbnailUrl\":\"https:\\\/\\\/www.quebakan.com\\\/v15\\\/wp-content\\\/uploads\\\/2026\\\/03\\\/ce-dia-de-la-mujer.jpg\",\"articleSection\":[\"Noticias\"],\"inLanguage\":\"es\"},{\"@type\":\"WebPage\",\"@id\":\"https:\\\/\\\/www.quebakan.com\\\/v15\\\/plan-cacao-de-nestle-destaca-a-las-mujeres-que-estan-impulsando-una-nueva-era-para-el-agro-y-el-cacao-ecuatoriano\\\/\",\"url\":\"https:\\\/\\\/www.quebakan.com\\\/v15\\\/plan-cacao-de-nestle-destaca-a-las-mujeres-que-estan-impulsando-una-nueva-era-para-el-agro-y-el-cacao-ecuatoriano\\\/\",\"name\":\"Plan Cacao de Nestl\u00e9 destaca a las mujeres que est\u00e1n impulsando una nueva era para el agro y el cacao ecuatoriano &#8211; QUEBAKAN.COM 2026: Noticias, Eventos, Conciertos y mucho m\u00e1s....\",\"isPartOf\":{\"@id\":\"https:\\\/\\\/www.quebakan.com\\\/v15\\\/#website\"},\"primaryImageOfPage\":{\"@id\":\"https:\\\/\\\/www.quebakan.com\\\/v15\\\/plan-cacao-de-nestle-destaca-a-las-mujeres-que-estan-impulsando-una-nueva-era-para-el-agro-y-el-cacao-ecuatoriano\\\/#primaryimage\"},\"image\":{\"@id\":\"https:\\\/\\\/www.quebakan.com\\\/v15\\\/plan-cacao-de-nestle-destaca-a-las-mujeres-que-estan-impulsando-una-nueva-era-para-el-agro-y-el-cacao-ecuatoriano\\\/#primaryimage\"},\"thumbnailUrl\":\"https:\\\/\\\/www.quebakan.com\\\/v15\\\/wp-content\\\/uploads\\\/2026\\\/03\\\/ce-dia-de-la-mujer.jpg\",\"datePublished\":\"2026-03-10T04:02:18+00:00\",\"breadcrumb\":{\"@id\":\"https:\\\/\\\/www.quebakan.com\\\/v15\\\/plan-cacao-de-nestle-destaca-a-las-mujeres-que-estan-impulsando-una-nueva-era-para-el-agro-y-el-cacao-ecuatoriano\\\/#breadcrumb\"},\"inLanguage\":\"es\",\"potentialAction\":[{\"@type\":\"ReadAction\",\"target\":[\"https:\\\/\\\/www.quebakan.com\\\/v15\\\/plan-cacao-de-nestle-destaca-a-las-mujeres-que-estan-impulsando-una-nueva-era-para-el-agro-y-el-cacao-ecuatoriano\\\/\"]}]},{\"@type\":\"ImageObject\",\"inLanguage\":\"es\",\"@id\":\"https:\\\/\\\/www.quebakan.com\\\/v15\\\/plan-cacao-de-nestle-destaca-a-las-mujeres-que-estan-impulsando-una-nueva-era-para-el-agro-y-el-cacao-ecuatoriano\\\/#primaryimage\",\"url\":\"https:\\\/\\\/www.quebakan.com\\\/v15\\\/wp-content\\\/uploads\\\/2026\\\/03\\\/ce-dia-de-la-mujer.jpg\",\"contentUrl\":\"https:\\\/\\\/www.quebakan.com\\\/v15\\\/wp-content\\\/uploads\\\/2026\\\/03\\\/ce-dia-de-la-mujer.jpg\",\"width\":700,\"height\":467},{\"@type\":\"BreadcrumbList\",\"@id\":\"https:\\\/\\\/www.quebakan.com\\\/v15\\\/plan-cacao-de-nestle-destaca-a-las-mujeres-que-estan-impulsando-una-nueva-era-para-el-agro-y-el-cacao-ecuatoriano\\\/#breadcrumb\",\"itemListElement\":[{\"@type\":\"ListItem\",\"position\":1,\"name\":\"Portada\",\"item\":\"https:\\\/\\\/www.quebakan.com\\\/v15\\\/\"},{\"@type\":\"ListItem\",\"position\":2,\"name\":\"Plan Cacao de Nestl\u00e9 destaca a las mujeres que est\u00e1n impulsando una nueva era para el agro y el cacao ecuatoriano\"}]},{\"@type\":\"WebSite\",\"@id\":\"https:\\\/\\\/www.quebakan.com\\\/v15\\\/#website\",\"url\":\"https:\\\/\\\/www.quebakan.com\\\/v15\\\/\",\"name\":\"QUEBAKAN\",\"description\":\"..\",\"publisher\":{\"@id\":\"https:\\\/\\\/www.quebakan.com\\\/v15\\\/#organization\"},\"potentialAction\":[{\"@type\":\"SearchAction\",\"target\":{\"@type\":\"EntryPoint\",\"urlTemplate\":\"https:\\\/\\\/www.quebakan.com\\\/v15\\\/?s={search_term_string}\"},\"query-input\":{\"@type\":\"PropertyValueSpecification\",\"valueRequired\":true,\"valueName\":\"search_term_string\"}}],\"inLanguage\":\"es\"},{\"@type\":\"Organization\",\"@id\":\"https:\\\/\\\/www.quebakan.com\\\/v15\\\/#organization\",\"name\":\"Quebakan.com\",\"url\":\"https:\\\/\\\/www.quebakan.com\\\/v15\\\/\",\"logo\":{\"@type\":\"ImageObject\",\"inLanguage\":\"es\",\"@id\":\"https:\\\/\\\/www.quebakan.com\\\/v15\\\/#\\\/schema\\\/logo\\\/image\\\/\",\"url\":\"https:\\\/\\\/www.quebakan.com\\\/v15\\\/wp-content\\\/uploads\\\/2023\\\/07\\\/logoquebakanenero2021.jpg\",\"contentUrl\":\"https:\\\/\\\/www.quebakan.com\\\/v15\\\/wp-content\\\/uploads\\\/2023\\\/07\\\/logoquebakanenero2021.jpg\",\"width\":1920,\"height\":1080,\"caption\":\"Quebakan.com\"},\"image\":{\"@id\":\"https:\\\/\\\/www.quebakan.com\\\/v15\\\/#\\\/schema\\\/logo\\\/image\\\/\"},\"sameAs\":[\"http:\\\/\\\/www.facebook.com\\\/quebakan\",\"https:\\\/\\\/x.com\\\/quebakanec\",\"http:\\\/\\\/www.instagram.com\\\/quebakan\",\"http:\\\/\\\/www.youtube.com\\\/quebakan1\"]},{\"@type\":\"Person\",\"@id\":\"https:\\\/\\\/www.quebakan.com\\\/v15\\\/#\\\/schema\\\/person\\\/d90fa9f9cfa81eb8ace9811e5b7b9118\",\"name\":\"Erick Villafuerte\",\"image\":{\"@type\":\"ImageObject\",\"inLanguage\":\"es\",\"@id\":\"https:\\\/\\\/www.quebakan.com\\\/v15\\\/wp-content\\\/uploads\\\/avatars\\\/4\\\/1731297654-bpfull.png\",\"url\":\"https:\\\/\\\/www.quebakan.com\\\/v15\\\/wp-content\\\/uploads\\\/avatars\\\/4\\\/1731297654-bpfull.png\",\"contentUrl\":\"https:\\\/\\\/www.quebakan.com\\\/v15\\\/wp-content\\\/uploads\\\/avatars\\\/4\\\/1731297654-bpfull.png\",\"caption\":\"Erick Villafuerte\"}}]}<\/script>\n<!-- \/ Yoast SEO plugin. -->","yoast_head_json":{"title":"Plan Cacao de Nestl\u00e9 destaca a las mujeres que est\u00e1n impulsando una nueva era para el agro y el cacao ecuatoriano &#8211; QUEBAKAN.COM 2026: Noticias, Eventos, Conciertos y mucho m\u00e1s....","robots":{"index":"index","follow":"follow","max-snippet":"max-snippet:-1","max-image-preview":"max-image-preview:large","max-video-preview":"max-video-preview:-1"},"canonical":"https:\/\/www.quebakan.com\/v15\/plan-cacao-de-nestle-destaca-a-las-mujeres-que-estan-impulsando-una-nueva-era-para-el-agro-y-el-cacao-ecuatoriano\/","og_locale":"es_ES","og_type":"article","og_title":"Plan Cacao de Nestl\u00e9 destaca a las mujeres que est\u00e1n impulsando una nueva era para el agro y el cacao ecuatoriano &#8211; QUEBAKAN.COM 2026: Noticias, Eventos, Conciertos y mucho m\u00e1s....","og_description":"En la cadena de valor del cacao, el liderazgo femenino gana espacio en la gesti\u00f3n de fincas y en la adopci\u00f3n de mejores pr\u00e1cticas, aportando a una producci\u00f3n m\u00e1s sostenible. En Ecuador, el cacao no solo se cultiva: se sostiene. Y en ese sost\u00e9n, miles de mujeres asumen decisiones t\u00e9cnicas, operativas y comerciales que mantienen [&hellip;]","og_url":"https:\/\/www.quebakan.com\/v15\/plan-cacao-de-nestle-destaca-a-las-mujeres-que-estan-impulsando-una-nueva-era-para-el-agro-y-el-cacao-ecuatoriano\/","og_site_name":"QUEBAKAN.COM 2026: Noticias, Eventos, Conciertos y mucho m\u00e1s....","article_publisher":"http:\/\/www.facebook.com\/quebakan","article_published_time":"2026-03-10T04:02:18+00:00","og_image":[{"width":700,"height":467,"url":"https:\/\/www.quebakan.com\/v15\/wp-content\/uploads\/2026\/03\/ce-dia-de-la-mujer.jpg","type":"image\/jpeg"}],"author":"Erick Villafuerte","twitter_card":"summary_large_image","twitter_creator":"@quebakanec","twitter_site":"@quebakanec","twitter_misc":{"Escrito por":"Erick Villafuerte","Tiempo de lectura":"3 minutos"},"schema":{"@context":"https:\/\/schema.org","@graph":[{"@type":"Article","@id":"https:\/\/www.quebakan.com\/v15\/plan-cacao-de-nestle-destaca-a-las-mujeres-que-estan-impulsando-una-nueva-era-para-el-agro-y-el-cacao-ecuatoriano\/#article","isPartOf":{"@id":"https:\/\/www.quebakan.com\/v15\/plan-cacao-de-nestle-destaca-a-las-mujeres-que-estan-impulsando-una-nueva-era-para-el-agro-y-el-cacao-ecuatoriano\/"},"author":{"name":"Erick Villafuerte","@id":"https:\/\/www.quebakan.com\/v15\/#\/schema\/person\/d90fa9f9cfa81eb8ace9811e5b7b9118"},"headline":"Plan Cacao de Nestl\u00e9 destaca a las mujeres que est\u00e1n impulsando una nueva era para el agro y el cacao ecuatoriano","datePublished":"2026-03-10T04:02:18+00:00","mainEntityOfPage":{"@id":"https:\/\/www.quebakan.com\/v15\/plan-cacao-de-nestle-destaca-a-las-mujeres-que-estan-impulsando-una-nueva-era-para-el-agro-y-el-cacao-ecuatoriano\/"},"wordCount":571,"publisher":{"@id":"https:\/\/www.quebakan.com\/v15\/#organization"},"image":{"@id":"https:\/\/www.quebakan.com\/v15\/plan-cacao-de-nestle-destaca-a-las-mujeres-que-estan-impulsando-una-nueva-era-para-el-agro-y-el-cacao-ecuatoriano\/#primaryimage"},"thumbnailUrl":"https:\/\/www.quebakan.com\/v15\/wp-content\/uploads\/2026\/03\/ce-dia-de-la-mujer.jpg","articleSection":["Noticias"],"inLanguage":"es"},{"@type":"WebPage","@id":"https:\/\/www.quebakan.com\/v15\/plan-cacao-de-nestle-destaca-a-las-mujeres-que-estan-impulsando-una-nueva-era-para-el-agro-y-el-cacao-ecuatoriano\/","url":"https:\/\/www.quebakan.com\/v15\/plan-cacao-de-nestle-destaca-a-las-mujeres-que-estan-impulsando-una-nueva-era-para-el-agro-y-el-cacao-ecuatoriano\/","name":"Plan Cacao de Nestl\u00e9 destaca a las mujeres que est\u00e1n impulsando una nueva era para el agro y el cacao ecuatoriano &#8211; QUEBAKAN.COM 2026: Noticias, Eventos, Conciertos y mucho m\u00e1s....","isPartOf":{"@id":"https:\/\/www.quebakan.com\/v15\/#website"},"primaryImageOfPage":{"@id":"https:\/\/www.quebakan.com\/v15\/plan-cacao-de-nestle-destaca-a-las-mujeres-que-estan-impulsando-una-nueva-era-para-el-agro-y-el-cacao-ecuatoriano\/#primaryimage"},"image":{"@id":"https:\/\/www.quebakan.com\/v15\/plan-cacao-de-nestle-destaca-a-las-mujeres-que-estan-impulsando-una-nueva-era-para-el-agro-y-el-cacao-ecuatoriano\/#primaryimage"},"thumbnailUrl":"https:\/\/www.quebakan.com\/v15\/wp-content\/uploads\/2026\/03\/ce-dia-de-la-mujer.jpg","datePublished":"2026-03-10T04:02:18+00:00","breadcrumb":{"@id":"https:\/\/www.quebakan.com\/v15\/plan-cacao-de-nestle-destaca-a-las-mujeres-que-estan-impulsando-una-nueva-era-para-el-agro-y-el-cacao-ecuatoriano\/#breadcrumb"},"inLanguage":"es","potentialAction":[{"@type":"ReadAction","target":["https:\/\/www.quebakan.com\/v15\/plan-cacao-de-nestle-destaca-a-las-mujeres-que-estan-impulsando-una-nueva-era-para-el-agro-y-el-cacao-ecuatoriano\/"]}]},{"@type":"ImageObject","inLanguage":"es","@id":"https:\/\/www.quebakan.com\/v15\/plan-cacao-de-nestle-destaca-a-las-mujeres-que-estan-impulsando-una-nueva-era-para-el-agro-y-el-cacao-ecuatoriano\/#primaryimage","url":"https:\/\/www.quebakan.com\/v15\/wp-content\/uploads\/2026\/03\/ce-dia-de-la-mujer.jpg","contentUrl":"https:\/\/www.quebakan.com\/v15\/wp-content\/uploads\/2026\/03\/ce-dia-de-la-mujer.jpg","width":700,"height":467},{"@type":"BreadcrumbList","@id":"https:\/\/www.quebakan.com\/v15\/plan-cacao-de-nestle-destaca-a-las-mujeres-que-estan-impulsando-una-nueva-era-para-el-agro-y-el-cacao-ecuatoriano\/#breadcrumb","itemListElement":[{"@type":"ListItem","position":1,"name":"Portada","item":"https:\/\/www.quebakan.com\/v15\/"},{"@type":"ListItem","position":2,"name":"Plan Cacao de Nestl\u00e9 destaca a las mujeres que est\u00e1n impulsando una nueva era para el agro y el cacao ecuatoriano"}]},{"@type":"WebSite","@id":"https:\/\/www.quebakan.com\/v15\/#website","url":"https:\/\/www.quebakan.com\/v15\/","name":"QUEBAKAN","description":"..","publisher":{"@id":"https:\/\/www.quebakan.com\/v15\/#organization"},"potentialAction":[{"@type":"SearchAction","target":{"@type":"EntryPoint","urlTemplate":"https:\/\/www.quebakan.com\/v15\/?s={search_term_string}"},"query-input":{"@type":"PropertyValueSpecification","valueRequired":true,"valueName":"search_term_string"}}],"inLanguage":"es"},{"@type":"Organization","@id":"https:\/\/www.quebakan.com\/v15\/#organization","name":"Quebakan.com","url":"https:\/\/www.quebakan.com\/v15\/","logo":{"@type":"ImageObject","inLanguage":"es","@id":"https:\/\/www.quebakan.com\/v15\/#\/schema\/logo\/image\/","url":"https:\/\/www.quebakan.com\/v15\/wp-content\/uploads\/2023\/07\/logoquebakanenero2021.jpg","contentUrl":"https:\/\/www.quebakan.com\/v15\/wp-content\/uploads\/2023\/07\/logoquebakanenero2021.jpg","width":1920,"height":1080,"caption":"Quebakan.com"},"image":{"@id":"https:\/\/www.quebakan.com\/v15\/#\/schema\/logo\/image\/"},"sameAs":["http:\/\/www.facebook.com\/quebakan","https:\/\/x.com\/quebakanec","http:\/\/www.instagram.com\/quebakan","http:\/\/www.youtube.com\/quebakan1"]},{"@type":"Person","@id":"https:\/\/www.quebakan.com\/v15\/#\/schema\/person\/d90fa9f9cfa81eb8ace9811e5b7b9118","name":"Erick Villafuerte","image":{"@type":"ImageObject","inLanguage":"es","@id":"https:\/\/www.quebakan.com\/v15\/wp-content\/uploads\/avatars\/4\/1731297654-bpfull.png","url":"https:\/\/www.quebakan.com\/v15\/wp-content\/uploads\/avatars\/4\/1731297654-bpfull.png","contentUrl":"https:\/\/www.quebakan.com\/v15\/wp-content\/uploads\/avatars\/4\/1731297654-bpfull.png","caption":"Erick Villafuerte"}}]}},"_links":{"self":[{"href":"https:\/\/www.quebakan.com\/v15\/wp-json\/wp\/v2\/posts\/140604","targetHints":{"allow":["GET"]}}],"collection":[{"href":"https:\/\/www.quebakan.com\/v15\/wp-json\/wp\/v2\/posts"}],"about":[{"href":"https:\/\/www.quebakan.com\/v15\/wp-json\/wp\/v2\/types\/post"}],"author":[{"embeddable":true,"href":"https:\/\/www.quebakan.com\/v15\/wp-json\/wp\/v2\/users\/4"}],"replies":[{"embeddable":true,"href":"https:\/\/www.quebakan.com\/v15\/wp-json\/wp\/v2\/comments?post=140604"}],"version-history":[{"count":1,"href":"https:\/\/www.quebakan.com\/v15\/wp-json\/wp\/v2\/posts\/140604\/revisions"}],"predecessor-version":[{"id":140607,"href":"https:\/\/www.quebakan.com\/v15\/wp-json\/wp\/v2\/posts\/140604\/revisions\/140607"}],"wp:featuredmedia":[{"embeddable":true,"href":"https:\/\/www.quebakan.com\/v15\/wp-json\/wp\/v2\/media\/140605"}],"wp:attachment":[{"href":"https:\/\/www.quebakan.com\/v15\/wp-json\/wp\/v2\/media?parent=140604"}],"wp:term":[{"taxonomy":"category","embeddable":true,"href":"https:\/\/www.quebakan.com\/v15\/wp-json\/wp\/v2\/categories?post=140604"},{"taxonomy":"post_tag","embeddable":true,"href":"https:\/\/www.quebakan.com\/v15\/wp-json\/wp\/v2\/tags?post=140604"}],"curies":[{"name":"wp","href":"https:\/\/api.w.org\/{rel}","templated":true}]}}