{"id":140608,"date":"2026-03-10T00:44:32","date_gmt":"2026-03-10T05:44:32","guid":{"rendered":"https:\/\/www.quebakan.com\/v15\/?p=140608"},"modified":"2026-03-10T00:44:32","modified_gmt":"2026-03-10T05:44:32","slug":"el-cio-como-arquitecto-de-estrategia-empresarial-prioridades-para-2026","status":"publish","type":"post","link":"https:\/\/www.quebakan.com\/v15\/el-cio-como-arquitecto-de-estrategia-empresarial-prioridades-para-2026\/","title":{"rendered":"El CIO como Arquitecto de Estrategia Empresarial: Prioridades para 2026"},"content":{"rendered":"<p><img fetchpriority=\"high\" decoding=\"async\" class=\"aligncenter size-full wp-image-140609\" src=\"https:\/\/www.quebakan.com\/v15\/wp-content\/uploads\/2026\/03\/15022026_Global-Tech-Agenda-2026.jpg\" alt=\"\" width=\"700\" height=\"400\" \/><\/p>\n<p style=\"text-align: justify;\"><span style=\"color: #000000;\"><strong>Febrero, 2026. &#8211; <\/strong>El m\u00e1s reciente informe de McKinsey, <em>Our Global Tech Agenda 2026,<\/em> destaca un cambio radical: los Chief Information Officers (CIOs) se consolidan como arquitectos estrat\u00e9gicos del crecimiento empresarial, liderando la integraci\u00f3n profunda de tecnolog\u00eda, inteligencia artificial (IA) y datos en el coraz\u00f3n de las operaciones.<\/span><\/p>\n<p style=\"text-align: justify;\"><span style=\"color: #000000;\"><strong>El giro estrat\u00e9gico del CIO<\/strong><\/span><\/p>\n<p style=\"text-align: justify;\"><span style=\"color: #000000;\">El informe muestra que dos tercios de las empresas de alto rendimiento cuentan con CIOs \u201cmuy involucrados\u201d en el dise\u00f1o e implementaci\u00f3n de la estrategia corporativa. En este nuevo escenario, la tecnolog\u00eda deja de ser un simple soporte y se convierte en motor directo de crecimiento y valor comercial.<\/span><\/p>\n<p style=\"text-align: justify;\"><span style=\"color: #000000;\"><strong>Colaboraci\u00f3n constante entre negocio y tecnolog\u00eda<\/strong><\/span><\/p>\n<p style=\"text-align: justify;\"><span style=\"color: #000000;\">Las organizaciones l\u00edderes est\u00e1n reemplazando la planificaci\u00f3n anual por procesos iterativos de cocreaci\u00f3n entre tecnolog\u00eda y negocio. En estas compa\u00f1\u00edas, casi la mitad ya integra ambas \u00e1reas de manera continua, acelerando la innovaci\u00f3n y alineando prioridades.<\/span><\/p>\n<p style=\"text-align: justify;\"><span style=\"color: #000000;\"><strong>Inteligencia Artificial: Protagonista absoluto<\/strong><\/span><\/p>\n<p style=\"text-align: justify;\"><span style=\"color: #000000;\">AI es hoy la principal prioridad de inversi\u00f3n. Entre los top performers, el 54% colocan a la IA como elemento central de su transformaci\u00f3n para los pr\u00f3ximos dos a\u00f1os. La adopci\u00f3n se traslada a una nueva generaci\u00f3n: \u201cagentic AI\u201d, donde agentes inteligentes automatizan y optimizan procesos completos junto a colaboradores humanos, generando aumentos exponenciales en productividad y resultados medibles en el negocio.<\/span><\/p>\n<p style=\"text-align: justify;\"><span style=\"color: #000000;\">Aunque el potencial es elevado, retos persisten: falta talento especializado e integraci\u00f3n \u00e1gil con sistemas actuales. Por eso, las empresas l\u00edderes apuestan al desarrollo interno \u2014insourcing\u2014 y al reskilling continuo del equipo, mientras reducen dependencia tradicional al outsourcing.<\/span><\/p>\n<p style=\"text-align: justify;\"><span style=\"color: #000000;\"><strong>Nuevos modelos para mayor agilidad<\/strong><\/span><\/p>\n<p style=\"text-align: justify;\"><span style=\"color: #000000;\">Destacan los modelos operativos \u201cproducto y plataforma\u201d, capaces de reducir tiempos de decisi\u00f3n, aumentar ROI tecnol\u00f3gico y facilitar flujos \u00e1giles entre las \u00e1reas comerciales y tecnol\u00f3gicas.<\/span><\/p>\n<p style=\"text-align: justify;\"><span style=\"color: #000000;\"><strong>Cuatro imperativos clave para los CIOs<\/strong><\/span><\/p>\n<ol style=\"text-align: justify;\">\n<li><span style=\"color: #000000;\"><strong>Poner la tecnolog\u00eda en el centro<\/strong>: Participar activamente con CEOs en la estrategia empresarial.<\/span><\/li>\n<li><span style=\"color: #000000;\"><strong>Cocrear continuamente<\/strong>: Iterar planes integrando \u00e1reas comerciales y tecnol\u00f3gicas.<\/span><\/li>\n<li><span style=\"color: #000000;\"><strong>Escalar IA sist\u00e9mica<\/strong>: Adoptar agentes inteligentes dise\u00f1ados para innovaci\u00f3n real.<\/span><\/li>\n<li><span style=\"color: #000000;\"><strong>Replantear estructuras organizacionales alrededor de IA<\/strong>: No solo modernizar, sino redise\u00f1ar procesos cr\u00edticos basados en datos e inteligencia artificial.<\/span><\/li>\n<\/ol>\n<p style=\"text-align: justify;\"><span style=\"color: #000000;\">El \u00e9xito digital ya no radica en acumular herramientas sino en ejecutar transformaciones audaces a escala. Seg\u00fan McKinsey, los CIOs que logren conectar personas, datos y estrategia liderar\u00e1n la pr\u00f3xima ola de crecimiento e innovaci\u00f3n empresarial sostenida hasta 2026.<\/span><\/p>\n<p style=\"text-align: justify;\"><span style=\"color: #000000;\"><strong>Para conocer m\u00e1s del informe de McKinsey &amp; Company, puede consultar el siguiente enlace:<\/strong> <a style=\"color: #000000;\" href=\"https:\/\/www.mckinsey.com\/capabilities\/mckinsey-technology\/our-insights\/mckinsey-global-tech-agenda-2026\">How CIOs are shaping enterprise strategy and growth | McKinsey<\/a><\/span><\/p>\n","protected":false},"excerpt":{"rendered":"<p>Febrero, 2026. &#8211; El m\u00e1s reciente informe de McKinsey, Our Global Tech Agenda 2026, destaca un cambio radical: los Chief Information Officers (CIOs) se consolidan como arquitectos estrat\u00e9gicos del crecimiento empresarial, liderando la integraci\u00f3n profunda de tecnolog\u00eda, inteligencia artificial (IA) y datos en el coraz\u00f3n de las operaciones. El giro estrat\u00e9gico del CIO El informe [&hellip;]<\/p>\n","protected":false},"author":4,"featured_media":140609,"comment_status":"closed","ping_status":"closed","sticky":false,"template":"","format":"standard","meta":{"_bbp_topic_count":0,"_bbp_reply_count":0,"_bbp_total_topic_count":0,"_bbp_total_reply_count":0,"_bbp_voice_count":0,"_bbp_anonymous_reply_count":0,"_bbp_topic_count_hidden":0,"_bbp_reply_count_hidden":0,"_bbp_forum_subforum_count":0,"buzzeditor_post_format":"","footnotes":""},"categories":[2],"tags":[],"class_list":["post-140608","post","type-post","status-publish","format-standard","has-post-thumbnail","hentry","category-noticias"],"yoast_head":"<!-- This site is optimized with the Yoast SEO plugin v27.5 - https:\/\/yoast.com\/product\/yoast-seo-wordpress\/ -->\n<title>El CIO como Arquitecto de Estrategia Empresarial: Prioridades para 2026 &#8211; QUEBAKAN.COM 2026: Noticias, Eventos, Conciertos y mucho m\u00e1s....<\/title>\n<meta name=\"robots\" content=\"index, follow, max-snippet:-1, max-image-preview:large, max-video-preview:-1\" \/>\n<link rel=\"canonical\" href=\"https:\/\/www.quebakan.com\/v15\/el-cio-como-arquitecto-de-estrategia-empresarial-prioridades-para-2026\/\" \/>\n<meta property=\"og:locale\" content=\"es_ES\" \/>\n<meta property=\"og:type\" content=\"article\" \/>\n<meta property=\"og:title\" content=\"El CIO como Arquitecto de Estrategia Empresarial: Prioridades para 2026 &#8211; QUEBAKAN.COM 2026: Noticias, Eventos, Conciertos y mucho m\u00e1s....\" \/>\n<meta property=\"og:description\" content=\"Febrero, 2026. &#8211; El m\u00e1s reciente informe de McKinsey, Our Global Tech Agenda 2026, destaca un cambio radical: los Chief Information Officers (CIOs) se consolidan como arquitectos estrat\u00e9gicos del crecimiento empresarial, liderando la integraci\u00f3n profunda de tecnolog\u00eda, inteligencia artificial (IA) y datos en el coraz\u00f3n de las operaciones. El giro estrat\u00e9gico del CIO El informe [&hellip;]\" \/>\n<meta property=\"og:url\" content=\"https:\/\/www.quebakan.com\/v15\/el-cio-como-arquitecto-de-estrategia-empresarial-prioridades-para-2026\/\" \/>\n<meta property=\"og:site_name\" content=\"QUEBAKAN.COM 2026: Noticias, Eventos, Conciertos y mucho m\u00e1s....\" \/>\n<meta property=\"article:publisher\" content=\"http:\/\/www.facebook.com\/quebakan\" \/>\n<meta property=\"article:published_time\" content=\"2026-03-10T05:44:32+00:00\" \/>\n<meta property=\"og:image\" content=\"https:\/\/www.quebakan.com\/v15\/wp-content\/uploads\/2026\/03\/15022026_Global-Tech-Agenda-2026.jpg\" \/>\n\t<meta property=\"og:image:width\" content=\"700\" \/>\n\t<meta property=\"og:image:height\" content=\"400\" \/>\n\t<meta property=\"og:image:type\" content=\"image\/jpeg\" \/>\n<meta name=\"author\" content=\"Erick Villafuerte\" \/>\n<meta name=\"twitter:card\" content=\"summary_large_image\" \/>\n<meta name=\"twitter:creator\" content=\"@quebakanec\" \/>\n<meta name=\"twitter:site\" content=\"@quebakanec\" \/>\n<meta name=\"twitter:label1\" content=\"Escrito por\" \/>\n\t<meta name=\"twitter:data1\" content=\"Erick Villafuerte\" \/>\n\t<meta name=\"twitter:label2\" content=\"Tiempo de lectura\" \/>\n\t<meta name=\"twitter:data2\" content=\"3 minutos\" \/>\n<script type=\"application\/ld+json\" class=\"yoast-schema-graph\">{\"@context\":\"https:\\\/\\\/schema.org\",\"@graph\":[{\"@type\":\"Article\",\"@id\":\"https:\\\/\\\/www.quebakan.com\\\/v15\\\/el-cio-como-arquitecto-de-estrategia-empresarial-prioridades-para-2026\\\/#article\",\"isPartOf\":{\"@id\":\"https:\\\/\\\/www.quebakan.com\\\/v15\\\/el-cio-como-arquitecto-de-estrategia-empresarial-prioridades-para-2026\\\/\"},\"author\":{\"name\":\"Erick Villafuerte\",\"@id\":\"https:\\\/\\\/www.quebakan.com\\\/v15\\\/#\\\/schema\\\/person\\\/d90fa9f9cfa81eb8ace9811e5b7b9118\"},\"headline\":\"El CIO como Arquitecto de Estrategia Empresarial: Prioridades para 2026\",\"datePublished\":\"2026-03-10T05:44:32+00:00\",\"mainEntityOfPage\":{\"@id\":\"https:\\\/\\\/www.quebakan.com\\\/v15\\\/el-cio-como-arquitecto-de-estrategia-empresarial-prioridades-para-2026\\\/\"},\"wordCount\":445,\"publisher\":{\"@id\":\"https:\\\/\\\/www.quebakan.com\\\/v15\\\/#organization\"},\"image\":{\"@id\":\"https:\\\/\\\/www.quebakan.com\\\/v15\\\/el-cio-como-arquitecto-de-estrategia-empresarial-prioridades-para-2026\\\/#primaryimage\"},\"thumbnailUrl\":\"https:\\\/\\\/www.quebakan.com\\\/v15\\\/wp-content\\\/uploads\\\/2026\\\/03\\\/15022026_Global-Tech-Agenda-2026.jpg\",\"articleSection\":[\"Noticias\"],\"inLanguage\":\"es\"},{\"@type\":\"WebPage\",\"@id\":\"https:\\\/\\\/www.quebakan.com\\\/v15\\\/el-cio-como-arquitecto-de-estrategia-empresarial-prioridades-para-2026\\\/\",\"url\":\"https:\\\/\\\/www.quebakan.com\\\/v15\\\/el-cio-como-arquitecto-de-estrategia-empresarial-prioridades-para-2026\\\/\",\"name\":\"El CIO como Arquitecto de Estrategia Empresarial: Prioridades para 2026 &#8211; QUEBAKAN.COM 2026: Noticias, Eventos, Conciertos y mucho m\u00e1s....\",\"isPartOf\":{\"@id\":\"https:\\\/\\\/www.quebakan.com\\\/v15\\\/#website\"},\"primaryImageOfPage\":{\"@id\":\"https:\\\/\\\/www.quebakan.com\\\/v15\\\/el-cio-como-arquitecto-de-estrategia-empresarial-prioridades-para-2026\\\/#primaryimage\"},\"image\":{\"@id\":\"https:\\\/\\\/www.quebakan.com\\\/v15\\\/el-cio-como-arquitecto-de-estrategia-empresarial-prioridades-para-2026\\\/#primaryimage\"},\"thumbnailUrl\":\"https:\\\/\\\/www.quebakan.com\\\/v15\\\/wp-content\\\/uploads\\\/2026\\\/03\\\/15022026_Global-Tech-Agenda-2026.jpg\",\"datePublished\":\"2026-03-10T05:44:32+00:00\",\"breadcrumb\":{\"@id\":\"https:\\\/\\\/www.quebakan.com\\\/v15\\\/el-cio-como-arquitecto-de-estrategia-empresarial-prioridades-para-2026\\\/#breadcrumb\"},\"inLanguage\":\"es\",\"potentialAction\":[{\"@type\":\"ReadAction\",\"target\":[\"https:\\\/\\\/www.quebakan.com\\\/v15\\\/el-cio-como-arquitecto-de-estrategia-empresarial-prioridades-para-2026\\\/\"]}]},{\"@type\":\"ImageObject\",\"inLanguage\":\"es\",\"@id\":\"https:\\\/\\\/www.quebakan.com\\\/v15\\\/el-cio-como-arquitecto-de-estrategia-empresarial-prioridades-para-2026\\\/#primaryimage\",\"url\":\"https:\\\/\\\/www.quebakan.com\\\/v15\\\/wp-content\\\/uploads\\\/2026\\\/03\\\/15022026_Global-Tech-Agenda-2026.jpg\",\"contentUrl\":\"https:\\\/\\\/www.quebakan.com\\\/v15\\\/wp-content\\\/uploads\\\/2026\\\/03\\\/15022026_Global-Tech-Agenda-2026.jpg\",\"width\":700,\"height\":400},{\"@type\":\"BreadcrumbList\",\"@id\":\"https:\\\/\\\/www.quebakan.com\\\/v15\\\/el-cio-como-arquitecto-de-estrategia-empresarial-prioridades-para-2026\\\/#breadcrumb\",\"itemListElement\":[{\"@type\":\"ListItem\",\"position\":1,\"name\":\"Portada\",\"item\":\"https:\\\/\\\/www.quebakan.com\\\/v15\\\/\"},{\"@type\":\"ListItem\",\"position\":2,\"name\":\"El CIO como Arquitecto de Estrategia Empresarial: Prioridades para 2026\"}]},{\"@type\":\"WebSite\",\"@id\":\"https:\\\/\\\/www.quebakan.com\\\/v15\\\/#website\",\"url\":\"https:\\\/\\\/www.quebakan.com\\\/v15\\\/\",\"name\":\"QUEBAKAN\",\"description\":\"..\",\"publisher\":{\"@id\":\"https:\\\/\\\/www.quebakan.com\\\/v15\\\/#organization\"},\"potentialAction\":[{\"@type\":\"SearchAction\",\"target\":{\"@type\":\"EntryPoint\",\"urlTemplate\":\"https:\\\/\\\/www.quebakan.com\\\/v15\\\/?s={search_term_string}\"},\"query-input\":{\"@type\":\"PropertyValueSpecification\",\"valueRequired\":true,\"valueName\":\"search_term_string\"}}],\"inLanguage\":\"es\"},{\"@type\":\"Organization\",\"@id\":\"https:\\\/\\\/www.quebakan.com\\\/v15\\\/#organization\",\"name\":\"Quebakan.com\",\"url\":\"https:\\\/\\\/www.quebakan.com\\\/v15\\\/\",\"logo\":{\"@type\":\"ImageObject\",\"inLanguage\":\"es\",\"@id\":\"https:\\\/\\\/www.quebakan.com\\\/v15\\\/#\\\/schema\\\/logo\\\/image\\\/\",\"url\":\"https:\\\/\\\/www.quebakan.com\\\/v15\\\/wp-content\\\/uploads\\\/2023\\\/07\\\/logoquebakanenero2021.jpg\",\"contentUrl\":\"https:\\\/\\\/www.quebakan.com\\\/v15\\\/wp-content\\\/uploads\\\/2023\\\/07\\\/logoquebakanenero2021.jpg\",\"width\":1920,\"height\":1080,\"caption\":\"Quebakan.com\"},\"image\":{\"@id\":\"https:\\\/\\\/www.quebakan.com\\\/v15\\\/#\\\/schema\\\/logo\\\/image\\\/\"},\"sameAs\":[\"http:\\\/\\\/www.facebook.com\\\/quebakan\",\"https:\\\/\\\/x.com\\\/quebakanec\",\"http:\\\/\\\/www.instagram.com\\\/quebakan\",\"http:\\\/\\\/www.youtube.com\\\/quebakan1\"]},{\"@type\":\"Person\",\"@id\":\"https:\\\/\\\/www.quebakan.com\\\/v15\\\/#\\\/schema\\\/person\\\/d90fa9f9cfa81eb8ace9811e5b7b9118\",\"name\":\"Erick Villafuerte\",\"image\":{\"@type\":\"ImageObject\",\"inLanguage\":\"es\",\"@id\":\"https:\\\/\\\/www.quebakan.com\\\/v15\\\/wp-content\\\/uploads\\\/avatars\\\/4\\\/1731297654-bpfull.png\",\"url\":\"https:\\\/\\\/www.quebakan.com\\\/v15\\\/wp-content\\\/uploads\\\/avatars\\\/4\\\/1731297654-bpfull.png\",\"contentUrl\":\"https:\\\/\\\/www.quebakan.com\\\/v15\\\/wp-content\\\/uploads\\\/avatars\\\/4\\\/1731297654-bpfull.png\",\"caption\":\"Erick Villafuerte\"}}]}<\/script>\n<!-- \/ Yoast SEO plugin. -->","yoast_head_json":{"title":"El CIO como Arquitecto de Estrategia Empresarial: Prioridades para 2026 &#8211; QUEBAKAN.COM 2026: Noticias, Eventos, Conciertos y mucho m\u00e1s....","robots":{"index":"index","follow":"follow","max-snippet":"max-snippet:-1","max-image-preview":"max-image-preview:large","max-video-preview":"max-video-preview:-1"},"canonical":"https:\/\/www.quebakan.com\/v15\/el-cio-como-arquitecto-de-estrategia-empresarial-prioridades-para-2026\/","og_locale":"es_ES","og_type":"article","og_title":"El CIO como Arquitecto de Estrategia Empresarial: Prioridades para 2026 &#8211; QUEBAKAN.COM 2026: Noticias, Eventos, Conciertos y mucho m\u00e1s....","og_description":"Febrero, 2026. &#8211; El m\u00e1s reciente informe de McKinsey, Our Global Tech Agenda 2026, destaca un cambio radical: los Chief Information Officers (CIOs) se consolidan como arquitectos estrat\u00e9gicos del crecimiento empresarial, liderando la integraci\u00f3n profunda de tecnolog\u00eda, inteligencia artificial (IA) y datos en el coraz\u00f3n de las operaciones. El giro estrat\u00e9gico del CIO El informe [&hellip;]","og_url":"https:\/\/www.quebakan.com\/v15\/el-cio-como-arquitecto-de-estrategia-empresarial-prioridades-para-2026\/","og_site_name":"QUEBAKAN.COM 2026: Noticias, Eventos, Conciertos y mucho m\u00e1s....","article_publisher":"http:\/\/www.facebook.com\/quebakan","article_published_time":"2026-03-10T05:44:32+00:00","og_image":[{"width":700,"height":400,"url":"https:\/\/www.quebakan.com\/v15\/wp-content\/uploads\/2026\/03\/15022026_Global-Tech-Agenda-2026.jpg","type":"image\/jpeg"}],"author":"Erick Villafuerte","twitter_card":"summary_large_image","twitter_creator":"@quebakanec","twitter_site":"@quebakanec","twitter_misc":{"Escrito por":"Erick Villafuerte","Tiempo de lectura":"3 minutos"},"schema":{"@context":"https:\/\/schema.org","@graph":[{"@type":"Article","@id":"https:\/\/www.quebakan.com\/v15\/el-cio-como-arquitecto-de-estrategia-empresarial-prioridades-para-2026\/#article","isPartOf":{"@id":"https:\/\/www.quebakan.com\/v15\/el-cio-como-arquitecto-de-estrategia-empresarial-prioridades-para-2026\/"},"author":{"name":"Erick Villafuerte","@id":"https:\/\/www.quebakan.com\/v15\/#\/schema\/person\/d90fa9f9cfa81eb8ace9811e5b7b9118"},"headline":"El CIO como Arquitecto de Estrategia Empresarial: Prioridades para 2026","datePublished":"2026-03-10T05:44:32+00:00","mainEntityOfPage":{"@id":"https:\/\/www.quebakan.com\/v15\/el-cio-como-arquitecto-de-estrategia-empresarial-prioridades-para-2026\/"},"wordCount":445,"publisher":{"@id":"https:\/\/www.quebakan.com\/v15\/#organization"},"image":{"@id":"https:\/\/www.quebakan.com\/v15\/el-cio-como-arquitecto-de-estrategia-empresarial-prioridades-para-2026\/#primaryimage"},"thumbnailUrl":"https:\/\/www.quebakan.com\/v15\/wp-content\/uploads\/2026\/03\/15022026_Global-Tech-Agenda-2026.jpg","articleSection":["Noticias"],"inLanguage":"es"},{"@type":"WebPage","@id":"https:\/\/www.quebakan.com\/v15\/el-cio-como-arquitecto-de-estrategia-empresarial-prioridades-para-2026\/","url":"https:\/\/www.quebakan.com\/v15\/el-cio-como-arquitecto-de-estrategia-empresarial-prioridades-para-2026\/","name":"El CIO como Arquitecto de Estrategia Empresarial: Prioridades para 2026 &#8211; QUEBAKAN.COM 2026: Noticias, Eventos, Conciertos y mucho m\u00e1s....","isPartOf":{"@id":"https:\/\/www.quebakan.com\/v15\/#website"},"primaryImageOfPage":{"@id":"https:\/\/www.quebakan.com\/v15\/el-cio-como-arquitecto-de-estrategia-empresarial-prioridades-para-2026\/#primaryimage"},"image":{"@id":"https:\/\/www.quebakan.com\/v15\/el-cio-como-arquitecto-de-estrategia-empresarial-prioridades-para-2026\/#primaryimage"},"thumbnailUrl":"https:\/\/www.quebakan.com\/v15\/wp-content\/uploads\/2026\/03\/15022026_Global-Tech-Agenda-2026.jpg","datePublished":"2026-03-10T05:44:32+00:00","breadcrumb":{"@id":"https:\/\/www.quebakan.com\/v15\/el-cio-como-arquitecto-de-estrategia-empresarial-prioridades-para-2026\/#breadcrumb"},"inLanguage":"es","potentialAction":[{"@type":"ReadAction","target":["https:\/\/www.quebakan.com\/v15\/el-cio-como-arquitecto-de-estrategia-empresarial-prioridades-para-2026\/"]}]},{"@type":"ImageObject","inLanguage":"es","@id":"https:\/\/www.quebakan.com\/v15\/el-cio-como-arquitecto-de-estrategia-empresarial-prioridades-para-2026\/#primaryimage","url":"https:\/\/www.quebakan.com\/v15\/wp-content\/uploads\/2026\/03\/15022026_Global-Tech-Agenda-2026.jpg","contentUrl":"https:\/\/www.quebakan.com\/v15\/wp-content\/uploads\/2026\/03\/15022026_Global-Tech-Agenda-2026.jpg","width":700,"height":400},{"@type":"BreadcrumbList","@id":"https:\/\/www.quebakan.com\/v15\/el-cio-como-arquitecto-de-estrategia-empresarial-prioridades-para-2026\/#breadcrumb","itemListElement":[{"@type":"ListItem","position":1,"name":"Portada","item":"https:\/\/www.quebakan.com\/v15\/"},{"@type":"ListItem","position":2,"name":"El CIO como Arquitecto de Estrategia Empresarial: Prioridades para 2026"}]},{"@type":"WebSite","@id":"https:\/\/www.quebakan.com\/v15\/#website","url":"https:\/\/www.quebakan.com\/v15\/","name":"QUEBAKAN","description":"..","publisher":{"@id":"https:\/\/www.quebakan.com\/v15\/#organization"},"potentialAction":[{"@type":"SearchAction","target":{"@type":"EntryPoint","urlTemplate":"https:\/\/www.quebakan.com\/v15\/?s={search_term_string}"},"query-input":{"@type":"PropertyValueSpecification","valueRequired":true,"valueName":"search_term_string"}}],"inLanguage":"es"},{"@type":"Organization","@id":"https:\/\/www.quebakan.com\/v15\/#organization","name":"Quebakan.com","url":"https:\/\/www.quebakan.com\/v15\/","logo":{"@type":"ImageObject","inLanguage":"es","@id":"https:\/\/www.quebakan.com\/v15\/#\/schema\/logo\/image\/","url":"https:\/\/www.quebakan.com\/v15\/wp-content\/uploads\/2023\/07\/logoquebakanenero2021.jpg","contentUrl":"https:\/\/www.quebakan.com\/v15\/wp-content\/uploads\/2023\/07\/logoquebakanenero2021.jpg","width":1920,"height":1080,"caption":"Quebakan.com"},"image":{"@id":"https:\/\/www.quebakan.com\/v15\/#\/schema\/logo\/image\/"},"sameAs":["http:\/\/www.facebook.com\/quebakan","https:\/\/x.com\/quebakanec","http:\/\/www.instagram.com\/quebakan","http:\/\/www.youtube.com\/quebakan1"]},{"@type":"Person","@id":"https:\/\/www.quebakan.com\/v15\/#\/schema\/person\/d90fa9f9cfa81eb8ace9811e5b7b9118","name":"Erick Villafuerte","image":{"@type":"ImageObject","inLanguage":"es","@id":"https:\/\/www.quebakan.com\/v15\/wp-content\/uploads\/avatars\/4\/1731297654-bpfull.png","url":"https:\/\/www.quebakan.com\/v15\/wp-content\/uploads\/avatars\/4\/1731297654-bpfull.png","contentUrl":"https:\/\/www.quebakan.com\/v15\/wp-content\/uploads\/avatars\/4\/1731297654-bpfull.png","caption":"Erick Villafuerte"}}]}},"_links":{"self":[{"href":"https:\/\/www.quebakan.com\/v15\/wp-json\/wp\/v2\/posts\/140608","targetHints":{"allow":["GET"]}}],"collection":[{"href":"https:\/\/www.quebakan.com\/v15\/wp-json\/wp\/v2\/posts"}],"about":[{"href":"https:\/\/www.quebakan.com\/v15\/wp-json\/wp\/v2\/types\/post"}],"author":[{"embeddable":true,"href":"https:\/\/www.quebakan.com\/v15\/wp-json\/wp\/v2\/users\/4"}],"replies":[{"embeddable":true,"href":"https:\/\/www.quebakan.com\/v15\/wp-json\/wp\/v2\/comments?post=140608"}],"version-history":[{"count":1,"href":"https:\/\/www.quebakan.com\/v15\/wp-json\/wp\/v2\/posts\/140608\/revisions"}],"predecessor-version":[{"id":140610,"href":"https:\/\/www.quebakan.com\/v15\/wp-json\/wp\/v2\/posts\/140608\/revisions\/140610"}],"wp:featuredmedia":[{"embeddable":true,"href":"https:\/\/www.quebakan.com\/v15\/wp-json\/wp\/v2\/media\/140609"}],"wp:attachment":[{"href":"https:\/\/www.quebakan.com\/v15\/wp-json\/wp\/v2\/media?parent=140608"}],"wp:term":[{"taxonomy":"category","embeddable":true,"href":"https:\/\/www.quebakan.com\/v15\/wp-json\/wp\/v2\/categories?post=140608"},{"taxonomy":"post_tag","embeddable":true,"href":"https:\/\/www.quebakan.com\/v15\/wp-json\/wp\/v2\/tags?post=140608"}],"curies":[{"name":"wp","href":"https:\/\/api.w.org\/{rel}","templated":true}]}}