{"id":140611,"date":"2026-03-10T01:57:58","date_gmt":"2026-03-10T06:57:58","guid":{"rendered":"https:\/\/www.quebakan.com\/v15\/?p=140611"},"modified":"2026-03-10T01:57:58","modified_gmt":"2026-03-10T06:57:58","slug":"proyecto-fin-del-mundo-la-nueva-pelicula-epica-de-ciencia-ficcion-con-alma-que-llega-a-cines-ecuatorianos","status":"publish","type":"post","link":"https:\/\/www.quebakan.com\/v15\/proyecto-fin-del-mundo-la-nueva-pelicula-epica-de-ciencia-ficcion-con-alma-que-llega-a-cines-ecuatorianos\/","title":{"rendered":"Proyecto Fin del Mundo, la nueva pel\u00edcula \u00e9pica de ciencia ficci\u00f3n con alma que llega a cines ecuatorianos"},"content":{"rendered":"<p><img fetchpriority=\"high\" decoding=\"async\" class=\"aligncenter size-full wp-image-140612\" src=\"https:\/\/www.quebakan.com\/v15\/wp-content\/uploads\/2026\/03\/PHM_30245_R2.jpg\" alt=\"\" width=\"700\" height=\"467\" \/><\/p>\n<p style=\"text-align: justify;\"><span style=\"color: #000000;\"><strong>Quito, marzo de 2026<\/strong>.- Una misi\u00f3n imposible, una amenaza que pone en riesgo la existencia de toda la humanidad y un hombre com\u00fan convertido en la \u00faltima esperanza del planeta dan forma a <em>Proyecto Fin del Mundo<\/em>, la nueva producci\u00f3n de ciencia ficci\u00f3n con alma protagonizada por Ryan Gosling que llega el 19 de marzo a los cines ecuatorianos. Basada en la aclamada novela de Andy Weir, autor de The Martian, la pel\u00edcula combina espect\u00e1culo visual, emoci\u00f3n y ciencia en una historia que demuestra que incluso frente al mayor desaf\u00edo del universo, la humanidad puede encontrar esperanza.<\/span><\/p>\n<p style=\"text-align: justify;\"><span style=\"color: #000000;\">La trama sigue al profesor Ryland Grace, un cient\u00edfico que despierta solo en una nave espacial a millones de kil\u00f3metros de la Tierra, sin recordar qui\u00e9n es ni c\u00f3mo lleg\u00f3 all\u00ed. Poco a poco, mientras recupera la memoria, descubre que es el \u00fanico sobreviviente de una misi\u00f3n desesperada enviada para enfrentar una amenaza c\u00f3smica que est\u00e1 provocando la muerte del Sol y que podr\u00eda extinguir toda la vida en el planeta. Con el tiempo en su contra y recursos limitados, Grace deber\u00e1 recurrir a su ingenio cient\u00edfico, su creatividad y a una inesperada alianza para intentar resolver el mayor desaf\u00edo que la humanidad haya enfrentado.<\/span><\/p>\n<p style=\"text-align: justify;\"><span style=\"color: #000000;\">Dirigida por Phil Lord y Christopher Miller, reconocidos por su creatividad narrativa y por ser el equipo detr\u00e1s de la exitosa saga animada Spider-Verse, la pel\u00edcula propone una experiencia cinematogr\u00e1fica de gran escala que combina tensi\u00f3n, emoci\u00f3n y descubrimiento. En el coraz\u00f3n de la historia se encuentra una poderosa idea: incluso en los confines del espacio, la cooperaci\u00f3n y la inteligencia pueden marcar la diferencia entre la supervivencia y la extinci\u00f3n.<\/span><\/p>\n<p style=\"text-align: justify;\"><span style=\"color: #000000;\"><em>\u201cNos encanta la historia porque es enorme en escala, pero tambi\u00e9n profundamente personal. Trata sobre la ciencia, la supervivencia y la conexi\u00f3n, y sobre c\u00f3mo alguien aparentemente ordinario puede terminar haciendo algo extraordinario\u201d,<\/em> comentan Phil Lord y Christopher Miller, directores de la pel\u00edcula.<\/span><\/p>\n<p style=\"text-align: justify;\"><span style=\"color: #000000;\">Con una narrativa emocionante, impresionantes efectos visuales y una interpretaci\u00f3n central cargada de carisma por parte de Ryan Gosling, Proyecto Fin del Mundo se presenta como una historia de ciencia ficci\u00f3n con alma: una aventura espacial \u00e9pica que no solo explora el futuro del planeta, sino tambi\u00e9n la capacidad humana de colaborar, adaptarse y encontrar esperanza incluso en las circunstancias m\u00e1s extremas.<\/span><\/p>\n<p style=\"text-align: justify;\"><span style=\"color: #000000;\">La pel\u00edcula invita al p\u00fablico a embarcarse en un viaje intergal\u00e1ctico donde el destino de la humanidad podr\u00eda depender del ingenio de un solo hombre\u2026 y de una inesperada alianza m\u00e1s all\u00e1 de las estrellas.<\/span><\/p>\n<p style=\"text-align: justify;\"><span style=\"color: #000000;\">Para m\u00e1s informaci\u00f3n visita: <a style=\"color: #000000;\" href=\"https:\/\/www.youtube.com\/watch?v=8kC_t0KORIM\">https:\/\/www.youtube.com\/watch?v=8kC_t0KORIM<\/a><\/span><\/p>\n<p><img decoding=\"async\" class=\"aligncenter size-full wp-image-140613\" src=\"https:\/\/www.quebakan.com\/v15\/wp-content\/uploads\/2026\/03\/PHM_55084_RC2.jpg\" alt=\"\" width=\"700\" height=\"467\" \/><\/p>\n<p>&nbsp;<\/p>\n<p><img decoding=\"async\" class=\"aligncenter size-full wp-image-140614\" src=\"https:\/\/www.quebakan.com\/v15\/wp-content\/uploads\/2026\/03\/PHM_61960-61962_RCC.jpg\" alt=\"\" width=\"700\" height=\"467\" \/><\/p>\n<p>&nbsp;<\/p>\n<p><img loading=\"lazy\" decoding=\"async\" class=\"aligncenter size-full wp-image-140615\" src=\"https:\/\/www.quebakan.com\/v15\/wp-content\/uploads\/2026\/03\/PHM_FP_002_R.jpg\" alt=\"\" width=\"700\" height=\"292\" \/><\/p>\n","protected":false},"excerpt":{"rendered":"<p>Quito, marzo de 2026.- Una misi\u00f3n imposible, una amenaza que pone en riesgo la existencia de toda la humanidad y un hombre com\u00fan convertido en la \u00faltima esperanza del planeta dan forma a Proyecto Fin del Mundo, la nueva producci\u00f3n de ciencia ficci\u00f3n con alma protagonizada por Ryan Gosling que llega el 19 de marzo [&hellip;]<\/p>\n","protected":false},"author":4,"featured_media":140612,"comment_status":"closed","ping_status":"closed","sticky":false,"template":"","format":"standard","meta":{"_bbp_topic_count":0,"_bbp_reply_count":0,"_bbp_total_topic_count":0,"_bbp_total_reply_count":0,"_bbp_voice_count":0,"_bbp_anonymous_reply_count":0,"_bbp_topic_count_hidden":0,"_bbp_reply_count_hidden":0,"_bbp_forum_subforum_count":0,"buzzeditor_post_format":"","footnotes":""},"categories":[2],"tags":[],"class_list":["post-140611","post","type-post","status-publish","format-standard","has-post-thumbnail","hentry","category-noticias"],"yoast_head":"<!-- This site is optimized with the Yoast SEO plugin v27.5 - https:\/\/yoast.com\/product\/yoast-seo-wordpress\/ -->\n<title>Proyecto Fin del Mundo, la nueva pel\u00edcula \u00e9pica de ciencia ficci\u00f3n con alma que llega a cines ecuatorianos &#8211; QUEBAKAN.COM 2026: Noticias, Eventos, Conciertos y mucho m\u00e1s....<\/title>\n<meta name=\"robots\" content=\"index, follow, max-snippet:-1, max-image-preview:large, max-video-preview:-1\" \/>\n<link rel=\"canonical\" href=\"https:\/\/www.quebakan.com\/v15\/proyecto-fin-del-mundo-la-nueva-pelicula-epica-de-ciencia-ficcion-con-alma-que-llega-a-cines-ecuatorianos\/\" \/>\n<meta property=\"og:locale\" content=\"es_ES\" \/>\n<meta property=\"og:type\" content=\"article\" \/>\n<meta property=\"og:title\" content=\"Proyecto Fin del Mundo, la nueva pel\u00edcula \u00e9pica de ciencia ficci\u00f3n con alma que llega a cines ecuatorianos &#8211; QUEBAKAN.COM 2026: Noticias, Eventos, Conciertos y mucho m\u00e1s....\" \/>\n<meta property=\"og:description\" content=\"Quito, marzo de 2026.- Una misi\u00f3n imposible, una amenaza que pone en riesgo la existencia de toda la humanidad y un hombre com\u00fan convertido en la \u00faltima esperanza del planeta dan forma a Proyecto Fin del Mundo, la nueva producci\u00f3n de ciencia ficci\u00f3n con alma protagonizada por Ryan Gosling que llega el 19 de marzo [&hellip;]\" \/>\n<meta property=\"og:url\" content=\"https:\/\/www.quebakan.com\/v15\/proyecto-fin-del-mundo-la-nueva-pelicula-epica-de-ciencia-ficcion-con-alma-que-llega-a-cines-ecuatorianos\/\" \/>\n<meta property=\"og:site_name\" content=\"QUEBAKAN.COM 2026: Noticias, Eventos, Conciertos y mucho m\u00e1s....\" \/>\n<meta property=\"article:publisher\" content=\"http:\/\/www.facebook.com\/quebakan\" \/>\n<meta property=\"article:published_time\" content=\"2026-03-10T06:57:58+00:00\" \/>\n<meta property=\"og:image\" content=\"https:\/\/www.quebakan.com\/v15\/wp-content\/uploads\/2026\/03\/PHM_30245_R2.jpg\" \/>\n\t<meta property=\"og:image:width\" content=\"700\" \/>\n\t<meta property=\"og:image:height\" content=\"467\" \/>\n\t<meta property=\"og:image:type\" content=\"image\/jpeg\" \/>\n<meta name=\"author\" content=\"Erick Villafuerte\" \/>\n<meta name=\"twitter:card\" content=\"summary_large_image\" \/>\n<meta name=\"twitter:creator\" content=\"@quebakanec\" \/>\n<meta name=\"twitter:site\" content=\"@quebakanec\" \/>\n<meta name=\"twitter:label1\" content=\"Escrito por\" \/>\n\t<meta name=\"twitter:data1\" content=\"Erick Villafuerte\" \/>\n\t<meta name=\"twitter:label2\" content=\"Tiempo de lectura\" \/>\n\t<meta name=\"twitter:data2\" content=\"3 minutos\" \/>\n<script type=\"application\/ld+json\" class=\"yoast-schema-graph\">{\"@context\":\"https:\\\/\\\/schema.org\",\"@graph\":[{\"@type\":\"Article\",\"@id\":\"https:\\\/\\\/www.quebakan.com\\\/v15\\\/proyecto-fin-del-mundo-la-nueva-pelicula-epica-de-ciencia-ficcion-con-alma-que-llega-a-cines-ecuatorianos\\\/#article\",\"isPartOf\":{\"@id\":\"https:\\\/\\\/www.quebakan.com\\\/v15\\\/proyecto-fin-del-mundo-la-nueva-pelicula-epica-de-ciencia-ficcion-con-alma-que-llega-a-cines-ecuatorianos\\\/\"},\"author\":{\"name\":\"Erick Villafuerte\",\"@id\":\"https:\\\/\\\/www.quebakan.com\\\/v15\\\/#\\\/schema\\\/person\\\/d90fa9f9cfa81eb8ace9811e5b7b9118\"},\"headline\":\"Proyecto Fin del Mundo, la nueva pel\u00edcula \u00e9pica de ciencia ficci\u00f3n con alma que llega a cines ecuatorianos\",\"datePublished\":\"2026-03-10T06:57:58+00:00\",\"mainEntityOfPage\":{\"@id\":\"https:\\\/\\\/www.quebakan.com\\\/v15\\\/proyecto-fin-del-mundo-la-nueva-pelicula-epica-de-ciencia-ficcion-con-alma-que-llega-a-cines-ecuatorianos\\\/\"},\"wordCount\":487,\"publisher\":{\"@id\":\"https:\\\/\\\/www.quebakan.com\\\/v15\\\/#organization\"},\"image\":{\"@id\":\"https:\\\/\\\/www.quebakan.com\\\/v15\\\/proyecto-fin-del-mundo-la-nueva-pelicula-epica-de-ciencia-ficcion-con-alma-que-llega-a-cines-ecuatorianos\\\/#primaryimage\"},\"thumbnailUrl\":\"https:\\\/\\\/www.quebakan.com\\\/v15\\\/wp-content\\\/uploads\\\/2026\\\/03\\\/PHM_30245_R2.jpg\",\"articleSection\":[\"Noticias\"],\"inLanguage\":\"es\"},{\"@type\":\"WebPage\",\"@id\":\"https:\\\/\\\/www.quebakan.com\\\/v15\\\/proyecto-fin-del-mundo-la-nueva-pelicula-epica-de-ciencia-ficcion-con-alma-que-llega-a-cines-ecuatorianos\\\/\",\"url\":\"https:\\\/\\\/www.quebakan.com\\\/v15\\\/proyecto-fin-del-mundo-la-nueva-pelicula-epica-de-ciencia-ficcion-con-alma-que-llega-a-cines-ecuatorianos\\\/\",\"name\":\"Proyecto Fin del Mundo, la nueva pel\u00edcula \u00e9pica de ciencia ficci\u00f3n con alma que llega a cines ecuatorianos &#8211; QUEBAKAN.COM 2026: Noticias, Eventos, Conciertos y mucho m\u00e1s....\",\"isPartOf\":{\"@id\":\"https:\\\/\\\/www.quebakan.com\\\/v15\\\/#website\"},\"primaryImageOfPage\":{\"@id\":\"https:\\\/\\\/www.quebakan.com\\\/v15\\\/proyecto-fin-del-mundo-la-nueva-pelicula-epica-de-ciencia-ficcion-con-alma-que-llega-a-cines-ecuatorianos\\\/#primaryimage\"},\"image\":{\"@id\":\"https:\\\/\\\/www.quebakan.com\\\/v15\\\/proyecto-fin-del-mundo-la-nueva-pelicula-epica-de-ciencia-ficcion-con-alma-que-llega-a-cines-ecuatorianos\\\/#primaryimage\"},\"thumbnailUrl\":\"https:\\\/\\\/www.quebakan.com\\\/v15\\\/wp-content\\\/uploads\\\/2026\\\/03\\\/PHM_30245_R2.jpg\",\"datePublished\":\"2026-03-10T06:57:58+00:00\",\"breadcrumb\":{\"@id\":\"https:\\\/\\\/www.quebakan.com\\\/v15\\\/proyecto-fin-del-mundo-la-nueva-pelicula-epica-de-ciencia-ficcion-con-alma-que-llega-a-cines-ecuatorianos\\\/#breadcrumb\"},\"inLanguage\":\"es\",\"potentialAction\":[{\"@type\":\"ReadAction\",\"target\":[\"https:\\\/\\\/www.quebakan.com\\\/v15\\\/proyecto-fin-del-mundo-la-nueva-pelicula-epica-de-ciencia-ficcion-con-alma-que-llega-a-cines-ecuatorianos\\\/\"]}]},{\"@type\":\"ImageObject\",\"inLanguage\":\"es\",\"@id\":\"https:\\\/\\\/www.quebakan.com\\\/v15\\\/proyecto-fin-del-mundo-la-nueva-pelicula-epica-de-ciencia-ficcion-con-alma-que-llega-a-cines-ecuatorianos\\\/#primaryimage\",\"url\":\"https:\\\/\\\/www.quebakan.com\\\/v15\\\/wp-content\\\/uploads\\\/2026\\\/03\\\/PHM_30245_R2.jpg\",\"contentUrl\":\"https:\\\/\\\/www.quebakan.com\\\/v15\\\/wp-content\\\/uploads\\\/2026\\\/03\\\/PHM_30245_R2.jpg\",\"width\":700,\"height\":467},{\"@type\":\"BreadcrumbList\",\"@id\":\"https:\\\/\\\/www.quebakan.com\\\/v15\\\/proyecto-fin-del-mundo-la-nueva-pelicula-epica-de-ciencia-ficcion-con-alma-que-llega-a-cines-ecuatorianos\\\/#breadcrumb\",\"itemListElement\":[{\"@type\":\"ListItem\",\"position\":1,\"name\":\"Portada\",\"item\":\"https:\\\/\\\/www.quebakan.com\\\/v15\\\/\"},{\"@type\":\"ListItem\",\"position\":2,\"name\":\"Proyecto Fin del Mundo, la nueva pel\u00edcula \u00e9pica de ciencia ficci\u00f3n con alma que llega a cines ecuatorianos\"}]},{\"@type\":\"WebSite\",\"@id\":\"https:\\\/\\\/www.quebakan.com\\\/v15\\\/#website\",\"url\":\"https:\\\/\\\/www.quebakan.com\\\/v15\\\/\",\"name\":\"QUEBAKAN\",\"description\":\"..\",\"publisher\":{\"@id\":\"https:\\\/\\\/www.quebakan.com\\\/v15\\\/#organization\"},\"potentialAction\":[{\"@type\":\"SearchAction\",\"target\":{\"@type\":\"EntryPoint\",\"urlTemplate\":\"https:\\\/\\\/www.quebakan.com\\\/v15\\\/?s={search_term_string}\"},\"query-input\":{\"@type\":\"PropertyValueSpecification\",\"valueRequired\":true,\"valueName\":\"search_term_string\"}}],\"inLanguage\":\"es\"},{\"@type\":\"Organization\",\"@id\":\"https:\\\/\\\/www.quebakan.com\\\/v15\\\/#organization\",\"name\":\"Quebakan.com\",\"url\":\"https:\\\/\\\/www.quebakan.com\\\/v15\\\/\",\"logo\":{\"@type\":\"ImageObject\",\"inLanguage\":\"es\",\"@id\":\"https:\\\/\\\/www.quebakan.com\\\/v15\\\/#\\\/schema\\\/logo\\\/image\\\/\",\"url\":\"https:\\\/\\\/www.quebakan.com\\\/v15\\\/wp-content\\\/uploads\\\/2023\\\/07\\\/logoquebakanenero2021.jpg\",\"contentUrl\":\"https:\\\/\\\/www.quebakan.com\\\/v15\\\/wp-content\\\/uploads\\\/2023\\\/07\\\/logoquebakanenero2021.jpg\",\"width\":1920,\"height\":1080,\"caption\":\"Quebakan.com\"},\"image\":{\"@id\":\"https:\\\/\\\/www.quebakan.com\\\/v15\\\/#\\\/schema\\\/logo\\\/image\\\/\"},\"sameAs\":[\"http:\\\/\\\/www.facebook.com\\\/quebakan\",\"https:\\\/\\\/x.com\\\/quebakanec\",\"http:\\\/\\\/www.instagram.com\\\/quebakan\",\"http:\\\/\\\/www.youtube.com\\\/quebakan1\"]},{\"@type\":\"Person\",\"@id\":\"https:\\\/\\\/www.quebakan.com\\\/v15\\\/#\\\/schema\\\/person\\\/d90fa9f9cfa81eb8ace9811e5b7b9118\",\"name\":\"Erick Villafuerte\",\"image\":{\"@type\":\"ImageObject\",\"inLanguage\":\"es\",\"@id\":\"https:\\\/\\\/www.quebakan.com\\\/v15\\\/wp-content\\\/uploads\\\/avatars\\\/4\\\/1731297654-bpfull.png\",\"url\":\"https:\\\/\\\/www.quebakan.com\\\/v15\\\/wp-content\\\/uploads\\\/avatars\\\/4\\\/1731297654-bpfull.png\",\"contentUrl\":\"https:\\\/\\\/www.quebakan.com\\\/v15\\\/wp-content\\\/uploads\\\/avatars\\\/4\\\/1731297654-bpfull.png\",\"caption\":\"Erick Villafuerte\"}}]}<\/script>\n<!-- \/ Yoast SEO plugin. -->","yoast_head_json":{"title":"Proyecto Fin del Mundo, la nueva pel\u00edcula \u00e9pica de ciencia ficci\u00f3n con alma que llega a cines ecuatorianos &#8211; QUEBAKAN.COM 2026: Noticias, Eventos, Conciertos y mucho m\u00e1s....","robots":{"index":"index","follow":"follow","max-snippet":"max-snippet:-1","max-image-preview":"max-image-preview:large","max-video-preview":"max-video-preview:-1"},"canonical":"https:\/\/www.quebakan.com\/v15\/proyecto-fin-del-mundo-la-nueva-pelicula-epica-de-ciencia-ficcion-con-alma-que-llega-a-cines-ecuatorianos\/","og_locale":"es_ES","og_type":"article","og_title":"Proyecto Fin del Mundo, la nueva pel\u00edcula \u00e9pica de ciencia ficci\u00f3n con alma que llega a cines ecuatorianos &#8211; QUEBAKAN.COM 2026: Noticias, Eventos, Conciertos y mucho m\u00e1s....","og_description":"Quito, marzo de 2026.- Una misi\u00f3n imposible, una amenaza que pone en riesgo la existencia de toda la humanidad y un hombre com\u00fan convertido en la \u00faltima esperanza del planeta dan forma a Proyecto Fin del Mundo, la nueva producci\u00f3n de ciencia ficci\u00f3n con alma protagonizada por Ryan Gosling que llega el 19 de marzo [&hellip;]","og_url":"https:\/\/www.quebakan.com\/v15\/proyecto-fin-del-mundo-la-nueva-pelicula-epica-de-ciencia-ficcion-con-alma-que-llega-a-cines-ecuatorianos\/","og_site_name":"QUEBAKAN.COM 2026: Noticias, Eventos, Conciertos y mucho m\u00e1s....","article_publisher":"http:\/\/www.facebook.com\/quebakan","article_published_time":"2026-03-10T06:57:58+00:00","og_image":[{"width":700,"height":467,"url":"https:\/\/www.quebakan.com\/v15\/wp-content\/uploads\/2026\/03\/PHM_30245_R2.jpg","type":"image\/jpeg"}],"author":"Erick Villafuerte","twitter_card":"summary_large_image","twitter_creator":"@quebakanec","twitter_site":"@quebakanec","twitter_misc":{"Escrito por":"Erick Villafuerte","Tiempo de lectura":"3 minutos"},"schema":{"@context":"https:\/\/schema.org","@graph":[{"@type":"Article","@id":"https:\/\/www.quebakan.com\/v15\/proyecto-fin-del-mundo-la-nueva-pelicula-epica-de-ciencia-ficcion-con-alma-que-llega-a-cines-ecuatorianos\/#article","isPartOf":{"@id":"https:\/\/www.quebakan.com\/v15\/proyecto-fin-del-mundo-la-nueva-pelicula-epica-de-ciencia-ficcion-con-alma-que-llega-a-cines-ecuatorianos\/"},"author":{"name":"Erick Villafuerte","@id":"https:\/\/www.quebakan.com\/v15\/#\/schema\/person\/d90fa9f9cfa81eb8ace9811e5b7b9118"},"headline":"Proyecto Fin del Mundo, la nueva pel\u00edcula \u00e9pica de ciencia ficci\u00f3n con alma que llega a cines ecuatorianos","datePublished":"2026-03-10T06:57:58+00:00","mainEntityOfPage":{"@id":"https:\/\/www.quebakan.com\/v15\/proyecto-fin-del-mundo-la-nueva-pelicula-epica-de-ciencia-ficcion-con-alma-que-llega-a-cines-ecuatorianos\/"},"wordCount":487,"publisher":{"@id":"https:\/\/www.quebakan.com\/v15\/#organization"},"image":{"@id":"https:\/\/www.quebakan.com\/v15\/proyecto-fin-del-mundo-la-nueva-pelicula-epica-de-ciencia-ficcion-con-alma-que-llega-a-cines-ecuatorianos\/#primaryimage"},"thumbnailUrl":"https:\/\/www.quebakan.com\/v15\/wp-content\/uploads\/2026\/03\/PHM_30245_R2.jpg","articleSection":["Noticias"],"inLanguage":"es"},{"@type":"WebPage","@id":"https:\/\/www.quebakan.com\/v15\/proyecto-fin-del-mundo-la-nueva-pelicula-epica-de-ciencia-ficcion-con-alma-que-llega-a-cines-ecuatorianos\/","url":"https:\/\/www.quebakan.com\/v15\/proyecto-fin-del-mundo-la-nueva-pelicula-epica-de-ciencia-ficcion-con-alma-que-llega-a-cines-ecuatorianos\/","name":"Proyecto Fin del Mundo, la nueva pel\u00edcula \u00e9pica de ciencia ficci\u00f3n con alma que llega a cines ecuatorianos &#8211; QUEBAKAN.COM 2026: Noticias, Eventos, Conciertos y mucho m\u00e1s....","isPartOf":{"@id":"https:\/\/www.quebakan.com\/v15\/#website"},"primaryImageOfPage":{"@id":"https:\/\/www.quebakan.com\/v15\/proyecto-fin-del-mundo-la-nueva-pelicula-epica-de-ciencia-ficcion-con-alma-que-llega-a-cines-ecuatorianos\/#primaryimage"},"image":{"@id":"https:\/\/www.quebakan.com\/v15\/proyecto-fin-del-mundo-la-nueva-pelicula-epica-de-ciencia-ficcion-con-alma-que-llega-a-cines-ecuatorianos\/#primaryimage"},"thumbnailUrl":"https:\/\/www.quebakan.com\/v15\/wp-content\/uploads\/2026\/03\/PHM_30245_R2.jpg","datePublished":"2026-03-10T06:57:58+00:00","breadcrumb":{"@id":"https:\/\/www.quebakan.com\/v15\/proyecto-fin-del-mundo-la-nueva-pelicula-epica-de-ciencia-ficcion-con-alma-que-llega-a-cines-ecuatorianos\/#breadcrumb"},"inLanguage":"es","potentialAction":[{"@type":"ReadAction","target":["https:\/\/www.quebakan.com\/v15\/proyecto-fin-del-mundo-la-nueva-pelicula-epica-de-ciencia-ficcion-con-alma-que-llega-a-cines-ecuatorianos\/"]}]},{"@type":"ImageObject","inLanguage":"es","@id":"https:\/\/www.quebakan.com\/v15\/proyecto-fin-del-mundo-la-nueva-pelicula-epica-de-ciencia-ficcion-con-alma-que-llega-a-cines-ecuatorianos\/#primaryimage","url":"https:\/\/www.quebakan.com\/v15\/wp-content\/uploads\/2026\/03\/PHM_30245_R2.jpg","contentUrl":"https:\/\/www.quebakan.com\/v15\/wp-content\/uploads\/2026\/03\/PHM_30245_R2.jpg","width":700,"height":467},{"@type":"BreadcrumbList","@id":"https:\/\/www.quebakan.com\/v15\/proyecto-fin-del-mundo-la-nueva-pelicula-epica-de-ciencia-ficcion-con-alma-que-llega-a-cines-ecuatorianos\/#breadcrumb","itemListElement":[{"@type":"ListItem","position":1,"name":"Portada","item":"https:\/\/www.quebakan.com\/v15\/"},{"@type":"ListItem","position":2,"name":"Proyecto Fin del Mundo, la nueva pel\u00edcula \u00e9pica de ciencia ficci\u00f3n con alma que llega a cines ecuatorianos"}]},{"@type":"WebSite","@id":"https:\/\/www.quebakan.com\/v15\/#website","url":"https:\/\/www.quebakan.com\/v15\/","name":"QUEBAKAN","description":"..","publisher":{"@id":"https:\/\/www.quebakan.com\/v15\/#organization"},"potentialAction":[{"@type":"SearchAction","target":{"@type":"EntryPoint","urlTemplate":"https:\/\/www.quebakan.com\/v15\/?s={search_term_string}"},"query-input":{"@type":"PropertyValueSpecification","valueRequired":true,"valueName":"search_term_string"}}],"inLanguage":"es"},{"@type":"Organization","@id":"https:\/\/www.quebakan.com\/v15\/#organization","name":"Quebakan.com","url":"https:\/\/www.quebakan.com\/v15\/","logo":{"@type":"ImageObject","inLanguage":"es","@id":"https:\/\/www.quebakan.com\/v15\/#\/schema\/logo\/image\/","url":"https:\/\/www.quebakan.com\/v15\/wp-content\/uploads\/2023\/07\/logoquebakanenero2021.jpg","contentUrl":"https:\/\/www.quebakan.com\/v15\/wp-content\/uploads\/2023\/07\/logoquebakanenero2021.jpg","width":1920,"height":1080,"caption":"Quebakan.com"},"image":{"@id":"https:\/\/www.quebakan.com\/v15\/#\/schema\/logo\/image\/"},"sameAs":["http:\/\/www.facebook.com\/quebakan","https:\/\/x.com\/quebakanec","http:\/\/www.instagram.com\/quebakan","http:\/\/www.youtube.com\/quebakan1"]},{"@type":"Person","@id":"https:\/\/www.quebakan.com\/v15\/#\/schema\/person\/d90fa9f9cfa81eb8ace9811e5b7b9118","name":"Erick Villafuerte","image":{"@type":"ImageObject","inLanguage":"es","@id":"https:\/\/www.quebakan.com\/v15\/wp-content\/uploads\/avatars\/4\/1731297654-bpfull.png","url":"https:\/\/www.quebakan.com\/v15\/wp-content\/uploads\/avatars\/4\/1731297654-bpfull.png","contentUrl":"https:\/\/www.quebakan.com\/v15\/wp-content\/uploads\/avatars\/4\/1731297654-bpfull.png","caption":"Erick Villafuerte"}}]}},"_links":{"self":[{"href":"https:\/\/www.quebakan.com\/v15\/wp-json\/wp\/v2\/posts\/140611","targetHints":{"allow":["GET"]}}],"collection":[{"href":"https:\/\/www.quebakan.com\/v15\/wp-json\/wp\/v2\/posts"}],"about":[{"href":"https:\/\/www.quebakan.com\/v15\/wp-json\/wp\/v2\/types\/post"}],"author":[{"embeddable":true,"href":"https:\/\/www.quebakan.com\/v15\/wp-json\/wp\/v2\/users\/4"}],"replies":[{"embeddable":true,"href":"https:\/\/www.quebakan.com\/v15\/wp-json\/wp\/v2\/comments?post=140611"}],"version-history":[{"count":1,"href":"https:\/\/www.quebakan.com\/v15\/wp-json\/wp\/v2\/posts\/140611\/revisions"}],"predecessor-version":[{"id":140616,"href":"https:\/\/www.quebakan.com\/v15\/wp-json\/wp\/v2\/posts\/140611\/revisions\/140616"}],"wp:featuredmedia":[{"embeddable":true,"href":"https:\/\/www.quebakan.com\/v15\/wp-json\/wp\/v2\/media\/140612"}],"wp:attachment":[{"href":"https:\/\/www.quebakan.com\/v15\/wp-json\/wp\/v2\/media?parent=140611"}],"wp:term":[{"taxonomy":"category","embeddable":true,"href":"https:\/\/www.quebakan.com\/v15\/wp-json\/wp\/v2\/categories?post=140611"},{"taxonomy":"post_tag","embeddable":true,"href":"https:\/\/www.quebakan.com\/v15\/wp-json\/wp\/v2\/tags?post=140611"}],"curies":[{"name":"wp","href":"https:\/\/api.w.org\/{rel}","templated":true}]}}