{"id":140617,"date":"2026-03-10T02:09:13","date_gmt":"2026-03-10T07:09:13","guid":{"rendered":"https:\/\/www.quebakan.com\/v15\/?p=140617"},"modified":"2026-03-10T02:09:13","modified_gmt":"2026-03-10T07:09:13","slug":"la-camara-de-comercio-de-quito-reconocio-la-trayectoria-y-liderazgo-empresarial-de-juan-pablo-eljuri","status":"publish","type":"post","link":"https:\/\/www.quebakan.com\/v15\/la-camara-de-comercio-de-quito-reconocio-la-trayectoria-y-liderazgo-empresarial-de-juan-pablo-eljuri\/","title":{"rendered":"La C\u00e1mara de Comercio de Quito reconoci\u00f3 la trayectoria y liderazgo empresarial de Juan Pablo Eljuri"},"content":{"rendered":"<p><img fetchpriority=\"high\" decoding=\"async\" class=\"aligncenter size-full wp-image-140618\" src=\"https:\/\/www.quebakan.com\/v15\/wp-content\/uploads\/2026\/03\/9a6d839e-59fb-4214-abc6-9592b9ab4e31.jpg\" alt=\"\" width=\"700\" height=\"467\" \/><\/p>\n<p style=\"text-align: justify;\"><span style=\"color: #000000;\"><strong>Quito, marzo de 2026. &#8211;<\/strong> En una ceremonia que reuni\u00f3 a l\u00edderes empresariales y representantes del sector productivo, as\u00ed como miembros del directorio de la instituci\u00f3n, la C\u00e1mara de Comercio de Quito (CCQ) rindi\u00f3 homenaje al empresario Juan Pablo Eljuri, destacando su trayectoria, liderazgo y aporte sostenido al desarrollo econ\u00f3mico del Ecuador.<\/span><\/p>\n<p style=\"text-align: justify;\"><span style=\"color: #000000;\">El reconocimiento, entregado el 3 de marzo en el Edificio de las C\u00e1maras por la presidenta de la CCQ, M\u00f3nica Heller, resalta una carrera empresarial marcada por visi\u00f3n estrat\u00e9gica, disciplina y compromiso con el pa\u00eds.<\/span><\/p>\n<p style=\"text-align: justify;\"><span style=\"color: #000000;\">La placa conmemorativa se\u00f1al\u00f3: \u201cComo expresi\u00f3n de especial deferencia a su destacada trayectoria y a su reconocido liderazgo empresarial, que han contribuido de manera significativa al fortalecimiento del desarrollo econ\u00f3mico y productivo del pa\u00eds\u201d.<\/span><br \/>\n<span style=\"color: #000000;\">Durante su intervenci\u00f3n, Juan Pablo Eljuri subray\u00f3 que el galard\u00f3n trasciende lo individual y pertenece a todo el equipo humano que integra el grupo empresarial Eljuri. \u201cEste reconocimiento lleva mi nombre, pero representa el trabajo de miles de personas que, d\u00eda a d\u00eda, aportan al crecimiento del Ecuador. He crecido viendo ejemplos de trabajo, disciplina y visi\u00f3n. Aprend\u00ed que no es lo mismo trabajar que trabajar con prop\u00f3sito\u201d, afirm\u00f3.<\/span><\/p>\n<p style=\"text-align: justify;\"><span style=\"color: #000000;\">Asimismo, agradeci\u00f3 a la C\u00e1mara de Comercio de Quito por la distinci\u00f3n y reflexion\u00f3 sobre el verdadero significado del liderazgo empresarial, destacando que este tipo de reconocimientos impulsan a seguir construyendo con responsabilidad y visi\u00f3n de largo plazo.<\/span><\/p>\n<p style=\"text-align: justify;\"><span style=\"color: #000000;\">Por su parte, la presidenta de la CCQ, M\u00f3nica Heller, resalt\u00f3 que la trayectoria del empresario se ha caracterizado por claridad estrat\u00e9gica, disciplina ejecutiva y una comprensi\u00f3n profunda del rol que la empresa privada cumple en el desarrollo nacional. \u201cEl liderazgo empresarial tiene un impacto directo en la generaci\u00f3n de empleo, en la innovaci\u00f3n y en la competitividad del pa\u00eds. Juan Pablo Eljuri representa esa visi\u00f3n de empresa que piensa en grande y act\u00faa con responsabilidad\u201d, se\u00f1al\u00f3.<\/span><\/p>\n<p style=\"text-align: justify;\"><span style=\"color: #000000;\">Este homenaje reafirma el compromiso del grupo empresarial Eljuri con el desarrollo del Ecuador y consolida su posici\u00f3n como referente del sector privado. La trayectoria de Juan Pablo Eljuri contin\u00faa marcando una pauta de liderazgo y proyecci\u00f3n internacional.<\/span><\/p>\n","protected":false},"excerpt":{"rendered":"<p>Quito, marzo de 2026. &#8211; En una ceremonia que reuni\u00f3 a l\u00edderes empresariales y representantes del sector productivo, as\u00ed como miembros del directorio de la instituci\u00f3n, la C\u00e1mara de Comercio de Quito (CCQ) rindi\u00f3 homenaje al empresario Juan Pablo Eljuri, destacando su trayectoria, liderazgo y aporte sostenido al desarrollo econ\u00f3mico del Ecuador. El reconocimiento, entregado [&hellip;]<\/p>\n","protected":false},"author":4,"featured_media":140618,"comment_status":"closed","ping_status":"closed","sticky":false,"template":"","format":"standard","meta":{"_bbp_topic_count":0,"_bbp_reply_count":0,"_bbp_total_topic_count":0,"_bbp_total_reply_count":0,"_bbp_voice_count":0,"_bbp_anonymous_reply_count":0,"_bbp_topic_count_hidden":0,"_bbp_reply_count_hidden":0,"_bbp_forum_subforum_count":0,"buzzeditor_post_format":"","footnotes":""},"categories":[2],"tags":[],"class_list":["post-140617","post","type-post","status-publish","format-standard","has-post-thumbnail","hentry","category-noticias"],"yoast_head":"<!-- This site is optimized with the Yoast SEO plugin v27.5 - https:\/\/yoast.com\/product\/yoast-seo-wordpress\/ -->\n<title>La C\u00e1mara de Comercio de Quito reconoci\u00f3 la trayectoria y liderazgo empresarial de Juan Pablo Eljuri &#8211; QUEBAKAN.COM 2026: Noticias, Eventos, Conciertos y mucho m\u00e1s....<\/title>\n<meta name=\"robots\" content=\"index, follow, max-snippet:-1, max-image-preview:large, max-video-preview:-1\" \/>\n<link rel=\"canonical\" href=\"https:\/\/www.quebakan.com\/v15\/la-camara-de-comercio-de-quito-reconocio-la-trayectoria-y-liderazgo-empresarial-de-juan-pablo-eljuri\/\" \/>\n<meta property=\"og:locale\" content=\"es_ES\" \/>\n<meta property=\"og:type\" content=\"article\" \/>\n<meta property=\"og:title\" content=\"La C\u00e1mara de Comercio de Quito reconoci\u00f3 la trayectoria y liderazgo empresarial de Juan Pablo Eljuri &#8211; QUEBAKAN.COM 2026: Noticias, Eventos, Conciertos y mucho m\u00e1s....\" \/>\n<meta property=\"og:description\" content=\"Quito, marzo de 2026. &#8211; En una ceremonia que reuni\u00f3 a l\u00edderes empresariales y representantes del sector productivo, as\u00ed como miembros del directorio de la instituci\u00f3n, la C\u00e1mara de Comercio de Quito (CCQ) rindi\u00f3 homenaje al empresario Juan Pablo Eljuri, destacando su trayectoria, liderazgo y aporte sostenido al desarrollo econ\u00f3mico del Ecuador. El reconocimiento, entregado [&hellip;]\" \/>\n<meta property=\"og:url\" content=\"https:\/\/www.quebakan.com\/v15\/la-camara-de-comercio-de-quito-reconocio-la-trayectoria-y-liderazgo-empresarial-de-juan-pablo-eljuri\/\" \/>\n<meta property=\"og:site_name\" content=\"QUEBAKAN.COM 2026: Noticias, Eventos, Conciertos y mucho m\u00e1s....\" \/>\n<meta property=\"article:publisher\" content=\"http:\/\/www.facebook.com\/quebakan\" \/>\n<meta property=\"article:published_time\" content=\"2026-03-10T07:09:13+00:00\" \/>\n<meta property=\"og:image\" content=\"https:\/\/www.quebakan.com\/v15\/wp-content\/uploads\/2026\/03\/9a6d839e-59fb-4214-abc6-9592b9ab4e31.jpg\" \/>\n\t<meta property=\"og:image:width\" content=\"700\" \/>\n\t<meta property=\"og:image:height\" content=\"467\" \/>\n\t<meta property=\"og:image:type\" content=\"image\/jpeg\" \/>\n<meta name=\"author\" content=\"Erick Villafuerte\" \/>\n<meta name=\"twitter:card\" content=\"summary_large_image\" \/>\n<meta name=\"twitter:creator\" content=\"@quebakanec\" \/>\n<meta name=\"twitter:site\" content=\"@quebakanec\" \/>\n<meta name=\"twitter:label1\" content=\"Escrito por\" \/>\n\t<meta name=\"twitter:data1\" content=\"Erick Villafuerte\" \/>\n\t<meta name=\"twitter:label2\" content=\"Tiempo de lectura\" \/>\n\t<meta name=\"twitter:data2\" content=\"2 minutos\" \/>\n<script type=\"application\/ld+json\" class=\"yoast-schema-graph\">{\"@context\":\"https:\\\/\\\/schema.org\",\"@graph\":[{\"@type\":\"Article\",\"@id\":\"https:\\\/\\\/www.quebakan.com\\\/v15\\\/la-camara-de-comercio-de-quito-reconocio-la-trayectoria-y-liderazgo-empresarial-de-juan-pablo-eljuri\\\/#article\",\"isPartOf\":{\"@id\":\"https:\\\/\\\/www.quebakan.com\\\/v15\\\/la-camara-de-comercio-de-quito-reconocio-la-trayectoria-y-liderazgo-empresarial-de-juan-pablo-eljuri\\\/\"},\"author\":{\"name\":\"Erick Villafuerte\",\"@id\":\"https:\\\/\\\/www.quebakan.com\\\/v15\\\/#\\\/schema\\\/person\\\/d90fa9f9cfa81eb8ace9811e5b7b9118\"},\"headline\":\"La C\u00e1mara de Comercio de Quito reconoci\u00f3 la trayectoria y liderazgo empresarial de Juan Pablo Eljuri\",\"datePublished\":\"2026-03-10T07:09:13+00:00\",\"mainEntityOfPage\":{\"@id\":\"https:\\\/\\\/www.quebakan.com\\\/v15\\\/la-camara-de-comercio-de-quito-reconocio-la-trayectoria-y-liderazgo-empresarial-de-juan-pablo-eljuri\\\/\"},\"wordCount\":392,\"publisher\":{\"@id\":\"https:\\\/\\\/www.quebakan.com\\\/v15\\\/#organization\"},\"image\":{\"@id\":\"https:\\\/\\\/www.quebakan.com\\\/v15\\\/la-camara-de-comercio-de-quito-reconocio-la-trayectoria-y-liderazgo-empresarial-de-juan-pablo-eljuri\\\/#primaryimage\"},\"thumbnailUrl\":\"https:\\\/\\\/www.quebakan.com\\\/v15\\\/wp-content\\\/uploads\\\/2026\\\/03\\\/9a6d839e-59fb-4214-abc6-9592b9ab4e31.jpg\",\"articleSection\":[\"Noticias\"],\"inLanguage\":\"es\"},{\"@type\":\"WebPage\",\"@id\":\"https:\\\/\\\/www.quebakan.com\\\/v15\\\/la-camara-de-comercio-de-quito-reconocio-la-trayectoria-y-liderazgo-empresarial-de-juan-pablo-eljuri\\\/\",\"url\":\"https:\\\/\\\/www.quebakan.com\\\/v15\\\/la-camara-de-comercio-de-quito-reconocio-la-trayectoria-y-liderazgo-empresarial-de-juan-pablo-eljuri\\\/\",\"name\":\"La C\u00e1mara de Comercio de Quito reconoci\u00f3 la trayectoria y liderazgo empresarial de Juan Pablo Eljuri &#8211; QUEBAKAN.COM 2026: Noticias, Eventos, Conciertos y mucho m\u00e1s....\",\"isPartOf\":{\"@id\":\"https:\\\/\\\/www.quebakan.com\\\/v15\\\/#website\"},\"primaryImageOfPage\":{\"@id\":\"https:\\\/\\\/www.quebakan.com\\\/v15\\\/la-camara-de-comercio-de-quito-reconocio-la-trayectoria-y-liderazgo-empresarial-de-juan-pablo-eljuri\\\/#primaryimage\"},\"image\":{\"@id\":\"https:\\\/\\\/www.quebakan.com\\\/v15\\\/la-camara-de-comercio-de-quito-reconocio-la-trayectoria-y-liderazgo-empresarial-de-juan-pablo-eljuri\\\/#primaryimage\"},\"thumbnailUrl\":\"https:\\\/\\\/www.quebakan.com\\\/v15\\\/wp-content\\\/uploads\\\/2026\\\/03\\\/9a6d839e-59fb-4214-abc6-9592b9ab4e31.jpg\",\"datePublished\":\"2026-03-10T07:09:13+00:00\",\"breadcrumb\":{\"@id\":\"https:\\\/\\\/www.quebakan.com\\\/v15\\\/la-camara-de-comercio-de-quito-reconocio-la-trayectoria-y-liderazgo-empresarial-de-juan-pablo-eljuri\\\/#breadcrumb\"},\"inLanguage\":\"es\",\"potentialAction\":[{\"@type\":\"ReadAction\",\"target\":[\"https:\\\/\\\/www.quebakan.com\\\/v15\\\/la-camara-de-comercio-de-quito-reconocio-la-trayectoria-y-liderazgo-empresarial-de-juan-pablo-eljuri\\\/\"]}]},{\"@type\":\"ImageObject\",\"inLanguage\":\"es\",\"@id\":\"https:\\\/\\\/www.quebakan.com\\\/v15\\\/la-camara-de-comercio-de-quito-reconocio-la-trayectoria-y-liderazgo-empresarial-de-juan-pablo-eljuri\\\/#primaryimage\",\"url\":\"https:\\\/\\\/www.quebakan.com\\\/v15\\\/wp-content\\\/uploads\\\/2026\\\/03\\\/9a6d839e-59fb-4214-abc6-9592b9ab4e31.jpg\",\"contentUrl\":\"https:\\\/\\\/www.quebakan.com\\\/v15\\\/wp-content\\\/uploads\\\/2026\\\/03\\\/9a6d839e-59fb-4214-abc6-9592b9ab4e31.jpg\",\"width\":700,\"height\":467},{\"@type\":\"BreadcrumbList\",\"@id\":\"https:\\\/\\\/www.quebakan.com\\\/v15\\\/la-camara-de-comercio-de-quito-reconocio-la-trayectoria-y-liderazgo-empresarial-de-juan-pablo-eljuri\\\/#breadcrumb\",\"itemListElement\":[{\"@type\":\"ListItem\",\"position\":1,\"name\":\"Portada\",\"item\":\"https:\\\/\\\/www.quebakan.com\\\/v15\\\/\"},{\"@type\":\"ListItem\",\"position\":2,\"name\":\"La C\u00e1mara de Comercio de Quito reconoci\u00f3 la trayectoria y liderazgo empresarial de Juan Pablo Eljuri\"}]},{\"@type\":\"WebSite\",\"@id\":\"https:\\\/\\\/www.quebakan.com\\\/v15\\\/#website\",\"url\":\"https:\\\/\\\/www.quebakan.com\\\/v15\\\/\",\"name\":\"QUEBAKAN\",\"description\":\"..\",\"publisher\":{\"@id\":\"https:\\\/\\\/www.quebakan.com\\\/v15\\\/#organization\"},\"potentialAction\":[{\"@type\":\"SearchAction\",\"target\":{\"@type\":\"EntryPoint\",\"urlTemplate\":\"https:\\\/\\\/www.quebakan.com\\\/v15\\\/?s={search_term_string}\"},\"query-input\":{\"@type\":\"PropertyValueSpecification\",\"valueRequired\":true,\"valueName\":\"search_term_string\"}}],\"inLanguage\":\"es\"},{\"@type\":\"Organization\",\"@id\":\"https:\\\/\\\/www.quebakan.com\\\/v15\\\/#organization\",\"name\":\"Quebakan.com\",\"url\":\"https:\\\/\\\/www.quebakan.com\\\/v15\\\/\",\"logo\":{\"@type\":\"ImageObject\",\"inLanguage\":\"es\",\"@id\":\"https:\\\/\\\/www.quebakan.com\\\/v15\\\/#\\\/schema\\\/logo\\\/image\\\/\",\"url\":\"https:\\\/\\\/www.quebakan.com\\\/v15\\\/wp-content\\\/uploads\\\/2023\\\/07\\\/logoquebakanenero2021.jpg\",\"contentUrl\":\"https:\\\/\\\/www.quebakan.com\\\/v15\\\/wp-content\\\/uploads\\\/2023\\\/07\\\/logoquebakanenero2021.jpg\",\"width\":1920,\"height\":1080,\"caption\":\"Quebakan.com\"},\"image\":{\"@id\":\"https:\\\/\\\/www.quebakan.com\\\/v15\\\/#\\\/schema\\\/logo\\\/image\\\/\"},\"sameAs\":[\"http:\\\/\\\/www.facebook.com\\\/quebakan\",\"https:\\\/\\\/x.com\\\/quebakanec\",\"http:\\\/\\\/www.instagram.com\\\/quebakan\",\"http:\\\/\\\/www.youtube.com\\\/quebakan1\"]},{\"@type\":\"Person\",\"@id\":\"https:\\\/\\\/www.quebakan.com\\\/v15\\\/#\\\/schema\\\/person\\\/d90fa9f9cfa81eb8ace9811e5b7b9118\",\"name\":\"Erick Villafuerte\",\"image\":{\"@type\":\"ImageObject\",\"inLanguage\":\"es\",\"@id\":\"https:\\\/\\\/www.quebakan.com\\\/v15\\\/wp-content\\\/uploads\\\/avatars\\\/4\\\/1731297654-bpfull.png\",\"url\":\"https:\\\/\\\/www.quebakan.com\\\/v15\\\/wp-content\\\/uploads\\\/avatars\\\/4\\\/1731297654-bpfull.png\",\"contentUrl\":\"https:\\\/\\\/www.quebakan.com\\\/v15\\\/wp-content\\\/uploads\\\/avatars\\\/4\\\/1731297654-bpfull.png\",\"caption\":\"Erick Villafuerte\"}}]}<\/script>\n<!-- \/ Yoast SEO plugin. -->","yoast_head_json":{"title":"La C\u00e1mara de Comercio de Quito reconoci\u00f3 la trayectoria y liderazgo empresarial de Juan Pablo Eljuri &#8211; QUEBAKAN.COM 2026: Noticias, Eventos, Conciertos y mucho m\u00e1s....","robots":{"index":"index","follow":"follow","max-snippet":"max-snippet:-1","max-image-preview":"max-image-preview:large","max-video-preview":"max-video-preview:-1"},"canonical":"https:\/\/www.quebakan.com\/v15\/la-camara-de-comercio-de-quito-reconocio-la-trayectoria-y-liderazgo-empresarial-de-juan-pablo-eljuri\/","og_locale":"es_ES","og_type":"article","og_title":"La C\u00e1mara de Comercio de Quito reconoci\u00f3 la trayectoria y liderazgo empresarial de Juan Pablo Eljuri &#8211; QUEBAKAN.COM 2026: Noticias, Eventos, Conciertos y mucho m\u00e1s....","og_description":"Quito, marzo de 2026. &#8211; En una ceremonia que reuni\u00f3 a l\u00edderes empresariales y representantes del sector productivo, as\u00ed como miembros del directorio de la instituci\u00f3n, la C\u00e1mara de Comercio de Quito (CCQ) rindi\u00f3 homenaje al empresario Juan Pablo Eljuri, destacando su trayectoria, liderazgo y aporte sostenido al desarrollo econ\u00f3mico del Ecuador. El reconocimiento, entregado [&hellip;]","og_url":"https:\/\/www.quebakan.com\/v15\/la-camara-de-comercio-de-quito-reconocio-la-trayectoria-y-liderazgo-empresarial-de-juan-pablo-eljuri\/","og_site_name":"QUEBAKAN.COM 2026: Noticias, Eventos, Conciertos y mucho m\u00e1s....","article_publisher":"http:\/\/www.facebook.com\/quebakan","article_published_time":"2026-03-10T07:09:13+00:00","og_image":[{"width":700,"height":467,"url":"https:\/\/www.quebakan.com\/v15\/wp-content\/uploads\/2026\/03\/9a6d839e-59fb-4214-abc6-9592b9ab4e31.jpg","type":"image\/jpeg"}],"author":"Erick Villafuerte","twitter_card":"summary_large_image","twitter_creator":"@quebakanec","twitter_site":"@quebakanec","twitter_misc":{"Escrito por":"Erick Villafuerte","Tiempo de lectura":"2 minutos"},"schema":{"@context":"https:\/\/schema.org","@graph":[{"@type":"Article","@id":"https:\/\/www.quebakan.com\/v15\/la-camara-de-comercio-de-quito-reconocio-la-trayectoria-y-liderazgo-empresarial-de-juan-pablo-eljuri\/#article","isPartOf":{"@id":"https:\/\/www.quebakan.com\/v15\/la-camara-de-comercio-de-quito-reconocio-la-trayectoria-y-liderazgo-empresarial-de-juan-pablo-eljuri\/"},"author":{"name":"Erick Villafuerte","@id":"https:\/\/www.quebakan.com\/v15\/#\/schema\/person\/d90fa9f9cfa81eb8ace9811e5b7b9118"},"headline":"La C\u00e1mara de Comercio de Quito reconoci\u00f3 la trayectoria y liderazgo empresarial de Juan Pablo Eljuri","datePublished":"2026-03-10T07:09:13+00:00","mainEntityOfPage":{"@id":"https:\/\/www.quebakan.com\/v15\/la-camara-de-comercio-de-quito-reconocio-la-trayectoria-y-liderazgo-empresarial-de-juan-pablo-eljuri\/"},"wordCount":392,"publisher":{"@id":"https:\/\/www.quebakan.com\/v15\/#organization"},"image":{"@id":"https:\/\/www.quebakan.com\/v15\/la-camara-de-comercio-de-quito-reconocio-la-trayectoria-y-liderazgo-empresarial-de-juan-pablo-eljuri\/#primaryimage"},"thumbnailUrl":"https:\/\/www.quebakan.com\/v15\/wp-content\/uploads\/2026\/03\/9a6d839e-59fb-4214-abc6-9592b9ab4e31.jpg","articleSection":["Noticias"],"inLanguage":"es"},{"@type":"WebPage","@id":"https:\/\/www.quebakan.com\/v15\/la-camara-de-comercio-de-quito-reconocio-la-trayectoria-y-liderazgo-empresarial-de-juan-pablo-eljuri\/","url":"https:\/\/www.quebakan.com\/v15\/la-camara-de-comercio-de-quito-reconocio-la-trayectoria-y-liderazgo-empresarial-de-juan-pablo-eljuri\/","name":"La C\u00e1mara de Comercio de Quito reconoci\u00f3 la trayectoria y liderazgo empresarial de Juan Pablo Eljuri &#8211; QUEBAKAN.COM 2026: Noticias, Eventos, Conciertos y mucho m\u00e1s....","isPartOf":{"@id":"https:\/\/www.quebakan.com\/v15\/#website"},"primaryImageOfPage":{"@id":"https:\/\/www.quebakan.com\/v15\/la-camara-de-comercio-de-quito-reconocio-la-trayectoria-y-liderazgo-empresarial-de-juan-pablo-eljuri\/#primaryimage"},"image":{"@id":"https:\/\/www.quebakan.com\/v15\/la-camara-de-comercio-de-quito-reconocio-la-trayectoria-y-liderazgo-empresarial-de-juan-pablo-eljuri\/#primaryimage"},"thumbnailUrl":"https:\/\/www.quebakan.com\/v15\/wp-content\/uploads\/2026\/03\/9a6d839e-59fb-4214-abc6-9592b9ab4e31.jpg","datePublished":"2026-03-10T07:09:13+00:00","breadcrumb":{"@id":"https:\/\/www.quebakan.com\/v15\/la-camara-de-comercio-de-quito-reconocio-la-trayectoria-y-liderazgo-empresarial-de-juan-pablo-eljuri\/#breadcrumb"},"inLanguage":"es","potentialAction":[{"@type":"ReadAction","target":["https:\/\/www.quebakan.com\/v15\/la-camara-de-comercio-de-quito-reconocio-la-trayectoria-y-liderazgo-empresarial-de-juan-pablo-eljuri\/"]}]},{"@type":"ImageObject","inLanguage":"es","@id":"https:\/\/www.quebakan.com\/v15\/la-camara-de-comercio-de-quito-reconocio-la-trayectoria-y-liderazgo-empresarial-de-juan-pablo-eljuri\/#primaryimage","url":"https:\/\/www.quebakan.com\/v15\/wp-content\/uploads\/2026\/03\/9a6d839e-59fb-4214-abc6-9592b9ab4e31.jpg","contentUrl":"https:\/\/www.quebakan.com\/v15\/wp-content\/uploads\/2026\/03\/9a6d839e-59fb-4214-abc6-9592b9ab4e31.jpg","width":700,"height":467},{"@type":"BreadcrumbList","@id":"https:\/\/www.quebakan.com\/v15\/la-camara-de-comercio-de-quito-reconocio-la-trayectoria-y-liderazgo-empresarial-de-juan-pablo-eljuri\/#breadcrumb","itemListElement":[{"@type":"ListItem","position":1,"name":"Portada","item":"https:\/\/www.quebakan.com\/v15\/"},{"@type":"ListItem","position":2,"name":"La C\u00e1mara de Comercio de Quito reconoci\u00f3 la trayectoria y liderazgo empresarial de Juan Pablo Eljuri"}]},{"@type":"WebSite","@id":"https:\/\/www.quebakan.com\/v15\/#website","url":"https:\/\/www.quebakan.com\/v15\/","name":"QUEBAKAN","description":"..","publisher":{"@id":"https:\/\/www.quebakan.com\/v15\/#organization"},"potentialAction":[{"@type":"SearchAction","target":{"@type":"EntryPoint","urlTemplate":"https:\/\/www.quebakan.com\/v15\/?s={search_term_string}"},"query-input":{"@type":"PropertyValueSpecification","valueRequired":true,"valueName":"search_term_string"}}],"inLanguage":"es"},{"@type":"Organization","@id":"https:\/\/www.quebakan.com\/v15\/#organization","name":"Quebakan.com","url":"https:\/\/www.quebakan.com\/v15\/","logo":{"@type":"ImageObject","inLanguage":"es","@id":"https:\/\/www.quebakan.com\/v15\/#\/schema\/logo\/image\/","url":"https:\/\/www.quebakan.com\/v15\/wp-content\/uploads\/2023\/07\/logoquebakanenero2021.jpg","contentUrl":"https:\/\/www.quebakan.com\/v15\/wp-content\/uploads\/2023\/07\/logoquebakanenero2021.jpg","width":1920,"height":1080,"caption":"Quebakan.com"},"image":{"@id":"https:\/\/www.quebakan.com\/v15\/#\/schema\/logo\/image\/"},"sameAs":["http:\/\/www.facebook.com\/quebakan","https:\/\/x.com\/quebakanec","http:\/\/www.instagram.com\/quebakan","http:\/\/www.youtube.com\/quebakan1"]},{"@type":"Person","@id":"https:\/\/www.quebakan.com\/v15\/#\/schema\/person\/d90fa9f9cfa81eb8ace9811e5b7b9118","name":"Erick Villafuerte","image":{"@type":"ImageObject","inLanguage":"es","@id":"https:\/\/www.quebakan.com\/v15\/wp-content\/uploads\/avatars\/4\/1731297654-bpfull.png","url":"https:\/\/www.quebakan.com\/v15\/wp-content\/uploads\/avatars\/4\/1731297654-bpfull.png","contentUrl":"https:\/\/www.quebakan.com\/v15\/wp-content\/uploads\/avatars\/4\/1731297654-bpfull.png","caption":"Erick Villafuerte"}}]}},"_links":{"self":[{"href":"https:\/\/www.quebakan.com\/v15\/wp-json\/wp\/v2\/posts\/140617","targetHints":{"allow":["GET"]}}],"collection":[{"href":"https:\/\/www.quebakan.com\/v15\/wp-json\/wp\/v2\/posts"}],"about":[{"href":"https:\/\/www.quebakan.com\/v15\/wp-json\/wp\/v2\/types\/post"}],"author":[{"embeddable":true,"href":"https:\/\/www.quebakan.com\/v15\/wp-json\/wp\/v2\/users\/4"}],"replies":[{"embeddable":true,"href":"https:\/\/www.quebakan.com\/v15\/wp-json\/wp\/v2\/comments?post=140617"}],"version-history":[{"count":1,"href":"https:\/\/www.quebakan.com\/v15\/wp-json\/wp\/v2\/posts\/140617\/revisions"}],"predecessor-version":[{"id":140619,"href":"https:\/\/www.quebakan.com\/v15\/wp-json\/wp\/v2\/posts\/140617\/revisions\/140619"}],"wp:featuredmedia":[{"embeddable":true,"href":"https:\/\/www.quebakan.com\/v15\/wp-json\/wp\/v2\/media\/140618"}],"wp:attachment":[{"href":"https:\/\/www.quebakan.com\/v15\/wp-json\/wp\/v2\/media?parent=140617"}],"wp:term":[{"taxonomy":"category","embeddable":true,"href":"https:\/\/www.quebakan.com\/v15\/wp-json\/wp\/v2\/categories?post=140617"},{"taxonomy":"post_tag","embeddable":true,"href":"https:\/\/www.quebakan.com\/v15\/wp-json\/wp\/v2\/tags?post=140617"}],"curies":[{"name":"wp","href":"https:\/\/api.w.org\/{rel}","templated":true}]}}