{"id":140620,"date":"2026-03-10T02:19:26","date_gmt":"2026-03-10T07:19:26","guid":{"rendered":"https:\/\/www.quebakan.com\/v15\/?p=140620"},"modified":"2026-03-10T02:19:26","modified_gmt":"2026-03-10T07:19:26","slug":"ecuador-apunta-a-un-nuevo-ciclo-de-crecimiento-en-construccion-el-sector-cuenta-con-las-condiciones-mas-favorables-de-la-ultima-decada","status":"publish","type":"post","link":"https:\/\/www.quebakan.com\/v15\/ecuador-apunta-a-un-nuevo-ciclo-de-crecimiento-en-construccion-el-sector-cuenta-con-las-condiciones-mas-favorables-de-la-ultima-decada\/","title":{"rendered":"Ecuador apunta a un nuevo ciclo de crecimiento en construcci\u00f3n: el sector cuenta con las condiciones m\u00e1s favorables de la \u00faltima d\u00e9cada\u200b"},"content":{"rendered":"<p><img fetchpriority=\"high\" decoding=\"async\" class=\"aligncenter size-full wp-image-140621\" src=\"https:\/\/www.quebakan.com\/v15\/wp-content\/uploads\/2026\/03\/attachment-1-1.jpg\" alt=\"\" width=\"700\" height=\"394\" \/><\/p>\n<ul>\n<li dir=\"ltr\">\n<p dir=\"ltr\" style=\"text-align: justify;\" role=\"presentation\"><span style=\"color: #000000;\">Con tasas hipotecarias hist\u00f3ricamente bajas, una declaratoria oficial del gobierno nacional y un sector que creci\u00f3 6,2% en 2025, la construcci\u00f3n en Ecuador inicia el a\u00f1o con se\u00f1ales concretas de consolidaci\u00f3n.\u00a0<\/span><\/p>\n<\/li>\n<li dir=\"ltr\" style=\"text-align: justify;\">\n<p dir=\"ltr\" role=\"presentation\"><span style=\"color: #000000;\">Desde Guayaquil, los actores clave de la industria tendr\u00e1n un espacio com\u00fan donde la demanda, la oferta y el conocimiento del sector convergen en un solo lugar.<\/span><\/p>\n<\/li>\n<\/ul>\n<p dir=\"ltr\" style=\"text-align: justify;\"><span style=\"color: #000000;\">Con el\u00a0\u00abA\u00f1o de la Construcci\u00f3n\u00bb\u00a0como marco oficial y programas como el\u00a0Credicasa\u00a0del BIESS al 2,99% y Miti-Miti con USD 600 millones asignados, el sector arranca con el respaldo m\u00e1s s\u00f3lido de la \u00faltima d\u00e9cada. Seg\u00fan datos del Banco Central del Ecuador,\u00a0la construcci\u00f3n creci\u00f3 6,2% interanual en el tercer trimestre de 2025, consolid\u00e1ndose como uno de los motores m\u00e1s din\u00e1micos de la econom\u00eda nacional, con una participaci\u00f3n hist\u00f3rica de entre el 6% y 8% del PIB y alrededor de\u00a082.000 empleos formales directos.<\/span><\/p>\n<p dir=\"ltr\" style=\"text-align: justify;\"><span style=\"color: #000000;\">En Guayaquil y la regi\u00f3n del Guayas, este impulso se traduce en mayor movimiento en proyectos habitacionales, mayor demanda de mano de obra calificada y una cadena productiva que involucra proveedores, empresas de servicios t\u00e9cnicos y profesionales del dise\u00f1o y la ingenier\u00eda.<\/span><\/p>\n<p dir=\"ltr\" style=\"text-align: justify;\"><span style=\"color: #000000;\">Con el sector en plena expansi\u00f3n, ingenieros civiles , arquitectos,\u00a0 promotores inmobiliarios, dise\u00f1adores de interiores y profesionales enfrentan una necesidad concreta: un espacio donde\u00a0<span aria-invalid=\"grammar\">converger<\/span>, actualizarse y generar nuevos negocios. Es en ese contexto, la\u00a0feria del sector de la construcci\u00f3n, Edifica,\u00a0cobra un rol central como el punto de encuentro de la industria, reuniendo a todos los actores que mueven el sector, desde los grandes desarrolladores hasta los proveedores especializados.<\/span><\/p>\n<p dir=\"ltr\" style=\"text-align: justify;\"><span style=\"color: #000000;\">\u00abEn un a\u00f1o en que el sector tiene todas las condiciones para crecer, Edifica resolver\u00e1 una necesidad concreta: que todos los actores que mueven la industria en Ecuador tengan un mismo punto de encuentro. Aqu\u00ed es donde los negocios de la construcci\u00f3n, toman forma\u00bb, enfatiz\u00f3\u00a0Cecilia Jurado, Directora de Edifica<\/span><\/p>\n<p dir=\"ltr\" style=\"text-align: justify;\"><span style=\"color: #000000;\">Edifica, se llevar\u00e1 a cabo a mediados de mayo en Expoplaza &#8211; Centro de Convenciones de Guayaquil y contar\u00e1 con una feria comercial con m\u00e1s de 60 expositores y proveedores del sector de la construcci\u00f3n y un ciclo de conferencias t\u00e9cnicas abiertas al p\u00fablico, donde se abordar\u00e1n temas como\u00a0construcci\u00f3n sostenible, innovaci\u00f3n en materiales, certificaciones y eficiencia energ\u00e9tica.\u00a0Un encuentro de alto nivel que llega en el momento m\u00e1s oportuno para una industria que tiene todo listo para crecer.<\/span><\/p>\n","protected":false},"excerpt":{"rendered":"<p>Con tasas hipotecarias hist\u00f3ricamente bajas, una declaratoria oficial del gobierno nacional y un sector que creci\u00f3 6,2% en 2025, la construcci\u00f3n en Ecuador inicia el a\u00f1o con se\u00f1ales concretas de consolidaci\u00f3n.\u00a0 Desde Guayaquil, los actores clave de la industria tendr\u00e1n un espacio com\u00fan donde la demanda, la oferta y el conocimiento del sector convergen en [&hellip;]<\/p>\n","protected":false},"author":4,"featured_media":140621,"comment_status":"closed","ping_status":"closed","sticky":false,"template":"","format":"standard","meta":{"_bbp_topic_count":0,"_bbp_reply_count":0,"_bbp_total_topic_count":0,"_bbp_total_reply_count":0,"_bbp_voice_count":0,"_bbp_anonymous_reply_count":0,"_bbp_topic_count_hidden":0,"_bbp_reply_count_hidden":0,"_bbp_forum_subforum_count":0,"buzzeditor_post_format":"","footnotes":""},"categories":[2],"tags":[],"class_list":["post-140620","post","type-post","status-publish","format-standard","has-post-thumbnail","hentry","category-noticias"],"yoast_head":"<!-- This site is optimized with the Yoast SEO plugin v27.5 - https:\/\/yoast.com\/product\/yoast-seo-wordpress\/ -->\n<title>Ecuador apunta a un nuevo ciclo de crecimiento en construcci\u00f3n: el sector cuenta con las condiciones m\u00e1s favorables de la \u00faltima d\u00e9cada\u200b &#8211; QUEBAKAN.COM 2026: Noticias, Eventos, Conciertos y mucho m\u00e1s....<\/title>\n<meta name=\"robots\" content=\"index, follow, max-snippet:-1, max-image-preview:large, max-video-preview:-1\" \/>\n<link rel=\"canonical\" href=\"https:\/\/www.quebakan.com\/v15\/ecuador-apunta-a-un-nuevo-ciclo-de-crecimiento-en-construccion-el-sector-cuenta-con-las-condiciones-mas-favorables-de-la-ultima-decada\/\" \/>\n<meta property=\"og:locale\" content=\"es_ES\" \/>\n<meta property=\"og:type\" content=\"article\" \/>\n<meta property=\"og:title\" content=\"Ecuador apunta a un nuevo ciclo de crecimiento en construcci\u00f3n: el sector cuenta con las condiciones m\u00e1s favorables de la \u00faltima d\u00e9cada\u200b &#8211; QUEBAKAN.COM 2026: Noticias, Eventos, Conciertos y mucho m\u00e1s....\" \/>\n<meta property=\"og:description\" content=\"Con tasas hipotecarias hist\u00f3ricamente bajas, una declaratoria oficial del gobierno nacional y un sector que creci\u00f3 6,2% en 2025, la construcci\u00f3n en Ecuador inicia el a\u00f1o con se\u00f1ales concretas de consolidaci\u00f3n.\u00a0 Desde Guayaquil, los actores clave de la industria tendr\u00e1n un espacio com\u00fan donde la demanda, la oferta y el conocimiento del sector convergen en [&hellip;]\" \/>\n<meta property=\"og:url\" content=\"https:\/\/www.quebakan.com\/v15\/ecuador-apunta-a-un-nuevo-ciclo-de-crecimiento-en-construccion-el-sector-cuenta-con-las-condiciones-mas-favorables-de-la-ultima-decada\/\" \/>\n<meta property=\"og:site_name\" content=\"QUEBAKAN.COM 2026: Noticias, Eventos, Conciertos y mucho m\u00e1s....\" \/>\n<meta property=\"article:publisher\" content=\"http:\/\/www.facebook.com\/quebakan\" \/>\n<meta property=\"article:published_time\" content=\"2026-03-10T07:19:26+00:00\" \/>\n<meta property=\"og:image\" content=\"https:\/\/www.quebakan.com\/v15\/wp-content\/uploads\/2026\/03\/attachment-1-1.jpg\" \/>\n\t<meta property=\"og:image:width\" content=\"700\" \/>\n\t<meta property=\"og:image:height\" content=\"394\" \/>\n\t<meta property=\"og:image:type\" content=\"image\/jpeg\" \/>\n<meta name=\"author\" content=\"Erick Villafuerte\" \/>\n<meta name=\"twitter:card\" content=\"summary_large_image\" \/>\n<meta name=\"twitter:creator\" content=\"@quebakanec\" \/>\n<meta name=\"twitter:site\" content=\"@quebakanec\" \/>\n<meta name=\"twitter:label1\" content=\"Escrito por\" \/>\n\t<meta name=\"twitter:data1\" content=\"Erick Villafuerte\" \/>\n\t<meta name=\"twitter:label2\" content=\"Tiempo de lectura\" \/>\n\t<meta name=\"twitter:data2\" content=\"3 minutos\" \/>\n<script type=\"application\/ld+json\" class=\"yoast-schema-graph\">{\"@context\":\"https:\\\/\\\/schema.org\",\"@graph\":[{\"@type\":\"Article\",\"@id\":\"https:\\\/\\\/www.quebakan.com\\\/v15\\\/ecuador-apunta-a-un-nuevo-ciclo-de-crecimiento-en-construccion-el-sector-cuenta-con-las-condiciones-mas-favorables-de-la-ultima-decada\\\/#article\",\"isPartOf\":{\"@id\":\"https:\\\/\\\/www.quebakan.com\\\/v15\\\/ecuador-apunta-a-un-nuevo-ciclo-de-crecimiento-en-construccion-el-sector-cuenta-con-las-condiciones-mas-favorables-de-la-ultima-decada\\\/\"},\"author\":{\"name\":\"Erick Villafuerte\",\"@id\":\"https:\\\/\\\/www.quebakan.com\\\/v15\\\/#\\\/schema\\\/person\\\/d90fa9f9cfa81eb8ace9811e5b7b9118\"},\"headline\":\"Ecuador apunta a un nuevo ciclo de crecimiento en construcci\u00f3n: el sector cuenta con las condiciones m\u00e1s favorables de la \u00faltima d\u00e9cada\u200b\",\"datePublished\":\"2026-03-10T07:19:26+00:00\",\"mainEntityOfPage\":{\"@id\":\"https:\\\/\\\/www.quebakan.com\\\/v15\\\/ecuador-apunta-a-un-nuevo-ciclo-de-crecimiento-en-construccion-el-sector-cuenta-con-las-condiciones-mas-favorables-de-la-ultima-decada\\\/\"},\"wordCount\":438,\"publisher\":{\"@id\":\"https:\\\/\\\/www.quebakan.com\\\/v15\\\/#organization\"},\"image\":{\"@id\":\"https:\\\/\\\/www.quebakan.com\\\/v15\\\/ecuador-apunta-a-un-nuevo-ciclo-de-crecimiento-en-construccion-el-sector-cuenta-con-las-condiciones-mas-favorables-de-la-ultima-decada\\\/#primaryimage\"},\"thumbnailUrl\":\"https:\\\/\\\/www.quebakan.com\\\/v15\\\/wp-content\\\/uploads\\\/2026\\\/03\\\/attachment-1-1.jpg\",\"articleSection\":[\"Noticias\"],\"inLanguage\":\"es\"},{\"@type\":\"WebPage\",\"@id\":\"https:\\\/\\\/www.quebakan.com\\\/v15\\\/ecuador-apunta-a-un-nuevo-ciclo-de-crecimiento-en-construccion-el-sector-cuenta-con-las-condiciones-mas-favorables-de-la-ultima-decada\\\/\",\"url\":\"https:\\\/\\\/www.quebakan.com\\\/v15\\\/ecuador-apunta-a-un-nuevo-ciclo-de-crecimiento-en-construccion-el-sector-cuenta-con-las-condiciones-mas-favorables-de-la-ultima-decada\\\/\",\"name\":\"Ecuador apunta a un nuevo ciclo de crecimiento en construcci\u00f3n: el sector cuenta con las condiciones m\u00e1s favorables de la \u00faltima d\u00e9cada\u200b &#8211; QUEBAKAN.COM 2026: Noticias, Eventos, Conciertos y mucho m\u00e1s....\",\"isPartOf\":{\"@id\":\"https:\\\/\\\/www.quebakan.com\\\/v15\\\/#website\"},\"primaryImageOfPage\":{\"@id\":\"https:\\\/\\\/www.quebakan.com\\\/v15\\\/ecuador-apunta-a-un-nuevo-ciclo-de-crecimiento-en-construccion-el-sector-cuenta-con-las-condiciones-mas-favorables-de-la-ultima-decada\\\/#primaryimage\"},\"image\":{\"@id\":\"https:\\\/\\\/www.quebakan.com\\\/v15\\\/ecuador-apunta-a-un-nuevo-ciclo-de-crecimiento-en-construccion-el-sector-cuenta-con-las-condiciones-mas-favorables-de-la-ultima-decada\\\/#primaryimage\"},\"thumbnailUrl\":\"https:\\\/\\\/www.quebakan.com\\\/v15\\\/wp-content\\\/uploads\\\/2026\\\/03\\\/attachment-1-1.jpg\",\"datePublished\":\"2026-03-10T07:19:26+00:00\",\"breadcrumb\":{\"@id\":\"https:\\\/\\\/www.quebakan.com\\\/v15\\\/ecuador-apunta-a-un-nuevo-ciclo-de-crecimiento-en-construccion-el-sector-cuenta-con-las-condiciones-mas-favorables-de-la-ultima-decada\\\/#breadcrumb\"},\"inLanguage\":\"es\",\"potentialAction\":[{\"@type\":\"ReadAction\",\"target\":[\"https:\\\/\\\/www.quebakan.com\\\/v15\\\/ecuador-apunta-a-un-nuevo-ciclo-de-crecimiento-en-construccion-el-sector-cuenta-con-las-condiciones-mas-favorables-de-la-ultima-decada\\\/\"]}]},{\"@type\":\"ImageObject\",\"inLanguage\":\"es\",\"@id\":\"https:\\\/\\\/www.quebakan.com\\\/v15\\\/ecuador-apunta-a-un-nuevo-ciclo-de-crecimiento-en-construccion-el-sector-cuenta-con-las-condiciones-mas-favorables-de-la-ultima-decada\\\/#primaryimage\",\"url\":\"https:\\\/\\\/www.quebakan.com\\\/v15\\\/wp-content\\\/uploads\\\/2026\\\/03\\\/attachment-1-1.jpg\",\"contentUrl\":\"https:\\\/\\\/www.quebakan.com\\\/v15\\\/wp-content\\\/uploads\\\/2026\\\/03\\\/attachment-1-1.jpg\",\"width\":700,\"height\":394},{\"@type\":\"BreadcrumbList\",\"@id\":\"https:\\\/\\\/www.quebakan.com\\\/v15\\\/ecuador-apunta-a-un-nuevo-ciclo-de-crecimiento-en-construccion-el-sector-cuenta-con-las-condiciones-mas-favorables-de-la-ultima-decada\\\/#breadcrumb\",\"itemListElement\":[{\"@type\":\"ListItem\",\"position\":1,\"name\":\"Portada\",\"item\":\"https:\\\/\\\/www.quebakan.com\\\/v15\\\/\"},{\"@type\":\"ListItem\",\"position\":2,\"name\":\"Ecuador apunta a un nuevo ciclo de crecimiento en construcci\u00f3n: el sector cuenta con las condiciones m\u00e1s favorables de la \u00faltima d\u00e9cada\u200b\"}]},{\"@type\":\"WebSite\",\"@id\":\"https:\\\/\\\/www.quebakan.com\\\/v15\\\/#website\",\"url\":\"https:\\\/\\\/www.quebakan.com\\\/v15\\\/\",\"name\":\"QUEBAKAN\",\"description\":\"..\",\"publisher\":{\"@id\":\"https:\\\/\\\/www.quebakan.com\\\/v15\\\/#organization\"},\"potentialAction\":[{\"@type\":\"SearchAction\",\"target\":{\"@type\":\"EntryPoint\",\"urlTemplate\":\"https:\\\/\\\/www.quebakan.com\\\/v15\\\/?s={search_term_string}\"},\"query-input\":{\"@type\":\"PropertyValueSpecification\",\"valueRequired\":true,\"valueName\":\"search_term_string\"}}],\"inLanguage\":\"es\"},{\"@type\":\"Organization\",\"@id\":\"https:\\\/\\\/www.quebakan.com\\\/v15\\\/#organization\",\"name\":\"Quebakan.com\",\"url\":\"https:\\\/\\\/www.quebakan.com\\\/v15\\\/\",\"logo\":{\"@type\":\"ImageObject\",\"inLanguage\":\"es\",\"@id\":\"https:\\\/\\\/www.quebakan.com\\\/v15\\\/#\\\/schema\\\/logo\\\/image\\\/\",\"url\":\"https:\\\/\\\/www.quebakan.com\\\/v15\\\/wp-content\\\/uploads\\\/2023\\\/07\\\/logoquebakanenero2021.jpg\",\"contentUrl\":\"https:\\\/\\\/www.quebakan.com\\\/v15\\\/wp-content\\\/uploads\\\/2023\\\/07\\\/logoquebakanenero2021.jpg\",\"width\":1920,\"height\":1080,\"caption\":\"Quebakan.com\"},\"image\":{\"@id\":\"https:\\\/\\\/www.quebakan.com\\\/v15\\\/#\\\/schema\\\/logo\\\/image\\\/\"},\"sameAs\":[\"http:\\\/\\\/www.facebook.com\\\/quebakan\",\"https:\\\/\\\/x.com\\\/quebakanec\",\"http:\\\/\\\/www.instagram.com\\\/quebakan\",\"http:\\\/\\\/www.youtube.com\\\/quebakan1\"]},{\"@type\":\"Person\",\"@id\":\"https:\\\/\\\/www.quebakan.com\\\/v15\\\/#\\\/schema\\\/person\\\/d90fa9f9cfa81eb8ace9811e5b7b9118\",\"name\":\"Erick Villafuerte\",\"image\":{\"@type\":\"ImageObject\",\"inLanguage\":\"es\",\"@id\":\"https:\\\/\\\/www.quebakan.com\\\/v15\\\/wp-content\\\/uploads\\\/avatars\\\/4\\\/1731297654-bpfull.png\",\"url\":\"https:\\\/\\\/www.quebakan.com\\\/v15\\\/wp-content\\\/uploads\\\/avatars\\\/4\\\/1731297654-bpfull.png\",\"contentUrl\":\"https:\\\/\\\/www.quebakan.com\\\/v15\\\/wp-content\\\/uploads\\\/avatars\\\/4\\\/1731297654-bpfull.png\",\"caption\":\"Erick Villafuerte\"}}]}<\/script>\n<!-- \/ Yoast SEO plugin. -->","yoast_head_json":{"title":"Ecuador apunta a un nuevo ciclo de crecimiento en construcci\u00f3n: el sector cuenta con las condiciones m\u00e1s favorables de la \u00faltima d\u00e9cada\u200b &#8211; QUEBAKAN.COM 2026: Noticias, Eventos, Conciertos y mucho m\u00e1s....","robots":{"index":"index","follow":"follow","max-snippet":"max-snippet:-1","max-image-preview":"max-image-preview:large","max-video-preview":"max-video-preview:-1"},"canonical":"https:\/\/www.quebakan.com\/v15\/ecuador-apunta-a-un-nuevo-ciclo-de-crecimiento-en-construccion-el-sector-cuenta-con-las-condiciones-mas-favorables-de-la-ultima-decada\/","og_locale":"es_ES","og_type":"article","og_title":"Ecuador apunta a un nuevo ciclo de crecimiento en construcci\u00f3n: el sector cuenta con las condiciones m\u00e1s favorables de la \u00faltima d\u00e9cada\u200b &#8211; QUEBAKAN.COM 2026: Noticias, Eventos, Conciertos y mucho m\u00e1s....","og_description":"Con tasas hipotecarias hist\u00f3ricamente bajas, una declaratoria oficial del gobierno nacional y un sector que creci\u00f3 6,2% en 2025, la construcci\u00f3n en Ecuador inicia el a\u00f1o con se\u00f1ales concretas de consolidaci\u00f3n.\u00a0 Desde Guayaquil, los actores clave de la industria tendr\u00e1n un espacio com\u00fan donde la demanda, la oferta y el conocimiento del sector convergen en [&hellip;]","og_url":"https:\/\/www.quebakan.com\/v15\/ecuador-apunta-a-un-nuevo-ciclo-de-crecimiento-en-construccion-el-sector-cuenta-con-las-condiciones-mas-favorables-de-la-ultima-decada\/","og_site_name":"QUEBAKAN.COM 2026: Noticias, Eventos, Conciertos y mucho m\u00e1s....","article_publisher":"http:\/\/www.facebook.com\/quebakan","article_published_time":"2026-03-10T07:19:26+00:00","og_image":[{"width":700,"height":394,"url":"https:\/\/www.quebakan.com\/v15\/wp-content\/uploads\/2026\/03\/attachment-1-1.jpg","type":"image\/jpeg"}],"author":"Erick Villafuerte","twitter_card":"summary_large_image","twitter_creator":"@quebakanec","twitter_site":"@quebakanec","twitter_misc":{"Escrito por":"Erick Villafuerte","Tiempo de lectura":"3 minutos"},"schema":{"@context":"https:\/\/schema.org","@graph":[{"@type":"Article","@id":"https:\/\/www.quebakan.com\/v15\/ecuador-apunta-a-un-nuevo-ciclo-de-crecimiento-en-construccion-el-sector-cuenta-con-las-condiciones-mas-favorables-de-la-ultima-decada\/#article","isPartOf":{"@id":"https:\/\/www.quebakan.com\/v15\/ecuador-apunta-a-un-nuevo-ciclo-de-crecimiento-en-construccion-el-sector-cuenta-con-las-condiciones-mas-favorables-de-la-ultima-decada\/"},"author":{"name":"Erick Villafuerte","@id":"https:\/\/www.quebakan.com\/v15\/#\/schema\/person\/d90fa9f9cfa81eb8ace9811e5b7b9118"},"headline":"Ecuador apunta a un nuevo ciclo de crecimiento en construcci\u00f3n: el sector cuenta con las condiciones m\u00e1s favorables de la \u00faltima d\u00e9cada\u200b","datePublished":"2026-03-10T07:19:26+00:00","mainEntityOfPage":{"@id":"https:\/\/www.quebakan.com\/v15\/ecuador-apunta-a-un-nuevo-ciclo-de-crecimiento-en-construccion-el-sector-cuenta-con-las-condiciones-mas-favorables-de-la-ultima-decada\/"},"wordCount":438,"publisher":{"@id":"https:\/\/www.quebakan.com\/v15\/#organization"},"image":{"@id":"https:\/\/www.quebakan.com\/v15\/ecuador-apunta-a-un-nuevo-ciclo-de-crecimiento-en-construccion-el-sector-cuenta-con-las-condiciones-mas-favorables-de-la-ultima-decada\/#primaryimage"},"thumbnailUrl":"https:\/\/www.quebakan.com\/v15\/wp-content\/uploads\/2026\/03\/attachment-1-1.jpg","articleSection":["Noticias"],"inLanguage":"es"},{"@type":"WebPage","@id":"https:\/\/www.quebakan.com\/v15\/ecuador-apunta-a-un-nuevo-ciclo-de-crecimiento-en-construccion-el-sector-cuenta-con-las-condiciones-mas-favorables-de-la-ultima-decada\/","url":"https:\/\/www.quebakan.com\/v15\/ecuador-apunta-a-un-nuevo-ciclo-de-crecimiento-en-construccion-el-sector-cuenta-con-las-condiciones-mas-favorables-de-la-ultima-decada\/","name":"Ecuador apunta a un nuevo ciclo de crecimiento en construcci\u00f3n: el sector cuenta con las condiciones m\u00e1s favorables de la \u00faltima d\u00e9cada\u200b &#8211; QUEBAKAN.COM 2026: Noticias, Eventos, Conciertos y mucho m\u00e1s....","isPartOf":{"@id":"https:\/\/www.quebakan.com\/v15\/#website"},"primaryImageOfPage":{"@id":"https:\/\/www.quebakan.com\/v15\/ecuador-apunta-a-un-nuevo-ciclo-de-crecimiento-en-construccion-el-sector-cuenta-con-las-condiciones-mas-favorables-de-la-ultima-decada\/#primaryimage"},"image":{"@id":"https:\/\/www.quebakan.com\/v15\/ecuador-apunta-a-un-nuevo-ciclo-de-crecimiento-en-construccion-el-sector-cuenta-con-las-condiciones-mas-favorables-de-la-ultima-decada\/#primaryimage"},"thumbnailUrl":"https:\/\/www.quebakan.com\/v15\/wp-content\/uploads\/2026\/03\/attachment-1-1.jpg","datePublished":"2026-03-10T07:19:26+00:00","breadcrumb":{"@id":"https:\/\/www.quebakan.com\/v15\/ecuador-apunta-a-un-nuevo-ciclo-de-crecimiento-en-construccion-el-sector-cuenta-con-las-condiciones-mas-favorables-de-la-ultima-decada\/#breadcrumb"},"inLanguage":"es","potentialAction":[{"@type":"ReadAction","target":["https:\/\/www.quebakan.com\/v15\/ecuador-apunta-a-un-nuevo-ciclo-de-crecimiento-en-construccion-el-sector-cuenta-con-las-condiciones-mas-favorables-de-la-ultima-decada\/"]}]},{"@type":"ImageObject","inLanguage":"es","@id":"https:\/\/www.quebakan.com\/v15\/ecuador-apunta-a-un-nuevo-ciclo-de-crecimiento-en-construccion-el-sector-cuenta-con-las-condiciones-mas-favorables-de-la-ultima-decada\/#primaryimage","url":"https:\/\/www.quebakan.com\/v15\/wp-content\/uploads\/2026\/03\/attachment-1-1.jpg","contentUrl":"https:\/\/www.quebakan.com\/v15\/wp-content\/uploads\/2026\/03\/attachment-1-1.jpg","width":700,"height":394},{"@type":"BreadcrumbList","@id":"https:\/\/www.quebakan.com\/v15\/ecuador-apunta-a-un-nuevo-ciclo-de-crecimiento-en-construccion-el-sector-cuenta-con-las-condiciones-mas-favorables-de-la-ultima-decada\/#breadcrumb","itemListElement":[{"@type":"ListItem","position":1,"name":"Portada","item":"https:\/\/www.quebakan.com\/v15\/"},{"@type":"ListItem","position":2,"name":"Ecuador apunta a un nuevo ciclo de crecimiento en construcci\u00f3n: el sector cuenta con las condiciones m\u00e1s favorables de la \u00faltima d\u00e9cada\u200b"}]},{"@type":"WebSite","@id":"https:\/\/www.quebakan.com\/v15\/#website","url":"https:\/\/www.quebakan.com\/v15\/","name":"QUEBAKAN","description":"..","publisher":{"@id":"https:\/\/www.quebakan.com\/v15\/#organization"},"potentialAction":[{"@type":"SearchAction","target":{"@type":"EntryPoint","urlTemplate":"https:\/\/www.quebakan.com\/v15\/?s={search_term_string}"},"query-input":{"@type":"PropertyValueSpecification","valueRequired":true,"valueName":"search_term_string"}}],"inLanguage":"es"},{"@type":"Organization","@id":"https:\/\/www.quebakan.com\/v15\/#organization","name":"Quebakan.com","url":"https:\/\/www.quebakan.com\/v15\/","logo":{"@type":"ImageObject","inLanguage":"es","@id":"https:\/\/www.quebakan.com\/v15\/#\/schema\/logo\/image\/","url":"https:\/\/www.quebakan.com\/v15\/wp-content\/uploads\/2023\/07\/logoquebakanenero2021.jpg","contentUrl":"https:\/\/www.quebakan.com\/v15\/wp-content\/uploads\/2023\/07\/logoquebakanenero2021.jpg","width":1920,"height":1080,"caption":"Quebakan.com"},"image":{"@id":"https:\/\/www.quebakan.com\/v15\/#\/schema\/logo\/image\/"},"sameAs":["http:\/\/www.facebook.com\/quebakan","https:\/\/x.com\/quebakanec","http:\/\/www.instagram.com\/quebakan","http:\/\/www.youtube.com\/quebakan1"]},{"@type":"Person","@id":"https:\/\/www.quebakan.com\/v15\/#\/schema\/person\/d90fa9f9cfa81eb8ace9811e5b7b9118","name":"Erick Villafuerte","image":{"@type":"ImageObject","inLanguage":"es","@id":"https:\/\/www.quebakan.com\/v15\/wp-content\/uploads\/avatars\/4\/1731297654-bpfull.png","url":"https:\/\/www.quebakan.com\/v15\/wp-content\/uploads\/avatars\/4\/1731297654-bpfull.png","contentUrl":"https:\/\/www.quebakan.com\/v15\/wp-content\/uploads\/avatars\/4\/1731297654-bpfull.png","caption":"Erick Villafuerte"}}]}},"_links":{"self":[{"href":"https:\/\/www.quebakan.com\/v15\/wp-json\/wp\/v2\/posts\/140620","targetHints":{"allow":["GET"]}}],"collection":[{"href":"https:\/\/www.quebakan.com\/v15\/wp-json\/wp\/v2\/posts"}],"about":[{"href":"https:\/\/www.quebakan.com\/v15\/wp-json\/wp\/v2\/types\/post"}],"author":[{"embeddable":true,"href":"https:\/\/www.quebakan.com\/v15\/wp-json\/wp\/v2\/users\/4"}],"replies":[{"embeddable":true,"href":"https:\/\/www.quebakan.com\/v15\/wp-json\/wp\/v2\/comments?post=140620"}],"version-history":[{"count":1,"href":"https:\/\/www.quebakan.com\/v15\/wp-json\/wp\/v2\/posts\/140620\/revisions"}],"predecessor-version":[{"id":140622,"href":"https:\/\/www.quebakan.com\/v15\/wp-json\/wp\/v2\/posts\/140620\/revisions\/140622"}],"wp:featuredmedia":[{"embeddable":true,"href":"https:\/\/www.quebakan.com\/v15\/wp-json\/wp\/v2\/media\/140621"}],"wp:attachment":[{"href":"https:\/\/www.quebakan.com\/v15\/wp-json\/wp\/v2\/media?parent=140620"}],"wp:term":[{"taxonomy":"category","embeddable":true,"href":"https:\/\/www.quebakan.com\/v15\/wp-json\/wp\/v2\/categories?post=140620"},{"taxonomy":"post_tag","embeddable":true,"href":"https:\/\/www.quebakan.com\/v15\/wp-json\/wp\/v2\/tags?post=140620"}],"curies":[{"name":"wp","href":"https:\/\/api.w.org\/{rel}","templated":true}]}}