{"id":140626,"date":"2026-03-10T09:05:18","date_gmt":"2026-03-10T14:05:18","guid":{"rendered":"https:\/\/www.quebakan.com\/v15\/?p=140626"},"modified":"2026-03-10T09:05:18","modified_gmt":"2026-03-10T14:05:18","slug":"la-terapia-capilar-que-ayuda-a-reducir-el-estres-y-mejorar-la-salud-del-cuero-cabelludo","status":"publish","type":"post","link":"https:\/\/www.quebakan.com\/v15\/la-terapia-capilar-que-ayuda-a-reducir-el-estres-y-mejorar-la-salud-del-cuero-cabelludo\/","title":{"rendered":"LA TERAPIA CAPILAR QUE AYUDA A REDUCIR EL ESTR\u00c9S Y MEJORAR LA SALUD DEL CUERO CABELLUDO"},"content":{"rendered":"<p><img fetchpriority=\"high\" decoding=\"async\" class=\"aligncenter size-full wp-image-140627\" src=\"https:\/\/www.quebakan.com\/v15\/wp-content\/uploads\/2026\/03\/logoj1.jpg\" alt=\"\" width=\"341\" height=\"256\" \/><\/p>\n<p style=\"text-align: justify;\"><span style=\"color: #000000;\"><strong><em>Especialistas se\u00f1alan que los masajes terap\u00e9uticos en el cuero cabelludo pueden favorecer la relajaci\u00f3n profunda, mejorar la microcirculaci\u00f3n y contribuir al bienestar general.<\/em><\/strong><\/span><\/p>\n<p style=\"text-align: justify;\"><span style=\"color: #000000;\"><strong>Quito, Ecuador.<\/strong> En un contexto donde el estr\u00e9s se ha convertido en uno de los principales desaf\u00edos para la salud f\u00edsica y mental, terapias enfocadas en la relajaci\u00f3n del sistema nervioso y el bienestar integral comienzan a ganar protagonismo. Una de ellas es el <strong>Japanese Head Spa<\/strong>, una t\u00e9cnica originaria de Jap\u00f3n que combina diagn\u00f3stico capilar, limpieza profunda del cuero cabelludo y masajes terap\u00e9uticos dise\u00f1ados para estimular la circulaci\u00f3n y reducir la tensi\u00f3n acumulada.<\/span><\/p>\n<p style=\"text-align: justify;\"><span style=\"color: #000000;\">Aunque muchas personas lo conocen como un tratamiento de belleza, especialistas coinciden en que su valor va m\u00e1s all\u00e1 del resultado est\u00e9tico. Desde una perspectiva profesional, este tipo de terapia contribuye a <strong>mejorar las condiciones del cuero cabelludo<\/strong>, favoreciendo la microcirculaci\u00f3n, la oxigenaci\u00f3n de los tejidos y el equilibrio cut\u00e1neo, factores clave para mantener un entorno saludable para el fol\u00edculo piloso.<\/span><\/p>\n<p style=\"text-align: justify;\"><span style=\"color: #000000;\">Diversos estudios sobre terapias de masaje han demostrado que este tipo de est\u00edmulos <strong>pueden contribuir a la reducci\u00f3n de los niveles de cortisol<\/strong>, la principal hormona asociada al estr\u00e9s. Investigaciones publicadas en el International Journal of Neuroscience indican que las sesiones de masaje pueden reducir el cortisol en el organismo hasta en un 30 %, al mismo tiempo que aumentan los niveles de serotonina y dopamina, neurotransmisores vinculados al bienestar y la relajaci\u00f3n.<\/span><\/p>\n<p style=\"text-align: justify;\"><span style=\"color: #000000;\"><strong>El v\u00ednculo entre estr\u00e9s y salud capilar<\/strong><\/span><\/p>\n<p style=\"text-align: justify;\"><span style=\"color: #000000;\">El estr\u00e9s cr\u00f3nico no solo afecta el bienestar emocional, tambi\u00e9n puede tener efectos visibles en la salud del cabello. Investigaciones en dermatolog\u00eda han demostrado que los estados prolongados de estr\u00e9s pueden alterar el ciclo natural del crecimiento capilar, provocando debilitamiento del fol\u00edculo y episodios de ca\u00edda del cabello.<\/span><\/p>\n<p style=\"text-align: justify;\"><span style=\"color: #000000;\">En este contexto, terapias que estimulan la relajaci\u00f3n del sistema nervioso pueden convertirse en un complemento importante dentro de los cuidados capilares.<\/span><\/p>\n<p style=\"text-align: justify;\"><span style=\"color: #000000;\">\u201cEl trabajo terap\u00e9utico sobre la cabeza, el cuello y el cuero cabelludo influye directamente en la regulaci\u00f3n del sistema nervioso. Esto ayuda a disminuir la tensi\u00f3n f\u00edsica y mental acumulada, generando una sensaci\u00f3n de calma profunda que muchas personas asocian con una mejora en la calidad del descanso\u201d, explican especialistas en terapias capilares.<\/span><\/p>\n<p style=\"text-align: justify;\"><span style=\"color: #000000;\"><strong>Relajaci\u00f3n profunda y bienestar integral<\/strong><\/span><\/p>\n<p style=\"text-align: justify;\"><span style=\"color: #000000;\">El Japanese Head Spa se caracteriza por integrar diferentes t\u00e9cnicas que estimulan tanto el cuero cabelludo como el sistema nervioso. Durante la sesi\u00f3n se aplican maniobras de masaje espec\u00edficas que buscan liberar tensiones acumuladas en zonas donde frecuentemente se concentra el estr\u00e9s, como la cabeza, la nuca y el cuello.<\/span><\/p>\n<p style=\"text-align: justify;\"><span style=\"color: #000000;\">Este tipo de estimulaci\u00f3n puede favorecer estados de relajaci\u00f3n profunda, ayudando a equilibrar el sistema nervioso y promoviendo una sensaci\u00f3n de bienestar general.<\/span><\/p>\n<p style=\"text-align: justify;\"><span style=\"color: #000000;\"><strong>Beneficios cuando se realiza de forma regular<\/strong><\/span><\/p>\n<p style=\"text-align: justify;\"><span style=\"color: #000000;\">Cuando el tratamiento se incorpora de manera peri\u00f3dica dentro de una rutina de autocuidado, los especialistas se\u00f1alan que pueden observarse cambios progresivos tanto en el cuero cabelludo como en la calidad del cabello.<\/span><\/p>\n<p style=\"text-align: justify;\"><span style=\"color: #000000;\">Entre los efectos m\u00e1s comunes destacan:<\/span><\/p>\n<ul style=\"text-align: justify;\">\n<li><span style=\"color: #000000;\">Cuero cabelludo m\u00e1s equilibrado y menos congestionado<\/span><\/li>\n<li><span style=\"color: #000000;\">Mejora en la microcirculaci\u00f3n y oxigenaci\u00f3n de los tejidos<\/span><\/li>\n<li><span style=\"color: #000000;\">Cabello con mayor vitalidad, brillo y mejor respuesta a los cuidados capilares<\/span><\/li>\n<li><span style=\"color: #000000;\">Sensaci\u00f3n sostenida de relajaci\u00f3n y bienestar<\/span><\/li>\n<\/ul>\n<p style=\"text-align: justify;\"><span style=\"color: #000000;\">En t\u00e9rminos generales, se recomienda realizar el tratamiento <strong>aproximadamente una vez al mes como parte de un protocolo de mantenimiento<\/strong>, aunque la frecuencia puede ajustarse seg\u00fan las necesidades individuales o los niveles de estr\u00e9s de cada persona.<\/span><\/p>\n<p style=\"text-align: justify;\"><span style=\"color: #000000;\"><strong>Una tendencia wellness en crecimiento<\/strong><\/span><\/p>\n<p style=\"text-align: justify;\"><span style=\"color: #000000;\">A nivel internacional, el Japanese Head Spa ha ganado popularidad dentro de la industria del bienestar y el cuidado personal, especialmente en pa\u00edses asi\u00e1ticos, Estados Unidos y Europa. En estos espacios, el cuidado del cuero cabelludo comienza a entenderse como parte de un enfoque m\u00e1s amplio de salud y bienestar.<\/span><\/p>\n<p style=\"text-align: justify;\"><span style=\"color: #000000;\">En Ecuador, este tipo de terapias empiezan a posicionarse dentro de centros especializados que buscan integrar <strong>salud capilar, relajaci\u00f3n y autocuidado<\/strong>, en respuesta a una demanda creciente de tratamientos que no solo mejoren la apariencia del cabello, sino que tambi\u00e9n contribuyan al equilibrio f\u00edsico y emocional.<\/span><\/p>\n","protected":false},"excerpt":{"rendered":"<p>Especialistas se\u00f1alan que los masajes terap\u00e9uticos en el cuero cabelludo pueden favorecer la relajaci\u00f3n profunda, mejorar la microcirculaci\u00f3n y contribuir al bienestar general. Quito, Ecuador. En un contexto donde el estr\u00e9s se ha convertido en uno de los principales desaf\u00edos para la salud f\u00edsica y mental, terapias enfocadas en la relajaci\u00f3n del sistema nervioso y [&hellip;]<\/p>\n","protected":false},"author":4,"featured_media":140627,"comment_status":"closed","ping_status":"closed","sticky":false,"template":"","format":"standard","meta":{"_bbp_topic_count":0,"_bbp_reply_count":0,"_bbp_total_topic_count":0,"_bbp_total_reply_count":0,"_bbp_voice_count":0,"_bbp_anonymous_reply_count":0,"_bbp_topic_count_hidden":0,"_bbp_reply_count_hidden":0,"_bbp_forum_subforum_count":0,"buzzeditor_post_format":"","footnotes":""},"categories":[2],"tags":[],"class_list":["post-140626","post","type-post","status-publish","format-standard","has-post-thumbnail","hentry","category-noticias"],"yoast_head":"<!-- This site is optimized with the Yoast SEO plugin v27.5 - https:\/\/yoast.com\/product\/yoast-seo-wordpress\/ -->\n<title>LA TERAPIA CAPILAR QUE AYUDA A REDUCIR EL ESTR\u00c9S Y MEJORAR LA SALUD DEL CUERO CABELLUDO &#8211; QUEBAKAN.COM 2026: Noticias, Eventos, Conciertos y mucho m\u00e1s....<\/title>\n<meta name=\"robots\" content=\"index, follow, max-snippet:-1, max-image-preview:large, max-video-preview:-1\" \/>\n<link rel=\"canonical\" href=\"https:\/\/www.quebakan.com\/v15\/la-terapia-capilar-que-ayuda-a-reducir-el-estres-y-mejorar-la-salud-del-cuero-cabelludo\/\" \/>\n<meta property=\"og:locale\" content=\"es_ES\" \/>\n<meta property=\"og:type\" content=\"article\" \/>\n<meta property=\"og:title\" content=\"LA TERAPIA CAPILAR QUE AYUDA A REDUCIR EL ESTR\u00c9S Y MEJORAR LA SALUD DEL CUERO CABELLUDO &#8211; QUEBAKAN.COM 2026: Noticias, Eventos, Conciertos y mucho m\u00e1s....\" \/>\n<meta property=\"og:description\" content=\"Especialistas se\u00f1alan que los masajes terap\u00e9uticos en el cuero cabelludo pueden favorecer la relajaci\u00f3n profunda, mejorar la microcirculaci\u00f3n y contribuir al bienestar general. Quito, Ecuador. En un contexto donde el estr\u00e9s se ha convertido en uno de los principales desaf\u00edos para la salud f\u00edsica y mental, terapias enfocadas en la relajaci\u00f3n del sistema nervioso y [&hellip;]\" \/>\n<meta property=\"og:url\" content=\"https:\/\/www.quebakan.com\/v15\/la-terapia-capilar-que-ayuda-a-reducir-el-estres-y-mejorar-la-salud-del-cuero-cabelludo\/\" \/>\n<meta property=\"og:site_name\" content=\"QUEBAKAN.COM 2026: Noticias, Eventos, Conciertos y mucho m\u00e1s....\" \/>\n<meta property=\"article:publisher\" content=\"http:\/\/www.facebook.com\/quebakan\" \/>\n<meta property=\"article:published_time\" content=\"2026-03-10T14:05:18+00:00\" \/>\n<meta property=\"og:image\" content=\"https:\/\/www.quebakan.com\/v15\/wp-content\/uploads\/2026\/03\/logoj1.jpg\" \/>\n\t<meta property=\"og:image:width\" content=\"341\" \/>\n\t<meta property=\"og:image:height\" content=\"256\" \/>\n\t<meta property=\"og:image:type\" content=\"image\/jpeg\" \/>\n<meta name=\"author\" content=\"Erick Villafuerte\" \/>\n<meta name=\"twitter:card\" content=\"summary_large_image\" \/>\n<meta name=\"twitter:creator\" content=\"@quebakanec\" \/>\n<meta name=\"twitter:site\" content=\"@quebakanec\" \/>\n<meta name=\"twitter:label1\" content=\"Escrito por\" \/>\n\t<meta name=\"twitter:data1\" content=\"Erick Villafuerte\" \/>\n\t<meta name=\"twitter:label2\" content=\"Tiempo de lectura\" \/>\n\t<meta name=\"twitter:data2\" content=\"4 minutos\" \/>\n<script type=\"application\/ld+json\" class=\"yoast-schema-graph\">{\"@context\":\"https:\\\/\\\/schema.org\",\"@graph\":[{\"@type\":\"Article\",\"@id\":\"https:\\\/\\\/www.quebakan.com\\\/v15\\\/la-terapia-capilar-que-ayuda-a-reducir-el-estres-y-mejorar-la-salud-del-cuero-cabelludo\\\/#article\",\"isPartOf\":{\"@id\":\"https:\\\/\\\/www.quebakan.com\\\/v15\\\/la-terapia-capilar-que-ayuda-a-reducir-el-estres-y-mejorar-la-salud-del-cuero-cabelludo\\\/\"},\"author\":{\"name\":\"Erick Villafuerte\",\"@id\":\"https:\\\/\\\/www.quebakan.com\\\/v15\\\/#\\\/schema\\\/person\\\/d90fa9f9cfa81eb8ace9811e5b7b9118\"},\"headline\":\"LA TERAPIA CAPILAR QUE AYUDA A REDUCIR EL ESTR\u00c9S Y MEJORAR LA SALUD DEL CUERO CABELLUDO\",\"datePublished\":\"2026-03-10T14:05:18+00:00\",\"mainEntityOfPage\":{\"@id\":\"https:\\\/\\\/www.quebakan.com\\\/v15\\\/la-terapia-capilar-que-ayuda-a-reducir-el-estres-y-mejorar-la-salud-del-cuero-cabelludo\\\/\"},\"wordCount\":737,\"publisher\":{\"@id\":\"https:\\\/\\\/www.quebakan.com\\\/v15\\\/#organization\"},\"image\":{\"@id\":\"https:\\\/\\\/www.quebakan.com\\\/v15\\\/la-terapia-capilar-que-ayuda-a-reducir-el-estres-y-mejorar-la-salud-del-cuero-cabelludo\\\/#primaryimage\"},\"thumbnailUrl\":\"https:\\\/\\\/www.quebakan.com\\\/v15\\\/wp-content\\\/uploads\\\/2026\\\/03\\\/logoj1.jpg\",\"articleSection\":[\"Noticias\"],\"inLanguage\":\"es\"},{\"@type\":\"WebPage\",\"@id\":\"https:\\\/\\\/www.quebakan.com\\\/v15\\\/la-terapia-capilar-que-ayuda-a-reducir-el-estres-y-mejorar-la-salud-del-cuero-cabelludo\\\/\",\"url\":\"https:\\\/\\\/www.quebakan.com\\\/v15\\\/la-terapia-capilar-que-ayuda-a-reducir-el-estres-y-mejorar-la-salud-del-cuero-cabelludo\\\/\",\"name\":\"LA TERAPIA CAPILAR QUE AYUDA A REDUCIR EL ESTR\u00c9S Y MEJORAR LA SALUD DEL CUERO CABELLUDO &#8211; QUEBAKAN.COM 2026: Noticias, Eventos, Conciertos y mucho m\u00e1s....\",\"isPartOf\":{\"@id\":\"https:\\\/\\\/www.quebakan.com\\\/v15\\\/#website\"},\"primaryImageOfPage\":{\"@id\":\"https:\\\/\\\/www.quebakan.com\\\/v15\\\/la-terapia-capilar-que-ayuda-a-reducir-el-estres-y-mejorar-la-salud-del-cuero-cabelludo\\\/#primaryimage\"},\"image\":{\"@id\":\"https:\\\/\\\/www.quebakan.com\\\/v15\\\/la-terapia-capilar-que-ayuda-a-reducir-el-estres-y-mejorar-la-salud-del-cuero-cabelludo\\\/#primaryimage\"},\"thumbnailUrl\":\"https:\\\/\\\/www.quebakan.com\\\/v15\\\/wp-content\\\/uploads\\\/2026\\\/03\\\/logoj1.jpg\",\"datePublished\":\"2026-03-10T14:05:18+00:00\",\"breadcrumb\":{\"@id\":\"https:\\\/\\\/www.quebakan.com\\\/v15\\\/la-terapia-capilar-que-ayuda-a-reducir-el-estres-y-mejorar-la-salud-del-cuero-cabelludo\\\/#breadcrumb\"},\"inLanguage\":\"es\",\"potentialAction\":[{\"@type\":\"ReadAction\",\"target\":[\"https:\\\/\\\/www.quebakan.com\\\/v15\\\/la-terapia-capilar-que-ayuda-a-reducir-el-estres-y-mejorar-la-salud-del-cuero-cabelludo\\\/\"]}]},{\"@type\":\"ImageObject\",\"inLanguage\":\"es\",\"@id\":\"https:\\\/\\\/www.quebakan.com\\\/v15\\\/la-terapia-capilar-que-ayuda-a-reducir-el-estres-y-mejorar-la-salud-del-cuero-cabelludo\\\/#primaryimage\",\"url\":\"https:\\\/\\\/www.quebakan.com\\\/v15\\\/wp-content\\\/uploads\\\/2026\\\/03\\\/logoj1.jpg\",\"contentUrl\":\"https:\\\/\\\/www.quebakan.com\\\/v15\\\/wp-content\\\/uploads\\\/2026\\\/03\\\/logoj1.jpg\",\"width\":341,\"height\":256},{\"@type\":\"BreadcrumbList\",\"@id\":\"https:\\\/\\\/www.quebakan.com\\\/v15\\\/la-terapia-capilar-que-ayuda-a-reducir-el-estres-y-mejorar-la-salud-del-cuero-cabelludo\\\/#breadcrumb\",\"itemListElement\":[{\"@type\":\"ListItem\",\"position\":1,\"name\":\"Portada\",\"item\":\"https:\\\/\\\/www.quebakan.com\\\/v15\\\/\"},{\"@type\":\"ListItem\",\"position\":2,\"name\":\"LA TERAPIA CAPILAR QUE AYUDA A REDUCIR EL ESTR\u00c9S Y MEJORAR LA SALUD DEL CUERO CABELLUDO\"}]},{\"@type\":\"WebSite\",\"@id\":\"https:\\\/\\\/www.quebakan.com\\\/v15\\\/#website\",\"url\":\"https:\\\/\\\/www.quebakan.com\\\/v15\\\/\",\"name\":\"QUEBAKAN\",\"description\":\"..\",\"publisher\":{\"@id\":\"https:\\\/\\\/www.quebakan.com\\\/v15\\\/#organization\"},\"potentialAction\":[{\"@type\":\"SearchAction\",\"target\":{\"@type\":\"EntryPoint\",\"urlTemplate\":\"https:\\\/\\\/www.quebakan.com\\\/v15\\\/?s={search_term_string}\"},\"query-input\":{\"@type\":\"PropertyValueSpecification\",\"valueRequired\":true,\"valueName\":\"search_term_string\"}}],\"inLanguage\":\"es\"},{\"@type\":\"Organization\",\"@id\":\"https:\\\/\\\/www.quebakan.com\\\/v15\\\/#organization\",\"name\":\"Quebakan.com\",\"url\":\"https:\\\/\\\/www.quebakan.com\\\/v15\\\/\",\"logo\":{\"@type\":\"ImageObject\",\"inLanguage\":\"es\",\"@id\":\"https:\\\/\\\/www.quebakan.com\\\/v15\\\/#\\\/schema\\\/logo\\\/image\\\/\",\"url\":\"https:\\\/\\\/www.quebakan.com\\\/v15\\\/wp-content\\\/uploads\\\/2023\\\/07\\\/logoquebakanenero2021.jpg\",\"contentUrl\":\"https:\\\/\\\/www.quebakan.com\\\/v15\\\/wp-content\\\/uploads\\\/2023\\\/07\\\/logoquebakanenero2021.jpg\",\"width\":1920,\"height\":1080,\"caption\":\"Quebakan.com\"},\"image\":{\"@id\":\"https:\\\/\\\/www.quebakan.com\\\/v15\\\/#\\\/schema\\\/logo\\\/image\\\/\"},\"sameAs\":[\"http:\\\/\\\/www.facebook.com\\\/quebakan\",\"https:\\\/\\\/x.com\\\/quebakanec\",\"http:\\\/\\\/www.instagram.com\\\/quebakan\",\"http:\\\/\\\/www.youtube.com\\\/quebakan1\"]},{\"@type\":\"Person\",\"@id\":\"https:\\\/\\\/www.quebakan.com\\\/v15\\\/#\\\/schema\\\/person\\\/d90fa9f9cfa81eb8ace9811e5b7b9118\",\"name\":\"Erick Villafuerte\",\"image\":{\"@type\":\"ImageObject\",\"inLanguage\":\"es\",\"@id\":\"https:\\\/\\\/www.quebakan.com\\\/v15\\\/wp-content\\\/uploads\\\/avatars\\\/4\\\/1731297654-bpfull.png\",\"url\":\"https:\\\/\\\/www.quebakan.com\\\/v15\\\/wp-content\\\/uploads\\\/avatars\\\/4\\\/1731297654-bpfull.png\",\"contentUrl\":\"https:\\\/\\\/www.quebakan.com\\\/v15\\\/wp-content\\\/uploads\\\/avatars\\\/4\\\/1731297654-bpfull.png\",\"caption\":\"Erick Villafuerte\"}}]}<\/script>\n<!-- \/ Yoast SEO plugin. -->","yoast_head_json":{"title":"LA TERAPIA CAPILAR QUE AYUDA A REDUCIR EL ESTR\u00c9S Y MEJORAR LA SALUD DEL CUERO CABELLUDO &#8211; QUEBAKAN.COM 2026: Noticias, Eventos, Conciertos y mucho m\u00e1s....","robots":{"index":"index","follow":"follow","max-snippet":"max-snippet:-1","max-image-preview":"max-image-preview:large","max-video-preview":"max-video-preview:-1"},"canonical":"https:\/\/www.quebakan.com\/v15\/la-terapia-capilar-que-ayuda-a-reducir-el-estres-y-mejorar-la-salud-del-cuero-cabelludo\/","og_locale":"es_ES","og_type":"article","og_title":"LA TERAPIA CAPILAR QUE AYUDA A REDUCIR EL ESTR\u00c9S Y MEJORAR LA SALUD DEL CUERO CABELLUDO &#8211; QUEBAKAN.COM 2026: Noticias, Eventos, Conciertos y mucho m\u00e1s....","og_description":"Especialistas se\u00f1alan que los masajes terap\u00e9uticos en el cuero cabelludo pueden favorecer la relajaci\u00f3n profunda, mejorar la microcirculaci\u00f3n y contribuir al bienestar general. Quito, Ecuador. En un contexto donde el estr\u00e9s se ha convertido en uno de los principales desaf\u00edos para la salud f\u00edsica y mental, terapias enfocadas en la relajaci\u00f3n del sistema nervioso y [&hellip;]","og_url":"https:\/\/www.quebakan.com\/v15\/la-terapia-capilar-que-ayuda-a-reducir-el-estres-y-mejorar-la-salud-del-cuero-cabelludo\/","og_site_name":"QUEBAKAN.COM 2026: Noticias, Eventos, Conciertos y mucho m\u00e1s....","article_publisher":"http:\/\/www.facebook.com\/quebakan","article_published_time":"2026-03-10T14:05:18+00:00","og_image":[{"width":341,"height":256,"url":"https:\/\/www.quebakan.com\/v15\/wp-content\/uploads\/2026\/03\/logoj1.jpg","type":"image\/jpeg"}],"author":"Erick Villafuerte","twitter_card":"summary_large_image","twitter_creator":"@quebakanec","twitter_site":"@quebakanec","twitter_misc":{"Escrito por":"Erick Villafuerte","Tiempo de lectura":"4 minutos"},"schema":{"@context":"https:\/\/schema.org","@graph":[{"@type":"Article","@id":"https:\/\/www.quebakan.com\/v15\/la-terapia-capilar-que-ayuda-a-reducir-el-estres-y-mejorar-la-salud-del-cuero-cabelludo\/#article","isPartOf":{"@id":"https:\/\/www.quebakan.com\/v15\/la-terapia-capilar-que-ayuda-a-reducir-el-estres-y-mejorar-la-salud-del-cuero-cabelludo\/"},"author":{"name":"Erick Villafuerte","@id":"https:\/\/www.quebakan.com\/v15\/#\/schema\/person\/d90fa9f9cfa81eb8ace9811e5b7b9118"},"headline":"LA TERAPIA CAPILAR QUE AYUDA A REDUCIR EL ESTR\u00c9S Y MEJORAR LA SALUD DEL CUERO CABELLUDO","datePublished":"2026-03-10T14:05:18+00:00","mainEntityOfPage":{"@id":"https:\/\/www.quebakan.com\/v15\/la-terapia-capilar-que-ayuda-a-reducir-el-estres-y-mejorar-la-salud-del-cuero-cabelludo\/"},"wordCount":737,"publisher":{"@id":"https:\/\/www.quebakan.com\/v15\/#organization"},"image":{"@id":"https:\/\/www.quebakan.com\/v15\/la-terapia-capilar-que-ayuda-a-reducir-el-estres-y-mejorar-la-salud-del-cuero-cabelludo\/#primaryimage"},"thumbnailUrl":"https:\/\/www.quebakan.com\/v15\/wp-content\/uploads\/2026\/03\/logoj1.jpg","articleSection":["Noticias"],"inLanguage":"es"},{"@type":"WebPage","@id":"https:\/\/www.quebakan.com\/v15\/la-terapia-capilar-que-ayuda-a-reducir-el-estres-y-mejorar-la-salud-del-cuero-cabelludo\/","url":"https:\/\/www.quebakan.com\/v15\/la-terapia-capilar-que-ayuda-a-reducir-el-estres-y-mejorar-la-salud-del-cuero-cabelludo\/","name":"LA TERAPIA CAPILAR QUE AYUDA A REDUCIR EL ESTR\u00c9S Y MEJORAR LA SALUD DEL CUERO CABELLUDO &#8211; QUEBAKAN.COM 2026: Noticias, Eventos, Conciertos y mucho m\u00e1s....","isPartOf":{"@id":"https:\/\/www.quebakan.com\/v15\/#website"},"primaryImageOfPage":{"@id":"https:\/\/www.quebakan.com\/v15\/la-terapia-capilar-que-ayuda-a-reducir-el-estres-y-mejorar-la-salud-del-cuero-cabelludo\/#primaryimage"},"image":{"@id":"https:\/\/www.quebakan.com\/v15\/la-terapia-capilar-que-ayuda-a-reducir-el-estres-y-mejorar-la-salud-del-cuero-cabelludo\/#primaryimage"},"thumbnailUrl":"https:\/\/www.quebakan.com\/v15\/wp-content\/uploads\/2026\/03\/logoj1.jpg","datePublished":"2026-03-10T14:05:18+00:00","breadcrumb":{"@id":"https:\/\/www.quebakan.com\/v15\/la-terapia-capilar-que-ayuda-a-reducir-el-estres-y-mejorar-la-salud-del-cuero-cabelludo\/#breadcrumb"},"inLanguage":"es","potentialAction":[{"@type":"ReadAction","target":["https:\/\/www.quebakan.com\/v15\/la-terapia-capilar-que-ayuda-a-reducir-el-estres-y-mejorar-la-salud-del-cuero-cabelludo\/"]}]},{"@type":"ImageObject","inLanguage":"es","@id":"https:\/\/www.quebakan.com\/v15\/la-terapia-capilar-que-ayuda-a-reducir-el-estres-y-mejorar-la-salud-del-cuero-cabelludo\/#primaryimage","url":"https:\/\/www.quebakan.com\/v15\/wp-content\/uploads\/2026\/03\/logoj1.jpg","contentUrl":"https:\/\/www.quebakan.com\/v15\/wp-content\/uploads\/2026\/03\/logoj1.jpg","width":341,"height":256},{"@type":"BreadcrumbList","@id":"https:\/\/www.quebakan.com\/v15\/la-terapia-capilar-que-ayuda-a-reducir-el-estres-y-mejorar-la-salud-del-cuero-cabelludo\/#breadcrumb","itemListElement":[{"@type":"ListItem","position":1,"name":"Portada","item":"https:\/\/www.quebakan.com\/v15\/"},{"@type":"ListItem","position":2,"name":"LA TERAPIA CAPILAR QUE AYUDA A REDUCIR EL ESTR\u00c9S Y MEJORAR LA SALUD DEL CUERO CABELLUDO"}]},{"@type":"WebSite","@id":"https:\/\/www.quebakan.com\/v15\/#website","url":"https:\/\/www.quebakan.com\/v15\/","name":"QUEBAKAN","description":"..","publisher":{"@id":"https:\/\/www.quebakan.com\/v15\/#organization"},"potentialAction":[{"@type":"SearchAction","target":{"@type":"EntryPoint","urlTemplate":"https:\/\/www.quebakan.com\/v15\/?s={search_term_string}"},"query-input":{"@type":"PropertyValueSpecification","valueRequired":true,"valueName":"search_term_string"}}],"inLanguage":"es"},{"@type":"Organization","@id":"https:\/\/www.quebakan.com\/v15\/#organization","name":"Quebakan.com","url":"https:\/\/www.quebakan.com\/v15\/","logo":{"@type":"ImageObject","inLanguage":"es","@id":"https:\/\/www.quebakan.com\/v15\/#\/schema\/logo\/image\/","url":"https:\/\/www.quebakan.com\/v15\/wp-content\/uploads\/2023\/07\/logoquebakanenero2021.jpg","contentUrl":"https:\/\/www.quebakan.com\/v15\/wp-content\/uploads\/2023\/07\/logoquebakanenero2021.jpg","width":1920,"height":1080,"caption":"Quebakan.com"},"image":{"@id":"https:\/\/www.quebakan.com\/v15\/#\/schema\/logo\/image\/"},"sameAs":["http:\/\/www.facebook.com\/quebakan","https:\/\/x.com\/quebakanec","http:\/\/www.instagram.com\/quebakan","http:\/\/www.youtube.com\/quebakan1"]},{"@type":"Person","@id":"https:\/\/www.quebakan.com\/v15\/#\/schema\/person\/d90fa9f9cfa81eb8ace9811e5b7b9118","name":"Erick Villafuerte","image":{"@type":"ImageObject","inLanguage":"es","@id":"https:\/\/www.quebakan.com\/v15\/wp-content\/uploads\/avatars\/4\/1731297654-bpfull.png","url":"https:\/\/www.quebakan.com\/v15\/wp-content\/uploads\/avatars\/4\/1731297654-bpfull.png","contentUrl":"https:\/\/www.quebakan.com\/v15\/wp-content\/uploads\/avatars\/4\/1731297654-bpfull.png","caption":"Erick Villafuerte"}}]}},"_links":{"self":[{"href":"https:\/\/www.quebakan.com\/v15\/wp-json\/wp\/v2\/posts\/140626","targetHints":{"allow":["GET"]}}],"collection":[{"href":"https:\/\/www.quebakan.com\/v15\/wp-json\/wp\/v2\/posts"}],"about":[{"href":"https:\/\/www.quebakan.com\/v15\/wp-json\/wp\/v2\/types\/post"}],"author":[{"embeddable":true,"href":"https:\/\/www.quebakan.com\/v15\/wp-json\/wp\/v2\/users\/4"}],"replies":[{"embeddable":true,"href":"https:\/\/www.quebakan.com\/v15\/wp-json\/wp\/v2\/comments?post=140626"}],"version-history":[{"count":2,"href":"https:\/\/www.quebakan.com\/v15\/wp-json\/wp\/v2\/posts\/140626\/revisions"}],"predecessor-version":[{"id":140629,"href":"https:\/\/www.quebakan.com\/v15\/wp-json\/wp\/v2\/posts\/140626\/revisions\/140629"}],"wp:featuredmedia":[{"embeddable":true,"href":"https:\/\/www.quebakan.com\/v15\/wp-json\/wp\/v2\/media\/140627"}],"wp:attachment":[{"href":"https:\/\/www.quebakan.com\/v15\/wp-json\/wp\/v2\/media?parent=140626"}],"wp:term":[{"taxonomy":"category","embeddable":true,"href":"https:\/\/www.quebakan.com\/v15\/wp-json\/wp\/v2\/categories?post=140626"},{"taxonomy":"post_tag","embeddable":true,"href":"https:\/\/www.quebakan.com\/v15\/wp-json\/wp\/v2\/tags?post=140626"}],"curies":[{"name":"wp","href":"https:\/\/api.w.org\/{rel}","templated":true}]}}