{"id":140630,"date":"2026-03-10T09:33:58","date_gmt":"2026-03-10T14:33:58","guid":{"rendered":"https:\/\/www.quebakan.com\/v15\/?p=140630"},"modified":"2026-03-10T09:33:58","modified_gmt":"2026-03-10T14:33:58","slug":"cada-15-horas-un-menor-de-edad-pierde-la-vida-en-ecuador","status":"publish","type":"post","link":"https:\/\/www.quebakan.com\/v15\/cada-15-horas-un-menor-de-edad-pierde-la-vida-en-ecuador\/","title":{"rendered":"Cada 15 horas, un menor de edad pierde la vida en Ecuador"},"content":{"rendered":"<p style=\"text-align: center;\">18 organizaciones, entre ellas Ayuda en Acci\u00f3n, impulsan una plataforma t\u00e9cnica para proteger derechos con evidencia rigurosa.<\/p>\n<p><img fetchpriority=\"high\" decoding=\"async\" class=\"aligncenter size-full wp-image-140631\" src=\"https:\/\/www.quebakan.com\/v15\/wp-content\/uploads\/2026\/03\/IMG_4402.jpg\" alt=\"\" width=\"700\" height=\"467\" \/><\/p>\n<p style=\"text-align: justify;\"><span style=\"color: #000000;\">En un contexto nacional caracterizado por el incremento sostenido de la violencia delincuencial, la expansi\u00f3n del crimen organizado y la declaratoria de conflicto armado interno, 18 organizaciones de la sociedad civil, en articulaci\u00f3n con la academia y la cooperaci\u00f3n internacional, presentaron oficialmente el Observatorio de Ni\u00f1ez, Adolescencia y Juventud, una plataforma t\u00e9cnica orientada a la generaci\u00f3n de evidencia rigurosa y al fortalecimiento de pol\u00edticas p\u00fablicas centradas en la protecci\u00f3n integral de derechos.<\/span><\/p>\n<p style=\"text-align: justify;\"><span style=\"color: #000000;\">El lanzamiento se realiz\u00f3 ante representantes de instituciones p\u00fablicas, organismos multilaterales, gobiernos aut\u00f3nomos descentralizados, organizaciones no gubernamentales internacionales y nacionales, estudiantes universitarios, as\u00ed como adolescentes y j\u00f3venes.<\/span><\/p>\n<p style=\"text-align: justify;\"><span style=\"color: #000000;\">En el marco del evento se present\u00f3 el Informe de Situaci\u00f3n No. 1: \u201cImpacto de la violencia delincuencial, el crimen organizado y el conflicto armado en la vida de ni\u00f1as, ni\u00f1os, adolescentes y j\u00f3venes en Ecuador (2014\u20132025)\u201d, el cual sistematiza indicadores hist\u00f3ricos y analiza tendencias estructurales que evidencian la magnitud y complejidad del fen\u00f3meno.<\/span><\/p>\n<p style=\"text-align: justify;\"><span style=\"color: #000000;\"><strong>Una crisis que exige respuestas basadas en datos<\/strong><\/span><br \/>\n<span style=\"color: #000000;\">Durante la presentaci\u00f3n se expusieron cifras oficiales que evidencian la magnitud del fen\u00f3meno:<\/span><br \/>\n<span style=\"color: #000000;\">\u2022 1 de cada 7 muertes de ni\u00f1as, ni\u00f1os y adolescentes corresponde a homicidios intencionales.<\/span><br \/>\n<span style=\"color: #000000;\">\u2022 Entre 2018 y 2025, las muertes violentas de esta poblaci\u00f3n crecieron 1.358%.<\/span><br \/>\n<span style=\"color: #000000;\">\u2022 El 90% de los homicidios ocurre con armas de fuego.<\/span><br \/>\n<span style=\"color: #000000;\">\u2022 En 2025, el pa\u00eds registra el mayor n\u00famero de homicidios de su historia, con un menor de edad falleciendo en promedio cada 15 horas.<\/span><br \/>\n<span style=\"color: #000000;\">Estos datos evidencian que la violencia no constituye \u00fanicamente un problema de seguridad p\u00fablica, sino una crisis de derechos humanos que impacta directamente en el derecho a la vida, la integridad personal, el desarrollo integral y la educaci\u00f3n.<\/span><br \/>\n<span style=\"color: #000000;\">Frente a esta realidad, el Observatorio se plantea como un aliado t\u00e9cnico estrat\u00e9gico que contribuya al fortalecimiento del Sistema Nacional de Protecci\u00f3n Integral, con evidencia que sea el pilar para la toma de decisiones informadas y la incidencia en pol\u00edticas p\u00fablicas. Es imperante que el Estado y la sociedad civil conjuguen una agenda de seguridad con una agenda social que devuelva a nuestras nuevas generaciones el derecho a vivir en paz.<\/span><\/p>\n<p style=\"text-align: justify;\"><span style=\"color: #000000;\"><strong>L\u00edneas estrat\u00e9gicas de acci\u00f3n<\/strong><\/span><br \/>\n<span style=\"color: #000000;\">El Observatorio desarrollar\u00e1 su trabajo a trav\u00e9s de cinco pilares:<\/span><br \/>\n<span style=\"color: #000000;\">\u2022 Investigaci\u00f3n y sistematizaci\u00f3n de informaci\u00f3n.<\/span><br \/>\n<span style=\"color: #000000;\">\u2022 An\u00e1lisis t\u00e9cnico e incidencia en pol\u00edticas p\u00fablicas.<\/span><br \/>\n<span style=\"color: #000000;\">\u2022 Fortalecimiento de capacidades y desarrollo de herramientas especializadas.<\/span><br \/>\n<span style=\"color: #000000;\">\u2022 Construcci\u00f3n de alianzas estrat\u00e9gicas.<\/span><br \/>\n<span style=\"color: #000000;\">\u2022 Sensibilizaci\u00f3n y generaci\u00f3n de opini\u00f3n p\u00fablica basada en evidencia.<\/span><\/p>\n<p style=\"text-align: justify;\"><span style=\"color: #000000;\">La estructura organizativa contempla una Asamblea plural, un Directorio estrat\u00e9gico y una Secretar\u00eda T\u00e9cnica responsable de la producci\u00f3n de informes y la coordinaci\u00f3n operativa.<\/span><\/p>\n<p style=\"text-align: justify;\"><span style=\"color: #000000;\"><strong>Evidencia para transformar decisiones<\/strong><\/span><br \/>\n<span style=\"color: #000000;\">Durante el acto de lanzamiento se enfatiz\u00f3 que la evidencia no es un fin en s\u00ed mismo, sino un instrumento para mejorar la calidad de la respuesta p\u00fablica, fortalecer la prevenci\u00f3n de las violencias y enfrentar fen\u00f3menos emergentes como el reclutamiento de ni\u00f1as, ni\u00f1os y adolescentes por estructuras delictivas. El Observatorio se concibe como una herramienta p\u00fablica de construcci\u00f3n colectiva, cuya sostenibilidad depender\u00e1 de la articulaci\u00f3n interinstitucional, la rigurosidad metodol\u00f3gica y el compromiso con est\u00e1ndares de \u00e9tica, independencia t\u00e9cnica y salvaguarda.<\/span><\/p>\n<p style=\"text-align: justify;\"><span style=\"color: #000000;\"><strong>Impacto esperado<\/strong><\/span><br \/>\n<span style=\"color: #000000;\">Entre los principales resultados proyectados se encuentran: Mayor visibilidad del impacto real de la violencia en la ni\u00f1ez y juventud; Fortalecimiento de decisiones p\u00fablicas basadas en evidencia; Consolidaci\u00f3n del Sistema Nacional de Protecci\u00f3n Integral; y, el incremento de la inversi\u00f3n p\u00fablica orientada a la ni\u00f1ez y adolescencia.<\/span><br \/>\n<span style=\"color: #000000;\">El Observatorio abre sus puertas a nuevas alianzas que permitan consolidar un espacio t\u00e9cnico permanente, independiente y comprometido con la protecci\u00f3n efectiva de los derechos de ni\u00f1as, ni\u00f1os, adolescentes y j\u00f3venes en el Ecuador.<\/span><\/p>\n<p style=\"text-align: justify;\"><span style=\"color: #000000;\">Para Ayuda en Acci\u00f3n, organizaci\u00f3n con 40 a\u00f1os de trayectoria en la promoci\u00f3n y defensa de derechos de la ni\u00f1ez y adolescencia en Ecuador, formar parte de este espacio es clave. Fiorella Mackliff, su Directora Pa\u00eds, mencion\u00f3: \u201cEn un pa\u00eds donde la violencia intenta imponer el miedo como norma, las organizaciones que formamos parte del observatorio respondemos con datos, articulaci\u00f3n y determinaci\u00f3n. El silencio no es una opci\u00f3n, porque esto es un problema que vas m\u00e1s all\u00e1 de la seguridad, es una crisis de derechos humanos. Y exige nuestra respuesta articulada, t\u00e9cnica y urgente\u201d.<\/span><\/p>\n<p style=\"text-align: justify;\"><span style=\"color: #000000;\">Conoce m\u00e1s sobre el Observatorio en: https:\/\/observatorionajec.org\/<\/span><br \/>\n<span style=\"color: #000000;\">Descarga el 1er. Informe en: https:\/\/lnkd.in\/dKtJaZxu<\/span><\/p>\n<p><img decoding=\"async\" class=\"aligncenter size-full wp-image-140632\" src=\"https:\/\/www.quebakan.com\/v15\/wp-content\/uploads\/2026\/03\/IMG_4380.jpg\" alt=\"\" width=\"700\" height=\"467\" \/><\/p>\n","protected":false},"excerpt":{"rendered":"<p>18 organizaciones, entre ellas Ayuda en Acci\u00f3n, impulsan una plataforma t\u00e9cnica para proteger derechos con evidencia rigurosa. En un contexto nacional caracterizado por el incremento sostenido de la violencia delincuencial, la expansi\u00f3n del crimen organizado y la declaratoria de conflicto armado interno, 18 organizaciones de la sociedad civil, en articulaci\u00f3n con la academia y la [&hellip;]<\/p>\n","protected":false},"author":4,"featured_media":140631,"comment_status":"closed","ping_status":"closed","sticky":false,"template":"","format":"standard","meta":{"_bbp_topic_count":0,"_bbp_reply_count":0,"_bbp_total_topic_count":0,"_bbp_total_reply_count":0,"_bbp_voice_count":0,"_bbp_anonymous_reply_count":0,"_bbp_topic_count_hidden":0,"_bbp_reply_count_hidden":0,"_bbp_forum_subforum_count":0,"buzzeditor_post_format":"","footnotes":""},"categories":[2],"tags":[],"class_list":["post-140630","post","type-post","status-publish","format-standard","has-post-thumbnail","hentry","category-noticias"],"yoast_head":"<!-- This site is optimized with the Yoast SEO plugin v27.5 - https:\/\/yoast.com\/product\/yoast-seo-wordpress\/ -->\n<title>Cada 15 horas, un menor de edad pierde la vida en Ecuador &#8211; QUEBAKAN.COM 2026: Noticias, Eventos, Conciertos y mucho m\u00e1s....<\/title>\n<meta name=\"robots\" content=\"index, follow, max-snippet:-1, max-image-preview:large, max-video-preview:-1\" \/>\n<link rel=\"canonical\" href=\"https:\/\/www.quebakan.com\/v15\/cada-15-horas-un-menor-de-edad-pierde-la-vida-en-ecuador\/\" \/>\n<meta property=\"og:locale\" content=\"es_ES\" \/>\n<meta property=\"og:type\" content=\"article\" \/>\n<meta property=\"og:title\" content=\"Cada 15 horas, un menor de edad pierde la vida en Ecuador &#8211; QUEBAKAN.COM 2026: Noticias, Eventos, Conciertos y mucho m\u00e1s....\" \/>\n<meta property=\"og:description\" content=\"18 organizaciones, entre ellas Ayuda en Acci\u00f3n, impulsan una plataforma t\u00e9cnica para proteger derechos con evidencia rigurosa. En un contexto nacional caracterizado por el incremento sostenido de la violencia delincuencial, la expansi\u00f3n del crimen organizado y la declaratoria de conflicto armado interno, 18 organizaciones de la sociedad civil, en articulaci\u00f3n con la academia y la [&hellip;]\" \/>\n<meta property=\"og:url\" content=\"https:\/\/www.quebakan.com\/v15\/cada-15-horas-un-menor-de-edad-pierde-la-vida-en-ecuador\/\" \/>\n<meta property=\"og:site_name\" content=\"QUEBAKAN.COM 2026: Noticias, Eventos, Conciertos y mucho m\u00e1s....\" \/>\n<meta property=\"article:publisher\" content=\"http:\/\/www.facebook.com\/quebakan\" \/>\n<meta property=\"article:published_time\" content=\"2026-03-10T14:33:58+00:00\" \/>\n<meta property=\"og:image\" content=\"https:\/\/www.quebakan.com\/v15\/wp-content\/uploads\/2026\/03\/IMG_4402.jpg\" \/>\n\t<meta property=\"og:image:width\" content=\"700\" \/>\n\t<meta property=\"og:image:height\" content=\"467\" \/>\n\t<meta property=\"og:image:type\" content=\"image\/jpeg\" \/>\n<meta name=\"author\" content=\"Erick Villafuerte\" \/>\n<meta name=\"twitter:card\" content=\"summary_large_image\" \/>\n<meta name=\"twitter:creator\" content=\"@quebakanec\" \/>\n<meta name=\"twitter:site\" content=\"@quebakanec\" \/>\n<meta name=\"twitter:label1\" content=\"Escrito por\" \/>\n\t<meta name=\"twitter:data1\" content=\"Erick Villafuerte\" \/>\n\t<meta name=\"twitter:label2\" content=\"Tiempo de lectura\" \/>\n\t<meta name=\"twitter:data2\" content=\"4 minutos\" \/>\n<script type=\"application\/ld+json\" class=\"yoast-schema-graph\">{\"@context\":\"https:\\\/\\\/schema.org\",\"@graph\":[{\"@type\":\"Article\",\"@id\":\"https:\\\/\\\/www.quebakan.com\\\/v15\\\/cada-15-horas-un-menor-de-edad-pierde-la-vida-en-ecuador\\\/#article\",\"isPartOf\":{\"@id\":\"https:\\\/\\\/www.quebakan.com\\\/v15\\\/cada-15-horas-un-menor-de-edad-pierde-la-vida-en-ecuador\\\/\"},\"author\":{\"name\":\"Erick Villafuerte\",\"@id\":\"https:\\\/\\\/www.quebakan.com\\\/v15\\\/#\\\/schema\\\/person\\\/d90fa9f9cfa81eb8ace9811e5b7b9118\"},\"headline\":\"Cada 15 horas, un menor de edad pierde la vida en Ecuador\",\"datePublished\":\"2026-03-10T14:33:58+00:00\",\"mainEntityOfPage\":{\"@id\":\"https:\\\/\\\/www.quebakan.com\\\/v15\\\/cada-15-horas-un-menor-de-edad-pierde-la-vida-en-ecuador\\\/\"},\"wordCount\":801,\"publisher\":{\"@id\":\"https:\\\/\\\/www.quebakan.com\\\/v15\\\/#organization\"},\"image\":{\"@id\":\"https:\\\/\\\/www.quebakan.com\\\/v15\\\/cada-15-horas-un-menor-de-edad-pierde-la-vida-en-ecuador\\\/#primaryimage\"},\"thumbnailUrl\":\"https:\\\/\\\/www.quebakan.com\\\/v15\\\/wp-content\\\/uploads\\\/2026\\\/03\\\/IMG_4402.jpg\",\"articleSection\":[\"Noticias\"],\"inLanguage\":\"es\"},{\"@type\":\"WebPage\",\"@id\":\"https:\\\/\\\/www.quebakan.com\\\/v15\\\/cada-15-horas-un-menor-de-edad-pierde-la-vida-en-ecuador\\\/\",\"url\":\"https:\\\/\\\/www.quebakan.com\\\/v15\\\/cada-15-horas-un-menor-de-edad-pierde-la-vida-en-ecuador\\\/\",\"name\":\"Cada 15 horas, un menor de edad pierde la vida en Ecuador &#8211; QUEBAKAN.COM 2026: Noticias, Eventos, Conciertos y mucho m\u00e1s....\",\"isPartOf\":{\"@id\":\"https:\\\/\\\/www.quebakan.com\\\/v15\\\/#website\"},\"primaryImageOfPage\":{\"@id\":\"https:\\\/\\\/www.quebakan.com\\\/v15\\\/cada-15-horas-un-menor-de-edad-pierde-la-vida-en-ecuador\\\/#primaryimage\"},\"image\":{\"@id\":\"https:\\\/\\\/www.quebakan.com\\\/v15\\\/cada-15-horas-un-menor-de-edad-pierde-la-vida-en-ecuador\\\/#primaryimage\"},\"thumbnailUrl\":\"https:\\\/\\\/www.quebakan.com\\\/v15\\\/wp-content\\\/uploads\\\/2026\\\/03\\\/IMG_4402.jpg\",\"datePublished\":\"2026-03-10T14:33:58+00:00\",\"breadcrumb\":{\"@id\":\"https:\\\/\\\/www.quebakan.com\\\/v15\\\/cada-15-horas-un-menor-de-edad-pierde-la-vida-en-ecuador\\\/#breadcrumb\"},\"inLanguage\":\"es\",\"potentialAction\":[{\"@type\":\"ReadAction\",\"target\":[\"https:\\\/\\\/www.quebakan.com\\\/v15\\\/cada-15-horas-un-menor-de-edad-pierde-la-vida-en-ecuador\\\/\"]}]},{\"@type\":\"ImageObject\",\"inLanguage\":\"es\",\"@id\":\"https:\\\/\\\/www.quebakan.com\\\/v15\\\/cada-15-horas-un-menor-de-edad-pierde-la-vida-en-ecuador\\\/#primaryimage\",\"url\":\"https:\\\/\\\/www.quebakan.com\\\/v15\\\/wp-content\\\/uploads\\\/2026\\\/03\\\/IMG_4402.jpg\",\"contentUrl\":\"https:\\\/\\\/www.quebakan.com\\\/v15\\\/wp-content\\\/uploads\\\/2026\\\/03\\\/IMG_4402.jpg\",\"width\":700,\"height\":467},{\"@type\":\"BreadcrumbList\",\"@id\":\"https:\\\/\\\/www.quebakan.com\\\/v15\\\/cada-15-horas-un-menor-de-edad-pierde-la-vida-en-ecuador\\\/#breadcrumb\",\"itemListElement\":[{\"@type\":\"ListItem\",\"position\":1,\"name\":\"Portada\",\"item\":\"https:\\\/\\\/www.quebakan.com\\\/v15\\\/\"},{\"@type\":\"ListItem\",\"position\":2,\"name\":\"Cada 15 horas, un menor de edad pierde la vida en Ecuador\"}]},{\"@type\":\"WebSite\",\"@id\":\"https:\\\/\\\/www.quebakan.com\\\/v15\\\/#website\",\"url\":\"https:\\\/\\\/www.quebakan.com\\\/v15\\\/\",\"name\":\"QUEBAKAN\",\"description\":\"..\",\"publisher\":{\"@id\":\"https:\\\/\\\/www.quebakan.com\\\/v15\\\/#organization\"},\"potentialAction\":[{\"@type\":\"SearchAction\",\"target\":{\"@type\":\"EntryPoint\",\"urlTemplate\":\"https:\\\/\\\/www.quebakan.com\\\/v15\\\/?s={search_term_string}\"},\"query-input\":{\"@type\":\"PropertyValueSpecification\",\"valueRequired\":true,\"valueName\":\"search_term_string\"}}],\"inLanguage\":\"es\"},{\"@type\":\"Organization\",\"@id\":\"https:\\\/\\\/www.quebakan.com\\\/v15\\\/#organization\",\"name\":\"Quebakan.com\",\"url\":\"https:\\\/\\\/www.quebakan.com\\\/v15\\\/\",\"logo\":{\"@type\":\"ImageObject\",\"inLanguage\":\"es\",\"@id\":\"https:\\\/\\\/www.quebakan.com\\\/v15\\\/#\\\/schema\\\/logo\\\/image\\\/\",\"url\":\"https:\\\/\\\/www.quebakan.com\\\/v15\\\/wp-content\\\/uploads\\\/2023\\\/07\\\/logoquebakanenero2021.jpg\",\"contentUrl\":\"https:\\\/\\\/www.quebakan.com\\\/v15\\\/wp-content\\\/uploads\\\/2023\\\/07\\\/logoquebakanenero2021.jpg\",\"width\":1920,\"height\":1080,\"caption\":\"Quebakan.com\"},\"image\":{\"@id\":\"https:\\\/\\\/www.quebakan.com\\\/v15\\\/#\\\/schema\\\/logo\\\/image\\\/\"},\"sameAs\":[\"http:\\\/\\\/www.facebook.com\\\/quebakan\",\"https:\\\/\\\/x.com\\\/quebakanec\",\"http:\\\/\\\/www.instagram.com\\\/quebakan\",\"http:\\\/\\\/www.youtube.com\\\/quebakan1\"]},{\"@type\":\"Person\",\"@id\":\"https:\\\/\\\/www.quebakan.com\\\/v15\\\/#\\\/schema\\\/person\\\/d90fa9f9cfa81eb8ace9811e5b7b9118\",\"name\":\"Erick Villafuerte\",\"image\":{\"@type\":\"ImageObject\",\"inLanguage\":\"es\",\"@id\":\"https:\\\/\\\/www.quebakan.com\\\/v15\\\/wp-content\\\/uploads\\\/avatars\\\/4\\\/1731297654-bpfull.png\",\"url\":\"https:\\\/\\\/www.quebakan.com\\\/v15\\\/wp-content\\\/uploads\\\/avatars\\\/4\\\/1731297654-bpfull.png\",\"contentUrl\":\"https:\\\/\\\/www.quebakan.com\\\/v15\\\/wp-content\\\/uploads\\\/avatars\\\/4\\\/1731297654-bpfull.png\",\"caption\":\"Erick Villafuerte\"}}]}<\/script>\n<!-- \/ Yoast SEO plugin. -->","yoast_head_json":{"title":"Cada 15 horas, un menor de edad pierde la vida en Ecuador &#8211; QUEBAKAN.COM 2026: Noticias, Eventos, Conciertos y mucho m\u00e1s....","robots":{"index":"index","follow":"follow","max-snippet":"max-snippet:-1","max-image-preview":"max-image-preview:large","max-video-preview":"max-video-preview:-1"},"canonical":"https:\/\/www.quebakan.com\/v15\/cada-15-horas-un-menor-de-edad-pierde-la-vida-en-ecuador\/","og_locale":"es_ES","og_type":"article","og_title":"Cada 15 horas, un menor de edad pierde la vida en Ecuador &#8211; QUEBAKAN.COM 2026: Noticias, Eventos, Conciertos y mucho m\u00e1s....","og_description":"18 organizaciones, entre ellas Ayuda en Acci\u00f3n, impulsan una plataforma t\u00e9cnica para proteger derechos con evidencia rigurosa. En un contexto nacional caracterizado por el incremento sostenido de la violencia delincuencial, la expansi\u00f3n del crimen organizado y la declaratoria de conflicto armado interno, 18 organizaciones de la sociedad civil, en articulaci\u00f3n con la academia y la [&hellip;]","og_url":"https:\/\/www.quebakan.com\/v15\/cada-15-horas-un-menor-de-edad-pierde-la-vida-en-ecuador\/","og_site_name":"QUEBAKAN.COM 2026: Noticias, Eventos, Conciertos y mucho m\u00e1s....","article_publisher":"http:\/\/www.facebook.com\/quebakan","article_published_time":"2026-03-10T14:33:58+00:00","og_image":[{"width":700,"height":467,"url":"https:\/\/www.quebakan.com\/v15\/wp-content\/uploads\/2026\/03\/IMG_4402.jpg","type":"image\/jpeg"}],"author":"Erick Villafuerte","twitter_card":"summary_large_image","twitter_creator":"@quebakanec","twitter_site":"@quebakanec","twitter_misc":{"Escrito por":"Erick Villafuerte","Tiempo de lectura":"4 minutos"},"schema":{"@context":"https:\/\/schema.org","@graph":[{"@type":"Article","@id":"https:\/\/www.quebakan.com\/v15\/cada-15-horas-un-menor-de-edad-pierde-la-vida-en-ecuador\/#article","isPartOf":{"@id":"https:\/\/www.quebakan.com\/v15\/cada-15-horas-un-menor-de-edad-pierde-la-vida-en-ecuador\/"},"author":{"name":"Erick Villafuerte","@id":"https:\/\/www.quebakan.com\/v15\/#\/schema\/person\/d90fa9f9cfa81eb8ace9811e5b7b9118"},"headline":"Cada 15 horas, un menor de edad pierde la vida en Ecuador","datePublished":"2026-03-10T14:33:58+00:00","mainEntityOfPage":{"@id":"https:\/\/www.quebakan.com\/v15\/cada-15-horas-un-menor-de-edad-pierde-la-vida-en-ecuador\/"},"wordCount":801,"publisher":{"@id":"https:\/\/www.quebakan.com\/v15\/#organization"},"image":{"@id":"https:\/\/www.quebakan.com\/v15\/cada-15-horas-un-menor-de-edad-pierde-la-vida-en-ecuador\/#primaryimage"},"thumbnailUrl":"https:\/\/www.quebakan.com\/v15\/wp-content\/uploads\/2026\/03\/IMG_4402.jpg","articleSection":["Noticias"],"inLanguage":"es"},{"@type":"WebPage","@id":"https:\/\/www.quebakan.com\/v15\/cada-15-horas-un-menor-de-edad-pierde-la-vida-en-ecuador\/","url":"https:\/\/www.quebakan.com\/v15\/cada-15-horas-un-menor-de-edad-pierde-la-vida-en-ecuador\/","name":"Cada 15 horas, un menor de edad pierde la vida en Ecuador &#8211; QUEBAKAN.COM 2026: Noticias, Eventos, Conciertos y mucho m\u00e1s....","isPartOf":{"@id":"https:\/\/www.quebakan.com\/v15\/#website"},"primaryImageOfPage":{"@id":"https:\/\/www.quebakan.com\/v15\/cada-15-horas-un-menor-de-edad-pierde-la-vida-en-ecuador\/#primaryimage"},"image":{"@id":"https:\/\/www.quebakan.com\/v15\/cada-15-horas-un-menor-de-edad-pierde-la-vida-en-ecuador\/#primaryimage"},"thumbnailUrl":"https:\/\/www.quebakan.com\/v15\/wp-content\/uploads\/2026\/03\/IMG_4402.jpg","datePublished":"2026-03-10T14:33:58+00:00","breadcrumb":{"@id":"https:\/\/www.quebakan.com\/v15\/cada-15-horas-un-menor-de-edad-pierde-la-vida-en-ecuador\/#breadcrumb"},"inLanguage":"es","potentialAction":[{"@type":"ReadAction","target":["https:\/\/www.quebakan.com\/v15\/cada-15-horas-un-menor-de-edad-pierde-la-vida-en-ecuador\/"]}]},{"@type":"ImageObject","inLanguage":"es","@id":"https:\/\/www.quebakan.com\/v15\/cada-15-horas-un-menor-de-edad-pierde-la-vida-en-ecuador\/#primaryimage","url":"https:\/\/www.quebakan.com\/v15\/wp-content\/uploads\/2026\/03\/IMG_4402.jpg","contentUrl":"https:\/\/www.quebakan.com\/v15\/wp-content\/uploads\/2026\/03\/IMG_4402.jpg","width":700,"height":467},{"@type":"BreadcrumbList","@id":"https:\/\/www.quebakan.com\/v15\/cada-15-horas-un-menor-de-edad-pierde-la-vida-en-ecuador\/#breadcrumb","itemListElement":[{"@type":"ListItem","position":1,"name":"Portada","item":"https:\/\/www.quebakan.com\/v15\/"},{"@type":"ListItem","position":2,"name":"Cada 15 horas, un menor de edad pierde la vida en Ecuador"}]},{"@type":"WebSite","@id":"https:\/\/www.quebakan.com\/v15\/#website","url":"https:\/\/www.quebakan.com\/v15\/","name":"QUEBAKAN","description":"..","publisher":{"@id":"https:\/\/www.quebakan.com\/v15\/#organization"},"potentialAction":[{"@type":"SearchAction","target":{"@type":"EntryPoint","urlTemplate":"https:\/\/www.quebakan.com\/v15\/?s={search_term_string}"},"query-input":{"@type":"PropertyValueSpecification","valueRequired":true,"valueName":"search_term_string"}}],"inLanguage":"es"},{"@type":"Organization","@id":"https:\/\/www.quebakan.com\/v15\/#organization","name":"Quebakan.com","url":"https:\/\/www.quebakan.com\/v15\/","logo":{"@type":"ImageObject","inLanguage":"es","@id":"https:\/\/www.quebakan.com\/v15\/#\/schema\/logo\/image\/","url":"https:\/\/www.quebakan.com\/v15\/wp-content\/uploads\/2023\/07\/logoquebakanenero2021.jpg","contentUrl":"https:\/\/www.quebakan.com\/v15\/wp-content\/uploads\/2023\/07\/logoquebakanenero2021.jpg","width":1920,"height":1080,"caption":"Quebakan.com"},"image":{"@id":"https:\/\/www.quebakan.com\/v15\/#\/schema\/logo\/image\/"},"sameAs":["http:\/\/www.facebook.com\/quebakan","https:\/\/x.com\/quebakanec","http:\/\/www.instagram.com\/quebakan","http:\/\/www.youtube.com\/quebakan1"]},{"@type":"Person","@id":"https:\/\/www.quebakan.com\/v15\/#\/schema\/person\/d90fa9f9cfa81eb8ace9811e5b7b9118","name":"Erick Villafuerte","image":{"@type":"ImageObject","inLanguage":"es","@id":"https:\/\/www.quebakan.com\/v15\/wp-content\/uploads\/avatars\/4\/1731297654-bpfull.png","url":"https:\/\/www.quebakan.com\/v15\/wp-content\/uploads\/avatars\/4\/1731297654-bpfull.png","contentUrl":"https:\/\/www.quebakan.com\/v15\/wp-content\/uploads\/avatars\/4\/1731297654-bpfull.png","caption":"Erick Villafuerte"}}]}},"_links":{"self":[{"href":"https:\/\/www.quebakan.com\/v15\/wp-json\/wp\/v2\/posts\/140630","targetHints":{"allow":["GET"]}}],"collection":[{"href":"https:\/\/www.quebakan.com\/v15\/wp-json\/wp\/v2\/posts"}],"about":[{"href":"https:\/\/www.quebakan.com\/v15\/wp-json\/wp\/v2\/types\/post"}],"author":[{"embeddable":true,"href":"https:\/\/www.quebakan.com\/v15\/wp-json\/wp\/v2\/users\/4"}],"replies":[{"embeddable":true,"href":"https:\/\/www.quebakan.com\/v15\/wp-json\/wp\/v2\/comments?post=140630"}],"version-history":[{"count":1,"href":"https:\/\/www.quebakan.com\/v15\/wp-json\/wp\/v2\/posts\/140630\/revisions"}],"predecessor-version":[{"id":140633,"href":"https:\/\/www.quebakan.com\/v15\/wp-json\/wp\/v2\/posts\/140630\/revisions\/140633"}],"wp:featuredmedia":[{"embeddable":true,"href":"https:\/\/www.quebakan.com\/v15\/wp-json\/wp\/v2\/media\/140631"}],"wp:attachment":[{"href":"https:\/\/www.quebakan.com\/v15\/wp-json\/wp\/v2\/media?parent=140630"}],"wp:term":[{"taxonomy":"category","embeddable":true,"href":"https:\/\/www.quebakan.com\/v15\/wp-json\/wp\/v2\/categories?post=140630"},{"taxonomy":"post_tag","embeddable":true,"href":"https:\/\/www.quebakan.com\/v15\/wp-json\/wp\/v2\/tags?post=140630"}],"curies":[{"name":"wp","href":"https:\/\/api.w.org\/{rel}","templated":true}]}}