{"id":140634,"date":"2026-03-10T10:35:04","date_gmt":"2026-03-10T15:35:04","guid":{"rendered":"https:\/\/www.quebakan.com\/v15\/?p=140634"},"modified":"2026-03-10T10:35:04","modified_gmt":"2026-03-10T15:35:04","slug":"la-prevencion-gana-terreno-como-el-principal-escudo-de-las-empresas","status":"publish","type":"post","link":"https:\/\/www.quebakan.com\/v15\/la-prevencion-gana-terreno-como-el-principal-escudo-de-las-empresas\/","title":{"rendered":"La prevenci\u00f3n gana terreno como el principal escudo de las empresas"},"content":{"rendered":"<p><img fetchpriority=\"high\" decoding=\"async\" class=\"aligncenter size-full wp-image-140635\" src=\"https:\/\/www.quebakan.com\/v15\/wp-content\/uploads\/2026\/03\/BP-PREVENCION-FOTO.jpg\" alt=\"\" width=\"700\" height=\"466\" \/><\/p>\n<p style=\"text-align: justify;\"><span style=\"color: #000000;\"><strong>Quito 2026.-<\/strong> En un entorno donde los riesgos empresariales son cada vez m\u00e1s complejos y frecuentes, la cultura de prevenci\u00f3n empieza a romper varios mitos instalados en el mundo corporativo. Lejos de ser un gasto innecesario, hoy se consolida como una herramienta clave para proteger la operaci\u00f3n, el patrimonio y la sostenibilidad de las empresas.<\/span><\/p>\n<p style=\"text-align: justify;\"><span style=\"color: #000000;\">Desde el sector asegurador se advierte que muchas decisiones empresariales siguen bas\u00e1ndose en percepciones err\u00f3neas sobre la gesti\u00f3n de riesgos, lo que deja a las organizaciones expuestas frente a eventos que pueden evitarse o mitigarse con una planificaci\u00f3n adecuada.<\/span><\/p>\n<p style=\"text-align: justify;\"><span style=\"color: #000000;\"><strong>Mitos sobre la prevenci\u00f3n y los riesgos empresariales<\/strong><\/span><\/p>\n<p style=\"text-align: justify;\"><span style=\"color: #000000;\"><strong>Mito 1: <\/strong>\u201cLa prevenci\u00f3n es solo para grandes empresas\u201d<\/span><\/p>\n<p style=\"text-align: justify;\"><span style=\"color: #000000;\"><strong>Falso<\/strong><\/span><\/p>\n<p style=\"text-align: justify;\"><span style=\"color: #000000;\">Todas las empresas, sin importar su tama\u00f1o o sector, enfrentan riesgos operativos, financieros y humanos. Para peque\u00f1as y medianas empresas, un solo evento puede comprometer seriamente su continuidad. Para ellas, se recomienda que cuenten con seguros b\u00e1sicos, como de incendio y multirriesgo, responsabilidad civil y de accidentes personales para colaboradores, que permiten proteger activos clave y la operaci\u00f3n diaria.<\/span><\/p>\n<p style=\"text-align: justify;\"><span style=\"color: #000000;\"><strong>Mito 2: <\/strong>\u201cTener un seguro significa que ya estoy protegido\u201d<\/span><\/p>\n<p style=\"text-align: justify;\"><span style=\"color: #000000;\"><strong>Verdad<\/strong><\/span><\/p>\n<p style=\"text-align: justify;\"><span style=\"color: #000000;\">El seguro es una parte fundamental de la gesti\u00f3n de riesgos, pero no act\u00faa de forma aislada. La prevenci\u00f3n permite reducir la frecuencia y el impacto de los siniestros, mientras que el seguro respalda financieramente a la empresa cuando ocurre un evento.<\/span><\/p>\n<p style=\"text-align: justify;\"><span style=\"color: #000000;\">La contrataci\u00f3n de p\u00f3lizas de seguros funciona mejor cuando est\u00e1n acompa\u00f1adas de planes de prevenci\u00f3n y protocolos internos.<\/span><\/p>\n<p style=\"text-align: justify;\"><span style=\"color: #000000;\"><strong>Mito 3: <\/strong>\u201cPrevenir cuesta m\u00e1s que asumir el riesgo\u201d<\/span><\/p>\n<p style=\"text-align: justify;\"><span style=\"color: #000000;\"><strong>Falso<\/strong><\/span><\/p>\n<p style=\"text-align: justify;\"><span style=\"color: #000000;\">La experiencia demuestra que los costos de no prevenir suelen ser mucho mayores. Da\u00f1os materiales, demandas de terceros, paralizaci\u00f3n de operaciones o afectaciones reputacionales pueden generar p\u00e9rdidas significativas.<\/span><\/p>\n<p style=\"text-align: justify;\"><span style=\"color: #000000;\">Los seguros \u00a0ayudan a mitigar el impacto econ\u00f3mico de estos escenarios, especialmente cuando la empresa ha identificado previamente sus principales riesgos.<\/span><\/p>\n<p style=\"text-align: justify;\"><span style=\"color: #000000;\"><strong>Mito 4: <\/strong>\u201cLos riesgos son los mismos de siempre\u201d<\/span><\/p>\n<p style=\"text-align: justify;\"><span style=\"color: #000000;\"><strong>Falso<\/strong><\/span><\/p>\n<p style=\"text-align: justify;\"><span style=\"color: #000000;\">Hoy las empresas enfrentan nuevos riesgos asociados al cambio clim\u00e1tico, la cadena de suministro y la relaci\u00f3n con terceros. Este escenario obliga a las organizaciones a repensar su esquema de protecci\u00f3n, incorporando soluciones que respondan a los nuevos peligros operativos, log\u00edsticos y de responsabilidad frente a terceros, de acuerdo con la naturaleza de su actividad.<\/span><\/p>\n<p style=\"text-align: justify;\"><span style=\"color: #000000;\">M\u00e1s all\u00e1 de la contrataci\u00f3n de p\u00f3lizas, el sector asegurador cumple un rol activo como aliado estrat\u00e9gico de las empresas, apoy\u00e1ndolas en la identificaci\u00f3n de riesgos, la implementaci\u00f3n de medidas preventivas y la estructuraci\u00f3n de coberturas acordes a su realidad.<\/span><\/p>\n<p style=\"text-align: justify;\"><span style=\"color: #000000;\">En un entorno empresarial cada vez m\u00e1s din\u00e1mico e incierto, anticiparse a los riesgos deja de ser una opci\u00f3n y se convierte en una necesidad. La prevenci\u00f3n y el seguro pasan a jugar un rol central en la protecci\u00f3n del negocio, sus activos y su proyecci\u00f3n a largo plazo.<\/span><\/p>\n","protected":false},"excerpt":{"rendered":"<p>Quito 2026.- En un entorno donde los riesgos empresariales son cada vez m\u00e1s complejos y frecuentes, la cultura de prevenci\u00f3n empieza a romper varios mitos instalados en el mundo corporativo. Lejos de ser un gasto innecesario, hoy se consolida como una herramienta clave para proteger la operaci\u00f3n, el patrimonio y la sostenibilidad de las empresas. [&hellip;]<\/p>\n","protected":false},"author":4,"featured_media":140635,"comment_status":"closed","ping_status":"closed","sticky":false,"template":"","format":"standard","meta":{"_bbp_topic_count":0,"_bbp_reply_count":0,"_bbp_total_topic_count":0,"_bbp_total_reply_count":0,"_bbp_voice_count":0,"_bbp_anonymous_reply_count":0,"_bbp_topic_count_hidden":0,"_bbp_reply_count_hidden":0,"_bbp_forum_subforum_count":0,"buzzeditor_post_format":"","footnotes":""},"categories":[2],"tags":[],"class_list":["post-140634","post","type-post","status-publish","format-standard","has-post-thumbnail","hentry","category-noticias"],"yoast_head":"<!-- This site is optimized with the Yoast SEO plugin v27.5 - https:\/\/yoast.com\/product\/yoast-seo-wordpress\/ -->\n<title>La prevenci\u00f3n gana terreno como el principal escudo de las empresas &#8211; QUEBAKAN.COM 2026: Noticias, Eventos, Conciertos y mucho m\u00e1s....<\/title>\n<meta name=\"robots\" content=\"index, follow, max-snippet:-1, max-image-preview:large, max-video-preview:-1\" \/>\n<link rel=\"canonical\" href=\"https:\/\/www.quebakan.com\/v15\/la-prevencion-gana-terreno-como-el-principal-escudo-de-las-empresas\/\" \/>\n<meta property=\"og:locale\" content=\"es_ES\" \/>\n<meta property=\"og:type\" content=\"article\" \/>\n<meta property=\"og:title\" content=\"La prevenci\u00f3n gana terreno como el principal escudo de las empresas &#8211; QUEBAKAN.COM 2026: Noticias, Eventos, Conciertos y mucho m\u00e1s....\" \/>\n<meta property=\"og:description\" content=\"Quito 2026.- En un entorno donde los riesgos empresariales son cada vez m\u00e1s complejos y frecuentes, la cultura de prevenci\u00f3n empieza a romper varios mitos instalados en el mundo corporativo. Lejos de ser un gasto innecesario, hoy se consolida como una herramienta clave para proteger la operaci\u00f3n, el patrimonio y la sostenibilidad de las empresas. [&hellip;]\" \/>\n<meta property=\"og:url\" content=\"https:\/\/www.quebakan.com\/v15\/la-prevencion-gana-terreno-como-el-principal-escudo-de-las-empresas\/\" \/>\n<meta property=\"og:site_name\" content=\"QUEBAKAN.COM 2026: Noticias, Eventos, Conciertos y mucho m\u00e1s....\" \/>\n<meta property=\"article:publisher\" content=\"http:\/\/www.facebook.com\/quebakan\" \/>\n<meta property=\"article:published_time\" content=\"2026-03-10T15:35:04+00:00\" \/>\n<meta property=\"og:image\" content=\"https:\/\/www.quebakan.com\/v15\/wp-content\/uploads\/2026\/03\/BP-PREVENCION-FOTO.jpg\" \/>\n\t<meta property=\"og:image:width\" content=\"700\" \/>\n\t<meta property=\"og:image:height\" content=\"466\" \/>\n\t<meta property=\"og:image:type\" content=\"image\/jpeg\" \/>\n<meta name=\"author\" content=\"Erick Villafuerte\" \/>\n<meta name=\"twitter:card\" content=\"summary_large_image\" \/>\n<meta name=\"twitter:creator\" content=\"@quebakanec\" \/>\n<meta name=\"twitter:site\" content=\"@quebakanec\" \/>\n<meta name=\"twitter:label1\" content=\"Escrito por\" \/>\n\t<meta name=\"twitter:data1\" content=\"Erick Villafuerte\" \/>\n\t<meta name=\"twitter:label2\" content=\"Tiempo de lectura\" \/>\n\t<meta name=\"twitter:data2\" content=\"3 minutos\" \/>\n<script type=\"application\/ld+json\" class=\"yoast-schema-graph\">{\"@context\":\"https:\\\/\\\/schema.org\",\"@graph\":[{\"@type\":\"Article\",\"@id\":\"https:\\\/\\\/www.quebakan.com\\\/v15\\\/la-prevencion-gana-terreno-como-el-principal-escudo-de-las-empresas\\\/#article\",\"isPartOf\":{\"@id\":\"https:\\\/\\\/www.quebakan.com\\\/v15\\\/la-prevencion-gana-terreno-como-el-principal-escudo-de-las-empresas\\\/\"},\"author\":{\"name\":\"Erick Villafuerte\",\"@id\":\"https:\\\/\\\/www.quebakan.com\\\/v15\\\/#\\\/schema\\\/person\\\/d90fa9f9cfa81eb8ace9811e5b7b9118\"},\"headline\":\"La prevenci\u00f3n gana terreno como el principal escudo de las empresas\",\"datePublished\":\"2026-03-10T15:35:04+00:00\",\"mainEntityOfPage\":{\"@id\":\"https:\\\/\\\/www.quebakan.com\\\/v15\\\/la-prevencion-gana-terreno-como-el-principal-escudo-de-las-empresas\\\/\"},\"wordCount\":507,\"publisher\":{\"@id\":\"https:\\\/\\\/www.quebakan.com\\\/v15\\\/#organization\"},\"image\":{\"@id\":\"https:\\\/\\\/www.quebakan.com\\\/v15\\\/la-prevencion-gana-terreno-como-el-principal-escudo-de-las-empresas\\\/#primaryimage\"},\"thumbnailUrl\":\"https:\\\/\\\/www.quebakan.com\\\/v15\\\/wp-content\\\/uploads\\\/2026\\\/03\\\/BP-PREVENCION-FOTO.jpg\",\"articleSection\":[\"Noticias\"],\"inLanguage\":\"es\"},{\"@type\":\"WebPage\",\"@id\":\"https:\\\/\\\/www.quebakan.com\\\/v15\\\/la-prevencion-gana-terreno-como-el-principal-escudo-de-las-empresas\\\/\",\"url\":\"https:\\\/\\\/www.quebakan.com\\\/v15\\\/la-prevencion-gana-terreno-como-el-principal-escudo-de-las-empresas\\\/\",\"name\":\"La prevenci\u00f3n gana terreno como el principal escudo de las empresas &#8211; QUEBAKAN.COM 2026: Noticias, Eventos, Conciertos y mucho m\u00e1s....\",\"isPartOf\":{\"@id\":\"https:\\\/\\\/www.quebakan.com\\\/v15\\\/#website\"},\"primaryImageOfPage\":{\"@id\":\"https:\\\/\\\/www.quebakan.com\\\/v15\\\/la-prevencion-gana-terreno-como-el-principal-escudo-de-las-empresas\\\/#primaryimage\"},\"image\":{\"@id\":\"https:\\\/\\\/www.quebakan.com\\\/v15\\\/la-prevencion-gana-terreno-como-el-principal-escudo-de-las-empresas\\\/#primaryimage\"},\"thumbnailUrl\":\"https:\\\/\\\/www.quebakan.com\\\/v15\\\/wp-content\\\/uploads\\\/2026\\\/03\\\/BP-PREVENCION-FOTO.jpg\",\"datePublished\":\"2026-03-10T15:35:04+00:00\",\"breadcrumb\":{\"@id\":\"https:\\\/\\\/www.quebakan.com\\\/v15\\\/la-prevencion-gana-terreno-como-el-principal-escudo-de-las-empresas\\\/#breadcrumb\"},\"inLanguage\":\"es\",\"potentialAction\":[{\"@type\":\"ReadAction\",\"target\":[\"https:\\\/\\\/www.quebakan.com\\\/v15\\\/la-prevencion-gana-terreno-como-el-principal-escudo-de-las-empresas\\\/\"]}]},{\"@type\":\"ImageObject\",\"inLanguage\":\"es\",\"@id\":\"https:\\\/\\\/www.quebakan.com\\\/v15\\\/la-prevencion-gana-terreno-como-el-principal-escudo-de-las-empresas\\\/#primaryimage\",\"url\":\"https:\\\/\\\/www.quebakan.com\\\/v15\\\/wp-content\\\/uploads\\\/2026\\\/03\\\/BP-PREVENCION-FOTO.jpg\",\"contentUrl\":\"https:\\\/\\\/www.quebakan.com\\\/v15\\\/wp-content\\\/uploads\\\/2026\\\/03\\\/BP-PREVENCION-FOTO.jpg\",\"width\":700,\"height\":466},{\"@type\":\"BreadcrumbList\",\"@id\":\"https:\\\/\\\/www.quebakan.com\\\/v15\\\/la-prevencion-gana-terreno-como-el-principal-escudo-de-las-empresas\\\/#breadcrumb\",\"itemListElement\":[{\"@type\":\"ListItem\",\"position\":1,\"name\":\"Portada\",\"item\":\"https:\\\/\\\/www.quebakan.com\\\/v15\\\/\"},{\"@type\":\"ListItem\",\"position\":2,\"name\":\"La prevenci\u00f3n gana terreno como el principal escudo de las empresas\"}]},{\"@type\":\"WebSite\",\"@id\":\"https:\\\/\\\/www.quebakan.com\\\/v15\\\/#website\",\"url\":\"https:\\\/\\\/www.quebakan.com\\\/v15\\\/\",\"name\":\"QUEBAKAN\",\"description\":\"..\",\"publisher\":{\"@id\":\"https:\\\/\\\/www.quebakan.com\\\/v15\\\/#organization\"},\"potentialAction\":[{\"@type\":\"SearchAction\",\"target\":{\"@type\":\"EntryPoint\",\"urlTemplate\":\"https:\\\/\\\/www.quebakan.com\\\/v15\\\/?s={search_term_string}\"},\"query-input\":{\"@type\":\"PropertyValueSpecification\",\"valueRequired\":true,\"valueName\":\"search_term_string\"}}],\"inLanguage\":\"es\"},{\"@type\":\"Organization\",\"@id\":\"https:\\\/\\\/www.quebakan.com\\\/v15\\\/#organization\",\"name\":\"Quebakan.com\",\"url\":\"https:\\\/\\\/www.quebakan.com\\\/v15\\\/\",\"logo\":{\"@type\":\"ImageObject\",\"inLanguage\":\"es\",\"@id\":\"https:\\\/\\\/www.quebakan.com\\\/v15\\\/#\\\/schema\\\/logo\\\/image\\\/\",\"url\":\"https:\\\/\\\/www.quebakan.com\\\/v15\\\/wp-content\\\/uploads\\\/2023\\\/07\\\/logoquebakanenero2021.jpg\",\"contentUrl\":\"https:\\\/\\\/www.quebakan.com\\\/v15\\\/wp-content\\\/uploads\\\/2023\\\/07\\\/logoquebakanenero2021.jpg\",\"width\":1920,\"height\":1080,\"caption\":\"Quebakan.com\"},\"image\":{\"@id\":\"https:\\\/\\\/www.quebakan.com\\\/v15\\\/#\\\/schema\\\/logo\\\/image\\\/\"},\"sameAs\":[\"http:\\\/\\\/www.facebook.com\\\/quebakan\",\"https:\\\/\\\/x.com\\\/quebakanec\",\"http:\\\/\\\/www.instagram.com\\\/quebakan\",\"http:\\\/\\\/www.youtube.com\\\/quebakan1\"]},{\"@type\":\"Person\",\"@id\":\"https:\\\/\\\/www.quebakan.com\\\/v15\\\/#\\\/schema\\\/person\\\/d90fa9f9cfa81eb8ace9811e5b7b9118\",\"name\":\"Erick Villafuerte\",\"image\":{\"@type\":\"ImageObject\",\"inLanguage\":\"es\",\"@id\":\"https:\\\/\\\/www.quebakan.com\\\/v15\\\/wp-content\\\/uploads\\\/avatars\\\/4\\\/1731297654-bpfull.png\",\"url\":\"https:\\\/\\\/www.quebakan.com\\\/v15\\\/wp-content\\\/uploads\\\/avatars\\\/4\\\/1731297654-bpfull.png\",\"contentUrl\":\"https:\\\/\\\/www.quebakan.com\\\/v15\\\/wp-content\\\/uploads\\\/avatars\\\/4\\\/1731297654-bpfull.png\",\"caption\":\"Erick Villafuerte\"}}]}<\/script>\n<!-- \/ Yoast SEO plugin. -->","yoast_head_json":{"title":"La prevenci\u00f3n gana terreno como el principal escudo de las empresas &#8211; QUEBAKAN.COM 2026: Noticias, Eventos, Conciertos y mucho m\u00e1s....","robots":{"index":"index","follow":"follow","max-snippet":"max-snippet:-1","max-image-preview":"max-image-preview:large","max-video-preview":"max-video-preview:-1"},"canonical":"https:\/\/www.quebakan.com\/v15\/la-prevencion-gana-terreno-como-el-principal-escudo-de-las-empresas\/","og_locale":"es_ES","og_type":"article","og_title":"La prevenci\u00f3n gana terreno como el principal escudo de las empresas &#8211; QUEBAKAN.COM 2026: Noticias, Eventos, Conciertos y mucho m\u00e1s....","og_description":"Quito 2026.- En un entorno donde los riesgos empresariales son cada vez m\u00e1s complejos y frecuentes, la cultura de prevenci\u00f3n empieza a romper varios mitos instalados en el mundo corporativo. Lejos de ser un gasto innecesario, hoy se consolida como una herramienta clave para proteger la operaci\u00f3n, el patrimonio y la sostenibilidad de las empresas. [&hellip;]","og_url":"https:\/\/www.quebakan.com\/v15\/la-prevencion-gana-terreno-como-el-principal-escudo-de-las-empresas\/","og_site_name":"QUEBAKAN.COM 2026: Noticias, Eventos, Conciertos y mucho m\u00e1s....","article_publisher":"http:\/\/www.facebook.com\/quebakan","article_published_time":"2026-03-10T15:35:04+00:00","og_image":[{"width":700,"height":466,"url":"https:\/\/www.quebakan.com\/v15\/wp-content\/uploads\/2026\/03\/BP-PREVENCION-FOTO.jpg","type":"image\/jpeg"}],"author":"Erick Villafuerte","twitter_card":"summary_large_image","twitter_creator":"@quebakanec","twitter_site":"@quebakanec","twitter_misc":{"Escrito por":"Erick Villafuerte","Tiempo de lectura":"3 minutos"},"schema":{"@context":"https:\/\/schema.org","@graph":[{"@type":"Article","@id":"https:\/\/www.quebakan.com\/v15\/la-prevencion-gana-terreno-como-el-principal-escudo-de-las-empresas\/#article","isPartOf":{"@id":"https:\/\/www.quebakan.com\/v15\/la-prevencion-gana-terreno-como-el-principal-escudo-de-las-empresas\/"},"author":{"name":"Erick Villafuerte","@id":"https:\/\/www.quebakan.com\/v15\/#\/schema\/person\/d90fa9f9cfa81eb8ace9811e5b7b9118"},"headline":"La prevenci\u00f3n gana terreno como el principal escudo de las empresas","datePublished":"2026-03-10T15:35:04+00:00","mainEntityOfPage":{"@id":"https:\/\/www.quebakan.com\/v15\/la-prevencion-gana-terreno-como-el-principal-escudo-de-las-empresas\/"},"wordCount":507,"publisher":{"@id":"https:\/\/www.quebakan.com\/v15\/#organization"},"image":{"@id":"https:\/\/www.quebakan.com\/v15\/la-prevencion-gana-terreno-como-el-principal-escudo-de-las-empresas\/#primaryimage"},"thumbnailUrl":"https:\/\/www.quebakan.com\/v15\/wp-content\/uploads\/2026\/03\/BP-PREVENCION-FOTO.jpg","articleSection":["Noticias"],"inLanguage":"es"},{"@type":"WebPage","@id":"https:\/\/www.quebakan.com\/v15\/la-prevencion-gana-terreno-como-el-principal-escudo-de-las-empresas\/","url":"https:\/\/www.quebakan.com\/v15\/la-prevencion-gana-terreno-como-el-principal-escudo-de-las-empresas\/","name":"La prevenci\u00f3n gana terreno como el principal escudo de las empresas &#8211; QUEBAKAN.COM 2026: Noticias, Eventos, Conciertos y mucho m\u00e1s....","isPartOf":{"@id":"https:\/\/www.quebakan.com\/v15\/#website"},"primaryImageOfPage":{"@id":"https:\/\/www.quebakan.com\/v15\/la-prevencion-gana-terreno-como-el-principal-escudo-de-las-empresas\/#primaryimage"},"image":{"@id":"https:\/\/www.quebakan.com\/v15\/la-prevencion-gana-terreno-como-el-principal-escudo-de-las-empresas\/#primaryimage"},"thumbnailUrl":"https:\/\/www.quebakan.com\/v15\/wp-content\/uploads\/2026\/03\/BP-PREVENCION-FOTO.jpg","datePublished":"2026-03-10T15:35:04+00:00","breadcrumb":{"@id":"https:\/\/www.quebakan.com\/v15\/la-prevencion-gana-terreno-como-el-principal-escudo-de-las-empresas\/#breadcrumb"},"inLanguage":"es","potentialAction":[{"@type":"ReadAction","target":["https:\/\/www.quebakan.com\/v15\/la-prevencion-gana-terreno-como-el-principal-escudo-de-las-empresas\/"]}]},{"@type":"ImageObject","inLanguage":"es","@id":"https:\/\/www.quebakan.com\/v15\/la-prevencion-gana-terreno-como-el-principal-escudo-de-las-empresas\/#primaryimage","url":"https:\/\/www.quebakan.com\/v15\/wp-content\/uploads\/2026\/03\/BP-PREVENCION-FOTO.jpg","contentUrl":"https:\/\/www.quebakan.com\/v15\/wp-content\/uploads\/2026\/03\/BP-PREVENCION-FOTO.jpg","width":700,"height":466},{"@type":"BreadcrumbList","@id":"https:\/\/www.quebakan.com\/v15\/la-prevencion-gana-terreno-como-el-principal-escudo-de-las-empresas\/#breadcrumb","itemListElement":[{"@type":"ListItem","position":1,"name":"Portada","item":"https:\/\/www.quebakan.com\/v15\/"},{"@type":"ListItem","position":2,"name":"La prevenci\u00f3n gana terreno como el principal escudo de las empresas"}]},{"@type":"WebSite","@id":"https:\/\/www.quebakan.com\/v15\/#website","url":"https:\/\/www.quebakan.com\/v15\/","name":"QUEBAKAN","description":"..","publisher":{"@id":"https:\/\/www.quebakan.com\/v15\/#organization"},"potentialAction":[{"@type":"SearchAction","target":{"@type":"EntryPoint","urlTemplate":"https:\/\/www.quebakan.com\/v15\/?s={search_term_string}"},"query-input":{"@type":"PropertyValueSpecification","valueRequired":true,"valueName":"search_term_string"}}],"inLanguage":"es"},{"@type":"Organization","@id":"https:\/\/www.quebakan.com\/v15\/#organization","name":"Quebakan.com","url":"https:\/\/www.quebakan.com\/v15\/","logo":{"@type":"ImageObject","inLanguage":"es","@id":"https:\/\/www.quebakan.com\/v15\/#\/schema\/logo\/image\/","url":"https:\/\/www.quebakan.com\/v15\/wp-content\/uploads\/2023\/07\/logoquebakanenero2021.jpg","contentUrl":"https:\/\/www.quebakan.com\/v15\/wp-content\/uploads\/2023\/07\/logoquebakanenero2021.jpg","width":1920,"height":1080,"caption":"Quebakan.com"},"image":{"@id":"https:\/\/www.quebakan.com\/v15\/#\/schema\/logo\/image\/"},"sameAs":["http:\/\/www.facebook.com\/quebakan","https:\/\/x.com\/quebakanec","http:\/\/www.instagram.com\/quebakan","http:\/\/www.youtube.com\/quebakan1"]},{"@type":"Person","@id":"https:\/\/www.quebakan.com\/v15\/#\/schema\/person\/d90fa9f9cfa81eb8ace9811e5b7b9118","name":"Erick Villafuerte","image":{"@type":"ImageObject","inLanguage":"es","@id":"https:\/\/www.quebakan.com\/v15\/wp-content\/uploads\/avatars\/4\/1731297654-bpfull.png","url":"https:\/\/www.quebakan.com\/v15\/wp-content\/uploads\/avatars\/4\/1731297654-bpfull.png","contentUrl":"https:\/\/www.quebakan.com\/v15\/wp-content\/uploads\/avatars\/4\/1731297654-bpfull.png","caption":"Erick Villafuerte"}}]}},"_links":{"self":[{"href":"https:\/\/www.quebakan.com\/v15\/wp-json\/wp\/v2\/posts\/140634","targetHints":{"allow":["GET"]}}],"collection":[{"href":"https:\/\/www.quebakan.com\/v15\/wp-json\/wp\/v2\/posts"}],"about":[{"href":"https:\/\/www.quebakan.com\/v15\/wp-json\/wp\/v2\/types\/post"}],"author":[{"embeddable":true,"href":"https:\/\/www.quebakan.com\/v15\/wp-json\/wp\/v2\/users\/4"}],"replies":[{"embeddable":true,"href":"https:\/\/www.quebakan.com\/v15\/wp-json\/wp\/v2\/comments?post=140634"}],"version-history":[{"count":1,"href":"https:\/\/www.quebakan.com\/v15\/wp-json\/wp\/v2\/posts\/140634\/revisions"}],"predecessor-version":[{"id":140636,"href":"https:\/\/www.quebakan.com\/v15\/wp-json\/wp\/v2\/posts\/140634\/revisions\/140636"}],"wp:featuredmedia":[{"embeddable":true,"href":"https:\/\/www.quebakan.com\/v15\/wp-json\/wp\/v2\/media\/140635"}],"wp:attachment":[{"href":"https:\/\/www.quebakan.com\/v15\/wp-json\/wp\/v2\/media?parent=140634"}],"wp:term":[{"taxonomy":"category","embeddable":true,"href":"https:\/\/www.quebakan.com\/v15\/wp-json\/wp\/v2\/categories?post=140634"},{"taxonomy":"post_tag","embeddable":true,"href":"https:\/\/www.quebakan.com\/v15\/wp-json\/wp\/v2\/tags?post=140634"}],"curies":[{"name":"wp","href":"https:\/\/api.w.org\/{rel}","templated":true}]}}