{"id":140637,"date":"2026-03-10T10:39:54","date_gmt":"2026-03-10T15:39:54","guid":{"rendered":"https:\/\/www.quebakan.com\/v15\/?p=140637"},"modified":"2026-03-10T10:39:54","modified_gmt":"2026-03-10T15:39:54","slug":"workshop-de-relaciones-publicas-busca-fortalecer-la-reputacion-de-mujeres-emprendedoras-en-ecuador","status":"publish","type":"post","link":"https:\/\/www.quebakan.com\/v15\/workshop-de-relaciones-publicas-busca-fortalecer-la-reputacion-de-mujeres-emprendedoras-en-ecuador\/","title":{"rendered":"Workshop de Relaciones P\u00fablicas busca fortalecer la reputaci\u00f3n de mujeres emprendedoras en Ecuador"},"content":{"rendered":"<p><img fetchpriority=\"high\" decoding=\"async\" class=\"aligncenter size-full wp-image-140638\" src=\"https:\/\/www.quebakan.com\/v15\/wp-content\/uploads\/2026\/03\/workshop.jpg\" alt=\"\" width=\"495\" height=\"700\" \/><\/p>\n<p style=\"text-align: justify;\"><span style=\"color: #000000;\"><strong>Quito, Ecuador.-<\/strong> Con el objetivo de fortalecer la reputaci\u00f3n y posicionamiento de mujeres emprendedoras, la Red Iberoamericana de Relaciones P\u00fablicas cap\u00edtulo Ecuador (REDIRP Ecuador) y i-global comunicaciones organizan el workshop \u201cRelaciones P\u00fablicas para Mujeres Emprendedoras\u201d, un espacio de formaci\u00f3n estrat\u00e9gica orientado a potenciar la visibilidad y credibilidad de los negocios liderados por mujeres.<\/span><\/p>\n<p style=\"text-align: justify;\"><span style=\"color: #000000;\">El taller se realizar\u00e1 el 28 de marzo, de 09h00 a 12h00, en modalidad virtual a trav\u00e9s de Zoom, y estar\u00e1 facilitado por la especialista en comunicaci\u00f3n y relaciones p\u00fablicas Ver\u00f3nica Su\u00e1rez Viteri, profesional con amplia experiencia en estrategias de posicionamiento, reputaci\u00f3n y comunicaci\u00f3n estrat\u00e9gica.<\/span><\/p>\n<p style=\"text-align: justify;\"><span style=\"color: #000000;\">En Ecuador, las mujeres desempe\u00f1an un papel clave en el ecosistema emprendedor. Sin embargo, muchas iniciativas a\u00fan enfrentan desaf\u00edos para consolidar su reputaci\u00f3n y lograr una presencia estrat\u00e9gica en medios y espacios de influencia. Este workshop busca brindar herramientas pr\u00e1cticas de relaciones p\u00fablicas que permitan a las emprendedoras pasar de la simple visibilidad en redes sociales a una gesti\u00f3n estrat\u00e9gica de su reputaci\u00f3n.<\/span><\/p>\n<p style=\"text-align: justify;\"><span style=\"color: #000000;\">Durante la jornada de capacitaci\u00f3n, las participantes aprender\u00e1n sobre:<\/span><\/p>\n<p style=\"text-align: justify;\"><span style=\"color: #000000;\">La diferencia entre visibilidad y reputaci\u00f3n en el desarrollo de una marca o negocio.<\/span><\/p>\n<p style=\"text-align: justify;\"><span style=\"color: #000000;\">Los errores m\u00e1s comunes que frenan el posicionamiento de emprendimientos.<\/span><\/p>\n<p style=\"text-align: justify;\"><span style=\"color: #000000;\">C\u00f3mo crear boletines de prensa efectivos para difundir iniciativas empresariales.<\/span><\/p>\n<p style=\"text-align: justify;\"><span style=\"color: #000000;\">Estrategias de relaciones p\u00fablicas aplicadas a emprendimientos liderados por mujeres.<\/span><\/p>\n<p style=\"text-align: justify;\"><span style=\"color: #000000;\">El taller tiene un costo de inversi\u00f3n de $15 y contar\u00e1 con cupos limitados, con el fin de garantizar un espacio participativo y de aprendizaje pr\u00e1ctico.<\/span><\/p>\n<p style=\"text-align: justify;\"><span style=\"color: #000000;\">Las inscripciones se encuentran abiertas y pueden realizarse a trav\u00e9s del n\u00famero 0984254600 o mediante el correo electr\u00f3nico verosuarez@iglobalcomunicaciones.com<\/span><\/p>\n<p style=\"text-align: justify;\"><span style=\"color: #000000;\">Esta iniciativa busca aportar al fortalecimiento del liderazgo femenino en el \u00e1mbito empresarial, promoviendo el uso estrat\u00e9gico de la comunicaci\u00f3n como herramienta para impulsar el crecimiento y la sostenibilidad de los emprendimientos.<\/span><\/p>\n<p style=\"text-align: justify;\"><span style=\"color: #000000;\">Contacto para prensa e inscripciones:<\/span><br \/>\n<span style=\"color: #000000;\">Ver\u00f3nica Su\u00e1rez Viteri<\/span><br \/>\n<span style=\"color: #000000;\">Celular: 0984254600<\/span><br \/>\n<span style=\"color: #000000;\">Email: verosuarez@iglobalcomunicaciones.com<\/span><\/p>\n","protected":false},"excerpt":{"rendered":"<p>Quito, Ecuador.- Con el objetivo de fortalecer la reputaci\u00f3n y posicionamiento de mujeres emprendedoras, la Red Iberoamericana de Relaciones P\u00fablicas cap\u00edtulo Ecuador (REDIRP Ecuador) y i-global comunicaciones organizan el workshop \u201cRelaciones P\u00fablicas para Mujeres Emprendedoras\u201d, un espacio de formaci\u00f3n estrat\u00e9gica orientado a potenciar la visibilidad y credibilidad de los negocios liderados por mujeres. El taller [&hellip;]<\/p>\n","protected":false},"author":4,"featured_media":140638,"comment_status":"closed","ping_status":"closed","sticky":false,"template":"","format":"standard","meta":{"_bbp_topic_count":0,"_bbp_reply_count":0,"_bbp_total_topic_count":0,"_bbp_total_reply_count":0,"_bbp_voice_count":0,"_bbp_anonymous_reply_count":0,"_bbp_topic_count_hidden":0,"_bbp_reply_count_hidden":0,"_bbp_forum_subforum_count":0,"buzzeditor_post_format":"","footnotes":""},"categories":[2],"tags":[],"class_list":["post-140637","post","type-post","status-publish","format-standard","has-post-thumbnail","hentry","category-noticias"],"yoast_head":"<!-- This site is optimized with the Yoast SEO plugin v27.5 - https:\/\/yoast.com\/product\/yoast-seo-wordpress\/ -->\n<title>Workshop de Relaciones P\u00fablicas busca fortalecer la reputaci\u00f3n de mujeres emprendedoras en Ecuador &#8211; QUEBAKAN.COM 2026: Noticias, Eventos, Conciertos y mucho m\u00e1s....<\/title>\n<meta name=\"robots\" content=\"index, follow, max-snippet:-1, max-image-preview:large, max-video-preview:-1\" \/>\n<link rel=\"canonical\" href=\"https:\/\/www.quebakan.com\/v15\/workshop-de-relaciones-publicas-busca-fortalecer-la-reputacion-de-mujeres-emprendedoras-en-ecuador\/\" \/>\n<meta property=\"og:locale\" content=\"es_ES\" \/>\n<meta property=\"og:type\" content=\"article\" \/>\n<meta property=\"og:title\" content=\"Workshop de Relaciones P\u00fablicas busca fortalecer la reputaci\u00f3n de mujeres emprendedoras en Ecuador &#8211; QUEBAKAN.COM 2026: Noticias, Eventos, Conciertos y mucho m\u00e1s....\" \/>\n<meta property=\"og:description\" content=\"Quito, Ecuador.- Con el objetivo de fortalecer la reputaci\u00f3n y posicionamiento de mujeres emprendedoras, la Red Iberoamericana de Relaciones P\u00fablicas cap\u00edtulo Ecuador (REDIRP Ecuador) y i-global comunicaciones organizan el workshop \u201cRelaciones P\u00fablicas para Mujeres Emprendedoras\u201d, un espacio de formaci\u00f3n estrat\u00e9gica orientado a potenciar la visibilidad y credibilidad de los negocios liderados por mujeres. El taller [&hellip;]\" \/>\n<meta property=\"og:url\" content=\"https:\/\/www.quebakan.com\/v15\/workshop-de-relaciones-publicas-busca-fortalecer-la-reputacion-de-mujeres-emprendedoras-en-ecuador\/\" \/>\n<meta property=\"og:site_name\" content=\"QUEBAKAN.COM 2026: Noticias, Eventos, Conciertos y mucho m\u00e1s....\" \/>\n<meta property=\"article:publisher\" content=\"http:\/\/www.facebook.com\/quebakan\" \/>\n<meta property=\"article:published_time\" content=\"2026-03-10T15:39:54+00:00\" \/>\n<meta property=\"og:image\" content=\"https:\/\/www.quebakan.com\/v15\/wp-content\/uploads\/2026\/03\/workshop.jpg\" \/>\n\t<meta property=\"og:image:width\" content=\"495\" \/>\n\t<meta property=\"og:image:height\" content=\"700\" \/>\n\t<meta property=\"og:image:type\" content=\"image\/jpeg\" \/>\n<meta name=\"author\" content=\"Erick Villafuerte\" \/>\n<meta name=\"twitter:card\" content=\"summary_large_image\" \/>\n<meta name=\"twitter:creator\" content=\"@quebakanec\" \/>\n<meta name=\"twitter:site\" content=\"@quebakanec\" \/>\n<meta name=\"twitter:label1\" content=\"Escrito por\" \/>\n\t<meta name=\"twitter:data1\" content=\"Erick Villafuerte\" \/>\n\t<meta name=\"twitter:label2\" content=\"Tiempo de lectura\" \/>\n\t<meta name=\"twitter:data2\" content=\"2 minutos\" \/>\n<script type=\"application\/ld+json\" class=\"yoast-schema-graph\">{\"@context\":\"https:\\\/\\\/schema.org\",\"@graph\":[{\"@type\":\"Article\",\"@id\":\"https:\\\/\\\/www.quebakan.com\\\/v15\\\/workshop-de-relaciones-publicas-busca-fortalecer-la-reputacion-de-mujeres-emprendedoras-en-ecuador\\\/#article\",\"isPartOf\":{\"@id\":\"https:\\\/\\\/www.quebakan.com\\\/v15\\\/workshop-de-relaciones-publicas-busca-fortalecer-la-reputacion-de-mujeres-emprendedoras-en-ecuador\\\/\"},\"author\":{\"name\":\"Erick Villafuerte\",\"@id\":\"https:\\\/\\\/www.quebakan.com\\\/v15\\\/#\\\/schema\\\/person\\\/d90fa9f9cfa81eb8ace9811e5b7b9118\"},\"headline\":\"Workshop de Relaciones P\u00fablicas busca fortalecer la reputaci\u00f3n de mujeres emprendedoras en Ecuador\",\"datePublished\":\"2026-03-10T15:39:54+00:00\",\"mainEntityOfPage\":{\"@id\":\"https:\\\/\\\/www.quebakan.com\\\/v15\\\/workshop-de-relaciones-publicas-busca-fortalecer-la-reputacion-de-mujeres-emprendedoras-en-ecuador\\\/\"},\"wordCount\":358,\"publisher\":{\"@id\":\"https:\\\/\\\/www.quebakan.com\\\/v15\\\/#organization\"},\"image\":{\"@id\":\"https:\\\/\\\/www.quebakan.com\\\/v15\\\/workshop-de-relaciones-publicas-busca-fortalecer-la-reputacion-de-mujeres-emprendedoras-en-ecuador\\\/#primaryimage\"},\"thumbnailUrl\":\"https:\\\/\\\/www.quebakan.com\\\/v15\\\/wp-content\\\/uploads\\\/2026\\\/03\\\/workshop.jpg\",\"articleSection\":[\"Noticias\"],\"inLanguage\":\"es\"},{\"@type\":\"WebPage\",\"@id\":\"https:\\\/\\\/www.quebakan.com\\\/v15\\\/workshop-de-relaciones-publicas-busca-fortalecer-la-reputacion-de-mujeres-emprendedoras-en-ecuador\\\/\",\"url\":\"https:\\\/\\\/www.quebakan.com\\\/v15\\\/workshop-de-relaciones-publicas-busca-fortalecer-la-reputacion-de-mujeres-emprendedoras-en-ecuador\\\/\",\"name\":\"Workshop de Relaciones P\u00fablicas busca fortalecer la reputaci\u00f3n de mujeres emprendedoras en Ecuador &#8211; QUEBAKAN.COM 2026: Noticias, Eventos, Conciertos y mucho m\u00e1s....\",\"isPartOf\":{\"@id\":\"https:\\\/\\\/www.quebakan.com\\\/v15\\\/#website\"},\"primaryImageOfPage\":{\"@id\":\"https:\\\/\\\/www.quebakan.com\\\/v15\\\/workshop-de-relaciones-publicas-busca-fortalecer-la-reputacion-de-mujeres-emprendedoras-en-ecuador\\\/#primaryimage\"},\"image\":{\"@id\":\"https:\\\/\\\/www.quebakan.com\\\/v15\\\/workshop-de-relaciones-publicas-busca-fortalecer-la-reputacion-de-mujeres-emprendedoras-en-ecuador\\\/#primaryimage\"},\"thumbnailUrl\":\"https:\\\/\\\/www.quebakan.com\\\/v15\\\/wp-content\\\/uploads\\\/2026\\\/03\\\/workshop.jpg\",\"datePublished\":\"2026-03-10T15:39:54+00:00\",\"breadcrumb\":{\"@id\":\"https:\\\/\\\/www.quebakan.com\\\/v15\\\/workshop-de-relaciones-publicas-busca-fortalecer-la-reputacion-de-mujeres-emprendedoras-en-ecuador\\\/#breadcrumb\"},\"inLanguage\":\"es\",\"potentialAction\":[{\"@type\":\"ReadAction\",\"target\":[\"https:\\\/\\\/www.quebakan.com\\\/v15\\\/workshop-de-relaciones-publicas-busca-fortalecer-la-reputacion-de-mujeres-emprendedoras-en-ecuador\\\/\"]}]},{\"@type\":\"ImageObject\",\"inLanguage\":\"es\",\"@id\":\"https:\\\/\\\/www.quebakan.com\\\/v15\\\/workshop-de-relaciones-publicas-busca-fortalecer-la-reputacion-de-mujeres-emprendedoras-en-ecuador\\\/#primaryimage\",\"url\":\"https:\\\/\\\/www.quebakan.com\\\/v15\\\/wp-content\\\/uploads\\\/2026\\\/03\\\/workshop.jpg\",\"contentUrl\":\"https:\\\/\\\/www.quebakan.com\\\/v15\\\/wp-content\\\/uploads\\\/2026\\\/03\\\/workshop.jpg\",\"width\":495,\"height\":700},{\"@type\":\"BreadcrumbList\",\"@id\":\"https:\\\/\\\/www.quebakan.com\\\/v15\\\/workshop-de-relaciones-publicas-busca-fortalecer-la-reputacion-de-mujeres-emprendedoras-en-ecuador\\\/#breadcrumb\",\"itemListElement\":[{\"@type\":\"ListItem\",\"position\":1,\"name\":\"Portada\",\"item\":\"https:\\\/\\\/www.quebakan.com\\\/v15\\\/\"},{\"@type\":\"ListItem\",\"position\":2,\"name\":\"Workshop de Relaciones P\u00fablicas busca fortalecer la reputaci\u00f3n de mujeres emprendedoras en Ecuador\"}]},{\"@type\":\"WebSite\",\"@id\":\"https:\\\/\\\/www.quebakan.com\\\/v15\\\/#website\",\"url\":\"https:\\\/\\\/www.quebakan.com\\\/v15\\\/\",\"name\":\"QUEBAKAN\",\"description\":\"..\",\"publisher\":{\"@id\":\"https:\\\/\\\/www.quebakan.com\\\/v15\\\/#organization\"},\"potentialAction\":[{\"@type\":\"SearchAction\",\"target\":{\"@type\":\"EntryPoint\",\"urlTemplate\":\"https:\\\/\\\/www.quebakan.com\\\/v15\\\/?s={search_term_string}\"},\"query-input\":{\"@type\":\"PropertyValueSpecification\",\"valueRequired\":true,\"valueName\":\"search_term_string\"}}],\"inLanguage\":\"es\"},{\"@type\":\"Organization\",\"@id\":\"https:\\\/\\\/www.quebakan.com\\\/v15\\\/#organization\",\"name\":\"Quebakan.com\",\"url\":\"https:\\\/\\\/www.quebakan.com\\\/v15\\\/\",\"logo\":{\"@type\":\"ImageObject\",\"inLanguage\":\"es\",\"@id\":\"https:\\\/\\\/www.quebakan.com\\\/v15\\\/#\\\/schema\\\/logo\\\/image\\\/\",\"url\":\"https:\\\/\\\/www.quebakan.com\\\/v15\\\/wp-content\\\/uploads\\\/2023\\\/07\\\/logoquebakanenero2021.jpg\",\"contentUrl\":\"https:\\\/\\\/www.quebakan.com\\\/v15\\\/wp-content\\\/uploads\\\/2023\\\/07\\\/logoquebakanenero2021.jpg\",\"width\":1920,\"height\":1080,\"caption\":\"Quebakan.com\"},\"image\":{\"@id\":\"https:\\\/\\\/www.quebakan.com\\\/v15\\\/#\\\/schema\\\/logo\\\/image\\\/\"},\"sameAs\":[\"http:\\\/\\\/www.facebook.com\\\/quebakan\",\"https:\\\/\\\/x.com\\\/quebakanec\",\"http:\\\/\\\/www.instagram.com\\\/quebakan\",\"http:\\\/\\\/www.youtube.com\\\/quebakan1\"]},{\"@type\":\"Person\",\"@id\":\"https:\\\/\\\/www.quebakan.com\\\/v15\\\/#\\\/schema\\\/person\\\/d90fa9f9cfa81eb8ace9811e5b7b9118\",\"name\":\"Erick Villafuerte\",\"image\":{\"@type\":\"ImageObject\",\"inLanguage\":\"es\",\"@id\":\"https:\\\/\\\/www.quebakan.com\\\/v15\\\/wp-content\\\/uploads\\\/avatars\\\/4\\\/1731297654-bpfull.png\",\"url\":\"https:\\\/\\\/www.quebakan.com\\\/v15\\\/wp-content\\\/uploads\\\/avatars\\\/4\\\/1731297654-bpfull.png\",\"contentUrl\":\"https:\\\/\\\/www.quebakan.com\\\/v15\\\/wp-content\\\/uploads\\\/avatars\\\/4\\\/1731297654-bpfull.png\",\"caption\":\"Erick Villafuerte\"}}]}<\/script>\n<!-- \/ Yoast SEO plugin. -->","yoast_head_json":{"title":"Workshop de Relaciones P\u00fablicas busca fortalecer la reputaci\u00f3n de mujeres emprendedoras en Ecuador &#8211; QUEBAKAN.COM 2026: Noticias, Eventos, Conciertos y mucho m\u00e1s....","robots":{"index":"index","follow":"follow","max-snippet":"max-snippet:-1","max-image-preview":"max-image-preview:large","max-video-preview":"max-video-preview:-1"},"canonical":"https:\/\/www.quebakan.com\/v15\/workshop-de-relaciones-publicas-busca-fortalecer-la-reputacion-de-mujeres-emprendedoras-en-ecuador\/","og_locale":"es_ES","og_type":"article","og_title":"Workshop de Relaciones P\u00fablicas busca fortalecer la reputaci\u00f3n de mujeres emprendedoras en Ecuador &#8211; QUEBAKAN.COM 2026: Noticias, Eventos, Conciertos y mucho m\u00e1s....","og_description":"Quito, Ecuador.- Con el objetivo de fortalecer la reputaci\u00f3n y posicionamiento de mujeres emprendedoras, la Red Iberoamericana de Relaciones P\u00fablicas cap\u00edtulo Ecuador (REDIRP Ecuador) y i-global comunicaciones organizan el workshop \u201cRelaciones P\u00fablicas para Mujeres Emprendedoras\u201d, un espacio de formaci\u00f3n estrat\u00e9gica orientado a potenciar la visibilidad y credibilidad de los negocios liderados por mujeres. El taller [&hellip;]","og_url":"https:\/\/www.quebakan.com\/v15\/workshop-de-relaciones-publicas-busca-fortalecer-la-reputacion-de-mujeres-emprendedoras-en-ecuador\/","og_site_name":"QUEBAKAN.COM 2026: Noticias, Eventos, Conciertos y mucho m\u00e1s....","article_publisher":"http:\/\/www.facebook.com\/quebakan","article_published_time":"2026-03-10T15:39:54+00:00","og_image":[{"width":495,"height":700,"url":"https:\/\/www.quebakan.com\/v15\/wp-content\/uploads\/2026\/03\/workshop.jpg","type":"image\/jpeg"}],"author":"Erick Villafuerte","twitter_card":"summary_large_image","twitter_creator":"@quebakanec","twitter_site":"@quebakanec","twitter_misc":{"Escrito por":"Erick Villafuerte","Tiempo de lectura":"2 minutos"},"schema":{"@context":"https:\/\/schema.org","@graph":[{"@type":"Article","@id":"https:\/\/www.quebakan.com\/v15\/workshop-de-relaciones-publicas-busca-fortalecer-la-reputacion-de-mujeres-emprendedoras-en-ecuador\/#article","isPartOf":{"@id":"https:\/\/www.quebakan.com\/v15\/workshop-de-relaciones-publicas-busca-fortalecer-la-reputacion-de-mujeres-emprendedoras-en-ecuador\/"},"author":{"name":"Erick Villafuerte","@id":"https:\/\/www.quebakan.com\/v15\/#\/schema\/person\/d90fa9f9cfa81eb8ace9811e5b7b9118"},"headline":"Workshop de Relaciones P\u00fablicas busca fortalecer la reputaci\u00f3n de mujeres emprendedoras en Ecuador","datePublished":"2026-03-10T15:39:54+00:00","mainEntityOfPage":{"@id":"https:\/\/www.quebakan.com\/v15\/workshop-de-relaciones-publicas-busca-fortalecer-la-reputacion-de-mujeres-emprendedoras-en-ecuador\/"},"wordCount":358,"publisher":{"@id":"https:\/\/www.quebakan.com\/v15\/#organization"},"image":{"@id":"https:\/\/www.quebakan.com\/v15\/workshop-de-relaciones-publicas-busca-fortalecer-la-reputacion-de-mujeres-emprendedoras-en-ecuador\/#primaryimage"},"thumbnailUrl":"https:\/\/www.quebakan.com\/v15\/wp-content\/uploads\/2026\/03\/workshop.jpg","articleSection":["Noticias"],"inLanguage":"es"},{"@type":"WebPage","@id":"https:\/\/www.quebakan.com\/v15\/workshop-de-relaciones-publicas-busca-fortalecer-la-reputacion-de-mujeres-emprendedoras-en-ecuador\/","url":"https:\/\/www.quebakan.com\/v15\/workshop-de-relaciones-publicas-busca-fortalecer-la-reputacion-de-mujeres-emprendedoras-en-ecuador\/","name":"Workshop de Relaciones P\u00fablicas busca fortalecer la reputaci\u00f3n de mujeres emprendedoras en Ecuador &#8211; QUEBAKAN.COM 2026: Noticias, Eventos, Conciertos y mucho m\u00e1s....","isPartOf":{"@id":"https:\/\/www.quebakan.com\/v15\/#website"},"primaryImageOfPage":{"@id":"https:\/\/www.quebakan.com\/v15\/workshop-de-relaciones-publicas-busca-fortalecer-la-reputacion-de-mujeres-emprendedoras-en-ecuador\/#primaryimage"},"image":{"@id":"https:\/\/www.quebakan.com\/v15\/workshop-de-relaciones-publicas-busca-fortalecer-la-reputacion-de-mujeres-emprendedoras-en-ecuador\/#primaryimage"},"thumbnailUrl":"https:\/\/www.quebakan.com\/v15\/wp-content\/uploads\/2026\/03\/workshop.jpg","datePublished":"2026-03-10T15:39:54+00:00","breadcrumb":{"@id":"https:\/\/www.quebakan.com\/v15\/workshop-de-relaciones-publicas-busca-fortalecer-la-reputacion-de-mujeres-emprendedoras-en-ecuador\/#breadcrumb"},"inLanguage":"es","potentialAction":[{"@type":"ReadAction","target":["https:\/\/www.quebakan.com\/v15\/workshop-de-relaciones-publicas-busca-fortalecer-la-reputacion-de-mujeres-emprendedoras-en-ecuador\/"]}]},{"@type":"ImageObject","inLanguage":"es","@id":"https:\/\/www.quebakan.com\/v15\/workshop-de-relaciones-publicas-busca-fortalecer-la-reputacion-de-mujeres-emprendedoras-en-ecuador\/#primaryimage","url":"https:\/\/www.quebakan.com\/v15\/wp-content\/uploads\/2026\/03\/workshop.jpg","contentUrl":"https:\/\/www.quebakan.com\/v15\/wp-content\/uploads\/2026\/03\/workshop.jpg","width":495,"height":700},{"@type":"BreadcrumbList","@id":"https:\/\/www.quebakan.com\/v15\/workshop-de-relaciones-publicas-busca-fortalecer-la-reputacion-de-mujeres-emprendedoras-en-ecuador\/#breadcrumb","itemListElement":[{"@type":"ListItem","position":1,"name":"Portada","item":"https:\/\/www.quebakan.com\/v15\/"},{"@type":"ListItem","position":2,"name":"Workshop de Relaciones P\u00fablicas busca fortalecer la reputaci\u00f3n de mujeres emprendedoras en Ecuador"}]},{"@type":"WebSite","@id":"https:\/\/www.quebakan.com\/v15\/#website","url":"https:\/\/www.quebakan.com\/v15\/","name":"QUEBAKAN","description":"..","publisher":{"@id":"https:\/\/www.quebakan.com\/v15\/#organization"},"potentialAction":[{"@type":"SearchAction","target":{"@type":"EntryPoint","urlTemplate":"https:\/\/www.quebakan.com\/v15\/?s={search_term_string}"},"query-input":{"@type":"PropertyValueSpecification","valueRequired":true,"valueName":"search_term_string"}}],"inLanguage":"es"},{"@type":"Organization","@id":"https:\/\/www.quebakan.com\/v15\/#organization","name":"Quebakan.com","url":"https:\/\/www.quebakan.com\/v15\/","logo":{"@type":"ImageObject","inLanguage":"es","@id":"https:\/\/www.quebakan.com\/v15\/#\/schema\/logo\/image\/","url":"https:\/\/www.quebakan.com\/v15\/wp-content\/uploads\/2023\/07\/logoquebakanenero2021.jpg","contentUrl":"https:\/\/www.quebakan.com\/v15\/wp-content\/uploads\/2023\/07\/logoquebakanenero2021.jpg","width":1920,"height":1080,"caption":"Quebakan.com"},"image":{"@id":"https:\/\/www.quebakan.com\/v15\/#\/schema\/logo\/image\/"},"sameAs":["http:\/\/www.facebook.com\/quebakan","https:\/\/x.com\/quebakanec","http:\/\/www.instagram.com\/quebakan","http:\/\/www.youtube.com\/quebakan1"]},{"@type":"Person","@id":"https:\/\/www.quebakan.com\/v15\/#\/schema\/person\/d90fa9f9cfa81eb8ace9811e5b7b9118","name":"Erick Villafuerte","image":{"@type":"ImageObject","inLanguage":"es","@id":"https:\/\/www.quebakan.com\/v15\/wp-content\/uploads\/avatars\/4\/1731297654-bpfull.png","url":"https:\/\/www.quebakan.com\/v15\/wp-content\/uploads\/avatars\/4\/1731297654-bpfull.png","contentUrl":"https:\/\/www.quebakan.com\/v15\/wp-content\/uploads\/avatars\/4\/1731297654-bpfull.png","caption":"Erick Villafuerte"}}]}},"_links":{"self":[{"href":"https:\/\/www.quebakan.com\/v15\/wp-json\/wp\/v2\/posts\/140637","targetHints":{"allow":["GET"]}}],"collection":[{"href":"https:\/\/www.quebakan.com\/v15\/wp-json\/wp\/v2\/posts"}],"about":[{"href":"https:\/\/www.quebakan.com\/v15\/wp-json\/wp\/v2\/types\/post"}],"author":[{"embeddable":true,"href":"https:\/\/www.quebakan.com\/v15\/wp-json\/wp\/v2\/users\/4"}],"replies":[{"embeddable":true,"href":"https:\/\/www.quebakan.com\/v15\/wp-json\/wp\/v2\/comments?post=140637"}],"version-history":[{"count":1,"href":"https:\/\/www.quebakan.com\/v15\/wp-json\/wp\/v2\/posts\/140637\/revisions"}],"predecessor-version":[{"id":140639,"href":"https:\/\/www.quebakan.com\/v15\/wp-json\/wp\/v2\/posts\/140637\/revisions\/140639"}],"wp:featuredmedia":[{"embeddable":true,"href":"https:\/\/www.quebakan.com\/v15\/wp-json\/wp\/v2\/media\/140638"}],"wp:attachment":[{"href":"https:\/\/www.quebakan.com\/v15\/wp-json\/wp\/v2\/media?parent=140637"}],"wp:term":[{"taxonomy":"category","embeddable":true,"href":"https:\/\/www.quebakan.com\/v15\/wp-json\/wp\/v2\/categories?post=140637"},{"taxonomy":"post_tag","embeddable":true,"href":"https:\/\/www.quebakan.com\/v15\/wp-json\/wp\/v2\/tags?post=140637"}],"curies":[{"name":"wp","href":"https:\/\/api.w.org\/{rel}","templated":true}]}}