{"id":140641,"date":"2026-03-10T16:06:05","date_gmt":"2026-03-10T21:06:05","guid":{"rendered":"https:\/\/www.quebakan.com\/v15\/?p=140641"},"modified":"2026-03-10T16:06:05","modified_gmt":"2026-03-10T21:06:05","slug":"sello-de-buen-gestor-consolida-a-metalking-y-fibras-nacionales-como-referentes-nacionales-en-sostenibilidad-empresarial","status":"publish","type":"post","link":"https:\/\/www.quebakan.com\/v15\/sello-de-buen-gestor-consolida-a-metalking-y-fibras-nacionales-como-referentes-nacionales-en-sostenibilidad-empresarial\/","title":{"rendered":"SELLO DE BUEN GESTOR CONSOLIDA A METALKING Y FIBRAS NACIONALES COMO REFERENTES NACIONALES EN SOSTENIBILIDAD EMPRESARIAL"},"content":{"rendered":"<p><img fetchpriority=\"high\" decoding=\"async\" class=\"aligncenter size-full wp-image-140642\" src=\"https:\/\/www.quebakan.com\/v15\/wp-content\/uploads\/2026\/03\/MAE_0206.jpg\" alt=\"\" width=\"700\" height=\"467\" \/><\/p>\n<p style=\"text-align: justify;\"><span style=\"color: #000000;\"><em><strong>De izquierda a derecha:<\/strong> Ruby Caminos, jefe operativa de Metalking y Recynter; Juan Gende, jefe de SHE (Seguridad, Salud y Ambiente) ; Leonor Silva, gerente general de Fibras Nacionales; Martha Silva, supervisora de compras y divisi\u00f3n empresarial.<\/em><\/span><\/p>\n<p style=\"text-align: justify;\"><span style=\"color: #000000;\"><em>La distinci\u00f3n reconoce su gesti\u00f3n integral de residuos y fortalece su competitividad en procesos de contrataci\u00f3n p\u00fablica sostenible.<\/em><\/span><\/p>\n<p style=\"text-align: justify;\"><span style=\"color: #000000;\"><em>Metalking y Fibras Nacionales S.A., <\/em>empresas de <a style=\"color: #000000;\" href=\"https:\/\/grupomariobravo.com\/\">Grupo Mario Bravo,<\/a> fueron reconocidas con el <a style=\"color: #000000;\" href=\"https:\/\/gestoresecuador.com\/sellodelbuengestor\/\"><strong>Sello de Buen Gestor<\/strong><\/a>, distintivo que destaca a gestores de residuos con desempe\u00f1o sobresaliente en gesti\u00f3n integral. El galard\u00f3n eval\u00faa desempe\u00f1o ambiental, responsabilidad social, econom\u00eda circular, transparencia y gobernanza. Desde mayo de 2025, mediante la Resoluci\u00f3n Nro. R.E-SERCOP-2025-0150, el sello forma parte de los criterios de sostenibilidad en las Compras P\u00fablicas Sostenibles (CPS) del Servicio Nacional de Contrataci\u00f3n P\u00fablica (SERCOP).<\/span><\/p>\n<p style=\"text-align: justify;\"><span style=\"color: #000000;\">El reconocimiento respalda la participaci\u00f3n de ambas empresas en procesos de contrataci\u00f3n p\u00fablica al evidenciar su compromiso ambiental y eficiencia en el uso de recursos. Fibras Nacionales lidera la valorizaci\u00f3n de papel y cart\u00f3n y dem\u00e1s reciclables no peligrosos, no org\u00e1nicos, mientras Metalking fortalece la recuperaci\u00f3n de residuos met\u00e1licos. El distintivo, otorgado por la Uni\u00f3n de Gestores del Ecuador con evaluaci\u00f3n t\u00e9cnica de CERES, ratifica el modelo empresarial responsable del Grupo Mario Bravo frente a los desaf\u00edos ambientales del pa\u00eds.<\/span><\/p>\n","protected":false},"excerpt":{"rendered":"<p>De izquierda a derecha: Ruby Caminos, jefe operativa de Metalking y Recynter; Juan Gende, jefe de SHE (Seguridad, Salud y Ambiente) ; Leonor Silva, gerente general de Fibras Nacionales; Martha Silva, supervisora de compras y divisi\u00f3n empresarial. La distinci\u00f3n reconoce su gesti\u00f3n integral de residuos y fortalece su competitividad en procesos de contrataci\u00f3n p\u00fablica sostenible. [&hellip;]<\/p>\n","protected":false},"author":4,"featured_media":140642,"comment_status":"closed","ping_status":"closed","sticky":false,"template":"","format":"standard","meta":{"_bbp_topic_count":0,"_bbp_reply_count":0,"_bbp_total_topic_count":0,"_bbp_total_reply_count":0,"_bbp_voice_count":0,"_bbp_anonymous_reply_count":0,"_bbp_topic_count_hidden":0,"_bbp_reply_count_hidden":0,"_bbp_forum_subforum_count":0,"buzzeditor_post_format":"","footnotes":""},"categories":[2],"tags":[],"class_list":["post-140641","post","type-post","status-publish","format-standard","has-post-thumbnail","hentry","category-noticias"],"yoast_head":"<!-- This site is optimized with the Yoast SEO plugin v27.5 - https:\/\/yoast.com\/product\/yoast-seo-wordpress\/ -->\n<title>SELLO DE BUEN GESTOR CONSOLIDA A METALKING Y FIBRAS NACIONALES COMO REFERENTES NACIONALES EN SOSTENIBILIDAD EMPRESARIAL &#8211; QUEBAKAN.COM 2026: Noticias, Eventos, Conciertos y mucho m\u00e1s....<\/title>\n<meta name=\"robots\" content=\"index, follow, max-snippet:-1, max-image-preview:large, max-video-preview:-1\" \/>\n<link rel=\"canonical\" href=\"https:\/\/www.quebakan.com\/v15\/sello-de-buen-gestor-consolida-a-metalking-y-fibras-nacionales-como-referentes-nacionales-en-sostenibilidad-empresarial\/\" \/>\n<meta property=\"og:locale\" content=\"es_ES\" \/>\n<meta property=\"og:type\" content=\"article\" \/>\n<meta property=\"og:title\" content=\"SELLO DE BUEN GESTOR CONSOLIDA A METALKING Y FIBRAS NACIONALES COMO REFERENTES NACIONALES EN SOSTENIBILIDAD EMPRESARIAL &#8211; QUEBAKAN.COM 2026: Noticias, Eventos, Conciertos y mucho m\u00e1s....\" \/>\n<meta property=\"og:description\" content=\"De izquierda a derecha: Ruby Caminos, jefe operativa de Metalking y Recynter; Juan Gende, jefe de SHE (Seguridad, Salud y Ambiente) ; Leonor Silva, gerente general de Fibras Nacionales; Martha Silva, supervisora de compras y divisi\u00f3n empresarial. La distinci\u00f3n reconoce su gesti\u00f3n integral de residuos y fortalece su competitividad en procesos de contrataci\u00f3n p\u00fablica sostenible. [&hellip;]\" \/>\n<meta property=\"og:url\" content=\"https:\/\/www.quebakan.com\/v15\/sello-de-buen-gestor-consolida-a-metalking-y-fibras-nacionales-como-referentes-nacionales-en-sostenibilidad-empresarial\/\" \/>\n<meta property=\"og:site_name\" content=\"QUEBAKAN.COM 2026: Noticias, Eventos, Conciertos y mucho m\u00e1s....\" \/>\n<meta property=\"article:publisher\" content=\"http:\/\/www.facebook.com\/quebakan\" \/>\n<meta property=\"article:published_time\" content=\"2026-03-10T21:06:05+00:00\" \/>\n<meta property=\"og:image\" content=\"https:\/\/www.quebakan.com\/v15\/wp-content\/uploads\/2026\/03\/MAE_0206.jpg\" \/>\n\t<meta property=\"og:image:width\" content=\"700\" \/>\n\t<meta property=\"og:image:height\" content=\"467\" \/>\n\t<meta property=\"og:image:type\" content=\"image\/jpeg\" \/>\n<meta name=\"author\" content=\"Erick Villafuerte\" \/>\n<meta name=\"twitter:card\" content=\"summary_large_image\" \/>\n<meta name=\"twitter:creator\" content=\"@quebakanec\" \/>\n<meta name=\"twitter:site\" content=\"@quebakanec\" \/>\n<meta name=\"twitter:label1\" content=\"Escrito por\" \/>\n\t<meta name=\"twitter:data1\" content=\"Erick Villafuerte\" \/>\n\t<meta name=\"twitter:label2\" content=\"Tiempo de lectura\" \/>\n\t<meta name=\"twitter:data2\" content=\"2 minutos\" \/>\n<script type=\"application\/ld+json\" class=\"yoast-schema-graph\">{\"@context\":\"https:\\\/\\\/schema.org\",\"@graph\":[{\"@type\":\"Article\",\"@id\":\"https:\\\/\\\/www.quebakan.com\\\/v15\\\/sello-de-buen-gestor-consolida-a-metalking-y-fibras-nacionales-como-referentes-nacionales-en-sostenibilidad-empresarial\\\/#article\",\"isPartOf\":{\"@id\":\"https:\\\/\\\/www.quebakan.com\\\/v15\\\/sello-de-buen-gestor-consolida-a-metalking-y-fibras-nacionales-como-referentes-nacionales-en-sostenibilidad-empresarial\\\/\"},\"author\":{\"name\":\"Erick Villafuerte\",\"@id\":\"https:\\\/\\\/www.quebakan.com\\\/v15\\\/#\\\/schema\\\/person\\\/d90fa9f9cfa81eb8ace9811e5b7b9118\"},\"headline\":\"SELLO DE BUEN GESTOR CONSOLIDA A METALKING Y FIBRAS NACIONALES COMO REFERENTES NACIONALES EN SOSTENIBILIDAD EMPRESARIAL\",\"datePublished\":\"2026-03-10T21:06:05+00:00\",\"mainEntityOfPage\":{\"@id\":\"https:\\\/\\\/www.quebakan.com\\\/v15\\\/sello-de-buen-gestor-consolida-a-metalking-y-fibras-nacionales-como-referentes-nacionales-en-sostenibilidad-empresarial\\\/\"},\"wordCount\":255,\"publisher\":{\"@id\":\"https:\\\/\\\/www.quebakan.com\\\/v15\\\/#organization\"},\"image\":{\"@id\":\"https:\\\/\\\/www.quebakan.com\\\/v15\\\/sello-de-buen-gestor-consolida-a-metalking-y-fibras-nacionales-como-referentes-nacionales-en-sostenibilidad-empresarial\\\/#primaryimage\"},\"thumbnailUrl\":\"https:\\\/\\\/www.quebakan.com\\\/v15\\\/wp-content\\\/uploads\\\/2026\\\/03\\\/MAE_0206.jpg\",\"articleSection\":[\"Noticias\"],\"inLanguage\":\"es\"},{\"@type\":\"WebPage\",\"@id\":\"https:\\\/\\\/www.quebakan.com\\\/v15\\\/sello-de-buen-gestor-consolida-a-metalking-y-fibras-nacionales-como-referentes-nacionales-en-sostenibilidad-empresarial\\\/\",\"url\":\"https:\\\/\\\/www.quebakan.com\\\/v15\\\/sello-de-buen-gestor-consolida-a-metalking-y-fibras-nacionales-como-referentes-nacionales-en-sostenibilidad-empresarial\\\/\",\"name\":\"SELLO DE BUEN GESTOR CONSOLIDA A METALKING Y FIBRAS NACIONALES COMO REFERENTES NACIONALES EN SOSTENIBILIDAD EMPRESARIAL &#8211; QUEBAKAN.COM 2026: Noticias, Eventos, Conciertos y mucho m\u00e1s....\",\"isPartOf\":{\"@id\":\"https:\\\/\\\/www.quebakan.com\\\/v15\\\/#website\"},\"primaryImageOfPage\":{\"@id\":\"https:\\\/\\\/www.quebakan.com\\\/v15\\\/sello-de-buen-gestor-consolida-a-metalking-y-fibras-nacionales-como-referentes-nacionales-en-sostenibilidad-empresarial\\\/#primaryimage\"},\"image\":{\"@id\":\"https:\\\/\\\/www.quebakan.com\\\/v15\\\/sello-de-buen-gestor-consolida-a-metalking-y-fibras-nacionales-como-referentes-nacionales-en-sostenibilidad-empresarial\\\/#primaryimage\"},\"thumbnailUrl\":\"https:\\\/\\\/www.quebakan.com\\\/v15\\\/wp-content\\\/uploads\\\/2026\\\/03\\\/MAE_0206.jpg\",\"datePublished\":\"2026-03-10T21:06:05+00:00\",\"breadcrumb\":{\"@id\":\"https:\\\/\\\/www.quebakan.com\\\/v15\\\/sello-de-buen-gestor-consolida-a-metalking-y-fibras-nacionales-como-referentes-nacionales-en-sostenibilidad-empresarial\\\/#breadcrumb\"},\"inLanguage\":\"es\",\"potentialAction\":[{\"@type\":\"ReadAction\",\"target\":[\"https:\\\/\\\/www.quebakan.com\\\/v15\\\/sello-de-buen-gestor-consolida-a-metalking-y-fibras-nacionales-como-referentes-nacionales-en-sostenibilidad-empresarial\\\/\"]}]},{\"@type\":\"ImageObject\",\"inLanguage\":\"es\",\"@id\":\"https:\\\/\\\/www.quebakan.com\\\/v15\\\/sello-de-buen-gestor-consolida-a-metalking-y-fibras-nacionales-como-referentes-nacionales-en-sostenibilidad-empresarial\\\/#primaryimage\",\"url\":\"https:\\\/\\\/www.quebakan.com\\\/v15\\\/wp-content\\\/uploads\\\/2026\\\/03\\\/MAE_0206.jpg\",\"contentUrl\":\"https:\\\/\\\/www.quebakan.com\\\/v15\\\/wp-content\\\/uploads\\\/2026\\\/03\\\/MAE_0206.jpg\",\"width\":700,\"height\":467},{\"@type\":\"BreadcrumbList\",\"@id\":\"https:\\\/\\\/www.quebakan.com\\\/v15\\\/sello-de-buen-gestor-consolida-a-metalking-y-fibras-nacionales-como-referentes-nacionales-en-sostenibilidad-empresarial\\\/#breadcrumb\",\"itemListElement\":[{\"@type\":\"ListItem\",\"position\":1,\"name\":\"Portada\",\"item\":\"https:\\\/\\\/www.quebakan.com\\\/v15\\\/\"},{\"@type\":\"ListItem\",\"position\":2,\"name\":\"SELLO DE BUEN GESTOR CONSOLIDA A METALKING Y FIBRAS NACIONALES COMO REFERENTES NACIONALES EN SOSTENIBILIDAD EMPRESARIAL\"}]},{\"@type\":\"WebSite\",\"@id\":\"https:\\\/\\\/www.quebakan.com\\\/v15\\\/#website\",\"url\":\"https:\\\/\\\/www.quebakan.com\\\/v15\\\/\",\"name\":\"QUEBAKAN\",\"description\":\"..\",\"publisher\":{\"@id\":\"https:\\\/\\\/www.quebakan.com\\\/v15\\\/#organization\"},\"potentialAction\":[{\"@type\":\"SearchAction\",\"target\":{\"@type\":\"EntryPoint\",\"urlTemplate\":\"https:\\\/\\\/www.quebakan.com\\\/v15\\\/?s={search_term_string}\"},\"query-input\":{\"@type\":\"PropertyValueSpecification\",\"valueRequired\":true,\"valueName\":\"search_term_string\"}}],\"inLanguage\":\"es\"},{\"@type\":\"Organization\",\"@id\":\"https:\\\/\\\/www.quebakan.com\\\/v15\\\/#organization\",\"name\":\"Quebakan.com\",\"url\":\"https:\\\/\\\/www.quebakan.com\\\/v15\\\/\",\"logo\":{\"@type\":\"ImageObject\",\"inLanguage\":\"es\",\"@id\":\"https:\\\/\\\/www.quebakan.com\\\/v15\\\/#\\\/schema\\\/logo\\\/image\\\/\",\"url\":\"https:\\\/\\\/www.quebakan.com\\\/v15\\\/wp-content\\\/uploads\\\/2023\\\/07\\\/logoquebakanenero2021.jpg\",\"contentUrl\":\"https:\\\/\\\/www.quebakan.com\\\/v15\\\/wp-content\\\/uploads\\\/2023\\\/07\\\/logoquebakanenero2021.jpg\",\"width\":1920,\"height\":1080,\"caption\":\"Quebakan.com\"},\"image\":{\"@id\":\"https:\\\/\\\/www.quebakan.com\\\/v15\\\/#\\\/schema\\\/logo\\\/image\\\/\"},\"sameAs\":[\"http:\\\/\\\/www.facebook.com\\\/quebakan\",\"https:\\\/\\\/x.com\\\/quebakanec\",\"http:\\\/\\\/www.instagram.com\\\/quebakan\",\"http:\\\/\\\/www.youtube.com\\\/quebakan1\"]},{\"@type\":\"Person\",\"@id\":\"https:\\\/\\\/www.quebakan.com\\\/v15\\\/#\\\/schema\\\/person\\\/d90fa9f9cfa81eb8ace9811e5b7b9118\",\"name\":\"Erick Villafuerte\",\"image\":{\"@type\":\"ImageObject\",\"inLanguage\":\"es\",\"@id\":\"https:\\\/\\\/www.quebakan.com\\\/v15\\\/wp-content\\\/uploads\\\/avatars\\\/4\\\/1731297654-bpfull.png\",\"url\":\"https:\\\/\\\/www.quebakan.com\\\/v15\\\/wp-content\\\/uploads\\\/avatars\\\/4\\\/1731297654-bpfull.png\",\"contentUrl\":\"https:\\\/\\\/www.quebakan.com\\\/v15\\\/wp-content\\\/uploads\\\/avatars\\\/4\\\/1731297654-bpfull.png\",\"caption\":\"Erick Villafuerte\"}}]}<\/script>\n<!-- \/ Yoast SEO plugin. -->","yoast_head_json":{"title":"SELLO DE BUEN GESTOR CONSOLIDA A METALKING Y FIBRAS NACIONALES COMO REFERENTES NACIONALES EN SOSTENIBILIDAD EMPRESARIAL &#8211; QUEBAKAN.COM 2026: Noticias, Eventos, Conciertos y mucho m\u00e1s....","robots":{"index":"index","follow":"follow","max-snippet":"max-snippet:-1","max-image-preview":"max-image-preview:large","max-video-preview":"max-video-preview:-1"},"canonical":"https:\/\/www.quebakan.com\/v15\/sello-de-buen-gestor-consolida-a-metalking-y-fibras-nacionales-como-referentes-nacionales-en-sostenibilidad-empresarial\/","og_locale":"es_ES","og_type":"article","og_title":"SELLO DE BUEN GESTOR CONSOLIDA A METALKING Y FIBRAS NACIONALES COMO REFERENTES NACIONALES EN SOSTENIBILIDAD EMPRESARIAL &#8211; QUEBAKAN.COM 2026: Noticias, Eventos, Conciertos y mucho m\u00e1s....","og_description":"De izquierda a derecha: Ruby Caminos, jefe operativa de Metalking y Recynter; Juan Gende, jefe de SHE (Seguridad, Salud y Ambiente) ; Leonor Silva, gerente general de Fibras Nacionales; Martha Silva, supervisora de compras y divisi\u00f3n empresarial. La distinci\u00f3n reconoce su gesti\u00f3n integral de residuos y fortalece su competitividad en procesos de contrataci\u00f3n p\u00fablica sostenible. [&hellip;]","og_url":"https:\/\/www.quebakan.com\/v15\/sello-de-buen-gestor-consolida-a-metalking-y-fibras-nacionales-como-referentes-nacionales-en-sostenibilidad-empresarial\/","og_site_name":"QUEBAKAN.COM 2026: Noticias, Eventos, Conciertos y mucho m\u00e1s....","article_publisher":"http:\/\/www.facebook.com\/quebakan","article_published_time":"2026-03-10T21:06:05+00:00","og_image":[{"width":700,"height":467,"url":"https:\/\/www.quebakan.com\/v15\/wp-content\/uploads\/2026\/03\/MAE_0206.jpg","type":"image\/jpeg"}],"author":"Erick Villafuerte","twitter_card":"summary_large_image","twitter_creator":"@quebakanec","twitter_site":"@quebakanec","twitter_misc":{"Escrito por":"Erick Villafuerte","Tiempo de lectura":"2 minutos"},"schema":{"@context":"https:\/\/schema.org","@graph":[{"@type":"Article","@id":"https:\/\/www.quebakan.com\/v15\/sello-de-buen-gestor-consolida-a-metalking-y-fibras-nacionales-como-referentes-nacionales-en-sostenibilidad-empresarial\/#article","isPartOf":{"@id":"https:\/\/www.quebakan.com\/v15\/sello-de-buen-gestor-consolida-a-metalking-y-fibras-nacionales-como-referentes-nacionales-en-sostenibilidad-empresarial\/"},"author":{"name":"Erick Villafuerte","@id":"https:\/\/www.quebakan.com\/v15\/#\/schema\/person\/d90fa9f9cfa81eb8ace9811e5b7b9118"},"headline":"SELLO DE BUEN GESTOR CONSOLIDA A METALKING Y FIBRAS NACIONALES COMO REFERENTES NACIONALES EN SOSTENIBILIDAD EMPRESARIAL","datePublished":"2026-03-10T21:06:05+00:00","mainEntityOfPage":{"@id":"https:\/\/www.quebakan.com\/v15\/sello-de-buen-gestor-consolida-a-metalking-y-fibras-nacionales-como-referentes-nacionales-en-sostenibilidad-empresarial\/"},"wordCount":255,"publisher":{"@id":"https:\/\/www.quebakan.com\/v15\/#organization"},"image":{"@id":"https:\/\/www.quebakan.com\/v15\/sello-de-buen-gestor-consolida-a-metalking-y-fibras-nacionales-como-referentes-nacionales-en-sostenibilidad-empresarial\/#primaryimage"},"thumbnailUrl":"https:\/\/www.quebakan.com\/v15\/wp-content\/uploads\/2026\/03\/MAE_0206.jpg","articleSection":["Noticias"],"inLanguage":"es"},{"@type":"WebPage","@id":"https:\/\/www.quebakan.com\/v15\/sello-de-buen-gestor-consolida-a-metalking-y-fibras-nacionales-como-referentes-nacionales-en-sostenibilidad-empresarial\/","url":"https:\/\/www.quebakan.com\/v15\/sello-de-buen-gestor-consolida-a-metalking-y-fibras-nacionales-como-referentes-nacionales-en-sostenibilidad-empresarial\/","name":"SELLO DE BUEN GESTOR CONSOLIDA A METALKING Y FIBRAS NACIONALES COMO REFERENTES NACIONALES EN SOSTENIBILIDAD EMPRESARIAL &#8211; QUEBAKAN.COM 2026: Noticias, Eventos, Conciertos y mucho m\u00e1s....","isPartOf":{"@id":"https:\/\/www.quebakan.com\/v15\/#website"},"primaryImageOfPage":{"@id":"https:\/\/www.quebakan.com\/v15\/sello-de-buen-gestor-consolida-a-metalking-y-fibras-nacionales-como-referentes-nacionales-en-sostenibilidad-empresarial\/#primaryimage"},"image":{"@id":"https:\/\/www.quebakan.com\/v15\/sello-de-buen-gestor-consolida-a-metalking-y-fibras-nacionales-como-referentes-nacionales-en-sostenibilidad-empresarial\/#primaryimage"},"thumbnailUrl":"https:\/\/www.quebakan.com\/v15\/wp-content\/uploads\/2026\/03\/MAE_0206.jpg","datePublished":"2026-03-10T21:06:05+00:00","breadcrumb":{"@id":"https:\/\/www.quebakan.com\/v15\/sello-de-buen-gestor-consolida-a-metalking-y-fibras-nacionales-como-referentes-nacionales-en-sostenibilidad-empresarial\/#breadcrumb"},"inLanguage":"es","potentialAction":[{"@type":"ReadAction","target":["https:\/\/www.quebakan.com\/v15\/sello-de-buen-gestor-consolida-a-metalking-y-fibras-nacionales-como-referentes-nacionales-en-sostenibilidad-empresarial\/"]}]},{"@type":"ImageObject","inLanguage":"es","@id":"https:\/\/www.quebakan.com\/v15\/sello-de-buen-gestor-consolida-a-metalking-y-fibras-nacionales-como-referentes-nacionales-en-sostenibilidad-empresarial\/#primaryimage","url":"https:\/\/www.quebakan.com\/v15\/wp-content\/uploads\/2026\/03\/MAE_0206.jpg","contentUrl":"https:\/\/www.quebakan.com\/v15\/wp-content\/uploads\/2026\/03\/MAE_0206.jpg","width":700,"height":467},{"@type":"BreadcrumbList","@id":"https:\/\/www.quebakan.com\/v15\/sello-de-buen-gestor-consolida-a-metalking-y-fibras-nacionales-como-referentes-nacionales-en-sostenibilidad-empresarial\/#breadcrumb","itemListElement":[{"@type":"ListItem","position":1,"name":"Portada","item":"https:\/\/www.quebakan.com\/v15\/"},{"@type":"ListItem","position":2,"name":"SELLO DE BUEN GESTOR CONSOLIDA A METALKING Y FIBRAS NACIONALES COMO REFERENTES NACIONALES EN SOSTENIBILIDAD EMPRESARIAL"}]},{"@type":"WebSite","@id":"https:\/\/www.quebakan.com\/v15\/#website","url":"https:\/\/www.quebakan.com\/v15\/","name":"QUEBAKAN","description":"..","publisher":{"@id":"https:\/\/www.quebakan.com\/v15\/#organization"},"potentialAction":[{"@type":"SearchAction","target":{"@type":"EntryPoint","urlTemplate":"https:\/\/www.quebakan.com\/v15\/?s={search_term_string}"},"query-input":{"@type":"PropertyValueSpecification","valueRequired":true,"valueName":"search_term_string"}}],"inLanguage":"es"},{"@type":"Organization","@id":"https:\/\/www.quebakan.com\/v15\/#organization","name":"Quebakan.com","url":"https:\/\/www.quebakan.com\/v15\/","logo":{"@type":"ImageObject","inLanguage":"es","@id":"https:\/\/www.quebakan.com\/v15\/#\/schema\/logo\/image\/","url":"https:\/\/www.quebakan.com\/v15\/wp-content\/uploads\/2023\/07\/logoquebakanenero2021.jpg","contentUrl":"https:\/\/www.quebakan.com\/v15\/wp-content\/uploads\/2023\/07\/logoquebakanenero2021.jpg","width":1920,"height":1080,"caption":"Quebakan.com"},"image":{"@id":"https:\/\/www.quebakan.com\/v15\/#\/schema\/logo\/image\/"},"sameAs":["http:\/\/www.facebook.com\/quebakan","https:\/\/x.com\/quebakanec","http:\/\/www.instagram.com\/quebakan","http:\/\/www.youtube.com\/quebakan1"]},{"@type":"Person","@id":"https:\/\/www.quebakan.com\/v15\/#\/schema\/person\/d90fa9f9cfa81eb8ace9811e5b7b9118","name":"Erick Villafuerte","image":{"@type":"ImageObject","inLanguage":"es","@id":"https:\/\/www.quebakan.com\/v15\/wp-content\/uploads\/avatars\/4\/1731297654-bpfull.png","url":"https:\/\/www.quebakan.com\/v15\/wp-content\/uploads\/avatars\/4\/1731297654-bpfull.png","contentUrl":"https:\/\/www.quebakan.com\/v15\/wp-content\/uploads\/avatars\/4\/1731297654-bpfull.png","caption":"Erick Villafuerte"}}]}},"_links":{"self":[{"href":"https:\/\/www.quebakan.com\/v15\/wp-json\/wp\/v2\/posts\/140641","targetHints":{"allow":["GET"]}}],"collection":[{"href":"https:\/\/www.quebakan.com\/v15\/wp-json\/wp\/v2\/posts"}],"about":[{"href":"https:\/\/www.quebakan.com\/v15\/wp-json\/wp\/v2\/types\/post"}],"author":[{"embeddable":true,"href":"https:\/\/www.quebakan.com\/v15\/wp-json\/wp\/v2\/users\/4"}],"replies":[{"embeddable":true,"href":"https:\/\/www.quebakan.com\/v15\/wp-json\/wp\/v2\/comments?post=140641"}],"version-history":[{"count":1,"href":"https:\/\/www.quebakan.com\/v15\/wp-json\/wp\/v2\/posts\/140641\/revisions"}],"predecessor-version":[{"id":140643,"href":"https:\/\/www.quebakan.com\/v15\/wp-json\/wp\/v2\/posts\/140641\/revisions\/140643"}],"wp:featuredmedia":[{"embeddable":true,"href":"https:\/\/www.quebakan.com\/v15\/wp-json\/wp\/v2\/media\/140642"}],"wp:attachment":[{"href":"https:\/\/www.quebakan.com\/v15\/wp-json\/wp\/v2\/media?parent=140641"}],"wp:term":[{"taxonomy":"category","embeddable":true,"href":"https:\/\/www.quebakan.com\/v15\/wp-json\/wp\/v2\/categories?post=140641"},{"taxonomy":"post_tag","embeddable":true,"href":"https:\/\/www.quebakan.com\/v15\/wp-json\/wp\/v2\/tags?post=140641"}],"curies":[{"name":"wp","href":"https:\/\/api.w.org\/{rel}","templated":true}]}}