{"id":140644,"date":"2026-03-10T16:21:59","date_gmt":"2026-03-10T21:21:59","guid":{"rendered":"https:\/\/www.quebakan.com\/v15\/?p=140644"},"modified":"2026-03-10T16:21:59","modified_gmt":"2026-03-10T21:21:59","slug":"distinguen-a-arca-continental-ecuador-entre-las-empresas-mas-atractivas-para-trabajar-para-profesionales-sub-35","status":"publish","type":"post","link":"https:\/\/www.quebakan.com\/v15\/distinguen-a-arca-continental-ecuador-entre-las-empresas-mas-atractivas-para-trabajar-para-profesionales-sub-35\/","title":{"rendered":"Distinguen a Arca Continental Ecuador entre las empresas m\u00e1s atractivas para trabajar para profesionales sub-35"},"content":{"rendered":"<p><img fetchpriority=\"high\" decoding=\"async\" class=\"aligncenter size-full wp-image-140645\" src=\"https:\/\/www.quebakan.com\/v15\/wp-content\/uploads\/2026\/03\/Colaboradores-ACE.jpg\" alt=\"\" width=\"700\" height=\"467\" \/><\/p>\n<p style=\"text-align: center;\"><span style=\"color: #000000;\"><strong><em>P\u00ede de foto: <\/em><\/strong><em>Colaboradores en la Planta de Bebidas de Guayaquil.<\/em><\/span><\/p>\n<ul style=\"text-align: justify;\">\n<li><span style=\"color: #000000;\"><em>La compa\u00f1\u00eda ocupa el puesto N\u00b011 del ranking Top of Mind Index (TOM) Ecuador 2026. <\/em><\/span><\/li>\n<li><span style=\"color: #000000;\"><em>Este estudio 100% cuantitativo eval\u00faa la aspiracionalidad de las organizaciones como marca empleadora mediante una encuesta online aplicada a profesionales de 20 a 35 a\u00f1os.<\/em><\/span><\/li>\n<\/ul>\n<p style=\"text-align: justify;\"><span style=\"color: #000000;\"><strong>Quito, marzo de 2026. &#8211;<\/strong> Arca Continental Ecuador, grupo empresarial conformado por AC Bebidas, Tonicorp e Inalecsa, destac\u00f3 en la quinta edici\u00f3n de Top of Mind Index (TOM) Ecuador 2026, ubic\u00e1ndose en el puesto 11 de las 100 empresas m\u00e1s atractivas para trabajar para profesionales sub-35. El estudio identifica las preferencias de j\u00f3venes talentos al momento de elegir d\u00f3nde desarrollar su carrera.<\/span><\/p>\n<p style=\"text-align: justify;\"><span style=\"color: #000000;\">Esta distinci\u00f3n refleja el compromiso de la empresa por atraer y fidelizar talento en un entorno cada vez m\u00e1s competitivo. La organizaci\u00f3n ha fortalecido una cultura corporativa basada en valores s\u00f3lidos, promoviendo el bienestar integral y el crecimiento profesional de sus colaboradores. Adem\u00e1s, impulsa iniciativas orientadas a mantener a su equipo actualizado en nuevas habilidades y tecnolog\u00edas, prepar\u00e1ndolo para asumir nuevos desaf\u00edos, generar valor y contribuir a la evoluci\u00f3n del negocio, consolidando as\u00ed su liderazgo en la industria.<\/span><\/p>\n<p style=\"text-align: justify;\"><span style=\"color: #000000;\"><em>\u201cEn Arca Continental creemos que \u2018Descubre lo que podemos lograr juntos\u2019 no es solo una frase, sino una invitaci\u00f3n permanente a crecer y construir en equipo. Por ello, recibir este reconocimiento es un honor y respalda nuestro compromiso de ofrecer programas de formaci\u00f3n y capacitaci\u00f3n que no solo fortalecen las habilidades t\u00e9cnicas, sino que tambi\u00e9n fomentan entornos de trabajo seguros, saludables y orientados al bienestar integral de cada colaborador\u201d, coment\u00f3 Luciano Barranco, Director de Capital Humano en Arca Continental.<\/em><\/span><\/p>\n<p style=\"text-align: justify;\"><span style=\"color: #000000;\">Con estos resultados, Arca Continental Ecuador reafirma su visi\u00f3n de seguir fortaleciendo su marca empleadora, mediante la inversi\u00f3n continua en programas de formaci\u00f3n y desarrollo que potencien tanto las competencias t\u00e9cnicas como las habilidades humanas de sus equipos, contribuyendo as\u00ed a un entorno laboral din\u00e1mico, inclusivo y sostenible.<\/span><\/p>\n","protected":false},"excerpt":{"rendered":"<p>P\u00ede de foto: Colaboradores en la Planta de Bebidas de Guayaquil. La compa\u00f1\u00eda ocupa el puesto N\u00b011 del ranking Top of Mind Index (TOM) Ecuador 2026. Este estudio 100% cuantitativo eval\u00faa la aspiracionalidad de las organizaciones como marca empleadora mediante una encuesta online aplicada a profesionales de 20 a 35 a\u00f1os. Quito, marzo de 2026. [&hellip;]<\/p>\n","protected":false},"author":4,"featured_media":140645,"comment_status":"closed","ping_status":"closed","sticky":false,"template":"","format":"standard","meta":{"_bbp_topic_count":0,"_bbp_reply_count":0,"_bbp_total_topic_count":0,"_bbp_total_reply_count":0,"_bbp_voice_count":0,"_bbp_anonymous_reply_count":0,"_bbp_topic_count_hidden":0,"_bbp_reply_count_hidden":0,"_bbp_forum_subforum_count":0,"buzzeditor_post_format":"","footnotes":""},"categories":[2],"tags":[],"class_list":["post-140644","post","type-post","status-publish","format-standard","has-post-thumbnail","hentry","category-noticias"],"yoast_head":"<!-- This site is optimized with the Yoast SEO plugin v27.5 - https:\/\/yoast.com\/product\/yoast-seo-wordpress\/ -->\n<title>Distinguen a Arca Continental Ecuador entre las empresas m\u00e1s atractivas para trabajar para profesionales sub-35 &#8211; QUEBAKAN.COM 2026: Noticias, Eventos, Conciertos y mucho m\u00e1s....<\/title>\n<meta name=\"robots\" content=\"index, follow, max-snippet:-1, max-image-preview:large, max-video-preview:-1\" \/>\n<link rel=\"canonical\" href=\"https:\/\/www.quebakan.com\/v15\/distinguen-a-arca-continental-ecuador-entre-las-empresas-mas-atractivas-para-trabajar-para-profesionales-sub-35\/\" \/>\n<meta property=\"og:locale\" content=\"es_ES\" \/>\n<meta property=\"og:type\" content=\"article\" \/>\n<meta property=\"og:title\" content=\"Distinguen a Arca Continental Ecuador entre las empresas m\u00e1s atractivas para trabajar para profesionales sub-35 &#8211; QUEBAKAN.COM 2026: Noticias, Eventos, Conciertos y mucho m\u00e1s....\" \/>\n<meta property=\"og:description\" content=\"P\u00ede de foto: Colaboradores en la Planta de Bebidas de Guayaquil. La compa\u00f1\u00eda ocupa el puesto N\u00b011 del ranking Top of Mind Index (TOM) Ecuador 2026. Este estudio 100% cuantitativo eval\u00faa la aspiracionalidad de las organizaciones como marca empleadora mediante una encuesta online aplicada a profesionales de 20 a 35 a\u00f1os. Quito, marzo de 2026. [&hellip;]\" \/>\n<meta property=\"og:url\" content=\"https:\/\/www.quebakan.com\/v15\/distinguen-a-arca-continental-ecuador-entre-las-empresas-mas-atractivas-para-trabajar-para-profesionales-sub-35\/\" \/>\n<meta property=\"og:site_name\" content=\"QUEBAKAN.COM 2026: Noticias, Eventos, Conciertos y mucho m\u00e1s....\" \/>\n<meta property=\"article:publisher\" content=\"http:\/\/www.facebook.com\/quebakan\" \/>\n<meta property=\"article:published_time\" content=\"2026-03-10T21:21:59+00:00\" \/>\n<meta property=\"og:image\" content=\"https:\/\/www.quebakan.com\/v15\/wp-content\/uploads\/2026\/03\/Colaboradores-ACE.jpg\" \/>\n\t<meta property=\"og:image:width\" content=\"700\" \/>\n\t<meta property=\"og:image:height\" content=\"467\" \/>\n\t<meta property=\"og:image:type\" content=\"image\/jpeg\" \/>\n<meta name=\"author\" content=\"Erick Villafuerte\" \/>\n<meta name=\"twitter:card\" content=\"summary_large_image\" \/>\n<meta name=\"twitter:creator\" content=\"@quebakanec\" \/>\n<meta name=\"twitter:site\" content=\"@quebakanec\" \/>\n<meta name=\"twitter:label1\" content=\"Escrito por\" \/>\n\t<meta name=\"twitter:data1\" content=\"Erick Villafuerte\" \/>\n\t<meta name=\"twitter:label2\" content=\"Tiempo de lectura\" \/>\n\t<meta name=\"twitter:data2\" content=\"2 minutos\" \/>\n<script type=\"application\/ld+json\" class=\"yoast-schema-graph\">{\"@context\":\"https:\\\/\\\/schema.org\",\"@graph\":[{\"@type\":\"Article\",\"@id\":\"https:\\\/\\\/www.quebakan.com\\\/v15\\\/distinguen-a-arca-continental-ecuador-entre-las-empresas-mas-atractivas-para-trabajar-para-profesionales-sub-35\\\/#article\",\"isPartOf\":{\"@id\":\"https:\\\/\\\/www.quebakan.com\\\/v15\\\/distinguen-a-arca-continental-ecuador-entre-las-empresas-mas-atractivas-para-trabajar-para-profesionales-sub-35\\\/\"},\"author\":{\"name\":\"Erick Villafuerte\",\"@id\":\"https:\\\/\\\/www.quebakan.com\\\/v15\\\/#\\\/schema\\\/person\\\/d90fa9f9cfa81eb8ace9811e5b7b9118\"},\"headline\":\"Distinguen a Arca Continental Ecuador entre las empresas m\u00e1s atractivas para trabajar para profesionales sub-35\",\"datePublished\":\"2026-03-10T21:21:59+00:00\",\"mainEntityOfPage\":{\"@id\":\"https:\\\/\\\/www.quebakan.com\\\/v15\\\/distinguen-a-arca-continental-ecuador-entre-las-empresas-mas-atractivas-para-trabajar-para-profesionales-sub-35\\\/\"},\"wordCount\":354,\"publisher\":{\"@id\":\"https:\\\/\\\/www.quebakan.com\\\/v15\\\/#organization\"},\"image\":{\"@id\":\"https:\\\/\\\/www.quebakan.com\\\/v15\\\/distinguen-a-arca-continental-ecuador-entre-las-empresas-mas-atractivas-para-trabajar-para-profesionales-sub-35\\\/#primaryimage\"},\"thumbnailUrl\":\"https:\\\/\\\/www.quebakan.com\\\/v15\\\/wp-content\\\/uploads\\\/2026\\\/03\\\/Colaboradores-ACE.jpg\",\"articleSection\":[\"Noticias\"],\"inLanguage\":\"es\"},{\"@type\":\"WebPage\",\"@id\":\"https:\\\/\\\/www.quebakan.com\\\/v15\\\/distinguen-a-arca-continental-ecuador-entre-las-empresas-mas-atractivas-para-trabajar-para-profesionales-sub-35\\\/\",\"url\":\"https:\\\/\\\/www.quebakan.com\\\/v15\\\/distinguen-a-arca-continental-ecuador-entre-las-empresas-mas-atractivas-para-trabajar-para-profesionales-sub-35\\\/\",\"name\":\"Distinguen a Arca Continental Ecuador entre las empresas m\u00e1s atractivas para trabajar para profesionales sub-35 &#8211; QUEBAKAN.COM 2026: Noticias, Eventos, Conciertos y mucho m\u00e1s....\",\"isPartOf\":{\"@id\":\"https:\\\/\\\/www.quebakan.com\\\/v15\\\/#website\"},\"primaryImageOfPage\":{\"@id\":\"https:\\\/\\\/www.quebakan.com\\\/v15\\\/distinguen-a-arca-continental-ecuador-entre-las-empresas-mas-atractivas-para-trabajar-para-profesionales-sub-35\\\/#primaryimage\"},\"image\":{\"@id\":\"https:\\\/\\\/www.quebakan.com\\\/v15\\\/distinguen-a-arca-continental-ecuador-entre-las-empresas-mas-atractivas-para-trabajar-para-profesionales-sub-35\\\/#primaryimage\"},\"thumbnailUrl\":\"https:\\\/\\\/www.quebakan.com\\\/v15\\\/wp-content\\\/uploads\\\/2026\\\/03\\\/Colaboradores-ACE.jpg\",\"datePublished\":\"2026-03-10T21:21:59+00:00\",\"breadcrumb\":{\"@id\":\"https:\\\/\\\/www.quebakan.com\\\/v15\\\/distinguen-a-arca-continental-ecuador-entre-las-empresas-mas-atractivas-para-trabajar-para-profesionales-sub-35\\\/#breadcrumb\"},\"inLanguage\":\"es\",\"potentialAction\":[{\"@type\":\"ReadAction\",\"target\":[\"https:\\\/\\\/www.quebakan.com\\\/v15\\\/distinguen-a-arca-continental-ecuador-entre-las-empresas-mas-atractivas-para-trabajar-para-profesionales-sub-35\\\/\"]}]},{\"@type\":\"ImageObject\",\"inLanguage\":\"es\",\"@id\":\"https:\\\/\\\/www.quebakan.com\\\/v15\\\/distinguen-a-arca-continental-ecuador-entre-las-empresas-mas-atractivas-para-trabajar-para-profesionales-sub-35\\\/#primaryimage\",\"url\":\"https:\\\/\\\/www.quebakan.com\\\/v15\\\/wp-content\\\/uploads\\\/2026\\\/03\\\/Colaboradores-ACE.jpg\",\"contentUrl\":\"https:\\\/\\\/www.quebakan.com\\\/v15\\\/wp-content\\\/uploads\\\/2026\\\/03\\\/Colaboradores-ACE.jpg\",\"width\":700,\"height\":467},{\"@type\":\"BreadcrumbList\",\"@id\":\"https:\\\/\\\/www.quebakan.com\\\/v15\\\/distinguen-a-arca-continental-ecuador-entre-las-empresas-mas-atractivas-para-trabajar-para-profesionales-sub-35\\\/#breadcrumb\",\"itemListElement\":[{\"@type\":\"ListItem\",\"position\":1,\"name\":\"Portada\",\"item\":\"https:\\\/\\\/www.quebakan.com\\\/v15\\\/\"},{\"@type\":\"ListItem\",\"position\":2,\"name\":\"Distinguen a Arca Continental Ecuador entre las empresas m\u00e1s atractivas para trabajar para profesionales sub-35\"}]},{\"@type\":\"WebSite\",\"@id\":\"https:\\\/\\\/www.quebakan.com\\\/v15\\\/#website\",\"url\":\"https:\\\/\\\/www.quebakan.com\\\/v15\\\/\",\"name\":\"QUEBAKAN\",\"description\":\"..\",\"publisher\":{\"@id\":\"https:\\\/\\\/www.quebakan.com\\\/v15\\\/#organization\"},\"potentialAction\":[{\"@type\":\"SearchAction\",\"target\":{\"@type\":\"EntryPoint\",\"urlTemplate\":\"https:\\\/\\\/www.quebakan.com\\\/v15\\\/?s={search_term_string}\"},\"query-input\":{\"@type\":\"PropertyValueSpecification\",\"valueRequired\":true,\"valueName\":\"search_term_string\"}}],\"inLanguage\":\"es\"},{\"@type\":\"Organization\",\"@id\":\"https:\\\/\\\/www.quebakan.com\\\/v15\\\/#organization\",\"name\":\"Quebakan.com\",\"url\":\"https:\\\/\\\/www.quebakan.com\\\/v15\\\/\",\"logo\":{\"@type\":\"ImageObject\",\"inLanguage\":\"es\",\"@id\":\"https:\\\/\\\/www.quebakan.com\\\/v15\\\/#\\\/schema\\\/logo\\\/image\\\/\",\"url\":\"https:\\\/\\\/www.quebakan.com\\\/v15\\\/wp-content\\\/uploads\\\/2023\\\/07\\\/logoquebakanenero2021.jpg\",\"contentUrl\":\"https:\\\/\\\/www.quebakan.com\\\/v15\\\/wp-content\\\/uploads\\\/2023\\\/07\\\/logoquebakanenero2021.jpg\",\"width\":1920,\"height\":1080,\"caption\":\"Quebakan.com\"},\"image\":{\"@id\":\"https:\\\/\\\/www.quebakan.com\\\/v15\\\/#\\\/schema\\\/logo\\\/image\\\/\"},\"sameAs\":[\"http:\\\/\\\/www.facebook.com\\\/quebakan\",\"https:\\\/\\\/x.com\\\/quebakanec\",\"http:\\\/\\\/www.instagram.com\\\/quebakan\",\"http:\\\/\\\/www.youtube.com\\\/quebakan1\"]},{\"@type\":\"Person\",\"@id\":\"https:\\\/\\\/www.quebakan.com\\\/v15\\\/#\\\/schema\\\/person\\\/d90fa9f9cfa81eb8ace9811e5b7b9118\",\"name\":\"Erick Villafuerte\",\"image\":{\"@type\":\"ImageObject\",\"inLanguage\":\"es\",\"@id\":\"https:\\\/\\\/www.quebakan.com\\\/v15\\\/wp-content\\\/uploads\\\/avatars\\\/4\\\/1731297654-bpfull.png\",\"url\":\"https:\\\/\\\/www.quebakan.com\\\/v15\\\/wp-content\\\/uploads\\\/avatars\\\/4\\\/1731297654-bpfull.png\",\"contentUrl\":\"https:\\\/\\\/www.quebakan.com\\\/v15\\\/wp-content\\\/uploads\\\/avatars\\\/4\\\/1731297654-bpfull.png\",\"caption\":\"Erick Villafuerte\"}}]}<\/script>\n<!-- \/ Yoast SEO plugin. -->","yoast_head_json":{"title":"Distinguen a Arca Continental Ecuador entre las empresas m\u00e1s atractivas para trabajar para profesionales sub-35 &#8211; QUEBAKAN.COM 2026: Noticias, Eventos, Conciertos y mucho m\u00e1s....","robots":{"index":"index","follow":"follow","max-snippet":"max-snippet:-1","max-image-preview":"max-image-preview:large","max-video-preview":"max-video-preview:-1"},"canonical":"https:\/\/www.quebakan.com\/v15\/distinguen-a-arca-continental-ecuador-entre-las-empresas-mas-atractivas-para-trabajar-para-profesionales-sub-35\/","og_locale":"es_ES","og_type":"article","og_title":"Distinguen a Arca Continental Ecuador entre las empresas m\u00e1s atractivas para trabajar para profesionales sub-35 &#8211; QUEBAKAN.COM 2026: Noticias, Eventos, Conciertos y mucho m\u00e1s....","og_description":"P\u00ede de foto: Colaboradores en la Planta de Bebidas de Guayaquil. La compa\u00f1\u00eda ocupa el puesto N\u00b011 del ranking Top of Mind Index (TOM) Ecuador 2026. Este estudio 100% cuantitativo eval\u00faa la aspiracionalidad de las organizaciones como marca empleadora mediante una encuesta online aplicada a profesionales de 20 a 35 a\u00f1os. Quito, marzo de 2026. [&hellip;]","og_url":"https:\/\/www.quebakan.com\/v15\/distinguen-a-arca-continental-ecuador-entre-las-empresas-mas-atractivas-para-trabajar-para-profesionales-sub-35\/","og_site_name":"QUEBAKAN.COM 2026: Noticias, Eventos, Conciertos y mucho m\u00e1s....","article_publisher":"http:\/\/www.facebook.com\/quebakan","article_published_time":"2026-03-10T21:21:59+00:00","og_image":[{"width":700,"height":467,"url":"https:\/\/www.quebakan.com\/v15\/wp-content\/uploads\/2026\/03\/Colaboradores-ACE.jpg","type":"image\/jpeg"}],"author":"Erick Villafuerte","twitter_card":"summary_large_image","twitter_creator":"@quebakanec","twitter_site":"@quebakanec","twitter_misc":{"Escrito por":"Erick Villafuerte","Tiempo de lectura":"2 minutos"},"schema":{"@context":"https:\/\/schema.org","@graph":[{"@type":"Article","@id":"https:\/\/www.quebakan.com\/v15\/distinguen-a-arca-continental-ecuador-entre-las-empresas-mas-atractivas-para-trabajar-para-profesionales-sub-35\/#article","isPartOf":{"@id":"https:\/\/www.quebakan.com\/v15\/distinguen-a-arca-continental-ecuador-entre-las-empresas-mas-atractivas-para-trabajar-para-profesionales-sub-35\/"},"author":{"name":"Erick Villafuerte","@id":"https:\/\/www.quebakan.com\/v15\/#\/schema\/person\/d90fa9f9cfa81eb8ace9811e5b7b9118"},"headline":"Distinguen a Arca Continental Ecuador entre las empresas m\u00e1s atractivas para trabajar para profesionales sub-35","datePublished":"2026-03-10T21:21:59+00:00","mainEntityOfPage":{"@id":"https:\/\/www.quebakan.com\/v15\/distinguen-a-arca-continental-ecuador-entre-las-empresas-mas-atractivas-para-trabajar-para-profesionales-sub-35\/"},"wordCount":354,"publisher":{"@id":"https:\/\/www.quebakan.com\/v15\/#organization"},"image":{"@id":"https:\/\/www.quebakan.com\/v15\/distinguen-a-arca-continental-ecuador-entre-las-empresas-mas-atractivas-para-trabajar-para-profesionales-sub-35\/#primaryimage"},"thumbnailUrl":"https:\/\/www.quebakan.com\/v15\/wp-content\/uploads\/2026\/03\/Colaboradores-ACE.jpg","articleSection":["Noticias"],"inLanguage":"es"},{"@type":"WebPage","@id":"https:\/\/www.quebakan.com\/v15\/distinguen-a-arca-continental-ecuador-entre-las-empresas-mas-atractivas-para-trabajar-para-profesionales-sub-35\/","url":"https:\/\/www.quebakan.com\/v15\/distinguen-a-arca-continental-ecuador-entre-las-empresas-mas-atractivas-para-trabajar-para-profesionales-sub-35\/","name":"Distinguen a Arca Continental Ecuador entre las empresas m\u00e1s atractivas para trabajar para profesionales sub-35 &#8211; QUEBAKAN.COM 2026: Noticias, Eventos, Conciertos y mucho m\u00e1s....","isPartOf":{"@id":"https:\/\/www.quebakan.com\/v15\/#website"},"primaryImageOfPage":{"@id":"https:\/\/www.quebakan.com\/v15\/distinguen-a-arca-continental-ecuador-entre-las-empresas-mas-atractivas-para-trabajar-para-profesionales-sub-35\/#primaryimage"},"image":{"@id":"https:\/\/www.quebakan.com\/v15\/distinguen-a-arca-continental-ecuador-entre-las-empresas-mas-atractivas-para-trabajar-para-profesionales-sub-35\/#primaryimage"},"thumbnailUrl":"https:\/\/www.quebakan.com\/v15\/wp-content\/uploads\/2026\/03\/Colaboradores-ACE.jpg","datePublished":"2026-03-10T21:21:59+00:00","breadcrumb":{"@id":"https:\/\/www.quebakan.com\/v15\/distinguen-a-arca-continental-ecuador-entre-las-empresas-mas-atractivas-para-trabajar-para-profesionales-sub-35\/#breadcrumb"},"inLanguage":"es","potentialAction":[{"@type":"ReadAction","target":["https:\/\/www.quebakan.com\/v15\/distinguen-a-arca-continental-ecuador-entre-las-empresas-mas-atractivas-para-trabajar-para-profesionales-sub-35\/"]}]},{"@type":"ImageObject","inLanguage":"es","@id":"https:\/\/www.quebakan.com\/v15\/distinguen-a-arca-continental-ecuador-entre-las-empresas-mas-atractivas-para-trabajar-para-profesionales-sub-35\/#primaryimage","url":"https:\/\/www.quebakan.com\/v15\/wp-content\/uploads\/2026\/03\/Colaboradores-ACE.jpg","contentUrl":"https:\/\/www.quebakan.com\/v15\/wp-content\/uploads\/2026\/03\/Colaboradores-ACE.jpg","width":700,"height":467},{"@type":"BreadcrumbList","@id":"https:\/\/www.quebakan.com\/v15\/distinguen-a-arca-continental-ecuador-entre-las-empresas-mas-atractivas-para-trabajar-para-profesionales-sub-35\/#breadcrumb","itemListElement":[{"@type":"ListItem","position":1,"name":"Portada","item":"https:\/\/www.quebakan.com\/v15\/"},{"@type":"ListItem","position":2,"name":"Distinguen a Arca Continental Ecuador entre las empresas m\u00e1s atractivas para trabajar para profesionales sub-35"}]},{"@type":"WebSite","@id":"https:\/\/www.quebakan.com\/v15\/#website","url":"https:\/\/www.quebakan.com\/v15\/","name":"QUEBAKAN","description":"..","publisher":{"@id":"https:\/\/www.quebakan.com\/v15\/#organization"},"potentialAction":[{"@type":"SearchAction","target":{"@type":"EntryPoint","urlTemplate":"https:\/\/www.quebakan.com\/v15\/?s={search_term_string}"},"query-input":{"@type":"PropertyValueSpecification","valueRequired":true,"valueName":"search_term_string"}}],"inLanguage":"es"},{"@type":"Organization","@id":"https:\/\/www.quebakan.com\/v15\/#organization","name":"Quebakan.com","url":"https:\/\/www.quebakan.com\/v15\/","logo":{"@type":"ImageObject","inLanguage":"es","@id":"https:\/\/www.quebakan.com\/v15\/#\/schema\/logo\/image\/","url":"https:\/\/www.quebakan.com\/v15\/wp-content\/uploads\/2023\/07\/logoquebakanenero2021.jpg","contentUrl":"https:\/\/www.quebakan.com\/v15\/wp-content\/uploads\/2023\/07\/logoquebakanenero2021.jpg","width":1920,"height":1080,"caption":"Quebakan.com"},"image":{"@id":"https:\/\/www.quebakan.com\/v15\/#\/schema\/logo\/image\/"},"sameAs":["http:\/\/www.facebook.com\/quebakan","https:\/\/x.com\/quebakanec","http:\/\/www.instagram.com\/quebakan","http:\/\/www.youtube.com\/quebakan1"]},{"@type":"Person","@id":"https:\/\/www.quebakan.com\/v15\/#\/schema\/person\/d90fa9f9cfa81eb8ace9811e5b7b9118","name":"Erick Villafuerte","image":{"@type":"ImageObject","inLanguage":"es","@id":"https:\/\/www.quebakan.com\/v15\/wp-content\/uploads\/avatars\/4\/1731297654-bpfull.png","url":"https:\/\/www.quebakan.com\/v15\/wp-content\/uploads\/avatars\/4\/1731297654-bpfull.png","contentUrl":"https:\/\/www.quebakan.com\/v15\/wp-content\/uploads\/avatars\/4\/1731297654-bpfull.png","caption":"Erick Villafuerte"}}]}},"_links":{"self":[{"href":"https:\/\/www.quebakan.com\/v15\/wp-json\/wp\/v2\/posts\/140644","targetHints":{"allow":["GET"]}}],"collection":[{"href":"https:\/\/www.quebakan.com\/v15\/wp-json\/wp\/v2\/posts"}],"about":[{"href":"https:\/\/www.quebakan.com\/v15\/wp-json\/wp\/v2\/types\/post"}],"author":[{"embeddable":true,"href":"https:\/\/www.quebakan.com\/v15\/wp-json\/wp\/v2\/users\/4"}],"replies":[{"embeddable":true,"href":"https:\/\/www.quebakan.com\/v15\/wp-json\/wp\/v2\/comments?post=140644"}],"version-history":[{"count":1,"href":"https:\/\/www.quebakan.com\/v15\/wp-json\/wp\/v2\/posts\/140644\/revisions"}],"predecessor-version":[{"id":140646,"href":"https:\/\/www.quebakan.com\/v15\/wp-json\/wp\/v2\/posts\/140644\/revisions\/140646"}],"wp:featuredmedia":[{"embeddable":true,"href":"https:\/\/www.quebakan.com\/v15\/wp-json\/wp\/v2\/media\/140645"}],"wp:attachment":[{"href":"https:\/\/www.quebakan.com\/v15\/wp-json\/wp\/v2\/media?parent=140644"}],"wp:term":[{"taxonomy":"category","embeddable":true,"href":"https:\/\/www.quebakan.com\/v15\/wp-json\/wp\/v2\/categories?post=140644"},{"taxonomy":"post_tag","embeddable":true,"href":"https:\/\/www.quebakan.com\/v15\/wp-json\/wp\/v2\/tags?post=140644"}],"curies":[{"name":"wp","href":"https:\/\/api.w.org\/{rel}","templated":true}]}}