{"id":140647,"date":"2026-03-10T16:25:49","date_gmt":"2026-03-10T21:25:49","guid":{"rendered":"https:\/\/www.quebakan.com\/v15\/?p=140647"},"modified":"2026-03-10T16:25:49","modified_gmt":"2026-03-10T21:25:49","slug":"nexxt-infraestructura-anuncia-en-ecuador-nuevo-webinar-sobre-normativas-y-seguridad-en-cables-de-alarma-contra-incendio","status":"publish","type":"post","link":"https:\/\/www.quebakan.com\/v15\/nexxt-infraestructura-anuncia-en-ecuador-nuevo-webinar-sobre-normativas-y-seguridad-en-cables-de-alarma-contra-incendio\/","title":{"rendered":"Nexxt Infraestructura anuncia en Ecuador nuevo webinar sobre normativas y seguridad en cables de alarma contra incendio"},"content":{"rendered":"<p align=\"center\"><img fetchpriority=\"high\" decoding=\"async\" class=\"aligncenter size-full wp-image-140648\" src=\"https:\/\/www.quebakan.com\/v15\/wp-content\/uploads\/2026\/03\/Nexxt-Infraestructura-anuncia-webinar-sobre-normativas-y-seguridad-en-cables-de-alarma-contra-incendio-.jpg\" alt=\"\" width=\"700\" height=\"394\" \/><\/p>\n<p style=\"text-align: justify;\" align=\"center\"><span style=\"color: #000000;\"><i><span lang=\"ES\" data-olk-copy-source=\"MessageBody\">La sesi\u00f3n t\u00e9cnica, liderada por Jes\u00fas Alexander Guti\u00e9rrez G\u00f3mez, Regional Presales Engineer para Latinoam\u00e9rica y el Caribe de Nexxt Solutions Infraestructura, busca profesionalizar el dise\u00f1o de sistemas de seguridad cr\u00edtica en proyectos corporativos e industriales de la regi\u00f3n. Los asistentes tendr\u00e1n acceso a beneficios exclusivos mediante el registro de proyectos, incluyendo descuentos especiales y acompa\u00f1amiento t\u00e9cnico especializado.<\/span><\/i><\/span><\/p>\n<p class=\"x_MsoNoSpacing\" style=\"text-align: justify;\"><span lang=\"ES\" style=\"color: #000000;\"><strong>Guayaquil, 10 de marzo de 2026.-<\/strong> Nexxt Solutions, Divisi\u00f3n Infraestructura, fabricante de soluciones de conectividad y cableado estructurado, anuncia la realizaci\u00f3n de su pr\u00f3ximo webinar titulado \u00abCables de alarma contra incendio UL1424: Todo lo que debes saber\u00bb. El evento virtual se llevar\u00e1 a cabo el pr\u00f3ximo 18 de marzo y est\u00e1 dise\u00f1ado para abordar los desaf\u00edos actuales en la protecci\u00f3n de vidas humanas y activos a trav\u00e9s de la correcta selecci\u00f3n de materiales.<\/span><\/p>\n<p class=\"x_MsoNoSpacing\" style=\"text-align: justify;\"><span lang=\"ES\" style=\"color: #000000;\">El objetivo central de esta sesi\u00f3n es dotar a los profesionales de herramientas pr\u00e1cticas para la toma de decisiones informadas.\u00a0<b>Jes\u00fas Alexander Guti\u00e9rrez, Regional PreSales Engineer de Nexxt Solutions Infraestructura<\/b>\u00a0y vocero principal del evento, destac\u00f3 la relevancia de este espacio educativo para el mercado latinoamericano: \u00abEl webinar est\u00e1 dise\u00f1ado para informar y orientar a los asistentes sobre los cables de alarma contra incendio UL1424, destacando su importancia en la seguridad de edificios y proyectos corporativos. Se presentar\u00e1n las caracter\u00edsticas del producto, sus beneficios y aplicaciones pr\u00e1cticas, centr\u00e1ndonos en tres pilares principales: la seguridad, la eficiencia y la confiabilidad\u00bb.<\/span><\/p>\n<p class=\"x_MsoNoSpacing\" style=\"text-align: justify;\"><span lang=\"ES\" style=\"color: #000000;\">La sesi\u00f3n profundizar\u00e1 en la normativa UL1424 y su relevancia en la protecci\u00f3n contra incendios, as\u00ed como en las mejores pr\u00e1cticas de implementaci\u00f3n para garantizar que los sistemas funcionen de manera infalible.<\/span><\/p>\n<p class=\"x_MsoNoSpacing\" style=\"text-align: justify;\"><span style=\"color: #000000;\"><span lang=\"ES\">Durante el encuentro, se analizar\u00e1n casos de uso en sectores de alta exigencia donde el cumplimiento normativo no es opcional, sino vital. \u00abMostraremos sectores donde se recomienda el uso de estos cables, como conjuntos multifamiliares, instalaciones comerciales (hospitales, hoteles, centros comerciales) e industria. El enfoque estar\u00e1 en demostrar la selecci\u00f3n adecuada seg\u00fan el entorno, permitiendo a los participantes comprender c\u00f3mo aplicar correctamente los cables en diferentes escenarios cr\u00edticos\u00bb, explic\u00f3 el\u00a0<b>Regional PreSales Engineer de Nexxt Solutions Infraestructura.<\/b><\/span><b><\/b><\/span><\/p>\n<p class=\"x_MsoNoSpacing\" style=\"text-align: justify;\"><span style=\"color: #000000;\"><b><span lang=\"ES\">Perfil del asistente y beneficios exclusivos<\/span><\/b><\/span><\/p>\n<p class=\"x_MsoNoSpacing\" style=\"text-align: justify;\"><span lang=\"ES\" style=\"color: #000000;\">El evento est\u00e1 dirigido a un ecosistema amplio de profesionales, desde ingenieros de proyectos e integradores de sistemas hasta administradores de edificios, gerentes de instalaciones y consultores de seguridad. \u201cPara Nexxt Infraestructura es prioritario educar al mercado regional ya que esto permite generar conciencia sobre la importancia de la seguridad y ayuda a que los tomadores de decisiones apliquen mejores pr\u00e1cticas\u00bb, enfatiz\u00f3\u00a0<b>Jes\u00fas Alexander Guti\u00e9rrez<\/b>. \u201cAdem\u00e1s del conocimiento t\u00e9cnico, los asistentes recibir\u00e1n la grabaci\u00f3n de la sesi\u00f3n como material de referencia y acceso a beneficios exclusivos a trav\u00e9s del registro de proyectos de Nexxt, que incluyen descuentos especiales y acompa\u00f1amiento t\u00e9cnico. La din\u00e1mica para acceder a estos beneficios ser\u00e1 explicada durante el webinar en vivo\u00bb, concluy\u00f3.<\/span><\/p>\n<p class=\"x_MsoNoSpacing\" style=\"text-align: justify;\"><span style=\"color: #000000;\"><b><span lang=\"ES\">Cierre e inscripciones<\/span><\/b><\/span><\/p>\n<p class=\"x_MsoNoSpacing\" style=\"text-align: justify;\"><span lang=\"ES\" style=\"color: #000000;\">Con esta iniciativa, Nexxt Solutions Infraestructura reafirma su compromiso como socio estrat\u00e9gico en la regi\u00f3n, no s\u00f3lo proveyendo tecnolog\u00eda de punta, sino tambi\u00e9n el soporte educativo necesario para elevar los est\u00e1ndares de seguridad en la infraestructura moderna.<\/span><\/p>\n<p class=\"x_MsoNoSpacing\" style=\"text-align: justify;\"><span lang=\"ES\" style=\"color: #000000;\">Los interesados en participar pueden realizar su inscripci\u00f3n a trav\u00e9s del perfil oficial de LinkedIn de Nexxt Solutions o solicitando informaci\u00f3n directa al correo\u00a0<a style=\"color: #000000;\" title=\"mailto:jgutierrez@nexxtsolutions.com\" href=\"mailto:jgutierrez@nexxtsolutions.com\" data-linkindex=\"0\">jgutierrez@nexxtsolutions.co<span lang=\"ES-AR\">m<\/span><\/a><\/span><\/p>\n<p><img decoding=\"async\" class=\"aligncenter size-full wp-image-140649\" src=\"https:\/\/www.quebakan.com\/v15\/wp-content\/uploads\/2026\/03\/Jesus-Alexander-Gutierrez-Gomez-Regional-Presales-Engineer-para-Latinoamerica-y-el-Caribe-de-Nexxt-Solutions-Infraestructura-2.jpg\" alt=\"\" width=\"700\" height=\"394\" \/><\/p>\n","protected":false},"excerpt":{"rendered":"<p>La sesi\u00f3n t\u00e9cnica, liderada por Jes\u00fas Alexander Guti\u00e9rrez G\u00f3mez, Regional Presales Engineer para Latinoam\u00e9rica y el Caribe de Nexxt Solutions Infraestructura, busca profesionalizar el dise\u00f1o de sistemas de seguridad cr\u00edtica en proyectos corporativos e industriales de la regi\u00f3n. Los asistentes tendr\u00e1n acceso a beneficios exclusivos mediante el registro de proyectos, incluyendo descuentos especiales y acompa\u00f1amiento [&hellip;]<\/p>\n","protected":false},"author":4,"featured_media":140648,"comment_status":"closed","ping_status":"closed","sticky":false,"template":"","format":"standard","meta":{"_bbp_topic_count":0,"_bbp_reply_count":0,"_bbp_total_topic_count":0,"_bbp_total_reply_count":0,"_bbp_voice_count":0,"_bbp_anonymous_reply_count":0,"_bbp_topic_count_hidden":0,"_bbp_reply_count_hidden":0,"_bbp_forum_subforum_count":0,"buzzeditor_post_format":"","footnotes":""},"categories":[2],"tags":[],"class_list":["post-140647","post","type-post","status-publish","format-standard","has-post-thumbnail","hentry","category-noticias"],"yoast_head":"<!-- This site is optimized with the Yoast SEO plugin v27.5 - https:\/\/yoast.com\/product\/yoast-seo-wordpress\/ -->\n<title>Nexxt Infraestructura anuncia en Ecuador nuevo webinar sobre normativas y seguridad en cables de alarma contra incendio &#8211; QUEBAKAN.COM 2026: Noticias, Eventos, Conciertos y mucho m\u00e1s....<\/title>\n<meta name=\"robots\" content=\"index, follow, max-snippet:-1, max-image-preview:large, max-video-preview:-1\" \/>\n<link rel=\"canonical\" href=\"https:\/\/www.quebakan.com\/v15\/nexxt-infraestructura-anuncia-en-ecuador-nuevo-webinar-sobre-normativas-y-seguridad-en-cables-de-alarma-contra-incendio\/\" \/>\n<meta property=\"og:locale\" content=\"es_ES\" \/>\n<meta property=\"og:type\" content=\"article\" \/>\n<meta property=\"og:title\" content=\"Nexxt Infraestructura anuncia en Ecuador nuevo webinar sobre normativas y seguridad en cables de alarma contra incendio &#8211; QUEBAKAN.COM 2026: Noticias, Eventos, Conciertos y mucho m\u00e1s....\" \/>\n<meta property=\"og:description\" content=\"La sesi\u00f3n t\u00e9cnica, liderada por Jes\u00fas Alexander Guti\u00e9rrez G\u00f3mez, Regional Presales Engineer para Latinoam\u00e9rica y el Caribe de Nexxt Solutions Infraestructura, busca profesionalizar el dise\u00f1o de sistemas de seguridad cr\u00edtica en proyectos corporativos e industriales de la regi\u00f3n. Los asistentes tendr\u00e1n acceso a beneficios exclusivos mediante el registro de proyectos, incluyendo descuentos especiales y acompa\u00f1amiento [&hellip;]\" \/>\n<meta property=\"og:url\" content=\"https:\/\/www.quebakan.com\/v15\/nexxt-infraestructura-anuncia-en-ecuador-nuevo-webinar-sobre-normativas-y-seguridad-en-cables-de-alarma-contra-incendio\/\" \/>\n<meta property=\"og:site_name\" content=\"QUEBAKAN.COM 2026: Noticias, Eventos, Conciertos y mucho m\u00e1s....\" \/>\n<meta property=\"article:publisher\" content=\"http:\/\/www.facebook.com\/quebakan\" \/>\n<meta property=\"article:published_time\" content=\"2026-03-10T21:25:49+00:00\" \/>\n<meta property=\"og:image\" content=\"https:\/\/www.quebakan.com\/v15\/wp-content\/uploads\/2026\/03\/Nexxt-Infraestructura-anuncia-webinar-sobre-normativas-y-seguridad-en-cables-de-alarma-contra-incendio-.jpg\" \/>\n\t<meta property=\"og:image:width\" content=\"700\" \/>\n\t<meta property=\"og:image:height\" content=\"394\" \/>\n\t<meta property=\"og:image:type\" content=\"image\/jpeg\" \/>\n<meta name=\"author\" content=\"Erick Villafuerte\" \/>\n<meta name=\"twitter:card\" content=\"summary_large_image\" \/>\n<meta name=\"twitter:creator\" content=\"@quebakanec\" \/>\n<meta name=\"twitter:site\" content=\"@quebakanec\" \/>\n<meta name=\"twitter:label1\" content=\"Escrito por\" \/>\n\t<meta name=\"twitter:data1\" content=\"Erick Villafuerte\" \/>\n\t<meta name=\"twitter:label2\" content=\"Tiempo de lectura\" \/>\n\t<meta name=\"twitter:data2\" content=\"4 minutos\" \/>\n<script type=\"application\/ld+json\" class=\"yoast-schema-graph\">{\"@context\":\"https:\\\/\\\/schema.org\",\"@graph\":[{\"@type\":\"Article\",\"@id\":\"https:\\\/\\\/www.quebakan.com\\\/v15\\\/nexxt-infraestructura-anuncia-en-ecuador-nuevo-webinar-sobre-normativas-y-seguridad-en-cables-de-alarma-contra-incendio\\\/#article\",\"isPartOf\":{\"@id\":\"https:\\\/\\\/www.quebakan.com\\\/v15\\\/nexxt-infraestructura-anuncia-en-ecuador-nuevo-webinar-sobre-normativas-y-seguridad-en-cables-de-alarma-contra-incendio\\\/\"},\"author\":{\"name\":\"Erick Villafuerte\",\"@id\":\"https:\\\/\\\/www.quebakan.com\\\/v15\\\/#\\\/schema\\\/person\\\/d90fa9f9cfa81eb8ace9811e5b7b9118\"},\"headline\":\"Nexxt Infraestructura anuncia en Ecuador nuevo webinar sobre normativas y seguridad en cables de alarma contra incendio\",\"datePublished\":\"2026-03-10T21:25:49+00:00\",\"mainEntityOfPage\":{\"@id\":\"https:\\\/\\\/www.quebakan.com\\\/v15\\\/nexxt-infraestructura-anuncia-en-ecuador-nuevo-webinar-sobre-normativas-y-seguridad-en-cables-de-alarma-contra-incendio\\\/\"},\"wordCount\":602,\"publisher\":{\"@id\":\"https:\\\/\\\/www.quebakan.com\\\/v15\\\/#organization\"},\"image\":{\"@id\":\"https:\\\/\\\/www.quebakan.com\\\/v15\\\/nexxt-infraestructura-anuncia-en-ecuador-nuevo-webinar-sobre-normativas-y-seguridad-en-cables-de-alarma-contra-incendio\\\/#primaryimage\"},\"thumbnailUrl\":\"https:\\\/\\\/www.quebakan.com\\\/v15\\\/wp-content\\\/uploads\\\/2026\\\/03\\\/Nexxt-Infraestructura-anuncia-webinar-sobre-normativas-y-seguridad-en-cables-de-alarma-contra-incendio-.jpg\",\"articleSection\":[\"Noticias\"],\"inLanguage\":\"es\"},{\"@type\":\"WebPage\",\"@id\":\"https:\\\/\\\/www.quebakan.com\\\/v15\\\/nexxt-infraestructura-anuncia-en-ecuador-nuevo-webinar-sobre-normativas-y-seguridad-en-cables-de-alarma-contra-incendio\\\/\",\"url\":\"https:\\\/\\\/www.quebakan.com\\\/v15\\\/nexxt-infraestructura-anuncia-en-ecuador-nuevo-webinar-sobre-normativas-y-seguridad-en-cables-de-alarma-contra-incendio\\\/\",\"name\":\"Nexxt Infraestructura anuncia en Ecuador nuevo webinar sobre normativas y seguridad en cables de alarma contra incendio &#8211; QUEBAKAN.COM 2026: Noticias, Eventos, Conciertos y mucho m\u00e1s....\",\"isPartOf\":{\"@id\":\"https:\\\/\\\/www.quebakan.com\\\/v15\\\/#website\"},\"primaryImageOfPage\":{\"@id\":\"https:\\\/\\\/www.quebakan.com\\\/v15\\\/nexxt-infraestructura-anuncia-en-ecuador-nuevo-webinar-sobre-normativas-y-seguridad-en-cables-de-alarma-contra-incendio\\\/#primaryimage\"},\"image\":{\"@id\":\"https:\\\/\\\/www.quebakan.com\\\/v15\\\/nexxt-infraestructura-anuncia-en-ecuador-nuevo-webinar-sobre-normativas-y-seguridad-en-cables-de-alarma-contra-incendio\\\/#primaryimage\"},\"thumbnailUrl\":\"https:\\\/\\\/www.quebakan.com\\\/v15\\\/wp-content\\\/uploads\\\/2026\\\/03\\\/Nexxt-Infraestructura-anuncia-webinar-sobre-normativas-y-seguridad-en-cables-de-alarma-contra-incendio-.jpg\",\"datePublished\":\"2026-03-10T21:25:49+00:00\",\"breadcrumb\":{\"@id\":\"https:\\\/\\\/www.quebakan.com\\\/v15\\\/nexxt-infraestructura-anuncia-en-ecuador-nuevo-webinar-sobre-normativas-y-seguridad-en-cables-de-alarma-contra-incendio\\\/#breadcrumb\"},\"inLanguage\":\"es\",\"potentialAction\":[{\"@type\":\"ReadAction\",\"target\":[\"https:\\\/\\\/www.quebakan.com\\\/v15\\\/nexxt-infraestructura-anuncia-en-ecuador-nuevo-webinar-sobre-normativas-y-seguridad-en-cables-de-alarma-contra-incendio\\\/\"]}]},{\"@type\":\"ImageObject\",\"inLanguage\":\"es\",\"@id\":\"https:\\\/\\\/www.quebakan.com\\\/v15\\\/nexxt-infraestructura-anuncia-en-ecuador-nuevo-webinar-sobre-normativas-y-seguridad-en-cables-de-alarma-contra-incendio\\\/#primaryimage\",\"url\":\"https:\\\/\\\/www.quebakan.com\\\/v15\\\/wp-content\\\/uploads\\\/2026\\\/03\\\/Nexxt-Infraestructura-anuncia-webinar-sobre-normativas-y-seguridad-en-cables-de-alarma-contra-incendio-.jpg\",\"contentUrl\":\"https:\\\/\\\/www.quebakan.com\\\/v15\\\/wp-content\\\/uploads\\\/2026\\\/03\\\/Nexxt-Infraestructura-anuncia-webinar-sobre-normativas-y-seguridad-en-cables-de-alarma-contra-incendio-.jpg\",\"width\":700,\"height\":394},{\"@type\":\"BreadcrumbList\",\"@id\":\"https:\\\/\\\/www.quebakan.com\\\/v15\\\/nexxt-infraestructura-anuncia-en-ecuador-nuevo-webinar-sobre-normativas-y-seguridad-en-cables-de-alarma-contra-incendio\\\/#breadcrumb\",\"itemListElement\":[{\"@type\":\"ListItem\",\"position\":1,\"name\":\"Portada\",\"item\":\"https:\\\/\\\/www.quebakan.com\\\/v15\\\/\"},{\"@type\":\"ListItem\",\"position\":2,\"name\":\"Nexxt Infraestructura anuncia en Ecuador nuevo webinar sobre normativas y seguridad en cables de alarma contra incendio\"}]},{\"@type\":\"WebSite\",\"@id\":\"https:\\\/\\\/www.quebakan.com\\\/v15\\\/#website\",\"url\":\"https:\\\/\\\/www.quebakan.com\\\/v15\\\/\",\"name\":\"QUEBAKAN\",\"description\":\"..\",\"publisher\":{\"@id\":\"https:\\\/\\\/www.quebakan.com\\\/v15\\\/#organization\"},\"potentialAction\":[{\"@type\":\"SearchAction\",\"target\":{\"@type\":\"EntryPoint\",\"urlTemplate\":\"https:\\\/\\\/www.quebakan.com\\\/v15\\\/?s={search_term_string}\"},\"query-input\":{\"@type\":\"PropertyValueSpecification\",\"valueRequired\":true,\"valueName\":\"search_term_string\"}}],\"inLanguage\":\"es\"},{\"@type\":\"Organization\",\"@id\":\"https:\\\/\\\/www.quebakan.com\\\/v15\\\/#organization\",\"name\":\"Quebakan.com\",\"url\":\"https:\\\/\\\/www.quebakan.com\\\/v15\\\/\",\"logo\":{\"@type\":\"ImageObject\",\"inLanguage\":\"es\",\"@id\":\"https:\\\/\\\/www.quebakan.com\\\/v15\\\/#\\\/schema\\\/logo\\\/image\\\/\",\"url\":\"https:\\\/\\\/www.quebakan.com\\\/v15\\\/wp-content\\\/uploads\\\/2023\\\/07\\\/logoquebakanenero2021.jpg\",\"contentUrl\":\"https:\\\/\\\/www.quebakan.com\\\/v15\\\/wp-content\\\/uploads\\\/2023\\\/07\\\/logoquebakanenero2021.jpg\",\"width\":1920,\"height\":1080,\"caption\":\"Quebakan.com\"},\"image\":{\"@id\":\"https:\\\/\\\/www.quebakan.com\\\/v15\\\/#\\\/schema\\\/logo\\\/image\\\/\"},\"sameAs\":[\"http:\\\/\\\/www.facebook.com\\\/quebakan\",\"https:\\\/\\\/x.com\\\/quebakanec\",\"http:\\\/\\\/www.instagram.com\\\/quebakan\",\"http:\\\/\\\/www.youtube.com\\\/quebakan1\"]},{\"@type\":\"Person\",\"@id\":\"https:\\\/\\\/www.quebakan.com\\\/v15\\\/#\\\/schema\\\/person\\\/d90fa9f9cfa81eb8ace9811e5b7b9118\",\"name\":\"Erick Villafuerte\",\"image\":{\"@type\":\"ImageObject\",\"inLanguage\":\"es\",\"@id\":\"https:\\\/\\\/www.quebakan.com\\\/v15\\\/wp-content\\\/uploads\\\/avatars\\\/4\\\/1731297654-bpfull.png\",\"url\":\"https:\\\/\\\/www.quebakan.com\\\/v15\\\/wp-content\\\/uploads\\\/avatars\\\/4\\\/1731297654-bpfull.png\",\"contentUrl\":\"https:\\\/\\\/www.quebakan.com\\\/v15\\\/wp-content\\\/uploads\\\/avatars\\\/4\\\/1731297654-bpfull.png\",\"caption\":\"Erick Villafuerte\"}}]}<\/script>\n<!-- \/ Yoast SEO plugin. -->","yoast_head_json":{"title":"Nexxt Infraestructura anuncia en Ecuador nuevo webinar sobre normativas y seguridad en cables de alarma contra incendio &#8211; QUEBAKAN.COM 2026: Noticias, Eventos, Conciertos y mucho m\u00e1s....","robots":{"index":"index","follow":"follow","max-snippet":"max-snippet:-1","max-image-preview":"max-image-preview:large","max-video-preview":"max-video-preview:-1"},"canonical":"https:\/\/www.quebakan.com\/v15\/nexxt-infraestructura-anuncia-en-ecuador-nuevo-webinar-sobre-normativas-y-seguridad-en-cables-de-alarma-contra-incendio\/","og_locale":"es_ES","og_type":"article","og_title":"Nexxt Infraestructura anuncia en Ecuador nuevo webinar sobre normativas y seguridad en cables de alarma contra incendio &#8211; QUEBAKAN.COM 2026: Noticias, Eventos, Conciertos y mucho m\u00e1s....","og_description":"La sesi\u00f3n t\u00e9cnica, liderada por Jes\u00fas Alexander Guti\u00e9rrez G\u00f3mez, Regional Presales Engineer para Latinoam\u00e9rica y el Caribe de Nexxt Solutions Infraestructura, busca profesionalizar el dise\u00f1o de sistemas de seguridad cr\u00edtica en proyectos corporativos e industriales de la regi\u00f3n. Los asistentes tendr\u00e1n acceso a beneficios exclusivos mediante el registro de proyectos, incluyendo descuentos especiales y acompa\u00f1amiento [&hellip;]","og_url":"https:\/\/www.quebakan.com\/v15\/nexxt-infraestructura-anuncia-en-ecuador-nuevo-webinar-sobre-normativas-y-seguridad-en-cables-de-alarma-contra-incendio\/","og_site_name":"QUEBAKAN.COM 2026: Noticias, Eventos, Conciertos y mucho m\u00e1s....","article_publisher":"http:\/\/www.facebook.com\/quebakan","article_published_time":"2026-03-10T21:25:49+00:00","og_image":[{"width":700,"height":394,"url":"https:\/\/www.quebakan.com\/v15\/wp-content\/uploads\/2026\/03\/Nexxt-Infraestructura-anuncia-webinar-sobre-normativas-y-seguridad-en-cables-de-alarma-contra-incendio-.jpg","type":"image\/jpeg"}],"author":"Erick Villafuerte","twitter_card":"summary_large_image","twitter_creator":"@quebakanec","twitter_site":"@quebakanec","twitter_misc":{"Escrito por":"Erick Villafuerte","Tiempo de lectura":"4 minutos"},"schema":{"@context":"https:\/\/schema.org","@graph":[{"@type":"Article","@id":"https:\/\/www.quebakan.com\/v15\/nexxt-infraestructura-anuncia-en-ecuador-nuevo-webinar-sobre-normativas-y-seguridad-en-cables-de-alarma-contra-incendio\/#article","isPartOf":{"@id":"https:\/\/www.quebakan.com\/v15\/nexxt-infraestructura-anuncia-en-ecuador-nuevo-webinar-sobre-normativas-y-seguridad-en-cables-de-alarma-contra-incendio\/"},"author":{"name":"Erick Villafuerte","@id":"https:\/\/www.quebakan.com\/v15\/#\/schema\/person\/d90fa9f9cfa81eb8ace9811e5b7b9118"},"headline":"Nexxt Infraestructura anuncia en Ecuador nuevo webinar sobre normativas y seguridad en cables de alarma contra incendio","datePublished":"2026-03-10T21:25:49+00:00","mainEntityOfPage":{"@id":"https:\/\/www.quebakan.com\/v15\/nexxt-infraestructura-anuncia-en-ecuador-nuevo-webinar-sobre-normativas-y-seguridad-en-cables-de-alarma-contra-incendio\/"},"wordCount":602,"publisher":{"@id":"https:\/\/www.quebakan.com\/v15\/#organization"},"image":{"@id":"https:\/\/www.quebakan.com\/v15\/nexxt-infraestructura-anuncia-en-ecuador-nuevo-webinar-sobre-normativas-y-seguridad-en-cables-de-alarma-contra-incendio\/#primaryimage"},"thumbnailUrl":"https:\/\/www.quebakan.com\/v15\/wp-content\/uploads\/2026\/03\/Nexxt-Infraestructura-anuncia-webinar-sobre-normativas-y-seguridad-en-cables-de-alarma-contra-incendio-.jpg","articleSection":["Noticias"],"inLanguage":"es"},{"@type":"WebPage","@id":"https:\/\/www.quebakan.com\/v15\/nexxt-infraestructura-anuncia-en-ecuador-nuevo-webinar-sobre-normativas-y-seguridad-en-cables-de-alarma-contra-incendio\/","url":"https:\/\/www.quebakan.com\/v15\/nexxt-infraestructura-anuncia-en-ecuador-nuevo-webinar-sobre-normativas-y-seguridad-en-cables-de-alarma-contra-incendio\/","name":"Nexxt Infraestructura anuncia en Ecuador nuevo webinar sobre normativas y seguridad en cables de alarma contra incendio &#8211; QUEBAKAN.COM 2026: Noticias, Eventos, Conciertos y mucho m\u00e1s....","isPartOf":{"@id":"https:\/\/www.quebakan.com\/v15\/#website"},"primaryImageOfPage":{"@id":"https:\/\/www.quebakan.com\/v15\/nexxt-infraestructura-anuncia-en-ecuador-nuevo-webinar-sobre-normativas-y-seguridad-en-cables-de-alarma-contra-incendio\/#primaryimage"},"image":{"@id":"https:\/\/www.quebakan.com\/v15\/nexxt-infraestructura-anuncia-en-ecuador-nuevo-webinar-sobre-normativas-y-seguridad-en-cables-de-alarma-contra-incendio\/#primaryimage"},"thumbnailUrl":"https:\/\/www.quebakan.com\/v15\/wp-content\/uploads\/2026\/03\/Nexxt-Infraestructura-anuncia-webinar-sobre-normativas-y-seguridad-en-cables-de-alarma-contra-incendio-.jpg","datePublished":"2026-03-10T21:25:49+00:00","breadcrumb":{"@id":"https:\/\/www.quebakan.com\/v15\/nexxt-infraestructura-anuncia-en-ecuador-nuevo-webinar-sobre-normativas-y-seguridad-en-cables-de-alarma-contra-incendio\/#breadcrumb"},"inLanguage":"es","potentialAction":[{"@type":"ReadAction","target":["https:\/\/www.quebakan.com\/v15\/nexxt-infraestructura-anuncia-en-ecuador-nuevo-webinar-sobre-normativas-y-seguridad-en-cables-de-alarma-contra-incendio\/"]}]},{"@type":"ImageObject","inLanguage":"es","@id":"https:\/\/www.quebakan.com\/v15\/nexxt-infraestructura-anuncia-en-ecuador-nuevo-webinar-sobre-normativas-y-seguridad-en-cables-de-alarma-contra-incendio\/#primaryimage","url":"https:\/\/www.quebakan.com\/v15\/wp-content\/uploads\/2026\/03\/Nexxt-Infraestructura-anuncia-webinar-sobre-normativas-y-seguridad-en-cables-de-alarma-contra-incendio-.jpg","contentUrl":"https:\/\/www.quebakan.com\/v15\/wp-content\/uploads\/2026\/03\/Nexxt-Infraestructura-anuncia-webinar-sobre-normativas-y-seguridad-en-cables-de-alarma-contra-incendio-.jpg","width":700,"height":394},{"@type":"BreadcrumbList","@id":"https:\/\/www.quebakan.com\/v15\/nexxt-infraestructura-anuncia-en-ecuador-nuevo-webinar-sobre-normativas-y-seguridad-en-cables-de-alarma-contra-incendio\/#breadcrumb","itemListElement":[{"@type":"ListItem","position":1,"name":"Portada","item":"https:\/\/www.quebakan.com\/v15\/"},{"@type":"ListItem","position":2,"name":"Nexxt Infraestructura anuncia en Ecuador nuevo webinar sobre normativas y seguridad en cables de alarma contra incendio"}]},{"@type":"WebSite","@id":"https:\/\/www.quebakan.com\/v15\/#website","url":"https:\/\/www.quebakan.com\/v15\/","name":"QUEBAKAN","description":"..","publisher":{"@id":"https:\/\/www.quebakan.com\/v15\/#organization"},"potentialAction":[{"@type":"SearchAction","target":{"@type":"EntryPoint","urlTemplate":"https:\/\/www.quebakan.com\/v15\/?s={search_term_string}"},"query-input":{"@type":"PropertyValueSpecification","valueRequired":true,"valueName":"search_term_string"}}],"inLanguage":"es"},{"@type":"Organization","@id":"https:\/\/www.quebakan.com\/v15\/#organization","name":"Quebakan.com","url":"https:\/\/www.quebakan.com\/v15\/","logo":{"@type":"ImageObject","inLanguage":"es","@id":"https:\/\/www.quebakan.com\/v15\/#\/schema\/logo\/image\/","url":"https:\/\/www.quebakan.com\/v15\/wp-content\/uploads\/2023\/07\/logoquebakanenero2021.jpg","contentUrl":"https:\/\/www.quebakan.com\/v15\/wp-content\/uploads\/2023\/07\/logoquebakanenero2021.jpg","width":1920,"height":1080,"caption":"Quebakan.com"},"image":{"@id":"https:\/\/www.quebakan.com\/v15\/#\/schema\/logo\/image\/"},"sameAs":["http:\/\/www.facebook.com\/quebakan","https:\/\/x.com\/quebakanec","http:\/\/www.instagram.com\/quebakan","http:\/\/www.youtube.com\/quebakan1"]},{"@type":"Person","@id":"https:\/\/www.quebakan.com\/v15\/#\/schema\/person\/d90fa9f9cfa81eb8ace9811e5b7b9118","name":"Erick Villafuerte","image":{"@type":"ImageObject","inLanguage":"es","@id":"https:\/\/www.quebakan.com\/v15\/wp-content\/uploads\/avatars\/4\/1731297654-bpfull.png","url":"https:\/\/www.quebakan.com\/v15\/wp-content\/uploads\/avatars\/4\/1731297654-bpfull.png","contentUrl":"https:\/\/www.quebakan.com\/v15\/wp-content\/uploads\/avatars\/4\/1731297654-bpfull.png","caption":"Erick Villafuerte"}}]}},"_links":{"self":[{"href":"https:\/\/www.quebakan.com\/v15\/wp-json\/wp\/v2\/posts\/140647","targetHints":{"allow":["GET"]}}],"collection":[{"href":"https:\/\/www.quebakan.com\/v15\/wp-json\/wp\/v2\/posts"}],"about":[{"href":"https:\/\/www.quebakan.com\/v15\/wp-json\/wp\/v2\/types\/post"}],"author":[{"embeddable":true,"href":"https:\/\/www.quebakan.com\/v15\/wp-json\/wp\/v2\/users\/4"}],"replies":[{"embeddable":true,"href":"https:\/\/www.quebakan.com\/v15\/wp-json\/wp\/v2\/comments?post=140647"}],"version-history":[{"count":1,"href":"https:\/\/www.quebakan.com\/v15\/wp-json\/wp\/v2\/posts\/140647\/revisions"}],"predecessor-version":[{"id":140650,"href":"https:\/\/www.quebakan.com\/v15\/wp-json\/wp\/v2\/posts\/140647\/revisions\/140650"}],"wp:featuredmedia":[{"embeddable":true,"href":"https:\/\/www.quebakan.com\/v15\/wp-json\/wp\/v2\/media\/140648"}],"wp:attachment":[{"href":"https:\/\/www.quebakan.com\/v15\/wp-json\/wp\/v2\/media?parent=140647"}],"wp:term":[{"taxonomy":"category","embeddable":true,"href":"https:\/\/www.quebakan.com\/v15\/wp-json\/wp\/v2\/categories?post=140647"},{"taxonomy":"post_tag","embeddable":true,"href":"https:\/\/www.quebakan.com\/v15\/wp-json\/wp\/v2\/tags?post=140647"}],"curies":[{"name":"wp","href":"https:\/\/api.w.org\/{rel}","templated":true}]}}