{"id":140658,"date":"2026-03-11T12:46:09","date_gmt":"2026-03-11T17:46:09","guid":{"rendered":"https:\/\/www.quebakan.com\/v15\/?p=140658"},"modified":"2026-03-11T12:46:09","modified_gmt":"2026-03-11T17:46:09","slug":"el-consumidor-ecuatoriano-cambio-para-siempre-el-retail-ecuatoriano-se-reinventa-y-el-shopper-intencional-redefine-el-futuro-del-consumo","status":"publish","type":"post","link":"https:\/\/www.quebakan.com\/v15\/el-consumidor-ecuatoriano-cambio-para-siempre-el-retail-ecuatoriano-se-reinventa-y-el-shopper-intencional-redefine-el-futuro-del-consumo\/","title":{"rendered":"El consumidor ecuatoriano cambi\u00f3 para siempre: El retail ecuatoriano se reinventa y el shopper intencional redefine el futuro del consumo"},"content":{"rendered":"<p><img fetchpriority=\"high\" decoding=\"async\" class=\"aligncenter size-full wp-image-140659\" src=\"https:\/\/www.quebakan.com\/v15\/wp-content\/uploads\/2026\/03\/Retail-1.jpg\" alt=\"\" width=\"700\" height=\"618\" \/><\/p>\n<p style=\"text-align: justify;\"><span style=\"color: #000000;\"><strong>Quito, marzo de 2026.<\/strong> El retail en Ecuador est\u00e1 entrando en una etapa decisiva. La irrupci\u00f3n del <em>shopper intencional<\/em> \u2014un consumidor m\u00e1s anal\u00edtico, digital y enfocado en el valor\u2014 est\u00e1 transformando la forma en que los hogares compran y obligando a fabricantes y cadenas a replantear sus estrategias de crecimiento.<\/span><\/p>\n<p style=\"text-align: justify;\"><span style=\"color: #000000;\">As\u00ed lo revela el estudio \u201cReinventando el Retail: presente y futuro de los canales en Ecuador\u201d de Worldpanel by Numerator, que advierte que el sector vive una de sus mayores reconfiguraciones estructurales de la \u00faltima d\u00e9cada.<\/span><\/p>\n<p style=\"text-align: justify;\"><span style=\"color: #000000;\">\u201cHoy no basta con estar presente en el punto de venta; el \u00e9xito depender\u00e1 de entender profundamente c\u00f3mo decide comprar el shopper, qu\u00e9 valora y qu\u00e9 lo hace cambiar de canal o de marca. El consumidor ecuatoriano se ha vuelto m\u00e1s estrat\u00e9gico, y las empresas deben evolucionar al mismo ritmo.\u201d \u2014 <em>David Mora, Director de Nuevos Negocios y Advanced Analytics \u2013 Ecuador, Worldpanel by Numerator.<\/em><\/span><\/p>\n<p style=\"text-align: justify;\"><span style=\"color: #000000;\"><strong>El shopper m\u00e1s racional redefine las reglas del consumo<\/strong><\/span><\/p>\n<p style=\"text-align: justify;\"><span style=\"color: #000000;\">Impulsado por el contexto econ\u00f3mico, este consumidor equilibra su gasto para adquirir lo que realmente valoriza, toma decisiones m\u00e1s planificadas y utiliza mejor la informaci\u00f3n disponible para maximizar cada d\u00f3lar.<\/span><\/p>\n<p style=\"text-align: justify;\"><span style=\"color: #000000;\">Entre los cambios m\u00e1s relevantes detectados por el informe destacan:<\/span><\/p>\n<ul style=\"text-align: justify;\">\n<li><span style=\"color: #000000;\">M\u00e1s del 30% de los hogares visitan m\u00e1s de seis canales al a\u00f1o.<\/span><\/li>\n<li><span style=\"color: #000000;\">Cada compra registra 5% m\u00e1s unidades, reflejando misiones de abastecimiento mejor planificadas.<\/span><\/li>\n<li><span style=\"color: #000000;\">En Latinoam\u00e9rica, el shopper ya interact\u00faa con 8 a 9 canales, evidenciando un consumo cada vez m\u00e1s fragmentado.<\/span><\/li>\n<\/ul>\n<p style=\"text-align: justify;\"><span style=\"color: #000000;\">Este comportamiento marca el paso de un consumidor reactivo a uno estrat\u00e9gico, que combina canales f\u00edsicos y digitales para optimizar su presupuesto.<\/span><\/p>\n<p style=\"text-align: justify;\"><span style=\"color: #000000;\">El estudio identifica un entorno favorable para supermercados y discounters, impulsado por la b\u00fasqueda de propuestas de valor claras, mayor presencia de marcas premium y propias, y la expansi\u00f3n del comercio electr\u00f3nico, que ya alcanza 44% de penetraci\u00f3n (sin considerar WhatsApp).<\/span><\/p>\n<p style=\"text-align: justify;\"><span style=\"color: #000000;\">A nivel regional, los canales estructurados concentran cerca del 50% de las compras de consumo masivo, confirmando la modernizaci\u00f3n del retail.\u00a0 Sin embargo, el informe destaca que, aunque el cierre anual es positivo, algunos formatos muestran se\u00f1ales de desaceleraci\u00f3n en el corto plazo, lo que obliga a la industria a activar nuevas palancas de crecimiento.<\/span><\/p>\n<p style=\"text-align: justify;\"><span style=\"color: #000000;\"><strong>La marca propia deja de ser opci\u00f3n econ\u00f3mica y se vuelve estrategia<\/strong><\/span><\/p>\n<p style=\"text-align: justify;\"><span style=\"color: #000000;\">La confianza del consumidor en estas marcas contin\u00faa creciendo. En supermercados ya representan el 14% del gasto, consolid\u00e1ndose como alternativas s\u00f3lidas dentro del hogar ecuatoriano.\u00a0\u00a0 En el canal discount, su peso es a\u00fan m\u00e1s determinante, llegando a 82% del valor, lo que evidencia la fuerza de las propuestas enfocadas en ahorro.\u00a0 Para la industria, el desaf\u00edo ser\u00e1 encontrar el balance entre precio, calidad y diferenciaci\u00f3n.<\/span><\/p>\n<p style=\"text-align: justify;\"><span style=\"color: #000000;\"><strong>Ecuador se posiciona como mercado clave para el discount<\/strong><\/span><\/p>\n<p style=\"text-align: justify;\"><span style=\"color: #000000;\">El pa\u00eds ya figura entre los mercados con mayor madurez del canal de descuento en la regi\u00f3n \u2014solo por detr\u00e1s de Colombia\u2014 con indicadores que confirman su potencial:<\/span><\/p>\n<ul style=\"text-align: justify;\">\n<li><span style=\"color: #000000;\">10% de participaci\u00f3n del canal en el mercado<\/span><\/li>\n<li><span style=\"color: #000000;\">10% de \u00edndice de lealtad<\/span><\/li>\n<li><span style=\"color: #000000;\">Compras promedio cada 12 d\u00edas, con un crecimiento de frecuencia del 36%<\/span><\/li>\n<\/ul>\n<p style=\"text-align: justify;\"><span style=\"color: #000000;\"><strong>Las fuerzas que est\u00e1n transformando el retail<\/strong><\/span><\/p>\n<p style=\"text-align: justify;\"><span style=\"color: #000000;\">Cuatro tendencias ya est\u00e1n redefiniendo el canal moderno:<\/span><\/p>\n<ol style=\"text-align: justify;\">\n<li><span style=\"color: #000000;\">Digitalizaci\u00f3n acelerada y experiencias h\u00edbridas.<\/span><\/li>\n<li><span style=\"color: #000000;\">Mayor impacto de las marcas propias.<\/span><\/li>\n<li><span style=\"color: #000000;\">M\u00e1s unidades por compra, pero menos visitas.<\/span><\/li>\n<li><span style=\"color: #000000;\">Discounters y conveniencia como motores de cercan\u00eda y bajo desembolso.<\/span><\/li>\n<\/ol>\n<p style=\"text-align: justify;\"><span style=\"color: #000000;\">Worldpanel by Numerator identifica cinco ejes que marcar\u00e1n el futuro del sector:<\/span><\/p>\n<ul style=\"text-align: justify;\">\n<li><span style=\"color: #000000;\">Omnicanalidad real<\/span><\/li>\n<li><span style=\"color: #000000;\">Inteligencia artificial en toda la cadena<\/span><\/li>\n<li><span style=\"color: #000000;\">Automatizaci\u00f3n del piso de venta<\/span><\/li>\n<li><span style=\"color: #000000;\">Marca propia vinculada a sostenibilidad<\/span><\/li>\n<li><span style=\"color: #000000;\">Consolidaci\u00f3n de los principales jugadores<\/span><\/li>\n<\/ul>\n<p style=\"text-align: justify;\"><span style=\"color: #000000;\">El momento de actuar es ahora. Las compa\u00f1\u00edas que logren anticipar estos cambios liderar\u00e1n la pr\u00f3xima generaci\u00f3n del retail ecuatoriano; las que no, quedar\u00e1n rezagadas en un mercado que avanza con rapidez.<\/span><\/p>\n<p><img decoding=\"async\" class=\"aligncenter size-full wp-image-140660\" src=\"https:\/\/www.quebakan.com\/v15\/wp-content\/uploads\/2026\/03\/Retail-2.jpg\" alt=\"\" width=\"525\" height=\"700\" \/><\/p>\n","protected":false},"excerpt":{"rendered":"<p>Quito, marzo de 2026. El retail en Ecuador est\u00e1 entrando en una etapa decisiva. La irrupci\u00f3n del shopper intencional \u2014un consumidor m\u00e1s anal\u00edtico, digital y enfocado en el valor\u2014 est\u00e1 transformando la forma en que los hogares compran y obligando a fabricantes y cadenas a replantear sus estrategias de crecimiento. As\u00ed lo revela el estudio [&hellip;]<\/p>\n","protected":false},"author":4,"featured_media":140659,"comment_status":"closed","ping_status":"closed","sticky":false,"template":"","format":"standard","meta":{"_bbp_topic_count":0,"_bbp_reply_count":0,"_bbp_total_topic_count":0,"_bbp_total_reply_count":0,"_bbp_voice_count":0,"_bbp_anonymous_reply_count":0,"_bbp_topic_count_hidden":0,"_bbp_reply_count_hidden":0,"_bbp_forum_subforum_count":0,"buzzeditor_post_format":"","footnotes":""},"categories":[2],"tags":[],"class_list":["post-140658","post","type-post","status-publish","format-standard","has-post-thumbnail","hentry","category-noticias"],"yoast_head":"<!-- This site is optimized with the Yoast SEO plugin v27.5 - https:\/\/yoast.com\/product\/yoast-seo-wordpress\/ -->\n<title>El consumidor ecuatoriano cambi\u00f3 para siempre: El retail ecuatoriano se reinventa y el shopper intencional redefine el futuro del consumo &#8211; QUEBAKAN.COM 2026: Noticias, Eventos, Conciertos y mucho m\u00e1s....<\/title>\n<meta name=\"robots\" content=\"index, follow, max-snippet:-1, max-image-preview:large, max-video-preview:-1\" \/>\n<link rel=\"canonical\" href=\"https:\/\/www.quebakan.com\/v15\/el-consumidor-ecuatoriano-cambio-para-siempre-el-retail-ecuatoriano-se-reinventa-y-el-shopper-intencional-redefine-el-futuro-del-consumo\/\" \/>\n<meta property=\"og:locale\" content=\"es_ES\" \/>\n<meta property=\"og:type\" content=\"article\" \/>\n<meta property=\"og:title\" content=\"El consumidor ecuatoriano cambi\u00f3 para siempre: El retail ecuatoriano se reinventa y el shopper intencional redefine el futuro del consumo &#8211; QUEBAKAN.COM 2026: Noticias, Eventos, Conciertos y mucho m\u00e1s....\" \/>\n<meta property=\"og:description\" content=\"Quito, marzo de 2026. El retail en Ecuador est\u00e1 entrando en una etapa decisiva. La irrupci\u00f3n del shopper intencional \u2014un consumidor m\u00e1s anal\u00edtico, digital y enfocado en el valor\u2014 est\u00e1 transformando la forma en que los hogares compran y obligando a fabricantes y cadenas a replantear sus estrategias de crecimiento. As\u00ed lo revela el estudio [&hellip;]\" \/>\n<meta property=\"og:url\" content=\"https:\/\/www.quebakan.com\/v15\/el-consumidor-ecuatoriano-cambio-para-siempre-el-retail-ecuatoriano-se-reinventa-y-el-shopper-intencional-redefine-el-futuro-del-consumo\/\" \/>\n<meta property=\"og:site_name\" content=\"QUEBAKAN.COM 2026: Noticias, Eventos, Conciertos y mucho m\u00e1s....\" \/>\n<meta property=\"article:publisher\" content=\"http:\/\/www.facebook.com\/quebakan\" \/>\n<meta property=\"article:published_time\" content=\"2026-03-11T17:46:09+00:00\" \/>\n<meta property=\"og:image\" content=\"https:\/\/www.quebakan.com\/v15\/wp-content\/uploads\/2026\/03\/Retail-1.jpg\" \/>\n\t<meta property=\"og:image:width\" content=\"700\" \/>\n\t<meta property=\"og:image:height\" content=\"618\" \/>\n\t<meta property=\"og:image:type\" content=\"image\/jpeg\" \/>\n<meta name=\"author\" content=\"Erick Villafuerte\" \/>\n<meta name=\"twitter:card\" content=\"summary_large_image\" \/>\n<meta name=\"twitter:creator\" content=\"@quebakanec\" \/>\n<meta name=\"twitter:site\" content=\"@quebakanec\" \/>\n<meta name=\"twitter:label1\" content=\"Escrito por\" \/>\n\t<meta name=\"twitter:data1\" content=\"Erick Villafuerte\" \/>\n\t<meta name=\"twitter:label2\" content=\"Tiempo de lectura\" \/>\n\t<meta name=\"twitter:data2\" content=\"4 minutos\" \/>\n<script type=\"application\/ld+json\" class=\"yoast-schema-graph\">{\"@context\":\"https:\\\/\\\/schema.org\",\"@graph\":[{\"@type\":\"Article\",\"@id\":\"https:\\\/\\\/www.quebakan.com\\\/v15\\\/el-consumidor-ecuatoriano-cambio-para-siempre-el-retail-ecuatoriano-se-reinventa-y-el-shopper-intencional-redefine-el-futuro-del-consumo\\\/#article\",\"isPartOf\":{\"@id\":\"https:\\\/\\\/www.quebakan.com\\\/v15\\\/el-consumidor-ecuatoriano-cambio-para-siempre-el-retail-ecuatoriano-se-reinventa-y-el-shopper-intencional-redefine-el-futuro-del-consumo\\\/\"},\"author\":{\"name\":\"Erick Villafuerte\",\"@id\":\"https:\\\/\\\/www.quebakan.com\\\/v15\\\/#\\\/schema\\\/person\\\/d90fa9f9cfa81eb8ace9811e5b7b9118\"},\"headline\":\"El consumidor ecuatoriano cambi\u00f3 para siempre: El retail ecuatoriano se reinventa y el shopper intencional redefine el futuro del consumo\",\"datePublished\":\"2026-03-11T17:46:09+00:00\",\"mainEntityOfPage\":{\"@id\":\"https:\\\/\\\/www.quebakan.com\\\/v15\\\/el-consumidor-ecuatoriano-cambio-para-siempre-el-retail-ecuatoriano-se-reinventa-y-el-shopper-intencional-redefine-el-futuro-del-consumo\\\/\"},\"wordCount\":672,\"publisher\":{\"@id\":\"https:\\\/\\\/www.quebakan.com\\\/v15\\\/#organization\"},\"image\":{\"@id\":\"https:\\\/\\\/www.quebakan.com\\\/v15\\\/el-consumidor-ecuatoriano-cambio-para-siempre-el-retail-ecuatoriano-se-reinventa-y-el-shopper-intencional-redefine-el-futuro-del-consumo\\\/#primaryimage\"},\"thumbnailUrl\":\"https:\\\/\\\/www.quebakan.com\\\/v15\\\/wp-content\\\/uploads\\\/2026\\\/03\\\/Retail-1.jpg\",\"articleSection\":[\"Noticias\"],\"inLanguage\":\"es\"},{\"@type\":\"WebPage\",\"@id\":\"https:\\\/\\\/www.quebakan.com\\\/v15\\\/el-consumidor-ecuatoriano-cambio-para-siempre-el-retail-ecuatoriano-se-reinventa-y-el-shopper-intencional-redefine-el-futuro-del-consumo\\\/\",\"url\":\"https:\\\/\\\/www.quebakan.com\\\/v15\\\/el-consumidor-ecuatoriano-cambio-para-siempre-el-retail-ecuatoriano-se-reinventa-y-el-shopper-intencional-redefine-el-futuro-del-consumo\\\/\",\"name\":\"El consumidor ecuatoriano cambi\u00f3 para siempre: El retail ecuatoriano se reinventa y el shopper intencional redefine el futuro del consumo &#8211; QUEBAKAN.COM 2026: Noticias, Eventos, Conciertos y mucho m\u00e1s....\",\"isPartOf\":{\"@id\":\"https:\\\/\\\/www.quebakan.com\\\/v15\\\/#website\"},\"primaryImageOfPage\":{\"@id\":\"https:\\\/\\\/www.quebakan.com\\\/v15\\\/el-consumidor-ecuatoriano-cambio-para-siempre-el-retail-ecuatoriano-se-reinventa-y-el-shopper-intencional-redefine-el-futuro-del-consumo\\\/#primaryimage\"},\"image\":{\"@id\":\"https:\\\/\\\/www.quebakan.com\\\/v15\\\/el-consumidor-ecuatoriano-cambio-para-siempre-el-retail-ecuatoriano-se-reinventa-y-el-shopper-intencional-redefine-el-futuro-del-consumo\\\/#primaryimage\"},\"thumbnailUrl\":\"https:\\\/\\\/www.quebakan.com\\\/v15\\\/wp-content\\\/uploads\\\/2026\\\/03\\\/Retail-1.jpg\",\"datePublished\":\"2026-03-11T17:46:09+00:00\",\"breadcrumb\":{\"@id\":\"https:\\\/\\\/www.quebakan.com\\\/v15\\\/el-consumidor-ecuatoriano-cambio-para-siempre-el-retail-ecuatoriano-se-reinventa-y-el-shopper-intencional-redefine-el-futuro-del-consumo\\\/#breadcrumb\"},\"inLanguage\":\"es\",\"potentialAction\":[{\"@type\":\"ReadAction\",\"target\":[\"https:\\\/\\\/www.quebakan.com\\\/v15\\\/el-consumidor-ecuatoriano-cambio-para-siempre-el-retail-ecuatoriano-se-reinventa-y-el-shopper-intencional-redefine-el-futuro-del-consumo\\\/\"]}]},{\"@type\":\"ImageObject\",\"inLanguage\":\"es\",\"@id\":\"https:\\\/\\\/www.quebakan.com\\\/v15\\\/el-consumidor-ecuatoriano-cambio-para-siempre-el-retail-ecuatoriano-se-reinventa-y-el-shopper-intencional-redefine-el-futuro-del-consumo\\\/#primaryimage\",\"url\":\"https:\\\/\\\/www.quebakan.com\\\/v15\\\/wp-content\\\/uploads\\\/2026\\\/03\\\/Retail-1.jpg\",\"contentUrl\":\"https:\\\/\\\/www.quebakan.com\\\/v15\\\/wp-content\\\/uploads\\\/2026\\\/03\\\/Retail-1.jpg\",\"width\":700,\"height\":618},{\"@type\":\"BreadcrumbList\",\"@id\":\"https:\\\/\\\/www.quebakan.com\\\/v15\\\/el-consumidor-ecuatoriano-cambio-para-siempre-el-retail-ecuatoriano-se-reinventa-y-el-shopper-intencional-redefine-el-futuro-del-consumo\\\/#breadcrumb\",\"itemListElement\":[{\"@type\":\"ListItem\",\"position\":1,\"name\":\"Portada\",\"item\":\"https:\\\/\\\/www.quebakan.com\\\/v15\\\/\"},{\"@type\":\"ListItem\",\"position\":2,\"name\":\"El consumidor ecuatoriano cambi\u00f3 para siempre: El retail ecuatoriano se reinventa y el shopper intencional redefine el futuro del consumo\"}]},{\"@type\":\"WebSite\",\"@id\":\"https:\\\/\\\/www.quebakan.com\\\/v15\\\/#website\",\"url\":\"https:\\\/\\\/www.quebakan.com\\\/v15\\\/\",\"name\":\"QUEBAKAN\",\"description\":\"..\",\"publisher\":{\"@id\":\"https:\\\/\\\/www.quebakan.com\\\/v15\\\/#organization\"},\"potentialAction\":[{\"@type\":\"SearchAction\",\"target\":{\"@type\":\"EntryPoint\",\"urlTemplate\":\"https:\\\/\\\/www.quebakan.com\\\/v15\\\/?s={search_term_string}\"},\"query-input\":{\"@type\":\"PropertyValueSpecification\",\"valueRequired\":true,\"valueName\":\"search_term_string\"}}],\"inLanguage\":\"es\"},{\"@type\":\"Organization\",\"@id\":\"https:\\\/\\\/www.quebakan.com\\\/v15\\\/#organization\",\"name\":\"Quebakan.com\",\"url\":\"https:\\\/\\\/www.quebakan.com\\\/v15\\\/\",\"logo\":{\"@type\":\"ImageObject\",\"inLanguage\":\"es\",\"@id\":\"https:\\\/\\\/www.quebakan.com\\\/v15\\\/#\\\/schema\\\/logo\\\/image\\\/\",\"url\":\"https:\\\/\\\/www.quebakan.com\\\/v15\\\/wp-content\\\/uploads\\\/2023\\\/07\\\/logoquebakanenero2021.jpg\",\"contentUrl\":\"https:\\\/\\\/www.quebakan.com\\\/v15\\\/wp-content\\\/uploads\\\/2023\\\/07\\\/logoquebakanenero2021.jpg\",\"width\":1920,\"height\":1080,\"caption\":\"Quebakan.com\"},\"image\":{\"@id\":\"https:\\\/\\\/www.quebakan.com\\\/v15\\\/#\\\/schema\\\/logo\\\/image\\\/\"},\"sameAs\":[\"http:\\\/\\\/www.facebook.com\\\/quebakan\",\"https:\\\/\\\/x.com\\\/quebakanec\",\"http:\\\/\\\/www.instagram.com\\\/quebakan\",\"http:\\\/\\\/www.youtube.com\\\/quebakan1\"]},{\"@type\":\"Person\",\"@id\":\"https:\\\/\\\/www.quebakan.com\\\/v15\\\/#\\\/schema\\\/person\\\/d90fa9f9cfa81eb8ace9811e5b7b9118\",\"name\":\"Erick Villafuerte\",\"image\":{\"@type\":\"ImageObject\",\"inLanguage\":\"es\",\"@id\":\"https:\\\/\\\/www.quebakan.com\\\/v15\\\/wp-content\\\/uploads\\\/avatars\\\/4\\\/1731297654-bpfull.png\",\"url\":\"https:\\\/\\\/www.quebakan.com\\\/v15\\\/wp-content\\\/uploads\\\/avatars\\\/4\\\/1731297654-bpfull.png\",\"contentUrl\":\"https:\\\/\\\/www.quebakan.com\\\/v15\\\/wp-content\\\/uploads\\\/avatars\\\/4\\\/1731297654-bpfull.png\",\"caption\":\"Erick Villafuerte\"}}]}<\/script>\n<!-- \/ Yoast SEO plugin. -->","yoast_head_json":{"title":"El consumidor ecuatoriano cambi\u00f3 para siempre: El retail ecuatoriano se reinventa y el shopper intencional redefine el futuro del consumo &#8211; QUEBAKAN.COM 2026: Noticias, Eventos, Conciertos y mucho m\u00e1s....","robots":{"index":"index","follow":"follow","max-snippet":"max-snippet:-1","max-image-preview":"max-image-preview:large","max-video-preview":"max-video-preview:-1"},"canonical":"https:\/\/www.quebakan.com\/v15\/el-consumidor-ecuatoriano-cambio-para-siempre-el-retail-ecuatoriano-se-reinventa-y-el-shopper-intencional-redefine-el-futuro-del-consumo\/","og_locale":"es_ES","og_type":"article","og_title":"El consumidor ecuatoriano cambi\u00f3 para siempre: El retail ecuatoriano se reinventa y el shopper intencional redefine el futuro del consumo &#8211; QUEBAKAN.COM 2026: Noticias, Eventos, Conciertos y mucho m\u00e1s....","og_description":"Quito, marzo de 2026. El retail en Ecuador est\u00e1 entrando en una etapa decisiva. La irrupci\u00f3n del shopper intencional \u2014un consumidor m\u00e1s anal\u00edtico, digital y enfocado en el valor\u2014 est\u00e1 transformando la forma en que los hogares compran y obligando a fabricantes y cadenas a replantear sus estrategias de crecimiento. As\u00ed lo revela el estudio [&hellip;]","og_url":"https:\/\/www.quebakan.com\/v15\/el-consumidor-ecuatoriano-cambio-para-siempre-el-retail-ecuatoriano-se-reinventa-y-el-shopper-intencional-redefine-el-futuro-del-consumo\/","og_site_name":"QUEBAKAN.COM 2026: Noticias, Eventos, Conciertos y mucho m\u00e1s....","article_publisher":"http:\/\/www.facebook.com\/quebakan","article_published_time":"2026-03-11T17:46:09+00:00","og_image":[{"width":700,"height":618,"url":"https:\/\/www.quebakan.com\/v15\/wp-content\/uploads\/2026\/03\/Retail-1.jpg","type":"image\/jpeg"}],"author":"Erick Villafuerte","twitter_card":"summary_large_image","twitter_creator":"@quebakanec","twitter_site":"@quebakanec","twitter_misc":{"Escrito por":"Erick Villafuerte","Tiempo de lectura":"4 minutos"},"schema":{"@context":"https:\/\/schema.org","@graph":[{"@type":"Article","@id":"https:\/\/www.quebakan.com\/v15\/el-consumidor-ecuatoriano-cambio-para-siempre-el-retail-ecuatoriano-se-reinventa-y-el-shopper-intencional-redefine-el-futuro-del-consumo\/#article","isPartOf":{"@id":"https:\/\/www.quebakan.com\/v15\/el-consumidor-ecuatoriano-cambio-para-siempre-el-retail-ecuatoriano-se-reinventa-y-el-shopper-intencional-redefine-el-futuro-del-consumo\/"},"author":{"name":"Erick Villafuerte","@id":"https:\/\/www.quebakan.com\/v15\/#\/schema\/person\/d90fa9f9cfa81eb8ace9811e5b7b9118"},"headline":"El consumidor ecuatoriano cambi\u00f3 para siempre: El retail ecuatoriano se reinventa y el shopper intencional redefine el futuro del consumo","datePublished":"2026-03-11T17:46:09+00:00","mainEntityOfPage":{"@id":"https:\/\/www.quebakan.com\/v15\/el-consumidor-ecuatoriano-cambio-para-siempre-el-retail-ecuatoriano-se-reinventa-y-el-shopper-intencional-redefine-el-futuro-del-consumo\/"},"wordCount":672,"publisher":{"@id":"https:\/\/www.quebakan.com\/v15\/#organization"},"image":{"@id":"https:\/\/www.quebakan.com\/v15\/el-consumidor-ecuatoriano-cambio-para-siempre-el-retail-ecuatoriano-se-reinventa-y-el-shopper-intencional-redefine-el-futuro-del-consumo\/#primaryimage"},"thumbnailUrl":"https:\/\/www.quebakan.com\/v15\/wp-content\/uploads\/2026\/03\/Retail-1.jpg","articleSection":["Noticias"],"inLanguage":"es"},{"@type":"WebPage","@id":"https:\/\/www.quebakan.com\/v15\/el-consumidor-ecuatoriano-cambio-para-siempre-el-retail-ecuatoriano-se-reinventa-y-el-shopper-intencional-redefine-el-futuro-del-consumo\/","url":"https:\/\/www.quebakan.com\/v15\/el-consumidor-ecuatoriano-cambio-para-siempre-el-retail-ecuatoriano-se-reinventa-y-el-shopper-intencional-redefine-el-futuro-del-consumo\/","name":"El consumidor ecuatoriano cambi\u00f3 para siempre: El retail ecuatoriano se reinventa y el shopper intencional redefine el futuro del consumo &#8211; QUEBAKAN.COM 2026: Noticias, Eventos, Conciertos y mucho m\u00e1s....","isPartOf":{"@id":"https:\/\/www.quebakan.com\/v15\/#website"},"primaryImageOfPage":{"@id":"https:\/\/www.quebakan.com\/v15\/el-consumidor-ecuatoriano-cambio-para-siempre-el-retail-ecuatoriano-se-reinventa-y-el-shopper-intencional-redefine-el-futuro-del-consumo\/#primaryimage"},"image":{"@id":"https:\/\/www.quebakan.com\/v15\/el-consumidor-ecuatoriano-cambio-para-siempre-el-retail-ecuatoriano-se-reinventa-y-el-shopper-intencional-redefine-el-futuro-del-consumo\/#primaryimage"},"thumbnailUrl":"https:\/\/www.quebakan.com\/v15\/wp-content\/uploads\/2026\/03\/Retail-1.jpg","datePublished":"2026-03-11T17:46:09+00:00","breadcrumb":{"@id":"https:\/\/www.quebakan.com\/v15\/el-consumidor-ecuatoriano-cambio-para-siempre-el-retail-ecuatoriano-se-reinventa-y-el-shopper-intencional-redefine-el-futuro-del-consumo\/#breadcrumb"},"inLanguage":"es","potentialAction":[{"@type":"ReadAction","target":["https:\/\/www.quebakan.com\/v15\/el-consumidor-ecuatoriano-cambio-para-siempre-el-retail-ecuatoriano-se-reinventa-y-el-shopper-intencional-redefine-el-futuro-del-consumo\/"]}]},{"@type":"ImageObject","inLanguage":"es","@id":"https:\/\/www.quebakan.com\/v15\/el-consumidor-ecuatoriano-cambio-para-siempre-el-retail-ecuatoriano-se-reinventa-y-el-shopper-intencional-redefine-el-futuro-del-consumo\/#primaryimage","url":"https:\/\/www.quebakan.com\/v15\/wp-content\/uploads\/2026\/03\/Retail-1.jpg","contentUrl":"https:\/\/www.quebakan.com\/v15\/wp-content\/uploads\/2026\/03\/Retail-1.jpg","width":700,"height":618},{"@type":"BreadcrumbList","@id":"https:\/\/www.quebakan.com\/v15\/el-consumidor-ecuatoriano-cambio-para-siempre-el-retail-ecuatoriano-se-reinventa-y-el-shopper-intencional-redefine-el-futuro-del-consumo\/#breadcrumb","itemListElement":[{"@type":"ListItem","position":1,"name":"Portada","item":"https:\/\/www.quebakan.com\/v15\/"},{"@type":"ListItem","position":2,"name":"El consumidor ecuatoriano cambi\u00f3 para siempre: El retail ecuatoriano se reinventa y el shopper intencional redefine el futuro del consumo"}]},{"@type":"WebSite","@id":"https:\/\/www.quebakan.com\/v15\/#website","url":"https:\/\/www.quebakan.com\/v15\/","name":"QUEBAKAN","description":"..","publisher":{"@id":"https:\/\/www.quebakan.com\/v15\/#organization"},"potentialAction":[{"@type":"SearchAction","target":{"@type":"EntryPoint","urlTemplate":"https:\/\/www.quebakan.com\/v15\/?s={search_term_string}"},"query-input":{"@type":"PropertyValueSpecification","valueRequired":true,"valueName":"search_term_string"}}],"inLanguage":"es"},{"@type":"Organization","@id":"https:\/\/www.quebakan.com\/v15\/#organization","name":"Quebakan.com","url":"https:\/\/www.quebakan.com\/v15\/","logo":{"@type":"ImageObject","inLanguage":"es","@id":"https:\/\/www.quebakan.com\/v15\/#\/schema\/logo\/image\/","url":"https:\/\/www.quebakan.com\/v15\/wp-content\/uploads\/2023\/07\/logoquebakanenero2021.jpg","contentUrl":"https:\/\/www.quebakan.com\/v15\/wp-content\/uploads\/2023\/07\/logoquebakanenero2021.jpg","width":1920,"height":1080,"caption":"Quebakan.com"},"image":{"@id":"https:\/\/www.quebakan.com\/v15\/#\/schema\/logo\/image\/"},"sameAs":["http:\/\/www.facebook.com\/quebakan","https:\/\/x.com\/quebakanec","http:\/\/www.instagram.com\/quebakan","http:\/\/www.youtube.com\/quebakan1"]},{"@type":"Person","@id":"https:\/\/www.quebakan.com\/v15\/#\/schema\/person\/d90fa9f9cfa81eb8ace9811e5b7b9118","name":"Erick Villafuerte","image":{"@type":"ImageObject","inLanguage":"es","@id":"https:\/\/www.quebakan.com\/v15\/wp-content\/uploads\/avatars\/4\/1731297654-bpfull.png","url":"https:\/\/www.quebakan.com\/v15\/wp-content\/uploads\/avatars\/4\/1731297654-bpfull.png","contentUrl":"https:\/\/www.quebakan.com\/v15\/wp-content\/uploads\/avatars\/4\/1731297654-bpfull.png","caption":"Erick Villafuerte"}}]}},"_links":{"self":[{"href":"https:\/\/www.quebakan.com\/v15\/wp-json\/wp\/v2\/posts\/140658","targetHints":{"allow":["GET"]}}],"collection":[{"href":"https:\/\/www.quebakan.com\/v15\/wp-json\/wp\/v2\/posts"}],"about":[{"href":"https:\/\/www.quebakan.com\/v15\/wp-json\/wp\/v2\/types\/post"}],"author":[{"embeddable":true,"href":"https:\/\/www.quebakan.com\/v15\/wp-json\/wp\/v2\/users\/4"}],"replies":[{"embeddable":true,"href":"https:\/\/www.quebakan.com\/v15\/wp-json\/wp\/v2\/comments?post=140658"}],"version-history":[{"count":1,"href":"https:\/\/www.quebakan.com\/v15\/wp-json\/wp\/v2\/posts\/140658\/revisions"}],"predecessor-version":[{"id":140661,"href":"https:\/\/www.quebakan.com\/v15\/wp-json\/wp\/v2\/posts\/140658\/revisions\/140661"}],"wp:featuredmedia":[{"embeddable":true,"href":"https:\/\/www.quebakan.com\/v15\/wp-json\/wp\/v2\/media\/140659"}],"wp:attachment":[{"href":"https:\/\/www.quebakan.com\/v15\/wp-json\/wp\/v2\/media?parent=140658"}],"wp:term":[{"taxonomy":"category","embeddable":true,"href":"https:\/\/www.quebakan.com\/v15\/wp-json\/wp\/v2\/categories?post=140658"},{"taxonomy":"post_tag","embeddable":true,"href":"https:\/\/www.quebakan.com\/v15\/wp-json\/wp\/v2\/tags?post=140658"}],"curies":[{"name":"wp","href":"https:\/\/api.w.org\/{rel}","templated":true}]}}