{"id":140668,"date":"2026-03-11T14:13:01","date_gmt":"2026-03-11T19:13:01","guid":{"rendered":"https:\/\/www.quebakan.com\/v15\/?p=140668"},"modified":"2026-03-11T14:13:01","modified_gmt":"2026-03-11T19:13:01","slug":"mas-de-100-ecuatorianos-retoman-sus-estudios-y-se-graduan-como-bachilleres","status":"publish","type":"post","link":"https:\/\/www.quebakan.com\/v15\/mas-de-100-ecuatorianos-retoman-sus-estudios-y-se-graduan-como-bachilleres\/","title":{"rendered":"M\u00c1S DE 100 ECUATORIANOS RETOMAN SUS ESTUDIOS Y SE GRAD\u00daAN COMO BACHILLERES"},"content":{"rendered":"<p><img fetchpriority=\"high\" decoding=\"async\" class=\"aligncenter size-full wp-image-140669\" src=\"https:\/\/www.quebakan.com\/v15\/wp-content\/uploads\/2026\/03\/Foto-1-2.jpg\" alt=\"\" width=\"700\" height=\"525\" \/><\/p>\n<p style=\"text-align: justify;\"><span style=\"color: #000000;\"><strong>Guayaquil marzo de 2026.- <\/strong>En un contexto donde la deserci\u00f3n escolar contin\u00faa siendo un desaf\u00edo para el pa\u00eds, el programa UNEDIS de la Sociedad de Beneficencia de Se\u00f1oras de Guayaquil marca un avance significativo al graduar a 102 estudiantes en su Promoci\u00f3n marzo 2026, contribuyendo a ampliar las oportunidades educativas para j\u00f3venes y adultos que no culminaron sus estudios secundarios.<\/span><\/p>\n<p style=\"text-align: justify;\"><span style=\"color: #000000;\">Desde su creaci\u00f3n en 2023, UNEDIS se ha consolidado como una alternativa educativa para j\u00f3venes y adultos mayores de 18 a\u00f1os que abandonaron el sistema escolar tradicional. A trav\u00e9s de una modalidad virtual flexible, el programa permite retomar los estudios y obtener el t\u00edtulo de bachiller, ampliando as\u00ed las oportunidades de empleo, emprendimiento y acceso a educaci\u00f3n superior.<\/span><\/p>\n<p style=\"text-align: justify;\"><span style=\"color: #000000;\">Con esta quinta promoci\u00f3n, UNEDIS alcanza un total de 400 bachilleres graduados en apenas tres a\u00f1os de funcionamiento, cifra que evidencia el crecimiento sostenido del programa y su aporte concreto al desarrollo social del pa\u00eds.<\/span><\/p>\n<p style=\"text-align: justify;\"><span style=\"color: #000000;\">Los graduados completaron los niveles de Educaci\u00f3n General B\u00e1sica Superior (8.\u00b0, 9.\u00b0 y 10.\u00b0) y Bachillerato General Unificado (1.\u00b0, 2.\u00b0 y 3.\u00b0 BGU), cumpliendo con la normativa educativa vigente y obteniendo un t\u00edtulo oficial reconocido por el sistema nacional.<\/span><\/p>\n<p style=\"text-align: justify;\"><span style=\"color: #000000;\">M\u00e1s all\u00e1 de la formaci\u00f3n acad\u00e9mica, UNEDIS incorpora asignaturas orientadas a la vida pr\u00e1ctica y al mercado laboral, como an\u00e1lisis y resoluci\u00f3n de problemas, ventas y marketing digital y educaci\u00f3n financiera. Este enfoque busca no solo cerrar una brecha educativa, sino tambi\u00e9n fortalecer habilidades clave para la inserci\u00f3n productiva y el desarrollo econ\u00f3mico personal.<\/span><\/p>\n<p style=\"text-align: justify;\"><span style=\"color: #000000;\">El programa est\u00e1 dirigido a personas sin l\u00edmite de edad, promoviendo la inclusi\u00f3n educativa y brindando una segunda oportunidad a quienes, por factores econ\u00f3micos, sociales o familiares, no pudieron culminar su formaci\u00f3n en su momento.<\/span><\/p>\n<p style=\"text-align: justify;\"><span style=\"color: #000000;\">La ceremonia de graduaci\u00f3n simboliza mucho m\u00e1s que la entrega de un t\u00edtulo: representa historias de resiliencia, superaci\u00f3n y movilidad social, demostrando que la educaci\u00f3n contin\u00faa siendo una herramienta fundamental para transformar vidas y comunidades.<\/span><\/p>\n","protected":false},"excerpt":{"rendered":"<p>Guayaquil marzo de 2026.- En un contexto donde la deserci\u00f3n escolar contin\u00faa siendo un desaf\u00edo para el pa\u00eds, el programa UNEDIS de la Sociedad de Beneficencia de Se\u00f1oras de Guayaquil marca un avance significativo al graduar a 102 estudiantes en su Promoci\u00f3n marzo 2026, contribuyendo a ampliar las oportunidades educativas para j\u00f3venes y adultos que [&hellip;]<\/p>\n","protected":false},"author":4,"featured_media":140669,"comment_status":"closed","ping_status":"closed","sticky":false,"template":"","format":"standard","meta":{"_bbp_topic_count":0,"_bbp_reply_count":0,"_bbp_total_topic_count":0,"_bbp_total_reply_count":0,"_bbp_voice_count":0,"_bbp_anonymous_reply_count":0,"_bbp_topic_count_hidden":0,"_bbp_reply_count_hidden":0,"_bbp_forum_subforum_count":0,"buzzeditor_post_format":"","footnotes":""},"categories":[2],"tags":[],"class_list":["post-140668","post","type-post","status-publish","format-standard","has-post-thumbnail","hentry","category-noticias"],"yoast_head":"<!-- This site is optimized with the Yoast SEO plugin v27.5 - https:\/\/yoast.com\/product\/yoast-seo-wordpress\/ -->\n<title>M\u00c1S DE 100 ECUATORIANOS RETOMAN SUS ESTUDIOS Y SE GRAD\u00daAN COMO BACHILLERES &#8211; QUEBAKAN.COM 2026: Noticias, Eventos, Conciertos y mucho m\u00e1s....<\/title>\n<meta name=\"robots\" content=\"index, follow, max-snippet:-1, max-image-preview:large, max-video-preview:-1\" \/>\n<link rel=\"canonical\" href=\"https:\/\/www.quebakan.com\/v15\/mas-de-100-ecuatorianos-retoman-sus-estudios-y-se-graduan-como-bachilleres\/\" \/>\n<meta property=\"og:locale\" content=\"es_ES\" \/>\n<meta property=\"og:type\" content=\"article\" \/>\n<meta property=\"og:title\" content=\"M\u00c1S DE 100 ECUATORIANOS RETOMAN SUS ESTUDIOS Y SE GRAD\u00daAN COMO BACHILLERES &#8211; QUEBAKAN.COM 2026: Noticias, Eventos, Conciertos y mucho m\u00e1s....\" \/>\n<meta property=\"og:description\" content=\"Guayaquil marzo de 2026.- En un contexto donde la deserci\u00f3n escolar contin\u00faa siendo un desaf\u00edo para el pa\u00eds, el programa UNEDIS de la Sociedad de Beneficencia de Se\u00f1oras de Guayaquil marca un avance significativo al graduar a 102 estudiantes en su Promoci\u00f3n marzo 2026, contribuyendo a ampliar las oportunidades educativas para j\u00f3venes y adultos que [&hellip;]\" \/>\n<meta property=\"og:url\" content=\"https:\/\/www.quebakan.com\/v15\/mas-de-100-ecuatorianos-retoman-sus-estudios-y-se-graduan-como-bachilleres\/\" \/>\n<meta property=\"og:site_name\" content=\"QUEBAKAN.COM 2026: Noticias, Eventos, Conciertos y mucho m\u00e1s....\" \/>\n<meta property=\"article:publisher\" content=\"http:\/\/www.facebook.com\/quebakan\" \/>\n<meta property=\"article:published_time\" content=\"2026-03-11T19:13:01+00:00\" \/>\n<meta property=\"og:image\" content=\"https:\/\/www.quebakan.com\/v15\/wp-content\/uploads\/2026\/03\/Foto-1-2.jpg\" \/>\n\t<meta property=\"og:image:width\" content=\"700\" \/>\n\t<meta property=\"og:image:height\" content=\"525\" \/>\n\t<meta property=\"og:image:type\" content=\"image\/jpeg\" \/>\n<meta name=\"author\" content=\"Erick Villafuerte\" \/>\n<meta name=\"twitter:card\" content=\"summary_large_image\" \/>\n<meta name=\"twitter:creator\" content=\"@quebakanec\" \/>\n<meta name=\"twitter:site\" content=\"@quebakanec\" \/>\n<meta name=\"twitter:label1\" content=\"Escrito por\" \/>\n\t<meta name=\"twitter:data1\" content=\"Erick Villafuerte\" \/>\n\t<meta name=\"twitter:label2\" content=\"Tiempo de lectura\" \/>\n\t<meta name=\"twitter:data2\" content=\"2 minutos\" \/>\n<script type=\"application\/ld+json\" class=\"yoast-schema-graph\">{\"@context\":\"https:\\\/\\\/schema.org\",\"@graph\":[{\"@type\":\"Article\",\"@id\":\"https:\\\/\\\/www.quebakan.com\\\/v15\\\/mas-de-100-ecuatorianos-retoman-sus-estudios-y-se-graduan-como-bachilleres\\\/#article\",\"isPartOf\":{\"@id\":\"https:\\\/\\\/www.quebakan.com\\\/v15\\\/mas-de-100-ecuatorianos-retoman-sus-estudios-y-se-graduan-como-bachilleres\\\/\"},\"author\":{\"name\":\"Erick Villafuerte\",\"@id\":\"https:\\\/\\\/www.quebakan.com\\\/v15\\\/#\\\/schema\\\/person\\\/d90fa9f9cfa81eb8ace9811e5b7b9118\"},\"headline\":\"M\u00c1S DE 100 ECUATORIANOS RETOMAN SUS ESTUDIOS Y SE GRAD\u00daAN COMO BACHILLERES\",\"datePublished\":\"2026-03-11T19:13:01+00:00\",\"mainEntityOfPage\":{\"@id\":\"https:\\\/\\\/www.quebakan.com\\\/v15\\\/mas-de-100-ecuatorianos-retoman-sus-estudios-y-se-graduan-como-bachilleres\\\/\"},\"wordCount\":357,\"publisher\":{\"@id\":\"https:\\\/\\\/www.quebakan.com\\\/v15\\\/#organization\"},\"image\":{\"@id\":\"https:\\\/\\\/www.quebakan.com\\\/v15\\\/mas-de-100-ecuatorianos-retoman-sus-estudios-y-se-graduan-como-bachilleres\\\/#primaryimage\"},\"thumbnailUrl\":\"https:\\\/\\\/www.quebakan.com\\\/v15\\\/wp-content\\\/uploads\\\/2026\\\/03\\\/Foto-1-2.jpg\",\"articleSection\":[\"Noticias\"],\"inLanguage\":\"es\"},{\"@type\":\"WebPage\",\"@id\":\"https:\\\/\\\/www.quebakan.com\\\/v15\\\/mas-de-100-ecuatorianos-retoman-sus-estudios-y-se-graduan-como-bachilleres\\\/\",\"url\":\"https:\\\/\\\/www.quebakan.com\\\/v15\\\/mas-de-100-ecuatorianos-retoman-sus-estudios-y-se-graduan-como-bachilleres\\\/\",\"name\":\"M\u00c1S DE 100 ECUATORIANOS RETOMAN SUS ESTUDIOS Y SE GRAD\u00daAN COMO BACHILLERES &#8211; QUEBAKAN.COM 2026: Noticias, Eventos, Conciertos y mucho m\u00e1s....\",\"isPartOf\":{\"@id\":\"https:\\\/\\\/www.quebakan.com\\\/v15\\\/#website\"},\"primaryImageOfPage\":{\"@id\":\"https:\\\/\\\/www.quebakan.com\\\/v15\\\/mas-de-100-ecuatorianos-retoman-sus-estudios-y-se-graduan-como-bachilleres\\\/#primaryimage\"},\"image\":{\"@id\":\"https:\\\/\\\/www.quebakan.com\\\/v15\\\/mas-de-100-ecuatorianos-retoman-sus-estudios-y-se-graduan-como-bachilleres\\\/#primaryimage\"},\"thumbnailUrl\":\"https:\\\/\\\/www.quebakan.com\\\/v15\\\/wp-content\\\/uploads\\\/2026\\\/03\\\/Foto-1-2.jpg\",\"datePublished\":\"2026-03-11T19:13:01+00:00\",\"breadcrumb\":{\"@id\":\"https:\\\/\\\/www.quebakan.com\\\/v15\\\/mas-de-100-ecuatorianos-retoman-sus-estudios-y-se-graduan-como-bachilleres\\\/#breadcrumb\"},\"inLanguage\":\"es\",\"potentialAction\":[{\"@type\":\"ReadAction\",\"target\":[\"https:\\\/\\\/www.quebakan.com\\\/v15\\\/mas-de-100-ecuatorianos-retoman-sus-estudios-y-se-graduan-como-bachilleres\\\/\"]}]},{\"@type\":\"ImageObject\",\"inLanguage\":\"es\",\"@id\":\"https:\\\/\\\/www.quebakan.com\\\/v15\\\/mas-de-100-ecuatorianos-retoman-sus-estudios-y-se-graduan-como-bachilleres\\\/#primaryimage\",\"url\":\"https:\\\/\\\/www.quebakan.com\\\/v15\\\/wp-content\\\/uploads\\\/2026\\\/03\\\/Foto-1-2.jpg\",\"contentUrl\":\"https:\\\/\\\/www.quebakan.com\\\/v15\\\/wp-content\\\/uploads\\\/2026\\\/03\\\/Foto-1-2.jpg\",\"width\":700,\"height\":525},{\"@type\":\"BreadcrumbList\",\"@id\":\"https:\\\/\\\/www.quebakan.com\\\/v15\\\/mas-de-100-ecuatorianos-retoman-sus-estudios-y-se-graduan-como-bachilleres\\\/#breadcrumb\",\"itemListElement\":[{\"@type\":\"ListItem\",\"position\":1,\"name\":\"Portada\",\"item\":\"https:\\\/\\\/www.quebakan.com\\\/v15\\\/\"},{\"@type\":\"ListItem\",\"position\":2,\"name\":\"M\u00c1S DE 100 ECUATORIANOS RETOMAN SUS ESTUDIOS Y SE GRAD\u00daAN COMO BACHILLERES\"}]},{\"@type\":\"WebSite\",\"@id\":\"https:\\\/\\\/www.quebakan.com\\\/v15\\\/#website\",\"url\":\"https:\\\/\\\/www.quebakan.com\\\/v15\\\/\",\"name\":\"QUEBAKAN\",\"description\":\"..\",\"publisher\":{\"@id\":\"https:\\\/\\\/www.quebakan.com\\\/v15\\\/#organization\"},\"potentialAction\":[{\"@type\":\"SearchAction\",\"target\":{\"@type\":\"EntryPoint\",\"urlTemplate\":\"https:\\\/\\\/www.quebakan.com\\\/v15\\\/?s={search_term_string}\"},\"query-input\":{\"@type\":\"PropertyValueSpecification\",\"valueRequired\":true,\"valueName\":\"search_term_string\"}}],\"inLanguage\":\"es\"},{\"@type\":\"Organization\",\"@id\":\"https:\\\/\\\/www.quebakan.com\\\/v15\\\/#organization\",\"name\":\"Quebakan.com\",\"url\":\"https:\\\/\\\/www.quebakan.com\\\/v15\\\/\",\"logo\":{\"@type\":\"ImageObject\",\"inLanguage\":\"es\",\"@id\":\"https:\\\/\\\/www.quebakan.com\\\/v15\\\/#\\\/schema\\\/logo\\\/image\\\/\",\"url\":\"https:\\\/\\\/www.quebakan.com\\\/v15\\\/wp-content\\\/uploads\\\/2023\\\/07\\\/logoquebakanenero2021.jpg\",\"contentUrl\":\"https:\\\/\\\/www.quebakan.com\\\/v15\\\/wp-content\\\/uploads\\\/2023\\\/07\\\/logoquebakanenero2021.jpg\",\"width\":1920,\"height\":1080,\"caption\":\"Quebakan.com\"},\"image\":{\"@id\":\"https:\\\/\\\/www.quebakan.com\\\/v15\\\/#\\\/schema\\\/logo\\\/image\\\/\"},\"sameAs\":[\"http:\\\/\\\/www.facebook.com\\\/quebakan\",\"https:\\\/\\\/x.com\\\/quebakanec\",\"http:\\\/\\\/www.instagram.com\\\/quebakan\",\"http:\\\/\\\/www.youtube.com\\\/quebakan1\"]},{\"@type\":\"Person\",\"@id\":\"https:\\\/\\\/www.quebakan.com\\\/v15\\\/#\\\/schema\\\/person\\\/d90fa9f9cfa81eb8ace9811e5b7b9118\",\"name\":\"Erick Villafuerte\",\"image\":{\"@type\":\"ImageObject\",\"inLanguage\":\"es\",\"@id\":\"https:\\\/\\\/www.quebakan.com\\\/v15\\\/wp-content\\\/uploads\\\/avatars\\\/4\\\/1731297654-bpfull.png\",\"url\":\"https:\\\/\\\/www.quebakan.com\\\/v15\\\/wp-content\\\/uploads\\\/avatars\\\/4\\\/1731297654-bpfull.png\",\"contentUrl\":\"https:\\\/\\\/www.quebakan.com\\\/v15\\\/wp-content\\\/uploads\\\/avatars\\\/4\\\/1731297654-bpfull.png\",\"caption\":\"Erick Villafuerte\"}}]}<\/script>\n<!-- \/ Yoast SEO plugin. -->","yoast_head_json":{"title":"M\u00c1S DE 100 ECUATORIANOS RETOMAN SUS ESTUDIOS Y SE GRAD\u00daAN COMO BACHILLERES &#8211; QUEBAKAN.COM 2026: Noticias, Eventos, Conciertos y mucho m\u00e1s....","robots":{"index":"index","follow":"follow","max-snippet":"max-snippet:-1","max-image-preview":"max-image-preview:large","max-video-preview":"max-video-preview:-1"},"canonical":"https:\/\/www.quebakan.com\/v15\/mas-de-100-ecuatorianos-retoman-sus-estudios-y-se-graduan-como-bachilleres\/","og_locale":"es_ES","og_type":"article","og_title":"M\u00c1S DE 100 ECUATORIANOS RETOMAN SUS ESTUDIOS Y SE GRAD\u00daAN COMO BACHILLERES &#8211; QUEBAKAN.COM 2026: Noticias, Eventos, Conciertos y mucho m\u00e1s....","og_description":"Guayaquil marzo de 2026.- En un contexto donde la deserci\u00f3n escolar contin\u00faa siendo un desaf\u00edo para el pa\u00eds, el programa UNEDIS de la Sociedad de Beneficencia de Se\u00f1oras de Guayaquil marca un avance significativo al graduar a 102 estudiantes en su Promoci\u00f3n marzo 2026, contribuyendo a ampliar las oportunidades educativas para j\u00f3venes y adultos que [&hellip;]","og_url":"https:\/\/www.quebakan.com\/v15\/mas-de-100-ecuatorianos-retoman-sus-estudios-y-se-graduan-como-bachilleres\/","og_site_name":"QUEBAKAN.COM 2026: Noticias, Eventos, Conciertos y mucho m\u00e1s....","article_publisher":"http:\/\/www.facebook.com\/quebakan","article_published_time":"2026-03-11T19:13:01+00:00","og_image":[{"width":700,"height":525,"url":"https:\/\/www.quebakan.com\/v15\/wp-content\/uploads\/2026\/03\/Foto-1-2.jpg","type":"image\/jpeg"}],"author":"Erick Villafuerte","twitter_card":"summary_large_image","twitter_creator":"@quebakanec","twitter_site":"@quebakanec","twitter_misc":{"Escrito por":"Erick Villafuerte","Tiempo de lectura":"2 minutos"},"schema":{"@context":"https:\/\/schema.org","@graph":[{"@type":"Article","@id":"https:\/\/www.quebakan.com\/v15\/mas-de-100-ecuatorianos-retoman-sus-estudios-y-se-graduan-como-bachilleres\/#article","isPartOf":{"@id":"https:\/\/www.quebakan.com\/v15\/mas-de-100-ecuatorianos-retoman-sus-estudios-y-se-graduan-como-bachilleres\/"},"author":{"name":"Erick Villafuerte","@id":"https:\/\/www.quebakan.com\/v15\/#\/schema\/person\/d90fa9f9cfa81eb8ace9811e5b7b9118"},"headline":"M\u00c1S DE 100 ECUATORIANOS RETOMAN SUS ESTUDIOS Y SE GRAD\u00daAN COMO BACHILLERES","datePublished":"2026-03-11T19:13:01+00:00","mainEntityOfPage":{"@id":"https:\/\/www.quebakan.com\/v15\/mas-de-100-ecuatorianos-retoman-sus-estudios-y-se-graduan-como-bachilleres\/"},"wordCount":357,"publisher":{"@id":"https:\/\/www.quebakan.com\/v15\/#organization"},"image":{"@id":"https:\/\/www.quebakan.com\/v15\/mas-de-100-ecuatorianos-retoman-sus-estudios-y-se-graduan-como-bachilleres\/#primaryimage"},"thumbnailUrl":"https:\/\/www.quebakan.com\/v15\/wp-content\/uploads\/2026\/03\/Foto-1-2.jpg","articleSection":["Noticias"],"inLanguage":"es"},{"@type":"WebPage","@id":"https:\/\/www.quebakan.com\/v15\/mas-de-100-ecuatorianos-retoman-sus-estudios-y-se-graduan-como-bachilleres\/","url":"https:\/\/www.quebakan.com\/v15\/mas-de-100-ecuatorianos-retoman-sus-estudios-y-se-graduan-como-bachilleres\/","name":"M\u00c1S DE 100 ECUATORIANOS RETOMAN SUS ESTUDIOS Y SE GRAD\u00daAN COMO BACHILLERES &#8211; QUEBAKAN.COM 2026: Noticias, Eventos, Conciertos y mucho m\u00e1s....","isPartOf":{"@id":"https:\/\/www.quebakan.com\/v15\/#website"},"primaryImageOfPage":{"@id":"https:\/\/www.quebakan.com\/v15\/mas-de-100-ecuatorianos-retoman-sus-estudios-y-se-graduan-como-bachilleres\/#primaryimage"},"image":{"@id":"https:\/\/www.quebakan.com\/v15\/mas-de-100-ecuatorianos-retoman-sus-estudios-y-se-graduan-como-bachilleres\/#primaryimage"},"thumbnailUrl":"https:\/\/www.quebakan.com\/v15\/wp-content\/uploads\/2026\/03\/Foto-1-2.jpg","datePublished":"2026-03-11T19:13:01+00:00","breadcrumb":{"@id":"https:\/\/www.quebakan.com\/v15\/mas-de-100-ecuatorianos-retoman-sus-estudios-y-se-graduan-como-bachilleres\/#breadcrumb"},"inLanguage":"es","potentialAction":[{"@type":"ReadAction","target":["https:\/\/www.quebakan.com\/v15\/mas-de-100-ecuatorianos-retoman-sus-estudios-y-se-graduan-como-bachilleres\/"]}]},{"@type":"ImageObject","inLanguage":"es","@id":"https:\/\/www.quebakan.com\/v15\/mas-de-100-ecuatorianos-retoman-sus-estudios-y-se-graduan-como-bachilleres\/#primaryimage","url":"https:\/\/www.quebakan.com\/v15\/wp-content\/uploads\/2026\/03\/Foto-1-2.jpg","contentUrl":"https:\/\/www.quebakan.com\/v15\/wp-content\/uploads\/2026\/03\/Foto-1-2.jpg","width":700,"height":525},{"@type":"BreadcrumbList","@id":"https:\/\/www.quebakan.com\/v15\/mas-de-100-ecuatorianos-retoman-sus-estudios-y-se-graduan-como-bachilleres\/#breadcrumb","itemListElement":[{"@type":"ListItem","position":1,"name":"Portada","item":"https:\/\/www.quebakan.com\/v15\/"},{"@type":"ListItem","position":2,"name":"M\u00c1S DE 100 ECUATORIANOS RETOMAN SUS ESTUDIOS Y SE GRAD\u00daAN COMO BACHILLERES"}]},{"@type":"WebSite","@id":"https:\/\/www.quebakan.com\/v15\/#website","url":"https:\/\/www.quebakan.com\/v15\/","name":"QUEBAKAN","description":"..","publisher":{"@id":"https:\/\/www.quebakan.com\/v15\/#organization"},"potentialAction":[{"@type":"SearchAction","target":{"@type":"EntryPoint","urlTemplate":"https:\/\/www.quebakan.com\/v15\/?s={search_term_string}"},"query-input":{"@type":"PropertyValueSpecification","valueRequired":true,"valueName":"search_term_string"}}],"inLanguage":"es"},{"@type":"Organization","@id":"https:\/\/www.quebakan.com\/v15\/#organization","name":"Quebakan.com","url":"https:\/\/www.quebakan.com\/v15\/","logo":{"@type":"ImageObject","inLanguage":"es","@id":"https:\/\/www.quebakan.com\/v15\/#\/schema\/logo\/image\/","url":"https:\/\/www.quebakan.com\/v15\/wp-content\/uploads\/2023\/07\/logoquebakanenero2021.jpg","contentUrl":"https:\/\/www.quebakan.com\/v15\/wp-content\/uploads\/2023\/07\/logoquebakanenero2021.jpg","width":1920,"height":1080,"caption":"Quebakan.com"},"image":{"@id":"https:\/\/www.quebakan.com\/v15\/#\/schema\/logo\/image\/"},"sameAs":["http:\/\/www.facebook.com\/quebakan","https:\/\/x.com\/quebakanec","http:\/\/www.instagram.com\/quebakan","http:\/\/www.youtube.com\/quebakan1"]},{"@type":"Person","@id":"https:\/\/www.quebakan.com\/v15\/#\/schema\/person\/d90fa9f9cfa81eb8ace9811e5b7b9118","name":"Erick Villafuerte","image":{"@type":"ImageObject","inLanguage":"es","@id":"https:\/\/www.quebakan.com\/v15\/wp-content\/uploads\/avatars\/4\/1731297654-bpfull.png","url":"https:\/\/www.quebakan.com\/v15\/wp-content\/uploads\/avatars\/4\/1731297654-bpfull.png","contentUrl":"https:\/\/www.quebakan.com\/v15\/wp-content\/uploads\/avatars\/4\/1731297654-bpfull.png","caption":"Erick Villafuerte"}}]}},"_links":{"self":[{"href":"https:\/\/www.quebakan.com\/v15\/wp-json\/wp\/v2\/posts\/140668","targetHints":{"allow":["GET"]}}],"collection":[{"href":"https:\/\/www.quebakan.com\/v15\/wp-json\/wp\/v2\/posts"}],"about":[{"href":"https:\/\/www.quebakan.com\/v15\/wp-json\/wp\/v2\/types\/post"}],"author":[{"embeddable":true,"href":"https:\/\/www.quebakan.com\/v15\/wp-json\/wp\/v2\/users\/4"}],"replies":[{"embeddable":true,"href":"https:\/\/www.quebakan.com\/v15\/wp-json\/wp\/v2\/comments?post=140668"}],"version-history":[{"count":1,"href":"https:\/\/www.quebakan.com\/v15\/wp-json\/wp\/v2\/posts\/140668\/revisions"}],"predecessor-version":[{"id":140670,"href":"https:\/\/www.quebakan.com\/v15\/wp-json\/wp\/v2\/posts\/140668\/revisions\/140670"}],"wp:featuredmedia":[{"embeddable":true,"href":"https:\/\/www.quebakan.com\/v15\/wp-json\/wp\/v2\/media\/140669"}],"wp:attachment":[{"href":"https:\/\/www.quebakan.com\/v15\/wp-json\/wp\/v2\/media?parent=140668"}],"wp:term":[{"taxonomy":"category","embeddable":true,"href":"https:\/\/www.quebakan.com\/v15\/wp-json\/wp\/v2\/categories?post=140668"},{"taxonomy":"post_tag","embeddable":true,"href":"https:\/\/www.quebakan.com\/v15\/wp-json\/wp\/v2\/tags?post=140668"}],"curies":[{"name":"wp","href":"https:\/\/api.w.org\/{rel}","templated":true}]}}