{"id":140671,"date":"2026-03-11T23:56:45","date_gmt":"2026-03-12T04:56:45","guid":{"rendered":"https:\/\/www.quebakan.com\/v15\/?p=140671"},"modified":"2026-03-11T23:56:45","modified_gmt":"2026-03-12T04:56:45","slug":"tuberculosis-en-ecuador-una-enfermedad-prevenible-y-curable-que-continua-representando-un-desafio-para-la-salud-publica","status":"publish","type":"post","link":"https:\/\/www.quebakan.com\/v15\/tuberculosis-en-ecuador-una-enfermedad-prevenible-y-curable-que-continua-representando-un-desafio-para-la-salud-publica\/","title":{"rendered":"Tuberculosis en Ecuador, una enfermedad prevenible y curable que contin\u00faa representando un desaf\u00edo para la salud p\u00fablica"},"content":{"rendered":"<p><img fetchpriority=\"high\" decoding=\"async\" class=\"aligncenter size-full wp-image-140672\" src=\"https:\/\/www.quebakan.com\/v15\/wp-content\/uploads\/2026\/03\/F1.jpg\" alt=\"\" width=\"700\" height=\"467\" \/><\/p>\n<p style=\"text-align: justify;\"><span style=\"color: #000000;\">Marzo, 2026. La tuberculosis, causada por <em>Mycobacterium tuberculosis<\/em>, afecta principalmente a los pulmones. Se transmite por el aire cuando alguien con tuberculosis tose, estornuda o habla (seg\u00fan la carga infecciosa). Sigue siendo una de las principales causas de muerte por enfermedades infecciosas a nivel mundial. <a style=\"color: #000000;\" href=\"https:\/\/www.salud.gob.ec\/wp-content\/uploads\/2026\/01\/Eventos-Tuberculosis-DNVE-SE-53.pdf\">En Ecuador,<\/a> los casos han aumentado: en 2025 se registraron 9.142, un 67 % m\u00e1s que en 2024, y hubo 297 muertes, m\u00e1s del doble que las 131 de 2024, lo que resalta la gravedad del problema.<\/span><\/p>\n<p style=\"text-align: justify;\"><span style=\"color: #000000;\">La tuberculosis est\u00e1 estrechamente relacionada con determinantes sociales y condiciones de vida que favorecen su transmisi\u00f3n, como el hacinamiento, la pobreza, la desnutrici\u00f3n y el acceso limitado a los servicios de salud. En Ecuador, la mayor carga de la enfermedad, seg\u00fan las tasas en 2025 ajustadas a 100.000 habitantes, se concentra en provincias de la Costa como <a style=\"color: #000000;\" href=\"https:\/\/www.salud.gob.ec\/wp-content\/uploads\/2026\/01\/Eventos-Tuberculosis-DNVE-SE-53.pdf\"><strong>Guayas (116), El Oro (110) y Los R\u00edos (52),<\/strong><\/a><strong> aunque tambi\u00e9n se han observado incrementos progresivos en otras regiones del pa\u00eds.<\/strong> Determinados grupos poblacionales presentan mayor vulnerabilidad; entre ellos, las personas privadas de libertad, las personas con enfermedades cr\u00f3nicas o inmunosupresi\u00f3n y las que viven en contextos de alta densidad poblacional.<\/span><\/p>\n<p style=\"text-align: justify;\"><span style=\"color: #000000;\">El diagn\u00f3stico temprano y el tratamiento oportuno son esenciales para controlar y prevenir la tuberculosis. La enfermedad puede sospecharse en personas con tos productiva (con flema durante m\u00e1s de dos semanas), fiebre, sudoraci\u00f3n nocturna, p\u00e9rdida de peso y fatiga. Si presenta signos similares, es recomendable acudir a su m\u00e9dico, ya que este cuadro presenta un amplio diagn\u00f3stico diferencial. Seg\u00fan el Dr. Jaime Acosta, docente de la Facultad de Ciencias de la Salud de la UISEK, el diagn\u00f3stico temprano se basa en criterios epidemiol\u00f3gicos, cl\u00ednicos, microbiol\u00f3gicos, radiol\u00f3gicos, inmunol\u00f3gicos e histopatol\u00f3gicos, incluyendo m\u00e9todos r\u00e1pidos como PCR. Y destaca que la tuberculosis es curable si se detecta a tiempo y se sigue estrictamente el tratamiento antifimico (TAES-DOTS), que dura al menos seis meses.<\/span><\/p>\n<p style=\"text-align: justify;\"><span style=\"color: #000000;\">Una investigaci\u00f3n realizada por el Dr. Acosta, reporta el caso de una paciente de 16 a\u00f1os que present\u00f3 <strong>neumon\u00eda necrosante asociada a una coinfecci\u00f3n poco frecuente por <\/strong><a style=\"color: #000000;\" href=\"https:\/\/pubmed.ncbi.nlm.nih.gov\/37179313\/\"><strong><em>Curvularia hawaiiensis<\/em><\/strong><strong> y <em>Mycobacterium tuberculosis<\/em>.<\/strong><\/a> <em>Curvularia hawaiiensis<\/em> es un hongo fitopat\u00f3geno que se encuentra habitualmente en el suelo y en material vegetal, y cuya infecci\u00f3n en humanos es poco frecuente. El estudio destaca que las coinfecciones pueden modificar la respuesta inmunitaria del paciente y resalta la importancia de una evaluaci\u00f3n cl\u00ednica cuidadosa en personas con tuberculosis, ya que, aunque rara vez, pueden presentarse infecciones oportunistas por hongos inusuales.<\/span><\/p>\n<p style=\"text-align: justify;\"><span style=\"color: #000000;\">Desde la academia, la Universidad Internacional SEK (UISEK) reafirma su compromiso con la salud p\u00fablica y la investigaci\u00f3n cient\u00edfica orientada al bienestar de la poblaci\u00f3n. A trav\u00e9s de sus programas acad\u00e9micos y proyectos de investigaci\u00f3n, la instituci\u00f3n promueve la formaci\u00f3n de profesionales capaces de abordar de manera integral enfermedades infecciosas como la tuberculosis, as\u00ed como el desarrollo de iniciativas de vinculaci\u00f3n con la comunidad que contribuyan a la prevenci\u00f3n, al diagn\u00f3stico oportuno y al fortalecimiento de la salud colectiva en el pa\u00eds.<\/span><\/p>\n<p style=\"text-align: justify;\"><img decoding=\"async\" class=\"aligncenter size-full wp-image-140673\" src=\"https:\/\/www.quebakan.com\/v15\/wp-content\/uploads\/2026\/03\/F2.jpg\" alt=\"\" width=\"700\" height=\"467\" \/><\/p>\n","protected":false},"excerpt":{"rendered":"<p>Marzo, 2026. La tuberculosis, causada por Mycobacterium tuberculosis, afecta principalmente a los pulmones. Se transmite por el aire cuando alguien con tuberculosis tose, estornuda o habla (seg\u00fan la carga infecciosa). Sigue siendo una de las principales causas de muerte por enfermedades infecciosas a nivel mundial. En Ecuador, los casos han aumentado: en 2025 se registraron [&hellip;]<\/p>\n","protected":false},"author":4,"featured_media":140672,"comment_status":"closed","ping_status":"closed","sticky":false,"template":"","format":"standard","meta":{"_bbp_topic_count":0,"_bbp_reply_count":0,"_bbp_total_topic_count":0,"_bbp_total_reply_count":0,"_bbp_voice_count":0,"_bbp_anonymous_reply_count":0,"_bbp_topic_count_hidden":0,"_bbp_reply_count_hidden":0,"_bbp_forum_subforum_count":0,"buzzeditor_post_format":"","footnotes":""},"categories":[2],"tags":[],"class_list":["post-140671","post","type-post","status-publish","format-standard","has-post-thumbnail","hentry","category-noticias"],"yoast_head":"<!-- This site is optimized with the Yoast SEO plugin v27.5 - https:\/\/yoast.com\/product\/yoast-seo-wordpress\/ -->\n<title>Tuberculosis en Ecuador, una enfermedad prevenible y curable que contin\u00faa representando un desaf\u00edo para la salud p\u00fablica &#8211; QUEBAKAN.COM 2026: Noticias, Eventos, Conciertos y mucho m\u00e1s....<\/title>\n<meta name=\"robots\" content=\"index, follow, max-snippet:-1, max-image-preview:large, max-video-preview:-1\" \/>\n<link rel=\"canonical\" href=\"https:\/\/www.quebakan.com\/v15\/tuberculosis-en-ecuador-una-enfermedad-prevenible-y-curable-que-continua-representando-un-desafio-para-la-salud-publica\/\" \/>\n<meta property=\"og:locale\" content=\"es_ES\" \/>\n<meta property=\"og:type\" content=\"article\" \/>\n<meta property=\"og:title\" content=\"Tuberculosis en Ecuador, una enfermedad prevenible y curable que contin\u00faa representando un desaf\u00edo para la salud p\u00fablica &#8211; QUEBAKAN.COM 2026: Noticias, Eventos, Conciertos y mucho m\u00e1s....\" \/>\n<meta property=\"og:description\" content=\"Marzo, 2026. La tuberculosis, causada por Mycobacterium tuberculosis, afecta principalmente a los pulmones. Se transmite por el aire cuando alguien con tuberculosis tose, estornuda o habla (seg\u00fan la carga infecciosa). Sigue siendo una de las principales causas de muerte por enfermedades infecciosas a nivel mundial. En Ecuador, los casos han aumentado: en 2025 se registraron [&hellip;]\" \/>\n<meta property=\"og:url\" content=\"https:\/\/www.quebakan.com\/v15\/tuberculosis-en-ecuador-una-enfermedad-prevenible-y-curable-que-continua-representando-un-desafio-para-la-salud-publica\/\" \/>\n<meta property=\"og:site_name\" content=\"QUEBAKAN.COM 2026: Noticias, Eventos, Conciertos y mucho m\u00e1s....\" \/>\n<meta property=\"article:publisher\" content=\"http:\/\/www.facebook.com\/quebakan\" \/>\n<meta property=\"article:published_time\" content=\"2026-03-12T04:56:45+00:00\" \/>\n<meta property=\"og:image\" content=\"https:\/\/www.quebakan.com\/v15\/wp-content\/uploads\/2026\/03\/F1.jpg\" \/>\n\t<meta property=\"og:image:width\" content=\"700\" \/>\n\t<meta property=\"og:image:height\" content=\"467\" \/>\n\t<meta property=\"og:image:type\" content=\"image\/jpeg\" \/>\n<meta name=\"author\" content=\"Erick Villafuerte\" \/>\n<meta name=\"twitter:card\" content=\"summary_large_image\" \/>\n<meta name=\"twitter:creator\" content=\"@quebakanec\" \/>\n<meta name=\"twitter:site\" content=\"@quebakanec\" \/>\n<meta name=\"twitter:label1\" content=\"Escrito por\" \/>\n\t<meta name=\"twitter:data1\" content=\"Erick Villafuerte\" \/>\n\t<meta name=\"twitter:label2\" content=\"Tiempo de lectura\" \/>\n\t<meta name=\"twitter:data2\" content=\"3 minutos\" \/>\n<script type=\"application\/ld+json\" class=\"yoast-schema-graph\">{\"@context\":\"https:\\\/\\\/schema.org\",\"@graph\":[{\"@type\":\"Article\",\"@id\":\"https:\\\/\\\/www.quebakan.com\\\/v15\\\/tuberculosis-en-ecuador-una-enfermedad-prevenible-y-curable-que-continua-representando-un-desafio-para-la-salud-publica\\\/#article\",\"isPartOf\":{\"@id\":\"https:\\\/\\\/www.quebakan.com\\\/v15\\\/tuberculosis-en-ecuador-una-enfermedad-prevenible-y-curable-que-continua-representando-un-desafio-para-la-salud-publica\\\/\"},\"author\":{\"name\":\"Erick Villafuerte\",\"@id\":\"https:\\\/\\\/www.quebakan.com\\\/v15\\\/#\\\/schema\\\/person\\\/d90fa9f9cfa81eb8ace9811e5b7b9118\"},\"headline\":\"Tuberculosis en Ecuador, una enfermedad prevenible y curable que contin\u00faa representando un desaf\u00edo para la salud p\u00fablica\",\"datePublished\":\"2026-03-12T04:56:45+00:00\",\"mainEntityOfPage\":{\"@id\":\"https:\\\/\\\/www.quebakan.com\\\/v15\\\/tuberculosis-en-ecuador-una-enfermedad-prevenible-y-curable-que-continua-representando-un-desafio-para-la-salud-publica\\\/\"},\"wordCount\":540,\"publisher\":{\"@id\":\"https:\\\/\\\/www.quebakan.com\\\/v15\\\/#organization\"},\"image\":{\"@id\":\"https:\\\/\\\/www.quebakan.com\\\/v15\\\/tuberculosis-en-ecuador-una-enfermedad-prevenible-y-curable-que-continua-representando-un-desafio-para-la-salud-publica\\\/#primaryimage\"},\"thumbnailUrl\":\"https:\\\/\\\/www.quebakan.com\\\/v15\\\/wp-content\\\/uploads\\\/2026\\\/03\\\/F1.jpg\",\"articleSection\":[\"Noticias\"],\"inLanguage\":\"es\"},{\"@type\":\"WebPage\",\"@id\":\"https:\\\/\\\/www.quebakan.com\\\/v15\\\/tuberculosis-en-ecuador-una-enfermedad-prevenible-y-curable-que-continua-representando-un-desafio-para-la-salud-publica\\\/\",\"url\":\"https:\\\/\\\/www.quebakan.com\\\/v15\\\/tuberculosis-en-ecuador-una-enfermedad-prevenible-y-curable-que-continua-representando-un-desafio-para-la-salud-publica\\\/\",\"name\":\"Tuberculosis en Ecuador, una enfermedad prevenible y curable que contin\u00faa representando un desaf\u00edo para la salud p\u00fablica &#8211; QUEBAKAN.COM 2026: Noticias, Eventos, Conciertos y mucho m\u00e1s....\",\"isPartOf\":{\"@id\":\"https:\\\/\\\/www.quebakan.com\\\/v15\\\/#website\"},\"primaryImageOfPage\":{\"@id\":\"https:\\\/\\\/www.quebakan.com\\\/v15\\\/tuberculosis-en-ecuador-una-enfermedad-prevenible-y-curable-que-continua-representando-un-desafio-para-la-salud-publica\\\/#primaryimage\"},\"image\":{\"@id\":\"https:\\\/\\\/www.quebakan.com\\\/v15\\\/tuberculosis-en-ecuador-una-enfermedad-prevenible-y-curable-que-continua-representando-un-desafio-para-la-salud-publica\\\/#primaryimage\"},\"thumbnailUrl\":\"https:\\\/\\\/www.quebakan.com\\\/v15\\\/wp-content\\\/uploads\\\/2026\\\/03\\\/F1.jpg\",\"datePublished\":\"2026-03-12T04:56:45+00:00\",\"breadcrumb\":{\"@id\":\"https:\\\/\\\/www.quebakan.com\\\/v15\\\/tuberculosis-en-ecuador-una-enfermedad-prevenible-y-curable-que-continua-representando-un-desafio-para-la-salud-publica\\\/#breadcrumb\"},\"inLanguage\":\"es\",\"potentialAction\":[{\"@type\":\"ReadAction\",\"target\":[\"https:\\\/\\\/www.quebakan.com\\\/v15\\\/tuberculosis-en-ecuador-una-enfermedad-prevenible-y-curable-que-continua-representando-un-desafio-para-la-salud-publica\\\/\"]}]},{\"@type\":\"ImageObject\",\"inLanguage\":\"es\",\"@id\":\"https:\\\/\\\/www.quebakan.com\\\/v15\\\/tuberculosis-en-ecuador-una-enfermedad-prevenible-y-curable-que-continua-representando-un-desafio-para-la-salud-publica\\\/#primaryimage\",\"url\":\"https:\\\/\\\/www.quebakan.com\\\/v15\\\/wp-content\\\/uploads\\\/2026\\\/03\\\/F1.jpg\",\"contentUrl\":\"https:\\\/\\\/www.quebakan.com\\\/v15\\\/wp-content\\\/uploads\\\/2026\\\/03\\\/F1.jpg\",\"width\":700,\"height\":467},{\"@type\":\"BreadcrumbList\",\"@id\":\"https:\\\/\\\/www.quebakan.com\\\/v15\\\/tuberculosis-en-ecuador-una-enfermedad-prevenible-y-curable-que-continua-representando-un-desafio-para-la-salud-publica\\\/#breadcrumb\",\"itemListElement\":[{\"@type\":\"ListItem\",\"position\":1,\"name\":\"Portada\",\"item\":\"https:\\\/\\\/www.quebakan.com\\\/v15\\\/\"},{\"@type\":\"ListItem\",\"position\":2,\"name\":\"Tuberculosis en Ecuador, una enfermedad prevenible y curable que contin\u00faa representando un desaf\u00edo para la salud p\u00fablica\"}]},{\"@type\":\"WebSite\",\"@id\":\"https:\\\/\\\/www.quebakan.com\\\/v15\\\/#website\",\"url\":\"https:\\\/\\\/www.quebakan.com\\\/v15\\\/\",\"name\":\"QUEBAKAN\",\"description\":\"..\",\"publisher\":{\"@id\":\"https:\\\/\\\/www.quebakan.com\\\/v15\\\/#organization\"},\"potentialAction\":[{\"@type\":\"SearchAction\",\"target\":{\"@type\":\"EntryPoint\",\"urlTemplate\":\"https:\\\/\\\/www.quebakan.com\\\/v15\\\/?s={search_term_string}\"},\"query-input\":{\"@type\":\"PropertyValueSpecification\",\"valueRequired\":true,\"valueName\":\"search_term_string\"}}],\"inLanguage\":\"es\"},{\"@type\":\"Organization\",\"@id\":\"https:\\\/\\\/www.quebakan.com\\\/v15\\\/#organization\",\"name\":\"Quebakan.com\",\"url\":\"https:\\\/\\\/www.quebakan.com\\\/v15\\\/\",\"logo\":{\"@type\":\"ImageObject\",\"inLanguage\":\"es\",\"@id\":\"https:\\\/\\\/www.quebakan.com\\\/v15\\\/#\\\/schema\\\/logo\\\/image\\\/\",\"url\":\"https:\\\/\\\/www.quebakan.com\\\/v15\\\/wp-content\\\/uploads\\\/2023\\\/07\\\/logoquebakanenero2021.jpg\",\"contentUrl\":\"https:\\\/\\\/www.quebakan.com\\\/v15\\\/wp-content\\\/uploads\\\/2023\\\/07\\\/logoquebakanenero2021.jpg\",\"width\":1920,\"height\":1080,\"caption\":\"Quebakan.com\"},\"image\":{\"@id\":\"https:\\\/\\\/www.quebakan.com\\\/v15\\\/#\\\/schema\\\/logo\\\/image\\\/\"},\"sameAs\":[\"http:\\\/\\\/www.facebook.com\\\/quebakan\",\"https:\\\/\\\/x.com\\\/quebakanec\",\"http:\\\/\\\/www.instagram.com\\\/quebakan\",\"http:\\\/\\\/www.youtube.com\\\/quebakan1\"]},{\"@type\":\"Person\",\"@id\":\"https:\\\/\\\/www.quebakan.com\\\/v15\\\/#\\\/schema\\\/person\\\/d90fa9f9cfa81eb8ace9811e5b7b9118\",\"name\":\"Erick Villafuerte\",\"image\":{\"@type\":\"ImageObject\",\"inLanguage\":\"es\",\"@id\":\"https:\\\/\\\/www.quebakan.com\\\/v15\\\/wp-content\\\/uploads\\\/avatars\\\/4\\\/1731297654-bpfull.png\",\"url\":\"https:\\\/\\\/www.quebakan.com\\\/v15\\\/wp-content\\\/uploads\\\/avatars\\\/4\\\/1731297654-bpfull.png\",\"contentUrl\":\"https:\\\/\\\/www.quebakan.com\\\/v15\\\/wp-content\\\/uploads\\\/avatars\\\/4\\\/1731297654-bpfull.png\",\"caption\":\"Erick Villafuerte\"}}]}<\/script>\n<!-- \/ Yoast SEO plugin. -->","yoast_head_json":{"title":"Tuberculosis en Ecuador, una enfermedad prevenible y curable que contin\u00faa representando un desaf\u00edo para la salud p\u00fablica &#8211; QUEBAKAN.COM 2026: Noticias, Eventos, Conciertos y mucho m\u00e1s....","robots":{"index":"index","follow":"follow","max-snippet":"max-snippet:-1","max-image-preview":"max-image-preview:large","max-video-preview":"max-video-preview:-1"},"canonical":"https:\/\/www.quebakan.com\/v15\/tuberculosis-en-ecuador-una-enfermedad-prevenible-y-curable-que-continua-representando-un-desafio-para-la-salud-publica\/","og_locale":"es_ES","og_type":"article","og_title":"Tuberculosis en Ecuador, una enfermedad prevenible y curable que contin\u00faa representando un desaf\u00edo para la salud p\u00fablica &#8211; QUEBAKAN.COM 2026: Noticias, Eventos, Conciertos y mucho m\u00e1s....","og_description":"Marzo, 2026. La tuberculosis, causada por Mycobacterium tuberculosis, afecta principalmente a los pulmones. Se transmite por el aire cuando alguien con tuberculosis tose, estornuda o habla (seg\u00fan la carga infecciosa). Sigue siendo una de las principales causas de muerte por enfermedades infecciosas a nivel mundial. En Ecuador, los casos han aumentado: en 2025 se registraron [&hellip;]","og_url":"https:\/\/www.quebakan.com\/v15\/tuberculosis-en-ecuador-una-enfermedad-prevenible-y-curable-que-continua-representando-un-desafio-para-la-salud-publica\/","og_site_name":"QUEBAKAN.COM 2026: Noticias, Eventos, Conciertos y mucho m\u00e1s....","article_publisher":"http:\/\/www.facebook.com\/quebakan","article_published_time":"2026-03-12T04:56:45+00:00","og_image":[{"width":700,"height":467,"url":"https:\/\/www.quebakan.com\/v15\/wp-content\/uploads\/2026\/03\/F1.jpg","type":"image\/jpeg"}],"author":"Erick Villafuerte","twitter_card":"summary_large_image","twitter_creator":"@quebakanec","twitter_site":"@quebakanec","twitter_misc":{"Escrito por":"Erick Villafuerte","Tiempo de lectura":"3 minutos"},"schema":{"@context":"https:\/\/schema.org","@graph":[{"@type":"Article","@id":"https:\/\/www.quebakan.com\/v15\/tuberculosis-en-ecuador-una-enfermedad-prevenible-y-curable-que-continua-representando-un-desafio-para-la-salud-publica\/#article","isPartOf":{"@id":"https:\/\/www.quebakan.com\/v15\/tuberculosis-en-ecuador-una-enfermedad-prevenible-y-curable-que-continua-representando-un-desafio-para-la-salud-publica\/"},"author":{"name":"Erick Villafuerte","@id":"https:\/\/www.quebakan.com\/v15\/#\/schema\/person\/d90fa9f9cfa81eb8ace9811e5b7b9118"},"headline":"Tuberculosis en Ecuador, una enfermedad prevenible y curable que contin\u00faa representando un desaf\u00edo para la salud p\u00fablica","datePublished":"2026-03-12T04:56:45+00:00","mainEntityOfPage":{"@id":"https:\/\/www.quebakan.com\/v15\/tuberculosis-en-ecuador-una-enfermedad-prevenible-y-curable-que-continua-representando-un-desafio-para-la-salud-publica\/"},"wordCount":540,"publisher":{"@id":"https:\/\/www.quebakan.com\/v15\/#organization"},"image":{"@id":"https:\/\/www.quebakan.com\/v15\/tuberculosis-en-ecuador-una-enfermedad-prevenible-y-curable-que-continua-representando-un-desafio-para-la-salud-publica\/#primaryimage"},"thumbnailUrl":"https:\/\/www.quebakan.com\/v15\/wp-content\/uploads\/2026\/03\/F1.jpg","articleSection":["Noticias"],"inLanguage":"es"},{"@type":"WebPage","@id":"https:\/\/www.quebakan.com\/v15\/tuberculosis-en-ecuador-una-enfermedad-prevenible-y-curable-que-continua-representando-un-desafio-para-la-salud-publica\/","url":"https:\/\/www.quebakan.com\/v15\/tuberculosis-en-ecuador-una-enfermedad-prevenible-y-curable-que-continua-representando-un-desafio-para-la-salud-publica\/","name":"Tuberculosis en Ecuador, una enfermedad prevenible y curable que contin\u00faa representando un desaf\u00edo para la salud p\u00fablica &#8211; QUEBAKAN.COM 2026: Noticias, Eventos, Conciertos y mucho m\u00e1s....","isPartOf":{"@id":"https:\/\/www.quebakan.com\/v15\/#website"},"primaryImageOfPage":{"@id":"https:\/\/www.quebakan.com\/v15\/tuberculosis-en-ecuador-una-enfermedad-prevenible-y-curable-que-continua-representando-un-desafio-para-la-salud-publica\/#primaryimage"},"image":{"@id":"https:\/\/www.quebakan.com\/v15\/tuberculosis-en-ecuador-una-enfermedad-prevenible-y-curable-que-continua-representando-un-desafio-para-la-salud-publica\/#primaryimage"},"thumbnailUrl":"https:\/\/www.quebakan.com\/v15\/wp-content\/uploads\/2026\/03\/F1.jpg","datePublished":"2026-03-12T04:56:45+00:00","breadcrumb":{"@id":"https:\/\/www.quebakan.com\/v15\/tuberculosis-en-ecuador-una-enfermedad-prevenible-y-curable-que-continua-representando-un-desafio-para-la-salud-publica\/#breadcrumb"},"inLanguage":"es","potentialAction":[{"@type":"ReadAction","target":["https:\/\/www.quebakan.com\/v15\/tuberculosis-en-ecuador-una-enfermedad-prevenible-y-curable-que-continua-representando-un-desafio-para-la-salud-publica\/"]}]},{"@type":"ImageObject","inLanguage":"es","@id":"https:\/\/www.quebakan.com\/v15\/tuberculosis-en-ecuador-una-enfermedad-prevenible-y-curable-que-continua-representando-un-desafio-para-la-salud-publica\/#primaryimage","url":"https:\/\/www.quebakan.com\/v15\/wp-content\/uploads\/2026\/03\/F1.jpg","contentUrl":"https:\/\/www.quebakan.com\/v15\/wp-content\/uploads\/2026\/03\/F1.jpg","width":700,"height":467},{"@type":"BreadcrumbList","@id":"https:\/\/www.quebakan.com\/v15\/tuberculosis-en-ecuador-una-enfermedad-prevenible-y-curable-que-continua-representando-un-desafio-para-la-salud-publica\/#breadcrumb","itemListElement":[{"@type":"ListItem","position":1,"name":"Portada","item":"https:\/\/www.quebakan.com\/v15\/"},{"@type":"ListItem","position":2,"name":"Tuberculosis en Ecuador, una enfermedad prevenible y curable que contin\u00faa representando un desaf\u00edo para la salud p\u00fablica"}]},{"@type":"WebSite","@id":"https:\/\/www.quebakan.com\/v15\/#website","url":"https:\/\/www.quebakan.com\/v15\/","name":"QUEBAKAN","description":"..","publisher":{"@id":"https:\/\/www.quebakan.com\/v15\/#organization"},"potentialAction":[{"@type":"SearchAction","target":{"@type":"EntryPoint","urlTemplate":"https:\/\/www.quebakan.com\/v15\/?s={search_term_string}"},"query-input":{"@type":"PropertyValueSpecification","valueRequired":true,"valueName":"search_term_string"}}],"inLanguage":"es"},{"@type":"Organization","@id":"https:\/\/www.quebakan.com\/v15\/#organization","name":"Quebakan.com","url":"https:\/\/www.quebakan.com\/v15\/","logo":{"@type":"ImageObject","inLanguage":"es","@id":"https:\/\/www.quebakan.com\/v15\/#\/schema\/logo\/image\/","url":"https:\/\/www.quebakan.com\/v15\/wp-content\/uploads\/2023\/07\/logoquebakanenero2021.jpg","contentUrl":"https:\/\/www.quebakan.com\/v15\/wp-content\/uploads\/2023\/07\/logoquebakanenero2021.jpg","width":1920,"height":1080,"caption":"Quebakan.com"},"image":{"@id":"https:\/\/www.quebakan.com\/v15\/#\/schema\/logo\/image\/"},"sameAs":["http:\/\/www.facebook.com\/quebakan","https:\/\/x.com\/quebakanec","http:\/\/www.instagram.com\/quebakan","http:\/\/www.youtube.com\/quebakan1"]},{"@type":"Person","@id":"https:\/\/www.quebakan.com\/v15\/#\/schema\/person\/d90fa9f9cfa81eb8ace9811e5b7b9118","name":"Erick Villafuerte","image":{"@type":"ImageObject","inLanguage":"es","@id":"https:\/\/www.quebakan.com\/v15\/wp-content\/uploads\/avatars\/4\/1731297654-bpfull.png","url":"https:\/\/www.quebakan.com\/v15\/wp-content\/uploads\/avatars\/4\/1731297654-bpfull.png","contentUrl":"https:\/\/www.quebakan.com\/v15\/wp-content\/uploads\/avatars\/4\/1731297654-bpfull.png","caption":"Erick Villafuerte"}}]}},"_links":{"self":[{"href":"https:\/\/www.quebakan.com\/v15\/wp-json\/wp\/v2\/posts\/140671","targetHints":{"allow":["GET"]}}],"collection":[{"href":"https:\/\/www.quebakan.com\/v15\/wp-json\/wp\/v2\/posts"}],"about":[{"href":"https:\/\/www.quebakan.com\/v15\/wp-json\/wp\/v2\/types\/post"}],"author":[{"embeddable":true,"href":"https:\/\/www.quebakan.com\/v15\/wp-json\/wp\/v2\/users\/4"}],"replies":[{"embeddable":true,"href":"https:\/\/www.quebakan.com\/v15\/wp-json\/wp\/v2\/comments?post=140671"}],"version-history":[{"count":1,"href":"https:\/\/www.quebakan.com\/v15\/wp-json\/wp\/v2\/posts\/140671\/revisions"}],"predecessor-version":[{"id":140674,"href":"https:\/\/www.quebakan.com\/v15\/wp-json\/wp\/v2\/posts\/140671\/revisions\/140674"}],"wp:featuredmedia":[{"embeddable":true,"href":"https:\/\/www.quebakan.com\/v15\/wp-json\/wp\/v2\/media\/140672"}],"wp:attachment":[{"href":"https:\/\/www.quebakan.com\/v15\/wp-json\/wp\/v2\/media?parent=140671"}],"wp:term":[{"taxonomy":"category","embeddable":true,"href":"https:\/\/www.quebakan.com\/v15\/wp-json\/wp\/v2\/categories?post=140671"},{"taxonomy":"post_tag","embeddable":true,"href":"https:\/\/www.quebakan.com\/v15\/wp-json\/wp\/v2\/tags?post=140671"}],"curies":[{"name":"wp","href":"https:\/\/api.w.org\/{rel}","templated":true}]}}