{"id":140679,"date":"2026-03-12T12:00:23","date_gmt":"2026-03-12T17:00:23","guid":{"rendered":"https:\/\/www.quebakan.com\/v15\/?p=140679"},"modified":"2026-03-12T12:00:23","modified_gmt":"2026-03-12T17:00:23","slug":"mas-de-2-millones-de-mujeres-impulsan-el-agro-ecuatoriano-el-liderazgo-femenino-que-transforma-la-agricultura-del-pais","status":"publish","type":"post","link":"https:\/\/www.quebakan.com\/v15\/mas-de-2-millones-de-mujeres-impulsan-el-agro-ecuatoriano-el-liderazgo-femenino-que-transforma-la-agricultura-del-pais\/","title":{"rendered":"M\u00e1s de 2 millones de mujeres impulsan el agro ecuatoriano: el liderazgo femenino que transforma la agricultura del pa\u00eds"},"content":{"rendered":"<p><img fetchpriority=\"high\" decoding=\"async\" class=\"aligncenter size-full wp-image-140680\" src=\"https:\/\/www.quebakan.com\/v15\/wp-content\/uploads\/2026\/03\/Basf-Mujer-.jpg\" alt=\"\" width=\"700\" height=\"372\" \/><\/p>\n<p style=\"text-align: justify;\"><span style=\"color: #000000;\"><strong>Quito, marzo de 2026.-<\/strong> El agro contin\u00faa siendo un pilar fundamental para el Ecuador, no solo por su rol en la producci\u00f3n de alimentos, sino tambi\u00e9n por su impacto en el desarrollo econ\u00f3mico y social del pa\u00eds. Esta importancia se refleja especialmente en el \u00e1mbito laboral: en febrero de 2024, las actividades agr\u00edcolas, silv\u00edcolas, ganaderas y de pesca concentraron el 31,5% del empleo total del pa\u00eds, seg\u00fan cifras del Ministerio de Producci\u00f3n basadas en informaci\u00f3n del INEC.<\/span><\/p>\n<p style=\"text-align: justify;\"><span style=\"color: #000000;\">Dentro de este escenario, el rol de las mujeres es clave. Se estima que m\u00e1s de 2 millones de mujeres rurales se dedican a la agricultura y ganader\u00eda, representando m\u00e1s del 40% de la mano de obra agr\u00edcola en el pa\u00eds, de acuerdo con informaci\u00f3n difundida por el Ministerio del Trabajo.<\/span><\/p>\n<p style=\"text-align: justify;\"><span style=\"color: #000000;\">Adem\u00e1s, las mujeres representan el 50,6% de la poblaci\u00f3n rural del Ecuador y el 71% se dedica principalmente a actividades como agricultura, ganader\u00eda, silvicultura y pesca, seg\u00fan cifras citadas por el Ministerio de Agricultura y Ganader\u00eda con base en INEC.<\/span><\/p>\n<p style=\"text-align: justify;\"><span style=\"color: #000000;\">Aunque durante a\u00f1os su aporte no siempre fue visible, hoy las mujeres est\u00e1n cada vez m\u00e1s presentes en la gesti\u00f3n productiva del campo: lideran fincas, dinamizan cadenas de valor agroalimentarias y adoptan pr\u00e1cticas que fortalecen la productividad y la sostenibilidad agr\u00edcola.<\/span><\/p>\n<p style=\"text-align: justify;\"><span style=\"color: #000000;\"><strong><u>El liderazgo femenino en el campo ecuatoriano<\/u><\/strong><\/span><\/p>\n<p style=\"text-align: justify;\"><span style=\"color: #000000;\">Durante las \u00faltimas d\u00e9cadas, el rol de las mujeres en el agro ha evolucionado significativamente. Hoy no solo participan en labores agr\u00edcolas tradicionales, sino que tambi\u00e9n lideran procesos de innovaci\u00f3n, gesti\u00f3n productiva y comercializaci\u00f3n de productos agr\u00edcolas.<\/span><\/p>\n<p style=\"text-align: justify;\"><span style=\"color: #000000;\">Su presencia es cada vez m\u00e1s visible en \u00e1reas como:<\/span><\/p>\n<ul style=\"text-align: justify;\">\n<li><span style=\"color: #000000;\">Administraci\u00f3n de fincas agr\u00edcolas<\/span><\/li>\n<li><span style=\"color: #000000;\">Liderazgo en asociaciones productivas<\/span><\/li>\n<li><span style=\"color: #000000;\">Investigaci\u00f3n y asistencia t\u00e9cnica agron\u00f3mica<\/span><\/li>\n<li><span style=\"color: #000000;\">Comercializaci\u00f3n de productos agr\u00edcolas<\/span><\/li>\n<li><span style=\"color: #000000;\">Adopci\u00f3n de nuevas tecnolog\u00edas en el campo<\/span><\/li>\n<\/ul>\n<p style=\"text-align: justify;\"><span style=\"color: #000000;\">Sin embargo, a\u00fan persisten desaf\u00edos relacionados con el acceso a tierra, financiamiento, capacitaci\u00f3n t\u00e9cnica y herramientas tecnol\u00f3gicas, factores fundamentales para potenciar su productividad y fortalecer su autonom\u00eda econ\u00f3mica.<\/span><\/p>\n<p style=\"text-align: justify;\"><span style=\"color: #000000;\">Pilar Castro, productora de 51 a\u00f1os del cant\u00f3n Palestina en la provincia del Guayas, inicia su jornada antes de que amanezca. Desde hace 10 a\u00f1os cultiva arroz, un oficio que hered\u00f3 de su familia y que hoy complementa con nuevas t\u00e9cnicas agr\u00edcolas para mejorar su producci\u00f3n. En ese camino, destaca el apoyo que ha recibido de BASF, empresa en la que conf\u00eda por las capacitaciones y la asesor\u00eda t\u00e9cnica que la han ayudado a fortalecer su trabajo en el campo.<\/span><\/p>\n<p style=\"text-align: justify;\"><span style=\"color: #000000;\"><em>\u201cGracias al apoyo de BASF, hemos recibido capacitaciones y asesor\u00eda t\u00e9cnica que nos han permitido mejorar nuestras pr\u00e1cticas. Mi mensaje para las mujeres es que sigamos adelante; esta actividad nos impulsa a desarrollarnos econ\u00f3micamente y a producir alimentos para nuestras familias. Las motivo a continuar aportando al desarrollo de nuestro pa\u00eds a trav\u00e9s del cultivo, llevando a la mesa el arroz que nace de nuestras tierras\u201d.<\/em><\/span><\/p>\n<p style=\"text-align: justify;\"><span style=\"color: #000000;\">Como ella, miles de mujeres en Ecuador est\u00e1n transformando el agro con conocimiento, resiliencia y una profunda conexi\u00f3n con la tierra.<\/span><\/p>\n<p style=\"text-align: justify;\"><span style=\"color: #000000;\"><strong><u>Innovaci\u00f3n y sostenibilidad para el futuro del agro<\/u><\/strong><\/span><\/p>\n<p style=\"text-align: justify;\"><span style=\"color: #000000;\">El agro ecuatoriano enfrenta hoy importantes desaf\u00edos vinculados al cambio clim\u00e1tico, la presi\u00f3n sobre los recursos naturales y la creciente demanda de alimentos. Seg\u00fan estimaciones internacionales, la producci\u00f3n agr\u00edcola mundial deber\u00e1 incrementarse en cerca de <strong>60 % hacia 2050<\/strong> para abastecer a la poblaci\u00f3n global.<\/span><\/p>\n<p style=\"text-align: justify;\"><span style=\"color: #000000;\">En este contexto, la innovaci\u00f3n agr\u00edcola y el acceso a conocimiento t\u00e9cnico se convierten en herramientas fundamentales para fortalecer la resiliencia del sector y mejorar la productividad de los cultivos.<\/span><\/p>\n<p style=\"text-align: justify;\"><span style=\"color: #000000;\">Empresas del sector agr\u00edcola, como <strong>BASF &#8211; Soluciones para la Agricultura<\/strong>, trabajan junto a productores, t\u00e9cnicos y organizaciones del sector para impulsar soluciones que contribuyan a una agricultura m\u00e1s productiva y sostenible, integrando ciencia, tecnolog\u00eda y conocimiento agron\u00f3mico en los sistemas de cultivo.<\/span><\/p>\n<p style=\"text-align: justify;\"><span style=\"color: #000000;\"><em>\u201cMe es grato ver c\u00f3mo, las mujeres estamos desempe\u00f1ando un papel cada vez m\u00e1s relevante en la transformaci\u00f3n del agro. Es por amor y con pasi\u00f3n por la agricultura, uno de los trabajos m\u00e1s valiosos de la tierra, que el liderazgo de la mujer en la producci\u00f3n, la adopci\u00f3n de nuevas tecnolog\u00edas y la gesti\u00f3n sostenible de los cultivos y de los negocios es clave para fortalecer la seguridad alimentaria y el desarrollo rural, por ello desde BASF constantemente desarrollamos soluciones que les permita fortalecer sus cultivos. El sector agr\u00edcola cada vez cuenta con m\u00e1s participaci\u00f3n femenina y estamos aqu\u00ed para apoyarlas.\u201d<\/em>, se\u00f1al\u00f3 Stephanie Valquinta, Country Manager de BASF Ecuatoriana.<\/span><\/p>\n<p style=\"text-align: justify;\"><span style=\"color: #000000;\">En Ecuador, la compa\u00f1\u00eda trabaja junto a productores y actores del sector agr\u00edcola en cultivos estrat\u00e9gicos como banano, arroz, ma\u00edz, ornamentales, papa, tomate y dem\u00e1s hortalizas y frutales, promoviendo pr\u00e1cticas que contribuyan a mejorar la productividad, proteger los cultivos y optimizar el uso responsable de los recursos naturales.<\/span><\/p>\n<p style=\"text-align: justify;\"><span style=\"color: #000000;\">Asimismo, impulsa iniciativas orientadas al intercambio de conocimiento y capacitaci\u00f3n t\u00e9cnica para agricultores, con el objetivo de fortalecer el desarrollo sostenible del sector agr\u00edcola en el pa\u00eds.<\/span><\/p>\n<p style=\"text-align: justify;\"><span style=\"color: #000000;\">En un mundo que enfrenta el desaf\u00edo de alimentar a una poblaci\u00f3n en crecimiento, el liderazgo de las mujeres en la agricultura se consolida como un motor clave para el desarrollo sostenible. Su conocimiento, experiencia y capacidad de innovaci\u00f3n contin\u00faan transformando el campo ecuatoriano, demostrando que el futuro de la agricultura tambi\u00e9n se cultiva con liderazgo femenino.<\/span><\/p>\n","protected":false},"excerpt":{"rendered":"<p>Quito, marzo de 2026.- El agro contin\u00faa siendo un pilar fundamental para el Ecuador, no solo por su rol en la producci\u00f3n de alimentos, sino tambi\u00e9n por su impacto en el desarrollo econ\u00f3mico y social del pa\u00eds. Esta importancia se refleja especialmente en el \u00e1mbito laboral: en febrero de 2024, las actividades agr\u00edcolas, silv\u00edcolas, ganaderas [&hellip;]<\/p>\n","protected":false},"author":4,"featured_media":140680,"comment_status":"closed","ping_status":"closed","sticky":false,"template":"","format":"standard","meta":{"_bbp_topic_count":0,"_bbp_reply_count":0,"_bbp_total_topic_count":0,"_bbp_total_reply_count":0,"_bbp_voice_count":0,"_bbp_anonymous_reply_count":0,"_bbp_topic_count_hidden":0,"_bbp_reply_count_hidden":0,"_bbp_forum_subforum_count":0,"buzzeditor_post_format":"","footnotes":""},"categories":[2],"tags":[],"class_list":["post-140679","post","type-post","status-publish","format-standard","has-post-thumbnail","hentry","category-noticias"],"yoast_head":"<!-- This site is optimized with the Yoast SEO plugin v27.5 - https:\/\/yoast.com\/product\/yoast-seo-wordpress\/ -->\n<title>M\u00e1s de 2 millones de mujeres impulsan el agro ecuatoriano: el liderazgo femenino que transforma la agricultura del pa\u00eds &#8211; QUEBAKAN.COM 2026: Noticias, Eventos, Conciertos y mucho m\u00e1s....<\/title>\n<meta name=\"robots\" content=\"index, follow, max-snippet:-1, max-image-preview:large, max-video-preview:-1\" \/>\n<link rel=\"canonical\" href=\"https:\/\/www.quebakan.com\/v15\/mas-de-2-millones-de-mujeres-impulsan-el-agro-ecuatoriano-el-liderazgo-femenino-que-transforma-la-agricultura-del-pais\/\" \/>\n<meta property=\"og:locale\" content=\"es_ES\" \/>\n<meta property=\"og:type\" content=\"article\" \/>\n<meta property=\"og:title\" content=\"M\u00e1s de 2 millones de mujeres impulsan el agro ecuatoriano: el liderazgo femenino que transforma la agricultura del pa\u00eds &#8211; QUEBAKAN.COM 2026: Noticias, Eventos, Conciertos y mucho m\u00e1s....\" \/>\n<meta property=\"og:description\" content=\"Quito, marzo de 2026.- El agro contin\u00faa siendo un pilar fundamental para el Ecuador, no solo por su rol en la producci\u00f3n de alimentos, sino tambi\u00e9n por su impacto en el desarrollo econ\u00f3mico y social del pa\u00eds. Esta importancia se refleja especialmente en el \u00e1mbito laboral: en febrero de 2024, las actividades agr\u00edcolas, silv\u00edcolas, ganaderas [&hellip;]\" \/>\n<meta property=\"og:url\" content=\"https:\/\/www.quebakan.com\/v15\/mas-de-2-millones-de-mujeres-impulsan-el-agro-ecuatoriano-el-liderazgo-femenino-que-transforma-la-agricultura-del-pais\/\" \/>\n<meta property=\"og:site_name\" content=\"QUEBAKAN.COM 2026: Noticias, Eventos, Conciertos y mucho m\u00e1s....\" \/>\n<meta property=\"article:publisher\" content=\"http:\/\/www.facebook.com\/quebakan\" \/>\n<meta property=\"article:published_time\" content=\"2026-03-12T17:00:23+00:00\" \/>\n<meta property=\"og:image\" content=\"https:\/\/www.quebakan.com\/v15\/wp-content\/uploads\/2026\/03\/Basf-Mujer-.jpg\" \/>\n\t<meta property=\"og:image:width\" content=\"700\" \/>\n\t<meta property=\"og:image:height\" content=\"372\" \/>\n\t<meta property=\"og:image:type\" content=\"image\/jpeg\" \/>\n<meta name=\"author\" content=\"Erick Villafuerte\" \/>\n<meta name=\"twitter:card\" content=\"summary_large_image\" \/>\n<meta name=\"twitter:creator\" content=\"@quebakanec\" \/>\n<meta name=\"twitter:site\" content=\"@quebakanec\" \/>\n<meta name=\"twitter:label1\" content=\"Escrito por\" \/>\n\t<meta name=\"twitter:data1\" content=\"Erick Villafuerte\" \/>\n\t<meta name=\"twitter:label2\" content=\"Tiempo de lectura\" \/>\n\t<meta name=\"twitter:data2\" content=\"5 minutos\" \/>\n<script type=\"application\/ld+json\" class=\"yoast-schema-graph\">{\"@context\":\"https:\\\/\\\/schema.org\",\"@graph\":[{\"@type\":\"Article\",\"@id\":\"https:\\\/\\\/www.quebakan.com\\\/v15\\\/mas-de-2-millones-de-mujeres-impulsan-el-agro-ecuatoriano-el-liderazgo-femenino-que-transforma-la-agricultura-del-pais\\\/#article\",\"isPartOf\":{\"@id\":\"https:\\\/\\\/www.quebakan.com\\\/v15\\\/mas-de-2-millones-de-mujeres-impulsan-el-agro-ecuatoriano-el-liderazgo-femenino-que-transforma-la-agricultura-del-pais\\\/\"},\"author\":{\"name\":\"Erick Villafuerte\",\"@id\":\"https:\\\/\\\/www.quebakan.com\\\/v15\\\/#\\\/schema\\\/person\\\/d90fa9f9cfa81eb8ace9811e5b7b9118\"},\"headline\":\"M\u00e1s de 2 millones de mujeres impulsan el agro ecuatoriano: el liderazgo femenino que transforma la agricultura del pa\u00eds\",\"datePublished\":\"2026-03-12T17:00:23+00:00\",\"mainEntityOfPage\":{\"@id\":\"https:\\\/\\\/www.quebakan.com\\\/v15\\\/mas-de-2-millones-de-mujeres-impulsan-el-agro-ecuatoriano-el-liderazgo-femenino-que-transforma-la-agricultura-del-pais\\\/\"},\"wordCount\":973,\"publisher\":{\"@id\":\"https:\\\/\\\/www.quebakan.com\\\/v15\\\/#organization\"},\"image\":{\"@id\":\"https:\\\/\\\/www.quebakan.com\\\/v15\\\/mas-de-2-millones-de-mujeres-impulsan-el-agro-ecuatoriano-el-liderazgo-femenino-que-transforma-la-agricultura-del-pais\\\/#primaryimage\"},\"thumbnailUrl\":\"https:\\\/\\\/www.quebakan.com\\\/v15\\\/wp-content\\\/uploads\\\/2026\\\/03\\\/Basf-Mujer-.jpg\",\"articleSection\":[\"Noticias\"],\"inLanguage\":\"es\"},{\"@type\":\"WebPage\",\"@id\":\"https:\\\/\\\/www.quebakan.com\\\/v15\\\/mas-de-2-millones-de-mujeres-impulsan-el-agro-ecuatoriano-el-liderazgo-femenino-que-transforma-la-agricultura-del-pais\\\/\",\"url\":\"https:\\\/\\\/www.quebakan.com\\\/v15\\\/mas-de-2-millones-de-mujeres-impulsan-el-agro-ecuatoriano-el-liderazgo-femenino-que-transforma-la-agricultura-del-pais\\\/\",\"name\":\"M\u00e1s de 2 millones de mujeres impulsan el agro ecuatoriano: el liderazgo femenino que transforma la agricultura del pa\u00eds &#8211; QUEBAKAN.COM 2026: Noticias, Eventos, Conciertos y mucho m\u00e1s....\",\"isPartOf\":{\"@id\":\"https:\\\/\\\/www.quebakan.com\\\/v15\\\/#website\"},\"primaryImageOfPage\":{\"@id\":\"https:\\\/\\\/www.quebakan.com\\\/v15\\\/mas-de-2-millones-de-mujeres-impulsan-el-agro-ecuatoriano-el-liderazgo-femenino-que-transforma-la-agricultura-del-pais\\\/#primaryimage\"},\"image\":{\"@id\":\"https:\\\/\\\/www.quebakan.com\\\/v15\\\/mas-de-2-millones-de-mujeres-impulsan-el-agro-ecuatoriano-el-liderazgo-femenino-que-transforma-la-agricultura-del-pais\\\/#primaryimage\"},\"thumbnailUrl\":\"https:\\\/\\\/www.quebakan.com\\\/v15\\\/wp-content\\\/uploads\\\/2026\\\/03\\\/Basf-Mujer-.jpg\",\"datePublished\":\"2026-03-12T17:00:23+00:00\",\"breadcrumb\":{\"@id\":\"https:\\\/\\\/www.quebakan.com\\\/v15\\\/mas-de-2-millones-de-mujeres-impulsan-el-agro-ecuatoriano-el-liderazgo-femenino-que-transforma-la-agricultura-del-pais\\\/#breadcrumb\"},\"inLanguage\":\"es\",\"potentialAction\":[{\"@type\":\"ReadAction\",\"target\":[\"https:\\\/\\\/www.quebakan.com\\\/v15\\\/mas-de-2-millones-de-mujeres-impulsan-el-agro-ecuatoriano-el-liderazgo-femenino-que-transforma-la-agricultura-del-pais\\\/\"]}]},{\"@type\":\"ImageObject\",\"inLanguage\":\"es\",\"@id\":\"https:\\\/\\\/www.quebakan.com\\\/v15\\\/mas-de-2-millones-de-mujeres-impulsan-el-agro-ecuatoriano-el-liderazgo-femenino-que-transforma-la-agricultura-del-pais\\\/#primaryimage\",\"url\":\"https:\\\/\\\/www.quebakan.com\\\/v15\\\/wp-content\\\/uploads\\\/2026\\\/03\\\/Basf-Mujer-.jpg\",\"contentUrl\":\"https:\\\/\\\/www.quebakan.com\\\/v15\\\/wp-content\\\/uploads\\\/2026\\\/03\\\/Basf-Mujer-.jpg\",\"width\":700,\"height\":372},{\"@type\":\"BreadcrumbList\",\"@id\":\"https:\\\/\\\/www.quebakan.com\\\/v15\\\/mas-de-2-millones-de-mujeres-impulsan-el-agro-ecuatoriano-el-liderazgo-femenino-que-transforma-la-agricultura-del-pais\\\/#breadcrumb\",\"itemListElement\":[{\"@type\":\"ListItem\",\"position\":1,\"name\":\"Portada\",\"item\":\"https:\\\/\\\/www.quebakan.com\\\/v15\\\/\"},{\"@type\":\"ListItem\",\"position\":2,\"name\":\"M\u00e1s de 2 millones de mujeres impulsan el agro ecuatoriano: el liderazgo femenino que transforma la agricultura del pa\u00eds\"}]},{\"@type\":\"WebSite\",\"@id\":\"https:\\\/\\\/www.quebakan.com\\\/v15\\\/#website\",\"url\":\"https:\\\/\\\/www.quebakan.com\\\/v15\\\/\",\"name\":\"QUEBAKAN\",\"description\":\"..\",\"publisher\":{\"@id\":\"https:\\\/\\\/www.quebakan.com\\\/v15\\\/#organization\"},\"potentialAction\":[{\"@type\":\"SearchAction\",\"target\":{\"@type\":\"EntryPoint\",\"urlTemplate\":\"https:\\\/\\\/www.quebakan.com\\\/v15\\\/?s={search_term_string}\"},\"query-input\":{\"@type\":\"PropertyValueSpecification\",\"valueRequired\":true,\"valueName\":\"search_term_string\"}}],\"inLanguage\":\"es\"},{\"@type\":\"Organization\",\"@id\":\"https:\\\/\\\/www.quebakan.com\\\/v15\\\/#organization\",\"name\":\"Quebakan.com\",\"url\":\"https:\\\/\\\/www.quebakan.com\\\/v15\\\/\",\"logo\":{\"@type\":\"ImageObject\",\"inLanguage\":\"es\",\"@id\":\"https:\\\/\\\/www.quebakan.com\\\/v15\\\/#\\\/schema\\\/logo\\\/image\\\/\",\"url\":\"https:\\\/\\\/www.quebakan.com\\\/v15\\\/wp-content\\\/uploads\\\/2023\\\/07\\\/logoquebakanenero2021.jpg\",\"contentUrl\":\"https:\\\/\\\/www.quebakan.com\\\/v15\\\/wp-content\\\/uploads\\\/2023\\\/07\\\/logoquebakanenero2021.jpg\",\"width\":1920,\"height\":1080,\"caption\":\"Quebakan.com\"},\"image\":{\"@id\":\"https:\\\/\\\/www.quebakan.com\\\/v15\\\/#\\\/schema\\\/logo\\\/image\\\/\"},\"sameAs\":[\"http:\\\/\\\/www.facebook.com\\\/quebakan\",\"https:\\\/\\\/x.com\\\/quebakanec\",\"http:\\\/\\\/www.instagram.com\\\/quebakan\",\"http:\\\/\\\/www.youtube.com\\\/quebakan1\"]},{\"@type\":\"Person\",\"@id\":\"https:\\\/\\\/www.quebakan.com\\\/v15\\\/#\\\/schema\\\/person\\\/d90fa9f9cfa81eb8ace9811e5b7b9118\",\"name\":\"Erick Villafuerte\",\"image\":{\"@type\":\"ImageObject\",\"inLanguage\":\"es\",\"@id\":\"https:\\\/\\\/www.quebakan.com\\\/v15\\\/wp-content\\\/uploads\\\/avatars\\\/4\\\/1731297654-bpfull.png\",\"url\":\"https:\\\/\\\/www.quebakan.com\\\/v15\\\/wp-content\\\/uploads\\\/avatars\\\/4\\\/1731297654-bpfull.png\",\"contentUrl\":\"https:\\\/\\\/www.quebakan.com\\\/v15\\\/wp-content\\\/uploads\\\/avatars\\\/4\\\/1731297654-bpfull.png\",\"caption\":\"Erick Villafuerte\"}}]}<\/script>\n<!-- \/ Yoast SEO plugin. -->","yoast_head_json":{"title":"M\u00e1s de 2 millones de mujeres impulsan el agro ecuatoriano: el liderazgo femenino que transforma la agricultura del pa\u00eds &#8211; QUEBAKAN.COM 2026: Noticias, Eventos, Conciertos y mucho m\u00e1s....","robots":{"index":"index","follow":"follow","max-snippet":"max-snippet:-1","max-image-preview":"max-image-preview:large","max-video-preview":"max-video-preview:-1"},"canonical":"https:\/\/www.quebakan.com\/v15\/mas-de-2-millones-de-mujeres-impulsan-el-agro-ecuatoriano-el-liderazgo-femenino-que-transforma-la-agricultura-del-pais\/","og_locale":"es_ES","og_type":"article","og_title":"M\u00e1s de 2 millones de mujeres impulsan el agro ecuatoriano: el liderazgo femenino que transforma la agricultura del pa\u00eds &#8211; QUEBAKAN.COM 2026: Noticias, Eventos, Conciertos y mucho m\u00e1s....","og_description":"Quito, marzo de 2026.- El agro contin\u00faa siendo un pilar fundamental para el Ecuador, no solo por su rol en la producci\u00f3n de alimentos, sino tambi\u00e9n por su impacto en el desarrollo econ\u00f3mico y social del pa\u00eds. Esta importancia se refleja especialmente en el \u00e1mbito laboral: en febrero de 2024, las actividades agr\u00edcolas, silv\u00edcolas, ganaderas [&hellip;]","og_url":"https:\/\/www.quebakan.com\/v15\/mas-de-2-millones-de-mujeres-impulsan-el-agro-ecuatoriano-el-liderazgo-femenino-que-transforma-la-agricultura-del-pais\/","og_site_name":"QUEBAKAN.COM 2026: Noticias, Eventos, Conciertos y mucho m\u00e1s....","article_publisher":"http:\/\/www.facebook.com\/quebakan","article_published_time":"2026-03-12T17:00:23+00:00","og_image":[{"width":700,"height":372,"url":"https:\/\/www.quebakan.com\/v15\/wp-content\/uploads\/2026\/03\/Basf-Mujer-.jpg","type":"image\/jpeg"}],"author":"Erick Villafuerte","twitter_card":"summary_large_image","twitter_creator":"@quebakanec","twitter_site":"@quebakanec","twitter_misc":{"Escrito por":"Erick Villafuerte","Tiempo de lectura":"5 minutos"},"schema":{"@context":"https:\/\/schema.org","@graph":[{"@type":"Article","@id":"https:\/\/www.quebakan.com\/v15\/mas-de-2-millones-de-mujeres-impulsan-el-agro-ecuatoriano-el-liderazgo-femenino-que-transforma-la-agricultura-del-pais\/#article","isPartOf":{"@id":"https:\/\/www.quebakan.com\/v15\/mas-de-2-millones-de-mujeres-impulsan-el-agro-ecuatoriano-el-liderazgo-femenino-que-transforma-la-agricultura-del-pais\/"},"author":{"name":"Erick Villafuerte","@id":"https:\/\/www.quebakan.com\/v15\/#\/schema\/person\/d90fa9f9cfa81eb8ace9811e5b7b9118"},"headline":"M\u00e1s de 2 millones de mujeres impulsan el agro ecuatoriano: el liderazgo femenino que transforma la agricultura del pa\u00eds","datePublished":"2026-03-12T17:00:23+00:00","mainEntityOfPage":{"@id":"https:\/\/www.quebakan.com\/v15\/mas-de-2-millones-de-mujeres-impulsan-el-agro-ecuatoriano-el-liderazgo-femenino-que-transforma-la-agricultura-del-pais\/"},"wordCount":973,"publisher":{"@id":"https:\/\/www.quebakan.com\/v15\/#organization"},"image":{"@id":"https:\/\/www.quebakan.com\/v15\/mas-de-2-millones-de-mujeres-impulsan-el-agro-ecuatoriano-el-liderazgo-femenino-que-transforma-la-agricultura-del-pais\/#primaryimage"},"thumbnailUrl":"https:\/\/www.quebakan.com\/v15\/wp-content\/uploads\/2026\/03\/Basf-Mujer-.jpg","articleSection":["Noticias"],"inLanguage":"es"},{"@type":"WebPage","@id":"https:\/\/www.quebakan.com\/v15\/mas-de-2-millones-de-mujeres-impulsan-el-agro-ecuatoriano-el-liderazgo-femenino-que-transforma-la-agricultura-del-pais\/","url":"https:\/\/www.quebakan.com\/v15\/mas-de-2-millones-de-mujeres-impulsan-el-agro-ecuatoriano-el-liderazgo-femenino-que-transforma-la-agricultura-del-pais\/","name":"M\u00e1s de 2 millones de mujeres impulsan el agro ecuatoriano: el liderazgo femenino que transforma la agricultura del pa\u00eds &#8211; QUEBAKAN.COM 2026: Noticias, Eventos, Conciertos y mucho m\u00e1s....","isPartOf":{"@id":"https:\/\/www.quebakan.com\/v15\/#website"},"primaryImageOfPage":{"@id":"https:\/\/www.quebakan.com\/v15\/mas-de-2-millones-de-mujeres-impulsan-el-agro-ecuatoriano-el-liderazgo-femenino-que-transforma-la-agricultura-del-pais\/#primaryimage"},"image":{"@id":"https:\/\/www.quebakan.com\/v15\/mas-de-2-millones-de-mujeres-impulsan-el-agro-ecuatoriano-el-liderazgo-femenino-que-transforma-la-agricultura-del-pais\/#primaryimage"},"thumbnailUrl":"https:\/\/www.quebakan.com\/v15\/wp-content\/uploads\/2026\/03\/Basf-Mujer-.jpg","datePublished":"2026-03-12T17:00:23+00:00","breadcrumb":{"@id":"https:\/\/www.quebakan.com\/v15\/mas-de-2-millones-de-mujeres-impulsan-el-agro-ecuatoriano-el-liderazgo-femenino-que-transforma-la-agricultura-del-pais\/#breadcrumb"},"inLanguage":"es","potentialAction":[{"@type":"ReadAction","target":["https:\/\/www.quebakan.com\/v15\/mas-de-2-millones-de-mujeres-impulsan-el-agro-ecuatoriano-el-liderazgo-femenino-que-transforma-la-agricultura-del-pais\/"]}]},{"@type":"ImageObject","inLanguage":"es","@id":"https:\/\/www.quebakan.com\/v15\/mas-de-2-millones-de-mujeres-impulsan-el-agro-ecuatoriano-el-liderazgo-femenino-que-transforma-la-agricultura-del-pais\/#primaryimage","url":"https:\/\/www.quebakan.com\/v15\/wp-content\/uploads\/2026\/03\/Basf-Mujer-.jpg","contentUrl":"https:\/\/www.quebakan.com\/v15\/wp-content\/uploads\/2026\/03\/Basf-Mujer-.jpg","width":700,"height":372},{"@type":"BreadcrumbList","@id":"https:\/\/www.quebakan.com\/v15\/mas-de-2-millones-de-mujeres-impulsan-el-agro-ecuatoriano-el-liderazgo-femenino-que-transforma-la-agricultura-del-pais\/#breadcrumb","itemListElement":[{"@type":"ListItem","position":1,"name":"Portada","item":"https:\/\/www.quebakan.com\/v15\/"},{"@type":"ListItem","position":2,"name":"M\u00e1s de 2 millones de mujeres impulsan el agro ecuatoriano: el liderazgo femenino que transforma la agricultura del pa\u00eds"}]},{"@type":"WebSite","@id":"https:\/\/www.quebakan.com\/v15\/#website","url":"https:\/\/www.quebakan.com\/v15\/","name":"QUEBAKAN","description":"..","publisher":{"@id":"https:\/\/www.quebakan.com\/v15\/#organization"},"potentialAction":[{"@type":"SearchAction","target":{"@type":"EntryPoint","urlTemplate":"https:\/\/www.quebakan.com\/v15\/?s={search_term_string}"},"query-input":{"@type":"PropertyValueSpecification","valueRequired":true,"valueName":"search_term_string"}}],"inLanguage":"es"},{"@type":"Organization","@id":"https:\/\/www.quebakan.com\/v15\/#organization","name":"Quebakan.com","url":"https:\/\/www.quebakan.com\/v15\/","logo":{"@type":"ImageObject","inLanguage":"es","@id":"https:\/\/www.quebakan.com\/v15\/#\/schema\/logo\/image\/","url":"https:\/\/www.quebakan.com\/v15\/wp-content\/uploads\/2023\/07\/logoquebakanenero2021.jpg","contentUrl":"https:\/\/www.quebakan.com\/v15\/wp-content\/uploads\/2023\/07\/logoquebakanenero2021.jpg","width":1920,"height":1080,"caption":"Quebakan.com"},"image":{"@id":"https:\/\/www.quebakan.com\/v15\/#\/schema\/logo\/image\/"},"sameAs":["http:\/\/www.facebook.com\/quebakan","https:\/\/x.com\/quebakanec","http:\/\/www.instagram.com\/quebakan","http:\/\/www.youtube.com\/quebakan1"]},{"@type":"Person","@id":"https:\/\/www.quebakan.com\/v15\/#\/schema\/person\/d90fa9f9cfa81eb8ace9811e5b7b9118","name":"Erick Villafuerte","image":{"@type":"ImageObject","inLanguage":"es","@id":"https:\/\/www.quebakan.com\/v15\/wp-content\/uploads\/avatars\/4\/1731297654-bpfull.png","url":"https:\/\/www.quebakan.com\/v15\/wp-content\/uploads\/avatars\/4\/1731297654-bpfull.png","contentUrl":"https:\/\/www.quebakan.com\/v15\/wp-content\/uploads\/avatars\/4\/1731297654-bpfull.png","caption":"Erick Villafuerte"}}]}},"_links":{"self":[{"href":"https:\/\/www.quebakan.com\/v15\/wp-json\/wp\/v2\/posts\/140679","targetHints":{"allow":["GET"]}}],"collection":[{"href":"https:\/\/www.quebakan.com\/v15\/wp-json\/wp\/v2\/posts"}],"about":[{"href":"https:\/\/www.quebakan.com\/v15\/wp-json\/wp\/v2\/types\/post"}],"author":[{"embeddable":true,"href":"https:\/\/www.quebakan.com\/v15\/wp-json\/wp\/v2\/users\/4"}],"replies":[{"embeddable":true,"href":"https:\/\/www.quebakan.com\/v15\/wp-json\/wp\/v2\/comments?post=140679"}],"version-history":[{"count":1,"href":"https:\/\/www.quebakan.com\/v15\/wp-json\/wp\/v2\/posts\/140679\/revisions"}],"predecessor-version":[{"id":140681,"href":"https:\/\/www.quebakan.com\/v15\/wp-json\/wp\/v2\/posts\/140679\/revisions\/140681"}],"wp:featuredmedia":[{"embeddable":true,"href":"https:\/\/www.quebakan.com\/v15\/wp-json\/wp\/v2\/media\/140680"}],"wp:attachment":[{"href":"https:\/\/www.quebakan.com\/v15\/wp-json\/wp\/v2\/media?parent=140679"}],"wp:term":[{"taxonomy":"category","embeddable":true,"href":"https:\/\/www.quebakan.com\/v15\/wp-json\/wp\/v2\/categories?post=140679"},{"taxonomy":"post_tag","embeddable":true,"href":"https:\/\/www.quebakan.com\/v15\/wp-json\/wp\/v2\/tags?post=140679"}],"curies":[{"name":"wp","href":"https:\/\/api.w.org\/{rel}","templated":true}]}}