{"id":140682,"date":"2026-03-12T12:04:41","date_gmt":"2026-03-12T17:04:41","guid":{"rendered":"https:\/\/www.quebakan.com\/v15\/?p=140682"},"modified":"2026-03-12T12:04:41","modified_gmt":"2026-03-12T17:04:41","slug":"comprar-vs-alquilar-en-quito-que-conviene-segun-el-perfil-del-comprador-en-2026","status":"publish","type":"post","link":"https:\/\/www.quebakan.com\/v15\/comprar-vs-alquilar-en-quito-que-conviene-segun-el-perfil-del-comprador-en-2026\/","title":{"rendered":"Comprar vs. alquilar en Quito: qu\u00e9 conviene seg\u00fan el perfil del comprador en 2026"},"content":{"rendered":"<p><img fetchpriority=\"high\" decoding=\"async\" class=\"aligncenter size-full wp-image-140683\" src=\"https:\/\/www.quebakan.com\/v15\/wp-content\/uploads\/2026\/03\/Plusvalia-Perfil-Comprador-Quito.png\" alt=\"\" width=\"595\" height=\"394\" \/><\/p>\n<p style=\"text-align: justify;\"><span style=\"color: #000000;\"><strong>Quito, marzo del 2026.-<\/strong> La decisi\u00f3n entre comprar o alquilar una vivienda vuelve a estar en el centro del debate inmobiliario en 2026. Factores como tasas de financiamiento, estabilidad laboral, planificaci\u00f3n patrimonial y movilidad profesional est\u00e1n redefiniendo qu\u00e9 opci\u00f3n resulta m\u00e1s conveniente seg\u00fan el perfil del usuario.<\/span><\/p>\n<p style=\"text-align: justify;\"><span style=\"color: #000000;\">En un contexto donde el mercado muestra se\u00f1ales de ajuste estrat\u00e9gico y mayor an\u00e1lisis financiero por parte de los compradores, la decisi\u00f3n ya no es emocional, sino estructural.<\/span><\/p>\n<p style=\"text-align: justify;\"><span style=\"color: #000000;\"><strong>El comprador patrimonial: visi\u00f3n a largo plazo<\/strong><\/span><\/p>\n<p style=\"text-align: justify;\"><span style=\"color: #000000;\">Para quienes buscan construir patrimonio y estabilidad, la compra contin\u00faa siendo una herramienta de consolidaci\u00f3n financiera.<\/span><\/p>\n<p style=\"text-align: justify;\"><span style=\"color: #000000;\">Entre los factores que inclinan la balanza hacia la adquisici\u00f3n est\u00e1n:<\/span><\/p>\n<ul style=\"text-align: justify;\">\n<li><span style=\"color: #000000;\">Estabilidad laboral o ingresos previsibles.<\/span><\/li>\n<li><span style=\"color: #000000;\">Capacidad de asumir las cuotas hipotecarias sin comprometer liquidez.<\/span><\/li>\n<li><span style=\"color: #000000;\">Inter\u00e9s en valorizaci\u00f3n a mediano y largo plazo.<\/span><\/li>\n<li><span style=\"color: #000000;\">Planificaci\u00f3n familiar o permanencia en una zona espec\u00edfica.<\/span><\/li>\n<\/ul>\n<p style=\"text-align: justify;\"><span style=\"color: #000000;\">\u201cLa compra responde a una visi\u00f3n de patrimonio. En perfiles con estabilidad financiera, el inmueble funciona como activo tangible y mecanismo de protecci\u00f3n de capital\u201d, explica Luciano Barredo, gerente de marketing de Plusval\u00eda.<\/span><\/p>\n<p style=\"text-align: justify;\"><span style=\"color: #000000;\">Adem\u00e1s, en determinados sectores de Quito, la valorizaci\u00f3n hist\u00f3rica y la demanda sostenida pueden fortalecer esta decisi\u00f3n.<\/span><\/p>\n<p style=\"text-align: justify;\"><span style=\"color: #000000;\"><strong>El perfil flexible: movilidad y liquidez<\/strong><\/span><\/p>\n<p style=\"text-align: justify;\"><span style=\"color: #000000;\">Por otro lado, el alquiler gana terreno entre profesionales j\u00f3venes, expatriados o personas en transici\u00f3n laboral.<\/span><\/p>\n<p style=\"text-align: justify;\"><span style=\"color: #000000;\">El arriendo puede resultar conveniente cuando:<\/span><\/p>\n<ul style=\"text-align: justify;\">\n<li><span style=\"color: #000000;\">Existe movilidad laboral frecuente.<\/span><\/li>\n<li><span style=\"color: #000000;\">Se prioriza la liquidez para otras inversiones.<\/span><\/li>\n<li><span style=\"color: #000000;\">No se desea asumir costos iniciales elevados (entrada, gastos notariales, impuestos).<\/span><\/li>\n<li><span style=\"color: #000000;\">Se busca probar una zona antes de comprar.<\/span><\/li>\n<\/ul>\n<p style=\"text-align: justify;\"><span style=\"color: #000000;\">En 2026, el alquiler tambi\u00e9n se consolida como alternativa estrat\u00e9gica para quienes prefieren mantener capital disponible ante posibles oportunidades de inversi\u00f3n.<\/span><\/p>\n<p style=\"text-align: justify;\"><span style=\"color: #000000;\"><strong>Factores financieros que inciden en la decisi\u00f3n<\/strong><\/span><\/p>\n<p style=\"text-align: justify;\"><span style=\"color: #000000;\">La comparaci\u00f3n entre comprar y alquilar depende de variables como:<\/span><\/p>\n<ul style=\"text-align: justify;\">\n<li><span style=\"color: #000000;\">Relaci\u00f3n cuota hipotecaria vs. valor de arriendo.<\/span><\/li>\n<li><span style=\"color: #000000;\">Tasa de inter\u00e9s vigente.<\/span><\/li>\n<li><span style=\"color: #000000;\">Plazo de financiamiento.<\/span><\/li>\n<li><span style=\"color: #000000;\">Proyecci\u00f3n de valorizaci\u00f3n del sector.<\/span><\/li>\n<li><span style=\"color: #000000;\">Costos de mantenimiento y administraci\u00f3n.<\/span><\/li>\n<\/ul>\n<p style=\"text-align: justify;\"><span style=\"color: #000000;\">En ciertos escenarios, la cuota mensual puede equipararse al valor de un arriendo, lo que inclina la decisi\u00f3n hacia la compra. Sin embargo, cuando las tasas o los costos iniciales son elevados, el alquiler puede ofrecer mayor flexibilidad financiera.<\/span><\/p>\n<p style=\"text-align: justify;\"><span style=\"color: #000000;\"><strong>Tendencia 2026: decisiones m\u00e1s calculadas<\/strong><\/span><\/p>\n<p style=\"text-align: justify;\"><span style=\"color: #000000;\">El comportamiento del usuario digital muestra que las b\u00fasquedas tanto de compra como de alquiler se mantienen activas, pero con mayor tiempo de an\u00e1lisis previo. <\/span><span style=\"color: #000000;\">\u201cEl usuario actual compara m\u00e1s, simula escenarios y eval\u00faa el impacto financiero antes de tomar una decisi\u00f3n. En 2026 proyectamos decisiones m\u00e1s racionales y menos impulsivas\u201d, agrega Barreado.<\/span><\/p>\n<p style=\"text-align: justify;\"><span style=\"color: #000000;\">En definitiva, no existe una respuesta universal. La conveniencia depende del momento financiero, los objetivos personales y la estrategia patrimonial de cada individuo. <\/span><span style=\"color: #000000;\">La clave est\u00e1 en entender que comprar y alquilar no son opciones opuestas, sino decisiones estrat\u00e9gicas que responden a diferentes etapas de vida y planificaci\u00f3n econ\u00f3mica, finaliza Barreado.<\/span><\/p>\n","protected":false},"excerpt":{"rendered":"<p>Quito, marzo del 2026.- La decisi\u00f3n entre comprar o alquilar una vivienda vuelve a estar en el centro del debate inmobiliario en 2026. Factores como tasas de financiamiento, estabilidad laboral, planificaci\u00f3n patrimonial y movilidad profesional est\u00e1n redefiniendo qu\u00e9 opci\u00f3n resulta m\u00e1s conveniente seg\u00fan el perfil del usuario. En un contexto donde el mercado muestra se\u00f1ales [&hellip;]<\/p>\n","protected":false},"author":4,"featured_media":140683,"comment_status":"closed","ping_status":"closed","sticky":false,"template":"","format":"standard","meta":{"_bbp_topic_count":0,"_bbp_reply_count":0,"_bbp_total_topic_count":0,"_bbp_total_reply_count":0,"_bbp_voice_count":0,"_bbp_anonymous_reply_count":0,"_bbp_topic_count_hidden":0,"_bbp_reply_count_hidden":0,"_bbp_forum_subforum_count":0,"buzzeditor_post_format":"","footnotes":""},"categories":[2],"tags":[],"class_list":["post-140682","post","type-post","status-publish","format-standard","has-post-thumbnail","hentry","category-noticias"],"yoast_head":"<!-- This site is optimized with the Yoast SEO plugin v27.5 - https:\/\/yoast.com\/product\/yoast-seo-wordpress\/ -->\n<title>Comprar vs. alquilar en Quito: qu\u00e9 conviene seg\u00fan el perfil del comprador en 2026 &#8211; QUEBAKAN.COM 2026: Noticias, Eventos, Conciertos y mucho m\u00e1s....<\/title>\n<meta name=\"robots\" content=\"index, follow, max-snippet:-1, max-image-preview:large, max-video-preview:-1\" \/>\n<link rel=\"canonical\" href=\"https:\/\/www.quebakan.com\/v15\/comprar-vs-alquilar-en-quito-que-conviene-segun-el-perfil-del-comprador-en-2026\/\" \/>\n<meta property=\"og:locale\" content=\"es_ES\" \/>\n<meta property=\"og:type\" content=\"article\" \/>\n<meta property=\"og:title\" content=\"Comprar vs. alquilar en Quito: qu\u00e9 conviene seg\u00fan el perfil del comprador en 2026 &#8211; QUEBAKAN.COM 2026: Noticias, Eventos, Conciertos y mucho m\u00e1s....\" \/>\n<meta property=\"og:description\" content=\"Quito, marzo del 2026.- La decisi\u00f3n entre comprar o alquilar una vivienda vuelve a estar en el centro del debate inmobiliario en 2026. Factores como tasas de financiamiento, estabilidad laboral, planificaci\u00f3n patrimonial y movilidad profesional est\u00e1n redefiniendo qu\u00e9 opci\u00f3n resulta m\u00e1s conveniente seg\u00fan el perfil del usuario. En un contexto donde el mercado muestra se\u00f1ales [&hellip;]\" \/>\n<meta property=\"og:url\" content=\"https:\/\/www.quebakan.com\/v15\/comprar-vs-alquilar-en-quito-que-conviene-segun-el-perfil-del-comprador-en-2026\/\" \/>\n<meta property=\"og:site_name\" content=\"QUEBAKAN.COM 2026: Noticias, Eventos, Conciertos y mucho m\u00e1s....\" \/>\n<meta property=\"article:publisher\" content=\"http:\/\/www.facebook.com\/quebakan\" \/>\n<meta property=\"article:published_time\" content=\"2026-03-12T17:04:41+00:00\" \/>\n<meta property=\"og:image\" content=\"https:\/\/www.quebakan.com\/v15\/wp-content\/uploads\/2026\/03\/Plusvalia-Perfil-Comprador-Quito.png\" \/>\n\t<meta property=\"og:image:width\" content=\"595\" \/>\n\t<meta property=\"og:image:height\" content=\"394\" \/>\n\t<meta property=\"og:image:type\" content=\"image\/png\" \/>\n<meta name=\"author\" content=\"Erick Villafuerte\" \/>\n<meta name=\"twitter:card\" content=\"summary_large_image\" \/>\n<meta name=\"twitter:creator\" content=\"@quebakanec\" \/>\n<meta name=\"twitter:site\" content=\"@quebakanec\" \/>\n<meta name=\"twitter:label1\" content=\"Escrito por\" \/>\n\t<meta name=\"twitter:data1\" content=\"Erick Villafuerte\" \/>\n\t<meta name=\"twitter:label2\" content=\"Tiempo de lectura\" \/>\n\t<meta name=\"twitter:data2\" content=\"3 minutos\" \/>\n<script type=\"application\/ld+json\" class=\"yoast-schema-graph\">{\"@context\":\"https:\\\/\\\/schema.org\",\"@graph\":[{\"@type\":\"Article\",\"@id\":\"https:\\\/\\\/www.quebakan.com\\\/v15\\\/comprar-vs-alquilar-en-quito-que-conviene-segun-el-perfil-del-comprador-en-2026\\\/#article\",\"isPartOf\":{\"@id\":\"https:\\\/\\\/www.quebakan.com\\\/v15\\\/comprar-vs-alquilar-en-quito-que-conviene-segun-el-perfil-del-comprador-en-2026\\\/\"},\"author\":{\"name\":\"Erick Villafuerte\",\"@id\":\"https:\\\/\\\/www.quebakan.com\\\/v15\\\/#\\\/schema\\\/person\\\/d90fa9f9cfa81eb8ace9811e5b7b9118\"},\"headline\":\"Comprar vs. alquilar en Quito: qu\u00e9 conviene seg\u00fan el perfil del comprador en 2026\",\"datePublished\":\"2026-03-12T17:04:41+00:00\",\"mainEntityOfPage\":{\"@id\":\"https:\\\/\\\/www.quebakan.com\\\/v15\\\/comprar-vs-alquilar-en-quito-que-conviene-segun-el-perfil-del-comprador-en-2026\\\/\"},\"wordCount\":516,\"publisher\":{\"@id\":\"https:\\\/\\\/www.quebakan.com\\\/v15\\\/#organization\"},\"image\":{\"@id\":\"https:\\\/\\\/www.quebakan.com\\\/v15\\\/comprar-vs-alquilar-en-quito-que-conviene-segun-el-perfil-del-comprador-en-2026\\\/#primaryimage\"},\"thumbnailUrl\":\"https:\\\/\\\/www.quebakan.com\\\/v15\\\/wp-content\\\/uploads\\\/2026\\\/03\\\/Plusvalia-Perfil-Comprador-Quito.png\",\"articleSection\":[\"Noticias\"],\"inLanguage\":\"es\"},{\"@type\":\"WebPage\",\"@id\":\"https:\\\/\\\/www.quebakan.com\\\/v15\\\/comprar-vs-alquilar-en-quito-que-conviene-segun-el-perfil-del-comprador-en-2026\\\/\",\"url\":\"https:\\\/\\\/www.quebakan.com\\\/v15\\\/comprar-vs-alquilar-en-quito-que-conviene-segun-el-perfil-del-comprador-en-2026\\\/\",\"name\":\"Comprar vs. alquilar en Quito: qu\u00e9 conviene seg\u00fan el perfil del comprador en 2026 &#8211; QUEBAKAN.COM 2026: Noticias, Eventos, Conciertos y mucho m\u00e1s....\",\"isPartOf\":{\"@id\":\"https:\\\/\\\/www.quebakan.com\\\/v15\\\/#website\"},\"primaryImageOfPage\":{\"@id\":\"https:\\\/\\\/www.quebakan.com\\\/v15\\\/comprar-vs-alquilar-en-quito-que-conviene-segun-el-perfil-del-comprador-en-2026\\\/#primaryimage\"},\"image\":{\"@id\":\"https:\\\/\\\/www.quebakan.com\\\/v15\\\/comprar-vs-alquilar-en-quito-que-conviene-segun-el-perfil-del-comprador-en-2026\\\/#primaryimage\"},\"thumbnailUrl\":\"https:\\\/\\\/www.quebakan.com\\\/v15\\\/wp-content\\\/uploads\\\/2026\\\/03\\\/Plusvalia-Perfil-Comprador-Quito.png\",\"datePublished\":\"2026-03-12T17:04:41+00:00\",\"breadcrumb\":{\"@id\":\"https:\\\/\\\/www.quebakan.com\\\/v15\\\/comprar-vs-alquilar-en-quito-que-conviene-segun-el-perfil-del-comprador-en-2026\\\/#breadcrumb\"},\"inLanguage\":\"es\",\"potentialAction\":[{\"@type\":\"ReadAction\",\"target\":[\"https:\\\/\\\/www.quebakan.com\\\/v15\\\/comprar-vs-alquilar-en-quito-que-conviene-segun-el-perfil-del-comprador-en-2026\\\/\"]}]},{\"@type\":\"ImageObject\",\"inLanguage\":\"es\",\"@id\":\"https:\\\/\\\/www.quebakan.com\\\/v15\\\/comprar-vs-alquilar-en-quito-que-conviene-segun-el-perfil-del-comprador-en-2026\\\/#primaryimage\",\"url\":\"https:\\\/\\\/www.quebakan.com\\\/v15\\\/wp-content\\\/uploads\\\/2026\\\/03\\\/Plusvalia-Perfil-Comprador-Quito.png\",\"contentUrl\":\"https:\\\/\\\/www.quebakan.com\\\/v15\\\/wp-content\\\/uploads\\\/2026\\\/03\\\/Plusvalia-Perfil-Comprador-Quito.png\",\"width\":595,\"height\":394},{\"@type\":\"BreadcrumbList\",\"@id\":\"https:\\\/\\\/www.quebakan.com\\\/v15\\\/comprar-vs-alquilar-en-quito-que-conviene-segun-el-perfil-del-comprador-en-2026\\\/#breadcrumb\",\"itemListElement\":[{\"@type\":\"ListItem\",\"position\":1,\"name\":\"Portada\",\"item\":\"https:\\\/\\\/www.quebakan.com\\\/v15\\\/\"},{\"@type\":\"ListItem\",\"position\":2,\"name\":\"Comprar vs. alquilar en Quito: qu\u00e9 conviene seg\u00fan el perfil del comprador en 2026\"}]},{\"@type\":\"WebSite\",\"@id\":\"https:\\\/\\\/www.quebakan.com\\\/v15\\\/#website\",\"url\":\"https:\\\/\\\/www.quebakan.com\\\/v15\\\/\",\"name\":\"QUEBAKAN\",\"description\":\"..\",\"publisher\":{\"@id\":\"https:\\\/\\\/www.quebakan.com\\\/v15\\\/#organization\"},\"potentialAction\":[{\"@type\":\"SearchAction\",\"target\":{\"@type\":\"EntryPoint\",\"urlTemplate\":\"https:\\\/\\\/www.quebakan.com\\\/v15\\\/?s={search_term_string}\"},\"query-input\":{\"@type\":\"PropertyValueSpecification\",\"valueRequired\":true,\"valueName\":\"search_term_string\"}}],\"inLanguage\":\"es\"},{\"@type\":\"Organization\",\"@id\":\"https:\\\/\\\/www.quebakan.com\\\/v15\\\/#organization\",\"name\":\"Quebakan.com\",\"url\":\"https:\\\/\\\/www.quebakan.com\\\/v15\\\/\",\"logo\":{\"@type\":\"ImageObject\",\"inLanguage\":\"es\",\"@id\":\"https:\\\/\\\/www.quebakan.com\\\/v15\\\/#\\\/schema\\\/logo\\\/image\\\/\",\"url\":\"https:\\\/\\\/www.quebakan.com\\\/v15\\\/wp-content\\\/uploads\\\/2023\\\/07\\\/logoquebakanenero2021.jpg\",\"contentUrl\":\"https:\\\/\\\/www.quebakan.com\\\/v15\\\/wp-content\\\/uploads\\\/2023\\\/07\\\/logoquebakanenero2021.jpg\",\"width\":1920,\"height\":1080,\"caption\":\"Quebakan.com\"},\"image\":{\"@id\":\"https:\\\/\\\/www.quebakan.com\\\/v15\\\/#\\\/schema\\\/logo\\\/image\\\/\"},\"sameAs\":[\"http:\\\/\\\/www.facebook.com\\\/quebakan\",\"https:\\\/\\\/x.com\\\/quebakanec\",\"http:\\\/\\\/www.instagram.com\\\/quebakan\",\"http:\\\/\\\/www.youtube.com\\\/quebakan1\"]},{\"@type\":\"Person\",\"@id\":\"https:\\\/\\\/www.quebakan.com\\\/v15\\\/#\\\/schema\\\/person\\\/d90fa9f9cfa81eb8ace9811e5b7b9118\",\"name\":\"Erick Villafuerte\",\"image\":{\"@type\":\"ImageObject\",\"inLanguage\":\"es\",\"@id\":\"https:\\\/\\\/www.quebakan.com\\\/v15\\\/wp-content\\\/uploads\\\/avatars\\\/4\\\/1731297654-bpfull.png\",\"url\":\"https:\\\/\\\/www.quebakan.com\\\/v15\\\/wp-content\\\/uploads\\\/avatars\\\/4\\\/1731297654-bpfull.png\",\"contentUrl\":\"https:\\\/\\\/www.quebakan.com\\\/v15\\\/wp-content\\\/uploads\\\/avatars\\\/4\\\/1731297654-bpfull.png\",\"caption\":\"Erick Villafuerte\"}}]}<\/script>\n<!-- \/ Yoast SEO plugin. -->","yoast_head_json":{"title":"Comprar vs. alquilar en Quito: qu\u00e9 conviene seg\u00fan el perfil del comprador en 2026 &#8211; QUEBAKAN.COM 2026: Noticias, Eventos, Conciertos y mucho m\u00e1s....","robots":{"index":"index","follow":"follow","max-snippet":"max-snippet:-1","max-image-preview":"max-image-preview:large","max-video-preview":"max-video-preview:-1"},"canonical":"https:\/\/www.quebakan.com\/v15\/comprar-vs-alquilar-en-quito-que-conviene-segun-el-perfil-del-comprador-en-2026\/","og_locale":"es_ES","og_type":"article","og_title":"Comprar vs. alquilar en Quito: qu\u00e9 conviene seg\u00fan el perfil del comprador en 2026 &#8211; QUEBAKAN.COM 2026: Noticias, Eventos, Conciertos y mucho m\u00e1s....","og_description":"Quito, marzo del 2026.- La decisi\u00f3n entre comprar o alquilar una vivienda vuelve a estar en el centro del debate inmobiliario en 2026. Factores como tasas de financiamiento, estabilidad laboral, planificaci\u00f3n patrimonial y movilidad profesional est\u00e1n redefiniendo qu\u00e9 opci\u00f3n resulta m\u00e1s conveniente seg\u00fan el perfil del usuario. En un contexto donde el mercado muestra se\u00f1ales [&hellip;]","og_url":"https:\/\/www.quebakan.com\/v15\/comprar-vs-alquilar-en-quito-que-conviene-segun-el-perfil-del-comprador-en-2026\/","og_site_name":"QUEBAKAN.COM 2026: Noticias, Eventos, Conciertos y mucho m\u00e1s....","article_publisher":"http:\/\/www.facebook.com\/quebakan","article_published_time":"2026-03-12T17:04:41+00:00","og_image":[{"width":595,"height":394,"url":"https:\/\/www.quebakan.com\/v15\/wp-content\/uploads\/2026\/03\/Plusvalia-Perfil-Comprador-Quito.png","type":"image\/png"}],"author":"Erick Villafuerte","twitter_card":"summary_large_image","twitter_creator":"@quebakanec","twitter_site":"@quebakanec","twitter_misc":{"Escrito por":"Erick Villafuerte","Tiempo de lectura":"3 minutos"},"schema":{"@context":"https:\/\/schema.org","@graph":[{"@type":"Article","@id":"https:\/\/www.quebakan.com\/v15\/comprar-vs-alquilar-en-quito-que-conviene-segun-el-perfil-del-comprador-en-2026\/#article","isPartOf":{"@id":"https:\/\/www.quebakan.com\/v15\/comprar-vs-alquilar-en-quito-que-conviene-segun-el-perfil-del-comprador-en-2026\/"},"author":{"name":"Erick Villafuerte","@id":"https:\/\/www.quebakan.com\/v15\/#\/schema\/person\/d90fa9f9cfa81eb8ace9811e5b7b9118"},"headline":"Comprar vs. alquilar en Quito: qu\u00e9 conviene seg\u00fan el perfil del comprador en 2026","datePublished":"2026-03-12T17:04:41+00:00","mainEntityOfPage":{"@id":"https:\/\/www.quebakan.com\/v15\/comprar-vs-alquilar-en-quito-que-conviene-segun-el-perfil-del-comprador-en-2026\/"},"wordCount":516,"publisher":{"@id":"https:\/\/www.quebakan.com\/v15\/#organization"},"image":{"@id":"https:\/\/www.quebakan.com\/v15\/comprar-vs-alquilar-en-quito-que-conviene-segun-el-perfil-del-comprador-en-2026\/#primaryimage"},"thumbnailUrl":"https:\/\/www.quebakan.com\/v15\/wp-content\/uploads\/2026\/03\/Plusvalia-Perfil-Comprador-Quito.png","articleSection":["Noticias"],"inLanguage":"es"},{"@type":"WebPage","@id":"https:\/\/www.quebakan.com\/v15\/comprar-vs-alquilar-en-quito-que-conviene-segun-el-perfil-del-comprador-en-2026\/","url":"https:\/\/www.quebakan.com\/v15\/comprar-vs-alquilar-en-quito-que-conviene-segun-el-perfil-del-comprador-en-2026\/","name":"Comprar vs. alquilar en Quito: qu\u00e9 conviene seg\u00fan el perfil del comprador en 2026 &#8211; QUEBAKAN.COM 2026: Noticias, Eventos, Conciertos y mucho m\u00e1s....","isPartOf":{"@id":"https:\/\/www.quebakan.com\/v15\/#website"},"primaryImageOfPage":{"@id":"https:\/\/www.quebakan.com\/v15\/comprar-vs-alquilar-en-quito-que-conviene-segun-el-perfil-del-comprador-en-2026\/#primaryimage"},"image":{"@id":"https:\/\/www.quebakan.com\/v15\/comprar-vs-alquilar-en-quito-que-conviene-segun-el-perfil-del-comprador-en-2026\/#primaryimage"},"thumbnailUrl":"https:\/\/www.quebakan.com\/v15\/wp-content\/uploads\/2026\/03\/Plusvalia-Perfil-Comprador-Quito.png","datePublished":"2026-03-12T17:04:41+00:00","breadcrumb":{"@id":"https:\/\/www.quebakan.com\/v15\/comprar-vs-alquilar-en-quito-que-conviene-segun-el-perfil-del-comprador-en-2026\/#breadcrumb"},"inLanguage":"es","potentialAction":[{"@type":"ReadAction","target":["https:\/\/www.quebakan.com\/v15\/comprar-vs-alquilar-en-quito-que-conviene-segun-el-perfil-del-comprador-en-2026\/"]}]},{"@type":"ImageObject","inLanguage":"es","@id":"https:\/\/www.quebakan.com\/v15\/comprar-vs-alquilar-en-quito-que-conviene-segun-el-perfil-del-comprador-en-2026\/#primaryimage","url":"https:\/\/www.quebakan.com\/v15\/wp-content\/uploads\/2026\/03\/Plusvalia-Perfil-Comprador-Quito.png","contentUrl":"https:\/\/www.quebakan.com\/v15\/wp-content\/uploads\/2026\/03\/Plusvalia-Perfil-Comprador-Quito.png","width":595,"height":394},{"@type":"BreadcrumbList","@id":"https:\/\/www.quebakan.com\/v15\/comprar-vs-alquilar-en-quito-que-conviene-segun-el-perfil-del-comprador-en-2026\/#breadcrumb","itemListElement":[{"@type":"ListItem","position":1,"name":"Portada","item":"https:\/\/www.quebakan.com\/v15\/"},{"@type":"ListItem","position":2,"name":"Comprar vs. alquilar en Quito: qu\u00e9 conviene seg\u00fan el perfil del comprador en 2026"}]},{"@type":"WebSite","@id":"https:\/\/www.quebakan.com\/v15\/#website","url":"https:\/\/www.quebakan.com\/v15\/","name":"QUEBAKAN","description":"..","publisher":{"@id":"https:\/\/www.quebakan.com\/v15\/#organization"},"potentialAction":[{"@type":"SearchAction","target":{"@type":"EntryPoint","urlTemplate":"https:\/\/www.quebakan.com\/v15\/?s={search_term_string}"},"query-input":{"@type":"PropertyValueSpecification","valueRequired":true,"valueName":"search_term_string"}}],"inLanguage":"es"},{"@type":"Organization","@id":"https:\/\/www.quebakan.com\/v15\/#organization","name":"Quebakan.com","url":"https:\/\/www.quebakan.com\/v15\/","logo":{"@type":"ImageObject","inLanguage":"es","@id":"https:\/\/www.quebakan.com\/v15\/#\/schema\/logo\/image\/","url":"https:\/\/www.quebakan.com\/v15\/wp-content\/uploads\/2023\/07\/logoquebakanenero2021.jpg","contentUrl":"https:\/\/www.quebakan.com\/v15\/wp-content\/uploads\/2023\/07\/logoquebakanenero2021.jpg","width":1920,"height":1080,"caption":"Quebakan.com"},"image":{"@id":"https:\/\/www.quebakan.com\/v15\/#\/schema\/logo\/image\/"},"sameAs":["http:\/\/www.facebook.com\/quebakan","https:\/\/x.com\/quebakanec","http:\/\/www.instagram.com\/quebakan","http:\/\/www.youtube.com\/quebakan1"]},{"@type":"Person","@id":"https:\/\/www.quebakan.com\/v15\/#\/schema\/person\/d90fa9f9cfa81eb8ace9811e5b7b9118","name":"Erick Villafuerte","image":{"@type":"ImageObject","inLanguage":"es","@id":"https:\/\/www.quebakan.com\/v15\/wp-content\/uploads\/avatars\/4\/1731297654-bpfull.png","url":"https:\/\/www.quebakan.com\/v15\/wp-content\/uploads\/avatars\/4\/1731297654-bpfull.png","contentUrl":"https:\/\/www.quebakan.com\/v15\/wp-content\/uploads\/avatars\/4\/1731297654-bpfull.png","caption":"Erick Villafuerte"}}]}},"_links":{"self":[{"href":"https:\/\/www.quebakan.com\/v15\/wp-json\/wp\/v2\/posts\/140682","targetHints":{"allow":["GET"]}}],"collection":[{"href":"https:\/\/www.quebakan.com\/v15\/wp-json\/wp\/v2\/posts"}],"about":[{"href":"https:\/\/www.quebakan.com\/v15\/wp-json\/wp\/v2\/types\/post"}],"author":[{"embeddable":true,"href":"https:\/\/www.quebakan.com\/v15\/wp-json\/wp\/v2\/users\/4"}],"replies":[{"embeddable":true,"href":"https:\/\/www.quebakan.com\/v15\/wp-json\/wp\/v2\/comments?post=140682"}],"version-history":[{"count":1,"href":"https:\/\/www.quebakan.com\/v15\/wp-json\/wp\/v2\/posts\/140682\/revisions"}],"predecessor-version":[{"id":140684,"href":"https:\/\/www.quebakan.com\/v15\/wp-json\/wp\/v2\/posts\/140682\/revisions\/140684"}],"wp:featuredmedia":[{"embeddable":true,"href":"https:\/\/www.quebakan.com\/v15\/wp-json\/wp\/v2\/media\/140683"}],"wp:attachment":[{"href":"https:\/\/www.quebakan.com\/v15\/wp-json\/wp\/v2\/media?parent=140682"}],"wp:term":[{"taxonomy":"category","embeddable":true,"href":"https:\/\/www.quebakan.com\/v15\/wp-json\/wp\/v2\/categories?post=140682"},{"taxonomy":"post_tag","embeddable":true,"href":"https:\/\/www.quebakan.com\/v15\/wp-json\/wp\/v2\/tags?post=140682"}],"curies":[{"name":"wp","href":"https:\/\/api.w.org\/{rel}","templated":true}]}}