{"id":140699,"date":"2026-03-12T17:34:35","date_gmt":"2026-03-12T22:34:35","guid":{"rendered":"https:\/\/www.quebakan.com\/v15\/?p=140699"},"modified":"2026-03-12T17:34:35","modified_gmt":"2026-03-12T22:34:35","slug":"vico-c-llega-a-guayaquil-con-una-conferencia-sobre-su-historia-su-testimonio-y-su-legado","status":"publish","type":"post","link":"https:\/\/www.quebakan.com\/v15\/vico-c-llega-a-guayaquil-con-una-conferencia-sobre-su-historia-su-testimonio-y-su-legado\/","title":{"rendered":"Vico C llega a Guayaquil con una conferencia sobre su historia, su testimonio y su legado"},"content":{"rendered":"<p><img fetchpriority=\"high\" decoding=\"async\" class=\"aligncenter size-full wp-image-140700\" src=\"https:\/\/www.quebakan.com\/v15\/wp-content\/uploads\/2026\/03\/vico3.jpg\" alt=\"\" width=\"572\" height=\"715\" \/><\/p>\n<p><strong>Guayaquil, Ecuador \u2013<\/strong> El reconocido pionero del rap latino, Vico C, visitar\u00e1 la ciudad de Guayaquil para presentar una conferencia especial titulada \u201cSu historia y su legado\u201d, un evento que busca inspirar a j\u00f3venes, familias y a toda la comunidad a trav\u00e9s de su poderoso testimonio de vida.<\/p>\n<p>La conferencia se realizar\u00e1 el domingo 12 de abril de 2026 a las 3:00 p.m. en el Auditorio Familia de Dios, ubicado en la explanada del Estadio Modelo Alberto Spencer Herrera. Durante este encuentro, el artista compartir\u00e1 su historia personal, su trayectoria musical, los desaf\u00edos que enfrent\u00f3 a lo largo de su vida y c\u00f3mo logr\u00f3 transformar su camino para convertirse en una voz de esperanza para miles de personas en Latinoam\u00e9rica.<\/p>\n<p>M\u00e1s all\u00e1 de la m\u00fasica, Vico C es reconocido por transmitir mensajes profundos sobre la vida, la familia, la fe y la superaci\u00f3n personal. En esta conferencia hablar\u00e1 abiertamente sobre su<br \/>\nproceso de transformaci\u00f3n, las decisiones que marcaron su carrera y el legado que busca dejar en las nuevas generaciones.<\/p>\n<p>El evento est\u00e1 especialmente dirigido a j\u00f3venes, familias, l\u00edderes comunitarios y personas interesadas en escuchar una historia real de cambio, perseverancia y prop\u00f3sito. Los organizadores esperan que esta conferencia genere un impacto positivo en la comunidad de Guayaquil, promoviendo valores, reflexi\u00f3n y motivaci\u00f3n para enfrentar los desaf\u00edos de la vida con esperanza.<\/p>\n<p><strong>Invitados especiales<\/strong><br \/>\nEl evento contar\u00e1 adem\u00e1s con la participaci\u00f3n de invitados especiales que acompa\u00f1ar\u00e1n esta jornada de reflexi\u00f3n e inspiraci\u00f3n:<br \/>\n\u2022 Johnny Ceballos<br \/>\n\u2022 Leandro Brunes<\/p>\n<p><strong>Detalles del evento<\/strong><br \/>\nConferencia Vico C \u2013 Su historia y su legado<br \/>\nInvitados especiales Johnny Ceballos \/ Leandro Brunes<br \/>\nFecha Domingo 12 de abril de 2026<br \/>\nHora 3:00 PM<br \/>\nLugar Auditorio Familia de Dios<br \/>\nUbicaci\u00f3n Explanada del Estadio Modelo Alberto Spencer Herrera<br \/>\nCiudad Guayaquil, Ecuador<br \/>\nCupos Limitados<\/p>\n<p><img decoding=\"async\" class=\"aligncenter size-full wp-image-140701\" src=\"https:\/\/www.quebakan.com\/v15\/wp-content\/uploads\/2026\/03\/vico1.jpg\" alt=\"\" width=\"522\" height=\"700\" \/><\/p>\n<p>&nbsp;<\/p>\n<p><img decoding=\"async\" class=\"aligncenter size-full wp-image-140702\" src=\"https:\/\/www.quebakan.com\/v15\/wp-content\/uploads\/2026\/03\/vico2.jpg\" alt=\"\" width=\"522\" height=\"700\" \/><\/p>\n","protected":false},"excerpt":{"rendered":"<p>Guayaquil, Ecuador \u2013 El reconocido pionero del rap latino, Vico C, visitar\u00e1 la ciudad de Guayaquil para presentar una conferencia especial titulada \u201cSu historia y su legado\u201d, un evento que busca inspirar a j\u00f3venes, familias y a toda la comunidad a trav\u00e9s de su poderoso testimonio de vida. La conferencia se realizar\u00e1 el domingo 12 [&hellip;]<\/p>\n","protected":false},"author":4,"featured_media":140700,"comment_status":"closed","ping_status":"closed","sticky":false,"template":"","format":"standard","meta":{"_bbp_topic_count":0,"_bbp_reply_count":0,"_bbp_total_topic_count":0,"_bbp_total_reply_count":0,"_bbp_voice_count":0,"_bbp_anonymous_reply_count":0,"_bbp_topic_count_hidden":0,"_bbp_reply_count_hidden":0,"_bbp_forum_subforum_count":0,"buzzeditor_post_format":"","footnotes":""},"categories":[2],"tags":[],"class_list":["post-140699","post","type-post","status-publish","format-standard","has-post-thumbnail","hentry","category-noticias"],"yoast_head":"<!-- This site is optimized with the Yoast SEO plugin v27.5 - https:\/\/yoast.com\/product\/yoast-seo-wordpress\/ -->\n<title>Vico C llega a Guayaquil con una conferencia sobre su historia, su testimonio y su legado &#8211; QUEBAKAN.COM 2026: Noticias, Eventos, Conciertos y mucho m\u00e1s....<\/title>\n<meta name=\"robots\" content=\"index, follow, max-snippet:-1, max-image-preview:large, max-video-preview:-1\" \/>\n<link rel=\"canonical\" href=\"https:\/\/www.quebakan.com\/v15\/vico-c-llega-a-guayaquil-con-una-conferencia-sobre-su-historia-su-testimonio-y-su-legado\/\" \/>\n<meta property=\"og:locale\" content=\"es_ES\" \/>\n<meta property=\"og:type\" content=\"article\" \/>\n<meta property=\"og:title\" content=\"Vico C llega a Guayaquil con una conferencia sobre su historia, su testimonio y su legado &#8211; QUEBAKAN.COM 2026: Noticias, Eventos, Conciertos y mucho m\u00e1s....\" \/>\n<meta property=\"og:description\" content=\"Guayaquil, Ecuador \u2013 El reconocido pionero del rap latino, Vico C, visitar\u00e1 la ciudad de Guayaquil para presentar una conferencia especial titulada \u201cSu historia y su legado\u201d, un evento que busca inspirar a j\u00f3venes, familias y a toda la comunidad a trav\u00e9s de su poderoso testimonio de vida. La conferencia se realizar\u00e1 el domingo 12 [&hellip;]\" \/>\n<meta property=\"og:url\" content=\"https:\/\/www.quebakan.com\/v15\/vico-c-llega-a-guayaquil-con-una-conferencia-sobre-su-historia-su-testimonio-y-su-legado\/\" \/>\n<meta property=\"og:site_name\" content=\"QUEBAKAN.COM 2026: Noticias, Eventos, Conciertos y mucho m\u00e1s....\" \/>\n<meta property=\"article:publisher\" content=\"http:\/\/www.facebook.com\/quebakan\" \/>\n<meta property=\"article:published_time\" content=\"2026-03-12T22:34:35+00:00\" \/>\n<meta property=\"og:image\" content=\"https:\/\/www.quebakan.com\/v15\/wp-content\/uploads\/2026\/03\/vico3.jpg\" \/>\n\t<meta property=\"og:image:width\" content=\"572\" \/>\n\t<meta property=\"og:image:height\" content=\"715\" \/>\n\t<meta property=\"og:image:type\" content=\"image\/jpeg\" \/>\n<meta name=\"author\" content=\"Erick Villafuerte\" \/>\n<meta name=\"twitter:card\" content=\"summary_large_image\" \/>\n<meta name=\"twitter:creator\" content=\"@quebakanec\" \/>\n<meta name=\"twitter:site\" content=\"@quebakanec\" \/>\n<meta name=\"twitter:label1\" content=\"Escrito por\" \/>\n\t<meta name=\"twitter:data1\" content=\"Erick Villafuerte\" \/>\n\t<meta name=\"twitter:label2\" content=\"Tiempo de lectura\" \/>\n\t<meta name=\"twitter:data2\" content=\"3 minutos\" \/>\n<script type=\"application\/ld+json\" class=\"yoast-schema-graph\">{\"@context\":\"https:\\\/\\\/schema.org\",\"@graph\":[{\"@type\":\"Article\",\"@id\":\"https:\\\/\\\/www.quebakan.com\\\/v15\\\/vico-c-llega-a-guayaquil-con-una-conferencia-sobre-su-historia-su-testimonio-y-su-legado\\\/#article\",\"isPartOf\":{\"@id\":\"https:\\\/\\\/www.quebakan.com\\\/v15\\\/vico-c-llega-a-guayaquil-con-una-conferencia-sobre-su-historia-su-testimonio-y-su-legado\\\/\"},\"author\":{\"name\":\"Erick Villafuerte\",\"@id\":\"https:\\\/\\\/www.quebakan.com\\\/v15\\\/#\\\/schema\\\/person\\\/d90fa9f9cfa81eb8ace9811e5b7b9118\"},\"headline\":\"Vico C llega a Guayaquil con una conferencia sobre su historia, su testimonio y su legado\",\"datePublished\":\"2026-03-12T22:34:35+00:00\",\"mainEntityOfPage\":{\"@id\":\"https:\\\/\\\/www.quebakan.com\\\/v15\\\/vico-c-llega-a-guayaquil-con-una-conferencia-sobre-su-historia-su-testimonio-y-su-legado\\\/\"},\"wordCount\":324,\"publisher\":{\"@id\":\"https:\\\/\\\/www.quebakan.com\\\/v15\\\/#organization\"},\"image\":{\"@id\":\"https:\\\/\\\/www.quebakan.com\\\/v15\\\/vico-c-llega-a-guayaquil-con-una-conferencia-sobre-su-historia-su-testimonio-y-su-legado\\\/#primaryimage\"},\"thumbnailUrl\":\"https:\\\/\\\/www.quebakan.com\\\/v15\\\/wp-content\\\/uploads\\\/2026\\\/03\\\/vico3.jpg\",\"articleSection\":[\"Noticias\"],\"inLanguage\":\"es\"},{\"@type\":\"WebPage\",\"@id\":\"https:\\\/\\\/www.quebakan.com\\\/v15\\\/vico-c-llega-a-guayaquil-con-una-conferencia-sobre-su-historia-su-testimonio-y-su-legado\\\/\",\"url\":\"https:\\\/\\\/www.quebakan.com\\\/v15\\\/vico-c-llega-a-guayaquil-con-una-conferencia-sobre-su-historia-su-testimonio-y-su-legado\\\/\",\"name\":\"Vico C llega a Guayaquil con una conferencia sobre su historia, su testimonio y su legado &#8211; QUEBAKAN.COM 2026: Noticias, Eventos, Conciertos y mucho m\u00e1s....\",\"isPartOf\":{\"@id\":\"https:\\\/\\\/www.quebakan.com\\\/v15\\\/#website\"},\"primaryImageOfPage\":{\"@id\":\"https:\\\/\\\/www.quebakan.com\\\/v15\\\/vico-c-llega-a-guayaquil-con-una-conferencia-sobre-su-historia-su-testimonio-y-su-legado\\\/#primaryimage\"},\"image\":{\"@id\":\"https:\\\/\\\/www.quebakan.com\\\/v15\\\/vico-c-llega-a-guayaquil-con-una-conferencia-sobre-su-historia-su-testimonio-y-su-legado\\\/#primaryimage\"},\"thumbnailUrl\":\"https:\\\/\\\/www.quebakan.com\\\/v15\\\/wp-content\\\/uploads\\\/2026\\\/03\\\/vico3.jpg\",\"datePublished\":\"2026-03-12T22:34:35+00:00\",\"breadcrumb\":{\"@id\":\"https:\\\/\\\/www.quebakan.com\\\/v15\\\/vico-c-llega-a-guayaquil-con-una-conferencia-sobre-su-historia-su-testimonio-y-su-legado\\\/#breadcrumb\"},\"inLanguage\":\"es\",\"potentialAction\":[{\"@type\":\"ReadAction\",\"target\":[\"https:\\\/\\\/www.quebakan.com\\\/v15\\\/vico-c-llega-a-guayaquil-con-una-conferencia-sobre-su-historia-su-testimonio-y-su-legado\\\/\"]}]},{\"@type\":\"ImageObject\",\"inLanguage\":\"es\",\"@id\":\"https:\\\/\\\/www.quebakan.com\\\/v15\\\/vico-c-llega-a-guayaquil-con-una-conferencia-sobre-su-historia-su-testimonio-y-su-legado\\\/#primaryimage\",\"url\":\"https:\\\/\\\/www.quebakan.com\\\/v15\\\/wp-content\\\/uploads\\\/2026\\\/03\\\/vico3.jpg\",\"contentUrl\":\"https:\\\/\\\/www.quebakan.com\\\/v15\\\/wp-content\\\/uploads\\\/2026\\\/03\\\/vico3.jpg\",\"width\":572,\"height\":715},{\"@type\":\"BreadcrumbList\",\"@id\":\"https:\\\/\\\/www.quebakan.com\\\/v15\\\/vico-c-llega-a-guayaquil-con-una-conferencia-sobre-su-historia-su-testimonio-y-su-legado\\\/#breadcrumb\",\"itemListElement\":[{\"@type\":\"ListItem\",\"position\":1,\"name\":\"Portada\",\"item\":\"https:\\\/\\\/www.quebakan.com\\\/v15\\\/\"},{\"@type\":\"ListItem\",\"position\":2,\"name\":\"Vico C llega a Guayaquil con una conferencia sobre su historia, su testimonio y su legado\"}]},{\"@type\":\"WebSite\",\"@id\":\"https:\\\/\\\/www.quebakan.com\\\/v15\\\/#website\",\"url\":\"https:\\\/\\\/www.quebakan.com\\\/v15\\\/\",\"name\":\"QUEBAKAN\",\"description\":\"..\",\"publisher\":{\"@id\":\"https:\\\/\\\/www.quebakan.com\\\/v15\\\/#organization\"},\"potentialAction\":[{\"@type\":\"SearchAction\",\"target\":{\"@type\":\"EntryPoint\",\"urlTemplate\":\"https:\\\/\\\/www.quebakan.com\\\/v15\\\/?s={search_term_string}\"},\"query-input\":{\"@type\":\"PropertyValueSpecification\",\"valueRequired\":true,\"valueName\":\"search_term_string\"}}],\"inLanguage\":\"es\"},{\"@type\":\"Organization\",\"@id\":\"https:\\\/\\\/www.quebakan.com\\\/v15\\\/#organization\",\"name\":\"Quebakan.com\",\"url\":\"https:\\\/\\\/www.quebakan.com\\\/v15\\\/\",\"logo\":{\"@type\":\"ImageObject\",\"inLanguage\":\"es\",\"@id\":\"https:\\\/\\\/www.quebakan.com\\\/v15\\\/#\\\/schema\\\/logo\\\/image\\\/\",\"url\":\"https:\\\/\\\/www.quebakan.com\\\/v15\\\/wp-content\\\/uploads\\\/2023\\\/07\\\/logoquebakanenero2021.jpg\",\"contentUrl\":\"https:\\\/\\\/www.quebakan.com\\\/v15\\\/wp-content\\\/uploads\\\/2023\\\/07\\\/logoquebakanenero2021.jpg\",\"width\":1920,\"height\":1080,\"caption\":\"Quebakan.com\"},\"image\":{\"@id\":\"https:\\\/\\\/www.quebakan.com\\\/v15\\\/#\\\/schema\\\/logo\\\/image\\\/\"},\"sameAs\":[\"http:\\\/\\\/www.facebook.com\\\/quebakan\",\"https:\\\/\\\/x.com\\\/quebakanec\",\"http:\\\/\\\/www.instagram.com\\\/quebakan\",\"http:\\\/\\\/www.youtube.com\\\/quebakan1\"]},{\"@type\":\"Person\",\"@id\":\"https:\\\/\\\/www.quebakan.com\\\/v15\\\/#\\\/schema\\\/person\\\/d90fa9f9cfa81eb8ace9811e5b7b9118\",\"name\":\"Erick Villafuerte\",\"image\":{\"@type\":\"ImageObject\",\"inLanguage\":\"es\",\"@id\":\"https:\\\/\\\/www.quebakan.com\\\/v15\\\/wp-content\\\/uploads\\\/avatars\\\/4\\\/1731297654-bpfull.png\",\"url\":\"https:\\\/\\\/www.quebakan.com\\\/v15\\\/wp-content\\\/uploads\\\/avatars\\\/4\\\/1731297654-bpfull.png\",\"contentUrl\":\"https:\\\/\\\/www.quebakan.com\\\/v15\\\/wp-content\\\/uploads\\\/avatars\\\/4\\\/1731297654-bpfull.png\",\"caption\":\"Erick Villafuerte\"}}]}<\/script>\n<!-- \/ Yoast SEO plugin. -->","yoast_head_json":{"title":"Vico C llega a Guayaquil con una conferencia sobre su historia, su testimonio y su legado &#8211; QUEBAKAN.COM 2026: Noticias, Eventos, Conciertos y mucho m\u00e1s....","robots":{"index":"index","follow":"follow","max-snippet":"max-snippet:-1","max-image-preview":"max-image-preview:large","max-video-preview":"max-video-preview:-1"},"canonical":"https:\/\/www.quebakan.com\/v15\/vico-c-llega-a-guayaquil-con-una-conferencia-sobre-su-historia-su-testimonio-y-su-legado\/","og_locale":"es_ES","og_type":"article","og_title":"Vico C llega a Guayaquil con una conferencia sobre su historia, su testimonio y su legado &#8211; QUEBAKAN.COM 2026: Noticias, Eventos, Conciertos y mucho m\u00e1s....","og_description":"Guayaquil, Ecuador \u2013 El reconocido pionero del rap latino, Vico C, visitar\u00e1 la ciudad de Guayaquil para presentar una conferencia especial titulada \u201cSu historia y su legado\u201d, un evento que busca inspirar a j\u00f3venes, familias y a toda la comunidad a trav\u00e9s de su poderoso testimonio de vida. La conferencia se realizar\u00e1 el domingo 12 [&hellip;]","og_url":"https:\/\/www.quebakan.com\/v15\/vico-c-llega-a-guayaquil-con-una-conferencia-sobre-su-historia-su-testimonio-y-su-legado\/","og_site_name":"QUEBAKAN.COM 2026: Noticias, Eventos, Conciertos y mucho m\u00e1s....","article_publisher":"http:\/\/www.facebook.com\/quebakan","article_published_time":"2026-03-12T22:34:35+00:00","og_image":[{"width":572,"height":715,"url":"https:\/\/www.quebakan.com\/v15\/wp-content\/uploads\/2026\/03\/vico3.jpg","type":"image\/jpeg"}],"author":"Erick Villafuerte","twitter_card":"summary_large_image","twitter_creator":"@quebakanec","twitter_site":"@quebakanec","twitter_misc":{"Escrito por":"Erick Villafuerte","Tiempo de lectura":"3 minutos"},"schema":{"@context":"https:\/\/schema.org","@graph":[{"@type":"Article","@id":"https:\/\/www.quebakan.com\/v15\/vico-c-llega-a-guayaquil-con-una-conferencia-sobre-su-historia-su-testimonio-y-su-legado\/#article","isPartOf":{"@id":"https:\/\/www.quebakan.com\/v15\/vico-c-llega-a-guayaquil-con-una-conferencia-sobre-su-historia-su-testimonio-y-su-legado\/"},"author":{"name":"Erick Villafuerte","@id":"https:\/\/www.quebakan.com\/v15\/#\/schema\/person\/d90fa9f9cfa81eb8ace9811e5b7b9118"},"headline":"Vico C llega a Guayaquil con una conferencia sobre su historia, su testimonio y su legado","datePublished":"2026-03-12T22:34:35+00:00","mainEntityOfPage":{"@id":"https:\/\/www.quebakan.com\/v15\/vico-c-llega-a-guayaquil-con-una-conferencia-sobre-su-historia-su-testimonio-y-su-legado\/"},"wordCount":324,"publisher":{"@id":"https:\/\/www.quebakan.com\/v15\/#organization"},"image":{"@id":"https:\/\/www.quebakan.com\/v15\/vico-c-llega-a-guayaquil-con-una-conferencia-sobre-su-historia-su-testimonio-y-su-legado\/#primaryimage"},"thumbnailUrl":"https:\/\/www.quebakan.com\/v15\/wp-content\/uploads\/2026\/03\/vico3.jpg","articleSection":["Noticias"],"inLanguage":"es"},{"@type":"WebPage","@id":"https:\/\/www.quebakan.com\/v15\/vico-c-llega-a-guayaquil-con-una-conferencia-sobre-su-historia-su-testimonio-y-su-legado\/","url":"https:\/\/www.quebakan.com\/v15\/vico-c-llega-a-guayaquil-con-una-conferencia-sobre-su-historia-su-testimonio-y-su-legado\/","name":"Vico C llega a Guayaquil con una conferencia sobre su historia, su testimonio y su legado &#8211; QUEBAKAN.COM 2026: Noticias, Eventos, Conciertos y mucho m\u00e1s....","isPartOf":{"@id":"https:\/\/www.quebakan.com\/v15\/#website"},"primaryImageOfPage":{"@id":"https:\/\/www.quebakan.com\/v15\/vico-c-llega-a-guayaquil-con-una-conferencia-sobre-su-historia-su-testimonio-y-su-legado\/#primaryimage"},"image":{"@id":"https:\/\/www.quebakan.com\/v15\/vico-c-llega-a-guayaquil-con-una-conferencia-sobre-su-historia-su-testimonio-y-su-legado\/#primaryimage"},"thumbnailUrl":"https:\/\/www.quebakan.com\/v15\/wp-content\/uploads\/2026\/03\/vico3.jpg","datePublished":"2026-03-12T22:34:35+00:00","breadcrumb":{"@id":"https:\/\/www.quebakan.com\/v15\/vico-c-llega-a-guayaquil-con-una-conferencia-sobre-su-historia-su-testimonio-y-su-legado\/#breadcrumb"},"inLanguage":"es","potentialAction":[{"@type":"ReadAction","target":["https:\/\/www.quebakan.com\/v15\/vico-c-llega-a-guayaquil-con-una-conferencia-sobre-su-historia-su-testimonio-y-su-legado\/"]}]},{"@type":"ImageObject","inLanguage":"es","@id":"https:\/\/www.quebakan.com\/v15\/vico-c-llega-a-guayaquil-con-una-conferencia-sobre-su-historia-su-testimonio-y-su-legado\/#primaryimage","url":"https:\/\/www.quebakan.com\/v15\/wp-content\/uploads\/2026\/03\/vico3.jpg","contentUrl":"https:\/\/www.quebakan.com\/v15\/wp-content\/uploads\/2026\/03\/vico3.jpg","width":572,"height":715},{"@type":"BreadcrumbList","@id":"https:\/\/www.quebakan.com\/v15\/vico-c-llega-a-guayaquil-con-una-conferencia-sobre-su-historia-su-testimonio-y-su-legado\/#breadcrumb","itemListElement":[{"@type":"ListItem","position":1,"name":"Portada","item":"https:\/\/www.quebakan.com\/v15\/"},{"@type":"ListItem","position":2,"name":"Vico C llega a Guayaquil con una conferencia sobre su historia, su testimonio y su legado"}]},{"@type":"WebSite","@id":"https:\/\/www.quebakan.com\/v15\/#website","url":"https:\/\/www.quebakan.com\/v15\/","name":"QUEBAKAN","description":"..","publisher":{"@id":"https:\/\/www.quebakan.com\/v15\/#organization"},"potentialAction":[{"@type":"SearchAction","target":{"@type":"EntryPoint","urlTemplate":"https:\/\/www.quebakan.com\/v15\/?s={search_term_string}"},"query-input":{"@type":"PropertyValueSpecification","valueRequired":true,"valueName":"search_term_string"}}],"inLanguage":"es"},{"@type":"Organization","@id":"https:\/\/www.quebakan.com\/v15\/#organization","name":"Quebakan.com","url":"https:\/\/www.quebakan.com\/v15\/","logo":{"@type":"ImageObject","inLanguage":"es","@id":"https:\/\/www.quebakan.com\/v15\/#\/schema\/logo\/image\/","url":"https:\/\/www.quebakan.com\/v15\/wp-content\/uploads\/2023\/07\/logoquebakanenero2021.jpg","contentUrl":"https:\/\/www.quebakan.com\/v15\/wp-content\/uploads\/2023\/07\/logoquebakanenero2021.jpg","width":1920,"height":1080,"caption":"Quebakan.com"},"image":{"@id":"https:\/\/www.quebakan.com\/v15\/#\/schema\/logo\/image\/"},"sameAs":["http:\/\/www.facebook.com\/quebakan","https:\/\/x.com\/quebakanec","http:\/\/www.instagram.com\/quebakan","http:\/\/www.youtube.com\/quebakan1"]},{"@type":"Person","@id":"https:\/\/www.quebakan.com\/v15\/#\/schema\/person\/d90fa9f9cfa81eb8ace9811e5b7b9118","name":"Erick Villafuerte","image":{"@type":"ImageObject","inLanguage":"es","@id":"https:\/\/www.quebakan.com\/v15\/wp-content\/uploads\/avatars\/4\/1731297654-bpfull.png","url":"https:\/\/www.quebakan.com\/v15\/wp-content\/uploads\/avatars\/4\/1731297654-bpfull.png","contentUrl":"https:\/\/www.quebakan.com\/v15\/wp-content\/uploads\/avatars\/4\/1731297654-bpfull.png","caption":"Erick Villafuerte"}}]}},"_links":{"self":[{"href":"https:\/\/www.quebakan.com\/v15\/wp-json\/wp\/v2\/posts\/140699","targetHints":{"allow":["GET"]}}],"collection":[{"href":"https:\/\/www.quebakan.com\/v15\/wp-json\/wp\/v2\/posts"}],"about":[{"href":"https:\/\/www.quebakan.com\/v15\/wp-json\/wp\/v2\/types\/post"}],"author":[{"embeddable":true,"href":"https:\/\/www.quebakan.com\/v15\/wp-json\/wp\/v2\/users\/4"}],"replies":[{"embeddable":true,"href":"https:\/\/www.quebakan.com\/v15\/wp-json\/wp\/v2\/comments?post=140699"}],"version-history":[{"count":1,"href":"https:\/\/www.quebakan.com\/v15\/wp-json\/wp\/v2\/posts\/140699\/revisions"}],"predecessor-version":[{"id":140703,"href":"https:\/\/www.quebakan.com\/v15\/wp-json\/wp\/v2\/posts\/140699\/revisions\/140703"}],"wp:featuredmedia":[{"embeddable":true,"href":"https:\/\/www.quebakan.com\/v15\/wp-json\/wp\/v2\/media\/140700"}],"wp:attachment":[{"href":"https:\/\/www.quebakan.com\/v15\/wp-json\/wp\/v2\/media?parent=140699"}],"wp:term":[{"taxonomy":"category","embeddable":true,"href":"https:\/\/www.quebakan.com\/v15\/wp-json\/wp\/v2\/categories?post=140699"},{"taxonomy":"post_tag","embeddable":true,"href":"https:\/\/www.quebakan.com\/v15\/wp-json\/wp\/v2\/tags?post=140699"}],"curies":[{"name":"wp","href":"https:\/\/api.w.org\/{rel}","templated":true}]}}