{"id":140704,"date":"2026-03-12T18:24:25","date_gmt":"2026-03-12T23:24:25","guid":{"rendered":"https:\/\/www.quebakan.com\/v15\/?p=140704"},"modified":"2026-03-12T18:24:25","modified_gmt":"2026-03-12T23:24:25","slug":"carlos-torres-y-cayetana-guillen-cuervo-presentaran-la-xiii-edicion-de-los-premios-platino-xcaret","status":"publish","type":"post","link":"https:\/\/www.quebakan.com\/v15\/carlos-torres-y-cayetana-guillen-cuervo-presentaran-la-xiii-edicion-de-los-premios-platino-xcaret\/","title":{"rendered":"Carlos Torres y Cayetana Guill\u00e9n-Cuervo presentar\u00e1n la XIII edici\u00f3n de los Premios PLATINO XCARET"},"content":{"rendered":"<p style=\"text-align: justify;\"><img fetchpriority=\"high\" decoding=\"async\" class=\"aligncenter size-full wp-image-140706\" src=\"https:\/\/www.quebakan.com\/v15\/wp-content\/uploads\/2026\/03\/PRESENTADORES_PRENSA.jpg\" alt=\"\" width=\"700\" height=\"500\" srcset=\"https:\/\/www.quebakan.com\/v15\/wp-content\/uploads\/2026\/03\/PRESENTADORES_PRENSA.jpg 700w, https:\/\/www.quebakan.com\/v15\/wp-content\/uploads\/2026\/03\/PRESENTADORES_PRENSA-120x86.jpg 120w, https:\/\/www.quebakan.com\/v15\/wp-content\/uploads\/2026\/03\/PRESENTADORES_PRENSA-350x250.jpg 350w\" sizes=\"(max-width: 700px) 100vw, 700px\" \/><\/p>\n<ul style=\"text-align: justify;\">\n<li><span style=\"color: #000000;\"><strong>El actor colombiano y la actriz espa\u00f1ola conducir\u00e1n la entrega de los galardones del audiovisual iberoamericano el pr\u00f3ximo 9 de mayo en el Teatro Gran Tlachco en Xcaret, Riviera Maya (M\u00e9xico), desde donde reconocer\u00e1n la sobresaliente producci\u00f3n anual de cine y series en castellano y portugu\u00e9s<\/strong><\/span><\/li>\n<\/ul>\n<ul style=\"text-align: justify;\">\n<li><span style=\"color: #000000;\"><strong>Ficciones como \u201cLa reina del Flow\u201d y \u201cBienvenidos al Ed\u00e9n\u201d marcan la exitosa carrera de Carlos Torres, mientras producciones como \u201cEl Ministerio del Tiempo\u201d o \u201cMachos Alfa\u201d constituyen la reconocida trayectoria de Cayetana Guill\u00e9n-Cuervo<\/strong><\/span><\/li>\n<\/ul>\n<p style=\"text-align: justify;\"><span style=\"color: #000000;\">Madrid, 6 de marzo de 2026. \u2013 <strong>Carlos Torres y Cayetana Guill\u00e9n-Cuervo <\/strong>presentar\u00e1n la gala de los<strong> XIII Premios PLATINO XCARET. <\/strong>Ambos int\u00e9rpretes, espa\u00f1ola y colombiano, estar\u00e1n al frente de una celebraci\u00f3n que regresar\u00e1 el pr\u00f3ximo <strong>9 de mayo<\/strong> al <strong>Teatro Gran Tlachco del Parque Xcaret, en Riviera Maya (M\u00e9xico) <\/strong>para reconocer a las mejores producciones iberoamericanas de la temporada.<\/span><\/p>\n<p style=\"text-align: justify;\"><span style=\"color: #000000;\">Un a\u00f1o m\u00e1s, el d\u00fao conformado por ambos presentadores ilustra la diversidad y talento que caracterizan al audiovisual en castellano y portugu\u00e9s, una industria unida en la que compartir en pluralidad diferentes narrativas y \u00f3pticas.<\/span><\/p>\n<p style=\"text-align: justify;\"><span style=\"color: #000000;\"><strong>Carlos Andr\u00e9s Torres (Barranquilla) <\/strong>ha destacado por su versatilidad y talento a lo largo de sus m\u00e1s de 18 a\u00f1os de trayectoria en la industria actoral, interpretando una amplia gama de personajes que incluyen desde j\u00f3venes adinerados hasta m\u00e9dicos y bailarines. A lo largo de su carrera, ha consolidado su posici\u00f3n como uno de los actores m\u00e1s reconocidos de la televisi\u00f3n colombiana. A pesar de su profesi\u00f3n, que lo mantiene constantemente frente a las c\u00e1maras y ante una vasta audiencia, Carlos se describe como una persona reservada y tranquila, alej\u00e1ndose de la imagen p\u00fablica de \u00abgal\u00e1n\u00bb que a menudo se le atribuye. Entre sus proyectos m\u00e1s recientes, Carlos fue protagonista en la nueva versi\u00f3n de la exitosa serie <strong><em>Pedro el escamoso: M\u00e1s escamoso que nunca<\/em>, <\/strong>producida por<strong> Caracol TV. <\/strong>Fue parte del gran \u00e9xito en USA de<strong> <em>Sed de Venganza,<\/em> <\/strong>una producci\u00f3n de<strong> Telemundo Internacional, <\/strong>y en la serie m\u00e1s vista de habla no inglesa de<strong> Netflix, <em>Medusa<\/em>.<\/strong><\/span><\/p>\n<p style=\"text-align: justify;\"><span style=\"color: #000000;\">A lo largo de su carrera, ha formado parte de producciones de gran \u00e9xito como<strong> <em>La Reina del Flow I, II y III <\/em><\/strong>donde interpreta al reguetonero<strong> Charly Flow, <\/strong>as\u00ed como en<strong> <em>Amar y Vivir, La Nieta Elegida<\/em><\/strong>, y la serie internacional de<strong> Netflix <em>Bienvenidos al Ed\u00e9n<\/em>, <\/strong>la cual ampli\u00f3 su proyecci\u00f3n en el mercado europeo tras el \u00e9xito de<strong> <em>La Reina del Flow<\/em> en la regi\u00f3n. <\/strong>En el \u00e1mbito cinematogr\u00e1fico, ha participado en <strong><em>Crimen con vista al mar<\/em> (2013) <\/strong>y la pel\u00edcula paname\u00f1a<strong> <em>Algo Azul<\/em> (2020).<\/strong><\/span><\/p>\n<p style=\"text-align: justify;\"><span style=\"color: #000000;\"><strong>Cayetana Guill\u00e9n-Cuervo (Madrid), actriz, comunicadora y periodista, <\/strong>atesora tras de s\u00ed una s\u00f3lida trayectoria en cine, teatro y televisi\u00f3n en Espa\u00f1a. Procedente de una destacada saga de int\u00e9rpretes \u2014hija de los actores <strong>Fernando Guill\u00e9n y Gemma Cuervo<\/strong>\u2014 y conocedora de su legado, se convirti\u00f3 desde el inicio de su carrera en una de las m\u00e1s destacadas y vers\u00e1tiles figuras de la industria, tanto desde el plano art\u00edstico como divulgativo, ejerciendo como activista cultural de forma transversal.<\/span><\/p>\n<p style=\"text-align: justify;\"><span style=\"color: #000000;\">Con m\u00e1s de dos d\u00e9cadas al frente de <strong><em>Versi\u00f3n Espa\u00f1ola<\/em><\/strong> en TVE \u2014el \u00fanico programa de la historia de la televisi\u00f3n distinguido con la Medalla de Oro al M\u00e9rito en las Bellas Artes\u2014 se ha consolidado como una de las divulgadoras en la televisi\u00f3n del cine espa\u00f1ol e iberoamericano. A ello, se suma la conducci\u00f3n de <strong><em>Atenci\u00f3n Obras<\/em><\/strong>, espacio de referencia para todas las disciplinas art\u00edsticas, as\u00ed como su trayectoria en radio junto a<strong> I\u00f1aki Gabilondo<\/strong> donde forj\u00f3 un estilo period\u00edstico cercano y riguroso que demostr\u00f3 en espacios como <strong><em>A vivir, que son dos d\u00edas. <\/em><\/strong>\u00a0Actualmente conduce y dirige el podcast<strong><em> NO TE LO CAYES. <\/em><\/strong><\/span><\/p>\n<p style=\"text-align: justify;\"><span style=\"color: #000000;\">En su faceta interpretativa se cuentan numerosos \u00e9xitos televisivos entre los que destaca <strong><em>El Ministerio del Tiempo<\/em><\/strong>, convertida en un fen\u00f3meno cultural dentro y fuera de Espa\u00f1a. Tiene m\u00e1s de 30 pel\u00edculas en su curr\u00edculum, en las que ha trabajado con directores de referencia como <strong>Jos\u00e9 Luis Garci, Ventura Pons, Moncho Armend\u00e1riz, Alfonso Albacete, Cesc Gay, Miguel Bardem y Pedro Almod\u00f3var.<\/strong> A ello se une un recorrido teatral repleto tanto de cl\u00e1sicos como de obras contempor\u00e1neas, algunas de ellas coproducidas desde su productora, t\u00edtulos como <strong><em>Puertas Abiertas, El Malentendido, Hedda Gabler o Pandataria<\/em><\/strong>, con los que ha girado por escenarios nacionales e internacionales. Ha sido nombrada Directora General Corporativa del Grupo S\u00e9ptima Media.<\/span><\/p>\n<p style=\"text-align: justify;\"><span style=\"color: #000000;\">Entre sus reconocimientos m\u00e1s importantes se encuentran el <strong>Premio a Mejor Actriz, por el C\u00edrculo de Escritores Cinematogr\u00e1ficos; ha estado nominada al Goya como Mejor Actriz Protagonista por El Abuelo, pel\u00edcula nominada al Oscar como Mejor Pel\u00edcula Extranjera. Premio de la Mostra de Valencia, Premio de Cultura de la Comunidad de Madrid 2022, Premio Pluma, Premio Shanghai, Premio Chicote, Premio MADO por su lucha a favor de los derechos del colectivo LGTBIQ y el Premio Hola de la Hispanic Organization of Latin Actors<\/strong> por su labor de gesti\u00f3n cultural como primera mujer Presidenta de la <strong>Academia de las Artes Esc\u00e9nicas<\/strong>, impulsando la visibilidad, protecci\u00f3n y desarrollo del sector cultural, levantando los Premios Tal\u00eda y potenciando la creaci\u00f3n de puentes de colaboraci\u00f3n entre pa\u00edses; y por su imprescindible trayectoria en cine, teatro y televisi\u00f3n. En septiembre de 2025 recibi\u00f3 el <strong>Premio UIMP a la Cinematograf\u00eda,<\/strong> a su trayectoria como actriz y a su gesti\u00f3n cultural al frente de la Academia, que otorga la Universidad Men\u00e9ndez Pelayo de Santander; tambi\u00e9n ha sido <strong>jurado del Premio Princesa de Asturias<\/strong> de las Artes en varias ocasiones.<\/span><\/p>\n<p style=\"text-align: justify;\"><span style=\"color: #000000;\"><strong>LOS XIII PLATINO XCARET, CITA DORADA DE LAS PRODUCCIONES IBEROAMERICANAS<\/strong><\/span><\/p>\n<p style=\"text-align: justify;\"><span style=\"color: #000000;\"><strong>Carlos Torres y Cayetana Guill\u00e9n-Cuervo<\/strong> tomar\u00e1n en esta edici\u00f3n el testigo que en 2025 recogieron <strong>Aislinn Derbez y Asier Etxeand\u00eda, maestros de ceremonia de la decimosegunda edici\u00f3n,<\/strong> tras la conducci\u00f3n de la gala por otras estrellas del audiovisual como Esmeralda Pimentel, M\u00e1jida Issa, Carolina Gait\u00e1n, Omar Chaparro, Paz Vega, Lali Esp\u00f3sito, Miguel \u00c1ngel Mu\u00f1oz, Adal Ramones, Alessandra Rosaldo, Carlos Latre, Cecilia Su\u00e1rez, Eugenio Derbez, Imanol Arias, Juan Carlos Arciniegas, Juana Acosta, M\u00e1jida Issa, Natalia Oreiro, Luis Gerardo M\u00e9ndez y Santiago Segura.<\/span><\/p>\n<p style=\"text-align: justify;\"><span style=\"color: #000000;\">La decimotercera edici\u00f3n del evento, accesible a trav\u00e9s de televisiones de toda Am\u00e9rica y de la plataforma <strong>SmartPlatino TV, <\/strong>as\u00ed como de las distintas televisiones iberoamericanas, premiar\u00e1 a las mejores producciones del audiovisual en castellano y portugu\u00e9s en las categor\u00edas de <strong>Mejor Pel\u00edcula Iberoamericana de Ficci\u00f3n, Mejor Comedia Iberoamericana de Ficci\u00f3n, Mejor Direcci\u00f3n, Mejor Guion, Mejor M\u00fasica Original, Mejor Interpretaci\u00f3n Masculina, Mejor Interpretaci\u00f3n Femenina, Mejor Interpretaci\u00f3n Masculina de Reparto, Mejor Interpretaci\u00f3n Femenina de Reparto, Mejor Pel\u00edcula de Animaci\u00f3n, Mejor Pel\u00edcula Documental, Mejor \u00d3pera Prima, Mejor Direcci\u00f3n de Montaje, Mejor Direcci\u00f3n de Arte, Mejor Direcci\u00f3n de Fotograf\u00eda, Mejor Direcci\u00f3n de Sonido, Mejor Dise\u00f1o de Vestuario, Mejores Efectos Especiales, Mejor Maquillaje y Peluquer\u00eda, Premio PLATINO al Cine y Educaci\u00f3n en Valores, Mejor Miniserie o Teleserie de Ficci\u00f3n o Documental, Mejor Interpretaci\u00f3n Masculina en Miniserie o Teleserie, Mejor Interpretaci\u00f3n Femenina en Miniserie o Teleserie, Mejor Interpretaci\u00f3n Masculina de Reparto en Miniserie o Teleserie, Mejor Interpretaci\u00f3n Femenina de Reparto en Miniserie o Teleserie, Mejor Serie de Larga Duraci\u00f3n, Mejor Creador de Miniserie o Teleserie, Mejor M\u00fasica Original en Miniserie o Teleserie, Mejor Direcci\u00f3n de Montaje en Miniserie o Teleserie, Mejor Direcci\u00f3n de Arte en Miniserie o Teleserie, Mejor Direcci\u00f3n de Fotograf\u00eda en Miniserie o Teleserie, Mejor Direcci\u00f3n de Sonido en Miniserie o Teleserie, Mejor Dise\u00f1o de Vestuario en Miniserie o Teleserie, Mejores Efectos Especiales en Miniserie o Teleserie y Mejor Maquillaje y Peluquer\u00eda en Miniserie o Teleserie, <\/strong>a las que se suma un ilustre<strong> Premio PLATINO de Honor<\/strong> que ser\u00e1 revelado pr\u00f3ximamente.<\/span><\/p>\n","protected":false},"excerpt":{"rendered":"<p>El actor colombiano y la actriz espa\u00f1ola conducir\u00e1n la entrega de los galardones del audiovisual iberoamericano el pr\u00f3ximo 9 de mayo en el Teatro Gran Tlachco en Xcaret, Riviera Maya (M\u00e9xico), desde donde reconocer\u00e1n la sobresaliente producci\u00f3n anual de cine y series en castellano y portugu\u00e9s Ficciones como \u201cLa reina del Flow\u201d y \u201cBienvenidos al [&hellip;]<\/p>\n","protected":false},"author":4,"featured_media":140706,"comment_status":"closed","ping_status":"closed","sticky":false,"template":"","format":"standard","meta":{"_bbp_topic_count":0,"_bbp_reply_count":0,"_bbp_total_topic_count":0,"_bbp_total_reply_count":0,"_bbp_voice_count":0,"_bbp_anonymous_reply_count":0,"_bbp_topic_count_hidden":0,"_bbp_reply_count_hidden":0,"_bbp_forum_subforum_count":0,"buzzeditor_post_format":"","footnotes":""},"categories":[2],"tags":[],"class_list":["post-140704","post","type-post","status-publish","format-standard","has-post-thumbnail","hentry","category-noticias"],"yoast_head":"<!-- This site is optimized with the Yoast SEO plugin v27.5 - https:\/\/yoast.com\/product\/yoast-seo-wordpress\/ -->\n<title>Carlos Torres y Cayetana Guill\u00e9n-Cuervo presentar\u00e1n la XIII edici\u00f3n de los Premios PLATINO XCARET &#8211; QUEBAKAN.COM 2026: Noticias, Eventos, Conciertos y mucho m\u00e1s....<\/title>\n<meta name=\"robots\" content=\"index, follow, max-snippet:-1, max-image-preview:large, max-video-preview:-1\" \/>\n<link rel=\"canonical\" href=\"https:\/\/www.quebakan.com\/v15\/carlos-torres-y-cayetana-guillen-cuervo-presentaran-la-xiii-edicion-de-los-premios-platino-xcaret\/\" \/>\n<meta property=\"og:locale\" content=\"es_ES\" \/>\n<meta property=\"og:type\" content=\"article\" \/>\n<meta property=\"og:title\" content=\"Carlos Torres y Cayetana Guill\u00e9n-Cuervo presentar\u00e1n la XIII edici\u00f3n de los Premios PLATINO XCARET &#8211; QUEBAKAN.COM 2026: Noticias, Eventos, Conciertos y mucho m\u00e1s....\" \/>\n<meta property=\"og:description\" content=\"El actor colombiano y la actriz espa\u00f1ola conducir\u00e1n la entrega de los galardones del audiovisual iberoamericano el pr\u00f3ximo 9 de mayo en el Teatro Gran Tlachco en Xcaret, Riviera Maya (M\u00e9xico), desde donde reconocer\u00e1n la sobresaliente producci\u00f3n anual de cine y series en castellano y portugu\u00e9s Ficciones como \u201cLa reina del Flow\u201d y \u201cBienvenidos al [&hellip;]\" \/>\n<meta property=\"og:url\" content=\"https:\/\/www.quebakan.com\/v15\/carlos-torres-y-cayetana-guillen-cuervo-presentaran-la-xiii-edicion-de-los-premios-platino-xcaret\/\" \/>\n<meta property=\"og:site_name\" content=\"QUEBAKAN.COM 2026: Noticias, Eventos, Conciertos y mucho m\u00e1s....\" \/>\n<meta property=\"article:publisher\" content=\"http:\/\/www.facebook.com\/quebakan\" \/>\n<meta property=\"article:published_time\" content=\"2026-03-12T23:24:25+00:00\" \/>\n<meta property=\"og:image\" content=\"https:\/\/www.quebakan.com\/v15\/wp-content\/uploads\/2026\/03\/PRESENTADORES_PRENSA.jpg\" \/>\n\t<meta property=\"og:image:width\" content=\"700\" \/>\n\t<meta property=\"og:image:height\" content=\"500\" \/>\n\t<meta property=\"og:image:type\" content=\"image\/jpeg\" \/>\n<meta name=\"author\" content=\"Erick Villafuerte\" \/>\n<meta name=\"twitter:card\" content=\"summary_large_image\" \/>\n<meta name=\"twitter:creator\" content=\"@quebakanec\" \/>\n<meta name=\"twitter:site\" content=\"@quebakanec\" \/>\n<meta name=\"twitter:label1\" content=\"Escrito por\" \/>\n\t<meta name=\"twitter:data1\" content=\"Erick Villafuerte\" \/>\n\t<meta name=\"twitter:label2\" content=\"Tiempo de lectura\" \/>\n\t<meta name=\"twitter:data2\" content=\"7 minutos\" \/>\n<script type=\"application\/ld+json\" class=\"yoast-schema-graph\">{\"@context\":\"https:\\\/\\\/schema.org\",\"@graph\":[{\"@type\":\"Article\",\"@id\":\"https:\\\/\\\/www.quebakan.com\\\/v15\\\/carlos-torres-y-cayetana-guillen-cuervo-presentaran-la-xiii-edicion-de-los-premios-platino-xcaret\\\/#article\",\"isPartOf\":{\"@id\":\"https:\\\/\\\/www.quebakan.com\\\/v15\\\/carlos-torres-y-cayetana-guillen-cuervo-presentaran-la-xiii-edicion-de-los-premios-platino-xcaret\\\/\"},\"author\":{\"name\":\"Erick Villafuerte\",\"@id\":\"https:\\\/\\\/www.quebakan.com\\\/v15\\\/#\\\/schema\\\/person\\\/d90fa9f9cfa81eb8ace9811e5b7b9118\"},\"headline\":\"Carlos Torres y Cayetana Guill\u00e9n-Cuervo presentar\u00e1n la XIII edici\u00f3n de los Premios PLATINO XCARET\",\"datePublished\":\"2026-03-12T23:24:25+00:00\",\"mainEntityOfPage\":{\"@id\":\"https:\\\/\\\/www.quebakan.com\\\/v15\\\/carlos-torres-y-cayetana-guillen-cuervo-presentaran-la-xiii-edicion-de-los-premios-platino-xcaret\\\/\"},\"wordCount\":1389,\"publisher\":{\"@id\":\"https:\\\/\\\/www.quebakan.com\\\/v15\\\/#organization\"},\"image\":{\"@id\":\"https:\\\/\\\/www.quebakan.com\\\/v15\\\/carlos-torres-y-cayetana-guillen-cuervo-presentaran-la-xiii-edicion-de-los-premios-platino-xcaret\\\/#primaryimage\"},\"thumbnailUrl\":\"https:\\\/\\\/www.quebakan.com\\\/v15\\\/wp-content\\\/uploads\\\/2026\\\/03\\\/PRESENTADORES_PRENSA.jpg\",\"articleSection\":[\"Noticias\"],\"inLanguage\":\"es\"},{\"@type\":\"WebPage\",\"@id\":\"https:\\\/\\\/www.quebakan.com\\\/v15\\\/carlos-torres-y-cayetana-guillen-cuervo-presentaran-la-xiii-edicion-de-los-premios-platino-xcaret\\\/\",\"url\":\"https:\\\/\\\/www.quebakan.com\\\/v15\\\/carlos-torres-y-cayetana-guillen-cuervo-presentaran-la-xiii-edicion-de-los-premios-platino-xcaret\\\/\",\"name\":\"Carlos Torres y Cayetana Guill\u00e9n-Cuervo presentar\u00e1n la XIII edici\u00f3n de los Premios PLATINO XCARET &#8211; QUEBAKAN.COM 2026: Noticias, Eventos, Conciertos y mucho m\u00e1s....\",\"isPartOf\":{\"@id\":\"https:\\\/\\\/www.quebakan.com\\\/v15\\\/#website\"},\"primaryImageOfPage\":{\"@id\":\"https:\\\/\\\/www.quebakan.com\\\/v15\\\/carlos-torres-y-cayetana-guillen-cuervo-presentaran-la-xiii-edicion-de-los-premios-platino-xcaret\\\/#primaryimage\"},\"image\":{\"@id\":\"https:\\\/\\\/www.quebakan.com\\\/v15\\\/carlos-torres-y-cayetana-guillen-cuervo-presentaran-la-xiii-edicion-de-los-premios-platino-xcaret\\\/#primaryimage\"},\"thumbnailUrl\":\"https:\\\/\\\/www.quebakan.com\\\/v15\\\/wp-content\\\/uploads\\\/2026\\\/03\\\/PRESENTADORES_PRENSA.jpg\",\"datePublished\":\"2026-03-12T23:24:25+00:00\",\"breadcrumb\":{\"@id\":\"https:\\\/\\\/www.quebakan.com\\\/v15\\\/carlos-torres-y-cayetana-guillen-cuervo-presentaran-la-xiii-edicion-de-los-premios-platino-xcaret\\\/#breadcrumb\"},\"inLanguage\":\"es\",\"potentialAction\":[{\"@type\":\"ReadAction\",\"target\":[\"https:\\\/\\\/www.quebakan.com\\\/v15\\\/carlos-torres-y-cayetana-guillen-cuervo-presentaran-la-xiii-edicion-de-los-premios-platino-xcaret\\\/\"]}]},{\"@type\":\"ImageObject\",\"inLanguage\":\"es\",\"@id\":\"https:\\\/\\\/www.quebakan.com\\\/v15\\\/carlos-torres-y-cayetana-guillen-cuervo-presentaran-la-xiii-edicion-de-los-premios-platino-xcaret\\\/#primaryimage\",\"url\":\"https:\\\/\\\/www.quebakan.com\\\/v15\\\/wp-content\\\/uploads\\\/2026\\\/03\\\/PRESENTADORES_PRENSA.jpg\",\"contentUrl\":\"https:\\\/\\\/www.quebakan.com\\\/v15\\\/wp-content\\\/uploads\\\/2026\\\/03\\\/PRESENTADORES_PRENSA.jpg\",\"width\":700,\"height\":500},{\"@type\":\"BreadcrumbList\",\"@id\":\"https:\\\/\\\/www.quebakan.com\\\/v15\\\/carlos-torres-y-cayetana-guillen-cuervo-presentaran-la-xiii-edicion-de-los-premios-platino-xcaret\\\/#breadcrumb\",\"itemListElement\":[{\"@type\":\"ListItem\",\"position\":1,\"name\":\"Portada\",\"item\":\"https:\\\/\\\/www.quebakan.com\\\/v15\\\/\"},{\"@type\":\"ListItem\",\"position\":2,\"name\":\"Carlos Torres y Cayetana Guill\u00e9n-Cuervo presentar\u00e1n la XIII edici\u00f3n de los Premios PLATINO XCARET\"}]},{\"@type\":\"WebSite\",\"@id\":\"https:\\\/\\\/www.quebakan.com\\\/v15\\\/#website\",\"url\":\"https:\\\/\\\/www.quebakan.com\\\/v15\\\/\",\"name\":\"QUEBAKAN\",\"description\":\"..\",\"publisher\":{\"@id\":\"https:\\\/\\\/www.quebakan.com\\\/v15\\\/#organization\"},\"potentialAction\":[{\"@type\":\"SearchAction\",\"target\":{\"@type\":\"EntryPoint\",\"urlTemplate\":\"https:\\\/\\\/www.quebakan.com\\\/v15\\\/?s={search_term_string}\"},\"query-input\":{\"@type\":\"PropertyValueSpecification\",\"valueRequired\":true,\"valueName\":\"search_term_string\"}}],\"inLanguage\":\"es\"},{\"@type\":\"Organization\",\"@id\":\"https:\\\/\\\/www.quebakan.com\\\/v15\\\/#organization\",\"name\":\"Quebakan.com\",\"url\":\"https:\\\/\\\/www.quebakan.com\\\/v15\\\/\",\"logo\":{\"@type\":\"ImageObject\",\"inLanguage\":\"es\",\"@id\":\"https:\\\/\\\/www.quebakan.com\\\/v15\\\/#\\\/schema\\\/logo\\\/image\\\/\",\"url\":\"https:\\\/\\\/www.quebakan.com\\\/v15\\\/wp-content\\\/uploads\\\/2023\\\/07\\\/logoquebakanenero2021.jpg\",\"contentUrl\":\"https:\\\/\\\/www.quebakan.com\\\/v15\\\/wp-content\\\/uploads\\\/2023\\\/07\\\/logoquebakanenero2021.jpg\",\"width\":1920,\"height\":1080,\"caption\":\"Quebakan.com\"},\"image\":{\"@id\":\"https:\\\/\\\/www.quebakan.com\\\/v15\\\/#\\\/schema\\\/logo\\\/image\\\/\"},\"sameAs\":[\"http:\\\/\\\/www.facebook.com\\\/quebakan\",\"https:\\\/\\\/x.com\\\/quebakanec\",\"http:\\\/\\\/www.instagram.com\\\/quebakan\",\"http:\\\/\\\/www.youtube.com\\\/quebakan1\"]},{\"@type\":\"Person\",\"@id\":\"https:\\\/\\\/www.quebakan.com\\\/v15\\\/#\\\/schema\\\/person\\\/d90fa9f9cfa81eb8ace9811e5b7b9118\",\"name\":\"Erick Villafuerte\",\"image\":{\"@type\":\"ImageObject\",\"inLanguage\":\"es\",\"@id\":\"https:\\\/\\\/www.quebakan.com\\\/v15\\\/wp-content\\\/uploads\\\/avatars\\\/4\\\/1731297654-bpfull.png\",\"url\":\"https:\\\/\\\/www.quebakan.com\\\/v15\\\/wp-content\\\/uploads\\\/avatars\\\/4\\\/1731297654-bpfull.png\",\"contentUrl\":\"https:\\\/\\\/www.quebakan.com\\\/v15\\\/wp-content\\\/uploads\\\/avatars\\\/4\\\/1731297654-bpfull.png\",\"caption\":\"Erick Villafuerte\"}}]}<\/script>\n<!-- \/ Yoast SEO plugin. -->","yoast_head_json":{"title":"Carlos Torres y Cayetana Guill\u00e9n-Cuervo presentar\u00e1n la XIII edici\u00f3n de los Premios PLATINO XCARET &#8211; QUEBAKAN.COM 2026: Noticias, Eventos, Conciertos y mucho m\u00e1s....","robots":{"index":"index","follow":"follow","max-snippet":"max-snippet:-1","max-image-preview":"max-image-preview:large","max-video-preview":"max-video-preview:-1"},"canonical":"https:\/\/www.quebakan.com\/v15\/carlos-torres-y-cayetana-guillen-cuervo-presentaran-la-xiii-edicion-de-los-premios-platino-xcaret\/","og_locale":"es_ES","og_type":"article","og_title":"Carlos Torres y Cayetana Guill\u00e9n-Cuervo presentar\u00e1n la XIII edici\u00f3n de los Premios PLATINO XCARET &#8211; QUEBAKAN.COM 2026: Noticias, Eventos, Conciertos y mucho m\u00e1s....","og_description":"El actor colombiano y la actriz espa\u00f1ola conducir\u00e1n la entrega de los galardones del audiovisual iberoamericano el pr\u00f3ximo 9 de mayo en el Teatro Gran Tlachco en Xcaret, Riviera Maya (M\u00e9xico), desde donde reconocer\u00e1n la sobresaliente producci\u00f3n anual de cine y series en castellano y portugu\u00e9s Ficciones como \u201cLa reina del Flow\u201d y \u201cBienvenidos al [&hellip;]","og_url":"https:\/\/www.quebakan.com\/v15\/carlos-torres-y-cayetana-guillen-cuervo-presentaran-la-xiii-edicion-de-los-premios-platino-xcaret\/","og_site_name":"QUEBAKAN.COM 2026: Noticias, Eventos, Conciertos y mucho m\u00e1s....","article_publisher":"http:\/\/www.facebook.com\/quebakan","article_published_time":"2026-03-12T23:24:25+00:00","og_image":[{"width":700,"height":500,"url":"https:\/\/www.quebakan.com\/v15\/wp-content\/uploads\/2026\/03\/PRESENTADORES_PRENSA.jpg","type":"image\/jpeg"}],"author":"Erick Villafuerte","twitter_card":"summary_large_image","twitter_creator":"@quebakanec","twitter_site":"@quebakanec","twitter_misc":{"Escrito por":"Erick Villafuerte","Tiempo de lectura":"7 minutos"},"schema":{"@context":"https:\/\/schema.org","@graph":[{"@type":"Article","@id":"https:\/\/www.quebakan.com\/v15\/carlos-torres-y-cayetana-guillen-cuervo-presentaran-la-xiii-edicion-de-los-premios-platino-xcaret\/#article","isPartOf":{"@id":"https:\/\/www.quebakan.com\/v15\/carlos-torres-y-cayetana-guillen-cuervo-presentaran-la-xiii-edicion-de-los-premios-platino-xcaret\/"},"author":{"name":"Erick Villafuerte","@id":"https:\/\/www.quebakan.com\/v15\/#\/schema\/person\/d90fa9f9cfa81eb8ace9811e5b7b9118"},"headline":"Carlos Torres y Cayetana Guill\u00e9n-Cuervo presentar\u00e1n la XIII edici\u00f3n de los Premios PLATINO XCARET","datePublished":"2026-03-12T23:24:25+00:00","mainEntityOfPage":{"@id":"https:\/\/www.quebakan.com\/v15\/carlos-torres-y-cayetana-guillen-cuervo-presentaran-la-xiii-edicion-de-los-premios-platino-xcaret\/"},"wordCount":1389,"publisher":{"@id":"https:\/\/www.quebakan.com\/v15\/#organization"},"image":{"@id":"https:\/\/www.quebakan.com\/v15\/carlos-torres-y-cayetana-guillen-cuervo-presentaran-la-xiii-edicion-de-los-premios-platino-xcaret\/#primaryimage"},"thumbnailUrl":"https:\/\/www.quebakan.com\/v15\/wp-content\/uploads\/2026\/03\/PRESENTADORES_PRENSA.jpg","articleSection":["Noticias"],"inLanguage":"es"},{"@type":"WebPage","@id":"https:\/\/www.quebakan.com\/v15\/carlos-torres-y-cayetana-guillen-cuervo-presentaran-la-xiii-edicion-de-los-premios-platino-xcaret\/","url":"https:\/\/www.quebakan.com\/v15\/carlos-torres-y-cayetana-guillen-cuervo-presentaran-la-xiii-edicion-de-los-premios-platino-xcaret\/","name":"Carlos Torres y Cayetana Guill\u00e9n-Cuervo presentar\u00e1n la XIII edici\u00f3n de los Premios PLATINO XCARET &#8211; QUEBAKAN.COM 2026: Noticias, Eventos, Conciertos y mucho m\u00e1s....","isPartOf":{"@id":"https:\/\/www.quebakan.com\/v15\/#website"},"primaryImageOfPage":{"@id":"https:\/\/www.quebakan.com\/v15\/carlos-torres-y-cayetana-guillen-cuervo-presentaran-la-xiii-edicion-de-los-premios-platino-xcaret\/#primaryimage"},"image":{"@id":"https:\/\/www.quebakan.com\/v15\/carlos-torres-y-cayetana-guillen-cuervo-presentaran-la-xiii-edicion-de-los-premios-platino-xcaret\/#primaryimage"},"thumbnailUrl":"https:\/\/www.quebakan.com\/v15\/wp-content\/uploads\/2026\/03\/PRESENTADORES_PRENSA.jpg","datePublished":"2026-03-12T23:24:25+00:00","breadcrumb":{"@id":"https:\/\/www.quebakan.com\/v15\/carlos-torres-y-cayetana-guillen-cuervo-presentaran-la-xiii-edicion-de-los-premios-platino-xcaret\/#breadcrumb"},"inLanguage":"es","potentialAction":[{"@type":"ReadAction","target":["https:\/\/www.quebakan.com\/v15\/carlos-torres-y-cayetana-guillen-cuervo-presentaran-la-xiii-edicion-de-los-premios-platino-xcaret\/"]}]},{"@type":"ImageObject","inLanguage":"es","@id":"https:\/\/www.quebakan.com\/v15\/carlos-torres-y-cayetana-guillen-cuervo-presentaran-la-xiii-edicion-de-los-premios-platino-xcaret\/#primaryimage","url":"https:\/\/www.quebakan.com\/v15\/wp-content\/uploads\/2026\/03\/PRESENTADORES_PRENSA.jpg","contentUrl":"https:\/\/www.quebakan.com\/v15\/wp-content\/uploads\/2026\/03\/PRESENTADORES_PRENSA.jpg","width":700,"height":500},{"@type":"BreadcrumbList","@id":"https:\/\/www.quebakan.com\/v15\/carlos-torres-y-cayetana-guillen-cuervo-presentaran-la-xiii-edicion-de-los-premios-platino-xcaret\/#breadcrumb","itemListElement":[{"@type":"ListItem","position":1,"name":"Portada","item":"https:\/\/www.quebakan.com\/v15\/"},{"@type":"ListItem","position":2,"name":"Carlos Torres y Cayetana Guill\u00e9n-Cuervo presentar\u00e1n la XIII edici\u00f3n de los Premios PLATINO XCARET"}]},{"@type":"WebSite","@id":"https:\/\/www.quebakan.com\/v15\/#website","url":"https:\/\/www.quebakan.com\/v15\/","name":"QUEBAKAN","description":"..","publisher":{"@id":"https:\/\/www.quebakan.com\/v15\/#organization"},"potentialAction":[{"@type":"SearchAction","target":{"@type":"EntryPoint","urlTemplate":"https:\/\/www.quebakan.com\/v15\/?s={search_term_string}"},"query-input":{"@type":"PropertyValueSpecification","valueRequired":true,"valueName":"search_term_string"}}],"inLanguage":"es"},{"@type":"Organization","@id":"https:\/\/www.quebakan.com\/v15\/#organization","name":"Quebakan.com","url":"https:\/\/www.quebakan.com\/v15\/","logo":{"@type":"ImageObject","inLanguage":"es","@id":"https:\/\/www.quebakan.com\/v15\/#\/schema\/logo\/image\/","url":"https:\/\/www.quebakan.com\/v15\/wp-content\/uploads\/2023\/07\/logoquebakanenero2021.jpg","contentUrl":"https:\/\/www.quebakan.com\/v15\/wp-content\/uploads\/2023\/07\/logoquebakanenero2021.jpg","width":1920,"height":1080,"caption":"Quebakan.com"},"image":{"@id":"https:\/\/www.quebakan.com\/v15\/#\/schema\/logo\/image\/"},"sameAs":["http:\/\/www.facebook.com\/quebakan","https:\/\/x.com\/quebakanec","http:\/\/www.instagram.com\/quebakan","http:\/\/www.youtube.com\/quebakan1"]},{"@type":"Person","@id":"https:\/\/www.quebakan.com\/v15\/#\/schema\/person\/d90fa9f9cfa81eb8ace9811e5b7b9118","name":"Erick Villafuerte","image":{"@type":"ImageObject","inLanguage":"es","@id":"https:\/\/www.quebakan.com\/v15\/wp-content\/uploads\/avatars\/4\/1731297654-bpfull.png","url":"https:\/\/www.quebakan.com\/v15\/wp-content\/uploads\/avatars\/4\/1731297654-bpfull.png","contentUrl":"https:\/\/www.quebakan.com\/v15\/wp-content\/uploads\/avatars\/4\/1731297654-bpfull.png","caption":"Erick Villafuerte"}}]}},"_links":{"self":[{"href":"https:\/\/www.quebakan.com\/v15\/wp-json\/wp\/v2\/posts\/140704","targetHints":{"allow":["GET"]}}],"collection":[{"href":"https:\/\/www.quebakan.com\/v15\/wp-json\/wp\/v2\/posts"}],"about":[{"href":"https:\/\/www.quebakan.com\/v15\/wp-json\/wp\/v2\/types\/post"}],"author":[{"embeddable":true,"href":"https:\/\/www.quebakan.com\/v15\/wp-json\/wp\/v2\/users\/4"}],"replies":[{"embeddable":true,"href":"https:\/\/www.quebakan.com\/v15\/wp-json\/wp\/v2\/comments?post=140704"}],"version-history":[{"count":1,"href":"https:\/\/www.quebakan.com\/v15\/wp-json\/wp\/v2\/posts\/140704\/revisions"}],"predecessor-version":[{"id":140707,"href":"https:\/\/www.quebakan.com\/v15\/wp-json\/wp\/v2\/posts\/140704\/revisions\/140707"}],"wp:featuredmedia":[{"embeddable":true,"href":"https:\/\/www.quebakan.com\/v15\/wp-json\/wp\/v2\/media\/140706"}],"wp:attachment":[{"href":"https:\/\/www.quebakan.com\/v15\/wp-json\/wp\/v2\/media?parent=140704"}],"wp:term":[{"taxonomy":"category","embeddable":true,"href":"https:\/\/www.quebakan.com\/v15\/wp-json\/wp\/v2\/categories?post=140704"},{"taxonomy":"post_tag","embeddable":true,"href":"https:\/\/www.quebakan.com\/v15\/wp-json\/wp\/v2\/tags?post=140704"}],"curies":[{"name":"wp","href":"https:\/\/api.w.org\/{rel}","templated":true}]}}