{"id":140708,"date":"2026-03-12T20:39:44","date_gmt":"2026-03-13T01:39:44","guid":{"rendered":"https:\/\/www.quebakan.com\/v15\/?p=140708"},"modified":"2026-03-12T20:39:44","modified_gmt":"2026-03-13T01:39:44","slug":"rosalia-arteaga-recibe-la-rosa-de-plata-en-reconocimiento-a-su-trayectoria-y-liderazgo","status":"publish","type":"post","link":"https:\/\/www.quebakan.com\/v15\/rosalia-arteaga-recibe-la-rosa-de-plata-en-reconocimiento-a-su-trayectoria-y-liderazgo\/","title":{"rendered":"Rosal\u00eda Arteaga recibe la Rosa de Plata en reconocimiento a su trayectoria y liderazgo"},"content":{"rendered":"<p><img fetchpriority=\"high\" decoding=\"async\" class=\"aligncenter size-full wp-image-140709\" src=\"https:\/\/www.quebakan.com\/v15\/wp-content\/uploads\/2026\/03\/Rosalia-Arteaga-recibe-la-Rosa-de-Plata-2.jpg\" alt=\"\" width=\"501\" height=\"700\" srcset=\"https:\/\/www.quebakan.com\/v15\/wp-content\/uploads\/2026\/03\/Rosalia-Arteaga-recibe-la-Rosa-de-Plata-2.jpg 501w, https:\/\/www.quebakan.com\/v15\/wp-content\/uploads\/2026\/03\/Rosalia-Arteaga-recibe-la-Rosa-de-Plata-2-360x504.jpg 360w\" sizes=\"(max-width: 501px) 100vw, 501px\" \/><\/p>\n<p style=\"text-align: justify;\"><span style=\"color: #000000;\"><strong>Guayaquil, Ecuador.\u2013<\/strong> La expresidenta de la Rep\u00fablica y destacada l\u00edder educativa Rosal\u00eda Arteaga fue distinguida con el m\u00e1ximo reconocimiento Rosa de Plata durante la vig\u00e9sima quinta edici\u00f3n del evento Mujeres del A\u00f1o, organizado por la Revista Hogar. Este galard\u00f3n reconoce su trayectoria y su aporte sostenido a la educaci\u00f3n, la cultura y el liderazgo en el Ecuador y en el \u00e1mbito internacional.<\/span><\/p>\n<p style=\"text-align: justify;\"><span style=\"color: #000000;\">Desde hace 25 a\u00f1os, Revista Hogar reconoce a las mujeres ecuatorianas m\u00e1s destacadas en diversas \u00e1reas profesionales, resaltando su influencia positiva en el pa\u00eds. En esta edici\u00f3n conmemorativa, diecisiete mujeres fueron homenajeadas por su impacto en \u00e1mbitos como la ciencia, el periodismo, la tecnolog\u00eda, la medicina y la educaci\u00f3n.<\/span><\/p>\n<p style=\"text-align: justify;\"><span style=\"color: #000000;\">El momento central de la ceremonia fue la entrega de la Rosa de Plata a Rosal\u00eda Arteaga, en reconocimiento a una vida dedicada al servicio p\u00fablico, la promoci\u00f3n de la educaci\u00f3n y el impulso del liderazgo femenino.<\/span><\/p>\n<p style=\"text-align: justify;\"><span style=\"color: #000000;\">Durante su intervenci\u00f3n, Arteaga comparti\u00f3 un mensaje de inspiraci\u00f3n dirigido a las mujeres ecuatorianas:<\/span><\/p>\n<p style=\"text-align: justify;\"><span style=\"color: #000000;\"><em>\u201cLa vida ha sido generosa conmigo, me ha dado m\u00e1s de lo que ped\u00ed. Invito a todas las mujeres a seguir luchando, a no desmayar y a confiar en que siempre habr\u00e1 algo positivo por delante de nosotras\u201d.<\/em><\/span><\/p>\n<p style=\"text-align: justify;\"><span style=\"color: #000000;\">Nacida en Cuenca, Rosal\u00eda Arteaga ha desarrollado una destacada carrera que combina servicio p\u00fablico, pensamiento acad\u00e9mico y compromiso cultural. Fue ministra de Educaci\u00f3n y vicepresidenta del Ecuador en 1996. En febrero de 1997 asumi\u00f3 la Presidencia de la Rep\u00fablica, convirti\u00e9ndose en la primera mujer en ocupar ese cargo en la historia del pa\u00eds, un hecho que marc\u00f3 un hito en la participaci\u00f3n femenina en los espacios de liderazgo pol\u00edtico.<\/span><\/p>\n<p style=\"text-align: justify;\"><span style=\"color: #000000;\">Su trayectoria tambi\u00e9n se proyect\u00f3 en el \u00e1mbito internacional. Se desempe\u00f1\u00f3 como secretaria general de la Organizaci\u00f3n del Tratado de Cooperaci\u00f3n Amaz\u00f3nica, desde donde promovi\u00f3 iniciativas vinculadas con la cooperaci\u00f3n regional, la sostenibilidad y la educaci\u00f3n. Adem\u00e1s, ha formado parte de importantes espacios acad\u00e9micos globales, como el consejo editorial de la Enciclopedia Brit\u00e1nica y el Consejo de Administraci\u00f3n de la Biblioteca de Alejandr\u00eda.<\/span><\/p>\n<p style=\"text-align: justify;\"><span style=\"color: #000000;\">Actualmente, Rosal\u00eda Arteaga es presidenta en Ecuador de la Universidad Internacional de La Rioja &#8211; UNIR y presidenta ejecutiva de FIDAL, desde donde contin\u00faa impulsando proyectos educativos, culturales y de liderazgo orientados a fortalecer el desarrollo humano y la formaci\u00f3n de nuevas generaciones.<\/span><\/p>\n<p style=\"text-align: justify;\"><span style=\"color: #000000;\">La distinci\u00f3n entregada por Revista Hogar reafirma el legado de Rosal\u00eda Arteaga como una de las figuras femeninas m\u00e1s influyentes del pa\u00eds, cuya trayectoria sigue inspirando a mujeres y j\u00f3venes a construir una sociedad m\u00e1s justa, educada y equitativa.<\/span><\/p>\n<p><img decoding=\"async\" class=\"aligncenter size-full wp-image-140710\" src=\"https:\/\/www.quebakan.com\/v15\/wp-content\/uploads\/2026\/03\/Rosalia-Arteaga-recibe-la-Rosa-de-Plata-3.jpg\" alt=\"\" width=\"513\" height=\"700\" \/><\/p>\n","protected":false},"excerpt":{"rendered":"<p>Guayaquil, Ecuador.\u2013 La expresidenta de la Rep\u00fablica y destacada l\u00edder educativa Rosal\u00eda Arteaga fue distinguida con el m\u00e1ximo reconocimiento Rosa de Plata durante la vig\u00e9sima quinta edici\u00f3n del evento Mujeres del A\u00f1o, organizado por la Revista Hogar. Este galard\u00f3n reconoce su trayectoria y su aporte sostenido a la educaci\u00f3n, la cultura y el liderazgo en [&hellip;]<\/p>\n","protected":false},"author":4,"featured_media":140709,"comment_status":"closed","ping_status":"closed","sticky":false,"template":"","format":"standard","meta":{"_bbp_topic_count":0,"_bbp_reply_count":0,"_bbp_total_topic_count":0,"_bbp_total_reply_count":0,"_bbp_voice_count":0,"_bbp_anonymous_reply_count":0,"_bbp_topic_count_hidden":0,"_bbp_reply_count_hidden":0,"_bbp_forum_subforum_count":0,"buzzeditor_post_format":"","footnotes":""},"categories":[2],"tags":[],"class_list":["post-140708","post","type-post","status-publish","format-standard","has-post-thumbnail","hentry","category-noticias"],"yoast_head":"<!-- This site is optimized with the Yoast SEO plugin v27.5 - https:\/\/yoast.com\/product\/yoast-seo-wordpress\/ -->\n<title>Rosal\u00eda Arteaga recibe la Rosa de Plata en reconocimiento a su trayectoria y liderazgo &#8211; QUEBAKAN.COM 2026: Noticias, Eventos, Conciertos y mucho m\u00e1s....<\/title>\n<meta name=\"robots\" content=\"index, follow, max-snippet:-1, max-image-preview:large, max-video-preview:-1\" \/>\n<link rel=\"canonical\" href=\"https:\/\/www.quebakan.com\/v15\/rosalia-arteaga-recibe-la-rosa-de-plata-en-reconocimiento-a-su-trayectoria-y-liderazgo\/\" \/>\n<meta property=\"og:locale\" content=\"es_ES\" \/>\n<meta property=\"og:type\" content=\"article\" \/>\n<meta property=\"og:title\" content=\"Rosal\u00eda Arteaga recibe la Rosa de Plata en reconocimiento a su trayectoria y liderazgo &#8211; QUEBAKAN.COM 2026: Noticias, Eventos, Conciertos y mucho m\u00e1s....\" \/>\n<meta property=\"og:description\" content=\"Guayaquil, Ecuador.\u2013 La expresidenta de la Rep\u00fablica y destacada l\u00edder educativa Rosal\u00eda Arteaga fue distinguida con el m\u00e1ximo reconocimiento Rosa de Plata durante la vig\u00e9sima quinta edici\u00f3n del evento Mujeres del A\u00f1o, organizado por la Revista Hogar. Este galard\u00f3n reconoce su trayectoria y su aporte sostenido a la educaci\u00f3n, la cultura y el liderazgo en [&hellip;]\" \/>\n<meta property=\"og:url\" content=\"https:\/\/www.quebakan.com\/v15\/rosalia-arteaga-recibe-la-rosa-de-plata-en-reconocimiento-a-su-trayectoria-y-liderazgo\/\" \/>\n<meta property=\"og:site_name\" content=\"QUEBAKAN.COM 2026: Noticias, Eventos, Conciertos y mucho m\u00e1s....\" \/>\n<meta property=\"article:publisher\" content=\"http:\/\/www.facebook.com\/quebakan\" \/>\n<meta property=\"article:published_time\" content=\"2026-03-13T01:39:44+00:00\" \/>\n<meta property=\"og:image\" content=\"https:\/\/www.quebakan.com\/v15\/wp-content\/uploads\/2026\/03\/Rosalia-Arteaga-recibe-la-Rosa-de-Plata-2.jpg\" \/>\n\t<meta property=\"og:image:width\" content=\"501\" \/>\n\t<meta property=\"og:image:height\" content=\"700\" \/>\n\t<meta property=\"og:image:type\" content=\"image\/jpeg\" \/>\n<meta name=\"author\" content=\"Erick Villafuerte\" \/>\n<meta name=\"twitter:card\" content=\"summary_large_image\" \/>\n<meta name=\"twitter:creator\" content=\"@quebakanec\" \/>\n<meta name=\"twitter:site\" content=\"@quebakanec\" \/>\n<meta name=\"twitter:label1\" content=\"Escrito por\" \/>\n\t<meta name=\"twitter:data1\" content=\"Erick Villafuerte\" \/>\n\t<meta name=\"twitter:label2\" content=\"Tiempo de lectura\" \/>\n\t<meta name=\"twitter:data2\" content=\"3 minutos\" \/>\n<script type=\"application\/ld+json\" class=\"yoast-schema-graph\">{\"@context\":\"https:\\\/\\\/schema.org\",\"@graph\":[{\"@type\":\"Article\",\"@id\":\"https:\\\/\\\/www.quebakan.com\\\/v15\\\/rosalia-arteaga-recibe-la-rosa-de-plata-en-reconocimiento-a-su-trayectoria-y-liderazgo\\\/#article\",\"isPartOf\":{\"@id\":\"https:\\\/\\\/www.quebakan.com\\\/v15\\\/rosalia-arteaga-recibe-la-rosa-de-plata-en-reconocimiento-a-su-trayectoria-y-liderazgo\\\/\"},\"author\":{\"name\":\"Erick Villafuerte\",\"@id\":\"https:\\\/\\\/www.quebakan.com\\\/v15\\\/#\\\/schema\\\/person\\\/d90fa9f9cfa81eb8ace9811e5b7b9118\"},\"headline\":\"Rosal\u00eda Arteaga recibe la Rosa de Plata en reconocimiento a su trayectoria y liderazgo\",\"datePublished\":\"2026-03-13T01:39:44+00:00\",\"mainEntityOfPage\":{\"@id\":\"https:\\\/\\\/www.quebakan.com\\\/v15\\\/rosalia-arteaga-recibe-la-rosa-de-plata-en-reconocimiento-a-su-trayectoria-y-liderazgo\\\/\"},\"wordCount\":477,\"publisher\":{\"@id\":\"https:\\\/\\\/www.quebakan.com\\\/v15\\\/#organization\"},\"image\":{\"@id\":\"https:\\\/\\\/www.quebakan.com\\\/v15\\\/rosalia-arteaga-recibe-la-rosa-de-plata-en-reconocimiento-a-su-trayectoria-y-liderazgo\\\/#primaryimage\"},\"thumbnailUrl\":\"https:\\\/\\\/www.quebakan.com\\\/v15\\\/wp-content\\\/uploads\\\/2026\\\/03\\\/Rosalia-Arteaga-recibe-la-Rosa-de-Plata-2.jpg\",\"articleSection\":[\"Noticias\"],\"inLanguage\":\"es\"},{\"@type\":\"WebPage\",\"@id\":\"https:\\\/\\\/www.quebakan.com\\\/v15\\\/rosalia-arteaga-recibe-la-rosa-de-plata-en-reconocimiento-a-su-trayectoria-y-liderazgo\\\/\",\"url\":\"https:\\\/\\\/www.quebakan.com\\\/v15\\\/rosalia-arteaga-recibe-la-rosa-de-plata-en-reconocimiento-a-su-trayectoria-y-liderazgo\\\/\",\"name\":\"Rosal\u00eda Arteaga recibe la Rosa de Plata en reconocimiento a su trayectoria y liderazgo &#8211; QUEBAKAN.COM 2026: Noticias, Eventos, Conciertos y mucho m\u00e1s....\",\"isPartOf\":{\"@id\":\"https:\\\/\\\/www.quebakan.com\\\/v15\\\/#website\"},\"primaryImageOfPage\":{\"@id\":\"https:\\\/\\\/www.quebakan.com\\\/v15\\\/rosalia-arteaga-recibe-la-rosa-de-plata-en-reconocimiento-a-su-trayectoria-y-liderazgo\\\/#primaryimage\"},\"image\":{\"@id\":\"https:\\\/\\\/www.quebakan.com\\\/v15\\\/rosalia-arteaga-recibe-la-rosa-de-plata-en-reconocimiento-a-su-trayectoria-y-liderazgo\\\/#primaryimage\"},\"thumbnailUrl\":\"https:\\\/\\\/www.quebakan.com\\\/v15\\\/wp-content\\\/uploads\\\/2026\\\/03\\\/Rosalia-Arteaga-recibe-la-Rosa-de-Plata-2.jpg\",\"datePublished\":\"2026-03-13T01:39:44+00:00\",\"breadcrumb\":{\"@id\":\"https:\\\/\\\/www.quebakan.com\\\/v15\\\/rosalia-arteaga-recibe-la-rosa-de-plata-en-reconocimiento-a-su-trayectoria-y-liderazgo\\\/#breadcrumb\"},\"inLanguage\":\"es\",\"potentialAction\":[{\"@type\":\"ReadAction\",\"target\":[\"https:\\\/\\\/www.quebakan.com\\\/v15\\\/rosalia-arteaga-recibe-la-rosa-de-plata-en-reconocimiento-a-su-trayectoria-y-liderazgo\\\/\"]}]},{\"@type\":\"ImageObject\",\"inLanguage\":\"es\",\"@id\":\"https:\\\/\\\/www.quebakan.com\\\/v15\\\/rosalia-arteaga-recibe-la-rosa-de-plata-en-reconocimiento-a-su-trayectoria-y-liderazgo\\\/#primaryimage\",\"url\":\"https:\\\/\\\/www.quebakan.com\\\/v15\\\/wp-content\\\/uploads\\\/2026\\\/03\\\/Rosalia-Arteaga-recibe-la-Rosa-de-Plata-2.jpg\",\"contentUrl\":\"https:\\\/\\\/www.quebakan.com\\\/v15\\\/wp-content\\\/uploads\\\/2026\\\/03\\\/Rosalia-Arteaga-recibe-la-Rosa-de-Plata-2.jpg\",\"width\":501,\"height\":700},{\"@type\":\"BreadcrumbList\",\"@id\":\"https:\\\/\\\/www.quebakan.com\\\/v15\\\/rosalia-arteaga-recibe-la-rosa-de-plata-en-reconocimiento-a-su-trayectoria-y-liderazgo\\\/#breadcrumb\",\"itemListElement\":[{\"@type\":\"ListItem\",\"position\":1,\"name\":\"Portada\",\"item\":\"https:\\\/\\\/www.quebakan.com\\\/v15\\\/\"},{\"@type\":\"ListItem\",\"position\":2,\"name\":\"Rosal\u00eda Arteaga recibe la Rosa de Plata en reconocimiento a su trayectoria y liderazgo\"}]},{\"@type\":\"WebSite\",\"@id\":\"https:\\\/\\\/www.quebakan.com\\\/v15\\\/#website\",\"url\":\"https:\\\/\\\/www.quebakan.com\\\/v15\\\/\",\"name\":\"QUEBAKAN\",\"description\":\"..\",\"publisher\":{\"@id\":\"https:\\\/\\\/www.quebakan.com\\\/v15\\\/#organization\"},\"potentialAction\":[{\"@type\":\"SearchAction\",\"target\":{\"@type\":\"EntryPoint\",\"urlTemplate\":\"https:\\\/\\\/www.quebakan.com\\\/v15\\\/?s={search_term_string}\"},\"query-input\":{\"@type\":\"PropertyValueSpecification\",\"valueRequired\":true,\"valueName\":\"search_term_string\"}}],\"inLanguage\":\"es\"},{\"@type\":\"Organization\",\"@id\":\"https:\\\/\\\/www.quebakan.com\\\/v15\\\/#organization\",\"name\":\"Quebakan.com\",\"url\":\"https:\\\/\\\/www.quebakan.com\\\/v15\\\/\",\"logo\":{\"@type\":\"ImageObject\",\"inLanguage\":\"es\",\"@id\":\"https:\\\/\\\/www.quebakan.com\\\/v15\\\/#\\\/schema\\\/logo\\\/image\\\/\",\"url\":\"https:\\\/\\\/www.quebakan.com\\\/v15\\\/wp-content\\\/uploads\\\/2023\\\/07\\\/logoquebakanenero2021.jpg\",\"contentUrl\":\"https:\\\/\\\/www.quebakan.com\\\/v15\\\/wp-content\\\/uploads\\\/2023\\\/07\\\/logoquebakanenero2021.jpg\",\"width\":1920,\"height\":1080,\"caption\":\"Quebakan.com\"},\"image\":{\"@id\":\"https:\\\/\\\/www.quebakan.com\\\/v15\\\/#\\\/schema\\\/logo\\\/image\\\/\"},\"sameAs\":[\"http:\\\/\\\/www.facebook.com\\\/quebakan\",\"https:\\\/\\\/x.com\\\/quebakanec\",\"http:\\\/\\\/www.instagram.com\\\/quebakan\",\"http:\\\/\\\/www.youtube.com\\\/quebakan1\"]},{\"@type\":\"Person\",\"@id\":\"https:\\\/\\\/www.quebakan.com\\\/v15\\\/#\\\/schema\\\/person\\\/d90fa9f9cfa81eb8ace9811e5b7b9118\",\"name\":\"Erick Villafuerte\",\"image\":{\"@type\":\"ImageObject\",\"inLanguage\":\"es\",\"@id\":\"https:\\\/\\\/www.quebakan.com\\\/v15\\\/wp-content\\\/uploads\\\/avatars\\\/4\\\/1731297654-bpfull.png\",\"url\":\"https:\\\/\\\/www.quebakan.com\\\/v15\\\/wp-content\\\/uploads\\\/avatars\\\/4\\\/1731297654-bpfull.png\",\"contentUrl\":\"https:\\\/\\\/www.quebakan.com\\\/v15\\\/wp-content\\\/uploads\\\/avatars\\\/4\\\/1731297654-bpfull.png\",\"caption\":\"Erick Villafuerte\"}}]}<\/script>\n<!-- \/ Yoast SEO plugin. -->","yoast_head_json":{"title":"Rosal\u00eda Arteaga recibe la Rosa de Plata en reconocimiento a su trayectoria y liderazgo &#8211; QUEBAKAN.COM 2026: Noticias, Eventos, Conciertos y mucho m\u00e1s....","robots":{"index":"index","follow":"follow","max-snippet":"max-snippet:-1","max-image-preview":"max-image-preview:large","max-video-preview":"max-video-preview:-1"},"canonical":"https:\/\/www.quebakan.com\/v15\/rosalia-arteaga-recibe-la-rosa-de-plata-en-reconocimiento-a-su-trayectoria-y-liderazgo\/","og_locale":"es_ES","og_type":"article","og_title":"Rosal\u00eda Arteaga recibe la Rosa de Plata en reconocimiento a su trayectoria y liderazgo &#8211; QUEBAKAN.COM 2026: Noticias, Eventos, Conciertos y mucho m\u00e1s....","og_description":"Guayaquil, Ecuador.\u2013 La expresidenta de la Rep\u00fablica y destacada l\u00edder educativa Rosal\u00eda Arteaga fue distinguida con el m\u00e1ximo reconocimiento Rosa de Plata durante la vig\u00e9sima quinta edici\u00f3n del evento Mujeres del A\u00f1o, organizado por la Revista Hogar. Este galard\u00f3n reconoce su trayectoria y su aporte sostenido a la educaci\u00f3n, la cultura y el liderazgo en [&hellip;]","og_url":"https:\/\/www.quebakan.com\/v15\/rosalia-arteaga-recibe-la-rosa-de-plata-en-reconocimiento-a-su-trayectoria-y-liderazgo\/","og_site_name":"QUEBAKAN.COM 2026: Noticias, Eventos, Conciertos y mucho m\u00e1s....","article_publisher":"http:\/\/www.facebook.com\/quebakan","article_published_time":"2026-03-13T01:39:44+00:00","og_image":[{"width":501,"height":700,"url":"https:\/\/www.quebakan.com\/v15\/wp-content\/uploads\/2026\/03\/Rosalia-Arteaga-recibe-la-Rosa-de-Plata-2.jpg","type":"image\/jpeg"}],"author":"Erick Villafuerte","twitter_card":"summary_large_image","twitter_creator":"@quebakanec","twitter_site":"@quebakanec","twitter_misc":{"Escrito por":"Erick Villafuerte","Tiempo de lectura":"3 minutos"},"schema":{"@context":"https:\/\/schema.org","@graph":[{"@type":"Article","@id":"https:\/\/www.quebakan.com\/v15\/rosalia-arteaga-recibe-la-rosa-de-plata-en-reconocimiento-a-su-trayectoria-y-liderazgo\/#article","isPartOf":{"@id":"https:\/\/www.quebakan.com\/v15\/rosalia-arteaga-recibe-la-rosa-de-plata-en-reconocimiento-a-su-trayectoria-y-liderazgo\/"},"author":{"name":"Erick Villafuerte","@id":"https:\/\/www.quebakan.com\/v15\/#\/schema\/person\/d90fa9f9cfa81eb8ace9811e5b7b9118"},"headline":"Rosal\u00eda Arteaga recibe la Rosa de Plata en reconocimiento a su trayectoria y liderazgo","datePublished":"2026-03-13T01:39:44+00:00","mainEntityOfPage":{"@id":"https:\/\/www.quebakan.com\/v15\/rosalia-arteaga-recibe-la-rosa-de-plata-en-reconocimiento-a-su-trayectoria-y-liderazgo\/"},"wordCount":477,"publisher":{"@id":"https:\/\/www.quebakan.com\/v15\/#organization"},"image":{"@id":"https:\/\/www.quebakan.com\/v15\/rosalia-arteaga-recibe-la-rosa-de-plata-en-reconocimiento-a-su-trayectoria-y-liderazgo\/#primaryimage"},"thumbnailUrl":"https:\/\/www.quebakan.com\/v15\/wp-content\/uploads\/2026\/03\/Rosalia-Arteaga-recibe-la-Rosa-de-Plata-2.jpg","articleSection":["Noticias"],"inLanguage":"es"},{"@type":"WebPage","@id":"https:\/\/www.quebakan.com\/v15\/rosalia-arteaga-recibe-la-rosa-de-plata-en-reconocimiento-a-su-trayectoria-y-liderazgo\/","url":"https:\/\/www.quebakan.com\/v15\/rosalia-arteaga-recibe-la-rosa-de-plata-en-reconocimiento-a-su-trayectoria-y-liderazgo\/","name":"Rosal\u00eda Arteaga recibe la Rosa de Plata en reconocimiento a su trayectoria y liderazgo &#8211; QUEBAKAN.COM 2026: Noticias, Eventos, Conciertos y mucho m\u00e1s....","isPartOf":{"@id":"https:\/\/www.quebakan.com\/v15\/#website"},"primaryImageOfPage":{"@id":"https:\/\/www.quebakan.com\/v15\/rosalia-arteaga-recibe-la-rosa-de-plata-en-reconocimiento-a-su-trayectoria-y-liderazgo\/#primaryimage"},"image":{"@id":"https:\/\/www.quebakan.com\/v15\/rosalia-arteaga-recibe-la-rosa-de-plata-en-reconocimiento-a-su-trayectoria-y-liderazgo\/#primaryimage"},"thumbnailUrl":"https:\/\/www.quebakan.com\/v15\/wp-content\/uploads\/2026\/03\/Rosalia-Arteaga-recibe-la-Rosa-de-Plata-2.jpg","datePublished":"2026-03-13T01:39:44+00:00","breadcrumb":{"@id":"https:\/\/www.quebakan.com\/v15\/rosalia-arteaga-recibe-la-rosa-de-plata-en-reconocimiento-a-su-trayectoria-y-liderazgo\/#breadcrumb"},"inLanguage":"es","potentialAction":[{"@type":"ReadAction","target":["https:\/\/www.quebakan.com\/v15\/rosalia-arteaga-recibe-la-rosa-de-plata-en-reconocimiento-a-su-trayectoria-y-liderazgo\/"]}]},{"@type":"ImageObject","inLanguage":"es","@id":"https:\/\/www.quebakan.com\/v15\/rosalia-arteaga-recibe-la-rosa-de-plata-en-reconocimiento-a-su-trayectoria-y-liderazgo\/#primaryimage","url":"https:\/\/www.quebakan.com\/v15\/wp-content\/uploads\/2026\/03\/Rosalia-Arteaga-recibe-la-Rosa-de-Plata-2.jpg","contentUrl":"https:\/\/www.quebakan.com\/v15\/wp-content\/uploads\/2026\/03\/Rosalia-Arteaga-recibe-la-Rosa-de-Plata-2.jpg","width":501,"height":700},{"@type":"BreadcrumbList","@id":"https:\/\/www.quebakan.com\/v15\/rosalia-arteaga-recibe-la-rosa-de-plata-en-reconocimiento-a-su-trayectoria-y-liderazgo\/#breadcrumb","itemListElement":[{"@type":"ListItem","position":1,"name":"Portada","item":"https:\/\/www.quebakan.com\/v15\/"},{"@type":"ListItem","position":2,"name":"Rosal\u00eda Arteaga recibe la Rosa de Plata en reconocimiento a su trayectoria y liderazgo"}]},{"@type":"WebSite","@id":"https:\/\/www.quebakan.com\/v15\/#website","url":"https:\/\/www.quebakan.com\/v15\/","name":"QUEBAKAN","description":"..","publisher":{"@id":"https:\/\/www.quebakan.com\/v15\/#organization"},"potentialAction":[{"@type":"SearchAction","target":{"@type":"EntryPoint","urlTemplate":"https:\/\/www.quebakan.com\/v15\/?s={search_term_string}"},"query-input":{"@type":"PropertyValueSpecification","valueRequired":true,"valueName":"search_term_string"}}],"inLanguage":"es"},{"@type":"Organization","@id":"https:\/\/www.quebakan.com\/v15\/#organization","name":"Quebakan.com","url":"https:\/\/www.quebakan.com\/v15\/","logo":{"@type":"ImageObject","inLanguage":"es","@id":"https:\/\/www.quebakan.com\/v15\/#\/schema\/logo\/image\/","url":"https:\/\/www.quebakan.com\/v15\/wp-content\/uploads\/2023\/07\/logoquebakanenero2021.jpg","contentUrl":"https:\/\/www.quebakan.com\/v15\/wp-content\/uploads\/2023\/07\/logoquebakanenero2021.jpg","width":1920,"height":1080,"caption":"Quebakan.com"},"image":{"@id":"https:\/\/www.quebakan.com\/v15\/#\/schema\/logo\/image\/"},"sameAs":["http:\/\/www.facebook.com\/quebakan","https:\/\/x.com\/quebakanec","http:\/\/www.instagram.com\/quebakan","http:\/\/www.youtube.com\/quebakan1"]},{"@type":"Person","@id":"https:\/\/www.quebakan.com\/v15\/#\/schema\/person\/d90fa9f9cfa81eb8ace9811e5b7b9118","name":"Erick Villafuerte","image":{"@type":"ImageObject","inLanguage":"es","@id":"https:\/\/www.quebakan.com\/v15\/wp-content\/uploads\/avatars\/4\/1731297654-bpfull.png","url":"https:\/\/www.quebakan.com\/v15\/wp-content\/uploads\/avatars\/4\/1731297654-bpfull.png","contentUrl":"https:\/\/www.quebakan.com\/v15\/wp-content\/uploads\/avatars\/4\/1731297654-bpfull.png","caption":"Erick Villafuerte"}}]}},"_links":{"self":[{"href":"https:\/\/www.quebakan.com\/v15\/wp-json\/wp\/v2\/posts\/140708","targetHints":{"allow":["GET"]}}],"collection":[{"href":"https:\/\/www.quebakan.com\/v15\/wp-json\/wp\/v2\/posts"}],"about":[{"href":"https:\/\/www.quebakan.com\/v15\/wp-json\/wp\/v2\/types\/post"}],"author":[{"embeddable":true,"href":"https:\/\/www.quebakan.com\/v15\/wp-json\/wp\/v2\/users\/4"}],"replies":[{"embeddable":true,"href":"https:\/\/www.quebakan.com\/v15\/wp-json\/wp\/v2\/comments?post=140708"}],"version-history":[{"count":1,"href":"https:\/\/www.quebakan.com\/v15\/wp-json\/wp\/v2\/posts\/140708\/revisions"}],"predecessor-version":[{"id":140711,"href":"https:\/\/www.quebakan.com\/v15\/wp-json\/wp\/v2\/posts\/140708\/revisions\/140711"}],"wp:featuredmedia":[{"embeddable":true,"href":"https:\/\/www.quebakan.com\/v15\/wp-json\/wp\/v2\/media\/140709"}],"wp:attachment":[{"href":"https:\/\/www.quebakan.com\/v15\/wp-json\/wp\/v2\/media?parent=140708"}],"wp:term":[{"taxonomy":"category","embeddable":true,"href":"https:\/\/www.quebakan.com\/v15\/wp-json\/wp\/v2\/categories?post=140708"},{"taxonomy":"post_tag","embeddable":true,"href":"https:\/\/www.quebakan.com\/v15\/wp-json\/wp\/v2\/tags?post=140708"}],"curies":[{"name":"wp","href":"https:\/\/api.w.org\/{rel}","templated":true}]}}