{"id":140716,"date":"2026-03-13T10:32:03","date_gmt":"2026-03-13T15:32:03","guid":{"rendered":"https:\/\/www.quebakan.com\/v15\/?p=140716"},"modified":"2026-03-13T10:32:03","modified_gmt":"2026-03-13T15:32:03","slug":"kiruba-y-kudai-encendieron-el-coliseo-ruminahui-en-una-noche-cargada-de-nostalgia-y-emocion","status":"publish","type":"post","link":"https:\/\/www.quebakan.com\/v15\/kiruba-y-kudai-encendieron-el-coliseo-ruminahui-en-una-noche-cargada-de-nostalgia-y-emocion\/","title":{"rendered":"KIRUBA Y KUDAI ENCENDIERON EL COLISEO RUMI\u00d1AHUI EN UNA NOCHE CARGADA DE NOSTALGIA Y EMOCI\u00d3N"},"content":{"rendered":"<p><img fetchpriority=\"high\" decoding=\"async\" class=\"aligncenter size-full wp-image-140717\" src=\"https:\/\/www.quebakan.com\/v15\/wp-content\/uploads\/2026\/03\/kirubaykudai.jpg\" alt=\"\" width=\"747\" height=\"921\" \/><\/p>\n<p style=\"text-align: justify;\"><span style=\"color: #000000;\">La noche de ayer, el p\u00fablico del Coliseo General Rumi\u00f1ahui vivi\u00f3 un momento inolvidable con el esperado encuentro musical entre Kiruba y Kudai, dos agrupaciones que marcaron a toda una generaci\u00f3n.<\/span><\/p>\n<p style=\"text-align: justify;\"><span style=\"color: #000000;\">En un ambiente cargado de emoci\u00f3n y nostalgia, Kiruba regres\u00f3 al mismo escenario donde, hace 23 a\u00f1os, se present\u00f3 por primera vez tras su nacimiento en el recordado reality Popstars. Esta vez, Gaby, Mariela, Mar\u00eda Jos\u00e9, Cecilia y Diana volvieron a reunirse para despedirse de su p\u00fablico con un espect\u00e1culo que recorri\u00f3 los grandes \u00e9xitos que marcaron su historia musical.<\/span><\/p>\n<p style=\"text-align: justify;\"><span style=\"color: #000000;\">Durante el show, el p\u00fablico core\u00f3 cada canci\u00f3n en un repertorio que incluy\u00f3 todos los temas emblem\u00e1ticos de la agrupaci\u00f3n, convirtiendo la velada en un verdadero viaje en el tiempo para los miles de asistentes que crecieron con su m\u00fasica.<\/span><\/p>\n<p style=\"text-align: justify;\"><span style=\"color: #000000;\">Uno de los momentos m\u00e1s especiales de la noche fue la aparici\u00f3n de Machaka, quien se uni\u00f3 a Kiruba para interpretar La Cumbia del Olvido, desatando la euforia del p\u00fablico. El emotivo cierre lleg\u00f3 con Mirando Como un Bobo, tema con el que las artistas sellaron esta despedida llena de recuerdos y gratitud hacia sus fans.<\/span><\/p>\n<p style=\"text-align: justify;\"><span style=\"color: #000000;\">Por su parte, Kudai, B\u00e1rbara, Pablo, Tom\u00e1s, Nicole y Gaby que nuevamente se subi\u00f3 al escenario con una trasformaci\u00f3n total su imagen. Puso a vibrar al p\u00fablico con su energ\u00eda y con los \u00e9xitos que marcaron la adolescencia de miles de seguidores en Latinoam\u00e9rica. La agrupaci\u00f3n chilena logr\u00f3 que el Coliseo se convirtiera en un gran coro, reafirmando el cari\u00f1o intacto que el p\u00fablico mantiene por su m\u00fasica.<\/span><\/p>\n<p style=\"text-align: justify;\"><span style=\"color: #000000;\">La velada se convirti\u00f3 en una celebraci\u00f3n del pop latino y en un emotivo reencuentro entre artistas y fans, demostrando que las canciones que marcaron una \u00e9poca siguen m\u00e1s vivas que nunca. <\/span><span style=\"color: #000000;\">El turno es para ma\u00f1ana en Guayaquil:<\/span><\/p>\n<p style=\"text-align: justify;\"><span style=\"color: #000000;\">KUDAI &amp; KIRUBA GUAYAQUIL \u2013 CENTRO DE CONVENCIONES<\/span><br \/>\n<span style=\"color: #000000;\">S\u00c1BADO 14 DE MARZO 20H00<\/span><br \/>\n<span style=\"color: #000000;\">LOCALIDADES Y COSTO:<\/span><br \/>\n<span style=\"color: #000000;\">Preferencia S\/N $ 50<\/span><br \/>\n<span style=\"color: #000000;\">Sillas Kiruba Box $ 90<\/span><br \/>\n<span style=\"color: #000000;\">Sillas Kudai Box $ 120<\/span><br \/>\n<span style=\"color: #000000;\">Precios no incluyen servicio, ni IVA<\/span><br \/>\n<span style=\"color: #000000;\">Localidades numeradas<\/span><br \/>\n<span style=\"color: #000000;\">Puntos de venta Guayaquil:<\/span><br \/>\n<span style=\"color: #000000;\">Mall del Sol, Riocentro entre R\u00edos y Ceibos<\/span><br \/>\n<span style=\"color: #000000;\">V\u00eda online todas las localidades a trav\u00e9s de: https:\/\/www.ticketshow.com.ec<\/span><br \/>\n<span style=\"color: #000000;\">www.topshows.ec<\/span><br \/>\n<span style=\"color: #000000;\">www.ticketshow.com.ec<\/span><br \/>\n<span style=\"color: #000000;\">@kudaiofficial<\/span><br \/>\n<span style=\"color: #000000;\">@kirubaoficial<\/span><\/p>\n","protected":false},"excerpt":{"rendered":"<p>La noche de ayer, el p\u00fablico del Coliseo General Rumi\u00f1ahui vivi\u00f3 un momento inolvidable con el esperado encuentro musical entre Kiruba y Kudai, dos agrupaciones que marcaron a toda una generaci\u00f3n. En un ambiente cargado de emoci\u00f3n y nostalgia, Kiruba regres\u00f3 al mismo escenario donde, hace 23 a\u00f1os, se present\u00f3 por primera vez tras su [&hellip;]<\/p>\n","protected":false},"author":4,"featured_media":140717,"comment_status":"closed","ping_status":"closed","sticky":false,"template":"","format":"standard","meta":{"_bbp_topic_count":0,"_bbp_reply_count":0,"_bbp_total_topic_count":0,"_bbp_total_reply_count":0,"_bbp_voice_count":0,"_bbp_anonymous_reply_count":0,"_bbp_topic_count_hidden":0,"_bbp_reply_count_hidden":0,"_bbp_forum_subforum_count":0,"buzzeditor_post_format":"","footnotes":""},"categories":[2],"tags":[],"class_list":["post-140716","post","type-post","status-publish","format-standard","has-post-thumbnail","hentry","category-noticias"],"yoast_head":"<!-- This site is optimized with the Yoast SEO plugin v27.5 - https:\/\/yoast.com\/product\/yoast-seo-wordpress\/ -->\n<title>KIRUBA Y KUDAI ENCENDIERON EL COLISEO RUMI\u00d1AHUI EN UNA NOCHE CARGADA DE NOSTALGIA Y EMOCI\u00d3N &#8211; QUEBAKAN.COM 2026: Noticias, Eventos, Conciertos y mucho m\u00e1s....<\/title>\n<meta name=\"robots\" content=\"index, follow, max-snippet:-1, max-image-preview:large, max-video-preview:-1\" \/>\n<link rel=\"canonical\" href=\"https:\/\/www.quebakan.com\/v15\/kiruba-y-kudai-encendieron-el-coliseo-ruminahui-en-una-noche-cargada-de-nostalgia-y-emocion\/\" \/>\n<meta property=\"og:locale\" content=\"es_ES\" \/>\n<meta property=\"og:type\" content=\"article\" \/>\n<meta property=\"og:title\" content=\"KIRUBA Y KUDAI ENCENDIERON EL COLISEO RUMI\u00d1AHUI EN UNA NOCHE CARGADA DE NOSTALGIA Y EMOCI\u00d3N &#8211; QUEBAKAN.COM 2026: Noticias, Eventos, Conciertos y mucho m\u00e1s....\" \/>\n<meta property=\"og:description\" content=\"La noche de ayer, el p\u00fablico del Coliseo General Rumi\u00f1ahui vivi\u00f3 un momento inolvidable con el esperado encuentro musical entre Kiruba y Kudai, dos agrupaciones que marcaron a toda una generaci\u00f3n. En un ambiente cargado de emoci\u00f3n y nostalgia, Kiruba regres\u00f3 al mismo escenario donde, hace 23 a\u00f1os, se present\u00f3 por primera vez tras su [&hellip;]\" \/>\n<meta property=\"og:url\" content=\"https:\/\/www.quebakan.com\/v15\/kiruba-y-kudai-encendieron-el-coliseo-ruminahui-en-una-noche-cargada-de-nostalgia-y-emocion\/\" \/>\n<meta property=\"og:site_name\" content=\"QUEBAKAN.COM 2026: Noticias, Eventos, Conciertos y mucho m\u00e1s....\" \/>\n<meta property=\"article:publisher\" content=\"http:\/\/www.facebook.com\/quebakan\" \/>\n<meta property=\"article:published_time\" content=\"2026-03-13T15:32:03+00:00\" \/>\n<meta property=\"og:image\" content=\"https:\/\/www.quebakan.com\/v15\/wp-content\/uploads\/2026\/03\/kirubaykudai.jpg\" \/>\n\t<meta property=\"og:image:width\" content=\"747\" \/>\n\t<meta property=\"og:image:height\" content=\"921\" \/>\n\t<meta property=\"og:image:type\" content=\"image\/jpeg\" \/>\n<meta name=\"author\" content=\"Erick Villafuerte\" \/>\n<meta name=\"twitter:card\" content=\"summary_large_image\" \/>\n<meta name=\"twitter:creator\" content=\"@quebakanec\" \/>\n<meta name=\"twitter:site\" content=\"@quebakanec\" \/>\n<meta name=\"twitter:label1\" content=\"Escrito por\" \/>\n\t<meta name=\"twitter:data1\" content=\"Erick Villafuerte\" \/>\n\t<meta name=\"twitter:label2\" content=\"Tiempo de lectura\" \/>\n\t<meta name=\"twitter:data2\" content=\"3 minutos\" \/>\n<script type=\"application\/ld+json\" class=\"yoast-schema-graph\">{\"@context\":\"https:\\\/\\\/schema.org\",\"@graph\":[{\"@type\":\"Article\",\"@id\":\"https:\\\/\\\/www.quebakan.com\\\/v15\\\/kiruba-y-kudai-encendieron-el-coliseo-ruminahui-en-una-noche-cargada-de-nostalgia-y-emocion\\\/#article\",\"isPartOf\":{\"@id\":\"https:\\\/\\\/www.quebakan.com\\\/v15\\\/kiruba-y-kudai-encendieron-el-coliseo-ruminahui-en-una-noche-cargada-de-nostalgia-y-emocion\\\/\"},\"author\":{\"name\":\"Erick Villafuerte\",\"@id\":\"https:\\\/\\\/www.quebakan.com\\\/v15\\\/#\\\/schema\\\/person\\\/d90fa9f9cfa81eb8ace9811e5b7b9118\"},\"headline\":\"KIRUBA Y KUDAI ENCENDIERON EL COLISEO RUMI\u00d1AHUI EN UNA NOCHE CARGADA DE NOSTALGIA Y EMOCI\u00d3N\",\"datePublished\":\"2026-03-13T15:32:03+00:00\",\"mainEntityOfPage\":{\"@id\":\"https:\\\/\\\/www.quebakan.com\\\/v15\\\/kiruba-y-kudai-encendieron-el-coliseo-ruminahui-en-una-noche-cargada-de-nostalgia-y-emocion\\\/\"},\"wordCount\":408,\"publisher\":{\"@id\":\"https:\\\/\\\/www.quebakan.com\\\/v15\\\/#organization\"},\"image\":{\"@id\":\"https:\\\/\\\/www.quebakan.com\\\/v15\\\/kiruba-y-kudai-encendieron-el-coliseo-ruminahui-en-una-noche-cargada-de-nostalgia-y-emocion\\\/#primaryimage\"},\"thumbnailUrl\":\"https:\\\/\\\/www.quebakan.com\\\/v15\\\/wp-content\\\/uploads\\\/2026\\\/03\\\/kirubaykudai.jpg\",\"articleSection\":[\"Noticias\"],\"inLanguage\":\"es\"},{\"@type\":\"WebPage\",\"@id\":\"https:\\\/\\\/www.quebakan.com\\\/v15\\\/kiruba-y-kudai-encendieron-el-coliseo-ruminahui-en-una-noche-cargada-de-nostalgia-y-emocion\\\/\",\"url\":\"https:\\\/\\\/www.quebakan.com\\\/v15\\\/kiruba-y-kudai-encendieron-el-coliseo-ruminahui-en-una-noche-cargada-de-nostalgia-y-emocion\\\/\",\"name\":\"KIRUBA Y KUDAI ENCENDIERON EL COLISEO RUMI\u00d1AHUI EN UNA NOCHE CARGADA DE NOSTALGIA Y EMOCI\u00d3N &#8211; QUEBAKAN.COM 2026: Noticias, Eventos, Conciertos y mucho m\u00e1s....\",\"isPartOf\":{\"@id\":\"https:\\\/\\\/www.quebakan.com\\\/v15\\\/#website\"},\"primaryImageOfPage\":{\"@id\":\"https:\\\/\\\/www.quebakan.com\\\/v15\\\/kiruba-y-kudai-encendieron-el-coliseo-ruminahui-en-una-noche-cargada-de-nostalgia-y-emocion\\\/#primaryimage\"},\"image\":{\"@id\":\"https:\\\/\\\/www.quebakan.com\\\/v15\\\/kiruba-y-kudai-encendieron-el-coliseo-ruminahui-en-una-noche-cargada-de-nostalgia-y-emocion\\\/#primaryimage\"},\"thumbnailUrl\":\"https:\\\/\\\/www.quebakan.com\\\/v15\\\/wp-content\\\/uploads\\\/2026\\\/03\\\/kirubaykudai.jpg\",\"datePublished\":\"2026-03-13T15:32:03+00:00\",\"breadcrumb\":{\"@id\":\"https:\\\/\\\/www.quebakan.com\\\/v15\\\/kiruba-y-kudai-encendieron-el-coliseo-ruminahui-en-una-noche-cargada-de-nostalgia-y-emocion\\\/#breadcrumb\"},\"inLanguage\":\"es\",\"potentialAction\":[{\"@type\":\"ReadAction\",\"target\":[\"https:\\\/\\\/www.quebakan.com\\\/v15\\\/kiruba-y-kudai-encendieron-el-coliseo-ruminahui-en-una-noche-cargada-de-nostalgia-y-emocion\\\/\"]}]},{\"@type\":\"ImageObject\",\"inLanguage\":\"es\",\"@id\":\"https:\\\/\\\/www.quebakan.com\\\/v15\\\/kiruba-y-kudai-encendieron-el-coliseo-ruminahui-en-una-noche-cargada-de-nostalgia-y-emocion\\\/#primaryimage\",\"url\":\"https:\\\/\\\/www.quebakan.com\\\/v15\\\/wp-content\\\/uploads\\\/2026\\\/03\\\/kirubaykudai.jpg\",\"contentUrl\":\"https:\\\/\\\/www.quebakan.com\\\/v15\\\/wp-content\\\/uploads\\\/2026\\\/03\\\/kirubaykudai.jpg\",\"width\":747,\"height\":921},{\"@type\":\"BreadcrumbList\",\"@id\":\"https:\\\/\\\/www.quebakan.com\\\/v15\\\/kiruba-y-kudai-encendieron-el-coliseo-ruminahui-en-una-noche-cargada-de-nostalgia-y-emocion\\\/#breadcrumb\",\"itemListElement\":[{\"@type\":\"ListItem\",\"position\":1,\"name\":\"Portada\",\"item\":\"https:\\\/\\\/www.quebakan.com\\\/v15\\\/\"},{\"@type\":\"ListItem\",\"position\":2,\"name\":\"KIRUBA Y KUDAI ENCENDIERON EL COLISEO RUMI\u00d1AHUI EN UNA NOCHE CARGADA DE NOSTALGIA Y EMOCI\u00d3N\"}]},{\"@type\":\"WebSite\",\"@id\":\"https:\\\/\\\/www.quebakan.com\\\/v15\\\/#website\",\"url\":\"https:\\\/\\\/www.quebakan.com\\\/v15\\\/\",\"name\":\"QUEBAKAN\",\"description\":\"..\",\"publisher\":{\"@id\":\"https:\\\/\\\/www.quebakan.com\\\/v15\\\/#organization\"},\"potentialAction\":[{\"@type\":\"SearchAction\",\"target\":{\"@type\":\"EntryPoint\",\"urlTemplate\":\"https:\\\/\\\/www.quebakan.com\\\/v15\\\/?s={search_term_string}\"},\"query-input\":{\"@type\":\"PropertyValueSpecification\",\"valueRequired\":true,\"valueName\":\"search_term_string\"}}],\"inLanguage\":\"es\"},{\"@type\":\"Organization\",\"@id\":\"https:\\\/\\\/www.quebakan.com\\\/v15\\\/#organization\",\"name\":\"Quebakan.com\",\"url\":\"https:\\\/\\\/www.quebakan.com\\\/v15\\\/\",\"logo\":{\"@type\":\"ImageObject\",\"inLanguage\":\"es\",\"@id\":\"https:\\\/\\\/www.quebakan.com\\\/v15\\\/#\\\/schema\\\/logo\\\/image\\\/\",\"url\":\"https:\\\/\\\/www.quebakan.com\\\/v15\\\/wp-content\\\/uploads\\\/2023\\\/07\\\/logoquebakanenero2021.jpg\",\"contentUrl\":\"https:\\\/\\\/www.quebakan.com\\\/v15\\\/wp-content\\\/uploads\\\/2023\\\/07\\\/logoquebakanenero2021.jpg\",\"width\":1920,\"height\":1080,\"caption\":\"Quebakan.com\"},\"image\":{\"@id\":\"https:\\\/\\\/www.quebakan.com\\\/v15\\\/#\\\/schema\\\/logo\\\/image\\\/\"},\"sameAs\":[\"http:\\\/\\\/www.facebook.com\\\/quebakan\",\"https:\\\/\\\/x.com\\\/quebakanec\",\"http:\\\/\\\/www.instagram.com\\\/quebakan\",\"http:\\\/\\\/www.youtube.com\\\/quebakan1\"]},{\"@type\":\"Person\",\"@id\":\"https:\\\/\\\/www.quebakan.com\\\/v15\\\/#\\\/schema\\\/person\\\/d90fa9f9cfa81eb8ace9811e5b7b9118\",\"name\":\"Erick Villafuerte\",\"image\":{\"@type\":\"ImageObject\",\"inLanguage\":\"es\",\"@id\":\"https:\\\/\\\/www.quebakan.com\\\/v15\\\/wp-content\\\/uploads\\\/avatars\\\/4\\\/1731297654-bpfull.png\",\"url\":\"https:\\\/\\\/www.quebakan.com\\\/v15\\\/wp-content\\\/uploads\\\/avatars\\\/4\\\/1731297654-bpfull.png\",\"contentUrl\":\"https:\\\/\\\/www.quebakan.com\\\/v15\\\/wp-content\\\/uploads\\\/avatars\\\/4\\\/1731297654-bpfull.png\",\"caption\":\"Erick Villafuerte\"}}]}<\/script>\n<!-- \/ Yoast SEO plugin. -->","yoast_head_json":{"title":"KIRUBA Y KUDAI ENCENDIERON EL COLISEO RUMI\u00d1AHUI EN UNA NOCHE CARGADA DE NOSTALGIA Y EMOCI\u00d3N &#8211; QUEBAKAN.COM 2026: Noticias, Eventos, Conciertos y mucho m\u00e1s....","robots":{"index":"index","follow":"follow","max-snippet":"max-snippet:-1","max-image-preview":"max-image-preview:large","max-video-preview":"max-video-preview:-1"},"canonical":"https:\/\/www.quebakan.com\/v15\/kiruba-y-kudai-encendieron-el-coliseo-ruminahui-en-una-noche-cargada-de-nostalgia-y-emocion\/","og_locale":"es_ES","og_type":"article","og_title":"KIRUBA Y KUDAI ENCENDIERON EL COLISEO RUMI\u00d1AHUI EN UNA NOCHE CARGADA DE NOSTALGIA Y EMOCI\u00d3N &#8211; QUEBAKAN.COM 2026: Noticias, Eventos, Conciertos y mucho m\u00e1s....","og_description":"La noche de ayer, el p\u00fablico del Coliseo General Rumi\u00f1ahui vivi\u00f3 un momento inolvidable con el esperado encuentro musical entre Kiruba y Kudai, dos agrupaciones que marcaron a toda una generaci\u00f3n. En un ambiente cargado de emoci\u00f3n y nostalgia, Kiruba regres\u00f3 al mismo escenario donde, hace 23 a\u00f1os, se present\u00f3 por primera vez tras su [&hellip;]","og_url":"https:\/\/www.quebakan.com\/v15\/kiruba-y-kudai-encendieron-el-coliseo-ruminahui-en-una-noche-cargada-de-nostalgia-y-emocion\/","og_site_name":"QUEBAKAN.COM 2026: Noticias, Eventos, Conciertos y mucho m\u00e1s....","article_publisher":"http:\/\/www.facebook.com\/quebakan","article_published_time":"2026-03-13T15:32:03+00:00","og_image":[{"width":747,"height":921,"url":"https:\/\/www.quebakan.com\/v15\/wp-content\/uploads\/2026\/03\/kirubaykudai.jpg","type":"image\/jpeg"}],"author":"Erick Villafuerte","twitter_card":"summary_large_image","twitter_creator":"@quebakanec","twitter_site":"@quebakanec","twitter_misc":{"Escrito por":"Erick Villafuerte","Tiempo de lectura":"3 minutos"},"schema":{"@context":"https:\/\/schema.org","@graph":[{"@type":"Article","@id":"https:\/\/www.quebakan.com\/v15\/kiruba-y-kudai-encendieron-el-coliseo-ruminahui-en-una-noche-cargada-de-nostalgia-y-emocion\/#article","isPartOf":{"@id":"https:\/\/www.quebakan.com\/v15\/kiruba-y-kudai-encendieron-el-coliseo-ruminahui-en-una-noche-cargada-de-nostalgia-y-emocion\/"},"author":{"name":"Erick Villafuerte","@id":"https:\/\/www.quebakan.com\/v15\/#\/schema\/person\/d90fa9f9cfa81eb8ace9811e5b7b9118"},"headline":"KIRUBA Y KUDAI ENCENDIERON EL COLISEO RUMI\u00d1AHUI EN UNA NOCHE CARGADA DE NOSTALGIA Y EMOCI\u00d3N","datePublished":"2026-03-13T15:32:03+00:00","mainEntityOfPage":{"@id":"https:\/\/www.quebakan.com\/v15\/kiruba-y-kudai-encendieron-el-coliseo-ruminahui-en-una-noche-cargada-de-nostalgia-y-emocion\/"},"wordCount":408,"publisher":{"@id":"https:\/\/www.quebakan.com\/v15\/#organization"},"image":{"@id":"https:\/\/www.quebakan.com\/v15\/kiruba-y-kudai-encendieron-el-coliseo-ruminahui-en-una-noche-cargada-de-nostalgia-y-emocion\/#primaryimage"},"thumbnailUrl":"https:\/\/www.quebakan.com\/v15\/wp-content\/uploads\/2026\/03\/kirubaykudai.jpg","articleSection":["Noticias"],"inLanguage":"es"},{"@type":"WebPage","@id":"https:\/\/www.quebakan.com\/v15\/kiruba-y-kudai-encendieron-el-coliseo-ruminahui-en-una-noche-cargada-de-nostalgia-y-emocion\/","url":"https:\/\/www.quebakan.com\/v15\/kiruba-y-kudai-encendieron-el-coliseo-ruminahui-en-una-noche-cargada-de-nostalgia-y-emocion\/","name":"KIRUBA Y KUDAI ENCENDIERON EL COLISEO RUMI\u00d1AHUI EN UNA NOCHE CARGADA DE NOSTALGIA Y EMOCI\u00d3N &#8211; QUEBAKAN.COM 2026: Noticias, Eventos, Conciertos y mucho m\u00e1s....","isPartOf":{"@id":"https:\/\/www.quebakan.com\/v15\/#website"},"primaryImageOfPage":{"@id":"https:\/\/www.quebakan.com\/v15\/kiruba-y-kudai-encendieron-el-coliseo-ruminahui-en-una-noche-cargada-de-nostalgia-y-emocion\/#primaryimage"},"image":{"@id":"https:\/\/www.quebakan.com\/v15\/kiruba-y-kudai-encendieron-el-coliseo-ruminahui-en-una-noche-cargada-de-nostalgia-y-emocion\/#primaryimage"},"thumbnailUrl":"https:\/\/www.quebakan.com\/v15\/wp-content\/uploads\/2026\/03\/kirubaykudai.jpg","datePublished":"2026-03-13T15:32:03+00:00","breadcrumb":{"@id":"https:\/\/www.quebakan.com\/v15\/kiruba-y-kudai-encendieron-el-coliseo-ruminahui-en-una-noche-cargada-de-nostalgia-y-emocion\/#breadcrumb"},"inLanguage":"es","potentialAction":[{"@type":"ReadAction","target":["https:\/\/www.quebakan.com\/v15\/kiruba-y-kudai-encendieron-el-coliseo-ruminahui-en-una-noche-cargada-de-nostalgia-y-emocion\/"]}]},{"@type":"ImageObject","inLanguage":"es","@id":"https:\/\/www.quebakan.com\/v15\/kiruba-y-kudai-encendieron-el-coliseo-ruminahui-en-una-noche-cargada-de-nostalgia-y-emocion\/#primaryimage","url":"https:\/\/www.quebakan.com\/v15\/wp-content\/uploads\/2026\/03\/kirubaykudai.jpg","contentUrl":"https:\/\/www.quebakan.com\/v15\/wp-content\/uploads\/2026\/03\/kirubaykudai.jpg","width":747,"height":921},{"@type":"BreadcrumbList","@id":"https:\/\/www.quebakan.com\/v15\/kiruba-y-kudai-encendieron-el-coliseo-ruminahui-en-una-noche-cargada-de-nostalgia-y-emocion\/#breadcrumb","itemListElement":[{"@type":"ListItem","position":1,"name":"Portada","item":"https:\/\/www.quebakan.com\/v15\/"},{"@type":"ListItem","position":2,"name":"KIRUBA Y KUDAI ENCENDIERON EL COLISEO RUMI\u00d1AHUI EN UNA NOCHE CARGADA DE NOSTALGIA Y EMOCI\u00d3N"}]},{"@type":"WebSite","@id":"https:\/\/www.quebakan.com\/v15\/#website","url":"https:\/\/www.quebakan.com\/v15\/","name":"QUEBAKAN","description":"..","publisher":{"@id":"https:\/\/www.quebakan.com\/v15\/#organization"},"potentialAction":[{"@type":"SearchAction","target":{"@type":"EntryPoint","urlTemplate":"https:\/\/www.quebakan.com\/v15\/?s={search_term_string}"},"query-input":{"@type":"PropertyValueSpecification","valueRequired":true,"valueName":"search_term_string"}}],"inLanguage":"es"},{"@type":"Organization","@id":"https:\/\/www.quebakan.com\/v15\/#organization","name":"Quebakan.com","url":"https:\/\/www.quebakan.com\/v15\/","logo":{"@type":"ImageObject","inLanguage":"es","@id":"https:\/\/www.quebakan.com\/v15\/#\/schema\/logo\/image\/","url":"https:\/\/www.quebakan.com\/v15\/wp-content\/uploads\/2023\/07\/logoquebakanenero2021.jpg","contentUrl":"https:\/\/www.quebakan.com\/v15\/wp-content\/uploads\/2023\/07\/logoquebakanenero2021.jpg","width":1920,"height":1080,"caption":"Quebakan.com"},"image":{"@id":"https:\/\/www.quebakan.com\/v15\/#\/schema\/logo\/image\/"},"sameAs":["http:\/\/www.facebook.com\/quebakan","https:\/\/x.com\/quebakanec","http:\/\/www.instagram.com\/quebakan","http:\/\/www.youtube.com\/quebakan1"]},{"@type":"Person","@id":"https:\/\/www.quebakan.com\/v15\/#\/schema\/person\/d90fa9f9cfa81eb8ace9811e5b7b9118","name":"Erick Villafuerte","image":{"@type":"ImageObject","inLanguage":"es","@id":"https:\/\/www.quebakan.com\/v15\/wp-content\/uploads\/avatars\/4\/1731297654-bpfull.png","url":"https:\/\/www.quebakan.com\/v15\/wp-content\/uploads\/avatars\/4\/1731297654-bpfull.png","contentUrl":"https:\/\/www.quebakan.com\/v15\/wp-content\/uploads\/avatars\/4\/1731297654-bpfull.png","caption":"Erick Villafuerte"}}]}},"_links":{"self":[{"href":"https:\/\/www.quebakan.com\/v15\/wp-json\/wp\/v2\/posts\/140716","targetHints":{"allow":["GET"]}}],"collection":[{"href":"https:\/\/www.quebakan.com\/v15\/wp-json\/wp\/v2\/posts"}],"about":[{"href":"https:\/\/www.quebakan.com\/v15\/wp-json\/wp\/v2\/types\/post"}],"author":[{"embeddable":true,"href":"https:\/\/www.quebakan.com\/v15\/wp-json\/wp\/v2\/users\/4"}],"replies":[{"embeddable":true,"href":"https:\/\/www.quebakan.com\/v15\/wp-json\/wp\/v2\/comments?post=140716"}],"version-history":[{"count":1,"href":"https:\/\/www.quebakan.com\/v15\/wp-json\/wp\/v2\/posts\/140716\/revisions"}],"predecessor-version":[{"id":140718,"href":"https:\/\/www.quebakan.com\/v15\/wp-json\/wp\/v2\/posts\/140716\/revisions\/140718"}],"wp:featuredmedia":[{"embeddable":true,"href":"https:\/\/www.quebakan.com\/v15\/wp-json\/wp\/v2\/media\/140717"}],"wp:attachment":[{"href":"https:\/\/www.quebakan.com\/v15\/wp-json\/wp\/v2\/media?parent=140716"}],"wp:term":[{"taxonomy":"category","embeddable":true,"href":"https:\/\/www.quebakan.com\/v15\/wp-json\/wp\/v2\/categories?post=140716"},{"taxonomy":"post_tag","embeddable":true,"href":"https:\/\/www.quebakan.com\/v15\/wp-json\/wp\/v2\/tags?post=140716"}],"curies":[{"name":"wp","href":"https:\/\/api.w.org\/{rel}","templated":true}]}}