{"id":140723,"date":"2026-03-14T00:19:18","date_gmt":"2026-03-14T05:19:18","guid":{"rendered":"https:\/\/www.quebakan.com\/v15\/?p=140723"},"modified":"2026-03-14T00:19:18","modified_gmt":"2026-03-14T05:19:18","slug":"juan-manuel-cao-los-cubanos-no-queremos-una-delcy-rodriguez-en-la-isla","status":"publish","type":"post","link":"https:\/\/www.quebakan.com\/v15\/juan-manuel-cao-los-cubanos-no-queremos-una-delcy-rodriguez-en-la-isla\/","title":{"rendered":"Juan Manuel Cao: \u201cLos cubanos no queremos una Delcy Rodriguez en la isla\u201d"},"content":{"rendered":"<p><img fetchpriority=\"high\" decoding=\"async\" class=\"aligncenter size-full wp-image-140724\" src=\"https:\/\/www.quebakan.com\/v15\/wp-content\/uploads\/2026\/03\/Juan-Manuel-Cao-con-DNEWS-1.jpg\" alt=\"\" width=\"700\" height=\"383\" \/><\/p>\n<p style=\"text-align: justify;\"><span style=\"color: #000000;\"><em>El periodista de origen cubano, de reconocimiento internacional por la carrera profesional que forj\u00f3 durante m\u00e1s de tres d\u00e9cadas en Miami, analiz\u00f3 la situaci\u00f3n geopol\u00edtica en torno a Cuba. <\/em><a style=\"color: #000000;\" href=\"https:\/\/www.youtube.com\/watch?v=TO6g5rp74mk\"><em>NOTA COMPLETA<\/em><\/a><\/span><\/p>\n<p style=\"text-align: justify;\"><span style=\"color: #000000;\"><strong><em>Miami, 13 de marzo de 2026.<\/em><\/strong> El periodista, escritor y empresario de origen cubano Juan Manuel Cao asegur\u00f3 hoy que \u00e9l y sus compatriotas no quieren que en la isla haya una ca\u00edda de la dirigencia comunista pero que el r\u00e9gimen contin\u00fae, sino que apuestan por un cambio pol\u00edtico total con la ayuda del gobierno estadounidense de Donald Trump.<\/span><\/p>\n<p style=\"text-align: justify;\"><span style=\"color: #000000;\">\u201cPor supuesto que hay una oposici\u00f3n pol\u00edtica en Cuba, aunque la propaganda local intente invisibilizarla. Pero a los cubanos no nos gustar\u00eda tener una Delcy (Rodr\u00edguez)\u201d, coment\u00f3 el periodista y escritor en declaraciones exclusivas a la cadena latinoamericana de noticias DNEWS.<\/span><\/p>\n<p style=\"text-align: justify;\"><span style=\"color: #000000;\">As\u00ed, Cao expres\u00f3 el deseo de la mayor\u00eda de los cubanos de que no suceda lo mismo que en Venezuela, donde cay\u00f3 el presidente Nicol\u00e1s Maduero pero se le dio continuidad al r\u00e9gimen pol\u00edtico con la designaci\u00f3n de la ministra de Hidrocarburos y vicepresidenta ejecutiva del mismo gobierno chavista, Delcy Rodr\u00edguez.<\/span><\/p>\n<p style=\"text-align: justify;\"><span style=\"color: #000000;\">Cao dijo que Ra\u00fal Castro, hermano del fallecido Fidel Castro, sigue siendo quien \u201cmanda\u201d en Cuba dado que el actual presidente Miguel D\u00edaz-Canel \u201ces un monigote que est\u00e1 en el puesto hasta tanto lo digan sus jefes\u201d e indic\u00f3 que en la oposici\u00f3n pol\u00edtica de la isla ya hay \u201cuna decena de nombres que est\u00e1n preparados para una transici\u00f3n\u201d.<\/span><\/p>\n<p style=\"text-align: justify;\"><span style=\"color: #000000;\">Trump recibi\u00f3 recientemente en Florida a una docena de l\u00edderes de Am\u00e9rica Latina para celebrar la primera cumbre del Escudo de las Am\u00e9ricas. Durante su discurso, advirti\u00f3 que el r\u00e9gimen cubano estaba en sus \u201c\u00faltimos d\u00edas\u201d y afirm\u00f3 que La Habana ya busca dialogar con el gobierno norteamericano.<\/span><\/p>\n<p style=\"text-align: justify;\"><span style=\"color: #000000;\">Y este viernes, con el petr\u00f3leo que se agota y el pa\u00eds que se sume cada vez m\u00e1s en una crisis profunda, el presidente de Cuba, Miguel D\u00edaz-Canel, admiti\u00f3 por primera vez en p\u00fablico que su gobierno hab\u00eda entablado conversaciones con la Casa Blanca.<\/span><\/p>\n<p style=\"text-align: justify;\"><span style=\"color: #000000;\">En ese contexto, el analista consider\u00f3 que en Cuba actualmente hay una \u201coposici\u00f3n firme\u201d, aunque los medios de propaganda locales intenten invisibilizarla. \u201cQue el mundo no la conozca no significa que existe\u201d, dijo a DNEWS ante la consulta sobre qui\u00e9n podr\u00eda tomar el poder en la isla en caso de una incursi\u00f3n estadounidense que genere la ca\u00edda del r\u00e9gimen comunista.<\/span><\/p>\n<p style=\"text-align: justify;\"><span style=\"color: #000000;\">Cao expres\u00f3 que actualmente \u201chay presos pol\u00edticos en todas las provincias de Cuba\u201d y precis\u00f3 que esos detenidos son mayoritariamente \u201cgente joven\u201d que propone un cambio desde adentro. \u201cExisten dirigentes de organizaciones. Antes dec\u00eda que la oposici\u00f3n cubana estaba dividida. Yo pienso que hoy est\u00e1 multiplicada\u201d, coment\u00f3.<\/span><\/p>\n<p style=\"text-align: justify;\"><span style=\"color: #000000;\">El analista record\u00f3 que en Cuba los partidos de oposici\u00f3n est\u00e1n prohibidos, por lo que a la dirigencia opositora se le hace imposible llegar a los medios de difusi\u00f3n para dar a conocer sus ideas. \u201cQue la oposici\u00f3n vaya a un medio es un delito al que le llaman propaganda enemiga y puede tener penas de prisi\u00f3n de hasta 15 o 16 a\u00f1os\u201d, dijo.<\/span><\/p>\n<p style=\"text-align: justify;\"><span style=\"color: #000000;\">El periodista y escritor tambi\u00e9n consider\u00f3 que uno de los dilemas a dilucidar es qui\u00e9n manda en Cuba, porque no hay duda de que Ra\u00fal Castro es la m\u00e1xima figura pol\u00edtica con 94 a\u00f1os y Ramiro Vald\u00e9s, comandante que lo acompa\u00f1a desde la revoluci\u00f3n junto a Fidel Castro, tambi\u00e9n tiene 90 y tantos a\u00f1os.<\/span><\/p>\n<p style=\"text-align: justify;\"><span style=\"color: #000000;\">\u201cEn Cuba existe la pena de muerte. Creo que es el \u00fanico pa\u00eds latinoamericano que la tiene. Y mientras Ra\u00fal Castro mantenga la capacidad de dar un pu\u00f1etazo en la mesa y mandarte a fusilar, \u00e9l es el que manda con su entorno. D\u00edaz-Canel no manda, \u00e9l solo es un monigote puesto all\u00ed hasta cuando digan sus jefes\u201d, comenz\u00f3.<\/span><\/p>\n<p style=\"text-align: justify;\"><span style=\"color: #000000;\">Acerca de la \u201ctoma de poder amistosa\u201d de la que habl\u00f3 el presidente de los Estados Unidos, Donald Trump, Cao dijo: \u201cNo s\u00e9, estoy muy curioso, me encantar\u00eda preguntarle qu\u00e9 es una bomba amistosa. Trump es un hombre imaginativo que dice cosas curiosas. Tiene una veta c\u00f3mica que yo a preguntado si es a prop\u00f3sito o es sin el darse cuenta\u201d.<\/span><\/p>\n<p style=\"text-align: justify;\"><span style=\"color: #000000;\">En ese sentido, Cao consider\u00f3 que uno de los problemas que debe tener el r\u00e9gimen castrista en Cuba es \u201cque no pueden descifrarlo\u201d a Trump porque \u201ces impredecible\u201d. \u201cEso es una ventaja en sus manos, pero tambi\u00e9n se nos hace a nosotros, los observadores, muy dif\u00edcil predecir lo que va a pasar dentro de cinco minutos\u201d.<\/span><\/p>\n<p style=\"text-align: justify;\"><span style=\"color: #000000;\">Por otro lado, Cao dijo: \u201cLos cubanos vivimos una mezcla de esperanza y de escepticismo, porque ya pasamos la ca\u00edda del muro de Berl\u00edn, la desintegraci\u00f3n de la Uni\u00f3n Sovi\u00e9tica, la democratizaci\u00f3n de los pa\u00edses del bloque del Este y como Vietnam o como Corea del Norte o como la propia China, que estaban all\u00ed, cerca de Mosc\u00fa, sobrevivieron esas dictaduras y luego pas\u00f3 lo de los balseros y otras crisis. Son reg\u00edmenes que han demostrado la capacidad de supervivencia porque no pagan un precio interior\u201d.<\/span><\/p>\n<p style=\"text-align: justify;\"><span style=\"color: #000000;\">Ante la consulta de \u00bfqu\u00e9 quiere Donald Trump con la isla cubana?, el periodista respondi\u00f3: \u201cNada, y eso no s\u00e9 si es bueno o malo. Trump le ha prestado atenci\u00f3n a Cuba porque vive en la Florida y ha tenido contactos con nosotros los cubanos. Tiene un secretario de Estado que cubano, embajadores y otros funcionarios de alto nivel que son cubanos. Pero el gran dilema de Cuba es su intrascendencia: t\u00fa puedes pol\u00edtica o econ\u00f3micamente quitar a Cuba del mapa y el mundo no cambia. Cuba no tiene ni peso econ\u00f3mico ni peso pol\u00edtico, tiene s\u00ed sus v\u00ednculos s\u00ed\u201d.<\/span><\/p>\n<p><img decoding=\"async\" class=\"aligncenter size-full wp-image-140725\" src=\"https:\/\/www.quebakan.com\/v15\/wp-content\/uploads\/2026\/03\/Juan-Manuel-Cao-con-DNEWS.jpg\" alt=\"\" width=\"700\" height=\"390\" \/><\/p>\n","protected":false},"excerpt":{"rendered":"<p>El periodista de origen cubano, de reconocimiento internacional por la carrera profesional que forj\u00f3 durante m\u00e1s de tres d\u00e9cadas en Miami, analiz\u00f3 la situaci\u00f3n geopol\u00edtica en torno a Cuba. NOTA COMPLETA Miami, 13 de marzo de 2026. El periodista, escritor y empresario de origen cubano Juan Manuel Cao asegur\u00f3 hoy que \u00e9l y sus compatriotas [&hellip;]<\/p>\n","protected":false},"author":4,"featured_media":140725,"comment_status":"closed","ping_status":"closed","sticky":false,"template":"","format":"standard","meta":{"_bbp_topic_count":0,"_bbp_reply_count":0,"_bbp_total_topic_count":0,"_bbp_total_reply_count":0,"_bbp_voice_count":0,"_bbp_anonymous_reply_count":0,"_bbp_topic_count_hidden":0,"_bbp_reply_count_hidden":0,"_bbp_forum_subforum_count":0,"buzzeditor_post_format":"","footnotes":""},"categories":[2],"tags":[],"class_list":["post-140723","post","type-post","status-publish","format-standard","has-post-thumbnail","hentry","category-noticias"],"yoast_head":"<!-- This site is optimized with the Yoast SEO plugin v27.5 - https:\/\/yoast.com\/product\/yoast-seo-wordpress\/ -->\n<title>Juan Manuel Cao: \u201cLos cubanos no queremos una Delcy Rodriguez en la isla\u201d &#8211; QUEBAKAN.COM 2026: Noticias, Eventos, Conciertos y mucho m\u00e1s....<\/title>\n<meta name=\"robots\" content=\"index, follow, max-snippet:-1, max-image-preview:large, max-video-preview:-1\" \/>\n<link rel=\"canonical\" href=\"https:\/\/www.quebakan.com\/v15\/juan-manuel-cao-los-cubanos-no-queremos-una-delcy-rodriguez-en-la-isla\/\" \/>\n<meta property=\"og:locale\" content=\"es_ES\" \/>\n<meta property=\"og:type\" content=\"article\" \/>\n<meta property=\"og:title\" content=\"Juan Manuel Cao: \u201cLos cubanos no queremos una Delcy Rodriguez en la isla\u201d &#8211; QUEBAKAN.COM 2026: Noticias, Eventos, Conciertos y mucho m\u00e1s....\" \/>\n<meta property=\"og:description\" content=\"El periodista de origen cubano, de reconocimiento internacional por la carrera profesional que forj\u00f3 durante m\u00e1s de tres d\u00e9cadas en Miami, analiz\u00f3 la situaci\u00f3n geopol\u00edtica en torno a Cuba. NOTA COMPLETA Miami, 13 de marzo de 2026. El periodista, escritor y empresario de origen cubano Juan Manuel Cao asegur\u00f3 hoy que \u00e9l y sus compatriotas [&hellip;]\" \/>\n<meta property=\"og:url\" content=\"https:\/\/www.quebakan.com\/v15\/juan-manuel-cao-los-cubanos-no-queremos-una-delcy-rodriguez-en-la-isla\/\" \/>\n<meta property=\"og:site_name\" content=\"QUEBAKAN.COM 2026: Noticias, Eventos, Conciertos y mucho m\u00e1s....\" \/>\n<meta property=\"article:publisher\" content=\"http:\/\/www.facebook.com\/quebakan\" \/>\n<meta property=\"article:published_time\" content=\"2026-03-14T05:19:18+00:00\" \/>\n<meta property=\"og:image\" content=\"https:\/\/www.quebakan.com\/v15\/wp-content\/uploads\/2026\/03\/Juan-Manuel-Cao-con-DNEWS.jpg\" \/>\n\t<meta property=\"og:image:width\" content=\"700\" \/>\n\t<meta property=\"og:image:height\" content=\"390\" \/>\n\t<meta property=\"og:image:type\" content=\"image\/jpeg\" \/>\n<meta name=\"author\" content=\"Erick Villafuerte\" \/>\n<meta name=\"twitter:card\" content=\"summary_large_image\" \/>\n<meta name=\"twitter:creator\" content=\"@quebakanec\" \/>\n<meta name=\"twitter:site\" content=\"@quebakanec\" \/>\n<meta name=\"twitter:label1\" content=\"Escrito por\" \/>\n\t<meta name=\"twitter:data1\" content=\"Erick Villafuerte\" \/>\n\t<meta name=\"twitter:label2\" content=\"Tiempo de lectura\" \/>\n\t<meta name=\"twitter:data2\" content=\"5 minutos\" \/>\n<script type=\"application\/ld+json\" class=\"yoast-schema-graph\">{\"@context\":\"https:\\\/\\\/schema.org\",\"@graph\":[{\"@type\":\"Article\",\"@id\":\"https:\\\/\\\/www.quebakan.com\\\/v15\\\/juan-manuel-cao-los-cubanos-no-queremos-una-delcy-rodriguez-en-la-isla\\\/#article\",\"isPartOf\":{\"@id\":\"https:\\\/\\\/www.quebakan.com\\\/v15\\\/juan-manuel-cao-los-cubanos-no-queremos-una-delcy-rodriguez-en-la-isla\\\/\"},\"author\":{\"name\":\"Erick Villafuerte\",\"@id\":\"https:\\\/\\\/www.quebakan.com\\\/v15\\\/#\\\/schema\\\/person\\\/d90fa9f9cfa81eb8ace9811e5b7b9118\"},\"headline\":\"Juan Manuel Cao: \u201cLos cubanos no queremos una Delcy Rodriguez en la isla\u201d\",\"datePublished\":\"2026-03-14T05:19:18+00:00\",\"mainEntityOfPage\":{\"@id\":\"https:\\\/\\\/www.quebakan.com\\\/v15\\\/juan-manuel-cao-los-cubanos-no-queremos-una-delcy-rodriguez-en-la-isla\\\/\"},\"wordCount\":1012,\"publisher\":{\"@id\":\"https:\\\/\\\/www.quebakan.com\\\/v15\\\/#organization\"},\"image\":{\"@id\":\"https:\\\/\\\/www.quebakan.com\\\/v15\\\/juan-manuel-cao-los-cubanos-no-queremos-una-delcy-rodriguez-en-la-isla\\\/#primaryimage\"},\"thumbnailUrl\":\"https:\\\/\\\/www.quebakan.com\\\/v15\\\/wp-content\\\/uploads\\\/2026\\\/03\\\/Juan-Manuel-Cao-con-DNEWS.jpg\",\"articleSection\":[\"Noticias\"],\"inLanguage\":\"es\"},{\"@type\":\"WebPage\",\"@id\":\"https:\\\/\\\/www.quebakan.com\\\/v15\\\/juan-manuel-cao-los-cubanos-no-queremos-una-delcy-rodriguez-en-la-isla\\\/\",\"url\":\"https:\\\/\\\/www.quebakan.com\\\/v15\\\/juan-manuel-cao-los-cubanos-no-queremos-una-delcy-rodriguez-en-la-isla\\\/\",\"name\":\"Juan Manuel Cao: \u201cLos cubanos no queremos una Delcy Rodriguez en la isla\u201d &#8211; QUEBAKAN.COM 2026: Noticias, Eventos, Conciertos y mucho m\u00e1s....\",\"isPartOf\":{\"@id\":\"https:\\\/\\\/www.quebakan.com\\\/v15\\\/#website\"},\"primaryImageOfPage\":{\"@id\":\"https:\\\/\\\/www.quebakan.com\\\/v15\\\/juan-manuel-cao-los-cubanos-no-queremos-una-delcy-rodriguez-en-la-isla\\\/#primaryimage\"},\"image\":{\"@id\":\"https:\\\/\\\/www.quebakan.com\\\/v15\\\/juan-manuel-cao-los-cubanos-no-queremos-una-delcy-rodriguez-en-la-isla\\\/#primaryimage\"},\"thumbnailUrl\":\"https:\\\/\\\/www.quebakan.com\\\/v15\\\/wp-content\\\/uploads\\\/2026\\\/03\\\/Juan-Manuel-Cao-con-DNEWS.jpg\",\"datePublished\":\"2026-03-14T05:19:18+00:00\",\"breadcrumb\":{\"@id\":\"https:\\\/\\\/www.quebakan.com\\\/v15\\\/juan-manuel-cao-los-cubanos-no-queremos-una-delcy-rodriguez-en-la-isla\\\/#breadcrumb\"},\"inLanguage\":\"es\",\"potentialAction\":[{\"@type\":\"ReadAction\",\"target\":[\"https:\\\/\\\/www.quebakan.com\\\/v15\\\/juan-manuel-cao-los-cubanos-no-queremos-una-delcy-rodriguez-en-la-isla\\\/\"]}]},{\"@type\":\"ImageObject\",\"inLanguage\":\"es\",\"@id\":\"https:\\\/\\\/www.quebakan.com\\\/v15\\\/juan-manuel-cao-los-cubanos-no-queremos-una-delcy-rodriguez-en-la-isla\\\/#primaryimage\",\"url\":\"https:\\\/\\\/www.quebakan.com\\\/v15\\\/wp-content\\\/uploads\\\/2026\\\/03\\\/Juan-Manuel-Cao-con-DNEWS.jpg\",\"contentUrl\":\"https:\\\/\\\/www.quebakan.com\\\/v15\\\/wp-content\\\/uploads\\\/2026\\\/03\\\/Juan-Manuel-Cao-con-DNEWS.jpg\",\"width\":700,\"height\":390},{\"@type\":\"BreadcrumbList\",\"@id\":\"https:\\\/\\\/www.quebakan.com\\\/v15\\\/juan-manuel-cao-los-cubanos-no-queremos-una-delcy-rodriguez-en-la-isla\\\/#breadcrumb\",\"itemListElement\":[{\"@type\":\"ListItem\",\"position\":1,\"name\":\"Portada\",\"item\":\"https:\\\/\\\/www.quebakan.com\\\/v15\\\/\"},{\"@type\":\"ListItem\",\"position\":2,\"name\":\"Juan Manuel Cao: \u201cLos cubanos no queremos una Delcy Rodriguez en la isla\u201d\"}]},{\"@type\":\"WebSite\",\"@id\":\"https:\\\/\\\/www.quebakan.com\\\/v15\\\/#website\",\"url\":\"https:\\\/\\\/www.quebakan.com\\\/v15\\\/\",\"name\":\"QUEBAKAN\",\"description\":\"..\",\"publisher\":{\"@id\":\"https:\\\/\\\/www.quebakan.com\\\/v15\\\/#organization\"},\"potentialAction\":[{\"@type\":\"SearchAction\",\"target\":{\"@type\":\"EntryPoint\",\"urlTemplate\":\"https:\\\/\\\/www.quebakan.com\\\/v15\\\/?s={search_term_string}\"},\"query-input\":{\"@type\":\"PropertyValueSpecification\",\"valueRequired\":true,\"valueName\":\"search_term_string\"}}],\"inLanguage\":\"es\"},{\"@type\":\"Organization\",\"@id\":\"https:\\\/\\\/www.quebakan.com\\\/v15\\\/#organization\",\"name\":\"Quebakan.com\",\"url\":\"https:\\\/\\\/www.quebakan.com\\\/v15\\\/\",\"logo\":{\"@type\":\"ImageObject\",\"inLanguage\":\"es\",\"@id\":\"https:\\\/\\\/www.quebakan.com\\\/v15\\\/#\\\/schema\\\/logo\\\/image\\\/\",\"url\":\"https:\\\/\\\/www.quebakan.com\\\/v15\\\/wp-content\\\/uploads\\\/2023\\\/07\\\/logoquebakanenero2021.jpg\",\"contentUrl\":\"https:\\\/\\\/www.quebakan.com\\\/v15\\\/wp-content\\\/uploads\\\/2023\\\/07\\\/logoquebakanenero2021.jpg\",\"width\":1920,\"height\":1080,\"caption\":\"Quebakan.com\"},\"image\":{\"@id\":\"https:\\\/\\\/www.quebakan.com\\\/v15\\\/#\\\/schema\\\/logo\\\/image\\\/\"},\"sameAs\":[\"http:\\\/\\\/www.facebook.com\\\/quebakan\",\"https:\\\/\\\/x.com\\\/quebakanec\",\"http:\\\/\\\/www.instagram.com\\\/quebakan\",\"http:\\\/\\\/www.youtube.com\\\/quebakan1\"]},{\"@type\":\"Person\",\"@id\":\"https:\\\/\\\/www.quebakan.com\\\/v15\\\/#\\\/schema\\\/person\\\/d90fa9f9cfa81eb8ace9811e5b7b9118\",\"name\":\"Erick Villafuerte\",\"image\":{\"@type\":\"ImageObject\",\"inLanguage\":\"es\",\"@id\":\"https:\\\/\\\/www.quebakan.com\\\/v15\\\/wp-content\\\/uploads\\\/avatars\\\/4\\\/1731297654-bpfull.png\",\"url\":\"https:\\\/\\\/www.quebakan.com\\\/v15\\\/wp-content\\\/uploads\\\/avatars\\\/4\\\/1731297654-bpfull.png\",\"contentUrl\":\"https:\\\/\\\/www.quebakan.com\\\/v15\\\/wp-content\\\/uploads\\\/avatars\\\/4\\\/1731297654-bpfull.png\",\"caption\":\"Erick Villafuerte\"}}]}<\/script>\n<!-- \/ Yoast SEO plugin. -->","yoast_head_json":{"title":"Juan Manuel Cao: \u201cLos cubanos no queremos una Delcy Rodriguez en la isla\u201d &#8211; QUEBAKAN.COM 2026: Noticias, Eventos, Conciertos y mucho m\u00e1s....","robots":{"index":"index","follow":"follow","max-snippet":"max-snippet:-1","max-image-preview":"max-image-preview:large","max-video-preview":"max-video-preview:-1"},"canonical":"https:\/\/www.quebakan.com\/v15\/juan-manuel-cao-los-cubanos-no-queremos-una-delcy-rodriguez-en-la-isla\/","og_locale":"es_ES","og_type":"article","og_title":"Juan Manuel Cao: \u201cLos cubanos no queremos una Delcy Rodriguez en la isla\u201d &#8211; QUEBAKAN.COM 2026: Noticias, Eventos, Conciertos y mucho m\u00e1s....","og_description":"El periodista de origen cubano, de reconocimiento internacional por la carrera profesional que forj\u00f3 durante m\u00e1s de tres d\u00e9cadas en Miami, analiz\u00f3 la situaci\u00f3n geopol\u00edtica en torno a Cuba. NOTA COMPLETA Miami, 13 de marzo de 2026. El periodista, escritor y empresario de origen cubano Juan Manuel Cao asegur\u00f3 hoy que \u00e9l y sus compatriotas [&hellip;]","og_url":"https:\/\/www.quebakan.com\/v15\/juan-manuel-cao-los-cubanos-no-queremos-una-delcy-rodriguez-en-la-isla\/","og_site_name":"QUEBAKAN.COM 2026: Noticias, Eventos, Conciertos y mucho m\u00e1s....","article_publisher":"http:\/\/www.facebook.com\/quebakan","article_published_time":"2026-03-14T05:19:18+00:00","og_image":[{"width":700,"height":390,"url":"https:\/\/www.quebakan.com\/v15\/wp-content\/uploads\/2026\/03\/Juan-Manuel-Cao-con-DNEWS.jpg","type":"image\/jpeg"}],"author":"Erick Villafuerte","twitter_card":"summary_large_image","twitter_creator":"@quebakanec","twitter_site":"@quebakanec","twitter_misc":{"Escrito por":"Erick Villafuerte","Tiempo de lectura":"5 minutos"},"schema":{"@context":"https:\/\/schema.org","@graph":[{"@type":"Article","@id":"https:\/\/www.quebakan.com\/v15\/juan-manuel-cao-los-cubanos-no-queremos-una-delcy-rodriguez-en-la-isla\/#article","isPartOf":{"@id":"https:\/\/www.quebakan.com\/v15\/juan-manuel-cao-los-cubanos-no-queremos-una-delcy-rodriguez-en-la-isla\/"},"author":{"name":"Erick Villafuerte","@id":"https:\/\/www.quebakan.com\/v15\/#\/schema\/person\/d90fa9f9cfa81eb8ace9811e5b7b9118"},"headline":"Juan Manuel Cao: \u201cLos cubanos no queremos una Delcy Rodriguez en la isla\u201d","datePublished":"2026-03-14T05:19:18+00:00","mainEntityOfPage":{"@id":"https:\/\/www.quebakan.com\/v15\/juan-manuel-cao-los-cubanos-no-queremos-una-delcy-rodriguez-en-la-isla\/"},"wordCount":1012,"publisher":{"@id":"https:\/\/www.quebakan.com\/v15\/#organization"},"image":{"@id":"https:\/\/www.quebakan.com\/v15\/juan-manuel-cao-los-cubanos-no-queremos-una-delcy-rodriguez-en-la-isla\/#primaryimage"},"thumbnailUrl":"https:\/\/www.quebakan.com\/v15\/wp-content\/uploads\/2026\/03\/Juan-Manuel-Cao-con-DNEWS.jpg","articleSection":["Noticias"],"inLanguage":"es"},{"@type":"WebPage","@id":"https:\/\/www.quebakan.com\/v15\/juan-manuel-cao-los-cubanos-no-queremos-una-delcy-rodriguez-en-la-isla\/","url":"https:\/\/www.quebakan.com\/v15\/juan-manuel-cao-los-cubanos-no-queremos-una-delcy-rodriguez-en-la-isla\/","name":"Juan Manuel Cao: \u201cLos cubanos no queremos una Delcy Rodriguez en la isla\u201d &#8211; QUEBAKAN.COM 2026: Noticias, Eventos, Conciertos y mucho m\u00e1s....","isPartOf":{"@id":"https:\/\/www.quebakan.com\/v15\/#website"},"primaryImageOfPage":{"@id":"https:\/\/www.quebakan.com\/v15\/juan-manuel-cao-los-cubanos-no-queremos-una-delcy-rodriguez-en-la-isla\/#primaryimage"},"image":{"@id":"https:\/\/www.quebakan.com\/v15\/juan-manuel-cao-los-cubanos-no-queremos-una-delcy-rodriguez-en-la-isla\/#primaryimage"},"thumbnailUrl":"https:\/\/www.quebakan.com\/v15\/wp-content\/uploads\/2026\/03\/Juan-Manuel-Cao-con-DNEWS.jpg","datePublished":"2026-03-14T05:19:18+00:00","breadcrumb":{"@id":"https:\/\/www.quebakan.com\/v15\/juan-manuel-cao-los-cubanos-no-queremos-una-delcy-rodriguez-en-la-isla\/#breadcrumb"},"inLanguage":"es","potentialAction":[{"@type":"ReadAction","target":["https:\/\/www.quebakan.com\/v15\/juan-manuel-cao-los-cubanos-no-queremos-una-delcy-rodriguez-en-la-isla\/"]}]},{"@type":"ImageObject","inLanguage":"es","@id":"https:\/\/www.quebakan.com\/v15\/juan-manuel-cao-los-cubanos-no-queremos-una-delcy-rodriguez-en-la-isla\/#primaryimage","url":"https:\/\/www.quebakan.com\/v15\/wp-content\/uploads\/2026\/03\/Juan-Manuel-Cao-con-DNEWS.jpg","contentUrl":"https:\/\/www.quebakan.com\/v15\/wp-content\/uploads\/2026\/03\/Juan-Manuel-Cao-con-DNEWS.jpg","width":700,"height":390},{"@type":"BreadcrumbList","@id":"https:\/\/www.quebakan.com\/v15\/juan-manuel-cao-los-cubanos-no-queremos-una-delcy-rodriguez-en-la-isla\/#breadcrumb","itemListElement":[{"@type":"ListItem","position":1,"name":"Portada","item":"https:\/\/www.quebakan.com\/v15\/"},{"@type":"ListItem","position":2,"name":"Juan Manuel Cao: \u201cLos cubanos no queremos una Delcy Rodriguez en la isla\u201d"}]},{"@type":"WebSite","@id":"https:\/\/www.quebakan.com\/v15\/#website","url":"https:\/\/www.quebakan.com\/v15\/","name":"QUEBAKAN","description":"..","publisher":{"@id":"https:\/\/www.quebakan.com\/v15\/#organization"},"potentialAction":[{"@type":"SearchAction","target":{"@type":"EntryPoint","urlTemplate":"https:\/\/www.quebakan.com\/v15\/?s={search_term_string}"},"query-input":{"@type":"PropertyValueSpecification","valueRequired":true,"valueName":"search_term_string"}}],"inLanguage":"es"},{"@type":"Organization","@id":"https:\/\/www.quebakan.com\/v15\/#organization","name":"Quebakan.com","url":"https:\/\/www.quebakan.com\/v15\/","logo":{"@type":"ImageObject","inLanguage":"es","@id":"https:\/\/www.quebakan.com\/v15\/#\/schema\/logo\/image\/","url":"https:\/\/www.quebakan.com\/v15\/wp-content\/uploads\/2023\/07\/logoquebakanenero2021.jpg","contentUrl":"https:\/\/www.quebakan.com\/v15\/wp-content\/uploads\/2023\/07\/logoquebakanenero2021.jpg","width":1920,"height":1080,"caption":"Quebakan.com"},"image":{"@id":"https:\/\/www.quebakan.com\/v15\/#\/schema\/logo\/image\/"},"sameAs":["http:\/\/www.facebook.com\/quebakan","https:\/\/x.com\/quebakanec","http:\/\/www.instagram.com\/quebakan","http:\/\/www.youtube.com\/quebakan1"]},{"@type":"Person","@id":"https:\/\/www.quebakan.com\/v15\/#\/schema\/person\/d90fa9f9cfa81eb8ace9811e5b7b9118","name":"Erick Villafuerte","image":{"@type":"ImageObject","inLanguage":"es","@id":"https:\/\/www.quebakan.com\/v15\/wp-content\/uploads\/avatars\/4\/1731297654-bpfull.png","url":"https:\/\/www.quebakan.com\/v15\/wp-content\/uploads\/avatars\/4\/1731297654-bpfull.png","contentUrl":"https:\/\/www.quebakan.com\/v15\/wp-content\/uploads\/avatars\/4\/1731297654-bpfull.png","caption":"Erick Villafuerte"}}]}},"_links":{"self":[{"href":"https:\/\/www.quebakan.com\/v15\/wp-json\/wp\/v2\/posts\/140723","targetHints":{"allow":["GET"]}}],"collection":[{"href":"https:\/\/www.quebakan.com\/v15\/wp-json\/wp\/v2\/posts"}],"about":[{"href":"https:\/\/www.quebakan.com\/v15\/wp-json\/wp\/v2\/types\/post"}],"author":[{"embeddable":true,"href":"https:\/\/www.quebakan.com\/v15\/wp-json\/wp\/v2\/users\/4"}],"replies":[{"embeddable":true,"href":"https:\/\/www.quebakan.com\/v15\/wp-json\/wp\/v2\/comments?post=140723"}],"version-history":[{"count":1,"href":"https:\/\/www.quebakan.com\/v15\/wp-json\/wp\/v2\/posts\/140723\/revisions"}],"predecessor-version":[{"id":140726,"href":"https:\/\/www.quebakan.com\/v15\/wp-json\/wp\/v2\/posts\/140723\/revisions\/140726"}],"wp:featuredmedia":[{"embeddable":true,"href":"https:\/\/www.quebakan.com\/v15\/wp-json\/wp\/v2\/media\/140725"}],"wp:attachment":[{"href":"https:\/\/www.quebakan.com\/v15\/wp-json\/wp\/v2\/media?parent=140723"}],"wp:term":[{"taxonomy":"category","embeddable":true,"href":"https:\/\/www.quebakan.com\/v15\/wp-json\/wp\/v2\/categories?post=140723"},{"taxonomy":"post_tag","embeddable":true,"href":"https:\/\/www.quebakan.com\/v15\/wp-json\/wp\/v2\/tags?post=140723"}],"curies":[{"name":"wp","href":"https:\/\/api.w.org\/{rel}","templated":true}]}}