{"id":140727,"date":"2026-03-14T00:42:58","date_gmt":"2026-03-14T05:42:58","guid":{"rendered":"https:\/\/www.quebakan.com\/v15\/?p=140727"},"modified":"2026-03-14T00:42:58","modified_gmt":"2026-03-14T05:42:58","slug":"aires-acondicionados-inverter-eficiencia-energetica-y-ahorro-en-el-hogar-con-lg","status":"publish","type":"post","link":"https:\/\/www.quebakan.com\/v15\/aires-acondicionados-inverter-eficiencia-energetica-y-ahorro-en-el-hogar-con-lg\/","title":{"rendered":"Aires acondicionados Inverter: eficiencia energ\u00e9tica y ahorro en el hogar con LG"},"content":{"rendered":"<p><img fetchpriority=\"high\" decoding=\"async\" class=\"aligncenter size-full wp-image-140728\" src=\"https:\/\/www.quebakan.com\/v15\/wp-content\/uploads\/2026\/03\/boletin-artcool-gallery.jpg\" alt=\"\" width=\"700\" height=\"467\" \/><\/p>\n<p style=\"text-align: justify;\"><span style=\"color: #000000;\"><em>Las l\u00edneas LG Dualcool&#x2122; y LG Artcool&#x2122; integran tecnolog\u00eda Dual Inverter Compressor&#x2122; para ofrecer mayor ahorro de energ\u00eda, enfriamiento r\u00e1pido y durabilidad<\/em><\/span><\/p>\n<p style=\"text-align: justify;\"><span style=\"color: #000000;\"><strong>Ecuador, 27 de febrero de 2026<\/strong> \u2013 En un contexto donde la optimizaci\u00f3n del consumo el\u00e9ctrico es cada vez m\u00e1s relevante para los hogares ecuatorianos, LG Electronics presenta su portafolio de aires acondicionados Inverter, dise\u00f1ado para brindar m\u00e1ximo confort con <strong>alta eficiencia energ\u00e9tica y menor impacto ambiental.<\/strong> Las l\u00edneas <strong>LG Dualcool&#x2122; y LG Artcool&#x2122;<\/strong> incorporan la tecnolog\u00eda Dual Inverter Compressor&#x2122;, que permite un desempe\u00f1o superior con un consumo significativamente menor de energ\u00eda.<\/span><\/p>\n<p style=\"text-align: justify;\"><span style=\"color: #000000;\">Gracias a la <strong>tecnolog\u00eda Inverter<\/strong>, los equipos LG ajustan de manera inteligente la velocidad del compresor para mantener una temperatura estable, evitando picos de consumo el\u00e9ctrico. Este sistema permite ahorrar hasta un 70% m\u00e1s de energ\u00eda frente a equipos convencionales, adem\u00e1s de ofrecer un enfriamiento hasta 40% m\u00e1s r\u00e1pido y un funcionamiento m\u00e1s silencioso. El resultado es mayor confort, menor gasto en la planilla el\u00e9ctrica y un desempe\u00f1o constante incluso en temporadas de altas temperaturas.<\/span><\/p>\n<p style=\"text-align: justify;\"><span style=\"color: #000000;\">Alineados con la normativa t\u00e9cnica vigente en Ecuador, en la cual establece que \u00fanicamente se permite la importaci\u00f3n de aires acondicionados que cumplan con los m\u00e1s <strong>altos est\u00e1ndares de eficiencia energ\u00e9tica.<\/strong> Los equipos con tecnolog\u00eda Inverter de LG cuentan con <strong>Certificados de Conformidad<\/strong> que garantizan el cumplimiento de la normativa, asegurando de esta manera dichos <strong>est\u00e1ndares de eficiencia.<\/strong> Asimismo, LG utiliza refrigerantes ecol\u00f3gicos libres de Hidroclorofluorocarbonos (HCFCs) y Clorofluorocarbonos (CFCs), reafirmando su compromiso con la sostenibilidad y el cuidado del medioambiente.<\/span><\/p>\n<p style=\"text-align: justify;\"><span style=\"color: #000000;\">\u201cLa tecnolog\u00eda <strong>Dual Inverter Compressor&#x2122; <\/strong>nos permite ofrecer equipos que no solo cumplen con la normativa t\u00e9cnica ecuatoriana de eficiencia energ\u00e9tica, sino que adem\u00e1s brindan un ahorro significativo en el consumo el\u00e9ctrico y mayor durabilidad, respondiendo a las nuevas necesidades del mercado\u201d, se\u00f1al\u00f3 Ho Sik Park, Product Manager\/Eco Solutions de LG\u00a0 Electronics Ecuador.<\/span><\/p>\n<p style=\"text-align: justify;\"><span style=\"color: #000000;\">La l\u00ednea <strong>LG Dualcool&#x2122;<\/strong> est\u00e1 pensada para quienes buscan m\u00e1ximo rendimiento energ\u00e9tico y confiabilidad. Integra funciones como Energy Saving, Volt Care y Auto Cleaning, que optimizan el consumo el\u00e9ctrico y protegen el equipo ante fluctuaciones de voltaje de hasta 450V, prolongando su vida \u00fatil. Adem\u00e1s, gracias a su conectividad WiFi y compatibilidad con LG ThinQ&#x2122;, permite monitorear el consumo de energ\u00eda y controlar el aire acondicionado desde cualquier lugar, facilitando una gesti\u00f3n m\u00e1s eficiente del hogar.<\/span><\/p>\n<p style=\"text-align: justify;\"><span style=\"color: #000000;\">Por su parte, <strong>LG Artcool&#x2122; <\/strong>combina la eficiencia del sistema Inverter con un dise\u00f1o premium tipo espejo, que aporta elegancia y se integra arm\u00f3nicamente a los espacios, diferenci\u00e1ndose de los aires acondicionados tradicionales. Adem\u00e1s de su alto desempe\u00f1o energ\u00e9tico, incorpora tecnolog\u00edas como Plasmaster Ionizer+, que elimina hasta el 99.9% de bacterias, contribuyendo a un ambiente m\u00e1s saludable. Asimismo, cuenta con el recubrimiento anticorrosivo Gold Fin&#x2122;, que protege la unidad externa frente a altos niveles de salinidad, polvo y otros contaminantes ambientales, garantizando mayor durabilidad y confiabilidad del equipo sin sacrificar eficiencia ni rendimiento.<\/span><\/p>\n<p style=\"text-align: justify;\"><span style=\"color: #000000;\">Con su portafolio de aires acondicionados Inverter, LG contin\u00faa ofreciendo soluciones que optimizan el consumo el\u00e9ctrico, reducen costos y promueven un estilo de vida m\u00e1s eficiente y sostenible en los hogares ecuatorianos.<\/span><\/p>\n<p style=\"text-align: justify;\"><span style=\"color: #000000;\">Disponibles en las <strong>principales cadenas comerciales del pa\u00eds<\/strong> y en la tienda online <a style=\"color: #000000;\" href=\"https:\/\/www.lgshop.com.ec\"><strong>LG Shop<\/strong><\/a>, donde tambi\u00e9n se pueden adquirir repuestos originales.<\/span><\/p>\n<p style=\"text-align: justify;\"><span style=\"color: #000000;\">Para obtener m\u00e1s informaci\u00f3n, visite el sitio web oficial de LG: <a style=\"color: #000000;\" href=\"https:\/\/www.lg.com\/ec\">https:\/\/www.lg.com\/ec<\/a> y siga las redes sociales de la marca: Instagram: <a style=\"color: #000000;\" href=\"https:\/\/www.instagram.com\/lg_ecuador\/\">LGEcuador<\/a>, Facebook: <a style=\"color: #000000;\" href=\"https:\/\/www.facebook.com\/LGEcuador\">LGEcuador<\/a>, YouTube: <a style=\"color: #000000;\" href=\"https:\/\/www.youtube.com\/@LGEcuador\">LGEcuador<\/a>.<\/span><\/p>\n<p><img decoding=\"async\" class=\"aligncenter size-full wp-image-140729\" src=\"https:\/\/www.quebakan.com\/v15\/wp-content\/uploads\/2026\/03\/boletin-dualcool.jpg\" alt=\"\" width=\"700\" height=\"467\" \/><\/p>\n<p>&nbsp;<\/p>\n<p><img decoding=\"async\" class=\"aligncenter size-full wp-image-140730\" src=\"https:\/\/www.quebakan.com\/v15\/wp-content\/uploads\/2026\/03\/boletin-artcool.jpg\" alt=\"\" width=\"700\" height=\"467\" \/><\/p>\n","protected":false},"excerpt":{"rendered":"<p>Las l\u00edneas LG Dualcool&#x2122; y LG Artcool&#x2122; integran tecnolog\u00eda Dual Inverter Compressor&#x2122; para ofrecer mayor ahorro de energ\u00eda, enfriamiento r\u00e1pido y durabilidad Ecuador, 27 de febrero de 2026 \u2013 En un contexto donde la optimizaci\u00f3n del consumo el\u00e9ctrico es cada vez m\u00e1s relevante para los hogares ecuatorianos, LG Electronics presenta su portafolio de aires acondicionados [&hellip;]<\/p>\n","protected":false},"author":4,"featured_media":140728,"comment_status":"closed","ping_status":"closed","sticky":false,"template":"","format":"standard","meta":{"_bbp_topic_count":0,"_bbp_reply_count":0,"_bbp_total_topic_count":0,"_bbp_total_reply_count":0,"_bbp_voice_count":0,"_bbp_anonymous_reply_count":0,"_bbp_topic_count_hidden":0,"_bbp_reply_count_hidden":0,"_bbp_forum_subforum_count":0,"buzzeditor_post_format":"","footnotes":""},"categories":[2],"tags":[],"class_list":["post-140727","post","type-post","status-publish","format-standard","has-post-thumbnail","hentry","category-noticias"],"yoast_head":"<!-- This site is optimized with the Yoast SEO plugin v27.5 - https:\/\/yoast.com\/product\/yoast-seo-wordpress\/ -->\n<title>Aires acondicionados Inverter: eficiencia energ\u00e9tica y ahorro en el hogar con LG &#8211; QUEBAKAN.COM 2026: Noticias, Eventos, Conciertos y mucho m\u00e1s....<\/title>\n<meta name=\"robots\" content=\"index, follow, max-snippet:-1, max-image-preview:large, max-video-preview:-1\" \/>\n<link rel=\"canonical\" href=\"https:\/\/www.quebakan.com\/v15\/aires-acondicionados-inverter-eficiencia-energetica-y-ahorro-en-el-hogar-con-lg\/\" \/>\n<meta property=\"og:locale\" content=\"es_ES\" \/>\n<meta property=\"og:type\" content=\"article\" \/>\n<meta property=\"og:title\" content=\"Aires acondicionados Inverter: eficiencia energ\u00e9tica y ahorro en el hogar con LG &#8211; QUEBAKAN.COM 2026: Noticias, Eventos, Conciertos y mucho m\u00e1s....\" \/>\n<meta property=\"og:description\" content=\"Las l\u00edneas LG Dualcool&#x2122; y LG Artcool&#x2122; integran tecnolog\u00eda Dual Inverter Compressor&#x2122; para ofrecer mayor ahorro de energ\u00eda, enfriamiento r\u00e1pido y durabilidad Ecuador, 27 de febrero de 2026 \u2013 En un contexto donde la optimizaci\u00f3n del consumo el\u00e9ctrico es cada vez m\u00e1s relevante para los hogares ecuatorianos, LG Electronics presenta su portafolio de aires acondicionados [&hellip;]\" \/>\n<meta property=\"og:url\" content=\"https:\/\/www.quebakan.com\/v15\/aires-acondicionados-inverter-eficiencia-energetica-y-ahorro-en-el-hogar-con-lg\/\" \/>\n<meta property=\"og:site_name\" content=\"QUEBAKAN.COM 2026: Noticias, Eventos, Conciertos y mucho m\u00e1s....\" \/>\n<meta property=\"article:publisher\" content=\"http:\/\/www.facebook.com\/quebakan\" \/>\n<meta property=\"article:published_time\" content=\"2026-03-14T05:42:58+00:00\" \/>\n<meta property=\"og:image\" content=\"https:\/\/www.quebakan.com\/v15\/wp-content\/uploads\/2026\/03\/boletin-artcool-gallery.jpg\" \/>\n\t<meta property=\"og:image:width\" content=\"700\" \/>\n\t<meta property=\"og:image:height\" content=\"467\" \/>\n\t<meta property=\"og:image:type\" content=\"image\/jpeg\" \/>\n<meta name=\"author\" content=\"Erick Villafuerte\" \/>\n<meta name=\"twitter:card\" content=\"summary_large_image\" \/>\n<meta name=\"twitter:creator\" content=\"@quebakanec\" \/>\n<meta name=\"twitter:site\" content=\"@quebakanec\" \/>\n<meta name=\"twitter:label1\" content=\"Escrito por\" \/>\n\t<meta name=\"twitter:data1\" content=\"Erick Villafuerte\" \/>\n\t<meta name=\"twitter:label2\" content=\"Tiempo de lectura\" \/>\n\t<meta name=\"twitter:data2\" content=\"4 minutos\" \/>\n<script type=\"application\/ld+json\" class=\"yoast-schema-graph\">{\"@context\":\"https:\\\/\\\/schema.org\",\"@graph\":[{\"@type\":\"Article\",\"@id\":\"https:\\\/\\\/www.quebakan.com\\\/v15\\\/aires-acondicionados-inverter-eficiencia-energetica-y-ahorro-en-el-hogar-con-lg\\\/#article\",\"isPartOf\":{\"@id\":\"https:\\\/\\\/www.quebakan.com\\\/v15\\\/aires-acondicionados-inverter-eficiencia-energetica-y-ahorro-en-el-hogar-con-lg\\\/\"},\"author\":{\"name\":\"Erick Villafuerte\",\"@id\":\"https:\\\/\\\/www.quebakan.com\\\/v15\\\/#\\\/schema\\\/person\\\/d90fa9f9cfa81eb8ace9811e5b7b9118\"},\"headline\":\"Aires acondicionados Inverter: eficiencia energ\u00e9tica y ahorro en el hogar con LG\",\"datePublished\":\"2026-03-14T05:42:58+00:00\",\"mainEntityOfPage\":{\"@id\":\"https:\\\/\\\/www.quebakan.com\\\/v15\\\/aires-acondicionados-inverter-eficiencia-energetica-y-ahorro-en-el-hogar-con-lg\\\/\"},\"wordCount\":637,\"publisher\":{\"@id\":\"https:\\\/\\\/www.quebakan.com\\\/v15\\\/#organization\"},\"image\":{\"@id\":\"https:\\\/\\\/www.quebakan.com\\\/v15\\\/aires-acondicionados-inverter-eficiencia-energetica-y-ahorro-en-el-hogar-con-lg\\\/#primaryimage\"},\"thumbnailUrl\":\"https:\\\/\\\/www.quebakan.com\\\/v15\\\/wp-content\\\/uploads\\\/2026\\\/03\\\/boletin-artcool-gallery.jpg\",\"articleSection\":[\"Noticias\"],\"inLanguage\":\"es\"},{\"@type\":\"WebPage\",\"@id\":\"https:\\\/\\\/www.quebakan.com\\\/v15\\\/aires-acondicionados-inverter-eficiencia-energetica-y-ahorro-en-el-hogar-con-lg\\\/\",\"url\":\"https:\\\/\\\/www.quebakan.com\\\/v15\\\/aires-acondicionados-inverter-eficiencia-energetica-y-ahorro-en-el-hogar-con-lg\\\/\",\"name\":\"Aires acondicionados Inverter: eficiencia energ\u00e9tica y ahorro en el hogar con LG &#8211; QUEBAKAN.COM 2026: Noticias, Eventos, Conciertos y mucho m\u00e1s....\",\"isPartOf\":{\"@id\":\"https:\\\/\\\/www.quebakan.com\\\/v15\\\/#website\"},\"primaryImageOfPage\":{\"@id\":\"https:\\\/\\\/www.quebakan.com\\\/v15\\\/aires-acondicionados-inverter-eficiencia-energetica-y-ahorro-en-el-hogar-con-lg\\\/#primaryimage\"},\"image\":{\"@id\":\"https:\\\/\\\/www.quebakan.com\\\/v15\\\/aires-acondicionados-inverter-eficiencia-energetica-y-ahorro-en-el-hogar-con-lg\\\/#primaryimage\"},\"thumbnailUrl\":\"https:\\\/\\\/www.quebakan.com\\\/v15\\\/wp-content\\\/uploads\\\/2026\\\/03\\\/boletin-artcool-gallery.jpg\",\"datePublished\":\"2026-03-14T05:42:58+00:00\",\"breadcrumb\":{\"@id\":\"https:\\\/\\\/www.quebakan.com\\\/v15\\\/aires-acondicionados-inverter-eficiencia-energetica-y-ahorro-en-el-hogar-con-lg\\\/#breadcrumb\"},\"inLanguage\":\"es\",\"potentialAction\":[{\"@type\":\"ReadAction\",\"target\":[\"https:\\\/\\\/www.quebakan.com\\\/v15\\\/aires-acondicionados-inverter-eficiencia-energetica-y-ahorro-en-el-hogar-con-lg\\\/\"]}]},{\"@type\":\"ImageObject\",\"inLanguage\":\"es\",\"@id\":\"https:\\\/\\\/www.quebakan.com\\\/v15\\\/aires-acondicionados-inverter-eficiencia-energetica-y-ahorro-en-el-hogar-con-lg\\\/#primaryimage\",\"url\":\"https:\\\/\\\/www.quebakan.com\\\/v15\\\/wp-content\\\/uploads\\\/2026\\\/03\\\/boletin-artcool-gallery.jpg\",\"contentUrl\":\"https:\\\/\\\/www.quebakan.com\\\/v15\\\/wp-content\\\/uploads\\\/2026\\\/03\\\/boletin-artcool-gallery.jpg\",\"width\":700,\"height\":467},{\"@type\":\"BreadcrumbList\",\"@id\":\"https:\\\/\\\/www.quebakan.com\\\/v15\\\/aires-acondicionados-inverter-eficiencia-energetica-y-ahorro-en-el-hogar-con-lg\\\/#breadcrumb\",\"itemListElement\":[{\"@type\":\"ListItem\",\"position\":1,\"name\":\"Portada\",\"item\":\"https:\\\/\\\/www.quebakan.com\\\/v15\\\/\"},{\"@type\":\"ListItem\",\"position\":2,\"name\":\"Aires acondicionados Inverter: eficiencia energ\u00e9tica y ahorro en el hogar con LG\"}]},{\"@type\":\"WebSite\",\"@id\":\"https:\\\/\\\/www.quebakan.com\\\/v15\\\/#website\",\"url\":\"https:\\\/\\\/www.quebakan.com\\\/v15\\\/\",\"name\":\"QUEBAKAN\",\"description\":\"..\",\"publisher\":{\"@id\":\"https:\\\/\\\/www.quebakan.com\\\/v15\\\/#organization\"},\"potentialAction\":[{\"@type\":\"SearchAction\",\"target\":{\"@type\":\"EntryPoint\",\"urlTemplate\":\"https:\\\/\\\/www.quebakan.com\\\/v15\\\/?s={search_term_string}\"},\"query-input\":{\"@type\":\"PropertyValueSpecification\",\"valueRequired\":true,\"valueName\":\"search_term_string\"}}],\"inLanguage\":\"es\"},{\"@type\":\"Organization\",\"@id\":\"https:\\\/\\\/www.quebakan.com\\\/v15\\\/#organization\",\"name\":\"Quebakan.com\",\"url\":\"https:\\\/\\\/www.quebakan.com\\\/v15\\\/\",\"logo\":{\"@type\":\"ImageObject\",\"inLanguage\":\"es\",\"@id\":\"https:\\\/\\\/www.quebakan.com\\\/v15\\\/#\\\/schema\\\/logo\\\/image\\\/\",\"url\":\"https:\\\/\\\/www.quebakan.com\\\/v15\\\/wp-content\\\/uploads\\\/2023\\\/07\\\/logoquebakanenero2021.jpg\",\"contentUrl\":\"https:\\\/\\\/www.quebakan.com\\\/v15\\\/wp-content\\\/uploads\\\/2023\\\/07\\\/logoquebakanenero2021.jpg\",\"width\":1920,\"height\":1080,\"caption\":\"Quebakan.com\"},\"image\":{\"@id\":\"https:\\\/\\\/www.quebakan.com\\\/v15\\\/#\\\/schema\\\/logo\\\/image\\\/\"},\"sameAs\":[\"http:\\\/\\\/www.facebook.com\\\/quebakan\",\"https:\\\/\\\/x.com\\\/quebakanec\",\"http:\\\/\\\/www.instagram.com\\\/quebakan\",\"http:\\\/\\\/www.youtube.com\\\/quebakan1\"]},{\"@type\":\"Person\",\"@id\":\"https:\\\/\\\/www.quebakan.com\\\/v15\\\/#\\\/schema\\\/person\\\/d90fa9f9cfa81eb8ace9811e5b7b9118\",\"name\":\"Erick Villafuerte\",\"image\":{\"@type\":\"ImageObject\",\"inLanguage\":\"es\",\"@id\":\"https:\\\/\\\/www.quebakan.com\\\/v15\\\/wp-content\\\/uploads\\\/avatars\\\/4\\\/1731297654-bpfull.png\",\"url\":\"https:\\\/\\\/www.quebakan.com\\\/v15\\\/wp-content\\\/uploads\\\/avatars\\\/4\\\/1731297654-bpfull.png\",\"contentUrl\":\"https:\\\/\\\/www.quebakan.com\\\/v15\\\/wp-content\\\/uploads\\\/avatars\\\/4\\\/1731297654-bpfull.png\",\"caption\":\"Erick Villafuerte\"}}]}<\/script>\n<!-- \/ Yoast SEO plugin. -->","yoast_head_json":{"title":"Aires acondicionados Inverter: eficiencia energ\u00e9tica y ahorro en el hogar con LG &#8211; QUEBAKAN.COM 2026: Noticias, Eventos, Conciertos y mucho m\u00e1s....","robots":{"index":"index","follow":"follow","max-snippet":"max-snippet:-1","max-image-preview":"max-image-preview:large","max-video-preview":"max-video-preview:-1"},"canonical":"https:\/\/www.quebakan.com\/v15\/aires-acondicionados-inverter-eficiencia-energetica-y-ahorro-en-el-hogar-con-lg\/","og_locale":"es_ES","og_type":"article","og_title":"Aires acondicionados Inverter: eficiencia energ\u00e9tica y ahorro en el hogar con LG &#8211; QUEBAKAN.COM 2026: Noticias, Eventos, Conciertos y mucho m\u00e1s....","og_description":"Las l\u00edneas LG Dualcool&#x2122; y LG Artcool&#x2122; integran tecnolog\u00eda Dual Inverter Compressor&#x2122; para ofrecer mayor ahorro de energ\u00eda, enfriamiento r\u00e1pido y durabilidad Ecuador, 27 de febrero de 2026 \u2013 En un contexto donde la optimizaci\u00f3n del consumo el\u00e9ctrico es cada vez m\u00e1s relevante para los hogares ecuatorianos, LG Electronics presenta su portafolio de aires acondicionados [&hellip;]","og_url":"https:\/\/www.quebakan.com\/v15\/aires-acondicionados-inverter-eficiencia-energetica-y-ahorro-en-el-hogar-con-lg\/","og_site_name":"QUEBAKAN.COM 2026: Noticias, Eventos, Conciertos y mucho m\u00e1s....","article_publisher":"http:\/\/www.facebook.com\/quebakan","article_published_time":"2026-03-14T05:42:58+00:00","og_image":[{"width":700,"height":467,"url":"https:\/\/www.quebakan.com\/v15\/wp-content\/uploads\/2026\/03\/boletin-artcool-gallery.jpg","type":"image\/jpeg"}],"author":"Erick Villafuerte","twitter_card":"summary_large_image","twitter_creator":"@quebakanec","twitter_site":"@quebakanec","twitter_misc":{"Escrito por":"Erick Villafuerte","Tiempo de lectura":"4 minutos"},"schema":{"@context":"https:\/\/schema.org","@graph":[{"@type":"Article","@id":"https:\/\/www.quebakan.com\/v15\/aires-acondicionados-inverter-eficiencia-energetica-y-ahorro-en-el-hogar-con-lg\/#article","isPartOf":{"@id":"https:\/\/www.quebakan.com\/v15\/aires-acondicionados-inverter-eficiencia-energetica-y-ahorro-en-el-hogar-con-lg\/"},"author":{"name":"Erick Villafuerte","@id":"https:\/\/www.quebakan.com\/v15\/#\/schema\/person\/d90fa9f9cfa81eb8ace9811e5b7b9118"},"headline":"Aires acondicionados Inverter: eficiencia energ\u00e9tica y ahorro en el hogar con LG","datePublished":"2026-03-14T05:42:58+00:00","mainEntityOfPage":{"@id":"https:\/\/www.quebakan.com\/v15\/aires-acondicionados-inverter-eficiencia-energetica-y-ahorro-en-el-hogar-con-lg\/"},"wordCount":637,"publisher":{"@id":"https:\/\/www.quebakan.com\/v15\/#organization"},"image":{"@id":"https:\/\/www.quebakan.com\/v15\/aires-acondicionados-inverter-eficiencia-energetica-y-ahorro-en-el-hogar-con-lg\/#primaryimage"},"thumbnailUrl":"https:\/\/www.quebakan.com\/v15\/wp-content\/uploads\/2026\/03\/boletin-artcool-gallery.jpg","articleSection":["Noticias"],"inLanguage":"es"},{"@type":"WebPage","@id":"https:\/\/www.quebakan.com\/v15\/aires-acondicionados-inverter-eficiencia-energetica-y-ahorro-en-el-hogar-con-lg\/","url":"https:\/\/www.quebakan.com\/v15\/aires-acondicionados-inverter-eficiencia-energetica-y-ahorro-en-el-hogar-con-lg\/","name":"Aires acondicionados Inverter: eficiencia energ\u00e9tica y ahorro en el hogar con LG &#8211; QUEBAKAN.COM 2026: Noticias, Eventos, Conciertos y mucho m\u00e1s....","isPartOf":{"@id":"https:\/\/www.quebakan.com\/v15\/#website"},"primaryImageOfPage":{"@id":"https:\/\/www.quebakan.com\/v15\/aires-acondicionados-inverter-eficiencia-energetica-y-ahorro-en-el-hogar-con-lg\/#primaryimage"},"image":{"@id":"https:\/\/www.quebakan.com\/v15\/aires-acondicionados-inverter-eficiencia-energetica-y-ahorro-en-el-hogar-con-lg\/#primaryimage"},"thumbnailUrl":"https:\/\/www.quebakan.com\/v15\/wp-content\/uploads\/2026\/03\/boletin-artcool-gallery.jpg","datePublished":"2026-03-14T05:42:58+00:00","breadcrumb":{"@id":"https:\/\/www.quebakan.com\/v15\/aires-acondicionados-inverter-eficiencia-energetica-y-ahorro-en-el-hogar-con-lg\/#breadcrumb"},"inLanguage":"es","potentialAction":[{"@type":"ReadAction","target":["https:\/\/www.quebakan.com\/v15\/aires-acondicionados-inverter-eficiencia-energetica-y-ahorro-en-el-hogar-con-lg\/"]}]},{"@type":"ImageObject","inLanguage":"es","@id":"https:\/\/www.quebakan.com\/v15\/aires-acondicionados-inverter-eficiencia-energetica-y-ahorro-en-el-hogar-con-lg\/#primaryimage","url":"https:\/\/www.quebakan.com\/v15\/wp-content\/uploads\/2026\/03\/boletin-artcool-gallery.jpg","contentUrl":"https:\/\/www.quebakan.com\/v15\/wp-content\/uploads\/2026\/03\/boletin-artcool-gallery.jpg","width":700,"height":467},{"@type":"BreadcrumbList","@id":"https:\/\/www.quebakan.com\/v15\/aires-acondicionados-inverter-eficiencia-energetica-y-ahorro-en-el-hogar-con-lg\/#breadcrumb","itemListElement":[{"@type":"ListItem","position":1,"name":"Portada","item":"https:\/\/www.quebakan.com\/v15\/"},{"@type":"ListItem","position":2,"name":"Aires acondicionados Inverter: eficiencia energ\u00e9tica y ahorro en el hogar con LG"}]},{"@type":"WebSite","@id":"https:\/\/www.quebakan.com\/v15\/#website","url":"https:\/\/www.quebakan.com\/v15\/","name":"QUEBAKAN","description":"..","publisher":{"@id":"https:\/\/www.quebakan.com\/v15\/#organization"},"potentialAction":[{"@type":"SearchAction","target":{"@type":"EntryPoint","urlTemplate":"https:\/\/www.quebakan.com\/v15\/?s={search_term_string}"},"query-input":{"@type":"PropertyValueSpecification","valueRequired":true,"valueName":"search_term_string"}}],"inLanguage":"es"},{"@type":"Organization","@id":"https:\/\/www.quebakan.com\/v15\/#organization","name":"Quebakan.com","url":"https:\/\/www.quebakan.com\/v15\/","logo":{"@type":"ImageObject","inLanguage":"es","@id":"https:\/\/www.quebakan.com\/v15\/#\/schema\/logo\/image\/","url":"https:\/\/www.quebakan.com\/v15\/wp-content\/uploads\/2023\/07\/logoquebakanenero2021.jpg","contentUrl":"https:\/\/www.quebakan.com\/v15\/wp-content\/uploads\/2023\/07\/logoquebakanenero2021.jpg","width":1920,"height":1080,"caption":"Quebakan.com"},"image":{"@id":"https:\/\/www.quebakan.com\/v15\/#\/schema\/logo\/image\/"},"sameAs":["http:\/\/www.facebook.com\/quebakan","https:\/\/x.com\/quebakanec","http:\/\/www.instagram.com\/quebakan","http:\/\/www.youtube.com\/quebakan1"]},{"@type":"Person","@id":"https:\/\/www.quebakan.com\/v15\/#\/schema\/person\/d90fa9f9cfa81eb8ace9811e5b7b9118","name":"Erick Villafuerte","image":{"@type":"ImageObject","inLanguage":"es","@id":"https:\/\/www.quebakan.com\/v15\/wp-content\/uploads\/avatars\/4\/1731297654-bpfull.png","url":"https:\/\/www.quebakan.com\/v15\/wp-content\/uploads\/avatars\/4\/1731297654-bpfull.png","contentUrl":"https:\/\/www.quebakan.com\/v15\/wp-content\/uploads\/avatars\/4\/1731297654-bpfull.png","caption":"Erick Villafuerte"}}]}},"_links":{"self":[{"href":"https:\/\/www.quebakan.com\/v15\/wp-json\/wp\/v2\/posts\/140727","targetHints":{"allow":["GET"]}}],"collection":[{"href":"https:\/\/www.quebakan.com\/v15\/wp-json\/wp\/v2\/posts"}],"about":[{"href":"https:\/\/www.quebakan.com\/v15\/wp-json\/wp\/v2\/types\/post"}],"author":[{"embeddable":true,"href":"https:\/\/www.quebakan.com\/v15\/wp-json\/wp\/v2\/users\/4"}],"replies":[{"embeddable":true,"href":"https:\/\/www.quebakan.com\/v15\/wp-json\/wp\/v2\/comments?post=140727"}],"version-history":[{"count":1,"href":"https:\/\/www.quebakan.com\/v15\/wp-json\/wp\/v2\/posts\/140727\/revisions"}],"predecessor-version":[{"id":140731,"href":"https:\/\/www.quebakan.com\/v15\/wp-json\/wp\/v2\/posts\/140727\/revisions\/140731"}],"wp:featuredmedia":[{"embeddable":true,"href":"https:\/\/www.quebakan.com\/v15\/wp-json\/wp\/v2\/media\/140728"}],"wp:attachment":[{"href":"https:\/\/www.quebakan.com\/v15\/wp-json\/wp\/v2\/media?parent=140727"}],"wp:term":[{"taxonomy":"category","embeddable":true,"href":"https:\/\/www.quebakan.com\/v15\/wp-json\/wp\/v2\/categories?post=140727"},{"taxonomy":"post_tag","embeddable":true,"href":"https:\/\/www.quebakan.com\/v15\/wp-json\/wp\/v2\/tags?post=140727"}],"curies":[{"name":"wp","href":"https:\/\/api.w.org\/{rel}","templated":true}]}}