{"id":140732,"date":"2026-03-14T01:05:42","date_gmt":"2026-03-14T06:05:42","guid":{"rendered":"https:\/\/www.quebakan.com\/v15\/?p=140732"},"modified":"2026-03-14T01:05:42","modified_gmt":"2026-03-14T06:05:42","slug":"lg-eleva-la-experiencia-en-la-cocina-con-su-portafolio-de-refrigeradoras-french-door-en-ecuador","status":"publish","type":"post","link":"https:\/\/www.quebakan.com\/v15\/lg-eleva-la-experiencia-en-la-cocina-con-su-portafolio-de-refrigeradoras-french-door-en-ecuador\/","title":{"rendered":"LG eleva la experiencia en la cocina con su portafolio de refrigeradoras French Door en Ecuador"},"content":{"rendered":"<p><img fetchpriority=\"high\" decoding=\"async\" class=\"aligncenter size-full wp-image-140733\" src=\"https:\/\/www.quebakan.com\/v15\/wp-content\/uploads\/2026\/03\/boletin-frenchDoor-b.jpg\" alt=\"\" width=\"700\" height=\"467\" \/><\/p>\n<p style=\"text-align: justify;\"><span style=\"color: #000000;\"><em>Dise\u00f1o premium, gran capacidad y tecnolog\u00eda inteligente que se adapta al ritmo de cada hogar<\/em><\/span><\/p>\n<p style=\"text-align: justify;\"><span style=\"color: #000000;\"><strong>Ecuador, 9 de marzo de 2026<\/strong> \u2013 LG Electronics contin\u00faa transformando la experiencia en la cocina con su portafolio de <strong>refrigeradoras French Door<\/strong>, una l\u00ednea dise\u00f1ada para hogares que buscan <strong>mayor capacidad, eficiencia energ\u00e9tica y tecnolog\u00eda inteligente<\/strong>, sin renunciar al dise\u00f1o y la comodidad en el d\u00eda a d\u00eda.<\/span><\/p>\n<p style=\"text-align: justify;\"><span style=\"color: #000000;\">Esta familia de refrigeradoras ofrece modelos que van desde una gama de entrada hasta versiones premium con <strong>InstaView&#x2122; Door-in-Door<\/strong>, una tecnolog\u00eda que permite ver el interior con solo dos toques en la puerta de vidrio, reduciendo la p\u00e9rdida de aire fr\u00edo y ayudando a conservar mejor los alimentos. Gracias a su <strong>gran capacidad<\/strong>, estas refrigeradoras est\u00e1n pensadas para familias que necesitan m\u00e1s espacio y una mejor organizaci\u00f3n, optimizando cada cent\u00edmetro con un dise\u00f1o <strong>Slim Space<\/strong>, ideal incluso para cocinas modernas con espacios reducidos.<\/span><\/p>\n<p style=\"text-align: justify;\"><span style=\"color: #000000;\">Todas las refrigeradoras French Door de LG cuentan con <strong>Compresor Inverter<\/strong>, que garantiza un funcionamiento m\u00e1s silencioso, mayor durabilidad y un <strong>ahorro energ\u00e9tico significativo<\/strong>, alineado con las necesidades actuales de eficiencia en el hogar. A esto se suma la conectividad <strong>LG ThinQ&#x2122;<\/strong>, que permite controlar y monitorear el refrigerador desde el smartphone, recibir alertas y optimizar su desempe\u00f1o de forma remota, aportando mayor tranquilidad al usuario.<\/span><\/p>\n<p style=\"text-align: justify;\"><span style=\"color: #000000;\">La tecnolog\u00eda <strong>Door Cooling&#x2122;<\/strong> incorpora una salida de aire fr\u00edo exclusiva ubicada en la parte superior del refrigerador, dise\u00f1ada para enfriar de manera m\u00e1s r\u00e1pida y uniforme los alimentos almacenados en los compartimentos de la puerta. Esto ayuda a mantener temperaturas m\u00e1s estables en esta zona, favoreciendo una mejor conservaci\u00f3n de bebidas y productos de uso frecuente. En las versiones que incorporan dispensador de agua y hielo, los usuarios pueden disfrutar de distintas opciones de hielo, incluyendo cubos, hielo triturado y <strong>Craft Ice&#x2122;<\/strong>, el exclusivo hielo esf\u00e9rico de derretimiento lento, ideal tanto para el uso diario como para momentos especiales.<\/span><\/p>\n<p style=\"text-align: justify;\"><span style=\"color: #000000;\">Pensando en la experiencia completa del consumidor, LG ofrece <strong>filtros de agua originales<\/strong>, disponibles en cualquiera de sus <strong>talleres autorizados a nivel nacional<\/strong>, asegurando un funcionamiento \u00f3ptimo del dispensador y la calidad del agua. Adem\u00e1s, para las versiones <strong>InstaView&#x2122; con dispensador<\/strong>, la marca brinda un servicio de <strong>instalaci\u00f3n VIP en las principales ciudades del pa\u00eds<\/strong>, acompa\u00f1ado de una amplia <strong>cobertura de servicio t\u00e9cnico<\/strong> en todo el Ecuador.<\/span><\/p>\n<p style=\"text-align: justify;\"><span style=\"color: #000000;\">\u201cEn LG dise\u00f1amos nuestras refrigeradoras pensando en c\u00f3mo el cliente vive y usa su cocina. Nuestro portafolio French Door combina capacidad, eficiencia y tecnolog\u00eda inteligente para hacer m\u00e1s simple la vida diaria y elevar la experiencia en el hogar\u201d, se\u00f1al\u00f3 Ricardo Pillajo, Product Manager de la l\u00ednea Home Solutions de LG Electronics Ecuador.<\/span><\/p>\n<p style=\"text-align: justify;\"><span style=\"color: #000000;\">Con esta propuesta, LG reafirma su compromiso de ofrecer <strong>electrodom\u00e9sticos centrados en el usuario<\/strong>, que integran innovaci\u00f3n, dise\u00f1o y un s\u00f3lido respaldo de servicio para acompa\u00f1ar a los hogares ecuatorianos todos los d\u00edas.<\/span><\/p>\n<p style=\"text-align: justify;\"><span style=\"color: #000000;\">Todos los modelos est\u00e1n <strong>disponibles a nivel nacional<\/strong> en las principales cadenas comerciales y en la tienda online <a style=\"color: #000000;\" href=\"http:\/\/www.lgshop.com.ec\/\"><strong>LG Shop<\/strong><\/a>, con garant\u00eda y respaldo oficial de la marca.<\/span><\/p>\n<p style=\"text-align: justify;\"><span style=\"color: #000000;\">Para obtener m\u00e1s informaci\u00f3n, visite el sitio web oficial de LG: <a style=\"color: #000000;\" href=\"https:\/\/www.lg.com\/ec\">https:\/\/www.lg.com\/ec<\/a> y siga las redes sociales de la marca: Instagram: <a style=\"color: #000000;\" href=\"https:\/\/www.instagram.com\/lg_ecuador\/\">LGEcuador<\/a>, Facebook: <a style=\"color: #000000;\" href=\"https:\/\/www.facebook.com\/LGEcuador\">LGEcuador<\/a>, YouTube: <a style=\"color: #000000;\" href=\"https:\/\/www.youtube.com\/@LGEcuador\">LGEcuador<\/a>.<\/span><\/p>\n<p><img decoding=\"async\" class=\"aligncenter size-full wp-image-140734\" src=\"https:\/\/www.quebakan.com\/v15\/wp-content\/uploads\/2026\/03\/boletin-frenchDoor-03b.jpg\" alt=\"\" width=\"700\" height=\"467\" \/><\/p>\n<p>&nbsp;<\/p>\n<p><img decoding=\"async\" class=\"aligncenter size-full wp-image-140735\" src=\"https:\/\/www.quebakan.com\/v15\/wp-content\/uploads\/2026\/03\/boletin-frenchDoor-02.jpg\" alt=\"\" width=\"700\" height=\"467\" \/><\/p>\n<p>&nbsp;<\/p>\n<p><img loading=\"lazy\" decoding=\"async\" class=\"aligncenter size-full wp-image-140736\" src=\"https:\/\/www.quebakan.com\/v15\/wp-content\/uploads\/2026\/03\/boletin-frenchDoor-b2.jpg\" alt=\"\" width=\"700\" height=\"467\" \/><\/p>\n","protected":false},"excerpt":{"rendered":"<p>Dise\u00f1o premium, gran capacidad y tecnolog\u00eda inteligente que se adapta al ritmo de cada hogar Ecuador, 9 de marzo de 2026 \u2013 LG Electronics contin\u00faa transformando la experiencia en la cocina con su portafolio de refrigeradoras French Door, una l\u00ednea dise\u00f1ada para hogares que buscan mayor capacidad, eficiencia energ\u00e9tica y tecnolog\u00eda inteligente, sin renunciar al [&hellip;]<\/p>\n","protected":false},"author":4,"featured_media":140733,"comment_status":"closed","ping_status":"closed","sticky":false,"template":"","format":"standard","meta":{"_bbp_topic_count":0,"_bbp_reply_count":0,"_bbp_total_topic_count":0,"_bbp_total_reply_count":0,"_bbp_voice_count":0,"_bbp_anonymous_reply_count":0,"_bbp_topic_count_hidden":0,"_bbp_reply_count_hidden":0,"_bbp_forum_subforum_count":0,"buzzeditor_post_format":"","footnotes":""},"categories":[2],"tags":[],"class_list":["post-140732","post","type-post","status-publish","format-standard","has-post-thumbnail","hentry","category-noticias"],"yoast_head":"<!-- This site is optimized with the Yoast SEO plugin v27.5 - https:\/\/yoast.com\/product\/yoast-seo-wordpress\/ -->\n<title>LG eleva la experiencia en la cocina con su portafolio de refrigeradoras French Door en Ecuador &#8211; QUEBAKAN.COM 2026: Noticias, Eventos, Conciertos y mucho m\u00e1s....<\/title>\n<meta name=\"robots\" content=\"index, follow, max-snippet:-1, max-image-preview:large, max-video-preview:-1\" \/>\n<link rel=\"canonical\" href=\"https:\/\/www.quebakan.com\/v15\/lg-eleva-la-experiencia-en-la-cocina-con-su-portafolio-de-refrigeradoras-french-door-en-ecuador\/\" \/>\n<meta property=\"og:locale\" content=\"es_ES\" \/>\n<meta property=\"og:type\" content=\"article\" \/>\n<meta property=\"og:title\" content=\"LG eleva la experiencia en la cocina con su portafolio de refrigeradoras French Door en Ecuador &#8211; QUEBAKAN.COM 2026: Noticias, Eventos, Conciertos y mucho m\u00e1s....\" \/>\n<meta property=\"og:description\" content=\"Dise\u00f1o premium, gran capacidad y tecnolog\u00eda inteligente que se adapta al ritmo de cada hogar Ecuador, 9 de marzo de 2026 \u2013 LG Electronics contin\u00faa transformando la experiencia en la cocina con su portafolio de refrigeradoras French Door, una l\u00ednea dise\u00f1ada para hogares que buscan mayor capacidad, eficiencia energ\u00e9tica y tecnolog\u00eda inteligente, sin renunciar al [&hellip;]\" \/>\n<meta property=\"og:url\" content=\"https:\/\/www.quebakan.com\/v15\/lg-eleva-la-experiencia-en-la-cocina-con-su-portafolio-de-refrigeradoras-french-door-en-ecuador\/\" \/>\n<meta property=\"og:site_name\" content=\"QUEBAKAN.COM 2026: Noticias, Eventos, Conciertos y mucho m\u00e1s....\" \/>\n<meta property=\"article:publisher\" content=\"http:\/\/www.facebook.com\/quebakan\" \/>\n<meta property=\"article:published_time\" content=\"2026-03-14T06:05:42+00:00\" \/>\n<meta property=\"og:image\" content=\"https:\/\/www.quebakan.com\/v15\/wp-content\/uploads\/2026\/03\/boletin-frenchDoor-b.jpg\" \/>\n\t<meta property=\"og:image:width\" content=\"700\" \/>\n\t<meta property=\"og:image:height\" content=\"467\" \/>\n\t<meta property=\"og:image:type\" content=\"image\/jpeg\" \/>\n<meta name=\"author\" content=\"Erick Villafuerte\" \/>\n<meta name=\"twitter:card\" content=\"summary_large_image\" \/>\n<meta name=\"twitter:creator\" content=\"@quebakanec\" \/>\n<meta name=\"twitter:site\" content=\"@quebakanec\" \/>\n<meta name=\"twitter:label1\" content=\"Escrito por\" \/>\n\t<meta name=\"twitter:data1\" content=\"Erick Villafuerte\" \/>\n\t<meta name=\"twitter:label2\" content=\"Tiempo de lectura\" \/>\n\t<meta name=\"twitter:data2\" content=\"4 minutos\" \/>\n<script type=\"application\/ld+json\" class=\"yoast-schema-graph\">{\"@context\":\"https:\\\/\\\/schema.org\",\"@graph\":[{\"@type\":\"Article\",\"@id\":\"https:\\\/\\\/www.quebakan.com\\\/v15\\\/lg-eleva-la-experiencia-en-la-cocina-con-su-portafolio-de-refrigeradoras-french-door-en-ecuador\\\/#article\",\"isPartOf\":{\"@id\":\"https:\\\/\\\/www.quebakan.com\\\/v15\\\/lg-eleva-la-experiencia-en-la-cocina-con-su-portafolio-de-refrigeradoras-french-door-en-ecuador\\\/\"},\"author\":{\"name\":\"Erick Villafuerte\",\"@id\":\"https:\\\/\\\/www.quebakan.com\\\/v15\\\/#\\\/schema\\\/person\\\/d90fa9f9cfa81eb8ace9811e5b7b9118\"},\"headline\":\"LG eleva la experiencia en la cocina con su portafolio de refrigeradoras French Door en Ecuador\",\"datePublished\":\"2026-03-14T06:05:42+00:00\",\"mainEntityOfPage\":{\"@id\":\"https:\\\/\\\/www.quebakan.com\\\/v15\\\/lg-eleva-la-experiencia-en-la-cocina-con-su-portafolio-de-refrigeradoras-french-door-en-ecuador\\\/\"},\"wordCount\":594,\"publisher\":{\"@id\":\"https:\\\/\\\/www.quebakan.com\\\/v15\\\/#organization\"},\"image\":{\"@id\":\"https:\\\/\\\/www.quebakan.com\\\/v15\\\/lg-eleva-la-experiencia-en-la-cocina-con-su-portafolio-de-refrigeradoras-french-door-en-ecuador\\\/#primaryimage\"},\"thumbnailUrl\":\"https:\\\/\\\/www.quebakan.com\\\/v15\\\/wp-content\\\/uploads\\\/2026\\\/03\\\/boletin-frenchDoor-b.jpg\",\"articleSection\":[\"Noticias\"],\"inLanguage\":\"es\"},{\"@type\":\"WebPage\",\"@id\":\"https:\\\/\\\/www.quebakan.com\\\/v15\\\/lg-eleva-la-experiencia-en-la-cocina-con-su-portafolio-de-refrigeradoras-french-door-en-ecuador\\\/\",\"url\":\"https:\\\/\\\/www.quebakan.com\\\/v15\\\/lg-eleva-la-experiencia-en-la-cocina-con-su-portafolio-de-refrigeradoras-french-door-en-ecuador\\\/\",\"name\":\"LG eleva la experiencia en la cocina con su portafolio de refrigeradoras French Door en Ecuador &#8211; QUEBAKAN.COM 2026: Noticias, Eventos, Conciertos y mucho m\u00e1s....\",\"isPartOf\":{\"@id\":\"https:\\\/\\\/www.quebakan.com\\\/v15\\\/#website\"},\"primaryImageOfPage\":{\"@id\":\"https:\\\/\\\/www.quebakan.com\\\/v15\\\/lg-eleva-la-experiencia-en-la-cocina-con-su-portafolio-de-refrigeradoras-french-door-en-ecuador\\\/#primaryimage\"},\"image\":{\"@id\":\"https:\\\/\\\/www.quebakan.com\\\/v15\\\/lg-eleva-la-experiencia-en-la-cocina-con-su-portafolio-de-refrigeradoras-french-door-en-ecuador\\\/#primaryimage\"},\"thumbnailUrl\":\"https:\\\/\\\/www.quebakan.com\\\/v15\\\/wp-content\\\/uploads\\\/2026\\\/03\\\/boletin-frenchDoor-b.jpg\",\"datePublished\":\"2026-03-14T06:05:42+00:00\",\"breadcrumb\":{\"@id\":\"https:\\\/\\\/www.quebakan.com\\\/v15\\\/lg-eleva-la-experiencia-en-la-cocina-con-su-portafolio-de-refrigeradoras-french-door-en-ecuador\\\/#breadcrumb\"},\"inLanguage\":\"es\",\"potentialAction\":[{\"@type\":\"ReadAction\",\"target\":[\"https:\\\/\\\/www.quebakan.com\\\/v15\\\/lg-eleva-la-experiencia-en-la-cocina-con-su-portafolio-de-refrigeradoras-french-door-en-ecuador\\\/\"]}]},{\"@type\":\"ImageObject\",\"inLanguage\":\"es\",\"@id\":\"https:\\\/\\\/www.quebakan.com\\\/v15\\\/lg-eleva-la-experiencia-en-la-cocina-con-su-portafolio-de-refrigeradoras-french-door-en-ecuador\\\/#primaryimage\",\"url\":\"https:\\\/\\\/www.quebakan.com\\\/v15\\\/wp-content\\\/uploads\\\/2026\\\/03\\\/boletin-frenchDoor-b.jpg\",\"contentUrl\":\"https:\\\/\\\/www.quebakan.com\\\/v15\\\/wp-content\\\/uploads\\\/2026\\\/03\\\/boletin-frenchDoor-b.jpg\",\"width\":700,\"height\":467},{\"@type\":\"BreadcrumbList\",\"@id\":\"https:\\\/\\\/www.quebakan.com\\\/v15\\\/lg-eleva-la-experiencia-en-la-cocina-con-su-portafolio-de-refrigeradoras-french-door-en-ecuador\\\/#breadcrumb\",\"itemListElement\":[{\"@type\":\"ListItem\",\"position\":1,\"name\":\"Portada\",\"item\":\"https:\\\/\\\/www.quebakan.com\\\/v15\\\/\"},{\"@type\":\"ListItem\",\"position\":2,\"name\":\"LG eleva la experiencia en la cocina con su portafolio de refrigeradoras French Door en Ecuador\"}]},{\"@type\":\"WebSite\",\"@id\":\"https:\\\/\\\/www.quebakan.com\\\/v15\\\/#website\",\"url\":\"https:\\\/\\\/www.quebakan.com\\\/v15\\\/\",\"name\":\"QUEBAKAN\",\"description\":\"..\",\"publisher\":{\"@id\":\"https:\\\/\\\/www.quebakan.com\\\/v15\\\/#organization\"},\"potentialAction\":[{\"@type\":\"SearchAction\",\"target\":{\"@type\":\"EntryPoint\",\"urlTemplate\":\"https:\\\/\\\/www.quebakan.com\\\/v15\\\/?s={search_term_string}\"},\"query-input\":{\"@type\":\"PropertyValueSpecification\",\"valueRequired\":true,\"valueName\":\"search_term_string\"}}],\"inLanguage\":\"es\"},{\"@type\":\"Organization\",\"@id\":\"https:\\\/\\\/www.quebakan.com\\\/v15\\\/#organization\",\"name\":\"Quebakan.com\",\"url\":\"https:\\\/\\\/www.quebakan.com\\\/v15\\\/\",\"logo\":{\"@type\":\"ImageObject\",\"inLanguage\":\"es\",\"@id\":\"https:\\\/\\\/www.quebakan.com\\\/v15\\\/#\\\/schema\\\/logo\\\/image\\\/\",\"url\":\"https:\\\/\\\/www.quebakan.com\\\/v15\\\/wp-content\\\/uploads\\\/2023\\\/07\\\/logoquebakanenero2021.jpg\",\"contentUrl\":\"https:\\\/\\\/www.quebakan.com\\\/v15\\\/wp-content\\\/uploads\\\/2023\\\/07\\\/logoquebakanenero2021.jpg\",\"width\":1920,\"height\":1080,\"caption\":\"Quebakan.com\"},\"image\":{\"@id\":\"https:\\\/\\\/www.quebakan.com\\\/v15\\\/#\\\/schema\\\/logo\\\/image\\\/\"},\"sameAs\":[\"http:\\\/\\\/www.facebook.com\\\/quebakan\",\"https:\\\/\\\/x.com\\\/quebakanec\",\"http:\\\/\\\/www.instagram.com\\\/quebakan\",\"http:\\\/\\\/www.youtube.com\\\/quebakan1\"]},{\"@type\":\"Person\",\"@id\":\"https:\\\/\\\/www.quebakan.com\\\/v15\\\/#\\\/schema\\\/person\\\/d90fa9f9cfa81eb8ace9811e5b7b9118\",\"name\":\"Erick Villafuerte\",\"image\":{\"@type\":\"ImageObject\",\"inLanguage\":\"es\",\"@id\":\"https:\\\/\\\/www.quebakan.com\\\/v15\\\/wp-content\\\/uploads\\\/avatars\\\/4\\\/1731297654-bpfull.png\",\"url\":\"https:\\\/\\\/www.quebakan.com\\\/v15\\\/wp-content\\\/uploads\\\/avatars\\\/4\\\/1731297654-bpfull.png\",\"contentUrl\":\"https:\\\/\\\/www.quebakan.com\\\/v15\\\/wp-content\\\/uploads\\\/avatars\\\/4\\\/1731297654-bpfull.png\",\"caption\":\"Erick Villafuerte\"}}]}<\/script>\n<!-- \/ Yoast SEO plugin. -->","yoast_head_json":{"title":"LG eleva la experiencia en la cocina con su portafolio de refrigeradoras French Door en Ecuador &#8211; QUEBAKAN.COM 2026: Noticias, Eventos, Conciertos y mucho m\u00e1s....","robots":{"index":"index","follow":"follow","max-snippet":"max-snippet:-1","max-image-preview":"max-image-preview:large","max-video-preview":"max-video-preview:-1"},"canonical":"https:\/\/www.quebakan.com\/v15\/lg-eleva-la-experiencia-en-la-cocina-con-su-portafolio-de-refrigeradoras-french-door-en-ecuador\/","og_locale":"es_ES","og_type":"article","og_title":"LG eleva la experiencia en la cocina con su portafolio de refrigeradoras French Door en Ecuador &#8211; QUEBAKAN.COM 2026: Noticias, Eventos, Conciertos y mucho m\u00e1s....","og_description":"Dise\u00f1o premium, gran capacidad y tecnolog\u00eda inteligente que se adapta al ritmo de cada hogar Ecuador, 9 de marzo de 2026 \u2013 LG Electronics contin\u00faa transformando la experiencia en la cocina con su portafolio de refrigeradoras French Door, una l\u00ednea dise\u00f1ada para hogares que buscan mayor capacidad, eficiencia energ\u00e9tica y tecnolog\u00eda inteligente, sin renunciar al [&hellip;]","og_url":"https:\/\/www.quebakan.com\/v15\/lg-eleva-la-experiencia-en-la-cocina-con-su-portafolio-de-refrigeradoras-french-door-en-ecuador\/","og_site_name":"QUEBAKAN.COM 2026: Noticias, Eventos, Conciertos y mucho m\u00e1s....","article_publisher":"http:\/\/www.facebook.com\/quebakan","article_published_time":"2026-03-14T06:05:42+00:00","og_image":[{"width":700,"height":467,"url":"https:\/\/www.quebakan.com\/v15\/wp-content\/uploads\/2026\/03\/boletin-frenchDoor-b.jpg","type":"image\/jpeg"}],"author":"Erick Villafuerte","twitter_card":"summary_large_image","twitter_creator":"@quebakanec","twitter_site":"@quebakanec","twitter_misc":{"Escrito por":"Erick Villafuerte","Tiempo de lectura":"4 minutos"},"schema":{"@context":"https:\/\/schema.org","@graph":[{"@type":"Article","@id":"https:\/\/www.quebakan.com\/v15\/lg-eleva-la-experiencia-en-la-cocina-con-su-portafolio-de-refrigeradoras-french-door-en-ecuador\/#article","isPartOf":{"@id":"https:\/\/www.quebakan.com\/v15\/lg-eleva-la-experiencia-en-la-cocina-con-su-portafolio-de-refrigeradoras-french-door-en-ecuador\/"},"author":{"name":"Erick Villafuerte","@id":"https:\/\/www.quebakan.com\/v15\/#\/schema\/person\/d90fa9f9cfa81eb8ace9811e5b7b9118"},"headline":"LG eleva la experiencia en la cocina con su portafolio de refrigeradoras French Door en Ecuador","datePublished":"2026-03-14T06:05:42+00:00","mainEntityOfPage":{"@id":"https:\/\/www.quebakan.com\/v15\/lg-eleva-la-experiencia-en-la-cocina-con-su-portafolio-de-refrigeradoras-french-door-en-ecuador\/"},"wordCount":594,"publisher":{"@id":"https:\/\/www.quebakan.com\/v15\/#organization"},"image":{"@id":"https:\/\/www.quebakan.com\/v15\/lg-eleva-la-experiencia-en-la-cocina-con-su-portafolio-de-refrigeradoras-french-door-en-ecuador\/#primaryimage"},"thumbnailUrl":"https:\/\/www.quebakan.com\/v15\/wp-content\/uploads\/2026\/03\/boletin-frenchDoor-b.jpg","articleSection":["Noticias"],"inLanguage":"es"},{"@type":"WebPage","@id":"https:\/\/www.quebakan.com\/v15\/lg-eleva-la-experiencia-en-la-cocina-con-su-portafolio-de-refrigeradoras-french-door-en-ecuador\/","url":"https:\/\/www.quebakan.com\/v15\/lg-eleva-la-experiencia-en-la-cocina-con-su-portafolio-de-refrigeradoras-french-door-en-ecuador\/","name":"LG eleva la experiencia en la cocina con su portafolio de refrigeradoras French Door en Ecuador &#8211; QUEBAKAN.COM 2026: Noticias, Eventos, Conciertos y mucho m\u00e1s....","isPartOf":{"@id":"https:\/\/www.quebakan.com\/v15\/#website"},"primaryImageOfPage":{"@id":"https:\/\/www.quebakan.com\/v15\/lg-eleva-la-experiencia-en-la-cocina-con-su-portafolio-de-refrigeradoras-french-door-en-ecuador\/#primaryimage"},"image":{"@id":"https:\/\/www.quebakan.com\/v15\/lg-eleva-la-experiencia-en-la-cocina-con-su-portafolio-de-refrigeradoras-french-door-en-ecuador\/#primaryimage"},"thumbnailUrl":"https:\/\/www.quebakan.com\/v15\/wp-content\/uploads\/2026\/03\/boletin-frenchDoor-b.jpg","datePublished":"2026-03-14T06:05:42+00:00","breadcrumb":{"@id":"https:\/\/www.quebakan.com\/v15\/lg-eleva-la-experiencia-en-la-cocina-con-su-portafolio-de-refrigeradoras-french-door-en-ecuador\/#breadcrumb"},"inLanguage":"es","potentialAction":[{"@type":"ReadAction","target":["https:\/\/www.quebakan.com\/v15\/lg-eleva-la-experiencia-en-la-cocina-con-su-portafolio-de-refrigeradoras-french-door-en-ecuador\/"]}]},{"@type":"ImageObject","inLanguage":"es","@id":"https:\/\/www.quebakan.com\/v15\/lg-eleva-la-experiencia-en-la-cocina-con-su-portafolio-de-refrigeradoras-french-door-en-ecuador\/#primaryimage","url":"https:\/\/www.quebakan.com\/v15\/wp-content\/uploads\/2026\/03\/boletin-frenchDoor-b.jpg","contentUrl":"https:\/\/www.quebakan.com\/v15\/wp-content\/uploads\/2026\/03\/boletin-frenchDoor-b.jpg","width":700,"height":467},{"@type":"BreadcrumbList","@id":"https:\/\/www.quebakan.com\/v15\/lg-eleva-la-experiencia-en-la-cocina-con-su-portafolio-de-refrigeradoras-french-door-en-ecuador\/#breadcrumb","itemListElement":[{"@type":"ListItem","position":1,"name":"Portada","item":"https:\/\/www.quebakan.com\/v15\/"},{"@type":"ListItem","position":2,"name":"LG eleva la experiencia en la cocina con su portafolio de refrigeradoras French Door en Ecuador"}]},{"@type":"WebSite","@id":"https:\/\/www.quebakan.com\/v15\/#website","url":"https:\/\/www.quebakan.com\/v15\/","name":"QUEBAKAN","description":"..","publisher":{"@id":"https:\/\/www.quebakan.com\/v15\/#organization"},"potentialAction":[{"@type":"SearchAction","target":{"@type":"EntryPoint","urlTemplate":"https:\/\/www.quebakan.com\/v15\/?s={search_term_string}"},"query-input":{"@type":"PropertyValueSpecification","valueRequired":true,"valueName":"search_term_string"}}],"inLanguage":"es"},{"@type":"Organization","@id":"https:\/\/www.quebakan.com\/v15\/#organization","name":"Quebakan.com","url":"https:\/\/www.quebakan.com\/v15\/","logo":{"@type":"ImageObject","inLanguage":"es","@id":"https:\/\/www.quebakan.com\/v15\/#\/schema\/logo\/image\/","url":"https:\/\/www.quebakan.com\/v15\/wp-content\/uploads\/2023\/07\/logoquebakanenero2021.jpg","contentUrl":"https:\/\/www.quebakan.com\/v15\/wp-content\/uploads\/2023\/07\/logoquebakanenero2021.jpg","width":1920,"height":1080,"caption":"Quebakan.com"},"image":{"@id":"https:\/\/www.quebakan.com\/v15\/#\/schema\/logo\/image\/"},"sameAs":["http:\/\/www.facebook.com\/quebakan","https:\/\/x.com\/quebakanec","http:\/\/www.instagram.com\/quebakan","http:\/\/www.youtube.com\/quebakan1"]},{"@type":"Person","@id":"https:\/\/www.quebakan.com\/v15\/#\/schema\/person\/d90fa9f9cfa81eb8ace9811e5b7b9118","name":"Erick Villafuerte","image":{"@type":"ImageObject","inLanguage":"es","@id":"https:\/\/www.quebakan.com\/v15\/wp-content\/uploads\/avatars\/4\/1731297654-bpfull.png","url":"https:\/\/www.quebakan.com\/v15\/wp-content\/uploads\/avatars\/4\/1731297654-bpfull.png","contentUrl":"https:\/\/www.quebakan.com\/v15\/wp-content\/uploads\/avatars\/4\/1731297654-bpfull.png","caption":"Erick Villafuerte"}}]}},"_links":{"self":[{"href":"https:\/\/www.quebakan.com\/v15\/wp-json\/wp\/v2\/posts\/140732","targetHints":{"allow":["GET"]}}],"collection":[{"href":"https:\/\/www.quebakan.com\/v15\/wp-json\/wp\/v2\/posts"}],"about":[{"href":"https:\/\/www.quebakan.com\/v15\/wp-json\/wp\/v2\/types\/post"}],"author":[{"embeddable":true,"href":"https:\/\/www.quebakan.com\/v15\/wp-json\/wp\/v2\/users\/4"}],"replies":[{"embeddable":true,"href":"https:\/\/www.quebakan.com\/v15\/wp-json\/wp\/v2\/comments?post=140732"}],"version-history":[{"count":1,"href":"https:\/\/www.quebakan.com\/v15\/wp-json\/wp\/v2\/posts\/140732\/revisions"}],"predecessor-version":[{"id":140737,"href":"https:\/\/www.quebakan.com\/v15\/wp-json\/wp\/v2\/posts\/140732\/revisions\/140737"}],"wp:featuredmedia":[{"embeddable":true,"href":"https:\/\/www.quebakan.com\/v15\/wp-json\/wp\/v2\/media\/140733"}],"wp:attachment":[{"href":"https:\/\/www.quebakan.com\/v15\/wp-json\/wp\/v2\/media?parent=140732"}],"wp:term":[{"taxonomy":"category","embeddable":true,"href":"https:\/\/www.quebakan.com\/v15\/wp-json\/wp\/v2\/categories?post=140732"},{"taxonomy":"post_tag","embeddable":true,"href":"https:\/\/www.quebakan.com\/v15\/wp-json\/wp\/v2\/tags?post=140732"}],"curies":[{"name":"wp","href":"https:\/\/api.w.org\/{rel}","templated":true}]}}