{"id":140749,"date":"2026-03-15T22:58:45","date_gmt":"2026-03-16T03:58:45","guid":{"rendered":"https:\/\/www.quebakan.com\/v15\/?p=140749"},"modified":"2026-03-15T22:58:45","modified_gmt":"2026-03-16T03:58:45","slug":"elijolocal-invita-a-reflexionar-sobre-la-importancia-del-consumo-local-para-fortalecer-a-las-economias-comunitarias","status":"publish","type":"post","link":"https:\/\/www.quebakan.com\/v15\/elijolocal-invita-a-reflexionar-sobre-la-importancia-del-consumo-local-para-fortalecer-a-las-economias-comunitarias\/","title":{"rendered":"#ElijoLocal invita a reflexionar sobre la importancia del consumo local para fortalecer a las econom\u00edas comunitarias"},"content":{"rendered":"<p><img fetchpriority=\"high\" decoding=\"async\" class=\"aligncenter size-full wp-image-140750\" src=\"https:\/\/www.quebakan.com\/v15\/wp-content\/uploads\/2026\/03\/Campana-Elijo-Local.jpg\" alt=\"\" width=\"560\" height=\"700\" \/><\/p>\n<p style=\"text-align: justify;\"><span style=\"color: #000000;\">#ElijoLocal es la nueva campa\u00f1a impulsada por la Red Comparte y <strong>Hogar de Cristo Ecuador <\/strong>que busca sensibilizar a la ciudadan\u00eda sobre la importancia del consumo local y de cercan\u00eda, poniendo en valor su impacto social, econ\u00f3mico y comunitario en los barrios y territorios.<\/span><\/p>\n<p style=\"text-align: justify;\"><span style=\"color: #000000;\"><strong>\u00bfPor qu\u00e9 es importante el consumo local?<\/strong><\/span><\/p>\n<p style=\"text-align: justify;\"><span style=\"color: #000000;\">El consumo local es una decisi\u00f3n cotidiana con un impacto profundo:<\/span><\/p>\n<ul style=\"text-align: justify;\">\n<li><span style=\"color: #000000;\"><strong>Fortalece la econom\u00eda barrial y genera empleo,<\/strong> ya que el dinero circula dentro de la comunidad, creando un efecto multiplicador que beneficia a peque\u00f1os productores, comerciantes y sus familias.<\/span><\/li>\n<li><span style=\"color: #000000;\"><strong>Impulsa la equidad y la dignidad<\/strong>, al valorar el trabajo justo, el emprendimiento comunitario y las iniciativas de la econom\u00eda popular y solidaria.<\/span><\/li>\n<li><span style=\"color: #000000;\"><strong>Refuerza el tejido social<\/strong>, promoviendo relaciones de confianza, cercan\u00eda y apoyo mutuo entre vecinos y comerciantes.<\/span><\/li>\n<li><span style=\"color: #000000;\"><strong>Reduce el impacto ambiental<\/strong>, al disminuir las distancias de transporte, las emisiones contaminantes y la huella de carbono.<\/span><\/li>\n<li><span style=\"color: #000000;\"><strong>Sostiene la identidad y cultura local<\/strong>, reconociendo saberes, oficios y tradiciones propias de cada territorio.<\/span><\/li>\n<\/ul>\n<p style=\"text-align: justify;\"><span style=\"color: #000000;\">Desde la obra social <strong>Hogar de Cristo<\/strong> <strong>Ecuador<\/strong> impulsamos iniciativas econ\u00f3micas que fortalecen el consumo local y las econom\u00edas comunitarias. Un ejemplo es Resiliarte.ec, una tienda virtual que permite a emprendedoras y emprendedores comercializar productos como gastronom\u00eda, textiles, calzado y artesan\u00edas.<\/span><\/p>\n<p style=\"text-align: justify;\"><span style=\"color: #000000;\">A trav\u00e9s de esta plataforma, el consumo local beneficia directamente a las familias emprendedoras, fortaleciendo sus medios de vida y su autonom\u00eda. Adem\u00e1s, promovemos procesos de formaci\u00f3n en \u00e1reas administrativas, financieras, artes y oficios, inspirados en los principios de la Econom\u00eda Popular y Solidaria, para dinamizar las econom\u00edas locales y fortalecer el tejido social en las comunidades.<\/span><\/p>\n<p style=\"text-align: justify;\"><span style=\"color: #000000;\"><strong>Sobre la Red Comparte <\/strong><\/span><\/p>\n<p style=\"text-align: justify;\"><span style=\"color: #000000;\">Comparte es una red que nace en 2010 con el prop\u00f3sito de contribuir a la generaci\u00f3n de alternativas econ\u00f3mico-productivas que ofrezcan condiciones de vida digna a poblaciones excluidas en Am\u00e9rica Latina. Las entidades socias de la Red Comparte son organizaciones sociales \u2014tambi\u00e9n denominadas \u201ccentros sociales\u201d\u2014 con amplia trayectoria en el acompa\u00f1amiento a comunidades en situaci\u00f3n de vulnerabilidad. La mayor\u00eda de ellas est\u00e1n vinculadas a la red de Centros Sociales de la Compa\u00f1\u00eda de Jes\u00fas en Am\u00e9rica Latina.<\/span><\/p>\n<p style=\"text-align: justify;\"><span style=\"color: #000000;\">Con #ElijoLocal, la Red Comparte y Hogar de Cristo Ecuador reafirman su compromiso con la construcci\u00f3n de econom\u00edas comunitarias m\u00e1s justas, inclusivas y sostenibles, invitando a la ciudadan\u00eda a sumarse a esta apuesta desde una acci\u00f3n sencilla pero transformadora: elegir lo local.<\/span><\/p>\n<p><img decoding=\"async\" class=\"aligncenter size-full wp-image-140751\" src=\"https:\/\/www.quebakan.com\/v15\/wp-content\/uploads\/2026\/03\/Yo-ElijoLocal-02.jpg\" alt=\"\" width=\"467\" height=\"700\" \/><\/p>\n<p>&nbsp;<\/p>\n<p><img decoding=\"async\" class=\"aligncenter size-full wp-image-140752\" src=\"https:\/\/www.quebakan.com\/v15\/wp-content\/uploads\/2026\/03\/Yo-ElijoLocal-01.jpg\" alt=\"\" width=\"467\" height=\"700\" \/><\/p>\n","protected":false},"excerpt":{"rendered":"<p>#ElijoLocal es la nueva campa\u00f1a impulsada por la Red Comparte y Hogar de Cristo Ecuador que busca sensibilizar a la ciudadan\u00eda sobre la importancia del consumo local y de cercan\u00eda, poniendo en valor su impacto social, econ\u00f3mico y comunitario en los barrios y territorios. \u00bfPor qu\u00e9 es importante el consumo local? El consumo local es [&hellip;]<\/p>\n","protected":false},"author":4,"featured_media":140750,"comment_status":"closed","ping_status":"closed","sticky":false,"template":"","format":"standard","meta":{"_bbp_topic_count":0,"_bbp_reply_count":0,"_bbp_total_topic_count":0,"_bbp_total_reply_count":0,"_bbp_voice_count":0,"_bbp_anonymous_reply_count":0,"_bbp_topic_count_hidden":0,"_bbp_reply_count_hidden":0,"_bbp_forum_subforum_count":0,"buzzeditor_post_format":"","footnotes":""},"categories":[2],"tags":[],"class_list":["post-140749","post","type-post","status-publish","format-standard","has-post-thumbnail","hentry","category-noticias"],"yoast_head":"<!-- This site is optimized with the Yoast SEO plugin v27.5 - https:\/\/yoast.com\/product\/yoast-seo-wordpress\/ -->\n<title>#ElijoLocal invita a reflexionar sobre la importancia del consumo local para fortalecer a las econom\u00edas comunitarias &#8211; QUEBAKAN.COM 2026: Noticias, Eventos, Conciertos y mucho m\u00e1s....<\/title>\n<meta name=\"robots\" content=\"index, follow, max-snippet:-1, max-image-preview:large, max-video-preview:-1\" \/>\n<link rel=\"canonical\" href=\"https:\/\/www.quebakan.com\/v15\/elijolocal-invita-a-reflexionar-sobre-la-importancia-del-consumo-local-para-fortalecer-a-las-economias-comunitarias\/\" \/>\n<meta property=\"og:locale\" content=\"es_ES\" \/>\n<meta property=\"og:type\" content=\"article\" \/>\n<meta property=\"og:title\" content=\"#ElijoLocal invita a reflexionar sobre la importancia del consumo local para fortalecer a las econom\u00edas comunitarias &#8211; QUEBAKAN.COM 2026: Noticias, Eventos, Conciertos y mucho m\u00e1s....\" \/>\n<meta property=\"og:description\" content=\"#ElijoLocal es la nueva campa\u00f1a impulsada por la Red Comparte y Hogar de Cristo Ecuador que busca sensibilizar a la ciudadan\u00eda sobre la importancia del consumo local y de cercan\u00eda, poniendo en valor su impacto social, econ\u00f3mico y comunitario en los barrios y territorios. \u00bfPor qu\u00e9 es importante el consumo local? El consumo local es [&hellip;]\" \/>\n<meta property=\"og:url\" content=\"https:\/\/www.quebakan.com\/v15\/elijolocal-invita-a-reflexionar-sobre-la-importancia-del-consumo-local-para-fortalecer-a-las-economias-comunitarias\/\" \/>\n<meta property=\"og:site_name\" content=\"QUEBAKAN.COM 2026: Noticias, Eventos, Conciertos y mucho m\u00e1s....\" \/>\n<meta property=\"article:publisher\" content=\"http:\/\/www.facebook.com\/quebakan\" \/>\n<meta property=\"article:published_time\" content=\"2026-03-16T03:58:45+00:00\" \/>\n<meta property=\"og:image\" content=\"https:\/\/www.quebakan.com\/v15\/wp-content\/uploads\/2026\/03\/Campana-Elijo-Local.jpg\" \/>\n\t<meta property=\"og:image:width\" content=\"560\" \/>\n\t<meta property=\"og:image:height\" content=\"700\" \/>\n\t<meta property=\"og:image:type\" content=\"image\/jpeg\" \/>\n<meta name=\"author\" content=\"Erick Villafuerte\" \/>\n<meta name=\"twitter:card\" content=\"summary_large_image\" \/>\n<meta name=\"twitter:creator\" content=\"@quebakanec\" \/>\n<meta name=\"twitter:site\" content=\"@quebakanec\" \/>\n<meta name=\"twitter:label1\" content=\"Escrito por\" \/>\n\t<meta name=\"twitter:data1\" content=\"Erick Villafuerte\" \/>\n\t<meta name=\"twitter:label2\" content=\"Tiempo de lectura\" \/>\n\t<meta name=\"twitter:data2\" content=\"3 minutos\" \/>\n<script type=\"application\/ld+json\" class=\"yoast-schema-graph\">{\"@context\":\"https:\\\/\\\/schema.org\",\"@graph\":[{\"@type\":\"Article\",\"@id\":\"https:\\\/\\\/www.quebakan.com\\\/v15\\\/elijolocal-invita-a-reflexionar-sobre-la-importancia-del-consumo-local-para-fortalecer-a-las-economias-comunitarias\\\/#article\",\"isPartOf\":{\"@id\":\"https:\\\/\\\/www.quebakan.com\\\/v15\\\/elijolocal-invita-a-reflexionar-sobre-la-importancia-del-consumo-local-para-fortalecer-a-las-economias-comunitarias\\\/\"},\"author\":{\"name\":\"Erick Villafuerte\",\"@id\":\"https:\\\/\\\/www.quebakan.com\\\/v15\\\/#\\\/schema\\\/person\\\/d90fa9f9cfa81eb8ace9811e5b7b9118\"},\"headline\":\"#ElijoLocal invita a reflexionar sobre la importancia del consumo local para fortalecer a las econom\u00edas comunitarias\",\"datePublished\":\"2026-03-16T03:58:45+00:00\",\"mainEntityOfPage\":{\"@id\":\"https:\\\/\\\/www.quebakan.com\\\/v15\\\/elijolocal-invita-a-reflexionar-sobre-la-importancia-del-consumo-local-para-fortalecer-a-las-economias-comunitarias\\\/\"},\"wordCount\":438,\"publisher\":{\"@id\":\"https:\\\/\\\/www.quebakan.com\\\/v15\\\/#organization\"},\"image\":{\"@id\":\"https:\\\/\\\/www.quebakan.com\\\/v15\\\/elijolocal-invita-a-reflexionar-sobre-la-importancia-del-consumo-local-para-fortalecer-a-las-economias-comunitarias\\\/#primaryimage\"},\"thumbnailUrl\":\"https:\\\/\\\/www.quebakan.com\\\/v15\\\/wp-content\\\/uploads\\\/2026\\\/03\\\/Campana-Elijo-Local.jpg\",\"articleSection\":[\"Noticias\"],\"inLanguage\":\"es\"},{\"@type\":\"WebPage\",\"@id\":\"https:\\\/\\\/www.quebakan.com\\\/v15\\\/elijolocal-invita-a-reflexionar-sobre-la-importancia-del-consumo-local-para-fortalecer-a-las-economias-comunitarias\\\/\",\"url\":\"https:\\\/\\\/www.quebakan.com\\\/v15\\\/elijolocal-invita-a-reflexionar-sobre-la-importancia-del-consumo-local-para-fortalecer-a-las-economias-comunitarias\\\/\",\"name\":\"#ElijoLocal invita a reflexionar sobre la importancia del consumo local para fortalecer a las econom\u00edas comunitarias &#8211; QUEBAKAN.COM 2026: Noticias, Eventos, Conciertos y mucho m\u00e1s....\",\"isPartOf\":{\"@id\":\"https:\\\/\\\/www.quebakan.com\\\/v15\\\/#website\"},\"primaryImageOfPage\":{\"@id\":\"https:\\\/\\\/www.quebakan.com\\\/v15\\\/elijolocal-invita-a-reflexionar-sobre-la-importancia-del-consumo-local-para-fortalecer-a-las-economias-comunitarias\\\/#primaryimage\"},\"image\":{\"@id\":\"https:\\\/\\\/www.quebakan.com\\\/v15\\\/elijolocal-invita-a-reflexionar-sobre-la-importancia-del-consumo-local-para-fortalecer-a-las-economias-comunitarias\\\/#primaryimage\"},\"thumbnailUrl\":\"https:\\\/\\\/www.quebakan.com\\\/v15\\\/wp-content\\\/uploads\\\/2026\\\/03\\\/Campana-Elijo-Local.jpg\",\"datePublished\":\"2026-03-16T03:58:45+00:00\",\"breadcrumb\":{\"@id\":\"https:\\\/\\\/www.quebakan.com\\\/v15\\\/elijolocal-invita-a-reflexionar-sobre-la-importancia-del-consumo-local-para-fortalecer-a-las-economias-comunitarias\\\/#breadcrumb\"},\"inLanguage\":\"es\",\"potentialAction\":[{\"@type\":\"ReadAction\",\"target\":[\"https:\\\/\\\/www.quebakan.com\\\/v15\\\/elijolocal-invita-a-reflexionar-sobre-la-importancia-del-consumo-local-para-fortalecer-a-las-economias-comunitarias\\\/\"]}]},{\"@type\":\"ImageObject\",\"inLanguage\":\"es\",\"@id\":\"https:\\\/\\\/www.quebakan.com\\\/v15\\\/elijolocal-invita-a-reflexionar-sobre-la-importancia-del-consumo-local-para-fortalecer-a-las-economias-comunitarias\\\/#primaryimage\",\"url\":\"https:\\\/\\\/www.quebakan.com\\\/v15\\\/wp-content\\\/uploads\\\/2026\\\/03\\\/Campana-Elijo-Local.jpg\",\"contentUrl\":\"https:\\\/\\\/www.quebakan.com\\\/v15\\\/wp-content\\\/uploads\\\/2026\\\/03\\\/Campana-Elijo-Local.jpg\",\"width\":560,\"height\":700},{\"@type\":\"BreadcrumbList\",\"@id\":\"https:\\\/\\\/www.quebakan.com\\\/v15\\\/elijolocal-invita-a-reflexionar-sobre-la-importancia-del-consumo-local-para-fortalecer-a-las-economias-comunitarias\\\/#breadcrumb\",\"itemListElement\":[{\"@type\":\"ListItem\",\"position\":1,\"name\":\"Portada\",\"item\":\"https:\\\/\\\/www.quebakan.com\\\/v15\\\/\"},{\"@type\":\"ListItem\",\"position\":2,\"name\":\"#ElijoLocal invita a reflexionar sobre la importancia del consumo local para fortalecer a las econom\u00edas comunitarias\"}]},{\"@type\":\"WebSite\",\"@id\":\"https:\\\/\\\/www.quebakan.com\\\/v15\\\/#website\",\"url\":\"https:\\\/\\\/www.quebakan.com\\\/v15\\\/\",\"name\":\"QUEBAKAN\",\"description\":\"..\",\"publisher\":{\"@id\":\"https:\\\/\\\/www.quebakan.com\\\/v15\\\/#organization\"},\"potentialAction\":[{\"@type\":\"SearchAction\",\"target\":{\"@type\":\"EntryPoint\",\"urlTemplate\":\"https:\\\/\\\/www.quebakan.com\\\/v15\\\/?s={search_term_string}\"},\"query-input\":{\"@type\":\"PropertyValueSpecification\",\"valueRequired\":true,\"valueName\":\"search_term_string\"}}],\"inLanguage\":\"es\"},{\"@type\":\"Organization\",\"@id\":\"https:\\\/\\\/www.quebakan.com\\\/v15\\\/#organization\",\"name\":\"Quebakan.com\",\"url\":\"https:\\\/\\\/www.quebakan.com\\\/v15\\\/\",\"logo\":{\"@type\":\"ImageObject\",\"inLanguage\":\"es\",\"@id\":\"https:\\\/\\\/www.quebakan.com\\\/v15\\\/#\\\/schema\\\/logo\\\/image\\\/\",\"url\":\"https:\\\/\\\/www.quebakan.com\\\/v15\\\/wp-content\\\/uploads\\\/2023\\\/07\\\/logoquebakanenero2021.jpg\",\"contentUrl\":\"https:\\\/\\\/www.quebakan.com\\\/v15\\\/wp-content\\\/uploads\\\/2023\\\/07\\\/logoquebakanenero2021.jpg\",\"width\":1920,\"height\":1080,\"caption\":\"Quebakan.com\"},\"image\":{\"@id\":\"https:\\\/\\\/www.quebakan.com\\\/v15\\\/#\\\/schema\\\/logo\\\/image\\\/\"},\"sameAs\":[\"http:\\\/\\\/www.facebook.com\\\/quebakan\",\"https:\\\/\\\/x.com\\\/quebakanec\",\"http:\\\/\\\/www.instagram.com\\\/quebakan\",\"http:\\\/\\\/www.youtube.com\\\/quebakan1\"]},{\"@type\":\"Person\",\"@id\":\"https:\\\/\\\/www.quebakan.com\\\/v15\\\/#\\\/schema\\\/person\\\/d90fa9f9cfa81eb8ace9811e5b7b9118\",\"name\":\"Erick Villafuerte\",\"image\":{\"@type\":\"ImageObject\",\"inLanguage\":\"es\",\"@id\":\"https:\\\/\\\/www.quebakan.com\\\/v15\\\/wp-content\\\/uploads\\\/avatars\\\/4\\\/1731297654-bpfull.png\",\"url\":\"https:\\\/\\\/www.quebakan.com\\\/v15\\\/wp-content\\\/uploads\\\/avatars\\\/4\\\/1731297654-bpfull.png\",\"contentUrl\":\"https:\\\/\\\/www.quebakan.com\\\/v15\\\/wp-content\\\/uploads\\\/avatars\\\/4\\\/1731297654-bpfull.png\",\"caption\":\"Erick Villafuerte\"}}]}<\/script>\n<!-- \/ Yoast SEO plugin. -->","yoast_head_json":{"title":"#ElijoLocal invita a reflexionar sobre la importancia del consumo local para fortalecer a las econom\u00edas comunitarias &#8211; QUEBAKAN.COM 2026: Noticias, Eventos, Conciertos y mucho m\u00e1s....","robots":{"index":"index","follow":"follow","max-snippet":"max-snippet:-1","max-image-preview":"max-image-preview:large","max-video-preview":"max-video-preview:-1"},"canonical":"https:\/\/www.quebakan.com\/v15\/elijolocal-invita-a-reflexionar-sobre-la-importancia-del-consumo-local-para-fortalecer-a-las-economias-comunitarias\/","og_locale":"es_ES","og_type":"article","og_title":"#ElijoLocal invita a reflexionar sobre la importancia del consumo local para fortalecer a las econom\u00edas comunitarias &#8211; QUEBAKAN.COM 2026: Noticias, Eventos, Conciertos y mucho m\u00e1s....","og_description":"#ElijoLocal es la nueva campa\u00f1a impulsada por la Red Comparte y Hogar de Cristo Ecuador que busca sensibilizar a la ciudadan\u00eda sobre la importancia del consumo local y de cercan\u00eda, poniendo en valor su impacto social, econ\u00f3mico y comunitario en los barrios y territorios. \u00bfPor qu\u00e9 es importante el consumo local? El consumo local es [&hellip;]","og_url":"https:\/\/www.quebakan.com\/v15\/elijolocal-invita-a-reflexionar-sobre-la-importancia-del-consumo-local-para-fortalecer-a-las-economias-comunitarias\/","og_site_name":"QUEBAKAN.COM 2026: Noticias, Eventos, Conciertos y mucho m\u00e1s....","article_publisher":"http:\/\/www.facebook.com\/quebakan","article_published_time":"2026-03-16T03:58:45+00:00","og_image":[{"width":560,"height":700,"url":"https:\/\/www.quebakan.com\/v15\/wp-content\/uploads\/2026\/03\/Campana-Elijo-Local.jpg","type":"image\/jpeg"}],"author":"Erick Villafuerte","twitter_card":"summary_large_image","twitter_creator":"@quebakanec","twitter_site":"@quebakanec","twitter_misc":{"Escrito por":"Erick Villafuerte","Tiempo de lectura":"3 minutos"},"schema":{"@context":"https:\/\/schema.org","@graph":[{"@type":"Article","@id":"https:\/\/www.quebakan.com\/v15\/elijolocal-invita-a-reflexionar-sobre-la-importancia-del-consumo-local-para-fortalecer-a-las-economias-comunitarias\/#article","isPartOf":{"@id":"https:\/\/www.quebakan.com\/v15\/elijolocal-invita-a-reflexionar-sobre-la-importancia-del-consumo-local-para-fortalecer-a-las-economias-comunitarias\/"},"author":{"name":"Erick Villafuerte","@id":"https:\/\/www.quebakan.com\/v15\/#\/schema\/person\/d90fa9f9cfa81eb8ace9811e5b7b9118"},"headline":"#ElijoLocal invita a reflexionar sobre la importancia del consumo local para fortalecer a las econom\u00edas comunitarias","datePublished":"2026-03-16T03:58:45+00:00","mainEntityOfPage":{"@id":"https:\/\/www.quebakan.com\/v15\/elijolocal-invita-a-reflexionar-sobre-la-importancia-del-consumo-local-para-fortalecer-a-las-economias-comunitarias\/"},"wordCount":438,"publisher":{"@id":"https:\/\/www.quebakan.com\/v15\/#organization"},"image":{"@id":"https:\/\/www.quebakan.com\/v15\/elijolocal-invita-a-reflexionar-sobre-la-importancia-del-consumo-local-para-fortalecer-a-las-economias-comunitarias\/#primaryimage"},"thumbnailUrl":"https:\/\/www.quebakan.com\/v15\/wp-content\/uploads\/2026\/03\/Campana-Elijo-Local.jpg","articleSection":["Noticias"],"inLanguage":"es"},{"@type":"WebPage","@id":"https:\/\/www.quebakan.com\/v15\/elijolocal-invita-a-reflexionar-sobre-la-importancia-del-consumo-local-para-fortalecer-a-las-economias-comunitarias\/","url":"https:\/\/www.quebakan.com\/v15\/elijolocal-invita-a-reflexionar-sobre-la-importancia-del-consumo-local-para-fortalecer-a-las-economias-comunitarias\/","name":"#ElijoLocal invita a reflexionar sobre la importancia del consumo local para fortalecer a las econom\u00edas comunitarias &#8211; QUEBAKAN.COM 2026: Noticias, Eventos, Conciertos y mucho m\u00e1s....","isPartOf":{"@id":"https:\/\/www.quebakan.com\/v15\/#website"},"primaryImageOfPage":{"@id":"https:\/\/www.quebakan.com\/v15\/elijolocal-invita-a-reflexionar-sobre-la-importancia-del-consumo-local-para-fortalecer-a-las-economias-comunitarias\/#primaryimage"},"image":{"@id":"https:\/\/www.quebakan.com\/v15\/elijolocal-invita-a-reflexionar-sobre-la-importancia-del-consumo-local-para-fortalecer-a-las-economias-comunitarias\/#primaryimage"},"thumbnailUrl":"https:\/\/www.quebakan.com\/v15\/wp-content\/uploads\/2026\/03\/Campana-Elijo-Local.jpg","datePublished":"2026-03-16T03:58:45+00:00","breadcrumb":{"@id":"https:\/\/www.quebakan.com\/v15\/elijolocal-invita-a-reflexionar-sobre-la-importancia-del-consumo-local-para-fortalecer-a-las-economias-comunitarias\/#breadcrumb"},"inLanguage":"es","potentialAction":[{"@type":"ReadAction","target":["https:\/\/www.quebakan.com\/v15\/elijolocal-invita-a-reflexionar-sobre-la-importancia-del-consumo-local-para-fortalecer-a-las-economias-comunitarias\/"]}]},{"@type":"ImageObject","inLanguage":"es","@id":"https:\/\/www.quebakan.com\/v15\/elijolocal-invita-a-reflexionar-sobre-la-importancia-del-consumo-local-para-fortalecer-a-las-economias-comunitarias\/#primaryimage","url":"https:\/\/www.quebakan.com\/v15\/wp-content\/uploads\/2026\/03\/Campana-Elijo-Local.jpg","contentUrl":"https:\/\/www.quebakan.com\/v15\/wp-content\/uploads\/2026\/03\/Campana-Elijo-Local.jpg","width":560,"height":700},{"@type":"BreadcrumbList","@id":"https:\/\/www.quebakan.com\/v15\/elijolocal-invita-a-reflexionar-sobre-la-importancia-del-consumo-local-para-fortalecer-a-las-economias-comunitarias\/#breadcrumb","itemListElement":[{"@type":"ListItem","position":1,"name":"Portada","item":"https:\/\/www.quebakan.com\/v15\/"},{"@type":"ListItem","position":2,"name":"#ElijoLocal invita a reflexionar sobre la importancia del consumo local para fortalecer a las econom\u00edas comunitarias"}]},{"@type":"WebSite","@id":"https:\/\/www.quebakan.com\/v15\/#website","url":"https:\/\/www.quebakan.com\/v15\/","name":"QUEBAKAN","description":"..","publisher":{"@id":"https:\/\/www.quebakan.com\/v15\/#organization"},"potentialAction":[{"@type":"SearchAction","target":{"@type":"EntryPoint","urlTemplate":"https:\/\/www.quebakan.com\/v15\/?s={search_term_string}"},"query-input":{"@type":"PropertyValueSpecification","valueRequired":true,"valueName":"search_term_string"}}],"inLanguage":"es"},{"@type":"Organization","@id":"https:\/\/www.quebakan.com\/v15\/#organization","name":"Quebakan.com","url":"https:\/\/www.quebakan.com\/v15\/","logo":{"@type":"ImageObject","inLanguage":"es","@id":"https:\/\/www.quebakan.com\/v15\/#\/schema\/logo\/image\/","url":"https:\/\/www.quebakan.com\/v15\/wp-content\/uploads\/2023\/07\/logoquebakanenero2021.jpg","contentUrl":"https:\/\/www.quebakan.com\/v15\/wp-content\/uploads\/2023\/07\/logoquebakanenero2021.jpg","width":1920,"height":1080,"caption":"Quebakan.com"},"image":{"@id":"https:\/\/www.quebakan.com\/v15\/#\/schema\/logo\/image\/"},"sameAs":["http:\/\/www.facebook.com\/quebakan","https:\/\/x.com\/quebakanec","http:\/\/www.instagram.com\/quebakan","http:\/\/www.youtube.com\/quebakan1"]},{"@type":"Person","@id":"https:\/\/www.quebakan.com\/v15\/#\/schema\/person\/d90fa9f9cfa81eb8ace9811e5b7b9118","name":"Erick Villafuerte","image":{"@type":"ImageObject","inLanguage":"es","@id":"https:\/\/www.quebakan.com\/v15\/wp-content\/uploads\/avatars\/4\/1731297654-bpfull.png","url":"https:\/\/www.quebakan.com\/v15\/wp-content\/uploads\/avatars\/4\/1731297654-bpfull.png","contentUrl":"https:\/\/www.quebakan.com\/v15\/wp-content\/uploads\/avatars\/4\/1731297654-bpfull.png","caption":"Erick Villafuerte"}}]}},"_links":{"self":[{"href":"https:\/\/www.quebakan.com\/v15\/wp-json\/wp\/v2\/posts\/140749","targetHints":{"allow":["GET"]}}],"collection":[{"href":"https:\/\/www.quebakan.com\/v15\/wp-json\/wp\/v2\/posts"}],"about":[{"href":"https:\/\/www.quebakan.com\/v15\/wp-json\/wp\/v2\/types\/post"}],"author":[{"embeddable":true,"href":"https:\/\/www.quebakan.com\/v15\/wp-json\/wp\/v2\/users\/4"}],"replies":[{"embeddable":true,"href":"https:\/\/www.quebakan.com\/v15\/wp-json\/wp\/v2\/comments?post=140749"}],"version-history":[{"count":1,"href":"https:\/\/www.quebakan.com\/v15\/wp-json\/wp\/v2\/posts\/140749\/revisions"}],"predecessor-version":[{"id":140753,"href":"https:\/\/www.quebakan.com\/v15\/wp-json\/wp\/v2\/posts\/140749\/revisions\/140753"}],"wp:featuredmedia":[{"embeddable":true,"href":"https:\/\/www.quebakan.com\/v15\/wp-json\/wp\/v2\/media\/140750"}],"wp:attachment":[{"href":"https:\/\/www.quebakan.com\/v15\/wp-json\/wp\/v2\/media?parent=140749"}],"wp:term":[{"taxonomy":"category","embeddable":true,"href":"https:\/\/www.quebakan.com\/v15\/wp-json\/wp\/v2\/categories?post=140749"},{"taxonomy":"post_tag","embeddable":true,"href":"https:\/\/www.quebakan.com\/v15\/wp-json\/wp\/v2\/tags?post=140749"}],"curies":[{"name":"wp","href":"https:\/\/api.w.org\/{rel}","templated":true}]}}