{"id":140757,"date":"2026-03-15T23:43:18","date_gmt":"2026-03-16T04:43:18","guid":{"rendered":"https:\/\/www.quebakan.com\/v15\/?p=140757"},"modified":"2026-03-15T23:43:18","modified_gmt":"2026-03-16T04:43:18","slug":"el-pan-integral-con-extra-proteina-mejora-la-calidad-nutricional-de-la-dieta-diaria","status":"publish","type":"post","link":"https:\/\/www.quebakan.com\/v15\/el-pan-integral-con-extra-proteina-mejora-la-calidad-nutricional-de-la-dieta-diaria\/","title":{"rendered":"El pan integral con extra prote\u00edna mejora la calidad nutricional de la dieta diaria"},"content":{"rendered":"<p><img fetchpriority=\"high\" decoding=\"async\" class=\"aligncenter size-full wp-image-140758\" src=\"https:\/\/www.quebakan.com\/v15\/wp-content\/uploads\/2026\/03\/ExtraProteina_ModernaAlimentos-2-1.jpg\" alt=\"\" width=\"700\" height=\"525\" \/><\/p>\n<ul>\n<li style=\"text-align: justify;\"><span style=\"color: #000000;\">La categor\u00eda integral evoluciona con propuestas que elevan su perfil nutricional sin cambiar h\u00e1bitos de consumo.<\/span><\/li>\n<li style=\"text-align: justify;\"><span style=\"color: #000000;\">La incorporaci\u00f3n de extra-prote\u00edna vegetal refleja una tendencia hacia alimentos cotidianos con mayor valor agregado.<\/span><\/li>\n<li style=\"text-align: justify;\"><span style=\"color: #000000;\">Innovar en pan hoy significa equilibrar tradici\u00f3n, calidad proteica y funcionalidad en la dieta diaria.<\/span><\/li>\n<\/ul>\n<p style=\"text-align: justify;\"><span style=\"color: #000000;\"><strong>Quito, 13 de marzo de 2026. <\/strong>El pan es uno de los alimentos m\u00e1s presentes en la dieta diaria. Sin embargo, en un contexto donde los consumidores buscan mayor saciedad, mejor distribuci\u00f3n de prote\u00edna a lo largo del d\u00eda y alimentos con valor agregado, incluso esta categor\u00eda tradicional empieza a transformarse.<\/span><\/p>\n<p style=\"text-align: justify;\"><span style=\"color: #000000;\">Uno de los cambios m\u00e1s relevantes en nutrici\u00f3n es entender que no solo importa la cantidad de prote\u00edna, sino su calidad. La Organizaci\u00f3n de las Naciones Unidas para la Alimentaci\u00f3n y la Agricultura (FAO) recomienda que la calidad de la prote\u00edna se eval\u00fae en funci\u00f3n del contenido de amino\u00e1cidos indispensables digestibles, proponiendo el m\u00e9todo DIAAS como est\u00e1ndar actualizado para esta medici\u00f3n<a style=\"color: #000000;\" href=\"#_edn1\" name=\"_ednref1\">[i]<\/a>.<\/span><\/p>\n<p style=\"text-align: justify;\"><span style=\"color: #000000;\">La prote\u00edna es un macronutriente esencial para el organismo. Participa en la formaci\u00f3n y reparaci\u00f3n de tejidos, el mantenimiento de la masa muscular y en procesos clave del metabolismo, como la producci\u00f3n de enzimas y hormonas. Por esta raz\u00f3n, especialistas en nutrici\u00f3n recomiendan asegurar su consumo dentro de una alimentaci\u00f3n equilibrada y distribuirlo a lo largo del d\u00eda.<a style=\"color: #000000;\" href=\"#_edn2\" name=\"_ednref2\">[ii]<\/a><\/span><\/p>\n<p style=\"text-align: justify;\"><span style=\"color: #000000;\">Desde el punto de vista cient\u00edfico, combinar cereales y leguminosas es una estrategia conocida para mejorar el perfil de amino\u00e1cidos. Los cereales suelen ser limitados en lisina, mientras que las legumbres presentan menor proporci\u00f3n de amino\u00e1cidos azufrados; al integrarse, pueden complementarse. Revisiones cient\u00edficas publicadas en <em>Nutrients<\/em> destacan que la combinaci\u00f3n estrat\u00e9gica de prote\u00ednas vegetales puede mejorar el perfil de amino\u00e1cidos cuando se integran fuentes complementarias como cereales y leguminosas<a style=\"color: #000000;\" href=\"#_edn3\" name=\"_ednref3\">[iii]<\/a><\/span><\/p>\n<p style=\"text-align: justify;\"><span style=\"color: #000000;\">Adem\u00e1s del aporte proteico, la incorporaci\u00f3n de semillas como linaza y girasol suma grasas insaturadas, vitamina E, fibra y minerales como magnesio. La Organizaci\u00f3n Mundial de la Salud se\u00f1ala que un patr\u00f3n de alimentaci\u00f3n saludable debe priorizar grasas insaturadas y una adecuada ingesta de fibra, asociadas con beneficios para la salud cardiovascular<a style=\"color: #000000;\" href=\"#_edn4\" name=\"_ednref4\">[iv]<\/a>.<\/span><\/p>\n<p style=\"text-align: justify;\"><span style=\"color: #000000;\">En l\u00ednea con estas tendencias, Moderna Alimentos presenta Pan Moderna Integral Extra Prote\u00edna, un pan que combina arroz, avena y arveja como fuentes vegetales de prote\u00edna, junto con semillas. La propuesta apunta a responder a consumidores que buscan opciones cotidianas con mayor valor nutricional, manteniendo el sabor y la practicidad del pan integral.<\/span><\/p>\n<p style=\"text-align: justify;\"><span style=\"color: #000000;\"><em>\u201cDesde el punto de vista nutricional, cada vez es m\u00e1s importante asegurar una adecuada ingesta de prote\u00edna a lo largo del d\u00eda, incluso en comidas como el desayuno o la merienda. En este contexto, propuestas como Pan Moderna Integral Extra Prote\u00edna reflejan c\u00f3mo alimentos cotidianos como el pan pueden evolucionar incorporando fuentes vegetales de prote\u00edna y otros ingredientes que aportan valor nutricional\u201d<\/em>, explica Gabriela Cucal\u00f3n, nutricionista cl\u00ednica.<\/span><\/p>\n<p style=\"text-align: justify;\"><span style=\"color: #000000;\">Desde una mirada pr\u00e1ctica, incluir panes integrales con prote\u00edna vegetal en el desayuno o la merienda puede potenciar preparaciones simples: tostadas con aguacate y semillas adicionales, s\u00e1ndwiches con huevo y vegetales frescos, o combinaciones con hummus y prote\u00ednas magras. La clave no est\u00e1 en un solo alimento, sino en c\u00f3mo se integra dentro de un patr\u00f3n equilibrado.<\/span><\/p>\n<p style=\"text-align: justify;\"><span style=\"color: #000000;\"><em>\u201cLa evoluci\u00f3n del pan integral refleja c\u00f3mo incluso los alimentos m\u00e1s tradicionales pueden adaptarse a nuevas tendencias nutricionales. Hoy, la innovaci\u00f3n tambi\u00e9n ocurre en productos b\u00e1sicos que forman parte de la mesa diaria, integrando ciencia, nutrici\u00f3n y h\u00e1bitos de consumo contempor\u00e1neos.\u201d,<\/em> concluye Gabriela Cucal\u00f3n, nutricionista cl\u00ednica.<\/span><\/p>\n<p style=\"text-align: justify;\"><span style=\"color: #000000;\">La evoluci\u00f3n del pan integral demuestra que la innovaci\u00f3n nutricional ya no est\u00e1 reservada a productos especializados. Hoy tambi\u00e9n ocurre en alimentos b\u00e1sicos que forman parte de la mesa diaria, integrando ciencia, tradici\u00f3n y nuevas expectativas de bienestar.<\/span><\/p>\n<p style=\"text-align: justify;\"><span style=\"color: #000000;\"><a style=\"color: #000000;\" href=\"#_ednref1\" name=\"_edn1\">[i]<\/a> Fuente: <a style=\"color: #000000;\" href=\"https:\/\/openknowledge.fao.org\/server\/api\/core\/bitstreams\/ac92088c-139a-4d63-8460-be036581c87f\/content\">FAO<\/a><\/span><\/p>\n<p style=\"text-align: justify;\"><span style=\"color: #000000;\"><a style=\"color: #000000;\" href=\"#_ednref2\" name=\"_edn2\">[ii]<\/a> Fuente: <a style=\"color: #000000;\" href=\"https:\/\/www.fao.org\/nutrition\/requirements\/proteins\/en\/?utm_source=chatgpt.com\">FAO<\/a><\/span><\/p>\n<p style=\"text-align: justify;\"><span style=\"color: #000000;\"><a style=\"color: #000000;\" href=\"#_ednref3\" name=\"_edn3\">[iii]<\/a> Fuente: <a style=\"color: #000000;\" href=\"https:\/\/www.mdpi.com\/2072-6643\/9\/9\/989\">Nutrients<\/a><\/span><\/p>\n<p style=\"text-align: justify;\"><span style=\"color: #000000;\"><a style=\"color: #000000;\" href=\"#_ednref4\" name=\"_edn4\">[iv]<\/a> Fuente: <a style=\"color: #000000;\" href=\"https:\/\/www.who.int\/news-room\/fact-sheets\/detail\/healthy-diet\">OMS<\/a><\/span><\/p>\n<p><img decoding=\"async\" class=\"aligncenter size-full wp-image-140759\" src=\"https:\/\/www.quebakan.com\/v15\/wp-content\/uploads\/2026\/03\/ExtraProteina_ModernaAlimentos-1.jpg\" alt=\"\" width=\"700\" height=\"545\" \/><\/p>\n","protected":false},"excerpt":{"rendered":"<p>La categor\u00eda integral evoluciona con propuestas que elevan su perfil nutricional sin cambiar h\u00e1bitos de consumo. La incorporaci\u00f3n de extra-prote\u00edna vegetal refleja una tendencia hacia alimentos cotidianos con mayor valor agregado. Innovar en pan hoy significa equilibrar tradici\u00f3n, calidad proteica y funcionalidad en la dieta diaria. Quito, 13 de marzo de 2026. El pan es [&hellip;]<\/p>\n","protected":false},"author":4,"featured_media":140758,"comment_status":"closed","ping_status":"closed","sticky":false,"template":"","format":"standard","meta":{"_bbp_topic_count":0,"_bbp_reply_count":0,"_bbp_total_topic_count":0,"_bbp_total_reply_count":0,"_bbp_voice_count":0,"_bbp_anonymous_reply_count":0,"_bbp_topic_count_hidden":0,"_bbp_reply_count_hidden":0,"_bbp_forum_subforum_count":0,"buzzeditor_post_format":"","footnotes":""},"categories":[2],"tags":[],"class_list":["post-140757","post","type-post","status-publish","format-standard","has-post-thumbnail","hentry","category-noticias"],"yoast_head":"<!-- This site is optimized with the Yoast SEO plugin v27.5 - https:\/\/yoast.com\/product\/yoast-seo-wordpress\/ -->\n<title>El pan integral con extra prote\u00edna mejora la calidad nutricional de la dieta diaria &#8211; QUEBAKAN.COM 2026: Noticias, Eventos, Conciertos y mucho m\u00e1s....<\/title>\n<meta name=\"robots\" content=\"index, follow, max-snippet:-1, max-image-preview:large, max-video-preview:-1\" \/>\n<link rel=\"canonical\" href=\"https:\/\/www.quebakan.com\/v15\/el-pan-integral-con-extra-proteina-mejora-la-calidad-nutricional-de-la-dieta-diaria\/\" \/>\n<meta property=\"og:locale\" content=\"es_ES\" \/>\n<meta property=\"og:type\" content=\"article\" \/>\n<meta property=\"og:title\" content=\"El pan integral con extra prote\u00edna mejora la calidad nutricional de la dieta diaria &#8211; QUEBAKAN.COM 2026: Noticias, Eventos, Conciertos y mucho m\u00e1s....\" \/>\n<meta property=\"og:description\" content=\"La categor\u00eda integral evoluciona con propuestas que elevan su perfil nutricional sin cambiar h\u00e1bitos de consumo. La incorporaci\u00f3n de extra-prote\u00edna vegetal refleja una tendencia hacia alimentos cotidianos con mayor valor agregado. Innovar en pan hoy significa equilibrar tradici\u00f3n, calidad proteica y funcionalidad en la dieta diaria. Quito, 13 de marzo de 2026. El pan es [&hellip;]\" \/>\n<meta property=\"og:url\" content=\"https:\/\/www.quebakan.com\/v15\/el-pan-integral-con-extra-proteina-mejora-la-calidad-nutricional-de-la-dieta-diaria\/\" \/>\n<meta property=\"og:site_name\" content=\"QUEBAKAN.COM 2026: Noticias, Eventos, Conciertos y mucho m\u00e1s....\" \/>\n<meta property=\"article:publisher\" content=\"http:\/\/www.facebook.com\/quebakan\" \/>\n<meta property=\"article:published_time\" content=\"2026-03-16T04:43:18+00:00\" \/>\n<meta property=\"og:image\" content=\"https:\/\/www.quebakan.com\/v15\/wp-content\/uploads\/2026\/03\/ExtraProteina_ModernaAlimentos-2-1.jpg\" \/>\n\t<meta property=\"og:image:width\" content=\"700\" \/>\n\t<meta property=\"og:image:height\" content=\"525\" \/>\n\t<meta property=\"og:image:type\" content=\"image\/jpeg\" \/>\n<meta name=\"author\" content=\"Erick Villafuerte\" \/>\n<meta name=\"twitter:card\" content=\"summary_large_image\" \/>\n<meta name=\"twitter:creator\" content=\"@quebakanec\" \/>\n<meta name=\"twitter:site\" content=\"@quebakanec\" \/>\n<meta name=\"twitter:label1\" content=\"Escrito por\" \/>\n\t<meta name=\"twitter:data1\" content=\"Erick Villafuerte\" \/>\n\t<meta name=\"twitter:label2\" content=\"Tiempo de lectura\" \/>\n\t<meta name=\"twitter:data2\" content=\"4 minutos\" \/>\n<script type=\"application\/ld+json\" class=\"yoast-schema-graph\">{\"@context\":\"https:\\\/\\\/schema.org\",\"@graph\":[{\"@type\":\"Article\",\"@id\":\"https:\\\/\\\/www.quebakan.com\\\/v15\\\/el-pan-integral-con-extra-proteina-mejora-la-calidad-nutricional-de-la-dieta-diaria\\\/#article\",\"isPartOf\":{\"@id\":\"https:\\\/\\\/www.quebakan.com\\\/v15\\\/el-pan-integral-con-extra-proteina-mejora-la-calidad-nutricional-de-la-dieta-diaria\\\/\"},\"author\":{\"name\":\"Erick Villafuerte\",\"@id\":\"https:\\\/\\\/www.quebakan.com\\\/v15\\\/#\\\/schema\\\/person\\\/d90fa9f9cfa81eb8ace9811e5b7b9118\"},\"headline\":\"El pan integral con extra prote\u00edna mejora la calidad nutricional de la dieta diaria\",\"datePublished\":\"2026-03-16T04:43:18+00:00\",\"mainEntityOfPage\":{\"@id\":\"https:\\\/\\\/www.quebakan.com\\\/v15\\\/el-pan-integral-con-extra-proteina-mejora-la-calidad-nutricional-de-la-dieta-diaria\\\/\"},\"wordCount\":705,\"publisher\":{\"@id\":\"https:\\\/\\\/www.quebakan.com\\\/v15\\\/#organization\"},\"image\":{\"@id\":\"https:\\\/\\\/www.quebakan.com\\\/v15\\\/el-pan-integral-con-extra-proteina-mejora-la-calidad-nutricional-de-la-dieta-diaria\\\/#primaryimage\"},\"thumbnailUrl\":\"https:\\\/\\\/www.quebakan.com\\\/v15\\\/wp-content\\\/uploads\\\/2026\\\/03\\\/ExtraProteina_ModernaAlimentos-2-1.jpg\",\"articleSection\":[\"Noticias\"],\"inLanguage\":\"es\"},{\"@type\":\"WebPage\",\"@id\":\"https:\\\/\\\/www.quebakan.com\\\/v15\\\/el-pan-integral-con-extra-proteina-mejora-la-calidad-nutricional-de-la-dieta-diaria\\\/\",\"url\":\"https:\\\/\\\/www.quebakan.com\\\/v15\\\/el-pan-integral-con-extra-proteina-mejora-la-calidad-nutricional-de-la-dieta-diaria\\\/\",\"name\":\"El pan integral con extra prote\u00edna mejora la calidad nutricional de la dieta diaria &#8211; QUEBAKAN.COM 2026: Noticias, Eventos, Conciertos y mucho m\u00e1s....\",\"isPartOf\":{\"@id\":\"https:\\\/\\\/www.quebakan.com\\\/v15\\\/#website\"},\"primaryImageOfPage\":{\"@id\":\"https:\\\/\\\/www.quebakan.com\\\/v15\\\/el-pan-integral-con-extra-proteina-mejora-la-calidad-nutricional-de-la-dieta-diaria\\\/#primaryimage\"},\"image\":{\"@id\":\"https:\\\/\\\/www.quebakan.com\\\/v15\\\/el-pan-integral-con-extra-proteina-mejora-la-calidad-nutricional-de-la-dieta-diaria\\\/#primaryimage\"},\"thumbnailUrl\":\"https:\\\/\\\/www.quebakan.com\\\/v15\\\/wp-content\\\/uploads\\\/2026\\\/03\\\/ExtraProteina_ModernaAlimentos-2-1.jpg\",\"datePublished\":\"2026-03-16T04:43:18+00:00\",\"breadcrumb\":{\"@id\":\"https:\\\/\\\/www.quebakan.com\\\/v15\\\/el-pan-integral-con-extra-proteina-mejora-la-calidad-nutricional-de-la-dieta-diaria\\\/#breadcrumb\"},\"inLanguage\":\"es\",\"potentialAction\":[{\"@type\":\"ReadAction\",\"target\":[\"https:\\\/\\\/www.quebakan.com\\\/v15\\\/el-pan-integral-con-extra-proteina-mejora-la-calidad-nutricional-de-la-dieta-diaria\\\/\"]}]},{\"@type\":\"ImageObject\",\"inLanguage\":\"es\",\"@id\":\"https:\\\/\\\/www.quebakan.com\\\/v15\\\/el-pan-integral-con-extra-proteina-mejora-la-calidad-nutricional-de-la-dieta-diaria\\\/#primaryimage\",\"url\":\"https:\\\/\\\/www.quebakan.com\\\/v15\\\/wp-content\\\/uploads\\\/2026\\\/03\\\/ExtraProteina_ModernaAlimentos-2-1.jpg\",\"contentUrl\":\"https:\\\/\\\/www.quebakan.com\\\/v15\\\/wp-content\\\/uploads\\\/2026\\\/03\\\/ExtraProteina_ModernaAlimentos-2-1.jpg\",\"width\":700,\"height\":525},{\"@type\":\"BreadcrumbList\",\"@id\":\"https:\\\/\\\/www.quebakan.com\\\/v15\\\/el-pan-integral-con-extra-proteina-mejora-la-calidad-nutricional-de-la-dieta-diaria\\\/#breadcrumb\",\"itemListElement\":[{\"@type\":\"ListItem\",\"position\":1,\"name\":\"Portada\",\"item\":\"https:\\\/\\\/www.quebakan.com\\\/v15\\\/\"},{\"@type\":\"ListItem\",\"position\":2,\"name\":\"El pan integral con extra prote\u00edna mejora la calidad nutricional de la dieta diaria\"}]},{\"@type\":\"WebSite\",\"@id\":\"https:\\\/\\\/www.quebakan.com\\\/v15\\\/#website\",\"url\":\"https:\\\/\\\/www.quebakan.com\\\/v15\\\/\",\"name\":\"QUEBAKAN\",\"description\":\"..\",\"publisher\":{\"@id\":\"https:\\\/\\\/www.quebakan.com\\\/v15\\\/#organization\"},\"potentialAction\":[{\"@type\":\"SearchAction\",\"target\":{\"@type\":\"EntryPoint\",\"urlTemplate\":\"https:\\\/\\\/www.quebakan.com\\\/v15\\\/?s={search_term_string}\"},\"query-input\":{\"@type\":\"PropertyValueSpecification\",\"valueRequired\":true,\"valueName\":\"search_term_string\"}}],\"inLanguage\":\"es\"},{\"@type\":\"Organization\",\"@id\":\"https:\\\/\\\/www.quebakan.com\\\/v15\\\/#organization\",\"name\":\"Quebakan.com\",\"url\":\"https:\\\/\\\/www.quebakan.com\\\/v15\\\/\",\"logo\":{\"@type\":\"ImageObject\",\"inLanguage\":\"es\",\"@id\":\"https:\\\/\\\/www.quebakan.com\\\/v15\\\/#\\\/schema\\\/logo\\\/image\\\/\",\"url\":\"https:\\\/\\\/www.quebakan.com\\\/v15\\\/wp-content\\\/uploads\\\/2023\\\/07\\\/logoquebakanenero2021.jpg\",\"contentUrl\":\"https:\\\/\\\/www.quebakan.com\\\/v15\\\/wp-content\\\/uploads\\\/2023\\\/07\\\/logoquebakanenero2021.jpg\",\"width\":1920,\"height\":1080,\"caption\":\"Quebakan.com\"},\"image\":{\"@id\":\"https:\\\/\\\/www.quebakan.com\\\/v15\\\/#\\\/schema\\\/logo\\\/image\\\/\"},\"sameAs\":[\"http:\\\/\\\/www.facebook.com\\\/quebakan\",\"https:\\\/\\\/x.com\\\/quebakanec\",\"http:\\\/\\\/www.instagram.com\\\/quebakan\",\"http:\\\/\\\/www.youtube.com\\\/quebakan1\"]},{\"@type\":\"Person\",\"@id\":\"https:\\\/\\\/www.quebakan.com\\\/v15\\\/#\\\/schema\\\/person\\\/d90fa9f9cfa81eb8ace9811e5b7b9118\",\"name\":\"Erick Villafuerte\",\"image\":{\"@type\":\"ImageObject\",\"inLanguage\":\"es\",\"@id\":\"https:\\\/\\\/www.quebakan.com\\\/v15\\\/wp-content\\\/uploads\\\/avatars\\\/4\\\/1731297654-bpfull.png\",\"url\":\"https:\\\/\\\/www.quebakan.com\\\/v15\\\/wp-content\\\/uploads\\\/avatars\\\/4\\\/1731297654-bpfull.png\",\"contentUrl\":\"https:\\\/\\\/www.quebakan.com\\\/v15\\\/wp-content\\\/uploads\\\/avatars\\\/4\\\/1731297654-bpfull.png\",\"caption\":\"Erick Villafuerte\"}}]}<\/script>\n<!-- \/ Yoast SEO plugin. -->","yoast_head_json":{"title":"El pan integral con extra prote\u00edna mejora la calidad nutricional de la dieta diaria &#8211; QUEBAKAN.COM 2026: Noticias, Eventos, Conciertos y mucho m\u00e1s....","robots":{"index":"index","follow":"follow","max-snippet":"max-snippet:-1","max-image-preview":"max-image-preview:large","max-video-preview":"max-video-preview:-1"},"canonical":"https:\/\/www.quebakan.com\/v15\/el-pan-integral-con-extra-proteina-mejora-la-calidad-nutricional-de-la-dieta-diaria\/","og_locale":"es_ES","og_type":"article","og_title":"El pan integral con extra prote\u00edna mejora la calidad nutricional de la dieta diaria &#8211; QUEBAKAN.COM 2026: Noticias, Eventos, Conciertos y mucho m\u00e1s....","og_description":"La categor\u00eda integral evoluciona con propuestas que elevan su perfil nutricional sin cambiar h\u00e1bitos de consumo. La incorporaci\u00f3n de extra-prote\u00edna vegetal refleja una tendencia hacia alimentos cotidianos con mayor valor agregado. Innovar en pan hoy significa equilibrar tradici\u00f3n, calidad proteica y funcionalidad en la dieta diaria. Quito, 13 de marzo de 2026. El pan es [&hellip;]","og_url":"https:\/\/www.quebakan.com\/v15\/el-pan-integral-con-extra-proteina-mejora-la-calidad-nutricional-de-la-dieta-diaria\/","og_site_name":"QUEBAKAN.COM 2026: Noticias, Eventos, Conciertos y mucho m\u00e1s....","article_publisher":"http:\/\/www.facebook.com\/quebakan","article_published_time":"2026-03-16T04:43:18+00:00","og_image":[{"width":700,"height":525,"url":"https:\/\/www.quebakan.com\/v15\/wp-content\/uploads\/2026\/03\/ExtraProteina_ModernaAlimentos-2-1.jpg","type":"image\/jpeg"}],"author":"Erick Villafuerte","twitter_card":"summary_large_image","twitter_creator":"@quebakanec","twitter_site":"@quebakanec","twitter_misc":{"Escrito por":"Erick Villafuerte","Tiempo de lectura":"4 minutos"},"schema":{"@context":"https:\/\/schema.org","@graph":[{"@type":"Article","@id":"https:\/\/www.quebakan.com\/v15\/el-pan-integral-con-extra-proteina-mejora-la-calidad-nutricional-de-la-dieta-diaria\/#article","isPartOf":{"@id":"https:\/\/www.quebakan.com\/v15\/el-pan-integral-con-extra-proteina-mejora-la-calidad-nutricional-de-la-dieta-diaria\/"},"author":{"name":"Erick Villafuerte","@id":"https:\/\/www.quebakan.com\/v15\/#\/schema\/person\/d90fa9f9cfa81eb8ace9811e5b7b9118"},"headline":"El pan integral con extra prote\u00edna mejora la calidad nutricional de la dieta diaria","datePublished":"2026-03-16T04:43:18+00:00","mainEntityOfPage":{"@id":"https:\/\/www.quebakan.com\/v15\/el-pan-integral-con-extra-proteina-mejora-la-calidad-nutricional-de-la-dieta-diaria\/"},"wordCount":705,"publisher":{"@id":"https:\/\/www.quebakan.com\/v15\/#organization"},"image":{"@id":"https:\/\/www.quebakan.com\/v15\/el-pan-integral-con-extra-proteina-mejora-la-calidad-nutricional-de-la-dieta-diaria\/#primaryimage"},"thumbnailUrl":"https:\/\/www.quebakan.com\/v15\/wp-content\/uploads\/2026\/03\/ExtraProteina_ModernaAlimentos-2-1.jpg","articleSection":["Noticias"],"inLanguage":"es"},{"@type":"WebPage","@id":"https:\/\/www.quebakan.com\/v15\/el-pan-integral-con-extra-proteina-mejora-la-calidad-nutricional-de-la-dieta-diaria\/","url":"https:\/\/www.quebakan.com\/v15\/el-pan-integral-con-extra-proteina-mejora-la-calidad-nutricional-de-la-dieta-diaria\/","name":"El pan integral con extra prote\u00edna mejora la calidad nutricional de la dieta diaria &#8211; QUEBAKAN.COM 2026: Noticias, Eventos, Conciertos y mucho m\u00e1s....","isPartOf":{"@id":"https:\/\/www.quebakan.com\/v15\/#website"},"primaryImageOfPage":{"@id":"https:\/\/www.quebakan.com\/v15\/el-pan-integral-con-extra-proteina-mejora-la-calidad-nutricional-de-la-dieta-diaria\/#primaryimage"},"image":{"@id":"https:\/\/www.quebakan.com\/v15\/el-pan-integral-con-extra-proteina-mejora-la-calidad-nutricional-de-la-dieta-diaria\/#primaryimage"},"thumbnailUrl":"https:\/\/www.quebakan.com\/v15\/wp-content\/uploads\/2026\/03\/ExtraProteina_ModernaAlimentos-2-1.jpg","datePublished":"2026-03-16T04:43:18+00:00","breadcrumb":{"@id":"https:\/\/www.quebakan.com\/v15\/el-pan-integral-con-extra-proteina-mejora-la-calidad-nutricional-de-la-dieta-diaria\/#breadcrumb"},"inLanguage":"es","potentialAction":[{"@type":"ReadAction","target":["https:\/\/www.quebakan.com\/v15\/el-pan-integral-con-extra-proteina-mejora-la-calidad-nutricional-de-la-dieta-diaria\/"]}]},{"@type":"ImageObject","inLanguage":"es","@id":"https:\/\/www.quebakan.com\/v15\/el-pan-integral-con-extra-proteina-mejora-la-calidad-nutricional-de-la-dieta-diaria\/#primaryimage","url":"https:\/\/www.quebakan.com\/v15\/wp-content\/uploads\/2026\/03\/ExtraProteina_ModernaAlimentos-2-1.jpg","contentUrl":"https:\/\/www.quebakan.com\/v15\/wp-content\/uploads\/2026\/03\/ExtraProteina_ModernaAlimentos-2-1.jpg","width":700,"height":525},{"@type":"BreadcrumbList","@id":"https:\/\/www.quebakan.com\/v15\/el-pan-integral-con-extra-proteina-mejora-la-calidad-nutricional-de-la-dieta-diaria\/#breadcrumb","itemListElement":[{"@type":"ListItem","position":1,"name":"Portada","item":"https:\/\/www.quebakan.com\/v15\/"},{"@type":"ListItem","position":2,"name":"El pan integral con extra prote\u00edna mejora la calidad nutricional de la dieta diaria"}]},{"@type":"WebSite","@id":"https:\/\/www.quebakan.com\/v15\/#website","url":"https:\/\/www.quebakan.com\/v15\/","name":"QUEBAKAN","description":"..","publisher":{"@id":"https:\/\/www.quebakan.com\/v15\/#organization"},"potentialAction":[{"@type":"SearchAction","target":{"@type":"EntryPoint","urlTemplate":"https:\/\/www.quebakan.com\/v15\/?s={search_term_string}"},"query-input":{"@type":"PropertyValueSpecification","valueRequired":true,"valueName":"search_term_string"}}],"inLanguage":"es"},{"@type":"Organization","@id":"https:\/\/www.quebakan.com\/v15\/#organization","name":"Quebakan.com","url":"https:\/\/www.quebakan.com\/v15\/","logo":{"@type":"ImageObject","inLanguage":"es","@id":"https:\/\/www.quebakan.com\/v15\/#\/schema\/logo\/image\/","url":"https:\/\/www.quebakan.com\/v15\/wp-content\/uploads\/2023\/07\/logoquebakanenero2021.jpg","contentUrl":"https:\/\/www.quebakan.com\/v15\/wp-content\/uploads\/2023\/07\/logoquebakanenero2021.jpg","width":1920,"height":1080,"caption":"Quebakan.com"},"image":{"@id":"https:\/\/www.quebakan.com\/v15\/#\/schema\/logo\/image\/"},"sameAs":["http:\/\/www.facebook.com\/quebakan","https:\/\/x.com\/quebakanec","http:\/\/www.instagram.com\/quebakan","http:\/\/www.youtube.com\/quebakan1"]},{"@type":"Person","@id":"https:\/\/www.quebakan.com\/v15\/#\/schema\/person\/d90fa9f9cfa81eb8ace9811e5b7b9118","name":"Erick Villafuerte","image":{"@type":"ImageObject","inLanguage":"es","@id":"https:\/\/www.quebakan.com\/v15\/wp-content\/uploads\/avatars\/4\/1731297654-bpfull.png","url":"https:\/\/www.quebakan.com\/v15\/wp-content\/uploads\/avatars\/4\/1731297654-bpfull.png","contentUrl":"https:\/\/www.quebakan.com\/v15\/wp-content\/uploads\/avatars\/4\/1731297654-bpfull.png","caption":"Erick Villafuerte"}}]}},"_links":{"self":[{"href":"https:\/\/www.quebakan.com\/v15\/wp-json\/wp\/v2\/posts\/140757","targetHints":{"allow":["GET"]}}],"collection":[{"href":"https:\/\/www.quebakan.com\/v15\/wp-json\/wp\/v2\/posts"}],"about":[{"href":"https:\/\/www.quebakan.com\/v15\/wp-json\/wp\/v2\/types\/post"}],"author":[{"embeddable":true,"href":"https:\/\/www.quebakan.com\/v15\/wp-json\/wp\/v2\/users\/4"}],"replies":[{"embeddable":true,"href":"https:\/\/www.quebakan.com\/v15\/wp-json\/wp\/v2\/comments?post=140757"}],"version-history":[{"count":1,"href":"https:\/\/www.quebakan.com\/v15\/wp-json\/wp\/v2\/posts\/140757\/revisions"}],"predecessor-version":[{"id":140760,"href":"https:\/\/www.quebakan.com\/v15\/wp-json\/wp\/v2\/posts\/140757\/revisions\/140760"}],"wp:featuredmedia":[{"embeddable":true,"href":"https:\/\/www.quebakan.com\/v15\/wp-json\/wp\/v2\/media\/140758"}],"wp:attachment":[{"href":"https:\/\/www.quebakan.com\/v15\/wp-json\/wp\/v2\/media?parent=140757"}],"wp:term":[{"taxonomy":"category","embeddable":true,"href":"https:\/\/www.quebakan.com\/v15\/wp-json\/wp\/v2\/categories?post=140757"},{"taxonomy":"post_tag","embeddable":true,"href":"https:\/\/www.quebakan.com\/v15\/wp-json\/wp\/v2\/tags?post=140757"}],"curies":[{"name":"wp","href":"https:\/\/api.w.org\/{rel}","templated":true}]}}