{"id":140761,"date":"2026-03-16T01:06:58","date_gmt":"2026-03-16T06:06:58","guid":{"rendered":"https:\/\/www.quebakan.com\/v15\/?p=140761"},"modified":"2026-03-16T01:06:58","modified_gmt":"2026-03-16T06:06:58","slug":"citymall-presenta-una-nueva-edicion-de-cityart-junto-a-fasinarm-celebrando-el-talento-y-la-inclusion","status":"publish","type":"post","link":"https:\/\/www.quebakan.com\/v15\/citymall-presenta-una-nueva-edicion-de-cityart-junto-a-fasinarm-celebrando-el-talento-y-la-inclusion\/","title":{"rendered":"CityMall presenta una nueva edici\u00f3n de CityArt junto a FASINARM, celebrando el talento y la inclusi\u00f3n"},"content":{"rendered":"<p style=\"text-align: justify;\"><span style=\"color: #000000;\">CityMall es escenario de una nueva edici\u00f3n de <strong>CityArt<\/strong>, su iniciativa cultural que promueve el arte ecuatoriano y abre espacios para la expresi\u00f3n creativa dentro de la comunidad. En esta ocasi\u00f3n, la exposici\u00f3n tiene un significado especial al realizarse en el marco del <strong>60.\u00ba aniversario de la Fundaci\u00f3n FASINARM<\/strong>, instituci\u00f3n referente en el pa\u00eds por su trabajo en favor de las personas con discapacidad intelectual y s\u00edndrome de Down.<\/span><\/p>\n<p style=\"text-align: justify;\"><span style=\"color: #000000;\">La muestra re\u00fane <strong>obras creadas por estudiantes de la Unidad Educativa FASINARM y del Centro de Entrenamiento Vocacional (CEVE)<\/strong>, quienes presentan piezas desarrolladas en t\u00e9cnica acr\u00edlica sobre lienzo, resultado de un proceso creativo realizado durante 2025 con el acompa\u00f1amiento de artistas locales y del grupo voluntario Amigos de FASINARM.<\/span><\/p>\n<p style=\"text-align: justify;\"><span style=\"color: #000000;\">La exposici\u00f3n se inspira en la tem\u00e1tica <strong>\u201cEl sol sale para todos\u201d<\/strong>, concepto que simboliza esperanza, dignidad e inclusi\u00f3n, reflejando la importancia de crear espacios donde cada persona pueda expresar su talento y ser reconocida por sus capacidades.<\/span><\/p>\n<p style=\"text-align: justify;\"><span style=\"color: #000000;\">La inauguraci\u00f3n de esta edici\u00f3n de CityArt se llev\u00f3 a cabo en las instalaciones del centro comercial con la participaci\u00f3n de representantes de FASINARM, autoridades del mall, artistas invitados y p\u00fablico en general, quienes compartieron un momento especial para celebrar el arte como herramienta de inclusi\u00f3n y transformaci\u00f3n social.<\/span><\/p>\n<p style=\"text-align: justify;\"><span style=\"color: #000000;\">Con esta iniciativa, CityMall reafirma el prop\u00f3sito de <strong>CityArt<\/strong> como una plataforma que acerca el arte a la comunidad y brinda visibilidad a propuestas culturales que enriquecen el entorno urbano. Desde su creaci\u00f3n en 2019, este espacio ha contado con la participaci\u00f3n de destacados artistas nacionales y se ha consolidado como una vitrina para el talento ecuatoriano.<\/span><\/p>\n<p style=\"text-align: justify;\"><span style=\"color: #000000;\">Constan en las fotos de izquierda a derecha:<\/span><\/p>\n<p><img fetchpriority=\"high\" decoding=\"async\" class=\"aligncenter size-full wp-image-140762\" src=\"https:\/\/www.quebakan.com\/v15\/wp-content\/uploads\/2026\/03\/Foto-1-3.jpg\" alt=\"\" width=\"700\" height=\"467\" \/><\/p>\n<p style=\"text-align: center;\"><span style=\"color: #000000;\">Patricia Herrera (Gerente de Marketing CityMall), Jimena Babra Gilbert (Miembro del Consejo Directivo de FASINARM).<\/span><\/p>\n<p><img decoding=\"async\" class=\"aligncenter size-full wp-image-140763\" src=\"https:\/\/www.quebakan.com\/v15\/wp-content\/uploads\/2026\/03\/Foto-2-2.jpg\" alt=\"\" width=\"700\" height=\"467\" \/><\/p>\n<p style=\"text-align: justify;\"><span style=\"color: #000000;\">Laura Mar\u00eda Noboa Baquerizo (directora general de FASINARM), Jimena Babra Gilbert (Miembro d<\/span><span style=\"color: #000000;\">el Consejo Directivo de FASINARM), Marcia Gilbert de Babra (Fundadora de FASINARM y presidente del Consejo Directivo) y Patricia Herrera (Gerente de Marketing CityMall).<\/span><\/p>\n<p><img decoding=\"async\" class=\"aligncenter size-full wp-image-140764\" src=\"https:\/\/www.quebakan.com\/v15\/wp-content\/uploads\/2026\/03\/Foto-3-2.jpg\" alt=\"\" width=\"700\" height=\"467\" \/><\/p>\n<p style=\"text-align: justify;\"><span style=\"color: #000000;\">Patricia Herrera (Gerente de Marketing CityMall), Laura Mar\u00eda Noboa Baquerizo (directora general de FASINARM), Marcia Gilbert de Babra (Fundadora de FASINARM y presidente del Consejo Ejecutivo de FASINARM), Jimena Babra Gilbert (Miembro del Consejo Directivo de FASINARM) y Martha Trujillo Bejarano (Miembro del Consejo Directivo de FASINARM).<\/span><\/p>\n<p><img loading=\"lazy\" decoding=\"async\" class=\"aligncenter size-full wp-image-140765\" src=\"https:\/\/www.quebakan.com\/v15\/wp-content\/uploads\/2026\/03\/Foto-4.jpg\" alt=\"\" width=\"700\" height=\"467\" \/><\/p>\n<p style=\"text-align: justify;\"><span style=\"color: #000000;\">Patricia Herrera (Gerente de Marketing CityMall), Jacqueline Bowen (Coordinadora General de Comunicaci\u00f3n FASINARM), Jacqueline Garc\u00eda (Coordinadora de RRPP FASINARM) y Consuelo Hidalgo (Curadora CityArt).<\/span><\/p>\n","protected":false},"excerpt":{"rendered":"<p>CityMall es escenario de una nueva edici\u00f3n de CityArt, su iniciativa cultural que promueve el arte ecuatoriano y abre espacios para la expresi\u00f3n creativa dentro de la comunidad. En esta ocasi\u00f3n, la exposici\u00f3n tiene un significado especial al realizarse en el marco del 60.\u00ba aniversario de la Fundaci\u00f3n FASINARM, instituci\u00f3n referente en el pa\u00eds por [&hellip;]<\/p>\n","protected":false},"author":4,"featured_media":140762,"comment_status":"closed","ping_status":"closed","sticky":false,"template":"","format":"standard","meta":{"_bbp_topic_count":0,"_bbp_reply_count":0,"_bbp_total_topic_count":0,"_bbp_total_reply_count":0,"_bbp_voice_count":0,"_bbp_anonymous_reply_count":0,"_bbp_topic_count_hidden":0,"_bbp_reply_count_hidden":0,"_bbp_forum_subforum_count":0,"buzzeditor_post_format":"","footnotes":""},"categories":[2],"tags":[],"class_list":["post-140761","post","type-post","status-publish","format-standard","has-post-thumbnail","hentry","category-noticias"],"yoast_head":"<!-- This site is optimized with the Yoast SEO plugin v27.5 - https:\/\/yoast.com\/product\/yoast-seo-wordpress\/ -->\n<title>CityMall presenta una nueva edici\u00f3n de CityArt junto a FASINARM, celebrando el talento y la inclusi\u00f3n &#8211; QUEBAKAN.COM 2026: Noticias, Eventos, Conciertos y mucho m\u00e1s....<\/title>\n<meta name=\"robots\" content=\"index, follow, max-snippet:-1, max-image-preview:large, max-video-preview:-1\" \/>\n<link rel=\"canonical\" href=\"https:\/\/www.quebakan.com\/v15\/citymall-presenta-una-nueva-edicion-de-cityart-junto-a-fasinarm-celebrando-el-talento-y-la-inclusion\/\" \/>\n<meta property=\"og:locale\" content=\"es_ES\" \/>\n<meta property=\"og:type\" content=\"article\" \/>\n<meta property=\"og:title\" content=\"CityMall presenta una nueva edici\u00f3n de CityArt junto a FASINARM, celebrando el talento y la inclusi\u00f3n &#8211; QUEBAKAN.COM 2026: Noticias, Eventos, Conciertos y mucho m\u00e1s....\" \/>\n<meta property=\"og:description\" content=\"CityMall es escenario de una nueva edici\u00f3n de CityArt, su iniciativa cultural que promueve el arte ecuatoriano y abre espacios para la expresi\u00f3n creativa dentro de la comunidad. En esta ocasi\u00f3n, la exposici\u00f3n tiene un significado especial al realizarse en el marco del 60.\u00ba aniversario de la Fundaci\u00f3n FASINARM, instituci\u00f3n referente en el pa\u00eds por [&hellip;]\" \/>\n<meta property=\"og:url\" content=\"https:\/\/www.quebakan.com\/v15\/citymall-presenta-una-nueva-edicion-de-cityart-junto-a-fasinarm-celebrando-el-talento-y-la-inclusion\/\" \/>\n<meta property=\"og:site_name\" content=\"QUEBAKAN.COM 2026: Noticias, Eventos, Conciertos y mucho m\u00e1s....\" \/>\n<meta property=\"article:publisher\" content=\"http:\/\/www.facebook.com\/quebakan\" \/>\n<meta property=\"article:published_time\" content=\"2026-03-16T06:06:58+00:00\" \/>\n<meta property=\"og:image\" content=\"https:\/\/www.quebakan.com\/v15\/wp-content\/uploads\/2026\/03\/Foto-1-3.jpg\" \/>\n\t<meta property=\"og:image:width\" content=\"700\" \/>\n\t<meta property=\"og:image:height\" content=\"467\" \/>\n\t<meta property=\"og:image:type\" content=\"image\/jpeg\" \/>\n<meta name=\"author\" content=\"Erick Villafuerte\" \/>\n<meta name=\"twitter:card\" content=\"summary_large_image\" \/>\n<meta name=\"twitter:creator\" content=\"@quebakanec\" \/>\n<meta name=\"twitter:site\" content=\"@quebakanec\" \/>\n<meta name=\"twitter:label1\" content=\"Escrito por\" \/>\n\t<meta name=\"twitter:data1\" content=\"Erick Villafuerte\" \/>\n\t<meta name=\"twitter:label2\" content=\"Tiempo de lectura\" \/>\n\t<meta name=\"twitter:data2\" content=\"3 minutos\" \/>\n<script type=\"application\/ld+json\" class=\"yoast-schema-graph\">{\"@context\":\"https:\\\/\\\/schema.org\",\"@graph\":[{\"@type\":\"Article\",\"@id\":\"https:\\\/\\\/www.quebakan.com\\\/v15\\\/citymall-presenta-una-nueva-edicion-de-cityart-junto-a-fasinarm-celebrando-el-talento-y-la-inclusion\\\/#article\",\"isPartOf\":{\"@id\":\"https:\\\/\\\/www.quebakan.com\\\/v15\\\/citymall-presenta-una-nueva-edicion-de-cityart-junto-a-fasinarm-celebrando-el-talento-y-la-inclusion\\\/\"},\"author\":{\"name\":\"Erick Villafuerte\",\"@id\":\"https:\\\/\\\/www.quebakan.com\\\/v15\\\/#\\\/schema\\\/person\\\/d90fa9f9cfa81eb8ace9811e5b7b9118\"},\"headline\":\"CityMall presenta una nueva edici\u00f3n de CityArt junto a FASINARM, celebrando el talento y la inclusi\u00f3n\",\"datePublished\":\"2026-03-16T06:06:58+00:00\",\"mainEntityOfPage\":{\"@id\":\"https:\\\/\\\/www.quebakan.com\\\/v15\\\/citymall-presenta-una-nueva-edicion-de-cityart-junto-a-fasinarm-celebrando-el-talento-y-la-inclusion\\\/\"},\"wordCount\":436,\"publisher\":{\"@id\":\"https:\\\/\\\/www.quebakan.com\\\/v15\\\/#organization\"},\"image\":{\"@id\":\"https:\\\/\\\/www.quebakan.com\\\/v15\\\/citymall-presenta-una-nueva-edicion-de-cityart-junto-a-fasinarm-celebrando-el-talento-y-la-inclusion\\\/#primaryimage\"},\"thumbnailUrl\":\"https:\\\/\\\/www.quebakan.com\\\/v15\\\/wp-content\\\/uploads\\\/2026\\\/03\\\/Foto-1-3.jpg\",\"articleSection\":[\"Noticias\"],\"inLanguage\":\"es\"},{\"@type\":\"WebPage\",\"@id\":\"https:\\\/\\\/www.quebakan.com\\\/v15\\\/citymall-presenta-una-nueva-edicion-de-cityart-junto-a-fasinarm-celebrando-el-talento-y-la-inclusion\\\/\",\"url\":\"https:\\\/\\\/www.quebakan.com\\\/v15\\\/citymall-presenta-una-nueva-edicion-de-cityart-junto-a-fasinarm-celebrando-el-talento-y-la-inclusion\\\/\",\"name\":\"CityMall presenta una nueva edici\u00f3n de CityArt junto a FASINARM, celebrando el talento y la inclusi\u00f3n &#8211; QUEBAKAN.COM 2026: Noticias, Eventos, Conciertos y mucho m\u00e1s....\",\"isPartOf\":{\"@id\":\"https:\\\/\\\/www.quebakan.com\\\/v15\\\/#website\"},\"primaryImageOfPage\":{\"@id\":\"https:\\\/\\\/www.quebakan.com\\\/v15\\\/citymall-presenta-una-nueva-edicion-de-cityart-junto-a-fasinarm-celebrando-el-talento-y-la-inclusion\\\/#primaryimage\"},\"image\":{\"@id\":\"https:\\\/\\\/www.quebakan.com\\\/v15\\\/citymall-presenta-una-nueva-edicion-de-cityart-junto-a-fasinarm-celebrando-el-talento-y-la-inclusion\\\/#primaryimage\"},\"thumbnailUrl\":\"https:\\\/\\\/www.quebakan.com\\\/v15\\\/wp-content\\\/uploads\\\/2026\\\/03\\\/Foto-1-3.jpg\",\"datePublished\":\"2026-03-16T06:06:58+00:00\",\"breadcrumb\":{\"@id\":\"https:\\\/\\\/www.quebakan.com\\\/v15\\\/citymall-presenta-una-nueva-edicion-de-cityart-junto-a-fasinarm-celebrando-el-talento-y-la-inclusion\\\/#breadcrumb\"},\"inLanguage\":\"es\",\"potentialAction\":[{\"@type\":\"ReadAction\",\"target\":[\"https:\\\/\\\/www.quebakan.com\\\/v15\\\/citymall-presenta-una-nueva-edicion-de-cityart-junto-a-fasinarm-celebrando-el-talento-y-la-inclusion\\\/\"]}]},{\"@type\":\"ImageObject\",\"inLanguage\":\"es\",\"@id\":\"https:\\\/\\\/www.quebakan.com\\\/v15\\\/citymall-presenta-una-nueva-edicion-de-cityart-junto-a-fasinarm-celebrando-el-talento-y-la-inclusion\\\/#primaryimage\",\"url\":\"https:\\\/\\\/www.quebakan.com\\\/v15\\\/wp-content\\\/uploads\\\/2026\\\/03\\\/Foto-1-3.jpg\",\"contentUrl\":\"https:\\\/\\\/www.quebakan.com\\\/v15\\\/wp-content\\\/uploads\\\/2026\\\/03\\\/Foto-1-3.jpg\",\"width\":700,\"height\":467},{\"@type\":\"BreadcrumbList\",\"@id\":\"https:\\\/\\\/www.quebakan.com\\\/v15\\\/citymall-presenta-una-nueva-edicion-de-cityart-junto-a-fasinarm-celebrando-el-talento-y-la-inclusion\\\/#breadcrumb\",\"itemListElement\":[{\"@type\":\"ListItem\",\"position\":1,\"name\":\"Portada\",\"item\":\"https:\\\/\\\/www.quebakan.com\\\/v15\\\/\"},{\"@type\":\"ListItem\",\"position\":2,\"name\":\"CityMall presenta una nueva edici\u00f3n de CityArt junto a FASINARM, celebrando el talento y la inclusi\u00f3n\"}]},{\"@type\":\"WebSite\",\"@id\":\"https:\\\/\\\/www.quebakan.com\\\/v15\\\/#website\",\"url\":\"https:\\\/\\\/www.quebakan.com\\\/v15\\\/\",\"name\":\"QUEBAKAN\",\"description\":\"..\",\"publisher\":{\"@id\":\"https:\\\/\\\/www.quebakan.com\\\/v15\\\/#organization\"},\"potentialAction\":[{\"@type\":\"SearchAction\",\"target\":{\"@type\":\"EntryPoint\",\"urlTemplate\":\"https:\\\/\\\/www.quebakan.com\\\/v15\\\/?s={search_term_string}\"},\"query-input\":{\"@type\":\"PropertyValueSpecification\",\"valueRequired\":true,\"valueName\":\"search_term_string\"}}],\"inLanguage\":\"es\"},{\"@type\":\"Organization\",\"@id\":\"https:\\\/\\\/www.quebakan.com\\\/v15\\\/#organization\",\"name\":\"Quebakan.com\",\"url\":\"https:\\\/\\\/www.quebakan.com\\\/v15\\\/\",\"logo\":{\"@type\":\"ImageObject\",\"inLanguage\":\"es\",\"@id\":\"https:\\\/\\\/www.quebakan.com\\\/v15\\\/#\\\/schema\\\/logo\\\/image\\\/\",\"url\":\"https:\\\/\\\/www.quebakan.com\\\/v15\\\/wp-content\\\/uploads\\\/2023\\\/07\\\/logoquebakanenero2021.jpg\",\"contentUrl\":\"https:\\\/\\\/www.quebakan.com\\\/v15\\\/wp-content\\\/uploads\\\/2023\\\/07\\\/logoquebakanenero2021.jpg\",\"width\":1920,\"height\":1080,\"caption\":\"Quebakan.com\"},\"image\":{\"@id\":\"https:\\\/\\\/www.quebakan.com\\\/v15\\\/#\\\/schema\\\/logo\\\/image\\\/\"},\"sameAs\":[\"http:\\\/\\\/www.facebook.com\\\/quebakan\",\"https:\\\/\\\/x.com\\\/quebakanec\",\"http:\\\/\\\/www.instagram.com\\\/quebakan\",\"http:\\\/\\\/www.youtube.com\\\/quebakan1\"]},{\"@type\":\"Person\",\"@id\":\"https:\\\/\\\/www.quebakan.com\\\/v15\\\/#\\\/schema\\\/person\\\/d90fa9f9cfa81eb8ace9811e5b7b9118\",\"name\":\"Erick Villafuerte\",\"image\":{\"@type\":\"ImageObject\",\"inLanguage\":\"es\",\"@id\":\"https:\\\/\\\/www.quebakan.com\\\/v15\\\/wp-content\\\/uploads\\\/avatars\\\/4\\\/1731297654-bpfull.png\",\"url\":\"https:\\\/\\\/www.quebakan.com\\\/v15\\\/wp-content\\\/uploads\\\/avatars\\\/4\\\/1731297654-bpfull.png\",\"contentUrl\":\"https:\\\/\\\/www.quebakan.com\\\/v15\\\/wp-content\\\/uploads\\\/avatars\\\/4\\\/1731297654-bpfull.png\",\"caption\":\"Erick Villafuerte\"}}]}<\/script>\n<!-- \/ Yoast SEO plugin. -->","yoast_head_json":{"title":"CityMall presenta una nueva edici\u00f3n de CityArt junto a FASINARM, celebrando el talento y la inclusi\u00f3n &#8211; QUEBAKAN.COM 2026: Noticias, Eventos, Conciertos y mucho m\u00e1s....","robots":{"index":"index","follow":"follow","max-snippet":"max-snippet:-1","max-image-preview":"max-image-preview:large","max-video-preview":"max-video-preview:-1"},"canonical":"https:\/\/www.quebakan.com\/v15\/citymall-presenta-una-nueva-edicion-de-cityart-junto-a-fasinarm-celebrando-el-talento-y-la-inclusion\/","og_locale":"es_ES","og_type":"article","og_title":"CityMall presenta una nueva edici\u00f3n de CityArt junto a FASINARM, celebrando el talento y la inclusi\u00f3n &#8211; QUEBAKAN.COM 2026: Noticias, Eventos, Conciertos y mucho m\u00e1s....","og_description":"CityMall es escenario de una nueva edici\u00f3n de CityArt, su iniciativa cultural que promueve el arte ecuatoriano y abre espacios para la expresi\u00f3n creativa dentro de la comunidad. En esta ocasi\u00f3n, la exposici\u00f3n tiene un significado especial al realizarse en el marco del 60.\u00ba aniversario de la Fundaci\u00f3n FASINARM, instituci\u00f3n referente en el pa\u00eds por [&hellip;]","og_url":"https:\/\/www.quebakan.com\/v15\/citymall-presenta-una-nueva-edicion-de-cityart-junto-a-fasinarm-celebrando-el-talento-y-la-inclusion\/","og_site_name":"QUEBAKAN.COM 2026: Noticias, Eventos, Conciertos y mucho m\u00e1s....","article_publisher":"http:\/\/www.facebook.com\/quebakan","article_published_time":"2026-03-16T06:06:58+00:00","og_image":[{"width":700,"height":467,"url":"https:\/\/www.quebakan.com\/v15\/wp-content\/uploads\/2026\/03\/Foto-1-3.jpg","type":"image\/jpeg"}],"author":"Erick Villafuerte","twitter_card":"summary_large_image","twitter_creator":"@quebakanec","twitter_site":"@quebakanec","twitter_misc":{"Escrito por":"Erick Villafuerte","Tiempo de lectura":"3 minutos"},"schema":{"@context":"https:\/\/schema.org","@graph":[{"@type":"Article","@id":"https:\/\/www.quebakan.com\/v15\/citymall-presenta-una-nueva-edicion-de-cityart-junto-a-fasinarm-celebrando-el-talento-y-la-inclusion\/#article","isPartOf":{"@id":"https:\/\/www.quebakan.com\/v15\/citymall-presenta-una-nueva-edicion-de-cityart-junto-a-fasinarm-celebrando-el-talento-y-la-inclusion\/"},"author":{"name":"Erick Villafuerte","@id":"https:\/\/www.quebakan.com\/v15\/#\/schema\/person\/d90fa9f9cfa81eb8ace9811e5b7b9118"},"headline":"CityMall presenta una nueva edici\u00f3n de CityArt junto a FASINARM, celebrando el talento y la inclusi\u00f3n","datePublished":"2026-03-16T06:06:58+00:00","mainEntityOfPage":{"@id":"https:\/\/www.quebakan.com\/v15\/citymall-presenta-una-nueva-edicion-de-cityart-junto-a-fasinarm-celebrando-el-talento-y-la-inclusion\/"},"wordCount":436,"publisher":{"@id":"https:\/\/www.quebakan.com\/v15\/#organization"},"image":{"@id":"https:\/\/www.quebakan.com\/v15\/citymall-presenta-una-nueva-edicion-de-cityart-junto-a-fasinarm-celebrando-el-talento-y-la-inclusion\/#primaryimage"},"thumbnailUrl":"https:\/\/www.quebakan.com\/v15\/wp-content\/uploads\/2026\/03\/Foto-1-3.jpg","articleSection":["Noticias"],"inLanguage":"es"},{"@type":"WebPage","@id":"https:\/\/www.quebakan.com\/v15\/citymall-presenta-una-nueva-edicion-de-cityart-junto-a-fasinarm-celebrando-el-talento-y-la-inclusion\/","url":"https:\/\/www.quebakan.com\/v15\/citymall-presenta-una-nueva-edicion-de-cityart-junto-a-fasinarm-celebrando-el-talento-y-la-inclusion\/","name":"CityMall presenta una nueva edici\u00f3n de CityArt junto a FASINARM, celebrando el talento y la inclusi\u00f3n &#8211; QUEBAKAN.COM 2026: Noticias, Eventos, Conciertos y mucho m\u00e1s....","isPartOf":{"@id":"https:\/\/www.quebakan.com\/v15\/#website"},"primaryImageOfPage":{"@id":"https:\/\/www.quebakan.com\/v15\/citymall-presenta-una-nueva-edicion-de-cityart-junto-a-fasinarm-celebrando-el-talento-y-la-inclusion\/#primaryimage"},"image":{"@id":"https:\/\/www.quebakan.com\/v15\/citymall-presenta-una-nueva-edicion-de-cityart-junto-a-fasinarm-celebrando-el-talento-y-la-inclusion\/#primaryimage"},"thumbnailUrl":"https:\/\/www.quebakan.com\/v15\/wp-content\/uploads\/2026\/03\/Foto-1-3.jpg","datePublished":"2026-03-16T06:06:58+00:00","breadcrumb":{"@id":"https:\/\/www.quebakan.com\/v15\/citymall-presenta-una-nueva-edicion-de-cityart-junto-a-fasinarm-celebrando-el-talento-y-la-inclusion\/#breadcrumb"},"inLanguage":"es","potentialAction":[{"@type":"ReadAction","target":["https:\/\/www.quebakan.com\/v15\/citymall-presenta-una-nueva-edicion-de-cityart-junto-a-fasinarm-celebrando-el-talento-y-la-inclusion\/"]}]},{"@type":"ImageObject","inLanguage":"es","@id":"https:\/\/www.quebakan.com\/v15\/citymall-presenta-una-nueva-edicion-de-cityart-junto-a-fasinarm-celebrando-el-talento-y-la-inclusion\/#primaryimage","url":"https:\/\/www.quebakan.com\/v15\/wp-content\/uploads\/2026\/03\/Foto-1-3.jpg","contentUrl":"https:\/\/www.quebakan.com\/v15\/wp-content\/uploads\/2026\/03\/Foto-1-3.jpg","width":700,"height":467},{"@type":"BreadcrumbList","@id":"https:\/\/www.quebakan.com\/v15\/citymall-presenta-una-nueva-edicion-de-cityart-junto-a-fasinarm-celebrando-el-talento-y-la-inclusion\/#breadcrumb","itemListElement":[{"@type":"ListItem","position":1,"name":"Portada","item":"https:\/\/www.quebakan.com\/v15\/"},{"@type":"ListItem","position":2,"name":"CityMall presenta una nueva edici\u00f3n de CityArt junto a FASINARM, celebrando el talento y la inclusi\u00f3n"}]},{"@type":"WebSite","@id":"https:\/\/www.quebakan.com\/v15\/#website","url":"https:\/\/www.quebakan.com\/v15\/","name":"QUEBAKAN","description":"..","publisher":{"@id":"https:\/\/www.quebakan.com\/v15\/#organization"},"potentialAction":[{"@type":"SearchAction","target":{"@type":"EntryPoint","urlTemplate":"https:\/\/www.quebakan.com\/v15\/?s={search_term_string}"},"query-input":{"@type":"PropertyValueSpecification","valueRequired":true,"valueName":"search_term_string"}}],"inLanguage":"es"},{"@type":"Organization","@id":"https:\/\/www.quebakan.com\/v15\/#organization","name":"Quebakan.com","url":"https:\/\/www.quebakan.com\/v15\/","logo":{"@type":"ImageObject","inLanguage":"es","@id":"https:\/\/www.quebakan.com\/v15\/#\/schema\/logo\/image\/","url":"https:\/\/www.quebakan.com\/v15\/wp-content\/uploads\/2023\/07\/logoquebakanenero2021.jpg","contentUrl":"https:\/\/www.quebakan.com\/v15\/wp-content\/uploads\/2023\/07\/logoquebakanenero2021.jpg","width":1920,"height":1080,"caption":"Quebakan.com"},"image":{"@id":"https:\/\/www.quebakan.com\/v15\/#\/schema\/logo\/image\/"},"sameAs":["http:\/\/www.facebook.com\/quebakan","https:\/\/x.com\/quebakanec","http:\/\/www.instagram.com\/quebakan","http:\/\/www.youtube.com\/quebakan1"]},{"@type":"Person","@id":"https:\/\/www.quebakan.com\/v15\/#\/schema\/person\/d90fa9f9cfa81eb8ace9811e5b7b9118","name":"Erick Villafuerte","image":{"@type":"ImageObject","inLanguage":"es","@id":"https:\/\/www.quebakan.com\/v15\/wp-content\/uploads\/avatars\/4\/1731297654-bpfull.png","url":"https:\/\/www.quebakan.com\/v15\/wp-content\/uploads\/avatars\/4\/1731297654-bpfull.png","contentUrl":"https:\/\/www.quebakan.com\/v15\/wp-content\/uploads\/avatars\/4\/1731297654-bpfull.png","caption":"Erick Villafuerte"}}]}},"_links":{"self":[{"href":"https:\/\/www.quebakan.com\/v15\/wp-json\/wp\/v2\/posts\/140761","targetHints":{"allow":["GET"]}}],"collection":[{"href":"https:\/\/www.quebakan.com\/v15\/wp-json\/wp\/v2\/posts"}],"about":[{"href":"https:\/\/www.quebakan.com\/v15\/wp-json\/wp\/v2\/types\/post"}],"author":[{"embeddable":true,"href":"https:\/\/www.quebakan.com\/v15\/wp-json\/wp\/v2\/users\/4"}],"replies":[{"embeddable":true,"href":"https:\/\/www.quebakan.com\/v15\/wp-json\/wp\/v2\/comments?post=140761"}],"version-history":[{"count":1,"href":"https:\/\/www.quebakan.com\/v15\/wp-json\/wp\/v2\/posts\/140761\/revisions"}],"predecessor-version":[{"id":140766,"href":"https:\/\/www.quebakan.com\/v15\/wp-json\/wp\/v2\/posts\/140761\/revisions\/140766"}],"wp:featuredmedia":[{"embeddable":true,"href":"https:\/\/www.quebakan.com\/v15\/wp-json\/wp\/v2\/media\/140762"}],"wp:attachment":[{"href":"https:\/\/www.quebakan.com\/v15\/wp-json\/wp\/v2\/media?parent=140761"}],"wp:term":[{"taxonomy":"category","embeddable":true,"href":"https:\/\/www.quebakan.com\/v15\/wp-json\/wp\/v2\/categories?post=140761"},{"taxonomy":"post_tag","embeddable":true,"href":"https:\/\/www.quebakan.com\/v15\/wp-json\/wp\/v2\/tags?post=140761"}],"curies":[{"name":"wp","href":"https:\/\/api.w.org\/{rel}","templated":true}]}}