{"id":140767,"date":"2026-03-16T01:10:31","date_gmt":"2026-03-16T06:10:31","guid":{"rendered":"https:\/\/www.quebakan.com\/v15\/?p=140767"},"modified":"2026-03-16T01:10:31","modified_gmt":"2026-03-16T06:10:31","slug":"fasinarm-conmemora-60-anos-de-trayectoria-con-la-campana-el-sol-sale-para-todos-y-una-galeria-que-visibiliza-el-talento-de-sus-estudiantes","status":"publish","type":"post","link":"https:\/\/www.quebakan.com\/v15\/fasinarm-conmemora-60-anos-de-trayectoria-con-la-campana-el-sol-sale-para-todos-y-una-galeria-que-visibiliza-el-talento-de-sus-estudiantes\/","title":{"rendered":"FASINARM CONMEMORA 60 A\u00d1OS DE TRAYECTORIA CON LA CAMPA\u00d1A  \u201cEL SOL SALE PARA TODOS\u201d Y UNA GALER\u00cdA QUE VISIBILIZA EL TALENTO DE SUS ESTUDIANTES"},"content":{"rendered":"<p style=\"text-align: justify;\"><span style=\"color: #000000;\"><strong><em>Guayaquil, marzo de 2026.-<\/em><\/strong> En el marco de su 60\u00b0 aniversario, la Fundaci\u00f3n FASINARM presenta oficialmente su campa\u00f1a institucional <em>\u201cEl Sol sale para todos\u201d,<\/em> una propuesta que convierte el sol de su logotipo en un s\u00edmbolo de luz, dignidad y oportunidades para las personas con discapacidad intelectual y s\u00edndrome de Down.<\/span><\/p>\n<p style=\"text-align: justify;\"><span style=\"color: #000000;\">La celebraci\u00f3n se realiza junto a la inauguraci\u00f3n de una galer\u00eda de arte en City Mall, donde se exhibe obras creadas por sus estudiantes como muestra tangible del impacto que la educaci\u00f3n inclusiva puede generar en la vida de ni\u00f1os, j\u00f3venes y adultos.<\/span><\/p>\n<p style=\"text-align: justify;\"><span style=\"color: #000000;\">FASINARM naci\u00f3 en 1966, cuando la educadora Marcia Gilbert cre\u00f3 el Centro Psicopedag\u00f3gico para atender a ni\u00f1os con discapacidad intelectual y s\u00edndrome de Down Tres a\u00f1os despu\u00e9s se constituy\u00f3 formalmente como fundaci\u00f3n, ampliando su misi\u00f3n hacia adolescentes y adultos de escasos recursos.<\/span><\/p>\n<p style=\"text-align: justify;\"><span style=\"color: #000000;\">A lo largo de seis d\u00e9cadas, la instituci\u00f3n ha evolucionado de un centro educativo especializado a un referente nacional en formaci\u00f3n integral. Entre sus principales hitos destacan:<\/span><\/p>\n<ul style=\"text-align: justify;\">\n<li><span style=\"color: #000000;\">La implementaci\u00f3n del servicio de Estimulaci\u00f3n Temprana, hoy consolidado como Centro de Educaci\u00f3n Inicial.<\/span><\/li>\n<li><span style=\"color: #000000;\">La creaci\u00f3n del Centro de Entrenamiento Vocacional (CEVE), enfocado en la formaci\u00f3n ocupacional e inclusi\u00f3n sociolaboral.<\/span><\/li>\n<li><span style=\"color: #000000;\">La adecuaci\u00f3n de su infraestructura con instalaciones propias para la Unidad Educativa y el CEVE.<\/span><\/li>\n<li><span style=\"color: #000000;\">La ampliaci\u00f3n de su oferta acad\u00e9mica con Bachillerato T\u00e9cnico en Servicios Hoteleros, adaptados a las potencialidades de sus estudiantes.<\/span><\/li>\n<li><span style=\"color: #000000;\">La incorporaci\u00f3n del modelo de Pr\u00e1cticas Centradas en la Familia en Atenci\u00f3n Temprana, que promueve la participaci\u00f3n del hogar en el desarrollo de los ni\u00f1os.<\/span><\/li>\n<\/ul>\n<p style=\"text-align: justify;\"><span style=\"color: #000000;\">En estos 60 a\u00f1os, 15.255 estudiantes han sido atendidos en sus distintos programas educativos y de apoyo, consolidando a FASINARM como la \u00fanica instituci\u00f3n en el pa\u00eds que ofrece procesos formativos continuos desde educaci\u00f3n inicial hasta la adultez.<\/span><\/p>\n<p style=\"text-align: justify;\"><span style=\"color: #000000;\">Su labor ha sido reconocida por entidades nacionales e internacionales, incluyendo la condecoraci\u00f3n \u201cDr. Vicente Rocafuerte\u201d otorgada por la Asamblea Nacional en 2022, entre otros reconocimientos a su excelencia educativa y compromiso social.<\/span><\/p>\n<p style=\"text-align: justify;\"><span style=\"color: #000000;\">Como parte de la conmemoraci\u00f3n, 24 estudiantes entre 14 a 17 a\u00f1os de la Unidad Educativa y 20 a 32 a\u00f1os del CEVE, presentan obras en t\u00e9cnica acr\u00edlica sobre lienzo, desarrolladas durante 2025 con el apoyo de artistas locales y el grupo voluntario Amigos de FASINARM, estos talleres de arte fueron dirigidos por la gestora cultural Consuelo Hidalgo.<\/span><\/p>\n<p style=\"text-align: justify;\"><span style=\"color: #000000;\">Las obras responden a la tem\u00e1tica <em>\u201cEl Sol sale para todos\u201d<\/em>, reflejando luz, esperanza y la importancia de crear espacios donde cada persona pueda expresarse y ser reconocida por su talento.<\/span><\/p>\n<p style=\"text-align: justify;\"><span style=\"color: #000000;\">Para los estudiantes, esta galer\u00eda representa m\u00e1s que una exposici\u00f3n: es un escenario de inclusi\u00f3n, autoestima y participaci\u00f3n en la comunidad.<\/span><\/p>\n<p style=\"text-align: justify;\"><span style=\"color: #000000;\">Este aniversario no solo invita a mirar con orgullo el camino recorrido, sino a renovar el compromiso con el futuro. FASINARM reafirma su misi\u00f3n de abrir m\u00e1s oportunidades, derribar barreras y promover una sociedad donde todas las personas con discapacidad intelectual y s\u00edndrome de Down puedan desarrollarse plenamente, con dignidad y respeto.<\/span><\/p>\n<p style=\"text-align: justify;\"><span style=\"color: #000000;\">Porque despu\u00e9s de 60 a\u00f1os de historia, el mensaje es claro: cuando la inclusi\u00f3n es real, el sol verdaderamente sale para todos.<\/span><\/p>\n<p><img fetchpriority=\"high\" decoding=\"async\" class=\"aligncenter size-full wp-image-140768\" src=\"https:\/\/www.quebakan.com\/v15\/wp-content\/uploads\/2026\/03\/IMG_3461.jpg\" alt=\"\" width=\"700\" height=\"467\" \/><\/p>\n<p>&nbsp;<\/p>\n<p><img decoding=\"async\" class=\"aligncenter size-full wp-image-140769\" src=\"https:\/\/www.quebakan.com\/v15\/wp-content\/uploads\/2026\/03\/IMG_3462.jpg\" alt=\"\" width=\"700\" height=\"467\" \/><\/p>\n<p>&nbsp;<\/p>\n<p><img decoding=\"async\" class=\"aligncenter size-full wp-image-140770\" src=\"https:\/\/www.quebakan.com\/v15\/wp-content\/uploads\/2026\/03\/IMG_3463.jpg\" alt=\"\" width=\"700\" height=\"467\" \/><\/p>\n","protected":false},"excerpt":{"rendered":"<p>Guayaquil, marzo de 2026.- En el marco de su 60\u00b0 aniversario, la Fundaci\u00f3n FASINARM presenta oficialmente su campa\u00f1a institucional \u201cEl Sol sale para todos\u201d, una propuesta que convierte el sol de su logotipo en un s\u00edmbolo de luz, dignidad y oportunidades para las personas con discapacidad intelectual y s\u00edndrome de Down. La celebraci\u00f3n se realiza [&hellip;]<\/p>\n","protected":false},"author":4,"featured_media":140769,"comment_status":"closed","ping_status":"closed","sticky":false,"template":"","format":"standard","meta":{"_bbp_topic_count":0,"_bbp_reply_count":0,"_bbp_total_topic_count":0,"_bbp_total_reply_count":0,"_bbp_voice_count":0,"_bbp_anonymous_reply_count":0,"_bbp_topic_count_hidden":0,"_bbp_reply_count_hidden":0,"_bbp_forum_subforum_count":0,"buzzeditor_post_format":"","footnotes":""},"categories":[2],"tags":[],"class_list":["post-140767","post","type-post","status-publish","format-standard","has-post-thumbnail","hentry","category-noticias"],"yoast_head":"<!-- This site is optimized with the Yoast SEO plugin v27.5 - https:\/\/yoast.com\/product\/yoast-seo-wordpress\/ -->\n<title>FASINARM CONMEMORA 60 A\u00d1OS DE TRAYECTORIA CON LA CAMPA\u00d1A \u201cEL SOL SALE PARA TODOS\u201d Y UNA GALER\u00cdA QUE VISIBILIZA EL TALENTO DE SUS ESTUDIANTES &#8211; QUEBAKAN.COM 2026: Noticias, Eventos, Conciertos y mucho m\u00e1s....<\/title>\n<meta name=\"robots\" content=\"index, follow, max-snippet:-1, max-image-preview:large, max-video-preview:-1\" \/>\n<link rel=\"canonical\" href=\"https:\/\/www.quebakan.com\/v15\/fasinarm-conmemora-60-anos-de-trayectoria-con-la-campana-el-sol-sale-para-todos-y-una-galeria-que-visibiliza-el-talento-de-sus-estudiantes\/\" \/>\n<meta property=\"og:locale\" content=\"es_ES\" \/>\n<meta property=\"og:type\" content=\"article\" \/>\n<meta property=\"og:title\" content=\"FASINARM CONMEMORA 60 A\u00d1OS DE TRAYECTORIA CON LA CAMPA\u00d1A \u201cEL SOL SALE PARA TODOS\u201d Y UNA GALER\u00cdA QUE VISIBILIZA EL TALENTO DE SUS ESTUDIANTES &#8211; QUEBAKAN.COM 2026: Noticias, Eventos, Conciertos y mucho m\u00e1s....\" \/>\n<meta property=\"og:description\" content=\"Guayaquil, marzo de 2026.- En el marco de su 60\u00b0 aniversario, la Fundaci\u00f3n FASINARM presenta oficialmente su campa\u00f1a institucional \u201cEl Sol sale para todos\u201d, una propuesta que convierte el sol de su logotipo en un s\u00edmbolo de luz, dignidad y oportunidades para las personas con discapacidad intelectual y s\u00edndrome de Down. La celebraci\u00f3n se realiza [&hellip;]\" \/>\n<meta property=\"og:url\" content=\"https:\/\/www.quebakan.com\/v15\/fasinarm-conmemora-60-anos-de-trayectoria-con-la-campana-el-sol-sale-para-todos-y-una-galeria-que-visibiliza-el-talento-de-sus-estudiantes\/\" \/>\n<meta property=\"og:site_name\" content=\"QUEBAKAN.COM 2026: Noticias, Eventos, Conciertos y mucho m\u00e1s....\" \/>\n<meta property=\"article:publisher\" content=\"http:\/\/www.facebook.com\/quebakan\" \/>\n<meta property=\"article:published_time\" content=\"2026-03-16T06:10:31+00:00\" \/>\n<meta property=\"og:image\" content=\"https:\/\/www.quebakan.com\/v15\/wp-content\/uploads\/2026\/03\/IMG_3462.jpg\" \/>\n\t<meta property=\"og:image:width\" content=\"700\" \/>\n\t<meta property=\"og:image:height\" content=\"467\" \/>\n\t<meta property=\"og:image:type\" content=\"image\/jpeg\" \/>\n<meta name=\"author\" content=\"Erick Villafuerte\" \/>\n<meta name=\"twitter:card\" content=\"summary_large_image\" \/>\n<meta name=\"twitter:creator\" content=\"@quebakanec\" \/>\n<meta name=\"twitter:site\" content=\"@quebakanec\" \/>\n<meta name=\"twitter:label1\" content=\"Escrito por\" \/>\n\t<meta name=\"twitter:data1\" content=\"Erick Villafuerte\" \/>\n\t<meta name=\"twitter:label2\" content=\"Tiempo de lectura\" \/>\n\t<meta name=\"twitter:data2\" content=\"4 minutos\" \/>\n<script type=\"application\/ld+json\" class=\"yoast-schema-graph\">{\"@context\":\"https:\\\/\\\/schema.org\",\"@graph\":[{\"@type\":\"Article\",\"@id\":\"https:\\\/\\\/www.quebakan.com\\\/v15\\\/fasinarm-conmemora-60-anos-de-trayectoria-con-la-campana-el-sol-sale-para-todos-y-una-galeria-que-visibiliza-el-talento-de-sus-estudiantes\\\/#article\",\"isPartOf\":{\"@id\":\"https:\\\/\\\/www.quebakan.com\\\/v15\\\/fasinarm-conmemora-60-anos-de-trayectoria-con-la-campana-el-sol-sale-para-todos-y-una-galeria-que-visibiliza-el-talento-de-sus-estudiantes\\\/\"},\"author\":{\"name\":\"Erick Villafuerte\",\"@id\":\"https:\\\/\\\/www.quebakan.com\\\/v15\\\/#\\\/schema\\\/person\\\/d90fa9f9cfa81eb8ace9811e5b7b9118\"},\"headline\":\"FASINARM CONMEMORA 60 A\u00d1OS DE TRAYECTORIA CON LA CAMPA\u00d1A \u201cEL SOL SALE PARA TODOS\u201d Y UNA GALER\u00cdA QUE VISIBILIZA EL TALENTO DE SUS ESTUDIANTES\",\"datePublished\":\"2026-03-16T06:10:31+00:00\",\"mainEntityOfPage\":{\"@id\":\"https:\\\/\\\/www.quebakan.com\\\/v15\\\/fasinarm-conmemora-60-anos-de-trayectoria-con-la-campana-el-sol-sale-para-todos-y-una-galeria-que-visibiliza-el-talento-de-sus-estudiantes\\\/\"},\"wordCount\":580,\"publisher\":{\"@id\":\"https:\\\/\\\/www.quebakan.com\\\/v15\\\/#organization\"},\"image\":{\"@id\":\"https:\\\/\\\/www.quebakan.com\\\/v15\\\/fasinarm-conmemora-60-anos-de-trayectoria-con-la-campana-el-sol-sale-para-todos-y-una-galeria-que-visibiliza-el-talento-de-sus-estudiantes\\\/#primaryimage\"},\"thumbnailUrl\":\"https:\\\/\\\/www.quebakan.com\\\/v15\\\/wp-content\\\/uploads\\\/2026\\\/03\\\/IMG_3462.jpg\",\"articleSection\":[\"Noticias\"],\"inLanguage\":\"es\"},{\"@type\":\"WebPage\",\"@id\":\"https:\\\/\\\/www.quebakan.com\\\/v15\\\/fasinarm-conmemora-60-anos-de-trayectoria-con-la-campana-el-sol-sale-para-todos-y-una-galeria-que-visibiliza-el-talento-de-sus-estudiantes\\\/\",\"url\":\"https:\\\/\\\/www.quebakan.com\\\/v15\\\/fasinarm-conmemora-60-anos-de-trayectoria-con-la-campana-el-sol-sale-para-todos-y-una-galeria-que-visibiliza-el-talento-de-sus-estudiantes\\\/\",\"name\":\"FASINARM CONMEMORA 60 A\u00d1OS DE TRAYECTORIA CON LA CAMPA\u00d1A \u201cEL SOL SALE PARA TODOS\u201d Y UNA GALER\u00cdA QUE VISIBILIZA EL TALENTO DE SUS ESTUDIANTES &#8211; QUEBAKAN.COM 2026: Noticias, Eventos, Conciertos y mucho m\u00e1s....\",\"isPartOf\":{\"@id\":\"https:\\\/\\\/www.quebakan.com\\\/v15\\\/#website\"},\"primaryImageOfPage\":{\"@id\":\"https:\\\/\\\/www.quebakan.com\\\/v15\\\/fasinarm-conmemora-60-anos-de-trayectoria-con-la-campana-el-sol-sale-para-todos-y-una-galeria-que-visibiliza-el-talento-de-sus-estudiantes\\\/#primaryimage\"},\"image\":{\"@id\":\"https:\\\/\\\/www.quebakan.com\\\/v15\\\/fasinarm-conmemora-60-anos-de-trayectoria-con-la-campana-el-sol-sale-para-todos-y-una-galeria-que-visibiliza-el-talento-de-sus-estudiantes\\\/#primaryimage\"},\"thumbnailUrl\":\"https:\\\/\\\/www.quebakan.com\\\/v15\\\/wp-content\\\/uploads\\\/2026\\\/03\\\/IMG_3462.jpg\",\"datePublished\":\"2026-03-16T06:10:31+00:00\",\"breadcrumb\":{\"@id\":\"https:\\\/\\\/www.quebakan.com\\\/v15\\\/fasinarm-conmemora-60-anos-de-trayectoria-con-la-campana-el-sol-sale-para-todos-y-una-galeria-que-visibiliza-el-talento-de-sus-estudiantes\\\/#breadcrumb\"},\"inLanguage\":\"es\",\"potentialAction\":[{\"@type\":\"ReadAction\",\"target\":[\"https:\\\/\\\/www.quebakan.com\\\/v15\\\/fasinarm-conmemora-60-anos-de-trayectoria-con-la-campana-el-sol-sale-para-todos-y-una-galeria-que-visibiliza-el-talento-de-sus-estudiantes\\\/\"]}]},{\"@type\":\"ImageObject\",\"inLanguage\":\"es\",\"@id\":\"https:\\\/\\\/www.quebakan.com\\\/v15\\\/fasinarm-conmemora-60-anos-de-trayectoria-con-la-campana-el-sol-sale-para-todos-y-una-galeria-que-visibiliza-el-talento-de-sus-estudiantes\\\/#primaryimage\",\"url\":\"https:\\\/\\\/www.quebakan.com\\\/v15\\\/wp-content\\\/uploads\\\/2026\\\/03\\\/IMG_3462.jpg\",\"contentUrl\":\"https:\\\/\\\/www.quebakan.com\\\/v15\\\/wp-content\\\/uploads\\\/2026\\\/03\\\/IMG_3462.jpg\",\"width\":700,\"height\":467},{\"@type\":\"BreadcrumbList\",\"@id\":\"https:\\\/\\\/www.quebakan.com\\\/v15\\\/fasinarm-conmemora-60-anos-de-trayectoria-con-la-campana-el-sol-sale-para-todos-y-una-galeria-que-visibiliza-el-talento-de-sus-estudiantes\\\/#breadcrumb\",\"itemListElement\":[{\"@type\":\"ListItem\",\"position\":1,\"name\":\"Portada\",\"item\":\"https:\\\/\\\/www.quebakan.com\\\/v15\\\/\"},{\"@type\":\"ListItem\",\"position\":2,\"name\":\"FASINARM CONMEMORA 60 A\u00d1OS DE TRAYECTORIA CON LA CAMPA\u00d1A \u201cEL SOL SALE PARA TODOS\u201d Y UNA GALER\u00cdA QUE VISIBILIZA EL TALENTO DE SUS ESTUDIANTES\"}]},{\"@type\":\"WebSite\",\"@id\":\"https:\\\/\\\/www.quebakan.com\\\/v15\\\/#website\",\"url\":\"https:\\\/\\\/www.quebakan.com\\\/v15\\\/\",\"name\":\"QUEBAKAN\",\"description\":\"..\",\"publisher\":{\"@id\":\"https:\\\/\\\/www.quebakan.com\\\/v15\\\/#organization\"},\"potentialAction\":[{\"@type\":\"SearchAction\",\"target\":{\"@type\":\"EntryPoint\",\"urlTemplate\":\"https:\\\/\\\/www.quebakan.com\\\/v15\\\/?s={search_term_string}\"},\"query-input\":{\"@type\":\"PropertyValueSpecification\",\"valueRequired\":true,\"valueName\":\"search_term_string\"}}],\"inLanguage\":\"es\"},{\"@type\":\"Organization\",\"@id\":\"https:\\\/\\\/www.quebakan.com\\\/v15\\\/#organization\",\"name\":\"Quebakan.com\",\"url\":\"https:\\\/\\\/www.quebakan.com\\\/v15\\\/\",\"logo\":{\"@type\":\"ImageObject\",\"inLanguage\":\"es\",\"@id\":\"https:\\\/\\\/www.quebakan.com\\\/v15\\\/#\\\/schema\\\/logo\\\/image\\\/\",\"url\":\"https:\\\/\\\/www.quebakan.com\\\/v15\\\/wp-content\\\/uploads\\\/2023\\\/07\\\/logoquebakanenero2021.jpg\",\"contentUrl\":\"https:\\\/\\\/www.quebakan.com\\\/v15\\\/wp-content\\\/uploads\\\/2023\\\/07\\\/logoquebakanenero2021.jpg\",\"width\":1920,\"height\":1080,\"caption\":\"Quebakan.com\"},\"image\":{\"@id\":\"https:\\\/\\\/www.quebakan.com\\\/v15\\\/#\\\/schema\\\/logo\\\/image\\\/\"},\"sameAs\":[\"http:\\\/\\\/www.facebook.com\\\/quebakan\",\"https:\\\/\\\/x.com\\\/quebakanec\",\"http:\\\/\\\/www.instagram.com\\\/quebakan\",\"http:\\\/\\\/www.youtube.com\\\/quebakan1\"]},{\"@type\":\"Person\",\"@id\":\"https:\\\/\\\/www.quebakan.com\\\/v15\\\/#\\\/schema\\\/person\\\/d90fa9f9cfa81eb8ace9811e5b7b9118\",\"name\":\"Erick Villafuerte\",\"image\":{\"@type\":\"ImageObject\",\"inLanguage\":\"es\",\"@id\":\"https:\\\/\\\/www.quebakan.com\\\/v15\\\/wp-content\\\/uploads\\\/avatars\\\/4\\\/1731297654-bpfull.png\",\"url\":\"https:\\\/\\\/www.quebakan.com\\\/v15\\\/wp-content\\\/uploads\\\/avatars\\\/4\\\/1731297654-bpfull.png\",\"contentUrl\":\"https:\\\/\\\/www.quebakan.com\\\/v15\\\/wp-content\\\/uploads\\\/avatars\\\/4\\\/1731297654-bpfull.png\",\"caption\":\"Erick Villafuerte\"}}]}<\/script>\n<!-- \/ Yoast SEO plugin. -->","yoast_head_json":{"title":"FASINARM CONMEMORA 60 A\u00d1OS DE TRAYECTORIA CON LA CAMPA\u00d1A \u201cEL SOL SALE PARA TODOS\u201d Y UNA GALER\u00cdA QUE VISIBILIZA EL TALENTO DE SUS ESTUDIANTES &#8211; QUEBAKAN.COM 2026: Noticias, Eventos, Conciertos y mucho m\u00e1s....","robots":{"index":"index","follow":"follow","max-snippet":"max-snippet:-1","max-image-preview":"max-image-preview:large","max-video-preview":"max-video-preview:-1"},"canonical":"https:\/\/www.quebakan.com\/v15\/fasinarm-conmemora-60-anos-de-trayectoria-con-la-campana-el-sol-sale-para-todos-y-una-galeria-que-visibiliza-el-talento-de-sus-estudiantes\/","og_locale":"es_ES","og_type":"article","og_title":"FASINARM CONMEMORA 60 A\u00d1OS DE TRAYECTORIA CON LA CAMPA\u00d1A \u201cEL SOL SALE PARA TODOS\u201d Y UNA GALER\u00cdA QUE VISIBILIZA EL TALENTO DE SUS ESTUDIANTES &#8211; QUEBAKAN.COM 2026: Noticias, Eventos, Conciertos y mucho m\u00e1s....","og_description":"Guayaquil, marzo de 2026.- En el marco de su 60\u00b0 aniversario, la Fundaci\u00f3n FASINARM presenta oficialmente su campa\u00f1a institucional \u201cEl Sol sale para todos\u201d, una propuesta que convierte el sol de su logotipo en un s\u00edmbolo de luz, dignidad y oportunidades para las personas con discapacidad intelectual y s\u00edndrome de Down. La celebraci\u00f3n se realiza [&hellip;]","og_url":"https:\/\/www.quebakan.com\/v15\/fasinarm-conmemora-60-anos-de-trayectoria-con-la-campana-el-sol-sale-para-todos-y-una-galeria-que-visibiliza-el-talento-de-sus-estudiantes\/","og_site_name":"QUEBAKAN.COM 2026: Noticias, Eventos, Conciertos y mucho m\u00e1s....","article_publisher":"http:\/\/www.facebook.com\/quebakan","article_published_time":"2026-03-16T06:10:31+00:00","og_image":[{"width":700,"height":467,"url":"https:\/\/www.quebakan.com\/v15\/wp-content\/uploads\/2026\/03\/IMG_3462.jpg","type":"image\/jpeg"}],"author":"Erick Villafuerte","twitter_card":"summary_large_image","twitter_creator":"@quebakanec","twitter_site":"@quebakanec","twitter_misc":{"Escrito por":"Erick Villafuerte","Tiempo de lectura":"4 minutos"},"schema":{"@context":"https:\/\/schema.org","@graph":[{"@type":"Article","@id":"https:\/\/www.quebakan.com\/v15\/fasinarm-conmemora-60-anos-de-trayectoria-con-la-campana-el-sol-sale-para-todos-y-una-galeria-que-visibiliza-el-talento-de-sus-estudiantes\/#article","isPartOf":{"@id":"https:\/\/www.quebakan.com\/v15\/fasinarm-conmemora-60-anos-de-trayectoria-con-la-campana-el-sol-sale-para-todos-y-una-galeria-que-visibiliza-el-talento-de-sus-estudiantes\/"},"author":{"name":"Erick Villafuerte","@id":"https:\/\/www.quebakan.com\/v15\/#\/schema\/person\/d90fa9f9cfa81eb8ace9811e5b7b9118"},"headline":"FASINARM CONMEMORA 60 A\u00d1OS DE TRAYECTORIA CON LA CAMPA\u00d1A \u201cEL SOL SALE PARA TODOS\u201d Y UNA GALER\u00cdA QUE VISIBILIZA EL TALENTO DE SUS ESTUDIANTES","datePublished":"2026-03-16T06:10:31+00:00","mainEntityOfPage":{"@id":"https:\/\/www.quebakan.com\/v15\/fasinarm-conmemora-60-anos-de-trayectoria-con-la-campana-el-sol-sale-para-todos-y-una-galeria-que-visibiliza-el-talento-de-sus-estudiantes\/"},"wordCount":580,"publisher":{"@id":"https:\/\/www.quebakan.com\/v15\/#organization"},"image":{"@id":"https:\/\/www.quebakan.com\/v15\/fasinarm-conmemora-60-anos-de-trayectoria-con-la-campana-el-sol-sale-para-todos-y-una-galeria-que-visibiliza-el-talento-de-sus-estudiantes\/#primaryimage"},"thumbnailUrl":"https:\/\/www.quebakan.com\/v15\/wp-content\/uploads\/2026\/03\/IMG_3462.jpg","articleSection":["Noticias"],"inLanguage":"es"},{"@type":"WebPage","@id":"https:\/\/www.quebakan.com\/v15\/fasinarm-conmemora-60-anos-de-trayectoria-con-la-campana-el-sol-sale-para-todos-y-una-galeria-que-visibiliza-el-talento-de-sus-estudiantes\/","url":"https:\/\/www.quebakan.com\/v15\/fasinarm-conmemora-60-anos-de-trayectoria-con-la-campana-el-sol-sale-para-todos-y-una-galeria-que-visibiliza-el-talento-de-sus-estudiantes\/","name":"FASINARM CONMEMORA 60 A\u00d1OS DE TRAYECTORIA CON LA CAMPA\u00d1A \u201cEL SOL SALE PARA TODOS\u201d Y UNA GALER\u00cdA QUE VISIBILIZA EL TALENTO DE SUS ESTUDIANTES &#8211; QUEBAKAN.COM 2026: Noticias, Eventos, Conciertos y mucho m\u00e1s....","isPartOf":{"@id":"https:\/\/www.quebakan.com\/v15\/#website"},"primaryImageOfPage":{"@id":"https:\/\/www.quebakan.com\/v15\/fasinarm-conmemora-60-anos-de-trayectoria-con-la-campana-el-sol-sale-para-todos-y-una-galeria-que-visibiliza-el-talento-de-sus-estudiantes\/#primaryimage"},"image":{"@id":"https:\/\/www.quebakan.com\/v15\/fasinarm-conmemora-60-anos-de-trayectoria-con-la-campana-el-sol-sale-para-todos-y-una-galeria-que-visibiliza-el-talento-de-sus-estudiantes\/#primaryimage"},"thumbnailUrl":"https:\/\/www.quebakan.com\/v15\/wp-content\/uploads\/2026\/03\/IMG_3462.jpg","datePublished":"2026-03-16T06:10:31+00:00","breadcrumb":{"@id":"https:\/\/www.quebakan.com\/v15\/fasinarm-conmemora-60-anos-de-trayectoria-con-la-campana-el-sol-sale-para-todos-y-una-galeria-que-visibiliza-el-talento-de-sus-estudiantes\/#breadcrumb"},"inLanguage":"es","potentialAction":[{"@type":"ReadAction","target":["https:\/\/www.quebakan.com\/v15\/fasinarm-conmemora-60-anos-de-trayectoria-con-la-campana-el-sol-sale-para-todos-y-una-galeria-que-visibiliza-el-talento-de-sus-estudiantes\/"]}]},{"@type":"ImageObject","inLanguage":"es","@id":"https:\/\/www.quebakan.com\/v15\/fasinarm-conmemora-60-anos-de-trayectoria-con-la-campana-el-sol-sale-para-todos-y-una-galeria-que-visibiliza-el-talento-de-sus-estudiantes\/#primaryimage","url":"https:\/\/www.quebakan.com\/v15\/wp-content\/uploads\/2026\/03\/IMG_3462.jpg","contentUrl":"https:\/\/www.quebakan.com\/v15\/wp-content\/uploads\/2026\/03\/IMG_3462.jpg","width":700,"height":467},{"@type":"BreadcrumbList","@id":"https:\/\/www.quebakan.com\/v15\/fasinarm-conmemora-60-anos-de-trayectoria-con-la-campana-el-sol-sale-para-todos-y-una-galeria-que-visibiliza-el-talento-de-sus-estudiantes\/#breadcrumb","itemListElement":[{"@type":"ListItem","position":1,"name":"Portada","item":"https:\/\/www.quebakan.com\/v15\/"},{"@type":"ListItem","position":2,"name":"FASINARM CONMEMORA 60 A\u00d1OS DE TRAYECTORIA CON LA CAMPA\u00d1A \u201cEL SOL SALE PARA TODOS\u201d Y UNA GALER\u00cdA QUE VISIBILIZA EL TALENTO DE SUS ESTUDIANTES"}]},{"@type":"WebSite","@id":"https:\/\/www.quebakan.com\/v15\/#website","url":"https:\/\/www.quebakan.com\/v15\/","name":"QUEBAKAN","description":"..","publisher":{"@id":"https:\/\/www.quebakan.com\/v15\/#organization"},"potentialAction":[{"@type":"SearchAction","target":{"@type":"EntryPoint","urlTemplate":"https:\/\/www.quebakan.com\/v15\/?s={search_term_string}"},"query-input":{"@type":"PropertyValueSpecification","valueRequired":true,"valueName":"search_term_string"}}],"inLanguage":"es"},{"@type":"Organization","@id":"https:\/\/www.quebakan.com\/v15\/#organization","name":"Quebakan.com","url":"https:\/\/www.quebakan.com\/v15\/","logo":{"@type":"ImageObject","inLanguage":"es","@id":"https:\/\/www.quebakan.com\/v15\/#\/schema\/logo\/image\/","url":"https:\/\/www.quebakan.com\/v15\/wp-content\/uploads\/2023\/07\/logoquebakanenero2021.jpg","contentUrl":"https:\/\/www.quebakan.com\/v15\/wp-content\/uploads\/2023\/07\/logoquebakanenero2021.jpg","width":1920,"height":1080,"caption":"Quebakan.com"},"image":{"@id":"https:\/\/www.quebakan.com\/v15\/#\/schema\/logo\/image\/"},"sameAs":["http:\/\/www.facebook.com\/quebakan","https:\/\/x.com\/quebakanec","http:\/\/www.instagram.com\/quebakan","http:\/\/www.youtube.com\/quebakan1"]},{"@type":"Person","@id":"https:\/\/www.quebakan.com\/v15\/#\/schema\/person\/d90fa9f9cfa81eb8ace9811e5b7b9118","name":"Erick Villafuerte","image":{"@type":"ImageObject","inLanguage":"es","@id":"https:\/\/www.quebakan.com\/v15\/wp-content\/uploads\/avatars\/4\/1731297654-bpfull.png","url":"https:\/\/www.quebakan.com\/v15\/wp-content\/uploads\/avatars\/4\/1731297654-bpfull.png","contentUrl":"https:\/\/www.quebakan.com\/v15\/wp-content\/uploads\/avatars\/4\/1731297654-bpfull.png","caption":"Erick Villafuerte"}}]}},"_links":{"self":[{"href":"https:\/\/www.quebakan.com\/v15\/wp-json\/wp\/v2\/posts\/140767","targetHints":{"allow":["GET"]}}],"collection":[{"href":"https:\/\/www.quebakan.com\/v15\/wp-json\/wp\/v2\/posts"}],"about":[{"href":"https:\/\/www.quebakan.com\/v15\/wp-json\/wp\/v2\/types\/post"}],"author":[{"embeddable":true,"href":"https:\/\/www.quebakan.com\/v15\/wp-json\/wp\/v2\/users\/4"}],"replies":[{"embeddable":true,"href":"https:\/\/www.quebakan.com\/v15\/wp-json\/wp\/v2\/comments?post=140767"}],"version-history":[{"count":1,"href":"https:\/\/www.quebakan.com\/v15\/wp-json\/wp\/v2\/posts\/140767\/revisions"}],"predecessor-version":[{"id":140771,"href":"https:\/\/www.quebakan.com\/v15\/wp-json\/wp\/v2\/posts\/140767\/revisions\/140771"}],"wp:featuredmedia":[{"embeddable":true,"href":"https:\/\/www.quebakan.com\/v15\/wp-json\/wp\/v2\/media\/140769"}],"wp:attachment":[{"href":"https:\/\/www.quebakan.com\/v15\/wp-json\/wp\/v2\/media?parent=140767"}],"wp:term":[{"taxonomy":"category","embeddable":true,"href":"https:\/\/www.quebakan.com\/v15\/wp-json\/wp\/v2\/categories?post=140767"},{"taxonomy":"post_tag","embeddable":true,"href":"https:\/\/www.quebakan.com\/v15\/wp-json\/wp\/v2\/tags?post=140767"}],"curies":[{"name":"wp","href":"https:\/\/api.w.org\/{rel}","templated":true}]}}