{"id":140778,"date":"2026-03-16T10:47:35","date_gmt":"2026-03-16T15:47:35","guid":{"rendered":"https:\/\/www.quebakan.com\/v15\/?p=140778"},"modified":"2026-03-16T10:47:35","modified_gmt":"2026-03-16T15:47:35","slug":"mujeres-que-conectan-y-lideran-llega-a-quito-y-manta","status":"publish","type":"post","link":"https:\/\/www.quebakan.com\/v15\/mujeres-que-conectan-y-lideran-llega-a-quito-y-manta\/","title":{"rendered":"\u201cMujeres que conectan y lideran\u201d llega a Quito y Manta"},"content":{"rendered":"<p><img fetchpriority=\"high\" decoding=\"async\" class=\"aligncenter size-full wp-image-140779\" src=\"https:\/\/www.quebakan.com\/v15\/wp-content\/uploads\/2026\/03\/Mujeres-Netflife.jpg\" alt=\"\" width=\"700\" height=\"593\" \/><\/p>\n<p style=\"text-align: justify;\"><span style=\"color: #000000;\"><strong>Ecuador, marzo de 2026.-<\/strong> En Ecuador, el acceso a oportunidades laborales contin\u00faa siendo uno de los principales retos para el desarrollo econ\u00f3mico y social. De acuerdo con datos del Instituto Nacional de Estad\u00edstica y Censos (INEC), a inicios de 2026, la tasa de desempleo en mujeres alcanz\u00f3 el 4,7 %, frente al 2,5 % en hombres, mientras que el subempleo, la tasa femenina se ubica en 18,2 %, reflejando que una parte importante de la poblaci\u00f3n femenina a\u00fan busca mejores condiciones laborales y estabilidad econ\u00f3mica.<\/span><\/p>\n<p style=\"text-align: justify;\"><span style=\"color: #000000;\">En este contexto, las ferias de empleo se consolidan como espacios clave para conectar talento con oportunidades laborales reales. Con el objetivo de promover la empleabilidad y generar nuevas oportunidades para el talento femenino, Netlife a trav\u00e9s de su iniciativa <strong>Mujeres que Conectan y Lideran<\/strong> 2026 realizar\u00e1 durante el mes de marzo dos ferias laborales abiertas al p\u00fablico en Quito y Manta.<\/span><\/p>\n<p style=\"text-align: justify;\"><span style=\"color: #000000;\">Patricia C\u00f3rdova, Coordinadora Nacional de Reclutamiento y Selecci\u00f3n de Netlife, destaca <em>\u201cEl talento femenino es el motor de innovaci\u00f3n y crecimiento, a trav\u00e9s de estas ferias buscamos acercar oportunidades laborales reales para m\u00e1s mujeres, y generar espacios de encuentro con profesionales del sector para aportar al desarrollo del pa\u00eds\u201d<\/em>.<\/span><\/p>\n<p style=\"text-align: justify;\"><span style=\"color: #000000;\">Estas iniciativas contribuyen a dinamizar la econom\u00eda local, ya que el sector privado contin\u00faa siendo el principal generador de empleo en el pa\u00eds. Las ferias se realizar\u00e1n en la ciudad de Quito el 13 de marzo y en la ciudad de Manta el 20 de marzo, donde busca fortalecer la inclusi\u00f3n laboral.<\/span><\/p>\n<p style=\"text-align: justify;\"><span style=\"color: #000000;\">En este sentido, Netlife impulsa espacios que fomentan la participaci\u00f3n laboral, el acceso a oportunidades laborales y convoca al mayor n\u00famero de participantes posible, fortaleciendo la participaci\u00f3n femenina en el mercado laboral ecuatoriano.<\/span><\/p>\n","protected":false},"excerpt":{"rendered":"<p>Ecuador, marzo de 2026.- En Ecuador, el acceso a oportunidades laborales contin\u00faa siendo uno de los principales retos para el desarrollo econ\u00f3mico y social. De acuerdo con datos del Instituto Nacional de Estad\u00edstica y Censos (INEC), a inicios de 2026, la tasa de desempleo en mujeres alcanz\u00f3 el 4,7 %, frente al 2,5 % en [&hellip;]<\/p>\n","protected":false},"author":4,"featured_media":140779,"comment_status":"closed","ping_status":"closed","sticky":false,"template":"","format":"standard","meta":{"_bbp_topic_count":0,"_bbp_reply_count":0,"_bbp_total_topic_count":0,"_bbp_total_reply_count":0,"_bbp_voice_count":0,"_bbp_anonymous_reply_count":0,"_bbp_topic_count_hidden":0,"_bbp_reply_count_hidden":0,"_bbp_forum_subforum_count":0,"buzzeditor_post_format":"","footnotes":""},"categories":[2],"tags":[],"class_list":["post-140778","post","type-post","status-publish","format-standard","has-post-thumbnail","hentry","category-noticias"],"yoast_head":"<!-- This site is optimized with the Yoast SEO plugin v27.5 - https:\/\/yoast.com\/product\/yoast-seo-wordpress\/ -->\n<title>\u201cMujeres que conectan y lideran\u201d llega a Quito y Manta &#8211; QUEBAKAN.COM 2026: Noticias, Eventos, Conciertos y mucho m\u00e1s....<\/title>\n<meta name=\"robots\" content=\"index, follow, max-snippet:-1, max-image-preview:large, max-video-preview:-1\" \/>\n<link rel=\"canonical\" href=\"https:\/\/www.quebakan.com\/v15\/mujeres-que-conectan-y-lideran-llega-a-quito-y-manta\/\" \/>\n<meta property=\"og:locale\" content=\"es_ES\" \/>\n<meta property=\"og:type\" content=\"article\" \/>\n<meta property=\"og:title\" content=\"\u201cMujeres que conectan y lideran\u201d llega a Quito y Manta &#8211; QUEBAKAN.COM 2026: Noticias, Eventos, Conciertos y mucho m\u00e1s....\" \/>\n<meta property=\"og:description\" content=\"Ecuador, marzo de 2026.- En Ecuador, el acceso a oportunidades laborales contin\u00faa siendo uno de los principales retos para el desarrollo econ\u00f3mico y social. De acuerdo con datos del Instituto Nacional de Estad\u00edstica y Censos (INEC), a inicios de 2026, la tasa de desempleo en mujeres alcanz\u00f3 el 4,7 %, frente al 2,5 % en [&hellip;]\" \/>\n<meta property=\"og:url\" content=\"https:\/\/www.quebakan.com\/v15\/mujeres-que-conectan-y-lideran-llega-a-quito-y-manta\/\" \/>\n<meta property=\"og:site_name\" content=\"QUEBAKAN.COM 2026: Noticias, Eventos, Conciertos y mucho m\u00e1s....\" \/>\n<meta property=\"article:publisher\" content=\"http:\/\/www.facebook.com\/quebakan\" \/>\n<meta property=\"article:published_time\" content=\"2026-03-16T15:47:35+00:00\" \/>\n<meta property=\"og:image\" content=\"https:\/\/www.quebakan.com\/v15\/wp-content\/uploads\/2026\/03\/Mujeres-Netflife.jpg\" \/>\n\t<meta property=\"og:image:width\" content=\"700\" \/>\n\t<meta property=\"og:image:height\" content=\"593\" \/>\n\t<meta property=\"og:image:type\" content=\"image\/jpeg\" \/>\n<meta name=\"author\" content=\"Erick Villafuerte\" \/>\n<meta name=\"twitter:card\" content=\"summary_large_image\" \/>\n<meta name=\"twitter:creator\" content=\"@quebakanec\" \/>\n<meta name=\"twitter:site\" content=\"@quebakanec\" \/>\n<meta name=\"twitter:label1\" content=\"Escrito por\" \/>\n\t<meta name=\"twitter:data1\" content=\"Erick Villafuerte\" \/>\n\t<meta name=\"twitter:label2\" content=\"Tiempo de lectura\" \/>\n\t<meta name=\"twitter:data2\" content=\"2 minutos\" \/>\n<script type=\"application\/ld+json\" class=\"yoast-schema-graph\">{\"@context\":\"https:\\\/\\\/schema.org\",\"@graph\":[{\"@type\":\"Article\",\"@id\":\"https:\\\/\\\/www.quebakan.com\\\/v15\\\/mujeres-que-conectan-y-lideran-llega-a-quito-y-manta\\\/#article\",\"isPartOf\":{\"@id\":\"https:\\\/\\\/www.quebakan.com\\\/v15\\\/mujeres-que-conectan-y-lideran-llega-a-quito-y-manta\\\/\"},\"author\":{\"name\":\"Erick Villafuerte\",\"@id\":\"https:\\\/\\\/www.quebakan.com\\\/v15\\\/#\\\/schema\\\/person\\\/d90fa9f9cfa81eb8ace9811e5b7b9118\"},\"headline\":\"\u201cMujeres que conectan y lideran\u201d llega a Quito y Manta\",\"datePublished\":\"2026-03-16T15:47:35+00:00\",\"mainEntityOfPage\":{\"@id\":\"https:\\\/\\\/www.quebakan.com\\\/v15\\\/mujeres-que-conectan-y-lideran-llega-a-quito-y-manta\\\/\"},\"wordCount\":303,\"publisher\":{\"@id\":\"https:\\\/\\\/www.quebakan.com\\\/v15\\\/#organization\"},\"image\":{\"@id\":\"https:\\\/\\\/www.quebakan.com\\\/v15\\\/mujeres-que-conectan-y-lideran-llega-a-quito-y-manta\\\/#primaryimage\"},\"thumbnailUrl\":\"https:\\\/\\\/www.quebakan.com\\\/v15\\\/wp-content\\\/uploads\\\/2026\\\/03\\\/Mujeres-Netflife.jpg\",\"articleSection\":[\"Noticias\"],\"inLanguage\":\"es\"},{\"@type\":\"WebPage\",\"@id\":\"https:\\\/\\\/www.quebakan.com\\\/v15\\\/mujeres-que-conectan-y-lideran-llega-a-quito-y-manta\\\/\",\"url\":\"https:\\\/\\\/www.quebakan.com\\\/v15\\\/mujeres-que-conectan-y-lideran-llega-a-quito-y-manta\\\/\",\"name\":\"\u201cMujeres que conectan y lideran\u201d llega a Quito y Manta &#8211; QUEBAKAN.COM 2026: Noticias, Eventos, Conciertos y mucho m\u00e1s....\",\"isPartOf\":{\"@id\":\"https:\\\/\\\/www.quebakan.com\\\/v15\\\/#website\"},\"primaryImageOfPage\":{\"@id\":\"https:\\\/\\\/www.quebakan.com\\\/v15\\\/mujeres-que-conectan-y-lideran-llega-a-quito-y-manta\\\/#primaryimage\"},\"image\":{\"@id\":\"https:\\\/\\\/www.quebakan.com\\\/v15\\\/mujeres-que-conectan-y-lideran-llega-a-quito-y-manta\\\/#primaryimage\"},\"thumbnailUrl\":\"https:\\\/\\\/www.quebakan.com\\\/v15\\\/wp-content\\\/uploads\\\/2026\\\/03\\\/Mujeres-Netflife.jpg\",\"datePublished\":\"2026-03-16T15:47:35+00:00\",\"breadcrumb\":{\"@id\":\"https:\\\/\\\/www.quebakan.com\\\/v15\\\/mujeres-que-conectan-y-lideran-llega-a-quito-y-manta\\\/#breadcrumb\"},\"inLanguage\":\"es\",\"potentialAction\":[{\"@type\":\"ReadAction\",\"target\":[\"https:\\\/\\\/www.quebakan.com\\\/v15\\\/mujeres-que-conectan-y-lideran-llega-a-quito-y-manta\\\/\"]}]},{\"@type\":\"ImageObject\",\"inLanguage\":\"es\",\"@id\":\"https:\\\/\\\/www.quebakan.com\\\/v15\\\/mujeres-que-conectan-y-lideran-llega-a-quito-y-manta\\\/#primaryimage\",\"url\":\"https:\\\/\\\/www.quebakan.com\\\/v15\\\/wp-content\\\/uploads\\\/2026\\\/03\\\/Mujeres-Netflife.jpg\",\"contentUrl\":\"https:\\\/\\\/www.quebakan.com\\\/v15\\\/wp-content\\\/uploads\\\/2026\\\/03\\\/Mujeres-Netflife.jpg\",\"width\":700,\"height\":593},{\"@type\":\"BreadcrumbList\",\"@id\":\"https:\\\/\\\/www.quebakan.com\\\/v15\\\/mujeres-que-conectan-y-lideran-llega-a-quito-y-manta\\\/#breadcrumb\",\"itemListElement\":[{\"@type\":\"ListItem\",\"position\":1,\"name\":\"Portada\",\"item\":\"https:\\\/\\\/www.quebakan.com\\\/v15\\\/\"},{\"@type\":\"ListItem\",\"position\":2,\"name\":\"\u201cMujeres que conectan y lideran\u201d llega a Quito y Manta\"}]},{\"@type\":\"WebSite\",\"@id\":\"https:\\\/\\\/www.quebakan.com\\\/v15\\\/#website\",\"url\":\"https:\\\/\\\/www.quebakan.com\\\/v15\\\/\",\"name\":\"QUEBAKAN\",\"description\":\"..\",\"publisher\":{\"@id\":\"https:\\\/\\\/www.quebakan.com\\\/v15\\\/#organization\"},\"potentialAction\":[{\"@type\":\"SearchAction\",\"target\":{\"@type\":\"EntryPoint\",\"urlTemplate\":\"https:\\\/\\\/www.quebakan.com\\\/v15\\\/?s={search_term_string}\"},\"query-input\":{\"@type\":\"PropertyValueSpecification\",\"valueRequired\":true,\"valueName\":\"search_term_string\"}}],\"inLanguage\":\"es\"},{\"@type\":\"Organization\",\"@id\":\"https:\\\/\\\/www.quebakan.com\\\/v15\\\/#organization\",\"name\":\"Quebakan.com\",\"url\":\"https:\\\/\\\/www.quebakan.com\\\/v15\\\/\",\"logo\":{\"@type\":\"ImageObject\",\"inLanguage\":\"es\",\"@id\":\"https:\\\/\\\/www.quebakan.com\\\/v15\\\/#\\\/schema\\\/logo\\\/image\\\/\",\"url\":\"https:\\\/\\\/www.quebakan.com\\\/v15\\\/wp-content\\\/uploads\\\/2023\\\/07\\\/logoquebakanenero2021.jpg\",\"contentUrl\":\"https:\\\/\\\/www.quebakan.com\\\/v15\\\/wp-content\\\/uploads\\\/2023\\\/07\\\/logoquebakanenero2021.jpg\",\"width\":1920,\"height\":1080,\"caption\":\"Quebakan.com\"},\"image\":{\"@id\":\"https:\\\/\\\/www.quebakan.com\\\/v15\\\/#\\\/schema\\\/logo\\\/image\\\/\"},\"sameAs\":[\"http:\\\/\\\/www.facebook.com\\\/quebakan\",\"https:\\\/\\\/x.com\\\/quebakanec\",\"http:\\\/\\\/www.instagram.com\\\/quebakan\",\"http:\\\/\\\/www.youtube.com\\\/quebakan1\"]},{\"@type\":\"Person\",\"@id\":\"https:\\\/\\\/www.quebakan.com\\\/v15\\\/#\\\/schema\\\/person\\\/d90fa9f9cfa81eb8ace9811e5b7b9118\",\"name\":\"Erick Villafuerte\",\"image\":{\"@type\":\"ImageObject\",\"inLanguage\":\"es\",\"@id\":\"https:\\\/\\\/www.quebakan.com\\\/v15\\\/wp-content\\\/uploads\\\/avatars\\\/4\\\/1731297654-bpfull.png\",\"url\":\"https:\\\/\\\/www.quebakan.com\\\/v15\\\/wp-content\\\/uploads\\\/avatars\\\/4\\\/1731297654-bpfull.png\",\"contentUrl\":\"https:\\\/\\\/www.quebakan.com\\\/v15\\\/wp-content\\\/uploads\\\/avatars\\\/4\\\/1731297654-bpfull.png\",\"caption\":\"Erick Villafuerte\"}}]}<\/script>\n<!-- \/ Yoast SEO plugin. -->","yoast_head_json":{"title":"\u201cMujeres que conectan y lideran\u201d llega a Quito y Manta &#8211; QUEBAKAN.COM 2026: Noticias, Eventos, Conciertos y mucho m\u00e1s....","robots":{"index":"index","follow":"follow","max-snippet":"max-snippet:-1","max-image-preview":"max-image-preview:large","max-video-preview":"max-video-preview:-1"},"canonical":"https:\/\/www.quebakan.com\/v15\/mujeres-que-conectan-y-lideran-llega-a-quito-y-manta\/","og_locale":"es_ES","og_type":"article","og_title":"\u201cMujeres que conectan y lideran\u201d llega a Quito y Manta &#8211; QUEBAKAN.COM 2026: Noticias, Eventos, Conciertos y mucho m\u00e1s....","og_description":"Ecuador, marzo de 2026.- En Ecuador, el acceso a oportunidades laborales contin\u00faa siendo uno de los principales retos para el desarrollo econ\u00f3mico y social. De acuerdo con datos del Instituto Nacional de Estad\u00edstica y Censos (INEC), a inicios de 2026, la tasa de desempleo en mujeres alcanz\u00f3 el 4,7 %, frente al 2,5 % en [&hellip;]","og_url":"https:\/\/www.quebakan.com\/v15\/mujeres-que-conectan-y-lideran-llega-a-quito-y-manta\/","og_site_name":"QUEBAKAN.COM 2026: Noticias, Eventos, Conciertos y mucho m\u00e1s....","article_publisher":"http:\/\/www.facebook.com\/quebakan","article_published_time":"2026-03-16T15:47:35+00:00","og_image":[{"width":700,"height":593,"url":"https:\/\/www.quebakan.com\/v15\/wp-content\/uploads\/2026\/03\/Mujeres-Netflife.jpg","type":"image\/jpeg"}],"author":"Erick Villafuerte","twitter_card":"summary_large_image","twitter_creator":"@quebakanec","twitter_site":"@quebakanec","twitter_misc":{"Escrito por":"Erick Villafuerte","Tiempo de lectura":"2 minutos"},"schema":{"@context":"https:\/\/schema.org","@graph":[{"@type":"Article","@id":"https:\/\/www.quebakan.com\/v15\/mujeres-que-conectan-y-lideran-llega-a-quito-y-manta\/#article","isPartOf":{"@id":"https:\/\/www.quebakan.com\/v15\/mujeres-que-conectan-y-lideran-llega-a-quito-y-manta\/"},"author":{"name":"Erick Villafuerte","@id":"https:\/\/www.quebakan.com\/v15\/#\/schema\/person\/d90fa9f9cfa81eb8ace9811e5b7b9118"},"headline":"\u201cMujeres que conectan y lideran\u201d llega a Quito y Manta","datePublished":"2026-03-16T15:47:35+00:00","mainEntityOfPage":{"@id":"https:\/\/www.quebakan.com\/v15\/mujeres-que-conectan-y-lideran-llega-a-quito-y-manta\/"},"wordCount":303,"publisher":{"@id":"https:\/\/www.quebakan.com\/v15\/#organization"},"image":{"@id":"https:\/\/www.quebakan.com\/v15\/mujeres-que-conectan-y-lideran-llega-a-quito-y-manta\/#primaryimage"},"thumbnailUrl":"https:\/\/www.quebakan.com\/v15\/wp-content\/uploads\/2026\/03\/Mujeres-Netflife.jpg","articleSection":["Noticias"],"inLanguage":"es"},{"@type":"WebPage","@id":"https:\/\/www.quebakan.com\/v15\/mujeres-que-conectan-y-lideran-llega-a-quito-y-manta\/","url":"https:\/\/www.quebakan.com\/v15\/mujeres-que-conectan-y-lideran-llega-a-quito-y-manta\/","name":"\u201cMujeres que conectan y lideran\u201d llega a Quito y Manta &#8211; QUEBAKAN.COM 2026: Noticias, Eventos, Conciertos y mucho m\u00e1s....","isPartOf":{"@id":"https:\/\/www.quebakan.com\/v15\/#website"},"primaryImageOfPage":{"@id":"https:\/\/www.quebakan.com\/v15\/mujeres-que-conectan-y-lideran-llega-a-quito-y-manta\/#primaryimage"},"image":{"@id":"https:\/\/www.quebakan.com\/v15\/mujeres-que-conectan-y-lideran-llega-a-quito-y-manta\/#primaryimage"},"thumbnailUrl":"https:\/\/www.quebakan.com\/v15\/wp-content\/uploads\/2026\/03\/Mujeres-Netflife.jpg","datePublished":"2026-03-16T15:47:35+00:00","breadcrumb":{"@id":"https:\/\/www.quebakan.com\/v15\/mujeres-que-conectan-y-lideran-llega-a-quito-y-manta\/#breadcrumb"},"inLanguage":"es","potentialAction":[{"@type":"ReadAction","target":["https:\/\/www.quebakan.com\/v15\/mujeres-que-conectan-y-lideran-llega-a-quito-y-manta\/"]}]},{"@type":"ImageObject","inLanguage":"es","@id":"https:\/\/www.quebakan.com\/v15\/mujeres-que-conectan-y-lideran-llega-a-quito-y-manta\/#primaryimage","url":"https:\/\/www.quebakan.com\/v15\/wp-content\/uploads\/2026\/03\/Mujeres-Netflife.jpg","contentUrl":"https:\/\/www.quebakan.com\/v15\/wp-content\/uploads\/2026\/03\/Mujeres-Netflife.jpg","width":700,"height":593},{"@type":"BreadcrumbList","@id":"https:\/\/www.quebakan.com\/v15\/mujeres-que-conectan-y-lideran-llega-a-quito-y-manta\/#breadcrumb","itemListElement":[{"@type":"ListItem","position":1,"name":"Portada","item":"https:\/\/www.quebakan.com\/v15\/"},{"@type":"ListItem","position":2,"name":"\u201cMujeres que conectan y lideran\u201d llega a Quito y Manta"}]},{"@type":"WebSite","@id":"https:\/\/www.quebakan.com\/v15\/#website","url":"https:\/\/www.quebakan.com\/v15\/","name":"QUEBAKAN","description":"..","publisher":{"@id":"https:\/\/www.quebakan.com\/v15\/#organization"},"potentialAction":[{"@type":"SearchAction","target":{"@type":"EntryPoint","urlTemplate":"https:\/\/www.quebakan.com\/v15\/?s={search_term_string}"},"query-input":{"@type":"PropertyValueSpecification","valueRequired":true,"valueName":"search_term_string"}}],"inLanguage":"es"},{"@type":"Organization","@id":"https:\/\/www.quebakan.com\/v15\/#organization","name":"Quebakan.com","url":"https:\/\/www.quebakan.com\/v15\/","logo":{"@type":"ImageObject","inLanguage":"es","@id":"https:\/\/www.quebakan.com\/v15\/#\/schema\/logo\/image\/","url":"https:\/\/www.quebakan.com\/v15\/wp-content\/uploads\/2023\/07\/logoquebakanenero2021.jpg","contentUrl":"https:\/\/www.quebakan.com\/v15\/wp-content\/uploads\/2023\/07\/logoquebakanenero2021.jpg","width":1920,"height":1080,"caption":"Quebakan.com"},"image":{"@id":"https:\/\/www.quebakan.com\/v15\/#\/schema\/logo\/image\/"},"sameAs":["http:\/\/www.facebook.com\/quebakan","https:\/\/x.com\/quebakanec","http:\/\/www.instagram.com\/quebakan","http:\/\/www.youtube.com\/quebakan1"]},{"@type":"Person","@id":"https:\/\/www.quebakan.com\/v15\/#\/schema\/person\/d90fa9f9cfa81eb8ace9811e5b7b9118","name":"Erick Villafuerte","image":{"@type":"ImageObject","inLanguage":"es","@id":"https:\/\/www.quebakan.com\/v15\/wp-content\/uploads\/avatars\/4\/1731297654-bpfull.png","url":"https:\/\/www.quebakan.com\/v15\/wp-content\/uploads\/avatars\/4\/1731297654-bpfull.png","contentUrl":"https:\/\/www.quebakan.com\/v15\/wp-content\/uploads\/avatars\/4\/1731297654-bpfull.png","caption":"Erick Villafuerte"}}]}},"_links":{"self":[{"href":"https:\/\/www.quebakan.com\/v15\/wp-json\/wp\/v2\/posts\/140778","targetHints":{"allow":["GET"]}}],"collection":[{"href":"https:\/\/www.quebakan.com\/v15\/wp-json\/wp\/v2\/posts"}],"about":[{"href":"https:\/\/www.quebakan.com\/v15\/wp-json\/wp\/v2\/types\/post"}],"author":[{"embeddable":true,"href":"https:\/\/www.quebakan.com\/v15\/wp-json\/wp\/v2\/users\/4"}],"replies":[{"embeddable":true,"href":"https:\/\/www.quebakan.com\/v15\/wp-json\/wp\/v2\/comments?post=140778"}],"version-history":[{"count":1,"href":"https:\/\/www.quebakan.com\/v15\/wp-json\/wp\/v2\/posts\/140778\/revisions"}],"predecessor-version":[{"id":140780,"href":"https:\/\/www.quebakan.com\/v15\/wp-json\/wp\/v2\/posts\/140778\/revisions\/140780"}],"wp:featuredmedia":[{"embeddable":true,"href":"https:\/\/www.quebakan.com\/v15\/wp-json\/wp\/v2\/media\/140779"}],"wp:attachment":[{"href":"https:\/\/www.quebakan.com\/v15\/wp-json\/wp\/v2\/media?parent=140778"}],"wp:term":[{"taxonomy":"category","embeddable":true,"href":"https:\/\/www.quebakan.com\/v15\/wp-json\/wp\/v2\/categories?post=140778"},{"taxonomy":"post_tag","embeddable":true,"href":"https:\/\/www.quebakan.com\/v15\/wp-json\/wp\/v2\/tags?post=140778"}],"curies":[{"name":"wp","href":"https:\/\/api.w.org\/{rel}","templated":true}]}}