{"id":140784,"date":"2026-03-16T10:53:15","date_gmt":"2026-03-16T15:53:15","guid":{"rendered":"https:\/\/www.quebakan.com\/v15\/?p=140784"},"modified":"2026-03-16T10:53:15","modified_gmt":"2026-03-16T15:53:15","slug":"zam-el-buho-marca-su-regreso-oficial-con-el-explosivo-sencillo-furia","status":"publish","type":"post","link":"https:\/\/www.quebakan.com\/v15\/zam-el-buho-marca-su-regreso-oficial-con-el-explosivo-sencillo-furia\/","title":{"rendered":"Zam El B\u00faho marca su regreso oficial con el explosivo sencillo \u201cFURIA\u201d"},"content":{"rendered":"<p dir=\"ltr\"><img fetchpriority=\"high\" decoding=\"async\" class=\"aligncenter size-full wp-image-140785\" src=\"https:\/\/www.quebakan.com\/v15\/wp-content\/uploads\/2026\/03\/furia_portada_final_JPG.jpg\" alt=\"\" width=\"700\" height=\"700\" srcset=\"https:\/\/www.quebakan.com\/v15\/wp-content\/uploads\/2026\/03\/furia_portada_final_JPG.jpg 700w, https:\/\/www.quebakan.com\/v15\/wp-content\/uploads\/2026\/03\/furia_portada_final_JPG-300x300.jpg 300w, https:\/\/www.quebakan.com\/v15\/wp-content\/uploads\/2026\/03\/furia_portada_final_JPG-75x75.jpg 75w\" sizes=\"(max-width: 700px) 100vw, 700px\" \/><\/p>\n<p dir=\"ltr\" style=\"text-align: justify;\"><span style=\"color: #000000;\"><strong>Guayaquil, Ecuador \u2013<\/strong> 15 de marzo de 2026.\u00a0El cantautor ecuatoriano\u00a0Zam El B\u00faho\u00a0presenta su nuevo sencillo\u00a0\u201cFURIA\u201d, una propuesta musical cargada de emoci\u00f3n que mezcla vallenato, ranchera y sonidos urbanos en un estilo propio que el artista ha decidido llamar\u00a0Ranchenato.<\/span><\/p>\n<p dir=\"ltr\" style=\"text-align: justify;\"><span style=\"color: #000000;\">La canci\u00f3n nace de la necesidad de expresar la frustraci\u00f3n que se siente al descubrir una infidelidad cuando a\u00fan existe amor. Inspirado en la historia de un amigo cercano, el artista logr\u00f3 transformar esa mezcla de dolor, rabia e impotencia en una canci\u00f3n intensa, bailable y llena de sentimiento.<\/span><\/p>\n<p dir=\"ltr\" style=\"text-align: justify;\"><span style=\"color: #000000;\">El tema fue producido por\u00a0Reilod en Kongo Studio, donde Zam El B\u00faho termin\u00f3 de darle forma a una idea que comenz\u00f3 con una palabra que no dejaba de resonar en su mente:\u00a0furia.<\/span><\/p>\n<p dir=\"ltr\" style=\"text-align: justify;\"><span style=\"color: #000000;\">El video oficial fue grabado en un reconocido bar de Guayaquil bajo la direcci\u00f3n de\u00a0Chris Producer, con una est\u00e9tica inspirada en el ambiente mexicano. La historia narra el drama de una relaci\u00f3n marcada por la traici\u00f3n y las consecuencias emocionales que deja la infidelidad.<\/span><\/p>\n<p dir=\"ltr\" style=\"text-align: justify;\"><span style=\"color: #000000;\">Con este lanzamiento, Zam El B\u00faho marca su regreso a la escena musical y apuesta por consolidar un sonido aut\u00e9ntico que conecte con el p\u00fablico.<\/span><\/p>\n<p dir=\"ltr\" style=\"text-align: justify;\"><span style=\"color: #000000;\">\u201cFURIA\u201d ya se encuentra disponible en todas las plataformas digitales.<\/span><\/p>\n<p dir=\"ltr\" style=\"text-align: justify;\"><span style=\"color: #000000;\">Redes Sociales<\/span><br \/>\n<span style=\"color: #000000;\">Instagram: @Zam.ElBuho<\/span><br \/>\n<span style=\"color: #000000;\">Facebook: Zam El Buho<\/span><br \/>\n<span style=\"color: #000000;\">TikTok: @Zam.ElBuho<\/span><br \/>\n<span style=\"color: #000000;\">YouTube: @Zam.ElBuho<\/span><br \/>\n<span style=\"color: #000000;\">Spotify: Zam El B\u00faho<\/span><br \/>\n<span style=\"color: #000000;\">Apple Music: Zam El B\u00faho<\/span><\/p>\n<p dir=\"ltr\"><img decoding=\"async\" class=\"aligncenter size-full wp-image-140786\" src=\"https:\/\/www.quebakan.com\/v15\/wp-content\/uploads\/2026\/03\/IMG_2196.jpg\" alt=\"\" width=\"467\" height=\"700\" \/><\/p>\n","protected":false},"excerpt":{"rendered":"<p>Guayaquil, Ecuador \u2013 15 de marzo de 2026.\u00a0El cantautor ecuatoriano\u00a0Zam El B\u00faho\u00a0presenta su nuevo sencillo\u00a0\u201cFURIA\u201d, una propuesta musical cargada de emoci\u00f3n que mezcla vallenato, ranchera y sonidos urbanos en un estilo propio que el artista ha decidido llamar\u00a0Ranchenato. La canci\u00f3n nace de la necesidad de expresar la frustraci\u00f3n que se siente al descubrir una infidelidad [&hellip;]<\/p>\n","protected":false},"author":4,"featured_media":140785,"comment_status":"closed","ping_status":"closed","sticky":false,"template":"","format":"standard","meta":{"_bbp_topic_count":0,"_bbp_reply_count":0,"_bbp_total_topic_count":0,"_bbp_total_reply_count":0,"_bbp_voice_count":0,"_bbp_anonymous_reply_count":0,"_bbp_topic_count_hidden":0,"_bbp_reply_count_hidden":0,"_bbp_forum_subforum_count":0,"buzzeditor_post_format":"","footnotes":""},"categories":[332],"tags":[],"class_list":["post-140784","post","type-post","status-publish","format-standard","has-post-thumbnail","hentry","category-musica"],"yoast_head":"<!-- This site is optimized with the Yoast SEO plugin v27.5 - https:\/\/yoast.com\/product\/yoast-seo-wordpress\/ -->\n<title>Zam El B\u00faho marca su regreso oficial con el explosivo sencillo \u201cFURIA\u201d &#8211; QUEBAKAN.COM 2026: Noticias, Eventos, Conciertos y mucho m\u00e1s....<\/title>\n<meta name=\"robots\" content=\"index, follow, max-snippet:-1, max-image-preview:large, max-video-preview:-1\" \/>\n<link rel=\"canonical\" href=\"https:\/\/www.quebakan.com\/v15\/zam-el-buho-marca-su-regreso-oficial-con-el-explosivo-sencillo-furia\/\" \/>\n<meta property=\"og:locale\" content=\"es_ES\" \/>\n<meta property=\"og:type\" content=\"article\" \/>\n<meta property=\"og:title\" content=\"Zam El B\u00faho marca su regreso oficial con el explosivo sencillo \u201cFURIA\u201d &#8211; QUEBAKAN.COM 2026: Noticias, Eventos, Conciertos y mucho m\u00e1s....\" \/>\n<meta property=\"og:description\" content=\"Guayaquil, Ecuador \u2013 15 de marzo de 2026.\u00a0El cantautor ecuatoriano\u00a0Zam El B\u00faho\u00a0presenta su nuevo sencillo\u00a0\u201cFURIA\u201d, una propuesta musical cargada de emoci\u00f3n que mezcla vallenato, ranchera y sonidos urbanos en un estilo propio que el artista ha decidido llamar\u00a0Ranchenato. La canci\u00f3n nace de la necesidad de expresar la frustraci\u00f3n que se siente al descubrir una infidelidad [&hellip;]\" \/>\n<meta property=\"og:url\" content=\"https:\/\/www.quebakan.com\/v15\/zam-el-buho-marca-su-regreso-oficial-con-el-explosivo-sencillo-furia\/\" \/>\n<meta property=\"og:site_name\" content=\"QUEBAKAN.COM 2026: Noticias, Eventos, Conciertos y mucho m\u00e1s....\" \/>\n<meta property=\"article:publisher\" content=\"http:\/\/www.facebook.com\/quebakan\" \/>\n<meta property=\"article:published_time\" content=\"2026-03-16T15:53:15+00:00\" \/>\n<meta property=\"og:image\" content=\"https:\/\/www.quebakan.com\/v15\/wp-content\/uploads\/2026\/03\/furia_portada_final_JPG.jpg\" \/>\n\t<meta property=\"og:image:width\" content=\"700\" \/>\n\t<meta property=\"og:image:height\" content=\"700\" \/>\n\t<meta property=\"og:image:type\" content=\"image\/jpeg\" \/>\n<meta name=\"author\" content=\"Erick Villafuerte\" \/>\n<meta name=\"twitter:card\" content=\"summary_large_image\" \/>\n<meta name=\"twitter:creator\" content=\"@quebakanec\" \/>\n<meta name=\"twitter:site\" content=\"@quebakanec\" \/>\n<meta name=\"twitter:label1\" content=\"Escrito por\" \/>\n\t<meta name=\"twitter:data1\" content=\"Erick Villafuerte\" \/>\n\t<meta name=\"twitter:label2\" content=\"Tiempo de lectura\" \/>\n\t<meta name=\"twitter:data2\" content=\"2 minutos\" \/>\n<script type=\"application\/ld+json\" class=\"yoast-schema-graph\">{\"@context\":\"https:\\\/\\\/schema.org\",\"@graph\":[{\"@type\":\"Article\",\"@id\":\"https:\\\/\\\/www.quebakan.com\\\/v15\\\/zam-el-buho-marca-su-regreso-oficial-con-el-explosivo-sencillo-furia\\\/#article\",\"isPartOf\":{\"@id\":\"https:\\\/\\\/www.quebakan.com\\\/v15\\\/zam-el-buho-marca-su-regreso-oficial-con-el-explosivo-sencillo-furia\\\/\"},\"author\":{\"name\":\"Erick Villafuerte\",\"@id\":\"https:\\\/\\\/www.quebakan.com\\\/v15\\\/#\\\/schema\\\/person\\\/d90fa9f9cfa81eb8ace9811e5b7b9118\"},\"headline\":\"Zam El B\u00faho marca su regreso oficial con el explosivo sencillo \u201cFURIA\u201d\",\"datePublished\":\"2026-03-16T15:53:15+00:00\",\"mainEntityOfPage\":{\"@id\":\"https:\\\/\\\/www.quebakan.com\\\/v15\\\/zam-el-buho-marca-su-regreso-oficial-con-el-explosivo-sencillo-furia\\\/\"},\"wordCount\":256,\"publisher\":{\"@id\":\"https:\\\/\\\/www.quebakan.com\\\/v15\\\/#organization\"},\"image\":{\"@id\":\"https:\\\/\\\/www.quebakan.com\\\/v15\\\/zam-el-buho-marca-su-regreso-oficial-con-el-explosivo-sencillo-furia\\\/#primaryimage\"},\"thumbnailUrl\":\"https:\\\/\\\/www.quebakan.com\\\/v15\\\/wp-content\\\/uploads\\\/2026\\\/03\\\/furia_portada_final_JPG.jpg\",\"articleSection\":[\"M\u00fasica\"],\"inLanguage\":\"es\"},{\"@type\":\"WebPage\",\"@id\":\"https:\\\/\\\/www.quebakan.com\\\/v15\\\/zam-el-buho-marca-su-regreso-oficial-con-el-explosivo-sencillo-furia\\\/\",\"url\":\"https:\\\/\\\/www.quebakan.com\\\/v15\\\/zam-el-buho-marca-su-regreso-oficial-con-el-explosivo-sencillo-furia\\\/\",\"name\":\"Zam El B\u00faho marca su regreso oficial con el explosivo sencillo \u201cFURIA\u201d &#8211; QUEBAKAN.COM 2026: Noticias, Eventos, Conciertos y mucho m\u00e1s....\",\"isPartOf\":{\"@id\":\"https:\\\/\\\/www.quebakan.com\\\/v15\\\/#website\"},\"primaryImageOfPage\":{\"@id\":\"https:\\\/\\\/www.quebakan.com\\\/v15\\\/zam-el-buho-marca-su-regreso-oficial-con-el-explosivo-sencillo-furia\\\/#primaryimage\"},\"image\":{\"@id\":\"https:\\\/\\\/www.quebakan.com\\\/v15\\\/zam-el-buho-marca-su-regreso-oficial-con-el-explosivo-sencillo-furia\\\/#primaryimage\"},\"thumbnailUrl\":\"https:\\\/\\\/www.quebakan.com\\\/v15\\\/wp-content\\\/uploads\\\/2026\\\/03\\\/furia_portada_final_JPG.jpg\",\"datePublished\":\"2026-03-16T15:53:15+00:00\",\"breadcrumb\":{\"@id\":\"https:\\\/\\\/www.quebakan.com\\\/v15\\\/zam-el-buho-marca-su-regreso-oficial-con-el-explosivo-sencillo-furia\\\/#breadcrumb\"},\"inLanguage\":\"es\",\"potentialAction\":[{\"@type\":\"ReadAction\",\"target\":[\"https:\\\/\\\/www.quebakan.com\\\/v15\\\/zam-el-buho-marca-su-regreso-oficial-con-el-explosivo-sencillo-furia\\\/\"]}]},{\"@type\":\"ImageObject\",\"inLanguage\":\"es\",\"@id\":\"https:\\\/\\\/www.quebakan.com\\\/v15\\\/zam-el-buho-marca-su-regreso-oficial-con-el-explosivo-sencillo-furia\\\/#primaryimage\",\"url\":\"https:\\\/\\\/www.quebakan.com\\\/v15\\\/wp-content\\\/uploads\\\/2026\\\/03\\\/furia_portada_final_JPG.jpg\",\"contentUrl\":\"https:\\\/\\\/www.quebakan.com\\\/v15\\\/wp-content\\\/uploads\\\/2026\\\/03\\\/furia_portada_final_JPG.jpg\",\"width\":700,\"height\":700},{\"@type\":\"BreadcrumbList\",\"@id\":\"https:\\\/\\\/www.quebakan.com\\\/v15\\\/zam-el-buho-marca-su-regreso-oficial-con-el-explosivo-sencillo-furia\\\/#breadcrumb\",\"itemListElement\":[{\"@type\":\"ListItem\",\"position\":1,\"name\":\"Portada\",\"item\":\"https:\\\/\\\/www.quebakan.com\\\/v15\\\/\"},{\"@type\":\"ListItem\",\"position\":2,\"name\":\"Zam El B\u00faho marca su regreso oficial con el explosivo sencillo \u201cFURIA\u201d\"}]},{\"@type\":\"WebSite\",\"@id\":\"https:\\\/\\\/www.quebakan.com\\\/v15\\\/#website\",\"url\":\"https:\\\/\\\/www.quebakan.com\\\/v15\\\/\",\"name\":\"QUEBAKAN\",\"description\":\"..\",\"publisher\":{\"@id\":\"https:\\\/\\\/www.quebakan.com\\\/v15\\\/#organization\"},\"potentialAction\":[{\"@type\":\"SearchAction\",\"target\":{\"@type\":\"EntryPoint\",\"urlTemplate\":\"https:\\\/\\\/www.quebakan.com\\\/v15\\\/?s={search_term_string}\"},\"query-input\":{\"@type\":\"PropertyValueSpecification\",\"valueRequired\":true,\"valueName\":\"search_term_string\"}}],\"inLanguage\":\"es\"},{\"@type\":\"Organization\",\"@id\":\"https:\\\/\\\/www.quebakan.com\\\/v15\\\/#organization\",\"name\":\"Quebakan.com\",\"url\":\"https:\\\/\\\/www.quebakan.com\\\/v15\\\/\",\"logo\":{\"@type\":\"ImageObject\",\"inLanguage\":\"es\",\"@id\":\"https:\\\/\\\/www.quebakan.com\\\/v15\\\/#\\\/schema\\\/logo\\\/image\\\/\",\"url\":\"https:\\\/\\\/www.quebakan.com\\\/v15\\\/wp-content\\\/uploads\\\/2023\\\/07\\\/logoquebakanenero2021.jpg\",\"contentUrl\":\"https:\\\/\\\/www.quebakan.com\\\/v15\\\/wp-content\\\/uploads\\\/2023\\\/07\\\/logoquebakanenero2021.jpg\",\"width\":1920,\"height\":1080,\"caption\":\"Quebakan.com\"},\"image\":{\"@id\":\"https:\\\/\\\/www.quebakan.com\\\/v15\\\/#\\\/schema\\\/logo\\\/image\\\/\"},\"sameAs\":[\"http:\\\/\\\/www.facebook.com\\\/quebakan\",\"https:\\\/\\\/x.com\\\/quebakanec\",\"http:\\\/\\\/www.instagram.com\\\/quebakan\",\"http:\\\/\\\/www.youtube.com\\\/quebakan1\"]},{\"@type\":\"Person\",\"@id\":\"https:\\\/\\\/www.quebakan.com\\\/v15\\\/#\\\/schema\\\/person\\\/d90fa9f9cfa81eb8ace9811e5b7b9118\",\"name\":\"Erick Villafuerte\",\"image\":{\"@type\":\"ImageObject\",\"inLanguage\":\"es\",\"@id\":\"https:\\\/\\\/www.quebakan.com\\\/v15\\\/wp-content\\\/uploads\\\/avatars\\\/4\\\/1731297654-bpfull.png\",\"url\":\"https:\\\/\\\/www.quebakan.com\\\/v15\\\/wp-content\\\/uploads\\\/avatars\\\/4\\\/1731297654-bpfull.png\",\"contentUrl\":\"https:\\\/\\\/www.quebakan.com\\\/v15\\\/wp-content\\\/uploads\\\/avatars\\\/4\\\/1731297654-bpfull.png\",\"caption\":\"Erick Villafuerte\"}}]}<\/script>\n<!-- \/ Yoast SEO plugin. -->","yoast_head_json":{"title":"Zam El B\u00faho marca su regreso oficial con el explosivo sencillo \u201cFURIA\u201d &#8211; QUEBAKAN.COM 2026: Noticias, Eventos, Conciertos y mucho m\u00e1s....","robots":{"index":"index","follow":"follow","max-snippet":"max-snippet:-1","max-image-preview":"max-image-preview:large","max-video-preview":"max-video-preview:-1"},"canonical":"https:\/\/www.quebakan.com\/v15\/zam-el-buho-marca-su-regreso-oficial-con-el-explosivo-sencillo-furia\/","og_locale":"es_ES","og_type":"article","og_title":"Zam El B\u00faho marca su regreso oficial con el explosivo sencillo \u201cFURIA\u201d &#8211; QUEBAKAN.COM 2026: Noticias, Eventos, Conciertos y mucho m\u00e1s....","og_description":"Guayaquil, Ecuador \u2013 15 de marzo de 2026.\u00a0El cantautor ecuatoriano\u00a0Zam El B\u00faho\u00a0presenta su nuevo sencillo\u00a0\u201cFURIA\u201d, una propuesta musical cargada de emoci\u00f3n que mezcla vallenato, ranchera y sonidos urbanos en un estilo propio que el artista ha decidido llamar\u00a0Ranchenato. La canci\u00f3n nace de la necesidad de expresar la frustraci\u00f3n que se siente al descubrir una infidelidad [&hellip;]","og_url":"https:\/\/www.quebakan.com\/v15\/zam-el-buho-marca-su-regreso-oficial-con-el-explosivo-sencillo-furia\/","og_site_name":"QUEBAKAN.COM 2026: Noticias, Eventos, Conciertos y mucho m\u00e1s....","article_publisher":"http:\/\/www.facebook.com\/quebakan","article_published_time":"2026-03-16T15:53:15+00:00","og_image":[{"width":700,"height":700,"url":"https:\/\/www.quebakan.com\/v15\/wp-content\/uploads\/2026\/03\/furia_portada_final_JPG.jpg","type":"image\/jpeg"}],"author":"Erick Villafuerte","twitter_card":"summary_large_image","twitter_creator":"@quebakanec","twitter_site":"@quebakanec","twitter_misc":{"Escrito por":"Erick Villafuerte","Tiempo de lectura":"2 minutos"},"schema":{"@context":"https:\/\/schema.org","@graph":[{"@type":"Article","@id":"https:\/\/www.quebakan.com\/v15\/zam-el-buho-marca-su-regreso-oficial-con-el-explosivo-sencillo-furia\/#article","isPartOf":{"@id":"https:\/\/www.quebakan.com\/v15\/zam-el-buho-marca-su-regreso-oficial-con-el-explosivo-sencillo-furia\/"},"author":{"name":"Erick Villafuerte","@id":"https:\/\/www.quebakan.com\/v15\/#\/schema\/person\/d90fa9f9cfa81eb8ace9811e5b7b9118"},"headline":"Zam El B\u00faho marca su regreso oficial con el explosivo sencillo \u201cFURIA\u201d","datePublished":"2026-03-16T15:53:15+00:00","mainEntityOfPage":{"@id":"https:\/\/www.quebakan.com\/v15\/zam-el-buho-marca-su-regreso-oficial-con-el-explosivo-sencillo-furia\/"},"wordCount":256,"publisher":{"@id":"https:\/\/www.quebakan.com\/v15\/#organization"},"image":{"@id":"https:\/\/www.quebakan.com\/v15\/zam-el-buho-marca-su-regreso-oficial-con-el-explosivo-sencillo-furia\/#primaryimage"},"thumbnailUrl":"https:\/\/www.quebakan.com\/v15\/wp-content\/uploads\/2026\/03\/furia_portada_final_JPG.jpg","articleSection":["M\u00fasica"],"inLanguage":"es"},{"@type":"WebPage","@id":"https:\/\/www.quebakan.com\/v15\/zam-el-buho-marca-su-regreso-oficial-con-el-explosivo-sencillo-furia\/","url":"https:\/\/www.quebakan.com\/v15\/zam-el-buho-marca-su-regreso-oficial-con-el-explosivo-sencillo-furia\/","name":"Zam El B\u00faho marca su regreso oficial con el explosivo sencillo \u201cFURIA\u201d &#8211; QUEBAKAN.COM 2026: Noticias, Eventos, Conciertos y mucho m\u00e1s....","isPartOf":{"@id":"https:\/\/www.quebakan.com\/v15\/#website"},"primaryImageOfPage":{"@id":"https:\/\/www.quebakan.com\/v15\/zam-el-buho-marca-su-regreso-oficial-con-el-explosivo-sencillo-furia\/#primaryimage"},"image":{"@id":"https:\/\/www.quebakan.com\/v15\/zam-el-buho-marca-su-regreso-oficial-con-el-explosivo-sencillo-furia\/#primaryimage"},"thumbnailUrl":"https:\/\/www.quebakan.com\/v15\/wp-content\/uploads\/2026\/03\/furia_portada_final_JPG.jpg","datePublished":"2026-03-16T15:53:15+00:00","breadcrumb":{"@id":"https:\/\/www.quebakan.com\/v15\/zam-el-buho-marca-su-regreso-oficial-con-el-explosivo-sencillo-furia\/#breadcrumb"},"inLanguage":"es","potentialAction":[{"@type":"ReadAction","target":["https:\/\/www.quebakan.com\/v15\/zam-el-buho-marca-su-regreso-oficial-con-el-explosivo-sencillo-furia\/"]}]},{"@type":"ImageObject","inLanguage":"es","@id":"https:\/\/www.quebakan.com\/v15\/zam-el-buho-marca-su-regreso-oficial-con-el-explosivo-sencillo-furia\/#primaryimage","url":"https:\/\/www.quebakan.com\/v15\/wp-content\/uploads\/2026\/03\/furia_portada_final_JPG.jpg","contentUrl":"https:\/\/www.quebakan.com\/v15\/wp-content\/uploads\/2026\/03\/furia_portada_final_JPG.jpg","width":700,"height":700},{"@type":"BreadcrumbList","@id":"https:\/\/www.quebakan.com\/v15\/zam-el-buho-marca-su-regreso-oficial-con-el-explosivo-sencillo-furia\/#breadcrumb","itemListElement":[{"@type":"ListItem","position":1,"name":"Portada","item":"https:\/\/www.quebakan.com\/v15\/"},{"@type":"ListItem","position":2,"name":"Zam El B\u00faho marca su regreso oficial con el explosivo sencillo \u201cFURIA\u201d"}]},{"@type":"WebSite","@id":"https:\/\/www.quebakan.com\/v15\/#website","url":"https:\/\/www.quebakan.com\/v15\/","name":"QUEBAKAN","description":"..","publisher":{"@id":"https:\/\/www.quebakan.com\/v15\/#organization"},"potentialAction":[{"@type":"SearchAction","target":{"@type":"EntryPoint","urlTemplate":"https:\/\/www.quebakan.com\/v15\/?s={search_term_string}"},"query-input":{"@type":"PropertyValueSpecification","valueRequired":true,"valueName":"search_term_string"}}],"inLanguage":"es"},{"@type":"Organization","@id":"https:\/\/www.quebakan.com\/v15\/#organization","name":"Quebakan.com","url":"https:\/\/www.quebakan.com\/v15\/","logo":{"@type":"ImageObject","inLanguage":"es","@id":"https:\/\/www.quebakan.com\/v15\/#\/schema\/logo\/image\/","url":"https:\/\/www.quebakan.com\/v15\/wp-content\/uploads\/2023\/07\/logoquebakanenero2021.jpg","contentUrl":"https:\/\/www.quebakan.com\/v15\/wp-content\/uploads\/2023\/07\/logoquebakanenero2021.jpg","width":1920,"height":1080,"caption":"Quebakan.com"},"image":{"@id":"https:\/\/www.quebakan.com\/v15\/#\/schema\/logo\/image\/"},"sameAs":["http:\/\/www.facebook.com\/quebakan","https:\/\/x.com\/quebakanec","http:\/\/www.instagram.com\/quebakan","http:\/\/www.youtube.com\/quebakan1"]},{"@type":"Person","@id":"https:\/\/www.quebakan.com\/v15\/#\/schema\/person\/d90fa9f9cfa81eb8ace9811e5b7b9118","name":"Erick Villafuerte","image":{"@type":"ImageObject","inLanguage":"es","@id":"https:\/\/www.quebakan.com\/v15\/wp-content\/uploads\/avatars\/4\/1731297654-bpfull.png","url":"https:\/\/www.quebakan.com\/v15\/wp-content\/uploads\/avatars\/4\/1731297654-bpfull.png","contentUrl":"https:\/\/www.quebakan.com\/v15\/wp-content\/uploads\/avatars\/4\/1731297654-bpfull.png","caption":"Erick Villafuerte"}}]}},"_links":{"self":[{"href":"https:\/\/www.quebakan.com\/v15\/wp-json\/wp\/v2\/posts\/140784","targetHints":{"allow":["GET"]}}],"collection":[{"href":"https:\/\/www.quebakan.com\/v15\/wp-json\/wp\/v2\/posts"}],"about":[{"href":"https:\/\/www.quebakan.com\/v15\/wp-json\/wp\/v2\/types\/post"}],"author":[{"embeddable":true,"href":"https:\/\/www.quebakan.com\/v15\/wp-json\/wp\/v2\/users\/4"}],"replies":[{"embeddable":true,"href":"https:\/\/www.quebakan.com\/v15\/wp-json\/wp\/v2\/comments?post=140784"}],"version-history":[{"count":1,"href":"https:\/\/www.quebakan.com\/v15\/wp-json\/wp\/v2\/posts\/140784\/revisions"}],"predecessor-version":[{"id":140787,"href":"https:\/\/www.quebakan.com\/v15\/wp-json\/wp\/v2\/posts\/140784\/revisions\/140787"}],"wp:featuredmedia":[{"embeddable":true,"href":"https:\/\/www.quebakan.com\/v15\/wp-json\/wp\/v2\/media\/140785"}],"wp:attachment":[{"href":"https:\/\/www.quebakan.com\/v15\/wp-json\/wp\/v2\/media?parent=140784"}],"wp:term":[{"taxonomy":"category","embeddable":true,"href":"https:\/\/www.quebakan.com\/v15\/wp-json\/wp\/v2\/categories?post=140784"},{"taxonomy":"post_tag","embeddable":true,"href":"https:\/\/www.quebakan.com\/v15\/wp-json\/wp\/v2\/tags?post=140784"}],"curies":[{"name":"wp","href":"https:\/\/api.w.org\/{rel}","templated":true}]}}