{"id":140788,"date":"2026-03-16T10:56:16","date_gmt":"2026-03-16T15:56:16","guid":{"rendered":"https:\/\/www.quebakan.com\/v15\/?p=140788"},"modified":"2026-03-16T10:56:16","modified_gmt":"2026-03-16T15:56:16","slug":"el-cantautor-y-productor-alan-hidalgo-promociona-el-tema-linda-la-soledad","status":"publish","type":"post","link":"https:\/\/www.quebakan.com\/v15\/el-cantautor-y-productor-alan-hidalgo-promociona-el-tema-linda-la-soledad\/","title":{"rendered":"El cantautor y productor Alan Hidalgo, promociona el tema \u00abLinda La Soledad\u00bb"},"content":{"rendered":"<p><img fetchpriority=\"high\" decoding=\"async\" class=\"aligncenter size-full wp-image-140789\" src=\"https:\/\/www.quebakan.com\/v15\/wp-content\/uploads\/2026\/03\/IMG_9398.jpg\" alt=\"\" width=\"427\" height=\"640\" \/><\/p>\n<p><span style=\"color: #000000;\"><b><span style=\"font-size: large;\" data-olk-copy-source=\"MessageBody\">Alan Hidalgo<\/span><\/b><span style=\"font-size: large;\">\u00a0es un cantautor y productor ejecutivo ecuatoriano que\u00a0ha consolidado su carrera fusionando la energ\u00eda vibrante de los g\u00e9neros tropicales \u2014la salsa y el merengue\u2014 con una l\u00edrica cargada de autenticidad y crecimiento personal.<\/span><\/span><\/p>\n<p><span style=\"font-size: large; color: #000000;\">Con una formaci\u00f3n t\u00e9cnica iniciada a los 19 a\u00f1os,<b>\u00a0Alan\u00a0<\/b>desarroll\u00f3 una capacidad vocal excepcional en entornos de alta exigencia ac\u00fastica, lo que le permite dominar desde escenarios \u00edntimos hasta auditorios de gran escala. Su trayectoria art\u00edstica lo ha llevado a conquistar p\u00fablicos con su carisma natural y su profunda conexi\u00f3n con el ritmo tropical.<\/span><\/p>\n<div>\n<div><span style=\"font-size: large; color: #000000;\">Como productor ejecutivo bajo el sello Hidalgo Music Producciones,\u00a0<b>Alan<\/b>\u00a0no s\u00f3lo interpreta: tambi\u00e9n construye el sonido que lleva su firma inconfundible, participando activamente en la creaci\u00f3n musical y visual de cada proyecto.<\/span><\/div>\n<div><\/div>\n<div><span style=\"font-size: large; color: #000000;\">Su propuesta art\u00edstica nace de una fusi\u00f3n honesta entre la tradici\u00f3n tropical latinoamericana y una visi\u00f3n contempor\u00e1nea de la vida. Sus canciones hablan de emociones reales: el amor, la alegr\u00eda, la introspecci\u00f3n y la superaci\u00f3n personal. \u00abUna salsa para celebrar la vida, la libertad y el amor propio.\u00bb, Alan Hidalgo.<\/span><\/div>\n<\/div>\n<div><\/div>\n<div><span style=\"color: #000000;\"><span style=\"font-size: large;\">Su primer sencillo promocional es <\/span><i style=\"font-size: large;\">\u00abLinda La Soledad\u00bb<\/i><span style=\"font-size: large;\"> en g\u00e9nero Salsa Tropical,\u00a0 un tema de su autor\u00eda en cuanto a letra y arreglos musicales. Fue grabada en Guayaquil en la Productora Hidalgo Music y fue masterizada en New York por el Ing. Edwin Lozano.<\/span><\/span><\/div>\n<div>\n<div><span style=\"color: #000000;\"><b>\u00a0<\/b><\/span><\/div>\n<div><span style=\"color: #000000;\"><b>DATOS DEL SENCILLO<\/b><\/span><\/div>\n<div><span style=\"color: #000000;\"><b>GENERO<\/b><\/span><\/div>\n<div><span style=\"color: #000000;\">Salsa Tropical<\/span><br \/>\n<span style=\"color: #000000;\">2026<\/span><\/div>\n<div>\n<span style=\"color: #000000;\"><b>SELLO<\/b><\/span><br \/>\n<span style=\"color: #000000;\">Hidalgo Music Producciones<\/span><\/div>\n<div>\n<span style=\"color: #000000;\"><b>VIDEOCLIP<\/b><\/span><br \/>\n<span style=\"color: #000000;\">Filmado en Punta Blanca, Ecuador<\/span><\/div>\n<div><\/div>\n<div><span style=\"color: #000000;\"><a style=\"color: #000000;\" title=\"Protegido por Outlook: https:\/\/youtu.be\/mfK1KGFbvzI?si=oYWVUdwg5qaELcu9. Haga clic o pulse para seguir el v\u00ednculo.\" href=\"https:\/\/na01.safelinks.protection.outlook.com\/?url=https%3A%2F%2Fyoutu.be%2FmfK1KGFbvzI%3Fsi%3DoYWVUdwg5qaELcu9&amp;data=05%7C02%7C%7C306f1b5e60af4f07309d08de7f81654c%7C84df9e7fe9f640afb435aaaaaaaaaaaa%7C1%7C0%7C639088391221440463%7CUnknown%7CTWFpbGZsb3d8eyJFbXB0eU1hcGkiOnRydWUsIlYiOiIwLjAuMDAwMCIsIlAiOiJXaW4zMiIsIkFOIjoiTWFpbCIsIldUIjoyfQ%3D%3D%7C0%7C%7C%7C&amp;sdata=4Dc9U049QuVJ%2BbkzQySyK4dUQhgkgZyYfBLukx9jxIQ%3D&amp;reserved=0\" target=\"_blank\" rel=\"noopener noreferrer\" data-auth=\"NotApplicable\" data-linkindex=\"0\">https:\/\/youtu.be\/mfK1KGFbvzI?si=oYWVUdwg5qaELcu9<\/a><\/span><\/div>\n<div>\n<span style=\"color: #000000;\"><b>PLATAFORMAS<\/b><\/span><br \/>\n<span style=\"color: #000000;\">Spotify \u00b7 YouTube \u00b7<\/span><\/div>\n<div><\/div>\n<div><span style=\"color: #000000;\"><b>REDES SOCIALES<\/b><\/span><br \/>\n<span style=\"color: #000000;\"><b>INSTAGRAM<\/b><\/span><\/div>\n<div><span style=\"color: #000000;\">@hidalgomusicec<\/span><\/div>\n<div>\n<span style=\"color: #000000;\"><b>TIKTOK\u00a0<\/b><\/span><\/div>\n<div><span style=\"color: #000000;\">alan.hidalgo20<\/span><\/div>\n<div>\n<span style=\"color: #000000;\"><b>FACEBOOK\u00a0<\/b><\/span><\/div>\n<div><span style=\"color: #000000;\">Alan Hidalgo<\/span><\/p>\n<p><span style=\"color: #000000;\"><b>FUERA DEL ESCENARIO<\/b><\/span><br \/>\n<span style=\"color: #000000;\">&#x1f3d7; Proyectos Inmobiliarios<\/span><\/div>\n<div><span style=\"color: #000000;\">\u00a0&#x1f3be; Jugar p\u00e1del<\/span><\/div>\n<div><span style=\"color: #000000;\">&#x1f3cb; Hacer ejercicio<\/span><\/div>\n<div><span style=\"color: #000000;\">&#x1f525; Preparar asados con amigos y familia<\/span><\/div>\n<div><span style=\"color: #000000;\">&#x1f30a;\u00a0Disfrutar del mar y la naturaleza\u00a0<\/span><\/div>\n<div><span style=\"color: #000000;\">&#x1f3b5;\u00a0Escuchar y crear m\u00fasica<\/span><\/div>\n<\/div>\n<div><\/div>\n<div><img decoding=\"async\" class=\"aligncenter size-full wp-image-140790\" src=\"https:\/\/www.quebakan.com\/v15\/wp-content\/uploads\/2026\/03\/IMG_9409.jpg\" alt=\"\" width=\"427\" height=\"640\" \/><\/div>\n<div><\/div>\n<div>\n<audio class=\"wp-audio-shortcode\" id=\"audio-140788-1\" preload=\"none\" style=\"width: 100%;\" controls=\"controls\"><source type=\"audio\/mpeg\" src=\"https:\/\/www.quebakan.com\/v15\/wp-content\/uploads\/2026\/03\/ALAN-HIDALGO-LINDA-LA-SOLEDAD-MP3.mp3?_=1\" \/><a href=\"https:\/\/www.quebakan.com\/v15\/wp-content\/uploads\/2026\/03\/ALAN-HIDALGO-LINDA-LA-SOLEDAD-MP3.mp3\">https:\/\/www.quebakan.com\/v15\/wp-content\/uploads\/2026\/03\/ALAN-HIDALGO-LINDA-LA-SOLEDAD-MP3.mp3<\/a><\/audio>\n<\/div>\n","protected":false},"excerpt":{"rendered":"<p>Alan Hidalgo\u00a0es un cantautor y productor ejecutivo ecuatoriano que\u00a0ha consolidado su carrera fusionando la energ\u00eda vibrante de los g\u00e9neros tropicales \u2014la salsa y el merengue\u2014 con una l\u00edrica cargada de autenticidad y crecimiento personal. Con una formaci\u00f3n t\u00e9cnica iniciada a los 19 a\u00f1os,\u00a0Alan\u00a0desarroll\u00f3 una capacidad vocal excepcional en entornos de alta exigencia ac\u00fastica, lo que [&hellip;]<\/p>\n","protected":false},"author":4,"featured_media":140790,"comment_status":"closed","ping_status":"closed","sticky":false,"template":"","format":"standard","meta":{"_bbp_topic_count":0,"_bbp_reply_count":0,"_bbp_total_topic_count":0,"_bbp_total_reply_count":0,"_bbp_voice_count":0,"_bbp_anonymous_reply_count":0,"_bbp_topic_count_hidden":0,"_bbp_reply_count_hidden":0,"_bbp_forum_subforum_count":0,"buzzeditor_post_format":"","footnotes":""},"categories":[332],"tags":[],"class_list":["post-140788","post","type-post","status-publish","format-standard","has-post-thumbnail","hentry","category-musica"],"yoast_head":"<!-- This site is optimized with the Yoast SEO plugin v27.5 - https:\/\/yoast.com\/product\/yoast-seo-wordpress\/ -->\n<title>El cantautor y productor Alan Hidalgo, promociona el tema &quot;Linda La Soledad&quot; &#8211; QUEBAKAN.COM 2026: Noticias, Eventos, Conciertos y mucho m\u00e1s....<\/title>\n<meta name=\"robots\" content=\"index, follow, max-snippet:-1, max-image-preview:large, max-video-preview:-1\" \/>\n<link rel=\"canonical\" href=\"https:\/\/www.quebakan.com\/v15\/el-cantautor-y-productor-alan-hidalgo-promociona-el-tema-linda-la-soledad\/\" \/>\n<meta property=\"og:locale\" content=\"es_ES\" \/>\n<meta property=\"og:type\" content=\"article\" \/>\n<meta property=\"og:title\" content=\"El cantautor y productor Alan Hidalgo, promociona el tema &quot;Linda La Soledad&quot; &#8211; QUEBAKAN.COM 2026: Noticias, Eventos, Conciertos y mucho m\u00e1s....\" \/>\n<meta property=\"og:description\" content=\"Alan Hidalgo\u00a0es un cantautor y productor ejecutivo ecuatoriano que\u00a0ha consolidado su carrera fusionando la energ\u00eda vibrante de los g\u00e9neros tropicales \u2014la salsa y el merengue\u2014 con una l\u00edrica cargada de autenticidad y crecimiento personal. Con una formaci\u00f3n t\u00e9cnica iniciada a los 19 a\u00f1os,\u00a0Alan\u00a0desarroll\u00f3 una capacidad vocal excepcional en entornos de alta exigencia ac\u00fastica, lo que [&hellip;]\" \/>\n<meta property=\"og:url\" content=\"https:\/\/www.quebakan.com\/v15\/el-cantautor-y-productor-alan-hidalgo-promociona-el-tema-linda-la-soledad\/\" \/>\n<meta property=\"og:site_name\" content=\"QUEBAKAN.COM 2026: Noticias, Eventos, Conciertos y mucho m\u00e1s....\" \/>\n<meta property=\"article:publisher\" content=\"http:\/\/www.facebook.com\/quebakan\" \/>\n<meta property=\"article:published_time\" content=\"2026-03-16T15:56:16+00:00\" \/>\n<meta property=\"og:image\" content=\"https:\/\/www.quebakan.com\/v15\/wp-content\/uploads\/2026\/03\/IMG_9409.jpg\" \/>\n\t<meta property=\"og:image:width\" content=\"427\" \/>\n\t<meta property=\"og:image:height\" content=\"640\" \/>\n\t<meta property=\"og:image:type\" content=\"image\/jpeg\" \/>\n<meta name=\"author\" content=\"Erick Villafuerte\" \/>\n<meta name=\"twitter:card\" content=\"summary_large_image\" \/>\n<meta name=\"twitter:creator\" content=\"@quebakanec\" \/>\n<meta name=\"twitter:site\" content=\"@quebakanec\" \/>\n<meta name=\"twitter:label1\" content=\"Escrito por\" \/>\n\t<meta name=\"twitter:data1\" content=\"Erick Villafuerte\" \/>\n\t<meta name=\"twitter:label2\" content=\"Tiempo de lectura\" \/>\n\t<meta name=\"twitter:data2\" content=\"2 minutos\" \/>\n<script type=\"application\/ld+json\" class=\"yoast-schema-graph\">{\"@context\":\"https:\\\/\\\/schema.org\",\"@graph\":[{\"@type\":\"Article\",\"@id\":\"https:\\\/\\\/www.quebakan.com\\\/v15\\\/el-cantautor-y-productor-alan-hidalgo-promociona-el-tema-linda-la-soledad\\\/#article\",\"isPartOf\":{\"@id\":\"https:\\\/\\\/www.quebakan.com\\\/v15\\\/el-cantautor-y-productor-alan-hidalgo-promociona-el-tema-linda-la-soledad\\\/\"},\"author\":{\"name\":\"Erick Villafuerte\",\"@id\":\"https:\\\/\\\/www.quebakan.com\\\/v15\\\/#\\\/schema\\\/person\\\/d90fa9f9cfa81eb8ace9811e5b7b9118\"},\"headline\":\"El cantautor y productor Alan Hidalgo, promociona el tema \u00abLinda La Soledad\u00bb\",\"datePublished\":\"2026-03-16T15:56:16+00:00\",\"mainEntityOfPage\":{\"@id\":\"https:\\\/\\\/www.quebakan.com\\\/v15\\\/el-cantautor-y-productor-alan-hidalgo-promociona-el-tema-linda-la-soledad\\\/\"},\"wordCount\":345,\"publisher\":{\"@id\":\"https:\\\/\\\/www.quebakan.com\\\/v15\\\/#organization\"},\"image\":{\"@id\":\"https:\\\/\\\/www.quebakan.com\\\/v15\\\/el-cantautor-y-productor-alan-hidalgo-promociona-el-tema-linda-la-soledad\\\/#primaryimage\"},\"thumbnailUrl\":\"https:\\\/\\\/www.quebakan.com\\\/v15\\\/wp-content\\\/uploads\\\/2026\\\/03\\\/IMG_9409.jpg\",\"articleSection\":[\"M\u00fasica\"],\"inLanguage\":\"es\"},{\"@type\":\"WebPage\",\"@id\":\"https:\\\/\\\/www.quebakan.com\\\/v15\\\/el-cantautor-y-productor-alan-hidalgo-promociona-el-tema-linda-la-soledad\\\/\",\"url\":\"https:\\\/\\\/www.quebakan.com\\\/v15\\\/el-cantautor-y-productor-alan-hidalgo-promociona-el-tema-linda-la-soledad\\\/\",\"name\":\"El cantautor y productor Alan Hidalgo, promociona el tema \\\"Linda La Soledad\\\" &#8211; QUEBAKAN.COM 2026: Noticias, Eventos, Conciertos y mucho m\u00e1s....\",\"isPartOf\":{\"@id\":\"https:\\\/\\\/www.quebakan.com\\\/v15\\\/#website\"},\"primaryImageOfPage\":{\"@id\":\"https:\\\/\\\/www.quebakan.com\\\/v15\\\/el-cantautor-y-productor-alan-hidalgo-promociona-el-tema-linda-la-soledad\\\/#primaryimage\"},\"image\":{\"@id\":\"https:\\\/\\\/www.quebakan.com\\\/v15\\\/el-cantautor-y-productor-alan-hidalgo-promociona-el-tema-linda-la-soledad\\\/#primaryimage\"},\"thumbnailUrl\":\"https:\\\/\\\/www.quebakan.com\\\/v15\\\/wp-content\\\/uploads\\\/2026\\\/03\\\/IMG_9409.jpg\",\"datePublished\":\"2026-03-16T15:56:16+00:00\",\"breadcrumb\":{\"@id\":\"https:\\\/\\\/www.quebakan.com\\\/v15\\\/el-cantautor-y-productor-alan-hidalgo-promociona-el-tema-linda-la-soledad\\\/#breadcrumb\"},\"inLanguage\":\"es\",\"potentialAction\":[{\"@type\":\"ReadAction\",\"target\":[\"https:\\\/\\\/www.quebakan.com\\\/v15\\\/el-cantautor-y-productor-alan-hidalgo-promociona-el-tema-linda-la-soledad\\\/\"]}]},{\"@type\":\"ImageObject\",\"inLanguage\":\"es\",\"@id\":\"https:\\\/\\\/www.quebakan.com\\\/v15\\\/el-cantautor-y-productor-alan-hidalgo-promociona-el-tema-linda-la-soledad\\\/#primaryimage\",\"url\":\"https:\\\/\\\/www.quebakan.com\\\/v15\\\/wp-content\\\/uploads\\\/2026\\\/03\\\/IMG_9409.jpg\",\"contentUrl\":\"https:\\\/\\\/www.quebakan.com\\\/v15\\\/wp-content\\\/uploads\\\/2026\\\/03\\\/IMG_9409.jpg\",\"width\":427,\"height\":640},{\"@type\":\"BreadcrumbList\",\"@id\":\"https:\\\/\\\/www.quebakan.com\\\/v15\\\/el-cantautor-y-productor-alan-hidalgo-promociona-el-tema-linda-la-soledad\\\/#breadcrumb\",\"itemListElement\":[{\"@type\":\"ListItem\",\"position\":1,\"name\":\"Portada\",\"item\":\"https:\\\/\\\/www.quebakan.com\\\/v15\\\/\"},{\"@type\":\"ListItem\",\"position\":2,\"name\":\"El cantautor y productor Alan Hidalgo, promociona el tema \u00abLinda La Soledad\u00bb\"}]},{\"@type\":\"WebSite\",\"@id\":\"https:\\\/\\\/www.quebakan.com\\\/v15\\\/#website\",\"url\":\"https:\\\/\\\/www.quebakan.com\\\/v15\\\/\",\"name\":\"QUEBAKAN\",\"description\":\"..\",\"publisher\":{\"@id\":\"https:\\\/\\\/www.quebakan.com\\\/v15\\\/#organization\"},\"potentialAction\":[{\"@type\":\"SearchAction\",\"target\":{\"@type\":\"EntryPoint\",\"urlTemplate\":\"https:\\\/\\\/www.quebakan.com\\\/v15\\\/?s={search_term_string}\"},\"query-input\":{\"@type\":\"PropertyValueSpecification\",\"valueRequired\":true,\"valueName\":\"search_term_string\"}}],\"inLanguage\":\"es\"},{\"@type\":\"Organization\",\"@id\":\"https:\\\/\\\/www.quebakan.com\\\/v15\\\/#organization\",\"name\":\"Quebakan.com\",\"url\":\"https:\\\/\\\/www.quebakan.com\\\/v15\\\/\",\"logo\":{\"@type\":\"ImageObject\",\"inLanguage\":\"es\",\"@id\":\"https:\\\/\\\/www.quebakan.com\\\/v15\\\/#\\\/schema\\\/logo\\\/image\\\/\",\"url\":\"https:\\\/\\\/www.quebakan.com\\\/v15\\\/wp-content\\\/uploads\\\/2023\\\/07\\\/logoquebakanenero2021.jpg\",\"contentUrl\":\"https:\\\/\\\/www.quebakan.com\\\/v15\\\/wp-content\\\/uploads\\\/2023\\\/07\\\/logoquebakanenero2021.jpg\",\"width\":1920,\"height\":1080,\"caption\":\"Quebakan.com\"},\"image\":{\"@id\":\"https:\\\/\\\/www.quebakan.com\\\/v15\\\/#\\\/schema\\\/logo\\\/image\\\/\"},\"sameAs\":[\"http:\\\/\\\/www.facebook.com\\\/quebakan\",\"https:\\\/\\\/x.com\\\/quebakanec\",\"http:\\\/\\\/www.instagram.com\\\/quebakan\",\"http:\\\/\\\/www.youtube.com\\\/quebakan1\"]},{\"@type\":\"Person\",\"@id\":\"https:\\\/\\\/www.quebakan.com\\\/v15\\\/#\\\/schema\\\/person\\\/d90fa9f9cfa81eb8ace9811e5b7b9118\",\"name\":\"Erick Villafuerte\",\"image\":{\"@type\":\"ImageObject\",\"inLanguage\":\"es\",\"@id\":\"https:\\\/\\\/www.quebakan.com\\\/v15\\\/wp-content\\\/uploads\\\/avatars\\\/4\\\/1731297654-bpfull.png\",\"url\":\"https:\\\/\\\/www.quebakan.com\\\/v15\\\/wp-content\\\/uploads\\\/avatars\\\/4\\\/1731297654-bpfull.png\",\"contentUrl\":\"https:\\\/\\\/www.quebakan.com\\\/v15\\\/wp-content\\\/uploads\\\/avatars\\\/4\\\/1731297654-bpfull.png\",\"caption\":\"Erick Villafuerte\"}}]}<\/script>\n<!-- \/ Yoast SEO plugin. -->","yoast_head_json":{"title":"El cantautor y productor Alan Hidalgo, promociona el tema \"Linda La Soledad\" &#8211; QUEBAKAN.COM 2026: Noticias, Eventos, Conciertos y mucho m\u00e1s....","robots":{"index":"index","follow":"follow","max-snippet":"max-snippet:-1","max-image-preview":"max-image-preview:large","max-video-preview":"max-video-preview:-1"},"canonical":"https:\/\/www.quebakan.com\/v15\/el-cantautor-y-productor-alan-hidalgo-promociona-el-tema-linda-la-soledad\/","og_locale":"es_ES","og_type":"article","og_title":"El cantautor y productor Alan Hidalgo, promociona el tema \"Linda La Soledad\" &#8211; QUEBAKAN.COM 2026: Noticias, Eventos, Conciertos y mucho m\u00e1s....","og_description":"Alan Hidalgo\u00a0es un cantautor y productor ejecutivo ecuatoriano que\u00a0ha consolidado su carrera fusionando la energ\u00eda vibrante de los g\u00e9neros tropicales \u2014la salsa y el merengue\u2014 con una l\u00edrica cargada de autenticidad y crecimiento personal. Con una formaci\u00f3n t\u00e9cnica iniciada a los 19 a\u00f1os,\u00a0Alan\u00a0desarroll\u00f3 una capacidad vocal excepcional en entornos de alta exigencia ac\u00fastica, lo que [&hellip;]","og_url":"https:\/\/www.quebakan.com\/v15\/el-cantautor-y-productor-alan-hidalgo-promociona-el-tema-linda-la-soledad\/","og_site_name":"QUEBAKAN.COM 2026: Noticias, Eventos, Conciertos y mucho m\u00e1s....","article_publisher":"http:\/\/www.facebook.com\/quebakan","article_published_time":"2026-03-16T15:56:16+00:00","og_image":[{"width":427,"height":640,"url":"https:\/\/www.quebakan.com\/v15\/wp-content\/uploads\/2026\/03\/IMG_9409.jpg","type":"image\/jpeg"}],"author":"Erick Villafuerte","twitter_card":"summary_large_image","twitter_creator":"@quebakanec","twitter_site":"@quebakanec","twitter_misc":{"Escrito por":"Erick Villafuerte","Tiempo de lectura":"2 minutos"},"schema":{"@context":"https:\/\/schema.org","@graph":[{"@type":"Article","@id":"https:\/\/www.quebakan.com\/v15\/el-cantautor-y-productor-alan-hidalgo-promociona-el-tema-linda-la-soledad\/#article","isPartOf":{"@id":"https:\/\/www.quebakan.com\/v15\/el-cantautor-y-productor-alan-hidalgo-promociona-el-tema-linda-la-soledad\/"},"author":{"name":"Erick Villafuerte","@id":"https:\/\/www.quebakan.com\/v15\/#\/schema\/person\/d90fa9f9cfa81eb8ace9811e5b7b9118"},"headline":"El cantautor y productor Alan Hidalgo, promociona el tema \u00abLinda La Soledad\u00bb","datePublished":"2026-03-16T15:56:16+00:00","mainEntityOfPage":{"@id":"https:\/\/www.quebakan.com\/v15\/el-cantautor-y-productor-alan-hidalgo-promociona-el-tema-linda-la-soledad\/"},"wordCount":345,"publisher":{"@id":"https:\/\/www.quebakan.com\/v15\/#organization"},"image":{"@id":"https:\/\/www.quebakan.com\/v15\/el-cantautor-y-productor-alan-hidalgo-promociona-el-tema-linda-la-soledad\/#primaryimage"},"thumbnailUrl":"https:\/\/www.quebakan.com\/v15\/wp-content\/uploads\/2026\/03\/IMG_9409.jpg","articleSection":["M\u00fasica"],"inLanguage":"es"},{"@type":"WebPage","@id":"https:\/\/www.quebakan.com\/v15\/el-cantautor-y-productor-alan-hidalgo-promociona-el-tema-linda-la-soledad\/","url":"https:\/\/www.quebakan.com\/v15\/el-cantautor-y-productor-alan-hidalgo-promociona-el-tema-linda-la-soledad\/","name":"El cantautor y productor Alan Hidalgo, promociona el tema \"Linda La Soledad\" &#8211; QUEBAKAN.COM 2026: Noticias, Eventos, Conciertos y mucho m\u00e1s....","isPartOf":{"@id":"https:\/\/www.quebakan.com\/v15\/#website"},"primaryImageOfPage":{"@id":"https:\/\/www.quebakan.com\/v15\/el-cantautor-y-productor-alan-hidalgo-promociona-el-tema-linda-la-soledad\/#primaryimage"},"image":{"@id":"https:\/\/www.quebakan.com\/v15\/el-cantautor-y-productor-alan-hidalgo-promociona-el-tema-linda-la-soledad\/#primaryimage"},"thumbnailUrl":"https:\/\/www.quebakan.com\/v15\/wp-content\/uploads\/2026\/03\/IMG_9409.jpg","datePublished":"2026-03-16T15:56:16+00:00","breadcrumb":{"@id":"https:\/\/www.quebakan.com\/v15\/el-cantautor-y-productor-alan-hidalgo-promociona-el-tema-linda-la-soledad\/#breadcrumb"},"inLanguage":"es","potentialAction":[{"@type":"ReadAction","target":["https:\/\/www.quebakan.com\/v15\/el-cantautor-y-productor-alan-hidalgo-promociona-el-tema-linda-la-soledad\/"]}]},{"@type":"ImageObject","inLanguage":"es","@id":"https:\/\/www.quebakan.com\/v15\/el-cantautor-y-productor-alan-hidalgo-promociona-el-tema-linda-la-soledad\/#primaryimage","url":"https:\/\/www.quebakan.com\/v15\/wp-content\/uploads\/2026\/03\/IMG_9409.jpg","contentUrl":"https:\/\/www.quebakan.com\/v15\/wp-content\/uploads\/2026\/03\/IMG_9409.jpg","width":427,"height":640},{"@type":"BreadcrumbList","@id":"https:\/\/www.quebakan.com\/v15\/el-cantautor-y-productor-alan-hidalgo-promociona-el-tema-linda-la-soledad\/#breadcrumb","itemListElement":[{"@type":"ListItem","position":1,"name":"Portada","item":"https:\/\/www.quebakan.com\/v15\/"},{"@type":"ListItem","position":2,"name":"El cantautor y productor Alan Hidalgo, promociona el tema \u00abLinda La Soledad\u00bb"}]},{"@type":"WebSite","@id":"https:\/\/www.quebakan.com\/v15\/#website","url":"https:\/\/www.quebakan.com\/v15\/","name":"QUEBAKAN","description":"..","publisher":{"@id":"https:\/\/www.quebakan.com\/v15\/#organization"},"potentialAction":[{"@type":"SearchAction","target":{"@type":"EntryPoint","urlTemplate":"https:\/\/www.quebakan.com\/v15\/?s={search_term_string}"},"query-input":{"@type":"PropertyValueSpecification","valueRequired":true,"valueName":"search_term_string"}}],"inLanguage":"es"},{"@type":"Organization","@id":"https:\/\/www.quebakan.com\/v15\/#organization","name":"Quebakan.com","url":"https:\/\/www.quebakan.com\/v15\/","logo":{"@type":"ImageObject","inLanguage":"es","@id":"https:\/\/www.quebakan.com\/v15\/#\/schema\/logo\/image\/","url":"https:\/\/www.quebakan.com\/v15\/wp-content\/uploads\/2023\/07\/logoquebakanenero2021.jpg","contentUrl":"https:\/\/www.quebakan.com\/v15\/wp-content\/uploads\/2023\/07\/logoquebakanenero2021.jpg","width":1920,"height":1080,"caption":"Quebakan.com"},"image":{"@id":"https:\/\/www.quebakan.com\/v15\/#\/schema\/logo\/image\/"},"sameAs":["http:\/\/www.facebook.com\/quebakan","https:\/\/x.com\/quebakanec","http:\/\/www.instagram.com\/quebakan","http:\/\/www.youtube.com\/quebakan1"]},{"@type":"Person","@id":"https:\/\/www.quebakan.com\/v15\/#\/schema\/person\/d90fa9f9cfa81eb8ace9811e5b7b9118","name":"Erick Villafuerte","image":{"@type":"ImageObject","inLanguage":"es","@id":"https:\/\/www.quebakan.com\/v15\/wp-content\/uploads\/avatars\/4\/1731297654-bpfull.png","url":"https:\/\/www.quebakan.com\/v15\/wp-content\/uploads\/avatars\/4\/1731297654-bpfull.png","contentUrl":"https:\/\/www.quebakan.com\/v15\/wp-content\/uploads\/avatars\/4\/1731297654-bpfull.png","caption":"Erick Villafuerte"}}]}},"_links":{"self":[{"href":"https:\/\/www.quebakan.com\/v15\/wp-json\/wp\/v2\/posts\/140788","targetHints":{"allow":["GET"]}}],"collection":[{"href":"https:\/\/www.quebakan.com\/v15\/wp-json\/wp\/v2\/posts"}],"about":[{"href":"https:\/\/www.quebakan.com\/v15\/wp-json\/wp\/v2\/types\/post"}],"author":[{"embeddable":true,"href":"https:\/\/www.quebakan.com\/v15\/wp-json\/wp\/v2\/users\/4"}],"replies":[{"embeddable":true,"href":"https:\/\/www.quebakan.com\/v15\/wp-json\/wp\/v2\/comments?post=140788"}],"version-history":[{"count":1,"href":"https:\/\/www.quebakan.com\/v15\/wp-json\/wp\/v2\/posts\/140788\/revisions"}],"predecessor-version":[{"id":140792,"href":"https:\/\/www.quebakan.com\/v15\/wp-json\/wp\/v2\/posts\/140788\/revisions\/140792"}],"wp:featuredmedia":[{"embeddable":true,"href":"https:\/\/www.quebakan.com\/v15\/wp-json\/wp\/v2\/media\/140790"}],"wp:attachment":[{"href":"https:\/\/www.quebakan.com\/v15\/wp-json\/wp\/v2\/media?parent=140788"}],"wp:term":[{"taxonomy":"category","embeddable":true,"href":"https:\/\/www.quebakan.com\/v15\/wp-json\/wp\/v2\/categories?post=140788"},{"taxonomy":"post_tag","embeddable":true,"href":"https:\/\/www.quebakan.com\/v15\/wp-json\/wp\/v2\/tags?post=140788"}],"curies":[{"name":"wp","href":"https:\/\/api.w.org\/{rel}","templated":true}]}}