{"id":140793,"date":"2026-03-16T11:00:31","date_gmt":"2026-03-16T16:00:31","guid":{"rendered":"https:\/\/www.quebakan.com\/v15\/?p=140793"},"modified":"2026-03-16T11:00:31","modified_gmt":"2026-03-16T16:00:31","slug":"servicio-de-recoleccion-en-guayaquil-respeta-decreto-ejecutivo-329","status":"publish","type":"post","link":"https:\/\/www.quebakan.com\/v15\/servicio-de-recoleccion-en-guayaquil-respeta-decreto-ejecutivo-329\/","title":{"rendered":"Servicio de recolecci\u00f3n en Guayaquil  respeta Decreto Ejecutivo 329"},"content":{"rendered":"<p><img decoding=\"async\" class=\"aligncenter size-full wp-image-140794\" src=\"https:\/\/www.quebakan.com\/v15\/wp-content\/uploads\/2026\/03\/urvaseologo.jpg\" alt=\"\" width=\"190\" height=\"175\" \/><\/p>\n<p style=\"text-align: justify;\"><span style=\"color: #000000;\">El servicio de recolecci\u00f3n, barrido y transporte\u00a0 de desechos s\u00f3lidos en la ciudad, cumpliendo con lo dispuesto en el decreto ejecutivo 329, que establece un toque de queda a partir del 15 de Marzo desde las 23h00 hasta las 05h00, se prestar\u00e1 entre las\u00a0 06h00 y 20h00 .<\/span><\/p>\n<p style=\"text-align: justify;\"><span style=\"color: #000000;\"><u>Este horario permitir\u00e1 que los camiones recolectores puedan realizar sus rutas, hacer las descargas correspondientes en el relleno sanitario y retornar a las instalaciones antes del inicio del horario de restricci\u00f3n de movilidad, al igual que el personal.<\/u><\/span><\/p>\n<p style=\"text-align: justify;\"><span style=\"color: #000000;\">Quienes se vean afectados por las limitaciones de este horario temporal, podr\u00e1n llevar sus desechos a los Centros de Acopio que operar\u00e1n desde las 05h00 hasta las 23h00.<\/span><\/p>\n<p style=\"text-align: justify;\"><span style=\"color: #000000;\">Se reafirma as\u00ed el compromiso con Guayaquil de continuar prestando este servicio esencial con responsabilidad, respetando las disposiciones de las autoridades\u00a0 nacionales y trabajando por el bienestar de la ciudad.<\/span><\/p>\n<p style=\"text-align: justify;\"><span style=\"color: #000000;\"><strong>\u00a0Direcci\u00f3n de Centros de Acopio:<\/strong>\u00a0<\/span><\/p>\n<ol>\n<li style=\"text-align: justify;\"><span style=\"color: #000000;\"><strong>CAT SUBURBIO<\/strong>: Batall\u00f3n del Suburbio:\u00a0Calle 40 entre la l y la J. (ESCOMBRERA)<\/span><\/li>\n<li style=\"text-align: justify;\"><span style=\"color: #000000;\"><strong>CAT SUR:<\/strong> Ra\u00fal Clemente Huerta Mz. 38 Sl. 1.<\/span><\/li>\n<li style=\"text-align: justify;\"><span style=\"color: #000000;\"><strong>TRINITARIA:<\/strong> Isla Trinitaria: Coop. Nuevo Ecuador III Mz. 709 Sl. 12. (ESCOMBRERA)<\/span><\/li>\n<li style=\"text-align: justify;\"><span style=\"color: #000000;\"><strong>BAHIA<\/strong>: Bah\u00eda:\u00a0Calixto Romero y Cacique \u00c1lvarez. (ESCOMBRERA)<\/span><\/li>\n<li style=\"text-align: justify;\"><span style=\"color: #000000;\"><strong>PLAYITA:<\/strong> La Playita:\u00a0Guasmo Sur, Pre cooperativa San Filipo 11\u00b0 Paseo 58 SE y Av 12. SE.<\/span><\/li>\n<li style=\"text-align: justify;\"><span style=\"color: #000000;\"><strong>MUCHO LOTE 2:<\/strong> Mucho Lote 2:\u00a0Macro Lote 1, \u201cAutopista Villa Espa\u00f1a 2\u201d.<\/span><\/li>\n<li style=\"text-align: justify;\"><span style=\"color: #000000;\"><strong>MUCHO LOTE 2:<\/strong> Mucho Lote 2:\u00a0Macro Lote 4-5-6-7, \u201cAutopista Villa Espa\u00f1a 2\u201d.\u00a0 (ESCOMBRERA)<\/span><\/li>\n<li style=\"text-align: justify;\"><span style=\"color: #000000;\"><strong>MUCHO LOTE 2<\/strong>: Mucho Lote 2:\u00a0Macro Lote 2-3-8-9, \u201cAutopista Villa Espa\u00f1a 2\u201d. (ESCOMBRERA)<\/span><\/li>\n<li style=\"text-align: justify;\"><span style=\"color: #000000;\"><strong>ECUASAL:<\/strong> Ecuasal:\u00a0Lotizaci\u00f3n Los Ranchos Mz. 73 Sl. 1.<\/span><\/li>\n<li style=\"text-align: justify;\"><span style=\"color: #000000;\"><strong>NORTE:<\/strong> Basti\u00f3n Popular Blq. 5 Mz. 310. (ESCOMBRERA)<\/span><\/li>\n<li style=\"text-align: justify;\"><span style=\"color: #000000;\"><strong>BASTION POPULAR:<\/strong> Basti\u00f3n:\u00a0Basti\u00f3n Popular Blq. 10c Mz. 1248 Sl. 1.<\/span><\/li>\n<li style=\"text-align: justify;\"><span style=\"color: #000000;\"><strong>MAPASINGUE:<\/strong>\u00a0 Mapasingue:\u00a0Coop. Mapasingue Oeste Mz. 13C Sl. 11.<\/span><\/li>\n<li style=\"text-align: justify;\"><span style=\"color: #000000;\"><strong>UNIVERSITARIO:<\/strong> Hospital Universitario:\u00a0 Coop. Para\u00edso de la Flor Blq. 7 Mz. 339 Sl. 01.<\/span><\/li>\n<li style=\"text-align: justify;\"><span style=\"color: #000000;\"><strong>PARROQUIA TENGUEL:<\/strong> Tenguel:\u00a0Parroquia Rural Tenguel, Coop. 7 de Septiembre.<\/span><\/li>\n<\/ol>\n","protected":false},"excerpt":{"rendered":"<p>El servicio de recolecci\u00f3n, barrido y transporte\u00a0 de desechos s\u00f3lidos en la ciudad, cumpliendo con lo dispuesto en el decreto ejecutivo 329, que establece un toque de queda a partir del 15 de Marzo desde las 23h00 hasta las 05h00, se prestar\u00e1 entre las\u00a0 06h00 y 20h00 . Este horario permitir\u00e1 que los camiones recolectores [&hellip;]<\/p>\n","protected":false},"author":4,"featured_media":140794,"comment_status":"closed","ping_status":"closed","sticky":false,"template":"","format":"standard","meta":{"_bbp_topic_count":0,"_bbp_reply_count":0,"_bbp_total_topic_count":0,"_bbp_total_reply_count":0,"_bbp_voice_count":0,"_bbp_anonymous_reply_count":0,"_bbp_topic_count_hidden":0,"_bbp_reply_count_hidden":0,"_bbp_forum_subforum_count":0,"buzzeditor_post_format":"","footnotes":""},"categories":[2],"tags":[],"class_list":["post-140793","post","type-post","status-publish","format-standard","has-post-thumbnail","hentry","category-noticias"],"yoast_head":"<!-- This site is optimized with the Yoast SEO plugin v27.5 - https:\/\/yoast.com\/product\/yoast-seo-wordpress\/ -->\n<title>Servicio de recolecci\u00f3n en Guayaquil respeta Decreto Ejecutivo 329 &#8211; QUEBAKAN.COM 2026: Noticias, Eventos, Conciertos y mucho m\u00e1s....<\/title>\n<meta name=\"robots\" content=\"index, follow, max-snippet:-1, max-image-preview:large, max-video-preview:-1\" \/>\n<link rel=\"canonical\" href=\"https:\/\/www.quebakan.com\/v15\/servicio-de-recoleccion-en-guayaquil-respeta-decreto-ejecutivo-329\/\" \/>\n<meta property=\"og:locale\" content=\"es_ES\" \/>\n<meta property=\"og:type\" content=\"article\" \/>\n<meta property=\"og:title\" content=\"Servicio de recolecci\u00f3n en Guayaquil respeta Decreto Ejecutivo 329 &#8211; QUEBAKAN.COM 2026: Noticias, Eventos, Conciertos y mucho m\u00e1s....\" \/>\n<meta property=\"og:description\" content=\"El servicio de recolecci\u00f3n, barrido y transporte\u00a0 de desechos s\u00f3lidos en la ciudad, cumpliendo con lo dispuesto en el decreto ejecutivo 329, que establece un toque de queda a partir del 15 de Marzo desde las 23h00 hasta las 05h00, se prestar\u00e1 entre las\u00a0 06h00 y 20h00 . Este horario permitir\u00e1 que los camiones recolectores [&hellip;]\" \/>\n<meta property=\"og:url\" content=\"https:\/\/www.quebakan.com\/v15\/servicio-de-recoleccion-en-guayaquil-respeta-decreto-ejecutivo-329\/\" \/>\n<meta property=\"og:site_name\" content=\"QUEBAKAN.COM 2026: Noticias, Eventos, Conciertos y mucho m\u00e1s....\" \/>\n<meta property=\"article:publisher\" content=\"http:\/\/www.facebook.com\/quebakan\" \/>\n<meta property=\"article:published_time\" content=\"2026-03-16T16:00:31+00:00\" \/>\n<meta property=\"og:image\" content=\"https:\/\/www.quebakan.com\/v15\/wp-content\/uploads\/2026\/03\/urvaseologo.jpg\" \/>\n\t<meta property=\"og:image:width\" content=\"190\" \/>\n\t<meta property=\"og:image:height\" content=\"175\" \/>\n\t<meta property=\"og:image:type\" content=\"image\/jpeg\" \/>\n<meta name=\"author\" content=\"Erick Villafuerte\" \/>\n<meta name=\"twitter:card\" content=\"summary_large_image\" \/>\n<meta name=\"twitter:creator\" content=\"@quebakanec\" \/>\n<meta name=\"twitter:site\" content=\"@quebakanec\" \/>\n<meta name=\"twitter:label1\" content=\"Escrito por\" \/>\n\t<meta name=\"twitter:data1\" content=\"Erick Villafuerte\" \/>\n\t<meta name=\"twitter:label2\" content=\"Tiempo de lectura\" \/>\n\t<meta name=\"twitter:data2\" content=\"2 minutos\" \/>\n<script type=\"application\/ld+json\" class=\"yoast-schema-graph\">{\"@context\":\"https:\\\/\\\/schema.org\",\"@graph\":[{\"@type\":\"Article\",\"@id\":\"https:\\\/\\\/www.quebakan.com\\\/v15\\\/servicio-de-recoleccion-en-guayaquil-respeta-decreto-ejecutivo-329\\\/#article\",\"isPartOf\":{\"@id\":\"https:\\\/\\\/www.quebakan.com\\\/v15\\\/servicio-de-recoleccion-en-guayaquil-respeta-decreto-ejecutivo-329\\\/\"},\"author\":{\"name\":\"Erick Villafuerte\",\"@id\":\"https:\\\/\\\/www.quebakan.com\\\/v15\\\/#\\\/schema\\\/person\\\/d90fa9f9cfa81eb8ace9811e5b7b9118\"},\"headline\":\"Servicio de recolecci\u00f3n en Guayaquil respeta Decreto Ejecutivo 329\",\"datePublished\":\"2026-03-16T16:00:31+00:00\",\"mainEntityOfPage\":{\"@id\":\"https:\\\/\\\/www.quebakan.com\\\/v15\\\/servicio-de-recoleccion-en-guayaquil-respeta-decreto-ejecutivo-329\\\/\"},\"wordCount\":309,\"publisher\":{\"@id\":\"https:\\\/\\\/www.quebakan.com\\\/v15\\\/#organization\"},\"image\":{\"@id\":\"https:\\\/\\\/www.quebakan.com\\\/v15\\\/servicio-de-recoleccion-en-guayaquil-respeta-decreto-ejecutivo-329\\\/#primaryimage\"},\"thumbnailUrl\":\"https:\\\/\\\/www.quebakan.com\\\/v15\\\/wp-content\\\/uploads\\\/2026\\\/03\\\/urvaseologo.jpg\",\"articleSection\":[\"Noticias\"],\"inLanguage\":\"es\"},{\"@type\":\"WebPage\",\"@id\":\"https:\\\/\\\/www.quebakan.com\\\/v15\\\/servicio-de-recoleccion-en-guayaquil-respeta-decreto-ejecutivo-329\\\/\",\"url\":\"https:\\\/\\\/www.quebakan.com\\\/v15\\\/servicio-de-recoleccion-en-guayaquil-respeta-decreto-ejecutivo-329\\\/\",\"name\":\"Servicio de recolecci\u00f3n en Guayaquil respeta Decreto Ejecutivo 329 &#8211; QUEBAKAN.COM 2026: Noticias, Eventos, Conciertos y mucho m\u00e1s....\",\"isPartOf\":{\"@id\":\"https:\\\/\\\/www.quebakan.com\\\/v15\\\/#website\"},\"primaryImageOfPage\":{\"@id\":\"https:\\\/\\\/www.quebakan.com\\\/v15\\\/servicio-de-recoleccion-en-guayaquil-respeta-decreto-ejecutivo-329\\\/#primaryimage\"},\"image\":{\"@id\":\"https:\\\/\\\/www.quebakan.com\\\/v15\\\/servicio-de-recoleccion-en-guayaquil-respeta-decreto-ejecutivo-329\\\/#primaryimage\"},\"thumbnailUrl\":\"https:\\\/\\\/www.quebakan.com\\\/v15\\\/wp-content\\\/uploads\\\/2026\\\/03\\\/urvaseologo.jpg\",\"datePublished\":\"2026-03-16T16:00:31+00:00\",\"breadcrumb\":{\"@id\":\"https:\\\/\\\/www.quebakan.com\\\/v15\\\/servicio-de-recoleccion-en-guayaquil-respeta-decreto-ejecutivo-329\\\/#breadcrumb\"},\"inLanguage\":\"es\",\"potentialAction\":[{\"@type\":\"ReadAction\",\"target\":[\"https:\\\/\\\/www.quebakan.com\\\/v15\\\/servicio-de-recoleccion-en-guayaquil-respeta-decreto-ejecutivo-329\\\/\"]}]},{\"@type\":\"ImageObject\",\"inLanguage\":\"es\",\"@id\":\"https:\\\/\\\/www.quebakan.com\\\/v15\\\/servicio-de-recoleccion-en-guayaquil-respeta-decreto-ejecutivo-329\\\/#primaryimage\",\"url\":\"https:\\\/\\\/www.quebakan.com\\\/v15\\\/wp-content\\\/uploads\\\/2026\\\/03\\\/urvaseologo.jpg\",\"contentUrl\":\"https:\\\/\\\/www.quebakan.com\\\/v15\\\/wp-content\\\/uploads\\\/2026\\\/03\\\/urvaseologo.jpg\",\"width\":190,\"height\":175},{\"@type\":\"BreadcrumbList\",\"@id\":\"https:\\\/\\\/www.quebakan.com\\\/v15\\\/servicio-de-recoleccion-en-guayaquil-respeta-decreto-ejecutivo-329\\\/#breadcrumb\",\"itemListElement\":[{\"@type\":\"ListItem\",\"position\":1,\"name\":\"Portada\",\"item\":\"https:\\\/\\\/www.quebakan.com\\\/v15\\\/\"},{\"@type\":\"ListItem\",\"position\":2,\"name\":\"Servicio de recolecci\u00f3n en Guayaquil respeta Decreto Ejecutivo 329\"}]},{\"@type\":\"WebSite\",\"@id\":\"https:\\\/\\\/www.quebakan.com\\\/v15\\\/#website\",\"url\":\"https:\\\/\\\/www.quebakan.com\\\/v15\\\/\",\"name\":\"QUEBAKAN\",\"description\":\"..\",\"publisher\":{\"@id\":\"https:\\\/\\\/www.quebakan.com\\\/v15\\\/#organization\"},\"potentialAction\":[{\"@type\":\"SearchAction\",\"target\":{\"@type\":\"EntryPoint\",\"urlTemplate\":\"https:\\\/\\\/www.quebakan.com\\\/v15\\\/?s={search_term_string}\"},\"query-input\":{\"@type\":\"PropertyValueSpecification\",\"valueRequired\":true,\"valueName\":\"search_term_string\"}}],\"inLanguage\":\"es\"},{\"@type\":\"Organization\",\"@id\":\"https:\\\/\\\/www.quebakan.com\\\/v15\\\/#organization\",\"name\":\"Quebakan.com\",\"url\":\"https:\\\/\\\/www.quebakan.com\\\/v15\\\/\",\"logo\":{\"@type\":\"ImageObject\",\"inLanguage\":\"es\",\"@id\":\"https:\\\/\\\/www.quebakan.com\\\/v15\\\/#\\\/schema\\\/logo\\\/image\\\/\",\"url\":\"https:\\\/\\\/www.quebakan.com\\\/v15\\\/wp-content\\\/uploads\\\/2023\\\/07\\\/logoquebakanenero2021.jpg\",\"contentUrl\":\"https:\\\/\\\/www.quebakan.com\\\/v15\\\/wp-content\\\/uploads\\\/2023\\\/07\\\/logoquebakanenero2021.jpg\",\"width\":1920,\"height\":1080,\"caption\":\"Quebakan.com\"},\"image\":{\"@id\":\"https:\\\/\\\/www.quebakan.com\\\/v15\\\/#\\\/schema\\\/logo\\\/image\\\/\"},\"sameAs\":[\"http:\\\/\\\/www.facebook.com\\\/quebakan\",\"https:\\\/\\\/x.com\\\/quebakanec\",\"http:\\\/\\\/www.instagram.com\\\/quebakan\",\"http:\\\/\\\/www.youtube.com\\\/quebakan1\"]},{\"@type\":\"Person\",\"@id\":\"https:\\\/\\\/www.quebakan.com\\\/v15\\\/#\\\/schema\\\/person\\\/d90fa9f9cfa81eb8ace9811e5b7b9118\",\"name\":\"Erick Villafuerte\",\"image\":{\"@type\":\"ImageObject\",\"inLanguage\":\"es\",\"@id\":\"https:\\\/\\\/www.quebakan.com\\\/v15\\\/wp-content\\\/uploads\\\/avatars\\\/4\\\/1731297654-bpfull.png\",\"url\":\"https:\\\/\\\/www.quebakan.com\\\/v15\\\/wp-content\\\/uploads\\\/avatars\\\/4\\\/1731297654-bpfull.png\",\"contentUrl\":\"https:\\\/\\\/www.quebakan.com\\\/v15\\\/wp-content\\\/uploads\\\/avatars\\\/4\\\/1731297654-bpfull.png\",\"caption\":\"Erick Villafuerte\"}}]}<\/script>\n<!-- \/ Yoast SEO plugin. -->","yoast_head_json":{"title":"Servicio de recolecci\u00f3n en Guayaquil respeta Decreto Ejecutivo 329 &#8211; QUEBAKAN.COM 2026: Noticias, Eventos, Conciertos y mucho m\u00e1s....","robots":{"index":"index","follow":"follow","max-snippet":"max-snippet:-1","max-image-preview":"max-image-preview:large","max-video-preview":"max-video-preview:-1"},"canonical":"https:\/\/www.quebakan.com\/v15\/servicio-de-recoleccion-en-guayaquil-respeta-decreto-ejecutivo-329\/","og_locale":"es_ES","og_type":"article","og_title":"Servicio de recolecci\u00f3n en Guayaquil respeta Decreto Ejecutivo 329 &#8211; QUEBAKAN.COM 2026: Noticias, Eventos, Conciertos y mucho m\u00e1s....","og_description":"El servicio de recolecci\u00f3n, barrido y transporte\u00a0 de desechos s\u00f3lidos en la ciudad, cumpliendo con lo dispuesto en el decreto ejecutivo 329, que establece un toque de queda a partir del 15 de Marzo desde las 23h00 hasta las 05h00, se prestar\u00e1 entre las\u00a0 06h00 y 20h00 . Este horario permitir\u00e1 que los camiones recolectores [&hellip;]","og_url":"https:\/\/www.quebakan.com\/v15\/servicio-de-recoleccion-en-guayaquil-respeta-decreto-ejecutivo-329\/","og_site_name":"QUEBAKAN.COM 2026: Noticias, Eventos, Conciertos y mucho m\u00e1s....","article_publisher":"http:\/\/www.facebook.com\/quebakan","article_published_time":"2026-03-16T16:00:31+00:00","og_image":[{"width":190,"height":175,"url":"https:\/\/www.quebakan.com\/v15\/wp-content\/uploads\/2026\/03\/urvaseologo.jpg","type":"image\/jpeg"}],"author":"Erick Villafuerte","twitter_card":"summary_large_image","twitter_creator":"@quebakanec","twitter_site":"@quebakanec","twitter_misc":{"Escrito por":"Erick Villafuerte","Tiempo de lectura":"2 minutos"},"schema":{"@context":"https:\/\/schema.org","@graph":[{"@type":"Article","@id":"https:\/\/www.quebakan.com\/v15\/servicio-de-recoleccion-en-guayaquil-respeta-decreto-ejecutivo-329\/#article","isPartOf":{"@id":"https:\/\/www.quebakan.com\/v15\/servicio-de-recoleccion-en-guayaquil-respeta-decreto-ejecutivo-329\/"},"author":{"name":"Erick Villafuerte","@id":"https:\/\/www.quebakan.com\/v15\/#\/schema\/person\/d90fa9f9cfa81eb8ace9811e5b7b9118"},"headline":"Servicio de recolecci\u00f3n en Guayaquil respeta Decreto Ejecutivo 329","datePublished":"2026-03-16T16:00:31+00:00","mainEntityOfPage":{"@id":"https:\/\/www.quebakan.com\/v15\/servicio-de-recoleccion-en-guayaquil-respeta-decreto-ejecutivo-329\/"},"wordCount":309,"publisher":{"@id":"https:\/\/www.quebakan.com\/v15\/#organization"},"image":{"@id":"https:\/\/www.quebakan.com\/v15\/servicio-de-recoleccion-en-guayaquil-respeta-decreto-ejecutivo-329\/#primaryimage"},"thumbnailUrl":"https:\/\/www.quebakan.com\/v15\/wp-content\/uploads\/2026\/03\/urvaseologo.jpg","articleSection":["Noticias"],"inLanguage":"es"},{"@type":"WebPage","@id":"https:\/\/www.quebakan.com\/v15\/servicio-de-recoleccion-en-guayaquil-respeta-decreto-ejecutivo-329\/","url":"https:\/\/www.quebakan.com\/v15\/servicio-de-recoleccion-en-guayaquil-respeta-decreto-ejecutivo-329\/","name":"Servicio de recolecci\u00f3n en Guayaquil respeta Decreto Ejecutivo 329 &#8211; QUEBAKAN.COM 2026: Noticias, Eventos, Conciertos y mucho m\u00e1s....","isPartOf":{"@id":"https:\/\/www.quebakan.com\/v15\/#website"},"primaryImageOfPage":{"@id":"https:\/\/www.quebakan.com\/v15\/servicio-de-recoleccion-en-guayaquil-respeta-decreto-ejecutivo-329\/#primaryimage"},"image":{"@id":"https:\/\/www.quebakan.com\/v15\/servicio-de-recoleccion-en-guayaquil-respeta-decreto-ejecutivo-329\/#primaryimage"},"thumbnailUrl":"https:\/\/www.quebakan.com\/v15\/wp-content\/uploads\/2026\/03\/urvaseologo.jpg","datePublished":"2026-03-16T16:00:31+00:00","breadcrumb":{"@id":"https:\/\/www.quebakan.com\/v15\/servicio-de-recoleccion-en-guayaquil-respeta-decreto-ejecutivo-329\/#breadcrumb"},"inLanguage":"es","potentialAction":[{"@type":"ReadAction","target":["https:\/\/www.quebakan.com\/v15\/servicio-de-recoleccion-en-guayaquil-respeta-decreto-ejecutivo-329\/"]}]},{"@type":"ImageObject","inLanguage":"es","@id":"https:\/\/www.quebakan.com\/v15\/servicio-de-recoleccion-en-guayaquil-respeta-decreto-ejecutivo-329\/#primaryimage","url":"https:\/\/www.quebakan.com\/v15\/wp-content\/uploads\/2026\/03\/urvaseologo.jpg","contentUrl":"https:\/\/www.quebakan.com\/v15\/wp-content\/uploads\/2026\/03\/urvaseologo.jpg","width":190,"height":175},{"@type":"BreadcrumbList","@id":"https:\/\/www.quebakan.com\/v15\/servicio-de-recoleccion-en-guayaquil-respeta-decreto-ejecutivo-329\/#breadcrumb","itemListElement":[{"@type":"ListItem","position":1,"name":"Portada","item":"https:\/\/www.quebakan.com\/v15\/"},{"@type":"ListItem","position":2,"name":"Servicio de recolecci\u00f3n en Guayaquil respeta Decreto Ejecutivo 329"}]},{"@type":"WebSite","@id":"https:\/\/www.quebakan.com\/v15\/#website","url":"https:\/\/www.quebakan.com\/v15\/","name":"QUEBAKAN","description":"..","publisher":{"@id":"https:\/\/www.quebakan.com\/v15\/#organization"},"potentialAction":[{"@type":"SearchAction","target":{"@type":"EntryPoint","urlTemplate":"https:\/\/www.quebakan.com\/v15\/?s={search_term_string}"},"query-input":{"@type":"PropertyValueSpecification","valueRequired":true,"valueName":"search_term_string"}}],"inLanguage":"es"},{"@type":"Organization","@id":"https:\/\/www.quebakan.com\/v15\/#organization","name":"Quebakan.com","url":"https:\/\/www.quebakan.com\/v15\/","logo":{"@type":"ImageObject","inLanguage":"es","@id":"https:\/\/www.quebakan.com\/v15\/#\/schema\/logo\/image\/","url":"https:\/\/www.quebakan.com\/v15\/wp-content\/uploads\/2023\/07\/logoquebakanenero2021.jpg","contentUrl":"https:\/\/www.quebakan.com\/v15\/wp-content\/uploads\/2023\/07\/logoquebakanenero2021.jpg","width":1920,"height":1080,"caption":"Quebakan.com"},"image":{"@id":"https:\/\/www.quebakan.com\/v15\/#\/schema\/logo\/image\/"},"sameAs":["http:\/\/www.facebook.com\/quebakan","https:\/\/x.com\/quebakanec","http:\/\/www.instagram.com\/quebakan","http:\/\/www.youtube.com\/quebakan1"]},{"@type":"Person","@id":"https:\/\/www.quebakan.com\/v15\/#\/schema\/person\/d90fa9f9cfa81eb8ace9811e5b7b9118","name":"Erick Villafuerte","image":{"@type":"ImageObject","inLanguage":"es","@id":"https:\/\/www.quebakan.com\/v15\/wp-content\/uploads\/avatars\/4\/1731297654-bpfull.png","url":"https:\/\/www.quebakan.com\/v15\/wp-content\/uploads\/avatars\/4\/1731297654-bpfull.png","contentUrl":"https:\/\/www.quebakan.com\/v15\/wp-content\/uploads\/avatars\/4\/1731297654-bpfull.png","caption":"Erick Villafuerte"}}]}},"_links":{"self":[{"href":"https:\/\/www.quebakan.com\/v15\/wp-json\/wp\/v2\/posts\/140793","targetHints":{"allow":["GET"]}}],"collection":[{"href":"https:\/\/www.quebakan.com\/v15\/wp-json\/wp\/v2\/posts"}],"about":[{"href":"https:\/\/www.quebakan.com\/v15\/wp-json\/wp\/v2\/types\/post"}],"author":[{"embeddable":true,"href":"https:\/\/www.quebakan.com\/v15\/wp-json\/wp\/v2\/users\/4"}],"replies":[{"embeddable":true,"href":"https:\/\/www.quebakan.com\/v15\/wp-json\/wp\/v2\/comments?post=140793"}],"version-history":[{"count":1,"href":"https:\/\/www.quebakan.com\/v15\/wp-json\/wp\/v2\/posts\/140793\/revisions"}],"predecessor-version":[{"id":140795,"href":"https:\/\/www.quebakan.com\/v15\/wp-json\/wp\/v2\/posts\/140793\/revisions\/140795"}],"wp:featuredmedia":[{"embeddable":true,"href":"https:\/\/www.quebakan.com\/v15\/wp-json\/wp\/v2\/media\/140794"}],"wp:attachment":[{"href":"https:\/\/www.quebakan.com\/v15\/wp-json\/wp\/v2\/media?parent=140793"}],"wp:term":[{"taxonomy":"category","embeddable":true,"href":"https:\/\/www.quebakan.com\/v15\/wp-json\/wp\/v2\/categories?post=140793"},{"taxonomy":"post_tag","embeddable":true,"href":"https:\/\/www.quebakan.com\/v15\/wp-json\/wp\/v2\/tags?post=140793"}],"curies":[{"name":"wp","href":"https:\/\/api.w.org\/{rel}","templated":true}]}}