{"id":140796,"date":"2026-03-16T11:21:44","date_gmt":"2026-03-16T16:21:44","guid":{"rendered":"https:\/\/www.quebakan.com\/v15\/?p=140796"},"modified":"2026-03-16T11:21:44","modified_gmt":"2026-03-16T16:21:44","slug":"vicent-continua-expandiendo-su-presencia-en-la-escena-urbana-latina-mientras-presenta-su-sencillo-solo-los-dos","status":"publish","type":"post","link":"https:\/\/www.quebakan.com\/v15\/vicent-continua-expandiendo-su-presencia-en-la-escena-urbana-latina-mientras-presenta-su-sencillo-solo-los-dos\/","title":{"rendered":"Vicent contin\u00faa expandiendo su presencia en la escena urbana latina mientras presenta su sencillo \u201cSolo los Dos\u201d"},"content":{"rendered":"<p><img fetchpriority=\"high\" decoding=\"async\" class=\"aligncenter size-full wp-image-140797\" src=\"https:\/\/www.quebakan.com\/v15\/wp-content\/uploads\/2026\/03\/foto-1-4.jpg\" alt=\"\" width=\"700\" height=\"700\" srcset=\"https:\/\/www.quebakan.com\/v15\/wp-content\/uploads\/2026\/03\/foto-1-4.jpg 700w, https:\/\/www.quebakan.com\/v15\/wp-content\/uploads\/2026\/03\/foto-1-4-300x300.jpg 300w, https:\/\/www.quebakan.com\/v15\/wp-content\/uploads\/2026\/03\/foto-1-4-75x75.jpg 75w\" sizes=\"(max-width: 700px) 100vw, 700px\" \/><\/p>\n<p style=\"text-align: justify;\"><span style=\"color: #000000;\"><strong><span lang=\"EN-US\">Miami, FL \u2014\u00a0<\/span><\/strong><span lang=\"ES-TRAD\">El productor, compositor y DJ peruano\u00a0<b>Vicent<\/b><\/span><span lang=\"PT\">\u00a0(Vicente Pinto) contin<\/span><span lang=\"EN-US\">\u00fa<\/span><span lang=\"ES-TRAD\">a consolidando su presencia dentro de la escena urbana latina con nuevos lanzamientos y colaboraciones destacadas que reflejan la evoluci\u00f3n constante de su propuesta art<\/span><span lang=\"EN-US\">\u00ed<\/span><span lang=\"IT\">stica.<\/span><\/span><\/p>\n<p style=\"text-align: justify;\"><span style=\"color: #000000;\"><span lang=\"ES-TRAD\">Durante el mes de febrero, Vicent particip\u00f3<\/span><span lang=\"EN-US\">\u00f3\u00a0<\/span><span lang=\"ES-TRAD\">en una producci\u00f3n junto a\u00a0<b>De La Ghetto, Zion y El Alfa<\/b>, entre otros artistas dominicanos, en el remix del tema\u00a0<\/span><b><span dir=\"RTL\" lang=\"AR-SA\">\u201c<\/span><\/b><b><span lang=\"ES-TRAD\">Panty y Colale<\/span><\/b><b><span lang=\"EN-US\">\u201d<\/span><\/b><span lang=\"ES-TRAD\">, una colaboraci\u00f3n que re<\/span><span lang=\"EN-US\">\u00fa<\/span><span lang=\"ES-TRAD\">ne diferentes voces influyentes del movimiento urbano actual.<\/span><\/span><\/p>\n<p style=\"text-align: justify;\"><span style=\"color: #000000;\"><span lang=\"ES-TRAD\">Por otro lado, el artista lanz\u00f3<\/span><span lang=\"EN-US\">\u00f3\u00a0<\/span><span lang=\"ES-TRAD\">el pasado\u00a0<b>28 de enero<\/b>\u00a0el sencillo\u00a0<\/span><b><span dir=\"RTL\" lang=\"AR-SA\">\u201c<\/span><\/b><b><span lang=\"EN-US\">CF (Closet Friends)\u201d<\/span><\/b><span lang=\"ES-TRAD\">, junto al artista peruano\u00a0<b>Miguel Guerrero<\/b>, un tema que contin<\/span><span lang=\"EN-US\">\u00fa<\/span><span lang=\"ES-TRAD\">a ampliando su presencia dentro del circuito musical latino y conecta con nuevas audiencias dentro y fuera de Estados Unidos.<\/span><\/span><\/p>\n<p style=\"text-align: justify;\"><span style=\"color: #000000;\"><span lang=\"ES-TRAD\">Sin embargo, tras una etapa marcada por colaboraciones de alto perfil, Vicent tambi<\/span><span lang=\"FR\">\u00e9<\/span><span lang=\"ES-TRAD\">n se permite explorar un espacio m<\/span><span lang=\"EN-US\">\u00e1<\/span><span lang=\"ES-TRAD\">s introspectivo con su nuevo sencillo\u00a0<\/span><b><span dir=\"RTL\" lang=\"AR-SA\">\u201c<\/span><\/b><b><span lang=\"ES-TRAD\">Solo los Dos<\/span><\/b><b><span lang=\"EN-US\">\u201d<\/span><\/b><span lang=\"ES-TRAD\">, una propuesta que marca un contraste interesante dentro de su cat<\/span><span lang=\"EN-US\">\u00e1<\/span><span lang=\"ES-TRAD\">logo reciente.<\/span><\/span><\/p>\n<p style=\"text-align: justify;\"><span style=\"color: #000000;\"><span lang=\"ES-TRAD\">Luego de\u00a0<\/span><b><span dir=\"RTL\" lang=\"AR-SA\">\u201c<\/span><\/b><b><span lang=\"ES-TRAD\">No Se Acaba<\/span><\/b><b><span lang=\"EN-US\">\u201d<\/span><\/b><span lang=\"ES-TRAD\">, el tema que realiz<\/span><span lang=\"EN-US\">\u00f3\u00a0<\/span><span lang=\"PT\">junto a\u00a0<\/span><b><span lang=\"ES-TRAD\">El Alfa<\/span><\/b><span lang=\"ES-TRAD\">, el artista se mueve hacia un registro m<\/span><span lang=\"EN-US\">\u00e1<\/span><span lang=\"ES-TRAD\">s contenido.\u00a0<\/span><span dir=\"RTL\" lang=\"AR-SA\">\u201c<\/span><span lang=\"ES-TRAD\">Solo los Dos<\/span><span lang=\"EN-US\">\u201d\u00a0<\/span><span lang=\"ES-TRAD\">no busca narrar una historia en el sentido tradicional; m<\/span><span lang=\"EN-US\">\u00e1<\/span><span lang=\"ES-TRAD\">s bien la sugiere. La canci\u00f3n se sostiene en silencios, miradas impl<\/span><span lang=\"EN-US\">\u00ed<\/span><span lang=\"ES-TRAD\">citas y en esa tensi\u00f3n que surge cuando el tiempo parece detenerse y el mundo exterior deja de importar.<\/span><\/span><\/p>\n<p style=\"text-align: justify;\"><span style=\"color: #000000;\"><span lang=\"ES-TRAD\">El tema se desarrolla dentro de un espacio\u00a0<\/span><span lang=\"EN-US\">\u00ed<\/span><span lang=\"ES-TRAD\">ntimo, casi suspendido, donde el deseo no necesita explicaciones ni adornos. En lugar de construir una narrativa extensa, Vicent deja que el oyente complete los espacios, apropi<\/span><span lang=\"EN-US\">\u00e1<\/span><span lang=\"ES-TRAD\">ndose del momento desde su propia experiencia.<\/span><\/span><\/p>\n<p style=\"text-align: justify;\"><span style=\"color: #000000;\"><span lang=\"ES-TRAD\">Desde lo sonoro,\u00a0<\/span><b><span dir=\"RTL\" lang=\"AR-SA\">\u201c<\/span><\/b><b><span lang=\"ES-TRAD\">Solo los Dos<\/span><\/b><b><span lang=\"EN-US\">\u201d<\/span><\/b><span lang=\"ES-TRAD\">\u00a0se mueve entre el\u00a0<b>pop urbano, el reggaet\u00f3n y texturas electr\u00f3<\/b><\/span><b><span lang=\"PT\">nicas<\/span><\/b><span lang=\"ES-TRAD\">, construyendo una atm\u00f3sfera nocturna y envolvente. La producci\u00f3n evita los picos dram<\/span><span lang=\"EN-US\">\u00e1<\/span><span lang=\"ES-TRAD\">ticos o los momentos dise\u00f1<\/span><span lang=\"PT\">ados\u00a0<\/span><span lang=\"EN-US\">\u00fa<\/span><span lang=\"ES-TRAD\">nicamente para el impacto inmediato. En su lugar, la canci\u00f3<\/span><span lang=\"IT\">n avanza con calma, sosteniendo una tensi<\/span><span lang=\"ES-TRAD\">\u00f3n emocional que se apoya en la interpretaci\u00f3n vocal de Vicent, firme pero contenida.<\/span><\/span><\/p>\n<p style=\"text-align: justify;\"><span style=\"color: #000000;\"><span lang=\"ES-TRAD\">La letra sigue la misma l<\/span><span lang=\"EN-US\">\u00ed<\/span><span lang=\"ES-TRAD\">nea. No hay espectadores ni intermediarios. El encuentro que describe ocurre sin filtros, donde el cuerpo y la intenci\u00f3n comunican m<\/span><span lang=\"EN-US\">\u00e1<\/span><span lang=\"ES-TRAD\">s que cualquier explicaci\u00f3n. Son instantes breves, cargados de significado, que solo pertenecen a quienes los viven.<\/span><\/span><\/p>\n<p style=\"text-align: justify;\"><span style=\"color: #000000;\"><span lang=\"FR\">Vicent, nombre art<\/span><span lang=\"EN-US\">\u00ed<\/span><span lang=\"PT\">stico de\u00a0<b>Vicente Pinto<\/b><\/span><span lang=\"ES-TRAD\">, es compositor, productor y DJ peruano radicado en\u00a0<\/span><b><span lang=\"IT\">Miami<\/span><\/b><span lang=\"ES-TRAD\">. Su trayectoria dentro de la industria musical latina se ha construido entre el trabajo de estudio y la interpretaci\u00f3n, sin establecer una frontera clara entre ambos mundos.<\/span><\/span><\/p>\n<p style=\"text-align: justify;\"><span style=\"color: #000000;\"><span lang=\"ES-TRAD\">A lo largo de su carrera ha colaborado con artistas como\u00a0<\/span><b><span lang=\"EN-US\">Farina, Mar\u00ed<\/span><\/b><b><span lang=\"ES-TRAD\">a Becerra, El Bogueto, Kapo, Elvis Crespo, Lomiiel, Lil Pump y Lasso<\/span><\/b><span lang=\"ES-TRAD\">, adem<\/span><span lang=\"EN-US\">\u00e1<\/span><span lang=\"ES-TRAD\">s de participar en proyectos vinculados a sellos como\u00a0<\/span><b><span lang=\"IT\">Universal Music US Latin<\/span><\/b><span lang=\"ES-TRAD\">\u00a0y\u00a0<\/span><b><span lang=\"EN-US\">Virgin Music US Latin<\/span><\/b><span lang=\"ES-TRAD\">, en colaboraci\u00f3n con el reconocido productor\u00a0<\/span><b><span lang=\"EN-US\">Sebasti\u00e1<\/span><\/b><b><span lang=\"DA\">n Krys<\/span><\/b><span lang=\"EN-US\">.<\/span><\/span><\/p>\n<p style=\"text-align: justify;\"><span style=\"color: #000000;\"><span lang=\"IT\">Actualmente, Vicent forma parte del ecosistema creativo de\u00a0<\/span><b><span lang=\"EN-US\">Echo The Lab<\/span><\/b><span lang=\"ES-TRAD\">, desde donde contin<\/span><span lang=\"EN-US\">\u00fa<\/span><span lang=\"ES-TRAD\">a desarrollando su trabajo y afinando una identidad art<\/span><span lang=\"EN-US\">\u00ed<\/span><span lang=\"ES-TRAD\">stica construida con paciencia, observaci\u00f3n y una b<\/span><span lang=\"EN-US\">\u00fa<\/span><span lang=\"ES-TRAD\">squeda constante de evoluci\u00f3<\/span><span lang=\"EN-US\">n.<\/span><\/span><\/p>\n<p style=\"text-align: justify;\"><span style=\"color: #000000;\"><span lang=\"ES-TRAD\">En una escena que suele moverse con rapidez y exigir resultados inmediatos, Vicent avanza con otra l\u00f3<\/span><span lang=\"IT\">gica:\u00a0<\/span><b><span lang=\"ES-TRAD\">menos ruido, m<\/span><\/b><b><span lang=\"EN-US\">\u00e1<\/span><\/b><b><span lang=\"ES-TRAD\">s detalle y la convicci\u00f3n de que no todo necesita ser dicho para sentirse real.<\/span><\/b><b><\/b><\/span><\/p>\n<p style=\"text-align: justify;\"><span style=\"color: #000000;\"><b><span lang=\"EN-US\">Redes sociales:<\/span><\/b><b><\/b><\/span><\/p>\n<p style=\"text-align: justify;\"><span style=\"color: #000000;\"><span lang=\"EN-US\"><a style=\"color: #000000;\" href=\"https:\/\/www.instagram.com\/vicentepinto__?igsh=MXJteGdveW1tbXVzZQ==\" target=\"_blank\" rel=\"noopener\" data-saferedirecturl=\"https:\/\/www.google.com\/url?q=https:\/\/www.instagram.com\/vicentepinto__?igsh%3DMXJteGdveW1tbXVzZQ%3D%3D&amp;source=gmail&amp;ust=1773758250693000&amp;usg=AOvVaw1vgtN4FhjV4a-q_L9tGRmi\">https:\/\/www.instagram.com\/<wbr \/>vicentepinto__?igsh=<wbr \/>MXJteGdveW1tbXVzZQ==<\/a><\/span><b><\/b><\/span><\/p>\n<p style=\"text-align: justify;\"><span style=\"color: #000000;\"><b><span lang=\"EN-US\">Spotify:<\/span><\/b><\/span><\/p>\n<p style=\"text-align: justify;\"><span lang=\"EN-US\" style=\"color: #000000;\"><a style=\"color: #000000;\" href=\"https:\/\/open.spotify.com\/intl-es\/artist\/5mrEGyAqQDEL1QylyvoCFa?si=yWW7ZiWGQAKF8Xbk-8bhhQ\" target=\"_blank\" rel=\"noopener\" data-saferedirecturl=\"https:\/\/www.google.com\/url?q=https:\/\/open.spotify.com\/intl-es\/artist\/5mrEGyAqQDEL1QylyvoCFa?si%3DyWW7ZiWGQAKF8Xbk-8bhhQ&amp;source=gmail&amp;ust=1773758250694000&amp;usg=AOvVaw1a9t2IwcgUzJB2rRxgwVzq\">https:\/\/open.spotify.com\/intl-<wbr \/>es\/artist\/<wbr \/>5mrEGyAqQDEL1QylyvoCFa?si=<wbr \/>yWW7ZiWGQAKF8Xbk-8bhhQ<\/a><\/span><\/p>\n<p style=\"text-align: justify;\"><span lang=\"EN-US\" style=\"color: #000000;\"><a style=\"color: #000000;\" href=\"https:\/\/open.spotify.com\/playlist\/7opGlbOD6qVy1x2YKXCIid?si=387994acb093478b\" target=\"_blank\" rel=\"noopener\" data-saferedirecturl=\"https:\/\/www.google.com\/url?q=https:\/\/open.spotify.com\/playlist\/7opGlbOD6qVy1x2YKXCIid?si%3D387994acb093478b&amp;source=gmail&amp;ust=1773758250694000&amp;usg=AOvVaw1LKZNQf-qFH8z5I1xr_u1q\">https:\/\/open.spotify.com\/<wbr \/>playlist\/<wbr \/>7opGlbOD6qVy1x2YKXCIid?si=<wbr \/>387994acb093478b<\/a><\/span><\/p>\n<p><img decoding=\"async\" class=\"aligncenter size-full wp-image-140798\" src=\"https:\/\/www.quebakan.com\/v15\/wp-content\/uploads\/2026\/03\/foto-2-3.jpg\" alt=\"\" width=\"522\" height=\"700\" \/><\/p>\n<p>&nbsp;<\/p>\n<p><img decoding=\"async\" class=\"aligncenter size-full wp-image-140799\" src=\"https:\/\/www.quebakan.com\/v15\/wp-content\/uploads\/2026\/03\/foto-6.jpg\" alt=\"\" width=\"525\" height=\"700\" \/><\/p>\n<p>&nbsp;<\/p>\n<p><img loading=\"lazy\" decoding=\"async\" class=\"aligncenter size-full wp-image-140800\" src=\"https:\/\/www.quebakan.com\/v15\/wp-content\/uploads\/2026\/03\/foto-5.jpg\" alt=\"\" width=\"466\" height=\"700\" \/><\/p>\n<p>&nbsp;<\/p>\n<p><img loading=\"lazy\" decoding=\"async\" class=\"aligncenter size-full wp-image-140801\" src=\"https:\/\/www.quebakan.com\/v15\/wp-content\/uploads\/2026\/03\/foto-3-3.jpg\" alt=\"\" width=\"466\" height=\"700\" \/><\/p>\n","protected":false},"excerpt":{"rendered":"<p>Miami, FL \u2014\u00a0El productor, compositor y DJ peruano\u00a0Vicent\u00a0(Vicente Pinto) contin\u00faa consolidando su presencia dentro de la escena urbana latina con nuevos lanzamientos y colaboraciones destacadas que reflejan la evoluci\u00f3n constante de su propuesta art\u00edstica. Durante el mes de febrero, Vicent particip\u00f3\u00f3\u00a0en una producci\u00f3n junto a\u00a0De La Ghetto, Zion y El Alfa, entre otros artistas dominicanos, [&hellip;]<\/p>\n","protected":false},"author":4,"featured_media":140797,"comment_status":"closed","ping_status":"closed","sticky":false,"template":"","format":"standard","meta":{"_bbp_topic_count":0,"_bbp_reply_count":0,"_bbp_total_topic_count":0,"_bbp_total_reply_count":0,"_bbp_voice_count":0,"_bbp_anonymous_reply_count":0,"_bbp_topic_count_hidden":0,"_bbp_reply_count_hidden":0,"_bbp_forum_subforum_count":0,"buzzeditor_post_format":"","footnotes":""},"categories":[2],"tags":[],"class_list":["post-140796","post","type-post","status-publish","format-standard","has-post-thumbnail","hentry","category-noticias"],"yoast_head":"<!-- This site is optimized with the Yoast SEO plugin v27.5 - https:\/\/yoast.com\/product\/yoast-seo-wordpress\/ -->\n<title>Vicent contin\u00faa expandiendo su presencia en la escena urbana latina mientras presenta su sencillo \u201cSolo los Dos\u201d &#8211; QUEBAKAN.COM 2026: Noticias, Eventos, Conciertos y mucho m\u00e1s....<\/title>\n<meta name=\"robots\" content=\"index, follow, max-snippet:-1, max-image-preview:large, max-video-preview:-1\" \/>\n<link rel=\"canonical\" href=\"https:\/\/www.quebakan.com\/v15\/vicent-continua-expandiendo-su-presencia-en-la-escena-urbana-latina-mientras-presenta-su-sencillo-solo-los-dos\/\" \/>\n<meta property=\"og:locale\" content=\"es_ES\" \/>\n<meta property=\"og:type\" content=\"article\" \/>\n<meta property=\"og:title\" content=\"Vicent contin\u00faa expandiendo su presencia en la escena urbana latina mientras presenta su sencillo \u201cSolo los Dos\u201d &#8211; QUEBAKAN.COM 2026: Noticias, Eventos, Conciertos y mucho m\u00e1s....\" \/>\n<meta property=\"og:description\" content=\"Miami, FL \u2014\u00a0El productor, compositor y DJ peruano\u00a0Vicent\u00a0(Vicente Pinto) contin\u00faa consolidando su presencia dentro de la escena urbana latina con nuevos lanzamientos y colaboraciones destacadas que reflejan la evoluci\u00f3n constante de su propuesta art\u00edstica. Durante el mes de febrero, Vicent particip\u00f3\u00f3\u00a0en una producci\u00f3n junto a\u00a0De La Ghetto, Zion y El Alfa, entre otros artistas dominicanos, [&hellip;]\" \/>\n<meta property=\"og:url\" content=\"https:\/\/www.quebakan.com\/v15\/vicent-continua-expandiendo-su-presencia-en-la-escena-urbana-latina-mientras-presenta-su-sencillo-solo-los-dos\/\" \/>\n<meta property=\"og:site_name\" content=\"QUEBAKAN.COM 2026: Noticias, Eventos, Conciertos y mucho m\u00e1s....\" \/>\n<meta property=\"article:publisher\" content=\"http:\/\/www.facebook.com\/quebakan\" \/>\n<meta property=\"article:published_time\" content=\"2026-03-16T16:21:44+00:00\" \/>\n<meta property=\"og:image\" content=\"https:\/\/www.quebakan.com\/v15\/wp-content\/uploads\/2026\/03\/foto-1-4.jpg\" \/>\n\t<meta property=\"og:image:width\" content=\"700\" \/>\n\t<meta property=\"og:image:height\" content=\"700\" \/>\n\t<meta property=\"og:image:type\" content=\"image\/jpeg\" \/>\n<meta name=\"author\" content=\"Erick Villafuerte\" \/>\n<meta name=\"twitter:card\" content=\"summary_large_image\" \/>\n<meta name=\"twitter:creator\" content=\"@quebakanec\" \/>\n<meta name=\"twitter:site\" content=\"@quebakanec\" \/>\n<meta name=\"twitter:label1\" content=\"Escrito por\" \/>\n\t<meta name=\"twitter:data1\" content=\"Erick Villafuerte\" \/>\n\t<meta name=\"twitter:label2\" content=\"Tiempo de lectura\" \/>\n\t<meta name=\"twitter:data2\" content=\"4 minutos\" \/>\n<script type=\"application\/ld+json\" class=\"yoast-schema-graph\">{\"@context\":\"https:\\\/\\\/schema.org\",\"@graph\":[{\"@type\":\"Article\",\"@id\":\"https:\\\/\\\/www.quebakan.com\\\/v15\\\/vicent-continua-expandiendo-su-presencia-en-la-escena-urbana-latina-mientras-presenta-su-sencillo-solo-los-dos\\\/#article\",\"isPartOf\":{\"@id\":\"https:\\\/\\\/www.quebakan.com\\\/v15\\\/vicent-continua-expandiendo-su-presencia-en-la-escena-urbana-latina-mientras-presenta-su-sencillo-solo-los-dos\\\/\"},\"author\":{\"name\":\"Erick Villafuerte\",\"@id\":\"https:\\\/\\\/www.quebakan.com\\\/v15\\\/#\\\/schema\\\/person\\\/d90fa9f9cfa81eb8ace9811e5b7b9118\"},\"headline\":\"Vicent contin\u00faa expandiendo su presencia en la escena urbana latina mientras presenta su sencillo \u201cSolo los Dos\u201d\",\"datePublished\":\"2026-03-16T16:21:44+00:00\",\"mainEntityOfPage\":{\"@id\":\"https:\\\/\\\/www.quebakan.com\\\/v15\\\/vicent-continua-expandiendo-su-presencia-en-la-escena-urbana-latina-mientras-presenta-su-sencillo-solo-los-dos\\\/\"},\"wordCount\":628,\"publisher\":{\"@id\":\"https:\\\/\\\/www.quebakan.com\\\/v15\\\/#organization\"},\"image\":{\"@id\":\"https:\\\/\\\/www.quebakan.com\\\/v15\\\/vicent-continua-expandiendo-su-presencia-en-la-escena-urbana-latina-mientras-presenta-su-sencillo-solo-los-dos\\\/#primaryimage\"},\"thumbnailUrl\":\"https:\\\/\\\/www.quebakan.com\\\/v15\\\/wp-content\\\/uploads\\\/2026\\\/03\\\/foto-1-4.jpg\",\"articleSection\":[\"Noticias\"],\"inLanguage\":\"es\"},{\"@type\":\"WebPage\",\"@id\":\"https:\\\/\\\/www.quebakan.com\\\/v15\\\/vicent-continua-expandiendo-su-presencia-en-la-escena-urbana-latina-mientras-presenta-su-sencillo-solo-los-dos\\\/\",\"url\":\"https:\\\/\\\/www.quebakan.com\\\/v15\\\/vicent-continua-expandiendo-su-presencia-en-la-escena-urbana-latina-mientras-presenta-su-sencillo-solo-los-dos\\\/\",\"name\":\"Vicent contin\u00faa expandiendo su presencia en la escena urbana latina mientras presenta su sencillo \u201cSolo los Dos\u201d &#8211; QUEBAKAN.COM 2026: Noticias, Eventos, Conciertos y mucho m\u00e1s....\",\"isPartOf\":{\"@id\":\"https:\\\/\\\/www.quebakan.com\\\/v15\\\/#website\"},\"primaryImageOfPage\":{\"@id\":\"https:\\\/\\\/www.quebakan.com\\\/v15\\\/vicent-continua-expandiendo-su-presencia-en-la-escena-urbana-latina-mientras-presenta-su-sencillo-solo-los-dos\\\/#primaryimage\"},\"image\":{\"@id\":\"https:\\\/\\\/www.quebakan.com\\\/v15\\\/vicent-continua-expandiendo-su-presencia-en-la-escena-urbana-latina-mientras-presenta-su-sencillo-solo-los-dos\\\/#primaryimage\"},\"thumbnailUrl\":\"https:\\\/\\\/www.quebakan.com\\\/v15\\\/wp-content\\\/uploads\\\/2026\\\/03\\\/foto-1-4.jpg\",\"datePublished\":\"2026-03-16T16:21:44+00:00\",\"breadcrumb\":{\"@id\":\"https:\\\/\\\/www.quebakan.com\\\/v15\\\/vicent-continua-expandiendo-su-presencia-en-la-escena-urbana-latina-mientras-presenta-su-sencillo-solo-los-dos\\\/#breadcrumb\"},\"inLanguage\":\"es\",\"potentialAction\":[{\"@type\":\"ReadAction\",\"target\":[\"https:\\\/\\\/www.quebakan.com\\\/v15\\\/vicent-continua-expandiendo-su-presencia-en-la-escena-urbana-latina-mientras-presenta-su-sencillo-solo-los-dos\\\/\"]}]},{\"@type\":\"ImageObject\",\"inLanguage\":\"es\",\"@id\":\"https:\\\/\\\/www.quebakan.com\\\/v15\\\/vicent-continua-expandiendo-su-presencia-en-la-escena-urbana-latina-mientras-presenta-su-sencillo-solo-los-dos\\\/#primaryimage\",\"url\":\"https:\\\/\\\/www.quebakan.com\\\/v15\\\/wp-content\\\/uploads\\\/2026\\\/03\\\/foto-1-4.jpg\",\"contentUrl\":\"https:\\\/\\\/www.quebakan.com\\\/v15\\\/wp-content\\\/uploads\\\/2026\\\/03\\\/foto-1-4.jpg\",\"width\":700,\"height\":700},{\"@type\":\"BreadcrumbList\",\"@id\":\"https:\\\/\\\/www.quebakan.com\\\/v15\\\/vicent-continua-expandiendo-su-presencia-en-la-escena-urbana-latina-mientras-presenta-su-sencillo-solo-los-dos\\\/#breadcrumb\",\"itemListElement\":[{\"@type\":\"ListItem\",\"position\":1,\"name\":\"Portada\",\"item\":\"https:\\\/\\\/www.quebakan.com\\\/v15\\\/\"},{\"@type\":\"ListItem\",\"position\":2,\"name\":\"Vicent contin\u00faa expandiendo su presencia en la escena urbana latina mientras presenta su sencillo \u201cSolo los Dos\u201d\"}]},{\"@type\":\"WebSite\",\"@id\":\"https:\\\/\\\/www.quebakan.com\\\/v15\\\/#website\",\"url\":\"https:\\\/\\\/www.quebakan.com\\\/v15\\\/\",\"name\":\"QUEBAKAN\",\"description\":\"..\",\"publisher\":{\"@id\":\"https:\\\/\\\/www.quebakan.com\\\/v15\\\/#organization\"},\"potentialAction\":[{\"@type\":\"SearchAction\",\"target\":{\"@type\":\"EntryPoint\",\"urlTemplate\":\"https:\\\/\\\/www.quebakan.com\\\/v15\\\/?s={search_term_string}\"},\"query-input\":{\"@type\":\"PropertyValueSpecification\",\"valueRequired\":true,\"valueName\":\"search_term_string\"}}],\"inLanguage\":\"es\"},{\"@type\":\"Organization\",\"@id\":\"https:\\\/\\\/www.quebakan.com\\\/v15\\\/#organization\",\"name\":\"Quebakan.com\",\"url\":\"https:\\\/\\\/www.quebakan.com\\\/v15\\\/\",\"logo\":{\"@type\":\"ImageObject\",\"inLanguage\":\"es\",\"@id\":\"https:\\\/\\\/www.quebakan.com\\\/v15\\\/#\\\/schema\\\/logo\\\/image\\\/\",\"url\":\"https:\\\/\\\/www.quebakan.com\\\/v15\\\/wp-content\\\/uploads\\\/2023\\\/07\\\/logoquebakanenero2021.jpg\",\"contentUrl\":\"https:\\\/\\\/www.quebakan.com\\\/v15\\\/wp-content\\\/uploads\\\/2023\\\/07\\\/logoquebakanenero2021.jpg\",\"width\":1920,\"height\":1080,\"caption\":\"Quebakan.com\"},\"image\":{\"@id\":\"https:\\\/\\\/www.quebakan.com\\\/v15\\\/#\\\/schema\\\/logo\\\/image\\\/\"},\"sameAs\":[\"http:\\\/\\\/www.facebook.com\\\/quebakan\",\"https:\\\/\\\/x.com\\\/quebakanec\",\"http:\\\/\\\/www.instagram.com\\\/quebakan\",\"http:\\\/\\\/www.youtube.com\\\/quebakan1\"]},{\"@type\":\"Person\",\"@id\":\"https:\\\/\\\/www.quebakan.com\\\/v15\\\/#\\\/schema\\\/person\\\/d90fa9f9cfa81eb8ace9811e5b7b9118\",\"name\":\"Erick Villafuerte\",\"image\":{\"@type\":\"ImageObject\",\"inLanguage\":\"es\",\"@id\":\"https:\\\/\\\/www.quebakan.com\\\/v15\\\/wp-content\\\/uploads\\\/avatars\\\/4\\\/1731297654-bpfull.png\",\"url\":\"https:\\\/\\\/www.quebakan.com\\\/v15\\\/wp-content\\\/uploads\\\/avatars\\\/4\\\/1731297654-bpfull.png\",\"contentUrl\":\"https:\\\/\\\/www.quebakan.com\\\/v15\\\/wp-content\\\/uploads\\\/avatars\\\/4\\\/1731297654-bpfull.png\",\"caption\":\"Erick Villafuerte\"}}]}<\/script>\n<!-- \/ Yoast SEO plugin. -->","yoast_head_json":{"title":"Vicent contin\u00faa expandiendo su presencia en la escena urbana latina mientras presenta su sencillo \u201cSolo los Dos\u201d &#8211; QUEBAKAN.COM 2026: Noticias, Eventos, Conciertos y mucho m\u00e1s....","robots":{"index":"index","follow":"follow","max-snippet":"max-snippet:-1","max-image-preview":"max-image-preview:large","max-video-preview":"max-video-preview:-1"},"canonical":"https:\/\/www.quebakan.com\/v15\/vicent-continua-expandiendo-su-presencia-en-la-escena-urbana-latina-mientras-presenta-su-sencillo-solo-los-dos\/","og_locale":"es_ES","og_type":"article","og_title":"Vicent contin\u00faa expandiendo su presencia en la escena urbana latina mientras presenta su sencillo \u201cSolo los Dos\u201d &#8211; QUEBAKAN.COM 2026: Noticias, Eventos, Conciertos y mucho m\u00e1s....","og_description":"Miami, FL \u2014\u00a0El productor, compositor y DJ peruano\u00a0Vicent\u00a0(Vicente Pinto) contin\u00faa consolidando su presencia dentro de la escena urbana latina con nuevos lanzamientos y colaboraciones destacadas que reflejan la evoluci\u00f3n constante de su propuesta art\u00edstica. Durante el mes de febrero, Vicent particip\u00f3\u00f3\u00a0en una producci\u00f3n junto a\u00a0De La Ghetto, Zion y El Alfa, entre otros artistas dominicanos, [&hellip;]","og_url":"https:\/\/www.quebakan.com\/v15\/vicent-continua-expandiendo-su-presencia-en-la-escena-urbana-latina-mientras-presenta-su-sencillo-solo-los-dos\/","og_site_name":"QUEBAKAN.COM 2026: Noticias, Eventos, Conciertos y mucho m\u00e1s....","article_publisher":"http:\/\/www.facebook.com\/quebakan","article_published_time":"2026-03-16T16:21:44+00:00","og_image":[{"width":700,"height":700,"url":"https:\/\/www.quebakan.com\/v15\/wp-content\/uploads\/2026\/03\/foto-1-4.jpg","type":"image\/jpeg"}],"author":"Erick Villafuerte","twitter_card":"summary_large_image","twitter_creator":"@quebakanec","twitter_site":"@quebakanec","twitter_misc":{"Escrito por":"Erick Villafuerte","Tiempo de lectura":"4 minutos"},"schema":{"@context":"https:\/\/schema.org","@graph":[{"@type":"Article","@id":"https:\/\/www.quebakan.com\/v15\/vicent-continua-expandiendo-su-presencia-en-la-escena-urbana-latina-mientras-presenta-su-sencillo-solo-los-dos\/#article","isPartOf":{"@id":"https:\/\/www.quebakan.com\/v15\/vicent-continua-expandiendo-su-presencia-en-la-escena-urbana-latina-mientras-presenta-su-sencillo-solo-los-dos\/"},"author":{"name":"Erick Villafuerte","@id":"https:\/\/www.quebakan.com\/v15\/#\/schema\/person\/d90fa9f9cfa81eb8ace9811e5b7b9118"},"headline":"Vicent contin\u00faa expandiendo su presencia en la escena urbana latina mientras presenta su sencillo \u201cSolo los Dos\u201d","datePublished":"2026-03-16T16:21:44+00:00","mainEntityOfPage":{"@id":"https:\/\/www.quebakan.com\/v15\/vicent-continua-expandiendo-su-presencia-en-la-escena-urbana-latina-mientras-presenta-su-sencillo-solo-los-dos\/"},"wordCount":628,"publisher":{"@id":"https:\/\/www.quebakan.com\/v15\/#organization"},"image":{"@id":"https:\/\/www.quebakan.com\/v15\/vicent-continua-expandiendo-su-presencia-en-la-escena-urbana-latina-mientras-presenta-su-sencillo-solo-los-dos\/#primaryimage"},"thumbnailUrl":"https:\/\/www.quebakan.com\/v15\/wp-content\/uploads\/2026\/03\/foto-1-4.jpg","articleSection":["Noticias"],"inLanguage":"es"},{"@type":"WebPage","@id":"https:\/\/www.quebakan.com\/v15\/vicent-continua-expandiendo-su-presencia-en-la-escena-urbana-latina-mientras-presenta-su-sencillo-solo-los-dos\/","url":"https:\/\/www.quebakan.com\/v15\/vicent-continua-expandiendo-su-presencia-en-la-escena-urbana-latina-mientras-presenta-su-sencillo-solo-los-dos\/","name":"Vicent contin\u00faa expandiendo su presencia en la escena urbana latina mientras presenta su sencillo \u201cSolo los Dos\u201d &#8211; QUEBAKAN.COM 2026: Noticias, Eventos, Conciertos y mucho m\u00e1s....","isPartOf":{"@id":"https:\/\/www.quebakan.com\/v15\/#website"},"primaryImageOfPage":{"@id":"https:\/\/www.quebakan.com\/v15\/vicent-continua-expandiendo-su-presencia-en-la-escena-urbana-latina-mientras-presenta-su-sencillo-solo-los-dos\/#primaryimage"},"image":{"@id":"https:\/\/www.quebakan.com\/v15\/vicent-continua-expandiendo-su-presencia-en-la-escena-urbana-latina-mientras-presenta-su-sencillo-solo-los-dos\/#primaryimage"},"thumbnailUrl":"https:\/\/www.quebakan.com\/v15\/wp-content\/uploads\/2026\/03\/foto-1-4.jpg","datePublished":"2026-03-16T16:21:44+00:00","breadcrumb":{"@id":"https:\/\/www.quebakan.com\/v15\/vicent-continua-expandiendo-su-presencia-en-la-escena-urbana-latina-mientras-presenta-su-sencillo-solo-los-dos\/#breadcrumb"},"inLanguage":"es","potentialAction":[{"@type":"ReadAction","target":["https:\/\/www.quebakan.com\/v15\/vicent-continua-expandiendo-su-presencia-en-la-escena-urbana-latina-mientras-presenta-su-sencillo-solo-los-dos\/"]}]},{"@type":"ImageObject","inLanguage":"es","@id":"https:\/\/www.quebakan.com\/v15\/vicent-continua-expandiendo-su-presencia-en-la-escena-urbana-latina-mientras-presenta-su-sencillo-solo-los-dos\/#primaryimage","url":"https:\/\/www.quebakan.com\/v15\/wp-content\/uploads\/2026\/03\/foto-1-4.jpg","contentUrl":"https:\/\/www.quebakan.com\/v15\/wp-content\/uploads\/2026\/03\/foto-1-4.jpg","width":700,"height":700},{"@type":"BreadcrumbList","@id":"https:\/\/www.quebakan.com\/v15\/vicent-continua-expandiendo-su-presencia-en-la-escena-urbana-latina-mientras-presenta-su-sencillo-solo-los-dos\/#breadcrumb","itemListElement":[{"@type":"ListItem","position":1,"name":"Portada","item":"https:\/\/www.quebakan.com\/v15\/"},{"@type":"ListItem","position":2,"name":"Vicent contin\u00faa expandiendo su presencia en la escena urbana latina mientras presenta su sencillo \u201cSolo los Dos\u201d"}]},{"@type":"WebSite","@id":"https:\/\/www.quebakan.com\/v15\/#website","url":"https:\/\/www.quebakan.com\/v15\/","name":"QUEBAKAN","description":"..","publisher":{"@id":"https:\/\/www.quebakan.com\/v15\/#organization"},"potentialAction":[{"@type":"SearchAction","target":{"@type":"EntryPoint","urlTemplate":"https:\/\/www.quebakan.com\/v15\/?s={search_term_string}"},"query-input":{"@type":"PropertyValueSpecification","valueRequired":true,"valueName":"search_term_string"}}],"inLanguage":"es"},{"@type":"Organization","@id":"https:\/\/www.quebakan.com\/v15\/#organization","name":"Quebakan.com","url":"https:\/\/www.quebakan.com\/v15\/","logo":{"@type":"ImageObject","inLanguage":"es","@id":"https:\/\/www.quebakan.com\/v15\/#\/schema\/logo\/image\/","url":"https:\/\/www.quebakan.com\/v15\/wp-content\/uploads\/2023\/07\/logoquebakanenero2021.jpg","contentUrl":"https:\/\/www.quebakan.com\/v15\/wp-content\/uploads\/2023\/07\/logoquebakanenero2021.jpg","width":1920,"height":1080,"caption":"Quebakan.com"},"image":{"@id":"https:\/\/www.quebakan.com\/v15\/#\/schema\/logo\/image\/"},"sameAs":["http:\/\/www.facebook.com\/quebakan","https:\/\/x.com\/quebakanec","http:\/\/www.instagram.com\/quebakan","http:\/\/www.youtube.com\/quebakan1"]},{"@type":"Person","@id":"https:\/\/www.quebakan.com\/v15\/#\/schema\/person\/d90fa9f9cfa81eb8ace9811e5b7b9118","name":"Erick Villafuerte","image":{"@type":"ImageObject","inLanguage":"es","@id":"https:\/\/www.quebakan.com\/v15\/wp-content\/uploads\/avatars\/4\/1731297654-bpfull.png","url":"https:\/\/www.quebakan.com\/v15\/wp-content\/uploads\/avatars\/4\/1731297654-bpfull.png","contentUrl":"https:\/\/www.quebakan.com\/v15\/wp-content\/uploads\/avatars\/4\/1731297654-bpfull.png","caption":"Erick Villafuerte"}}]}},"_links":{"self":[{"href":"https:\/\/www.quebakan.com\/v15\/wp-json\/wp\/v2\/posts\/140796","targetHints":{"allow":["GET"]}}],"collection":[{"href":"https:\/\/www.quebakan.com\/v15\/wp-json\/wp\/v2\/posts"}],"about":[{"href":"https:\/\/www.quebakan.com\/v15\/wp-json\/wp\/v2\/types\/post"}],"author":[{"embeddable":true,"href":"https:\/\/www.quebakan.com\/v15\/wp-json\/wp\/v2\/users\/4"}],"replies":[{"embeddable":true,"href":"https:\/\/www.quebakan.com\/v15\/wp-json\/wp\/v2\/comments?post=140796"}],"version-history":[{"count":1,"href":"https:\/\/www.quebakan.com\/v15\/wp-json\/wp\/v2\/posts\/140796\/revisions"}],"predecessor-version":[{"id":140802,"href":"https:\/\/www.quebakan.com\/v15\/wp-json\/wp\/v2\/posts\/140796\/revisions\/140802"}],"wp:featuredmedia":[{"embeddable":true,"href":"https:\/\/www.quebakan.com\/v15\/wp-json\/wp\/v2\/media\/140797"}],"wp:attachment":[{"href":"https:\/\/www.quebakan.com\/v15\/wp-json\/wp\/v2\/media?parent=140796"}],"wp:term":[{"taxonomy":"category","embeddable":true,"href":"https:\/\/www.quebakan.com\/v15\/wp-json\/wp\/v2\/categories?post=140796"},{"taxonomy":"post_tag","embeddable":true,"href":"https:\/\/www.quebakan.com\/v15\/wp-json\/wp\/v2\/tags?post=140796"}],"curies":[{"name":"wp","href":"https:\/\/api.w.org\/{rel}","templated":true}]}}