{"id":140819,"date":"2026-03-16T19:38:47","date_gmt":"2026-03-17T00:38:47","guid":{"rendered":"https:\/\/www.quebakan.com\/v15\/?p=140819"},"modified":"2026-03-16T19:38:47","modified_gmt":"2026-03-17T00:38:47","slug":"170-mujeres-camaroneras-se-graduan-y-fortalecen-la-competitividad-y-sostenibilidad-del-sector-acuicola-ecuatoriano","status":"publish","type":"post","link":"https:\/\/www.quebakan.com\/v15\/170-mujeres-camaroneras-se-graduan-y-fortalecen-la-competitividad-y-sostenibilidad-del-sector-acuicola-ecuatoriano\/","title":{"rendered":"170 MUJERES CAMARONERAS SE GRAD\u00daAN Y FORTALECEN LA COMPETITIVIDAD Y SOSTENIBILIDAD DEL SECTOR ACU\u00cdCOLA ECUATORIANO"},"content":{"rendered":"<p><img fetchpriority=\"high\" decoding=\"async\" class=\"aligncenter size-full wp-image-140820\" src=\"https:\/\/www.quebakan.com\/v15\/wp-content\/uploads\/2026\/03\/Titulacion-Mujeres-UTPL-Cargill-133.jpg\" alt=\"\" width=\"700\" height=\"467\" \/><\/p>\n<ul>\n<li style=\"text-align: justify;\"><span style=\"color: #000000;\"><em>El programa impulsado por Cargill Animal Nutrition &amp; Health y la Universidad T\u00e9cnica Particular de Loja consolida una plataforma de formaci\u00f3n que ya ha beneficiado a m\u00e1s de 200 mujeres desde 2021.<\/em><\/span><\/li>\n<\/ul>\n<p style=\"text-align: justify;\"><span style=\"color: #000000;\"><strong><em>Guayaquil, marzo de 2026.-<\/em><\/strong> En una ceremonia que destac\u00f3 el aporte del liderazgo femenino dentro de una de las industrias m\u00e1s din\u00e1micas del pa\u00eds, el pasado 6 de marzo 170 mujeres culminaron exitosamente el programa de formaci\u00f3n \u201cMujer Empresaria del Sector Camaronero\u201d, iniciativa impulsada por Cargill Animal Nutrition &amp; Health (Cargill ANH), en alianza acad\u00e9mica con la Universidad T\u00e9cnica Particular de Loja (UTPL).<\/span><\/p>\n<p style=\"text-align: justify;\"><span style=\"color: #000000;\">Esta nueva cohorte, integrada mayoritariamente por participantes de las provincias de Guayas y El Oro, regiones clave para la producci\u00f3n camaronera nacional, evidencia el alcance y la consolidaci\u00f3n de este programa como una herramienta estrat\u00e9gica para el fortalecimiento del sector acu\u00edcola en Ecuador.<\/span><\/p>\n<p style=\"text-align: justify;\"><span style=\"color: #000000;\">Desde su lanzamiento en 2021, la iniciativa ha formado a m\u00e1s de 200 mujeres en Ecuador y la regi\u00f3n, potenciando sus capacidades econ\u00f3micas, financieras, administrativas, productivas y de liderazgo. Su prop\u00f3sito central es impulsar el empoderamiento profesional femenino y promover una mayor inclusi\u00f3n social y econ\u00f3mica en la cadena de valor acu\u00edcola.<\/span><\/p>\n<p style=\"text-align: justify;\"><span style=\"color: #000000;\">\u201cPara Cargill ANH, este programa reafirma nuestro compromiso con la sostenibilidad, el desarrollo comunitario y la profesionalizaci\u00f3n del sector acu\u00edcola. La graduaci\u00f3n de 170 mujeres demuestra nuestro esfuerzo por fortalecer capacidades a trav\u00e9s de la educaci\u00f3n y promover una industria m\u00e1s preparada, inclusiva y sostenible, en l\u00ednea con nuestra estrategia de generar valor mediante equipos altamente especializados\u201d, se\u00f1al\u00f3 la compa\u00f1\u00eda.<\/span><\/p>\n<p style=\"text-align: justify;\"><span style=\"color: #000000;\">La formaci\u00f3n impartida contribuye directamente al fortalecimiento del sector camaronero al desarrollar talento con una visi\u00f3n t\u00e9cnica y gerencial m\u00e1s s\u00f3lida. Estas nuevas competencias se reflejan en mejores pr\u00e1cticas operativas, toma de decisiones m\u00e1s informada y un liderazgo femenino que aporta diversidad, innovaci\u00f3n y perspectivas renovadas al sector.<\/span><\/p>\n<p style=\"text-align: justify;\"><span style=\"color: #000000;\">En un entorno global cada vez m\u00e1s competitivo \u2014donde la sostenibilidad, la eficiencia y la calidad determinan la posici\u00f3n en los mercados internacionales\u2014 programas como este se consolidan como pilares para la construcci\u00f3n de un ecosistema acu\u00edcola m\u00e1s resiliente, moderno y alineado con est\u00e1ndares globales.<\/span><\/p>\n<p style=\"text-align: justify;\"><span style=\"color: #000000;\">Durante el evento, se enfatiz\u00f3 el compromiso, disciplina y esfuerzo demostrado por las participantes a lo largo del proceso formativo. Su graduaci\u00f3n representa un reconocimiento formal a su crecimiento profesional y fortalece su confianza para asumir mayores responsabilidades dentro de una industria altamente exigente.<\/span><br \/>\n<span style=\"color: #000000;\">\u201cHoy no solo celebramos una meta alcanzada, sino el inicio de un camino m\u00e1s fuerte, m\u00e1s consciente y conectado. Cada aprendizaje adquirido demuestra que cuando las mujeres se preparan, se unen y se proyectan, transforman realidades\u201d, expres\u00f3 Mois\u00e9s Poli, L\u00edder de Estrategia, Marketing y Tecnolog\u00eda Aqua en Cargill ANH.<\/span><\/p>\n<p style=\"text-align: justify;\"><span style=\"color: #000000;\">Este logro reafirma el compromiso de Cargill ANH con la continuidad y expansi\u00f3n de esta plataforma de formaci\u00f3n, impulsando su crecimiento hacia nuevas cohortes en Ecuador y la regi\u00f3n.<\/span><\/p>\n<p style=\"text-align: justify;\"><span style=\"color: #000000;\">La meta del programa es seguir incorporando a m\u00e1s mujeres en la industria camaronera, fortaleciendo su rol a trav\u00e9s de herramientas de autoliderazgo, adopci\u00f3n de tecnolog\u00edas clave, educaci\u00f3n financiera y formaci\u00f3n alineada con los Objetivos de Desarrollo Sostenible, contribuyendo a una industria m\u00e1s competitiva e innovadora.<\/span><\/p>\n","protected":false},"excerpt":{"rendered":"<p>El programa impulsado por Cargill Animal Nutrition &amp; Health y la Universidad T\u00e9cnica Particular de Loja consolida una plataforma de formaci\u00f3n que ya ha beneficiado a m\u00e1s de 200 mujeres desde 2021. Guayaquil, marzo de 2026.- En una ceremonia que destac\u00f3 el aporte del liderazgo femenino dentro de una de las industrias m\u00e1s din\u00e1micas del [&hellip;]<\/p>\n","protected":false},"author":4,"featured_media":140820,"comment_status":"closed","ping_status":"closed","sticky":false,"template":"","format":"standard","meta":{"_bbp_topic_count":0,"_bbp_reply_count":0,"_bbp_total_topic_count":0,"_bbp_total_reply_count":0,"_bbp_voice_count":0,"_bbp_anonymous_reply_count":0,"_bbp_topic_count_hidden":0,"_bbp_reply_count_hidden":0,"_bbp_forum_subforum_count":0,"buzzeditor_post_format":"","footnotes":""},"categories":[2],"tags":[],"class_list":["post-140819","post","type-post","status-publish","format-standard","has-post-thumbnail","hentry","category-noticias"],"yoast_head":"<!-- This site is optimized with the Yoast SEO plugin v27.5 - https:\/\/yoast.com\/product\/yoast-seo-wordpress\/ -->\n<title>170 MUJERES CAMARONERAS SE GRAD\u00daAN Y FORTALECEN LA COMPETITIVIDAD Y SOSTENIBILIDAD DEL SECTOR ACU\u00cdCOLA ECUATORIANO &#8211; QUEBAKAN.COM 2026: Noticias, Eventos, Conciertos y mucho m\u00e1s....<\/title>\n<meta name=\"robots\" content=\"index, follow, max-snippet:-1, max-image-preview:large, max-video-preview:-1\" \/>\n<link rel=\"canonical\" href=\"https:\/\/www.quebakan.com\/v15\/170-mujeres-camaroneras-se-graduan-y-fortalecen-la-competitividad-y-sostenibilidad-del-sector-acuicola-ecuatoriano\/\" \/>\n<meta property=\"og:locale\" content=\"es_ES\" \/>\n<meta property=\"og:type\" content=\"article\" \/>\n<meta property=\"og:title\" content=\"170 MUJERES CAMARONERAS SE GRAD\u00daAN Y FORTALECEN LA COMPETITIVIDAD Y SOSTENIBILIDAD DEL SECTOR ACU\u00cdCOLA ECUATORIANO &#8211; QUEBAKAN.COM 2026: Noticias, Eventos, Conciertos y mucho m\u00e1s....\" \/>\n<meta property=\"og:description\" content=\"El programa impulsado por Cargill Animal Nutrition &amp; Health y la Universidad T\u00e9cnica Particular de Loja consolida una plataforma de formaci\u00f3n que ya ha beneficiado a m\u00e1s de 200 mujeres desde 2021. Guayaquil, marzo de 2026.- En una ceremonia que destac\u00f3 el aporte del liderazgo femenino dentro de una de las industrias m\u00e1s din\u00e1micas del [&hellip;]\" \/>\n<meta property=\"og:url\" content=\"https:\/\/www.quebakan.com\/v15\/170-mujeres-camaroneras-se-graduan-y-fortalecen-la-competitividad-y-sostenibilidad-del-sector-acuicola-ecuatoriano\/\" \/>\n<meta property=\"og:site_name\" content=\"QUEBAKAN.COM 2026: Noticias, Eventos, Conciertos y mucho m\u00e1s....\" \/>\n<meta property=\"article:publisher\" content=\"http:\/\/www.facebook.com\/quebakan\" \/>\n<meta property=\"article:published_time\" content=\"2026-03-17T00:38:47+00:00\" \/>\n<meta property=\"og:image\" content=\"https:\/\/www.quebakan.com\/v15\/wp-content\/uploads\/2026\/03\/Titulacion-Mujeres-UTPL-Cargill-133.jpg\" \/>\n\t<meta property=\"og:image:width\" content=\"700\" \/>\n\t<meta property=\"og:image:height\" content=\"467\" \/>\n\t<meta property=\"og:image:type\" content=\"image\/jpeg\" \/>\n<meta name=\"author\" content=\"Erick Villafuerte\" \/>\n<meta name=\"twitter:card\" content=\"summary_large_image\" \/>\n<meta name=\"twitter:creator\" content=\"@quebakanec\" \/>\n<meta name=\"twitter:site\" content=\"@quebakanec\" \/>\n<meta name=\"twitter:label1\" content=\"Escrito por\" \/>\n\t<meta name=\"twitter:data1\" content=\"Erick Villafuerte\" \/>\n\t<meta name=\"twitter:label2\" content=\"Tiempo de lectura\" \/>\n\t<meta name=\"twitter:data2\" content=\"3 minutos\" \/>\n<script type=\"application\/ld+json\" class=\"yoast-schema-graph\">{\"@context\":\"https:\\\/\\\/schema.org\",\"@graph\":[{\"@type\":\"Article\",\"@id\":\"https:\\\/\\\/www.quebakan.com\\\/v15\\\/170-mujeres-camaroneras-se-graduan-y-fortalecen-la-competitividad-y-sostenibilidad-del-sector-acuicola-ecuatoriano\\\/#article\",\"isPartOf\":{\"@id\":\"https:\\\/\\\/www.quebakan.com\\\/v15\\\/170-mujeres-camaroneras-se-graduan-y-fortalecen-la-competitividad-y-sostenibilidad-del-sector-acuicola-ecuatoriano\\\/\"},\"author\":{\"name\":\"Erick Villafuerte\",\"@id\":\"https:\\\/\\\/www.quebakan.com\\\/v15\\\/#\\\/schema\\\/person\\\/d90fa9f9cfa81eb8ace9811e5b7b9118\"},\"headline\":\"170 MUJERES CAMARONERAS SE GRAD\u00daAN Y FORTALECEN LA COMPETITIVIDAD Y SOSTENIBILIDAD DEL SECTOR ACU\u00cdCOLA ECUATORIANO\",\"datePublished\":\"2026-03-17T00:38:47+00:00\",\"mainEntityOfPage\":{\"@id\":\"https:\\\/\\\/www.quebakan.com\\\/v15\\\/170-mujeres-camaroneras-se-graduan-y-fortalecen-la-competitividad-y-sostenibilidad-del-sector-acuicola-ecuatoriano\\\/\"},\"wordCount\":579,\"publisher\":{\"@id\":\"https:\\\/\\\/www.quebakan.com\\\/v15\\\/#organization\"},\"image\":{\"@id\":\"https:\\\/\\\/www.quebakan.com\\\/v15\\\/170-mujeres-camaroneras-se-graduan-y-fortalecen-la-competitividad-y-sostenibilidad-del-sector-acuicola-ecuatoriano\\\/#primaryimage\"},\"thumbnailUrl\":\"https:\\\/\\\/www.quebakan.com\\\/v15\\\/wp-content\\\/uploads\\\/2026\\\/03\\\/Titulacion-Mujeres-UTPL-Cargill-133.jpg\",\"articleSection\":[\"Noticias\"],\"inLanguage\":\"es\"},{\"@type\":\"WebPage\",\"@id\":\"https:\\\/\\\/www.quebakan.com\\\/v15\\\/170-mujeres-camaroneras-se-graduan-y-fortalecen-la-competitividad-y-sostenibilidad-del-sector-acuicola-ecuatoriano\\\/\",\"url\":\"https:\\\/\\\/www.quebakan.com\\\/v15\\\/170-mujeres-camaroneras-se-graduan-y-fortalecen-la-competitividad-y-sostenibilidad-del-sector-acuicola-ecuatoriano\\\/\",\"name\":\"170 MUJERES CAMARONERAS SE GRAD\u00daAN Y FORTALECEN LA COMPETITIVIDAD Y SOSTENIBILIDAD DEL SECTOR ACU\u00cdCOLA ECUATORIANO &#8211; QUEBAKAN.COM 2026: Noticias, Eventos, Conciertos y mucho m\u00e1s....\",\"isPartOf\":{\"@id\":\"https:\\\/\\\/www.quebakan.com\\\/v15\\\/#website\"},\"primaryImageOfPage\":{\"@id\":\"https:\\\/\\\/www.quebakan.com\\\/v15\\\/170-mujeres-camaroneras-se-graduan-y-fortalecen-la-competitividad-y-sostenibilidad-del-sector-acuicola-ecuatoriano\\\/#primaryimage\"},\"image\":{\"@id\":\"https:\\\/\\\/www.quebakan.com\\\/v15\\\/170-mujeres-camaroneras-se-graduan-y-fortalecen-la-competitividad-y-sostenibilidad-del-sector-acuicola-ecuatoriano\\\/#primaryimage\"},\"thumbnailUrl\":\"https:\\\/\\\/www.quebakan.com\\\/v15\\\/wp-content\\\/uploads\\\/2026\\\/03\\\/Titulacion-Mujeres-UTPL-Cargill-133.jpg\",\"datePublished\":\"2026-03-17T00:38:47+00:00\",\"breadcrumb\":{\"@id\":\"https:\\\/\\\/www.quebakan.com\\\/v15\\\/170-mujeres-camaroneras-se-graduan-y-fortalecen-la-competitividad-y-sostenibilidad-del-sector-acuicola-ecuatoriano\\\/#breadcrumb\"},\"inLanguage\":\"es\",\"potentialAction\":[{\"@type\":\"ReadAction\",\"target\":[\"https:\\\/\\\/www.quebakan.com\\\/v15\\\/170-mujeres-camaroneras-se-graduan-y-fortalecen-la-competitividad-y-sostenibilidad-del-sector-acuicola-ecuatoriano\\\/\"]}]},{\"@type\":\"ImageObject\",\"inLanguage\":\"es\",\"@id\":\"https:\\\/\\\/www.quebakan.com\\\/v15\\\/170-mujeres-camaroneras-se-graduan-y-fortalecen-la-competitividad-y-sostenibilidad-del-sector-acuicola-ecuatoriano\\\/#primaryimage\",\"url\":\"https:\\\/\\\/www.quebakan.com\\\/v15\\\/wp-content\\\/uploads\\\/2026\\\/03\\\/Titulacion-Mujeres-UTPL-Cargill-133.jpg\",\"contentUrl\":\"https:\\\/\\\/www.quebakan.com\\\/v15\\\/wp-content\\\/uploads\\\/2026\\\/03\\\/Titulacion-Mujeres-UTPL-Cargill-133.jpg\",\"width\":700,\"height\":467},{\"@type\":\"BreadcrumbList\",\"@id\":\"https:\\\/\\\/www.quebakan.com\\\/v15\\\/170-mujeres-camaroneras-se-graduan-y-fortalecen-la-competitividad-y-sostenibilidad-del-sector-acuicola-ecuatoriano\\\/#breadcrumb\",\"itemListElement\":[{\"@type\":\"ListItem\",\"position\":1,\"name\":\"Portada\",\"item\":\"https:\\\/\\\/www.quebakan.com\\\/v15\\\/\"},{\"@type\":\"ListItem\",\"position\":2,\"name\":\"170 MUJERES CAMARONERAS SE GRAD\u00daAN Y FORTALECEN LA COMPETITIVIDAD Y SOSTENIBILIDAD DEL SECTOR ACU\u00cdCOLA ECUATORIANO\"}]},{\"@type\":\"WebSite\",\"@id\":\"https:\\\/\\\/www.quebakan.com\\\/v15\\\/#website\",\"url\":\"https:\\\/\\\/www.quebakan.com\\\/v15\\\/\",\"name\":\"QUEBAKAN\",\"description\":\"..\",\"publisher\":{\"@id\":\"https:\\\/\\\/www.quebakan.com\\\/v15\\\/#organization\"},\"potentialAction\":[{\"@type\":\"SearchAction\",\"target\":{\"@type\":\"EntryPoint\",\"urlTemplate\":\"https:\\\/\\\/www.quebakan.com\\\/v15\\\/?s={search_term_string}\"},\"query-input\":{\"@type\":\"PropertyValueSpecification\",\"valueRequired\":true,\"valueName\":\"search_term_string\"}}],\"inLanguage\":\"es\"},{\"@type\":\"Organization\",\"@id\":\"https:\\\/\\\/www.quebakan.com\\\/v15\\\/#organization\",\"name\":\"Quebakan.com\",\"url\":\"https:\\\/\\\/www.quebakan.com\\\/v15\\\/\",\"logo\":{\"@type\":\"ImageObject\",\"inLanguage\":\"es\",\"@id\":\"https:\\\/\\\/www.quebakan.com\\\/v15\\\/#\\\/schema\\\/logo\\\/image\\\/\",\"url\":\"https:\\\/\\\/www.quebakan.com\\\/v15\\\/wp-content\\\/uploads\\\/2023\\\/07\\\/logoquebakanenero2021.jpg\",\"contentUrl\":\"https:\\\/\\\/www.quebakan.com\\\/v15\\\/wp-content\\\/uploads\\\/2023\\\/07\\\/logoquebakanenero2021.jpg\",\"width\":1920,\"height\":1080,\"caption\":\"Quebakan.com\"},\"image\":{\"@id\":\"https:\\\/\\\/www.quebakan.com\\\/v15\\\/#\\\/schema\\\/logo\\\/image\\\/\"},\"sameAs\":[\"http:\\\/\\\/www.facebook.com\\\/quebakan\",\"https:\\\/\\\/x.com\\\/quebakanec\",\"http:\\\/\\\/www.instagram.com\\\/quebakan\",\"http:\\\/\\\/www.youtube.com\\\/quebakan1\"]},{\"@type\":\"Person\",\"@id\":\"https:\\\/\\\/www.quebakan.com\\\/v15\\\/#\\\/schema\\\/person\\\/d90fa9f9cfa81eb8ace9811e5b7b9118\",\"name\":\"Erick Villafuerte\",\"image\":{\"@type\":\"ImageObject\",\"inLanguage\":\"es\",\"@id\":\"https:\\\/\\\/www.quebakan.com\\\/v15\\\/wp-content\\\/uploads\\\/avatars\\\/4\\\/1731297654-bpfull.png\",\"url\":\"https:\\\/\\\/www.quebakan.com\\\/v15\\\/wp-content\\\/uploads\\\/avatars\\\/4\\\/1731297654-bpfull.png\",\"contentUrl\":\"https:\\\/\\\/www.quebakan.com\\\/v15\\\/wp-content\\\/uploads\\\/avatars\\\/4\\\/1731297654-bpfull.png\",\"caption\":\"Erick Villafuerte\"}}]}<\/script>\n<!-- \/ Yoast SEO plugin. -->","yoast_head_json":{"title":"170 MUJERES CAMARONERAS SE GRAD\u00daAN Y FORTALECEN LA COMPETITIVIDAD Y SOSTENIBILIDAD DEL SECTOR ACU\u00cdCOLA ECUATORIANO &#8211; QUEBAKAN.COM 2026: Noticias, Eventos, Conciertos y mucho m\u00e1s....","robots":{"index":"index","follow":"follow","max-snippet":"max-snippet:-1","max-image-preview":"max-image-preview:large","max-video-preview":"max-video-preview:-1"},"canonical":"https:\/\/www.quebakan.com\/v15\/170-mujeres-camaroneras-se-graduan-y-fortalecen-la-competitividad-y-sostenibilidad-del-sector-acuicola-ecuatoriano\/","og_locale":"es_ES","og_type":"article","og_title":"170 MUJERES CAMARONERAS SE GRAD\u00daAN Y FORTALECEN LA COMPETITIVIDAD Y SOSTENIBILIDAD DEL SECTOR ACU\u00cdCOLA ECUATORIANO &#8211; QUEBAKAN.COM 2026: Noticias, Eventos, Conciertos y mucho m\u00e1s....","og_description":"El programa impulsado por Cargill Animal Nutrition &amp; Health y la Universidad T\u00e9cnica Particular de Loja consolida una plataforma de formaci\u00f3n que ya ha beneficiado a m\u00e1s de 200 mujeres desde 2021. Guayaquil, marzo de 2026.- En una ceremonia que destac\u00f3 el aporte del liderazgo femenino dentro de una de las industrias m\u00e1s din\u00e1micas del [&hellip;]","og_url":"https:\/\/www.quebakan.com\/v15\/170-mujeres-camaroneras-se-graduan-y-fortalecen-la-competitividad-y-sostenibilidad-del-sector-acuicola-ecuatoriano\/","og_site_name":"QUEBAKAN.COM 2026: Noticias, Eventos, Conciertos y mucho m\u00e1s....","article_publisher":"http:\/\/www.facebook.com\/quebakan","article_published_time":"2026-03-17T00:38:47+00:00","og_image":[{"width":700,"height":467,"url":"https:\/\/www.quebakan.com\/v15\/wp-content\/uploads\/2026\/03\/Titulacion-Mujeres-UTPL-Cargill-133.jpg","type":"image\/jpeg"}],"author":"Erick Villafuerte","twitter_card":"summary_large_image","twitter_creator":"@quebakanec","twitter_site":"@quebakanec","twitter_misc":{"Escrito por":"Erick Villafuerte","Tiempo de lectura":"3 minutos"},"schema":{"@context":"https:\/\/schema.org","@graph":[{"@type":"Article","@id":"https:\/\/www.quebakan.com\/v15\/170-mujeres-camaroneras-se-graduan-y-fortalecen-la-competitividad-y-sostenibilidad-del-sector-acuicola-ecuatoriano\/#article","isPartOf":{"@id":"https:\/\/www.quebakan.com\/v15\/170-mujeres-camaroneras-se-graduan-y-fortalecen-la-competitividad-y-sostenibilidad-del-sector-acuicola-ecuatoriano\/"},"author":{"name":"Erick Villafuerte","@id":"https:\/\/www.quebakan.com\/v15\/#\/schema\/person\/d90fa9f9cfa81eb8ace9811e5b7b9118"},"headline":"170 MUJERES CAMARONERAS SE GRAD\u00daAN Y FORTALECEN LA COMPETITIVIDAD Y SOSTENIBILIDAD DEL SECTOR ACU\u00cdCOLA ECUATORIANO","datePublished":"2026-03-17T00:38:47+00:00","mainEntityOfPage":{"@id":"https:\/\/www.quebakan.com\/v15\/170-mujeres-camaroneras-se-graduan-y-fortalecen-la-competitividad-y-sostenibilidad-del-sector-acuicola-ecuatoriano\/"},"wordCount":579,"publisher":{"@id":"https:\/\/www.quebakan.com\/v15\/#organization"},"image":{"@id":"https:\/\/www.quebakan.com\/v15\/170-mujeres-camaroneras-se-graduan-y-fortalecen-la-competitividad-y-sostenibilidad-del-sector-acuicola-ecuatoriano\/#primaryimage"},"thumbnailUrl":"https:\/\/www.quebakan.com\/v15\/wp-content\/uploads\/2026\/03\/Titulacion-Mujeres-UTPL-Cargill-133.jpg","articleSection":["Noticias"],"inLanguage":"es"},{"@type":"WebPage","@id":"https:\/\/www.quebakan.com\/v15\/170-mujeres-camaroneras-se-graduan-y-fortalecen-la-competitividad-y-sostenibilidad-del-sector-acuicola-ecuatoriano\/","url":"https:\/\/www.quebakan.com\/v15\/170-mujeres-camaroneras-se-graduan-y-fortalecen-la-competitividad-y-sostenibilidad-del-sector-acuicola-ecuatoriano\/","name":"170 MUJERES CAMARONERAS SE GRAD\u00daAN Y FORTALECEN LA COMPETITIVIDAD Y SOSTENIBILIDAD DEL SECTOR ACU\u00cdCOLA ECUATORIANO &#8211; QUEBAKAN.COM 2026: Noticias, Eventos, Conciertos y mucho m\u00e1s....","isPartOf":{"@id":"https:\/\/www.quebakan.com\/v15\/#website"},"primaryImageOfPage":{"@id":"https:\/\/www.quebakan.com\/v15\/170-mujeres-camaroneras-se-graduan-y-fortalecen-la-competitividad-y-sostenibilidad-del-sector-acuicola-ecuatoriano\/#primaryimage"},"image":{"@id":"https:\/\/www.quebakan.com\/v15\/170-mujeres-camaroneras-se-graduan-y-fortalecen-la-competitividad-y-sostenibilidad-del-sector-acuicola-ecuatoriano\/#primaryimage"},"thumbnailUrl":"https:\/\/www.quebakan.com\/v15\/wp-content\/uploads\/2026\/03\/Titulacion-Mujeres-UTPL-Cargill-133.jpg","datePublished":"2026-03-17T00:38:47+00:00","breadcrumb":{"@id":"https:\/\/www.quebakan.com\/v15\/170-mujeres-camaroneras-se-graduan-y-fortalecen-la-competitividad-y-sostenibilidad-del-sector-acuicola-ecuatoriano\/#breadcrumb"},"inLanguage":"es","potentialAction":[{"@type":"ReadAction","target":["https:\/\/www.quebakan.com\/v15\/170-mujeres-camaroneras-se-graduan-y-fortalecen-la-competitividad-y-sostenibilidad-del-sector-acuicola-ecuatoriano\/"]}]},{"@type":"ImageObject","inLanguage":"es","@id":"https:\/\/www.quebakan.com\/v15\/170-mujeres-camaroneras-se-graduan-y-fortalecen-la-competitividad-y-sostenibilidad-del-sector-acuicola-ecuatoriano\/#primaryimage","url":"https:\/\/www.quebakan.com\/v15\/wp-content\/uploads\/2026\/03\/Titulacion-Mujeres-UTPL-Cargill-133.jpg","contentUrl":"https:\/\/www.quebakan.com\/v15\/wp-content\/uploads\/2026\/03\/Titulacion-Mujeres-UTPL-Cargill-133.jpg","width":700,"height":467},{"@type":"BreadcrumbList","@id":"https:\/\/www.quebakan.com\/v15\/170-mujeres-camaroneras-se-graduan-y-fortalecen-la-competitividad-y-sostenibilidad-del-sector-acuicola-ecuatoriano\/#breadcrumb","itemListElement":[{"@type":"ListItem","position":1,"name":"Portada","item":"https:\/\/www.quebakan.com\/v15\/"},{"@type":"ListItem","position":2,"name":"170 MUJERES CAMARONERAS SE GRAD\u00daAN Y FORTALECEN LA COMPETITIVIDAD Y SOSTENIBILIDAD DEL SECTOR ACU\u00cdCOLA ECUATORIANO"}]},{"@type":"WebSite","@id":"https:\/\/www.quebakan.com\/v15\/#website","url":"https:\/\/www.quebakan.com\/v15\/","name":"QUEBAKAN","description":"..","publisher":{"@id":"https:\/\/www.quebakan.com\/v15\/#organization"},"potentialAction":[{"@type":"SearchAction","target":{"@type":"EntryPoint","urlTemplate":"https:\/\/www.quebakan.com\/v15\/?s={search_term_string}"},"query-input":{"@type":"PropertyValueSpecification","valueRequired":true,"valueName":"search_term_string"}}],"inLanguage":"es"},{"@type":"Organization","@id":"https:\/\/www.quebakan.com\/v15\/#organization","name":"Quebakan.com","url":"https:\/\/www.quebakan.com\/v15\/","logo":{"@type":"ImageObject","inLanguage":"es","@id":"https:\/\/www.quebakan.com\/v15\/#\/schema\/logo\/image\/","url":"https:\/\/www.quebakan.com\/v15\/wp-content\/uploads\/2023\/07\/logoquebakanenero2021.jpg","contentUrl":"https:\/\/www.quebakan.com\/v15\/wp-content\/uploads\/2023\/07\/logoquebakanenero2021.jpg","width":1920,"height":1080,"caption":"Quebakan.com"},"image":{"@id":"https:\/\/www.quebakan.com\/v15\/#\/schema\/logo\/image\/"},"sameAs":["http:\/\/www.facebook.com\/quebakan","https:\/\/x.com\/quebakanec","http:\/\/www.instagram.com\/quebakan","http:\/\/www.youtube.com\/quebakan1"]},{"@type":"Person","@id":"https:\/\/www.quebakan.com\/v15\/#\/schema\/person\/d90fa9f9cfa81eb8ace9811e5b7b9118","name":"Erick Villafuerte","image":{"@type":"ImageObject","inLanguage":"es","@id":"https:\/\/www.quebakan.com\/v15\/wp-content\/uploads\/avatars\/4\/1731297654-bpfull.png","url":"https:\/\/www.quebakan.com\/v15\/wp-content\/uploads\/avatars\/4\/1731297654-bpfull.png","contentUrl":"https:\/\/www.quebakan.com\/v15\/wp-content\/uploads\/avatars\/4\/1731297654-bpfull.png","caption":"Erick Villafuerte"}}]}},"_links":{"self":[{"href":"https:\/\/www.quebakan.com\/v15\/wp-json\/wp\/v2\/posts\/140819","targetHints":{"allow":["GET"]}}],"collection":[{"href":"https:\/\/www.quebakan.com\/v15\/wp-json\/wp\/v2\/posts"}],"about":[{"href":"https:\/\/www.quebakan.com\/v15\/wp-json\/wp\/v2\/types\/post"}],"author":[{"embeddable":true,"href":"https:\/\/www.quebakan.com\/v15\/wp-json\/wp\/v2\/users\/4"}],"replies":[{"embeddable":true,"href":"https:\/\/www.quebakan.com\/v15\/wp-json\/wp\/v2\/comments?post=140819"}],"version-history":[{"count":1,"href":"https:\/\/www.quebakan.com\/v15\/wp-json\/wp\/v2\/posts\/140819\/revisions"}],"predecessor-version":[{"id":140821,"href":"https:\/\/www.quebakan.com\/v15\/wp-json\/wp\/v2\/posts\/140819\/revisions\/140821"}],"wp:featuredmedia":[{"embeddable":true,"href":"https:\/\/www.quebakan.com\/v15\/wp-json\/wp\/v2\/media\/140820"}],"wp:attachment":[{"href":"https:\/\/www.quebakan.com\/v15\/wp-json\/wp\/v2\/media?parent=140819"}],"wp:term":[{"taxonomy":"category","embeddable":true,"href":"https:\/\/www.quebakan.com\/v15\/wp-json\/wp\/v2\/categories?post=140819"},{"taxonomy":"post_tag","embeddable":true,"href":"https:\/\/www.quebakan.com\/v15\/wp-json\/wp\/v2\/tags?post=140819"}],"curies":[{"name":"wp","href":"https:\/\/api.w.org\/{rel}","templated":true}]}}