{"id":140823,"date":"2026-03-16T19:42:03","date_gmt":"2026-03-17T00:42:03","guid":{"rendered":"https:\/\/www.quebakan.com\/v15\/?p=140823"},"modified":"2026-03-16T19:42:03","modified_gmt":"2026-03-17T00:42:03","slug":"guayaquil-acogera-exposun-2026-el-encuentro-clave-para-debatir-el-futuro-energetico-de-ecuador","status":"publish","type":"post","link":"https:\/\/www.quebakan.com\/v15\/guayaquil-acogera-exposun-2026-el-encuentro-clave-para-debatir-el-futuro-energetico-de-ecuador\/","title":{"rendered":"Guayaquil acoger\u00e1 ExpoSun 2026, el encuentro clave para debatir el futuro energ\u00e9tico de Ecuador"},"content":{"rendered":"<p><img fetchpriority=\"high\" decoding=\"async\" class=\"aligncenter size-full wp-image-140824\" src=\"https:\/\/www.quebakan.com\/v15\/wp-content\/uploads\/2026\/03\/Expo-Sun-2.jpg\" alt=\"\" width=\"700\" height=\"700\" srcset=\"https:\/\/www.quebakan.com\/v15\/wp-content\/uploads\/2026\/03\/Expo-Sun-2.jpg 700w, https:\/\/www.quebakan.com\/v15\/wp-content\/uploads\/2026\/03\/Expo-Sun-2-300x300.jpg 300w, https:\/\/www.quebakan.com\/v15\/wp-content\/uploads\/2026\/03\/Expo-Sun-2-75x75.jpg 75w\" sizes=\"(max-width: 700px) 100vw, 700px\" \/><\/p>\n<p style=\"text-align: justify;\"><span style=\"color: #000000;\"><em>El evento reunir\u00e1 a empresas, expertos y actores del sector energ\u00e9tico para analizar el crecimiento de la energ\u00eda solar y las oportunidades de inversi\u00f3n en el pa\u00eds.<\/em><\/span><\/p>\n<p style=\"text-align: justify;\"><span style=\"color: #000000;\"><strong>Ecuador, marzo 2026.-<\/strong> En un contexto marcado por desaf\u00edos en el abastecimiento el\u00e9ctrico y la necesidad de diversificar la matriz energ\u00e9tica, Guayaquil ser\u00e1 sede de la segunda edici\u00f3n de ExpoSun, el encuentro pionero y referente a nivel nacional en energ\u00edas renovables. La cita se realizar\u00e1 del 6 al 7 de mayo en el Hilton Col\u00f3n Guayaquil, donde l\u00edderes del sector p\u00fablico y privado, expertos, empresas e inversionistas analizar\u00e1n el crecimiento de esta industria en Ecuador y debatir\u00e1n soluciones frente a los retos energ\u00e9ticos que enfrenta la regi\u00f3n.<\/span><\/p>\n<p style=\"text-align: justify;\"><span style=\"color: #000000;\">Durante dos jornadas, el evento se consolidar\u00e1 como un espacio de di\u00e1logo estrat\u00e9gico para abordar los desaf\u00edos del sistema energ\u00e9tico ecuatoriano, promover propuestas y generar oportunidades de inversi\u00f3n que contribuyan a acelerar una transici\u00f3n hacia fuentes de energ\u00eda m\u00e1s sostenibles.<\/span><\/p>\n<p style=\"text-align: justify;\"><span style=\"color: #000000;\">El debate cobra relevancia en un momento en que el sistema el\u00e9ctrico del pa\u00eds enfrenta presiones estructurales. En la \u00faltima d\u00e9cada, el consumo de electricidad en Ecuador ha crecido 28,8 %, mientras que la capacidad de generaci\u00f3n no ha aumentado al mismo ritmo, lo que ha generado d\u00e9ficits energ\u00e9ticos y dependencia de importaciones el\u00e9ctricas en momentos cr\u00edticos.<\/span><\/p>\n<p style=\"text-align: justify;\"><span style=\"color: #000000;\">A esto se suma que el pa\u00eds mantiene una fuerte dependencia de la hidroelectricidad, que representa la mayor parte de la generaci\u00f3n el\u00e9ctrica y se ve afectada por sequ\u00edas o variaciones clim\u00e1ticas, factores que han provocado episodios de racionamientos y apagones en los \u00faltimos a\u00f1os.<\/span><\/p>\n<p style=\"text-align: justify;\"><span style=\"color: #000000;\">En este escenario, las energ\u00edas renovables, especialmente la solar, han ganado protagonismo. Solo en el \u00faltimo a\u00f1o, la demanda de sistemas fotovoltaicos creci\u00f3 325 % en el sector residencial y 745 % en el sector industrial, impulsada por empresas y hogares que buscan mayor seguridad energ\u00e9tica.<\/span><\/p>\n<p style=\"text-align: justify;\"><span style=\"color: #000000;\">ExpoSun reunir\u00e1 a empresas l\u00edderes, proveedores tecnol\u00f3gicos, expertos nacionales e internacionales, inversionistas y profesionales del sector energ\u00e9tico para analizar este crecimiento y explorar nuevas oportunidades para el desarrollo de proyectos solares en Ecuador.<\/span><\/p>\n<p style=\"text-align: justify;\"><span style=\"color: #000000;\">Adem\u00e1s de la exposici\u00f3n comercial, ExpoSun 2026 contar\u00e1 con un programa de conferencias y paneles especializados que abordar\u00e1n temas clave para el desarrollo del sector energ\u00e9tico.<\/span><\/p>\n<p style=\"text-align: justify;\"><span style=\"color: #000000;\">Entre los participantes confirmados se encuentra In\u00e9s Manzano, ministra de Ambiente y Energ\u00eda, quien el 6 de mayo ofrecer\u00e1 una intervenci\u00f3n sobre la pol\u00edtica energ\u00e9tica del Gobierno Nacional y las perspectivas para el desarrollo de energ\u00edas renovables en el pa\u00eds.<\/span><\/p>\n<p style=\"text-align: justify;\"><span style=\"color: #000000;\">Ese mismo d\u00eda participar\u00e1n tambi\u00e9n Josu\u00e9 Mac\u00edas, representante de CNEL, con una conferencia sobre eficiencia energ\u00e9tica; Oscar Ponce, de Tecmall, quien abordar\u00e1 las aplicaciones de drones para proyectos solares y de energ\u00eda renovable; y Pablo L\u00f3pez, de Solar Team, con una charla sobre la inversi\u00f3n de la industria en la transformaci\u00f3n energ\u00e9tica.<\/span><\/p>\n<p style=\"text-align: justify;\"><span style=\"color: #000000;\">La agenda continuar\u00e1 el 7 de mayo con la participaci\u00f3n de Jorge Ortega, de Huawei, quien expondr\u00e1 sobre microredes industriales y soluciones para garantizar energ\u00eda confiable con costos controlados. Ese mismo d\u00eda, Nicol\u00e1s Mayand\u00eda, de Arsago Capital Partners, presentar\u00e1 la conferencia \u201c\u00bfC\u00f3mo levantar capital para mi proyecto de generaci\u00f3n el\u00e9ctrica?\u201d.<\/span><\/p>\n<p style=\"text-align: justify;\"><span style=\"color: #000000;\">Durante esa jornada tambi\u00e9n intervendr\u00e1 Andr\u00e9s Cathey, del Max-Planck-Institute for Plasma Physics, con una presentaci\u00f3n sobre generaci\u00f3n el\u00e9ctrica con energ\u00eda nuclear en Ecuador, as\u00ed como Andr\u00e9s Ter\u00e1n, de HEKA, quien abordar\u00e1 el tema \u201cTokenizaci\u00f3n de proyectos de energ\u00eda\u201d.<\/span><\/p>\n<p style=\"text-align: justify;\"><span style=\"color: #000000;\">El programa incluir\u00e1 adem\u00e1s un panel especializado sobre estructuras solares: trackers y soluciones no convencionales, con la participaci\u00f3n de Yamser Angelino, de Factiun, y Andr\u00e9s Berm\u00fadez, de SUNFER.<\/span><\/p>\n<p style=\"text-align: justify;\"><span style=\"color: #000000;\">Adem\u00e1s de las conferencias, ExpoSun contar\u00e1 con espacios de networking dise\u00f1ados para facilitar el intercambio de conocimiento entre empresas, emprendedores, instaladores, inversionistas y profesionales t\u00e9cnicos interesados en el desarrollo de soluciones energ\u00e9ticas sostenibles.<\/span><\/p>\n<p style=\"text-align: justify;\"><span style=\"color: #000000;\">La entrada a la feria ExpoSun ser\u00e1 gratuita para el p\u00fablico, permitiendo a los asistentes recorrer la zona de exhibici\u00f3n con m\u00e1s de 50 stands especializados en tecnolog\u00eda solar y soluciones energ\u00e9ticas. Adem\u00e1s, quienes deseen participar en el congreso y en las conferencias t\u00e9cnicas podr\u00e1n adquirir sus accesos a trav\u00e9s de la plataforma Meet2Go con diferentes categor\u00edas. El pase Platinum tiene un valor de USD 600, el pase Oro USD 350, el pase Plata USD 250 y el pase Bronce USD 150.<\/span><\/p>\n<p style=\"text-align: justify;\"><span style=\"color: #000000;\">De acuerdo con Roberto G\u00f3mez, fundador de ExpoSun, el objetivo del evento es fortalecer el ecosistema de energ\u00edas renovables en el pa\u00eds, impulsar la adopci\u00f3n de tecnolog\u00edas limpias y fomentar nuevas oportunidades de negocio en un sector que ser\u00e1 clave para la seguridad energ\u00e9tica del Ecuador en los pr\u00f3ximos a\u00f1os.<\/span><\/p>\n<p style=\"text-align: justify;\"><span style=\"color: #000000;\">En este contexto, ExpoSun busca fomentar el di\u00e1logo informado, la reflexi\u00f3n t\u00e9cnica y la generaci\u00f3n de propuestas que contribuyan a construir un sistema energ\u00e9tico m\u00e1s resiliente, eficiente y sostenible.<\/span><\/p>\n","protected":false},"excerpt":{"rendered":"<p>El evento reunir\u00e1 a empresas, expertos y actores del sector energ\u00e9tico para analizar el crecimiento de la energ\u00eda solar y las oportunidades de inversi\u00f3n en el pa\u00eds. Ecuador, marzo 2026.- En un contexto marcado por desaf\u00edos en el abastecimiento el\u00e9ctrico y la necesidad de diversificar la matriz energ\u00e9tica, Guayaquil ser\u00e1 sede de la segunda edici\u00f3n [&hellip;]<\/p>\n","protected":false},"author":4,"featured_media":140824,"comment_status":"closed","ping_status":"closed","sticky":false,"template":"","format":"standard","meta":{"_bbp_topic_count":0,"_bbp_reply_count":0,"_bbp_total_topic_count":0,"_bbp_total_reply_count":0,"_bbp_voice_count":0,"_bbp_anonymous_reply_count":0,"_bbp_topic_count_hidden":0,"_bbp_reply_count_hidden":0,"_bbp_forum_subforum_count":0,"buzzeditor_post_format":"","footnotes":""},"categories":[2],"tags":[],"class_list":["post-140823","post","type-post","status-publish","format-standard","has-post-thumbnail","hentry","category-noticias"],"yoast_head":"<!-- This site is optimized with the Yoast SEO plugin v27.5 - https:\/\/yoast.com\/product\/yoast-seo-wordpress\/ -->\n<title>Guayaquil acoger\u00e1 ExpoSun 2026, el encuentro clave para debatir el futuro energ\u00e9tico de Ecuador &#8211; QUEBAKAN.COM 2026: Noticias, Eventos, Conciertos y mucho m\u00e1s....<\/title>\n<meta name=\"robots\" content=\"index, follow, max-snippet:-1, max-image-preview:large, max-video-preview:-1\" \/>\n<link rel=\"canonical\" href=\"https:\/\/www.quebakan.com\/v15\/guayaquil-acogera-exposun-2026-el-encuentro-clave-para-debatir-el-futuro-energetico-de-ecuador\/\" \/>\n<meta property=\"og:locale\" content=\"es_ES\" \/>\n<meta property=\"og:type\" content=\"article\" \/>\n<meta property=\"og:title\" content=\"Guayaquil acoger\u00e1 ExpoSun 2026, el encuentro clave para debatir el futuro energ\u00e9tico de Ecuador &#8211; QUEBAKAN.COM 2026: Noticias, Eventos, Conciertos y mucho m\u00e1s....\" \/>\n<meta property=\"og:description\" content=\"El evento reunir\u00e1 a empresas, expertos y actores del sector energ\u00e9tico para analizar el crecimiento de la energ\u00eda solar y las oportunidades de inversi\u00f3n en el pa\u00eds. Ecuador, marzo 2026.- En un contexto marcado por desaf\u00edos en el abastecimiento el\u00e9ctrico y la necesidad de diversificar la matriz energ\u00e9tica, Guayaquil ser\u00e1 sede de la segunda edici\u00f3n [&hellip;]\" \/>\n<meta property=\"og:url\" content=\"https:\/\/www.quebakan.com\/v15\/guayaquil-acogera-exposun-2026-el-encuentro-clave-para-debatir-el-futuro-energetico-de-ecuador\/\" \/>\n<meta property=\"og:site_name\" content=\"QUEBAKAN.COM 2026: Noticias, Eventos, Conciertos y mucho m\u00e1s....\" \/>\n<meta property=\"article:publisher\" content=\"http:\/\/www.facebook.com\/quebakan\" \/>\n<meta property=\"article:published_time\" content=\"2026-03-17T00:42:03+00:00\" \/>\n<meta property=\"og:image\" content=\"https:\/\/www.quebakan.com\/v15\/wp-content\/uploads\/2026\/03\/Expo-Sun-2.jpg\" \/>\n\t<meta property=\"og:image:width\" content=\"700\" \/>\n\t<meta property=\"og:image:height\" content=\"700\" \/>\n\t<meta property=\"og:image:type\" content=\"image\/jpeg\" \/>\n<meta name=\"author\" content=\"Erick Villafuerte\" \/>\n<meta name=\"twitter:card\" content=\"summary_large_image\" \/>\n<meta name=\"twitter:creator\" content=\"@quebakanec\" \/>\n<meta name=\"twitter:site\" content=\"@quebakanec\" \/>\n<meta name=\"twitter:label1\" content=\"Escrito por\" \/>\n\t<meta name=\"twitter:data1\" content=\"Erick Villafuerte\" \/>\n\t<meta name=\"twitter:label2\" content=\"Tiempo de lectura\" \/>\n\t<meta name=\"twitter:data2\" content=\"4 minutos\" \/>\n<script type=\"application\/ld+json\" class=\"yoast-schema-graph\">{\"@context\":\"https:\\\/\\\/schema.org\",\"@graph\":[{\"@type\":\"Article\",\"@id\":\"https:\\\/\\\/www.quebakan.com\\\/v15\\\/guayaquil-acogera-exposun-2026-el-encuentro-clave-para-debatir-el-futuro-energetico-de-ecuador\\\/#article\",\"isPartOf\":{\"@id\":\"https:\\\/\\\/www.quebakan.com\\\/v15\\\/guayaquil-acogera-exposun-2026-el-encuentro-clave-para-debatir-el-futuro-energetico-de-ecuador\\\/\"},\"author\":{\"name\":\"Erick Villafuerte\",\"@id\":\"https:\\\/\\\/www.quebakan.com\\\/v15\\\/#\\\/schema\\\/person\\\/d90fa9f9cfa81eb8ace9811e5b7b9118\"},\"headline\":\"Guayaquil acoger\u00e1 ExpoSun 2026, el encuentro clave para debatir el futuro energ\u00e9tico de Ecuador\",\"datePublished\":\"2026-03-17T00:42:03+00:00\",\"mainEntityOfPage\":{\"@id\":\"https:\\\/\\\/www.quebakan.com\\\/v15\\\/guayaquil-acogera-exposun-2026-el-encuentro-clave-para-debatir-el-futuro-energetico-de-ecuador\\\/\"},\"wordCount\":877,\"publisher\":{\"@id\":\"https:\\\/\\\/www.quebakan.com\\\/v15\\\/#organization\"},\"image\":{\"@id\":\"https:\\\/\\\/www.quebakan.com\\\/v15\\\/guayaquil-acogera-exposun-2026-el-encuentro-clave-para-debatir-el-futuro-energetico-de-ecuador\\\/#primaryimage\"},\"thumbnailUrl\":\"https:\\\/\\\/www.quebakan.com\\\/v15\\\/wp-content\\\/uploads\\\/2026\\\/03\\\/Expo-Sun-2.jpg\",\"articleSection\":[\"Noticias\"],\"inLanguage\":\"es\"},{\"@type\":\"WebPage\",\"@id\":\"https:\\\/\\\/www.quebakan.com\\\/v15\\\/guayaquil-acogera-exposun-2026-el-encuentro-clave-para-debatir-el-futuro-energetico-de-ecuador\\\/\",\"url\":\"https:\\\/\\\/www.quebakan.com\\\/v15\\\/guayaquil-acogera-exposun-2026-el-encuentro-clave-para-debatir-el-futuro-energetico-de-ecuador\\\/\",\"name\":\"Guayaquil acoger\u00e1 ExpoSun 2026, el encuentro clave para debatir el futuro energ\u00e9tico de Ecuador &#8211; QUEBAKAN.COM 2026: Noticias, Eventos, Conciertos y mucho m\u00e1s....\",\"isPartOf\":{\"@id\":\"https:\\\/\\\/www.quebakan.com\\\/v15\\\/#website\"},\"primaryImageOfPage\":{\"@id\":\"https:\\\/\\\/www.quebakan.com\\\/v15\\\/guayaquil-acogera-exposun-2026-el-encuentro-clave-para-debatir-el-futuro-energetico-de-ecuador\\\/#primaryimage\"},\"image\":{\"@id\":\"https:\\\/\\\/www.quebakan.com\\\/v15\\\/guayaquil-acogera-exposun-2026-el-encuentro-clave-para-debatir-el-futuro-energetico-de-ecuador\\\/#primaryimage\"},\"thumbnailUrl\":\"https:\\\/\\\/www.quebakan.com\\\/v15\\\/wp-content\\\/uploads\\\/2026\\\/03\\\/Expo-Sun-2.jpg\",\"datePublished\":\"2026-03-17T00:42:03+00:00\",\"breadcrumb\":{\"@id\":\"https:\\\/\\\/www.quebakan.com\\\/v15\\\/guayaquil-acogera-exposun-2026-el-encuentro-clave-para-debatir-el-futuro-energetico-de-ecuador\\\/#breadcrumb\"},\"inLanguage\":\"es\",\"potentialAction\":[{\"@type\":\"ReadAction\",\"target\":[\"https:\\\/\\\/www.quebakan.com\\\/v15\\\/guayaquil-acogera-exposun-2026-el-encuentro-clave-para-debatir-el-futuro-energetico-de-ecuador\\\/\"]}]},{\"@type\":\"ImageObject\",\"inLanguage\":\"es\",\"@id\":\"https:\\\/\\\/www.quebakan.com\\\/v15\\\/guayaquil-acogera-exposun-2026-el-encuentro-clave-para-debatir-el-futuro-energetico-de-ecuador\\\/#primaryimage\",\"url\":\"https:\\\/\\\/www.quebakan.com\\\/v15\\\/wp-content\\\/uploads\\\/2026\\\/03\\\/Expo-Sun-2.jpg\",\"contentUrl\":\"https:\\\/\\\/www.quebakan.com\\\/v15\\\/wp-content\\\/uploads\\\/2026\\\/03\\\/Expo-Sun-2.jpg\",\"width\":700,\"height\":700},{\"@type\":\"BreadcrumbList\",\"@id\":\"https:\\\/\\\/www.quebakan.com\\\/v15\\\/guayaquil-acogera-exposun-2026-el-encuentro-clave-para-debatir-el-futuro-energetico-de-ecuador\\\/#breadcrumb\",\"itemListElement\":[{\"@type\":\"ListItem\",\"position\":1,\"name\":\"Portada\",\"item\":\"https:\\\/\\\/www.quebakan.com\\\/v15\\\/\"},{\"@type\":\"ListItem\",\"position\":2,\"name\":\"Guayaquil acoger\u00e1 ExpoSun 2026, el encuentro clave para debatir el futuro energ\u00e9tico de Ecuador\"}]},{\"@type\":\"WebSite\",\"@id\":\"https:\\\/\\\/www.quebakan.com\\\/v15\\\/#website\",\"url\":\"https:\\\/\\\/www.quebakan.com\\\/v15\\\/\",\"name\":\"QUEBAKAN\",\"description\":\"..\",\"publisher\":{\"@id\":\"https:\\\/\\\/www.quebakan.com\\\/v15\\\/#organization\"},\"potentialAction\":[{\"@type\":\"SearchAction\",\"target\":{\"@type\":\"EntryPoint\",\"urlTemplate\":\"https:\\\/\\\/www.quebakan.com\\\/v15\\\/?s={search_term_string}\"},\"query-input\":{\"@type\":\"PropertyValueSpecification\",\"valueRequired\":true,\"valueName\":\"search_term_string\"}}],\"inLanguage\":\"es\"},{\"@type\":\"Organization\",\"@id\":\"https:\\\/\\\/www.quebakan.com\\\/v15\\\/#organization\",\"name\":\"Quebakan.com\",\"url\":\"https:\\\/\\\/www.quebakan.com\\\/v15\\\/\",\"logo\":{\"@type\":\"ImageObject\",\"inLanguage\":\"es\",\"@id\":\"https:\\\/\\\/www.quebakan.com\\\/v15\\\/#\\\/schema\\\/logo\\\/image\\\/\",\"url\":\"https:\\\/\\\/www.quebakan.com\\\/v15\\\/wp-content\\\/uploads\\\/2023\\\/07\\\/logoquebakanenero2021.jpg\",\"contentUrl\":\"https:\\\/\\\/www.quebakan.com\\\/v15\\\/wp-content\\\/uploads\\\/2023\\\/07\\\/logoquebakanenero2021.jpg\",\"width\":1920,\"height\":1080,\"caption\":\"Quebakan.com\"},\"image\":{\"@id\":\"https:\\\/\\\/www.quebakan.com\\\/v15\\\/#\\\/schema\\\/logo\\\/image\\\/\"},\"sameAs\":[\"http:\\\/\\\/www.facebook.com\\\/quebakan\",\"https:\\\/\\\/x.com\\\/quebakanec\",\"http:\\\/\\\/www.instagram.com\\\/quebakan\",\"http:\\\/\\\/www.youtube.com\\\/quebakan1\"]},{\"@type\":\"Person\",\"@id\":\"https:\\\/\\\/www.quebakan.com\\\/v15\\\/#\\\/schema\\\/person\\\/d90fa9f9cfa81eb8ace9811e5b7b9118\",\"name\":\"Erick Villafuerte\",\"image\":{\"@type\":\"ImageObject\",\"inLanguage\":\"es\",\"@id\":\"https:\\\/\\\/www.quebakan.com\\\/v15\\\/wp-content\\\/uploads\\\/avatars\\\/4\\\/1731297654-bpfull.png\",\"url\":\"https:\\\/\\\/www.quebakan.com\\\/v15\\\/wp-content\\\/uploads\\\/avatars\\\/4\\\/1731297654-bpfull.png\",\"contentUrl\":\"https:\\\/\\\/www.quebakan.com\\\/v15\\\/wp-content\\\/uploads\\\/avatars\\\/4\\\/1731297654-bpfull.png\",\"caption\":\"Erick Villafuerte\"}}]}<\/script>\n<!-- \/ Yoast SEO plugin. -->","yoast_head_json":{"title":"Guayaquil acoger\u00e1 ExpoSun 2026, el encuentro clave para debatir el futuro energ\u00e9tico de Ecuador &#8211; QUEBAKAN.COM 2026: Noticias, Eventos, Conciertos y mucho m\u00e1s....","robots":{"index":"index","follow":"follow","max-snippet":"max-snippet:-1","max-image-preview":"max-image-preview:large","max-video-preview":"max-video-preview:-1"},"canonical":"https:\/\/www.quebakan.com\/v15\/guayaquil-acogera-exposun-2026-el-encuentro-clave-para-debatir-el-futuro-energetico-de-ecuador\/","og_locale":"es_ES","og_type":"article","og_title":"Guayaquil acoger\u00e1 ExpoSun 2026, el encuentro clave para debatir el futuro energ\u00e9tico de Ecuador &#8211; QUEBAKAN.COM 2026: Noticias, Eventos, Conciertos y mucho m\u00e1s....","og_description":"El evento reunir\u00e1 a empresas, expertos y actores del sector energ\u00e9tico para analizar el crecimiento de la energ\u00eda solar y las oportunidades de inversi\u00f3n en el pa\u00eds. Ecuador, marzo 2026.- En un contexto marcado por desaf\u00edos en el abastecimiento el\u00e9ctrico y la necesidad de diversificar la matriz energ\u00e9tica, Guayaquil ser\u00e1 sede de la segunda edici\u00f3n [&hellip;]","og_url":"https:\/\/www.quebakan.com\/v15\/guayaquil-acogera-exposun-2026-el-encuentro-clave-para-debatir-el-futuro-energetico-de-ecuador\/","og_site_name":"QUEBAKAN.COM 2026: Noticias, Eventos, Conciertos y mucho m\u00e1s....","article_publisher":"http:\/\/www.facebook.com\/quebakan","article_published_time":"2026-03-17T00:42:03+00:00","og_image":[{"width":700,"height":700,"url":"https:\/\/www.quebakan.com\/v15\/wp-content\/uploads\/2026\/03\/Expo-Sun-2.jpg","type":"image\/jpeg"}],"author":"Erick Villafuerte","twitter_card":"summary_large_image","twitter_creator":"@quebakanec","twitter_site":"@quebakanec","twitter_misc":{"Escrito por":"Erick Villafuerte","Tiempo de lectura":"4 minutos"},"schema":{"@context":"https:\/\/schema.org","@graph":[{"@type":"Article","@id":"https:\/\/www.quebakan.com\/v15\/guayaquil-acogera-exposun-2026-el-encuentro-clave-para-debatir-el-futuro-energetico-de-ecuador\/#article","isPartOf":{"@id":"https:\/\/www.quebakan.com\/v15\/guayaquil-acogera-exposun-2026-el-encuentro-clave-para-debatir-el-futuro-energetico-de-ecuador\/"},"author":{"name":"Erick Villafuerte","@id":"https:\/\/www.quebakan.com\/v15\/#\/schema\/person\/d90fa9f9cfa81eb8ace9811e5b7b9118"},"headline":"Guayaquil acoger\u00e1 ExpoSun 2026, el encuentro clave para debatir el futuro energ\u00e9tico de Ecuador","datePublished":"2026-03-17T00:42:03+00:00","mainEntityOfPage":{"@id":"https:\/\/www.quebakan.com\/v15\/guayaquil-acogera-exposun-2026-el-encuentro-clave-para-debatir-el-futuro-energetico-de-ecuador\/"},"wordCount":877,"publisher":{"@id":"https:\/\/www.quebakan.com\/v15\/#organization"},"image":{"@id":"https:\/\/www.quebakan.com\/v15\/guayaquil-acogera-exposun-2026-el-encuentro-clave-para-debatir-el-futuro-energetico-de-ecuador\/#primaryimage"},"thumbnailUrl":"https:\/\/www.quebakan.com\/v15\/wp-content\/uploads\/2026\/03\/Expo-Sun-2.jpg","articleSection":["Noticias"],"inLanguage":"es"},{"@type":"WebPage","@id":"https:\/\/www.quebakan.com\/v15\/guayaquil-acogera-exposun-2026-el-encuentro-clave-para-debatir-el-futuro-energetico-de-ecuador\/","url":"https:\/\/www.quebakan.com\/v15\/guayaquil-acogera-exposun-2026-el-encuentro-clave-para-debatir-el-futuro-energetico-de-ecuador\/","name":"Guayaquil acoger\u00e1 ExpoSun 2026, el encuentro clave para debatir el futuro energ\u00e9tico de Ecuador &#8211; QUEBAKAN.COM 2026: Noticias, Eventos, Conciertos y mucho m\u00e1s....","isPartOf":{"@id":"https:\/\/www.quebakan.com\/v15\/#website"},"primaryImageOfPage":{"@id":"https:\/\/www.quebakan.com\/v15\/guayaquil-acogera-exposun-2026-el-encuentro-clave-para-debatir-el-futuro-energetico-de-ecuador\/#primaryimage"},"image":{"@id":"https:\/\/www.quebakan.com\/v15\/guayaquil-acogera-exposun-2026-el-encuentro-clave-para-debatir-el-futuro-energetico-de-ecuador\/#primaryimage"},"thumbnailUrl":"https:\/\/www.quebakan.com\/v15\/wp-content\/uploads\/2026\/03\/Expo-Sun-2.jpg","datePublished":"2026-03-17T00:42:03+00:00","breadcrumb":{"@id":"https:\/\/www.quebakan.com\/v15\/guayaquil-acogera-exposun-2026-el-encuentro-clave-para-debatir-el-futuro-energetico-de-ecuador\/#breadcrumb"},"inLanguage":"es","potentialAction":[{"@type":"ReadAction","target":["https:\/\/www.quebakan.com\/v15\/guayaquil-acogera-exposun-2026-el-encuentro-clave-para-debatir-el-futuro-energetico-de-ecuador\/"]}]},{"@type":"ImageObject","inLanguage":"es","@id":"https:\/\/www.quebakan.com\/v15\/guayaquil-acogera-exposun-2026-el-encuentro-clave-para-debatir-el-futuro-energetico-de-ecuador\/#primaryimage","url":"https:\/\/www.quebakan.com\/v15\/wp-content\/uploads\/2026\/03\/Expo-Sun-2.jpg","contentUrl":"https:\/\/www.quebakan.com\/v15\/wp-content\/uploads\/2026\/03\/Expo-Sun-2.jpg","width":700,"height":700},{"@type":"BreadcrumbList","@id":"https:\/\/www.quebakan.com\/v15\/guayaquil-acogera-exposun-2026-el-encuentro-clave-para-debatir-el-futuro-energetico-de-ecuador\/#breadcrumb","itemListElement":[{"@type":"ListItem","position":1,"name":"Portada","item":"https:\/\/www.quebakan.com\/v15\/"},{"@type":"ListItem","position":2,"name":"Guayaquil acoger\u00e1 ExpoSun 2026, el encuentro clave para debatir el futuro energ\u00e9tico de Ecuador"}]},{"@type":"WebSite","@id":"https:\/\/www.quebakan.com\/v15\/#website","url":"https:\/\/www.quebakan.com\/v15\/","name":"QUEBAKAN","description":"..","publisher":{"@id":"https:\/\/www.quebakan.com\/v15\/#organization"},"potentialAction":[{"@type":"SearchAction","target":{"@type":"EntryPoint","urlTemplate":"https:\/\/www.quebakan.com\/v15\/?s={search_term_string}"},"query-input":{"@type":"PropertyValueSpecification","valueRequired":true,"valueName":"search_term_string"}}],"inLanguage":"es"},{"@type":"Organization","@id":"https:\/\/www.quebakan.com\/v15\/#organization","name":"Quebakan.com","url":"https:\/\/www.quebakan.com\/v15\/","logo":{"@type":"ImageObject","inLanguage":"es","@id":"https:\/\/www.quebakan.com\/v15\/#\/schema\/logo\/image\/","url":"https:\/\/www.quebakan.com\/v15\/wp-content\/uploads\/2023\/07\/logoquebakanenero2021.jpg","contentUrl":"https:\/\/www.quebakan.com\/v15\/wp-content\/uploads\/2023\/07\/logoquebakanenero2021.jpg","width":1920,"height":1080,"caption":"Quebakan.com"},"image":{"@id":"https:\/\/www.quebakan.com\/v15\/#\/schema\/logo\/image\/"},"sameAs":["http:\/\/www.facebook.com\/quebakan","https:\/\/x.com\/quebakanec","http:\/\/www.instagram.com\/quebakan","http:\/\/www.youtube.com\/quebakan1"]},{"@type":"Person","@id":"https:\/\/www.quebakan.com\/v15\/#\/schema\/person\/d90fa9f9cfa81eb8ace9811e5b7b9118","name":"Erick Villafuerte","image":{"@type":"ImageObject","inLanguage":"es","@id":"https:\/\/www.quebakan.com\/v15\/wp-content\/uploads\/avatars\/4\/1731297654-bpfull.png","url":"https:\/\/www.quebakan.com\/v15\/wp-content\/uploads\/avatars\/4\/1731297654-bpfull.png","contentUrl":"https:\/\/www.quebakan.com\/v15\/wp-content\/uploads\/avatars\/4\/1731297654-bpfull.png","caption":"Erick Villafuerte"}}]}},"_links":{"self":[{"href":"https:\/\/www.quebakan.com\/v15\/wp-json\/wp\/v2\/posts\/140823","targetHints":{"allow":["GET"]}}],"collection":[{"href":"https:\/\/www.quebakan.com\/v15\/wp-json\/wp\/v2\/posts"}],"about":[{"href":"https:\/\/www.quebakan.com\/v15\/wp-json\/wp\/v2\/types\/post"}],"author":[{"embeddable":true,"href":"https:\/\/www.quebakan.com\/v15\/wp-json\/wp\/v2\/users\/4"}],"replies":[{"embeddable":true,"href":"https:\/\/www.quebakan.com\/v15\/wp-json\/wp\/v2\/comments?post=140823"}],"version-history":[{"count":1,"href":"https:\/\/www.quebakan.com\/v15\/wp-json\/wp\/v2\/posts\/140823\/revisions"}],"predecessor-version":[{"id":140825,"href":"https:\/\/www.quebakan.com\/v15\/wp-json\/wp\/v2\/posts\/140823\/revisions\/140825"}],"wp:featuredmedia":[{"embeddable":true,"href":"https:\/\/www.quebakan.com\/v15\/wp-json\/wp\/v2\/media\/140824"}],"wp:attachment":[{"href":"https:\/\/www.quebakan.com\/v15\/wp-json\/wp\/v2\/media?parent=140823"}],"wp:term":[{"taxonomy":"category","embeddable":true,"href":"https:\/\/www.quebakan.com\/v15\/wp-json\/wp\/v2\/categories?post=140823"},{"taxonomy":"post_tag","embeddable":true,"href":"https:\/\/www.quebakan.com\/v15\/wp-json\/wp\/v2\/tags?post=140823"}],"curies":[{"name":"wp","href":"https:\/\/api.w.org\/{rel}","templated":true}]}}