{"id":141912,"date":"2026-04-25T19:14:20","date_gmt":"2026-04-26T00:14:20","guid":{"rendered":"https:\/\/www.quebakan.com\/v15\/?p=141912"},"modified":"2026-04-25T19:14:20","modified_gmt":"2026-04-26T00:14:20","slug":"el-banano-ecuatoriano-se-reinventa-innovacion-marca-el-futuro-del-principal-producto-de-exportacion","status":"publish","type":"post","link":"https:\/\/www.quebakan.com\/v15\/el-banano-ecuatoriano-se-reinventa-innovacion-marca-el-futuro-del-principal-producto-de-exportacion\/","title":{"rendered":"El banano ecuatoriano se reinventa: innovaci\u00f3n marca el futuro del principal producto de exportaci\u00f3n"},"content":{"rendered":"<p><img fetchpriority=\"high\" decoding=\"async\" class=\"aligncenter size-full wp-image-141913\" src=\"https:\/\/www.quebakan.com\/v15\/wp-content\/uploads\/2026\/04\/Banano.jpg\" alt=\"\" width=\"700\" height=\"323\" \/><\/p>\n<p style=\"text-align: justify;\"><span style=\"color: #000000;\"><strong>Quito, abril de 2026.-<\/strong> En el marco del Mes del Banano, el sector bananero ecuatoriano reafirma su papel como uno de los pilares de la econom\u00eda nacional y un referente global en exportaci\u00f3n, impulsado cada vez m\u00e1s por la innovaci\u00f3n agr\u00edcola, la sostenibilidad y el uso de tecnolog\u00eda avanzada.<\/span><\/p>\n<p style=\"text-align: justify;\"><span style=\"color: #000000;\">El banano no solo es uno de los principales productos de exportaci\u00f3n no petrolera del pa\u00eds, sino tambi\u00e9n una fuente clave de empleo, desarrollo rural y dinamizaci\u00f3n de cadenas productivas que benefician a miles de familias ecuatorianas. En este contexto, compa\u00f1\u00edas como BASF destacan la importancia de potenciar el cultivo mediante soluciones basadas en ciencia y tecnolog\u00eda.<\/span><\/p>\n<p style=\"text-align: justify;\"><span style=\"color: #000000;\"><strong><u>Ecuador, l\u00edder mundial con desaf\u00edos crecientes<\/u><\/strong><\/span><\/p>\n<p style=\"text-align: justify;\"><span style=\"color: #000000;\">Ecuador mantiene su posici\u00f3n como el principal exportador de banano a nivel mundial, abasteciendo de manera constante a mercados como la Uni\u00f3n Europea, Estados Unidos, Rusia, Medio Oriente y Asia. Este liderazgo implica enfrentar crecientes exigencias internacionales en materia de trazabilidad, sostenibilidad, inocuidad y responsabilidad social.<\/span><\/p>\n<p style=\"text-align: justify;\"><span style=\"color: #000000;\">A esto se suman desaf\u00edos estructurales como el control de enfermedades \u2014especialmente la Sigatoka\u2014, la presi\u00f3n de plagas, el aumento de costos de producci\u00f3n y los efectos del cambio clim\u00e1tico, que han incrementado la incertidumbre en la planificaci\u00f3n agr\u00edcola.<\/span><\/p>\n<p style=\"text-align: justify;\"><span style=\"color: #000000;\"><em>\u201cEl banano es mucho m\u00e1s que un producto de exportaci\u00f3n; representa tradici\u00f3n, y experiencia productiva, calidad, una cadena de abastecimiento y log\u00edstica s\u00f3lida, y la alianza de diferentes actores que comparten una misma pasi\u00f3n. El banano es motor de desarrollo para el pa\u00eds y fuente de orgullo para el pueblo ecuatoriano. Hoy, mantener el liderazgo global de Ecuador depende de la capacidad del sector para adaptarse a los desaf\u00edos, innovar y seguir elevando sus est\u00e1ndares de producci\u00f3n de forma sostenible, cuidando del privilegio agroclim\u00e1tico con el que cuenta\u201d<\/em>, se\u00f1al\u00f3 Stephanie Valquinta, Country Manager de BASF Ecuatoriana.<\/span><\/p>\n<p style=\"text-align: justify;\"><span style=\"color: #000000;\"><strong><u>Innovaci\u00f3n agr\u00edcola: clave para la competitividad<\/u><\/strong><\/span><\/p>\n<p style=\"text-align: justify;\"><span style=\"color: #000000;\">Frente a este escenario, la innovaci\u00f3n agr\u00edcola se posiciona como un factor determinante para la sostenibilidad y competitividad del sector. Hoy, el concepto va m\u00e1s all\u00e1 del uso de insumos, integrando tecnolog\u00eda digital, soluciones productivas de calidad, monitoreo en tiempo real, an\u00e1lisis de datos y acompa\u00f1amiento t\u00e9cnico especializado.<\/span><\/p>\n<p style=\"text-align: justify;\"><span style=\"color: #000000;\">Entre las principales herramientas que est\u00e1n transformando la producci\u00f3n bananera destacan el uso de drones, la agricultura digital, el manejo integrado de plagas y las soluciones fitosanitarias m\u00e1s eficientes. Estas tecnolog\u00edas permiten anticiparse a riesgos, reducir p\u00e9rdidas, optimizar recursos y mejorar la productividad por hect\u00e1rea.<\/span><\/p>\n<p style=\"text-align: justify;\"><span style=\"color: #000000;\"><strong><u>Sostenibilidad: una condici\u00f3n para acceder a mercados<\/u><\/strong><\/span><\/p>\n<p style=\"text-align: justify;\"><span style=\"color: #000000;\">El cultivo de banano en Ecuador avanza hacia modelos m\u00e1s sostenibles, con pr\u00e1cticas que priorizan el cuidado del suelo, el uso eficiente del agua y la reducci\u00f3n del impacto ambiental.<\/span><\/p>\n<p style=\"text-align: justify;\"><span style=\"color: #000000;\">La adopci\u00f3n de mejores pr\u00e1cticas agr\u00edcolas, el manejo responsable de insumos y residuos, y la optimizaci\u00f3n de recursos son ahora requisitos indispensables para mantener el acceso a mercados internacionales cada vez m\u00e1s exigentes.<\/span><\/p>\n<p style=\"text-align: justify;\"><span style=\"color: #000000;\">En este proceso de transformaci\u00f3n, BASF juega un rol estrat\u00e9gico como aliado del sector, ofreciendo un portafolio integral de soluciones que combina investigaci\u00f3n cient\u00edfica, tecnolog\u00eda y acompa\u00f1amiento en campo.<\/span><\/p>\n<p style=\"text-align: justify;\"><span style=\"color: #000000;\">Entre sus principales aportes se encuentran soluciones fitosanitarias como Vitelyum\u00ae y Corbel\u00ae, programas de manejo integrado para el control de Sigatoka, herramientas como Swing\u00ae Pro para rotaci\u00f3n de ingredientes activos, y bioestimulantes de origen natural como Kelpak\u00ae. Adem\u00e1s, la compa\u00f1\u00eda impulsa plataformas digitales como el Showroom 360\u00b0 de Banano de BASF, que permite mostrar de manera interactiva sus soluciones, tecnolog\u00edas y buenas pr\u00e1cticas de manejo del cultivo, capacitaci\u00f3n t\u00e9cnica continua y el uso de tecnolog\u00edas como drones para fortalecer la toma de decisiones en campo.<\/span><\/p>\n<p style=\"text-align: justify;\"><span style=\"color: #000000;\"><strong><u>Cambio clim\u00e1tico y futuro del sector<\/u><\/strong><\/span><\/p>\n<p style=\"text-align: justify;\"><span style=\"color: #000000;\">El cambio clim\u00e1tico es uno de los mayores retos para la producci\u00f3n bananera, incrementando la presi\u00f3n de enfermedades y la frecuencia de eventos extremos.<\/span><\/p>\n<p style=\"text-align: justify;\"><span style=\"color: #000000;\">Ante este panorama, la adopci\u00f3n de agricultura de precisi\u00f3n, monitoreo constante y soluciones innovadoras resulta clave para mitigar impactos y asegurar la continuidad del sector. \u201c<em>La innovaci\u00f3n agr\u00edcola ya no es una opci\u00f3n, es una necesidad. Integrar ciencia, tecnolog\u00eda y capacitaci\u00f3n permite a los productores no solo mejorar su productividad, sino tambi\u00e9n avanzar hacia una agricultura m\u00e1s sostenible y resiliente frente al cambio clim\u00e1tico<\/em>. <em>El banano es un pilar estrat\u00e9gico para el pa\u00eds y para nuestra compa\u00f1\u00eda, por ello los productores pueden contar con BASF como un aliado en este camino\u201d<\/em>, agreg\u00f3 Stephanie Valquinta de BASF.<\/span><\/p>\n<p style=\"text-align: justify;\"><span style=\"color: #000000;\">En el Mes del Banano, BASF reafirma su compromiso con el desarrollo del sector bananero ecuatoriano, promoviendo la innovaci\u00f3n, la ciencia y la capacitaci\u00f3n como pilares fundamentales para construir una agricultura m\u00e1s productiva, sostenible y preparada para los desaf\u00edos del futuro.<\/span><\/p>\n","protected":false},"excerpt":{"rendered":"<p>Quito, abril de 2026.- En el marco del Mes del Banano, el sector bananero ecuatoriano reafirma su papel como uno de los pilares de la econom\u00eda nacional y un referente global en exportaci\u00f3n, impulsado cada vez m\u00e1s por la innovaci\u00f3n agr\u00edcola, la sostenibilidad y el uso de tecnolog\u00eda avanzada. El banano no solo es uno [&hellip;]<\/p>\n","protected":false},"author":4,"featured_media":141913,"comment_status":"closed","ping_status":"closed","sticky":false,"template":"","format":"standard","meta":{"_bbp_topic_count":0,"_bbp_reply_count":0,"_bbp_total_topic_count":0,"_bbp_total_reply_count":0,"_bbp_voice_count":0,"_bbp_anonymous_reply_count":0,"_bbp_topic_count_hidden":0,"_bbp_reply_count_hidden":0,"_bbp_forum_subforum_count":0,"buzzeditor_post_format":"","footnotes":""},"categories":[2],"tags":[],"class_list":["post-141912","post","type-post","status-publish","format-standard","has-post-thumbnail","hentry","category-noticias"],"yoast_head":"<!-- This site is optimized with the Yoast SEO plugin v27.5 - https:\/\/yoast.com\/product\/yoast-seo-wordpress\/ -->\n<title>El banano ecuatoriano se reinventa: innovaci\u00f3n marca el futuro del principal producto de exportaci\u00f3n &#8211; QUEBAKAN.COM 2026: Noticias, Eventos, Conciertos y mucho m\u00e1s....<\/title>\n<meta name=\"robots\" content=\"index, follow, max-snippet:-1, max-image-preview:large, max-video-preview:-1\" \/>\n<link rel=\"canonical\" href=\"https:\/\/www.quebakan.com\/v15\/el-banano-ecuatoriano-se-reinventa-innovacion-marca-el-futuro-del-principal-producto-de-exportacion\/\" \/>\n<meta property=\"og:locale\" content=\"es_ES\" \/>\n<meta property=\"og:type\" content=\"article\" \/>\n<meta property=\"og:title\" content=\"El banano ecuatoriano se reinventa: innovaci\u00f3n marca el futuro del principal producto de exportaci\u00f3n &#8211; QUEBAKAN.COM 2026: Noticias, Eventos, Conciertos y mucho m\u00e1s....\" \/>\n<meta property=\"og:description\" content=\"Quito, abril de 2026.- En el marco del Mes del Banano, el sector bananero ecuatoriano reafirma su papel como uno de los pilares de la econom\u00eda nacional y un referente global en exportaci\u00f3n, impulsado cada vez m\u00e1s por la innovaci\u00f3n agr\u00edcola, la sostenibilidad y el uso de tecnolog\u00eda avanzada. El banano no solo es uno [&hellip;]\" \/>\n<meta property=\"og:url\" content=\"https:\/\/www.quebakan.com\/v15\/el-banano-ecuatoriano-se-reinventa-innovacion-marca-el-futuro-del-principal-producto-de-exportacion\/\" \/>\n<meta property=\"og:site_name\" content=\"QUEBAKAN.COM 2026: Noticias, Eventos, Conciertos y mucho m\u00e1s....\" \/>\n<meta property=\"article:publisher\" content=\"http:\/\/www.facebook.com\/quebakan\" \/>\n<meta property=\"article:published_time\" content=\"2026-04-26T00:14:20+00:00\" \/>\n<meta property=\"og:image\" content=\"https:\/\/www.quebakan.com\/v15\/wp-content\/uploads\/2026\/04\/Banano.jpg\" \/>\n\t<meta property=\"og:image:width\" content=\"700\" \/>\n\t<meta property=\"og:image:height\" content=\"323\" \/>\n\t<meta property=\"og:image:type\" content=\"image\/jpeg\" \/>\n<meta name=\"author\" content=\"Erick Villafuerte\" \/>\n<meta name=\"twitter:card\" content=\"summary_large_image\" \/>\n<meta name=\"twitter:creator\" content=\"@quebakanec\" \/>\n<meta name=\"twitter:site\" content=\"@quebakanec\" \/>\n<meta name=\"twitter:label1\" content=\"Escrito por\" \/>\n\t<meta name=\"twitter:data1\" content=\"Erick Villafuerte\" \/>\n\t<meta name=\"twitter:label2\" content=\"Tiempo de lectura\" \/>\n\t<meta name=\"twitter:data2\" content=\"4 minutos\" \/>\n<script type=\"application\/ld+json\" class=\"yoast-schema-graph\">{\"@context\":\"https:\\\/\\\/schema.org\",\"@graph\":[{\"@type\":\"Article\",\"@id\":\"https:\\\/\\\/www.quebakan.com\\\/v15\\\/el-banano-ecuatoriano-se-reinventa-innovacion-marca-el-futuro-del-principal-producto-de-exportacion\\\/#article\",\"isPartOf\":{\"@id\":\"https:\\\/\\\/www.quebakan.com\\\/v15\\\/el-banano-ecuatoriano-se-reinventa-innovacion-marca-el-futuro-del-principal-producto-de-exportacion\\\/\"},\"author\":{\"name\":\"Erick Villafuerte\",\"@id\":\"https:\\\/\\\/www.quebakan.com\\\/v15\\\/#\\\/schema\\\/person\\\/d90fa9f9cfa81eb8ace9811e5b7b9118\"},\"headline\":\"El banano ecuatoriano se reinventa: innovaci\u00f3n marca el futuro del principal producto de exportaci\u00f3n\",\"datePublished\":\"2026-04-26T00:14:20+00:00\",\"mainEntityOfPage\":{\"@id\":\"https:\\\/\\\/www.quebakan.com\\\/v15\\\/el-banano-ecuatoriano-se-reinventa-innovacion-marca-el-futuro-del-principal-producto-de-exportacion\\\/\"},\"wordCount\":851,\"publisher\":{\"@id\":\"https:\\\/\\\/www.quebakan.com\\\/v15\\\/#organization\"},\"image\":{\"@id\":\"https:\\\/\\\/www.quebakan.com\\\/v15\\\/el-banano-ecuatoriano-se-reinventa-innovacion-marca-el-futuro-del-principal-producto-de-exportacion\\\/#primaryimage\"},\"thumbnailUrl\":\"https:\\\/\\\/www.quebakan.com\\\/v15\\\/wp-content\\\/uploads\\\/2026\\\/04\\\/Banano.jpg\",\"articleSection\":[\"Noticias\"],\"inLanguage\":\"es\"},{\"@type\":\"WebPage\",\"@id\":\"https:\\\/\\\/www.quebakan.com\\\/v15\\\/el-banano-ecuatoriano-se-reinventa-innovacion-marca-el-futuro-del-principal-producto-de-exportacion\\\/\",\"url\":\"https:\\\/\\\/www.quebakan.com\\\/v15\\\/el-banano-ecuatoriano-se-reinventa-innovacion-marca-el-futuro-del-principal-producto-de-exportacion\\\/\",\"name\":\"El banano ecuatoriano se reinventa: innovaci\u00f3n marca el futuro del principal producto de exportaci\u00f3n &#8211; QUEBAKAN.COM 2026: Noticias, Eventos, Conciertos y mucho m\u00e1s....\",\"isPartOf\":{\"@id\":\"https:\\\/\\\/www.quebakan.com\\\/v15\\\/#website\"},\"primaryImageOfPage\":{\"@id\":\"https:\\\/\\\/www.quebakan.com\\\/v15\\\/el-banano-ecuatoriano-se-reinventa-innovacion-marca-el-futuro-del-principal-producto-de-exportacion\\\/#primaryimage\"},\"image\":{\"@id\":\"https:\\\/\\\/www.quebakan.com\\\/v15\\\/el-banano-ecuatoriano-se-reinventa-innovacion-marca-el-futuro-del-principal-producto-de-exportacion\\\/#primaryimage\"},\"thumbnailUrl\":\"https:\\\/\\\/www.quebakan.com\\\/v15\\\/wp-content\\\/uploads\\\/2026\\\/04\\\/Banano.jpg\",\"datePublished\":\"2026-04-26T00:14:20+00:00\",\"breadcrumb\":{\"@id\":\"https:\\\/\\\/www.quebakan.com\\\/v15\\\/el-banano-ecuatoriano-se-reinventa-innovacion-marca-el-futuro-del-principal-producto-de-exportacion\\\/#breadcrumb\"},\"inLanguage\":\"es\",\"potentialAction\":[{\"@type\":\"ReadAction\",\"target\":[\"https:\\\/\\\/www.quebakan.com\\\/v15\\\/el-banano-ecuatoriano-se-reinventa-innovacion-marca-el-futuro-del-principal-producto-de-exportacion\\\/\"]}]},{\"@type\":\"ImageObject\",\"inLanguage\":\"es\",\"@id\":\"https:\\\/\\\/www.quebakan.com\\\/v15\\\/el-banano-ecuatoriano-se-reinventa-innovacion-marca-el-futuro-del-principal-producto-de-exportacion\\\/#primaryimage\",\"url\":\"https:\\\/\\\/www.quebakan.com\\\/v15\\\/wp-content\\\/uploads\\\/2026\\\/04\\\/Banano.jpg\",\"contentUrl\":\"https:\\\/\\\/www.quebakan.com\\\/v15\\\/wp-content\\\/uploads\\\/2026\\\/04\\\/Banano.jpg\",\"width\":700,\"height\":323},{\"@type\":\"BreadcrumbList\",\"@id\":\"https:\\\/\\\/www.quebakan.com\\\/v15\\\/el-banano-ecuatoriano-se-reinventa-innovacion-marca-el-futuro-del-principal-producto-de-exportacion\\\/#breadcrumb\",\"itemListElement\":[{\"@type\":\"ListItem\",\"position\":1,\"name\":\"Portada\",\"item\":\"https:\\\/\\\/www.quebakan.com\\\/v15\\\/\"},{\"@type\":\"ListItem\",\"position\":2,\"name\":\"El banano ecuatoriano se reinventa: innovaci\u00f3n marca el futuro del principal producto de exportaci\u00f3n\"}]},{\"@type\":\"WebSite\",\"@id\":\"https:\\\/\\\/www.quebakan.com\\\/v15\\\/#website\",\"url\":\"https:\\\/\\\/www.quebakan.com\\\/v15\\\/\",\"name\":\"QUEBAKAN\",\"description\":\"..\",\"publisher\":{\"@id\":\"https:\\\/\\\/www.quebakan.com\\\/v15\\\/#organization\"},\"potentialAction\":[{\"@type\":\"SearchAction\",\"target\":{\"@type\":\"EntryPoint\",\"urlTemplate\":\"https:\\\/\\\/www.quebakan.com\\\/v15\\\/?s={search_term_string}\"},\"query-input\":{\"@type\":\"PropertyValueSpecification\",\"valueRequired\":true,\"valueName\":\"search_term_string\"}}],\"inLanguage\":\"es\"},{\"@type\":\"Organization\",\"@id\":\"https:\\\/\\\/www.quebakan.com\\\/v15\\\/#organization\",\"name\":\"Quebakan.com\",\"url\":\"https:\\\/\\\/www.quebakan.com\\\/v15\\\/\",\"logo\":{\"@type\":\"ImageObject\",\"inLanguage\":\"es\",\"@id\":\"https:\\\/\\\/www.quebakan.com\\\/v15\\\/#\\\/schema\\\/logo\\\/image\\\/\",\"url\":\"https:\\\/\\\/www.quebakan.com\\\/v15\\\/wp-content\\\/uploads\\\/2023\\\/07\\\/logoquebakanenero2021.jpg\",\"contentUrl\":\"https:\\\/\\\/www.quebakan.com\\\/v15\\\/wp-content\\\/uploads\\\/2023\\\/07\\\/logoquebakanenero2021.jpg\",\"width\":1920,\"height\":1080,\"caption\":\"Quebakan.com\"},\"image\":{\"@id\":\"https:\\\/\\\/www.quebakan.com\\\/v15\\\/#\\\/schema\\\/logo\\\/image\\\/\"},\"sameAs\":[\"http:\\\/\\\/www.facebook.com\\\/quebakan\",\"https:\\\/\\\/x.com\\\/quebakanec\",\"http:\\\/\\\/www.instagram.com\\\/quebakan\",\"http:\\\/\\\/www.youtube.com\\\/quebakan1\"]},{\"@type\":\"Person\",\"@id\":\"https:\\\/\\\/www.quebakan.com\\\/v15\\\/#\\\/schema\\\/person\\\/d90fa9f9cfa81eb8ace9811e5b7b9118\",\"name\":\"Erick Villafuerte\",\"image\":{\"@type\":\"ImageObject\",\"inLanguage\":\"es\",\"@id\":\"https:\\\/\\\/www.quebakan.com\\\/v15\\\/wp-content\\\/uploads\\\/avatars\\\/4\\\/1731297654-bpfull.png\",\"url\":\"https:\\\/\\\/www.quebakan.com\\\/v15\\\/wp-content\\\/uploads\\\/avatars\\\/4\\\/1731297654-bpfull.png\",\"contentUrl\":\"https:\\\/\\\/www.quebakan.com\\\/v15\\\/wp-content\\\/uploads\\\/avatars\\\/4\\\/1731297654-bpfull.png\",\"caption\":\"Erick Villafuerte\"}}]}<\/script>\n<!-- \/ Yoast SEO plugin. -->","yoast_head_json":{"title":"El banano ecuatoriano se reinventa: innovaci\u00f3n marca el futuro del principal producto de exportaci\u00f3n &#8211; QUEBAKAN.COM 2026: Noticias, Eventos, Conciertos y mucho m\u00e1s....","robots":{"index":"index","follow":"follow","max-snippet":"max-snippet:-1","max-image-preview":"max-image-preview:large","max-video-preview":"max-video-preview:-1"},"canonical":"https:\/\/www.quebakan.com\/v15\/el-banano-ecuatoriano-se-reinventa-innovacion-marca-el-futuro-del-principal-producto-de-exportacion\/","og_locale":"es_ES","og_type":"article","og_title":"El banano ecuatoriano se reinventa: innovaci\u00f3n marca el futuro del principal producto de exportaci\u00f3n &#8211; QUEBAKAN.COM 2026: Noticias, Eventos, Conciertos y mucho m\u00e1s....","og_description":"Quito, abril de 2026.- En el marco del Mes del Banano, el sector bananero ecuatoriano reafirma su papel como uno de los pilares de la econom\u00eda nacional y un referente global en exportaci\u00f3n, impulsado cada vez m\u00e1s por la innovaci\u00f3n agr\u00edcola, la sostenibilidad y el uso de tecnolog\u00eda avanzada. El banano no solo es uno [&hellip;]","og_url":"https:\/\/www.quebakan.com\/v15\/el-banano-ecuatoriano-se-reinventa-innovacion-marca-el-futuro-del-principal-producto-de-exportacion\/","og_site_name":"QUEBAKAN.COM 2026: Noticias, Eventos, Conciertos y mucho m\u00e1s....","article_publisher":"http:\/\/www.facebook.com\/quebakan","article_published_time":"2026-04-26T00:14:20+00:00","og_image":[{"width":700,"height":323,"url":"https:\/\/www.quebakan.com\/v15\/wp-content\/uploads\/2026\/04\/Banano.jpg","type":"image\/jpeg"}],"author":"Erick Villafuerte","twitter_card":"summary_large_image","twitter_creator":"@quebakanec","twitter_site":"@quebakanec","twitter_misc":{"Escrito por":"Erick Villafuerte","Tiempo de lectura":"4 minutos"},"schema":{"@context":"https:\/\/schema.org","@graph":[{"@type":"Article","@id":"https:\/\/www.quebakan.com\/v15\/el-banano-ecuatoriano-se-reinventa-innovacion-marca-el-futuro-del-principal-producto-de-exportacion\/#article","isPartOf":{"@id":"https:\/\/www.quebakan.com\/v15\/el-banano-ecuatoriano-se-reinventa-innovacion-marca-el-futuro-del-principal-producto-de-exportacion\/"},"author":{"name":"Erick Villafuerte","@id":"https:\/\/www.quebakan.com\/v15\/#\/schema\/person\/d90fa9f9cfa81eb8ace9811e5b7b9118"},"headline":"El banano ecuatoriano se reinventa: innovaci\u00f3n marca el futuro del principal producto de exportaci\u00f3n","datePublished":"2026-04-26T00:14:20+00:00","mainEntityOfPage":{"@id":"https:\/\/www.quebakan.com\/v15\/el-banano-ecuatoriano-se-reinventa-innovacion-marca-el-futuro-del-principal-producto-de-exportacion\/"},"wordCount":851,"publisher":{"@id":"https:\/\/www.quebakan.com\/v15\/#organization"},"image":{"@id":"https:\/\/www.quebakan.com\/v15\/el-banano-ecuatoriano-se-reinventa-innovacion-marca-el-futuro-del-principal-producto-de-exportacion\/#primaryimage"},"thumbnailUrl":"https:\/\/www.quebakan.com\/v15\/wp-content\/uploads\/2026\/04\/Banano.jpg","articleSection":["Noticias"],"inLanguage":"es"},{"@type":"WebPage","@id":"https:\/\/www.quebakan.com\/v15\/el-banano-ecuatoriano-se-reinventa-innovacion-marca-el-futuro-del-principal-producto-de-exportacion\/","url":"https:\/\/www.quebakan.com\/v15\/el-banano-ecuatoriano-se-reinventa-innovacion-marca-el-futuro-del-principal-producto-de-exportacion\/","name":"El banano ecuatoriano se reinventa: innovaci\u00f3n marca el futuro del principal producto de exportaci\u00f3n &#8211; QUEBAKAN.COM 2026: Noticias, Eventos, Conciertos y mucho m\u00e1s....","isPartOf":{"@id":"https:\/\/www.quebakan.com\/v15\/#website"},"primaryImageOfPage":{"@id":"https:\/\/www.quebakan.com\/v15\/el-banano-ecuatoriano-se-reinventa-innovacion-marca-el-futuro-del-principal-producto-de-exportacion\/#primaryimage"},"image":{"@id":"https:\/\/www.quebakan.com\/v15\/el-banano-ecuatoriano-se-reinventa-innovacion-marca-el-futuro-del-principal-producto-de-exportacion\/#primaryimage"},"thumbnailUrl":"https:\/\/www.quebakan.com\/v15\/wp-content\/uploads\/2026\/04\/Banano.jpg","datePublished":"2026-04-26T00:14:20+00:00","breadcrumb":{"@id":"https:\/\/www.quebakan.com\/v15\/el-banano-ecuatoriano-se-reinventa-innovacion-marca-el-futuro-del-principal-producto-de-exportacion\/#breadcrumb"},"inLanguage":"es","potentialAction":[{"@type":"ReadAction","target":["https:\/\/www.quebakan.com\/v15\/el-banano-ecuatoriano-se-reinventa-innovacion-marca-el-futuro-del-principal-producto-de-exportacion\/"]}]},{"@type":"ImageObject","inLanguage":"es","@id":"https:\/\/www.quebakan.com\/v15\/el-banano-ecuatoriano-se-reinventa-innovacion-marca-el-futuro-del-principal-producto-de-exportacion\/#primaryimage","url":"https:\/\/www.quebakan.com\/v15\/wp-content\/uploads\/2026\/04\/Banano.jpg","contentUrl":"https:\/\/www.quebakan.com\/v15\/wp-content\/uploads\/2026\/04\/Banano.jpg","width":700,"height":323},{"@type":"BreadcrumbList","@id":"https:\/\/www.quebakan.com\/v15\/el-banano-ecuatoriano-se-reinventa-innovacion-marca-el-futuro-del-principal-producto-de-exportacion\/#breadcrumb","itemListElement":[{"@type":"ListItem","position":1,"name":"Portada","item":"https:\/\/www.quebakan.com\/v15\/"},{"@type":"ListItem","position":2,"name":"El banano ecuatoriano se reinventa: innovaci\u00f3n marca el futuro del principal producto de exportaci\u00f3n"}]},{"@type":"WebSite","@id":"https:\/\/www.quebakan.com\/v15\/#website","url":"https:\/\/www.quebakan.com\/v15\/","name":"QUEBAKAN","description":"..","publisher":{"@id":"https:\/\/www.quebakan.com\/v15\/#organization"},"potentialAction":[{"@type":"SearchAction","target":{"@type":"EntryPoint","urlTemplate":"https:\/\/www.quebakan.com\/v15\/?s={search_term_string}"},"query-input":{"@type":"PropertyValueSpecification","valueRequired":true,"valueName":"search_term_string"}}],"inLanguage":"es"},{"@type":"Organization","@id":"https:\/\/www.quebakan.com\/v15\/#organization","name":"Quebakan.com","url":"https:\/\/www.quebakan.com\/v15\/","logo":{"@type":"ImageObject","inLanguage":"es","@id":"https:\/\/www.quebakan.com\/v15\/#\/schema\/logo\/image\/","url":"https:\/\/www.quebakan.com\/v15\/wp-content\/uploads\/2023\/07\/logoquebakanenero2021.jpg","contentUrl":"https:\/\/www.quebakan.com\/v15\/wp-content\/uploads\/2023\/07\/logoquebakanenero2021.jpg","width":1920,"height":1080,"caption":"Quebakan.com"},"image":{"@id":"https:\/\/www.quebakan.com\/v15\/#\/schema\/logo\/image\/"},"sameAs":["http:\/\/www.facebook.com\/quebakan","https:\/\/x.com\/quebakanec","http:\/\/www.instagram.com\/quebakan","http:\/\/www.youtube.com\/quebakan1"]},{"@type":"Person","@id":"https:\/\/www.quebakan.com\/v15\/#\/schema\/person\/d90fa9f9cfa81eb8ace9811e5b7b9118","name":"Erick Villafuerte","image":{"@type":"ImageObject","inLanguage":"es","@id":"https:\/\/www.quebakan.com\/v15\/wp-content\/uploads\/avatars\/4\/1731297654-bpfull.png","url":"https:\/\/www.quebakan.com\/v15\/wp-content\/uploads\/avatars\/4\/1731297654-bpfull.png","contentUrl":"https:\/\/www.quebakan.com\/v15\/wp-content\/uploads\/avatars\/4\/1731297654-bpfull.png","caption":"Erick Villafuerte"}}]}},"_links":{"self":[{"href":"https:\/\/www.quebakan.com\/v15\/wp-json\/wp\/v2\/posts\/141912","targetHints":{"allow":["GET"]}}],"collection":[{"href":"https:\/\/www.quebakan.com\/v15\/wp-json\/wp\/v2\/posts"}],"about":[{"href":"https:\/\/www.quebakan.com\/v15\/wp-json\/wp\/v2\/types\/post"}],"author":[{"embeddable":true,"href":"https:\/\/www.quebakan.com\/v15\/wp-json\/wp\/v2\/users\/4"}],"replies":[{"embeddable":true,"href":"https:\/\/www.quebakan.com\/v15\/wp-json\/wp\/v2\/comments?post=141912"}],"version-history":[{"count":1,"href":"https:\/\/www.quebakan.com\/v15\/wp-json\/wp\/v2\/posts\/141912\/revisions"}],"predecessor-version":[{"id":141914,"href":"https:\/\/www.quebakan.com\/v15\/wp-json\/wp\/v2\/posts\/141912\/revisions\/141914"}],"wp:featuredmedia":[{"embeddable":true,"href":"https:\/\/www.quebakan.com\/v15\/wp-json\/wp\/v2\/media\/141913"}],"wp:attachment":[{"href":"https:\/\/www.quebakan.com\/v15\/wp-json\/wp\/v2\/media?parent=141912"}],"wp:term":[{"taxonomy":"category","embeddable":true,"href":"https:\/\/www.quebakan.com\/v15\/wp-json\/wp\/v2\/categories?post=141912"},{"taxonomy":"post_tag","embeddable":true,"href":"https:\/\/www.quebakan.com\/v15\/wp-json\/wp\/v2\/tags?post=141912"}],"curies":[{"name":"wp","href":"https:\/\/api.w.org\/{rel}","templated":true}]}}