{"id":141915,"date":"2026-04-25T19:19:10","date_gmt":"2026-04-26T00:19:10","guid":{"rendered":"https:\/\/www.quebakan.com\/v15\/?p=141915"},"modified":"2026-04-25T19:19:10","modified_gmt":"2026-04-26T00:19:10","slug":"kia-ecuador-lider-en-movilidad-sostenible-inaugura-electrolinera-exclusiva-en-san-gabriel-para-clientes-de-vehiculos-electricos","status":"publish","type":"post","link":"https:\/\/www.quebakan.com\/v15\/kia-ecuador-lider-en-movilidad-sostenible-inaugura-electrolinera-exclusiva-en-san-gabriel-para-clientes-de-vehiculos-electricos\/","title":{"rendered":"Kia Ecuador, l\u00edder en movilidad sostenible, inaugura electrolinera exclusiva en San Gabriel para clientes de veh\u00edculos el\u00e9ctricos"},"content":{"rendered":"<p><img fetchpriority=\"high\" decoding=\"async\" class=\"aligncenter size-full wp-image-141916\" src=\"https:\/\/www.quebakan.com\/v15\/wp-content\/uploads\/2026\/04\/6eb0b036-31aa-430c-9ed4-9e4f6f607bc1.jpg\" alt=\"\" width=\"700\" height=\"466\" \/><\/p>\n<p style=\"text-align: justify;\"><span style=\"color: #000000;\">Kia Ecuador refuerza su compromiso con la movilidad sostenible al abrir una nueva electrolinera exclusiva para sus clientes de autos el\u00e9ctricos en el Peaje Panavial, Carchi, sobre la v\u00eda Bol\u00edvar-Rumichaca (E35).<\/span><\/p>\n<p style=\"text-align: justify;\"><span style=\"color: #000000;\">Esta infraestructura se integra a la red de carga Kia m\u00e1s extensa del pa\u00eds, con m\u00e1s de 175 puntos de carga media en ubicaciones estrat\u00e9gicas (estaciones de servicio, restaurantes de comida r\u00e1pida, centros comerciales y universidades) y 17 electrolineras de carga r\u00e1pida que estar\u00e1n listas hasta finales del 2026, en ciudades como Ambato, Cuenca, Guayaquil, Ibarra, Latacunga, Machala, Manta, Quito, Santo Domingo de los Ts\u00e1chilas, Tonsupa, Pedernales, El Coca, Riobamba, Salinas, Santa Cruz (Gal\u00e1pagos) y ahora San Gabriel.<\/span><\/p>\n<p style=\"text-align: justify;\"><span style=\"color: #000000;\">La electrolinera permite recargar del 20% al 80% de la bater\u00eda en solo 30 minutos, garantizando viajes sin interrupciones entre Costa, Sierra y Oriente. Los usuarios Kia disfrutan de acceso exclusivo y gratuito, facilitando una transici\u00f3n fluida a la electromovilidad.<\/span><\/p>\n<p style=\"text-align: justify;\"><span style=\"color: #000000;\">En Kia Ecuador, no solo comercializamos veh\u00edculos el\u00e9ctricos e h\u00edbridos, sino acompa\u00f1amos a nuestros clientes para una adopci\u00f3n c\u00f3moda y consciente. A trav\u00e9s de nuestro <strong>Plan S<\/strong> \u2013con ejes en Energ\u00eda Sostenible, Movilidad Sostenible y Planeta Sostenible\u2013, lideramos la infraestructura de carga m\u00e1s grande del pa\u00eds y promovemos una movilidad verde accesible para todos los ecuatorianos.<\/span><\/p>\n","protected":false},"excerpt":{"rendered":"<p>Kia Ecuador refuerza su compromiso con la movilidad sostenible al abrir una nueva electrolinera exclusiva para sus clientes de autos el\u00e9ctricos en el Peaje Panavial, Carchi, sobre la v\u00eda Bol\u00edvar-Rumichaca (E35). Esta infraestructura se integra a la red de carga Kia m\u00e1s extensa del pa\u00eds, con m\u00e1s de 175 puntos de carga media en ubicaciones [&hellip;]<\/p>\n","protected":false},"author":4,"featured_media":141916,"comment_status":"closed","ping_status":"closed","sticky":false,"template":"","format":"standard","meta":{"_bbp_topic_count":0,"_bbp_reply_count":0,"_bbp_total_topic_count":0,"_bbp_total_reply_count":0,"_bbp_voice_count":0,"_bbp_anonymous_reply_count":0,"_bbp_topic_count_hidden":0,"_bbp_reply_count_hidden":0,"_bbp_forum_subforum_count":0,"buzzeditor_post_format":"","footnotes":""},"categories":[2],"tags":[],"class_list":["post-141915","post","type-post","status-publish","format-standard","has-post-thumbnail","hentry","category-noticias"],"yoast_head":"<!-- This site is optimized with the Yoast SEO plugin v27.5 - https:\/\/yoast.com\/product\/yoast-seo-wordpress\/ -->\n<title>Kia Ecuador, l\u00edder en movilidad sostenible, inaugura electrolinera exclusiva en San Gabriel para clientes de veh\u00edculos el\u00e9ctricos &#8211; QUEBAKAN.COM 2026: Noticias, Eventos, Conciertos y mucho m\u00e1s....<\/title>\n<meta name=\"robots\" content=\"index, follow, max-snippet:-1, max-image-preview:large, max-video-preview:-1\" \/>\n<link rel=\"canonical\" href=\"https:\/\/www.quebakan.com\/v15\/kia-ecuador-lider-en-movilidad-sostenible-inaugura-electrolinera-exclusiva-en-san-gabriel-para-clientes-de-vehiculos-electricos\/\" \/>\n<meta property=\"og:locale\" content=\"es_ES\" \/>\n<meta property=\"og:type\" content=\"article\" \/>\n<meta property=\"og:title\" content=\"Kia Ecuador, l\u00edder en movilidad sostenible, inaugura electrolinera exclusiva en San Gabriel para clientes de veh\u00edculos el\u00e9ctricos &#8211; QUEBAKAN.COM 2026: Noticias, Eventos, Conciertos y mucho m\u00e1s....\" \/>\n<meta property=\"og:description\" content=\"Kia Ecuador refuerza su compromiso con la movilidad sostenible al abrir una nueva electrolinera exclusiva para sus clientes de autos el\u00e9ctricos en el Peaje Panavial, Carchi, sobre la v\u00eda Bol\u00edvar-Rumichaca (E35). Esta infraestructura se integra a la red de carga Kia m\u00e1s extensa del pa\u00eds, con m\u00e1s de 175 puntos de carga media en ubicaciones [&hellip;]\" \/>\n<meta property=\"og:url\" content=\"https:\/\/www.quebakan.com\/v15\/kia-ecuador-lider-en-movilidad-sostenible-inaugura-electrolinera-exclusiva-en-san-gabriel-para-clientes-de-vehiculos-electricos\/\" \/>\n<meta property=\"og:site_name\" content=\"QUEBAKAN.COM 2026: Noticias, Eventos, Conciertos y mucho m\u00e1s....\" \/>\n<meta property=\"article:publisher\" content=\"http:\/\/www.facebook.com\/quebakan\" \/>\n<meta property=\"article:published_time\" content=\"2026-04-26T00:19:10+00:00\" \/>\n<meta property=\"og:image\" content=\"https:\/\/www.quebakan.com\/v15\/wp-content\/uploads\/2026\/04\/6eb0b036-31aa-430c-9ed4-9e4f6f607bc1.jpg\" \/>\n\t<meta property=\"og:image:width\" content=\"700\" \/>\n\t<meta property=\"og:image:height\" content=\"466\" \/>\n\t<meta property=\"og:image:type\" content=\"image\/jpeg\" \/>\n<meta name=\"author\" content=\"Erick Villafuerte\" \/>\n<meta name=\"twitter:card\" content=\"summary_large_image\" \/>\n<meta name=\"twitter:creator\" content=\"@quebakanec\" \/>\n<meta name=\"twitter:site\" content=\"@quebakanec\" \/>\n<meta name=\"twitter:label1\" content=\"Escrito por\" \/>\n\t<meta name=\"twitter:data1\" content=\"Erick Villafuerte\" \/>\n\t<meta name=\"twitter:label2\" content=\"Tiempo de lectura\" \/>\n\t<meta name=\"twitter:data2\" content=\"2 minutos\" \/>\n<script type=\"application\/ld+json\" class=\"yoast-schema-graph\">{\"@context\":\"https:\\\/\\\/schema.org\",\"@graph\":[{\"@type\":\"Article\",\"@id\":\"https:\\\/\\\/www.quebakan.com\\\/v15\\\/kia-ecuador-lider-en-movilidad-sostenible-inaugura-electrolinera-exclusiva-en-san-gabriel-para-clientes-de-vehiculos-electricos\\\/#article\",\"isPartOf\":{\"@id\":\"https:\\\/\\\/www.quebakan.com\\\/v15\\\/kia-ecuador-lider-en-movilidad-sostenible-inaugura-electrolinera-exclusiva-en-san-gabriel-para-clientes-de-vehiculos-electricos\\\/\"},\"author\":{\"name\":\"Erick Villafuerte\",\"@id\":\"https:\\\/\\\/www.quebakan.com\\\/v15\\\/#\\\/schema\\\/person\\\/d90fa9f9cfa81eb8ace9811e5b7b9118\"},\"headline\":\"Kia Ecuador, l\u00edder en movilidad sostenible, inaugura electrolinera exclusiva en San Gabriel para clientes de veh\u00edculos el\u00e9ctricos\",\"datePublished\":\"2026-04-26T00:19:10+00:00\",\"mainEntityOfPage\":{\"@id\":\"https:\\\/\\\/www.quebakan.com\\\/v15\\\/kia-ecuador-lider-en-movilidad-sostenible-inaugura-electrolinera-exclusiva-en-san-gabriel-para-clientes-de-vehiculos-electricos\\\/\"},\"wordCount\":243,\"publisher\":{\"@id\":\"https:\\\/\\\/www.quebakan.com\\\/v15\\\/#organization\"},\"image\":{\"@id\":\"https:\\\/\\\/www.quebakan.com\\\/v15\\\/kia-ecuador-lider-en-movilidad-sostenible-inaugura-electrolinera-exclusiva-en-san-gabriel-para-clientes-de-vehiculos-electricos\\\/#primaryimage\"},\"thumbnailUrl\":\"https:\\\/\\\/www.quebakan.com\\\/v15\\\/wp-content\\\/uploads\\\/2026\\\/04\\\/6eb0b036-31aa-430c-9ed4-9e4f6f607bc1.jpg\",\"articleSection\":[\"Noticias\"],\"inLanguage\":\"es\"},{\"@type\":\"WebPage\",\"@id\":\"https:\\\/\\\/www.quebakan.com\\\/v15\\\/kia-ecuador-lider-en-movilidad-sostenible-inaugura-electrolinera-exclusiva-en-san-gabriel-para-clientes-de-vehiculos-electricos\\\/\",\"url\":\"https:\\\/\\\/www.quebakan.com\\\/v15\\\/kia-ecuador-lider-en-movilidad-sostenible-inaugura-electrolinera-exclusiva-en-san-gabriel-para-clientes-de-vehiculos-electricos\\\/\",\"name\":\"Kia Ecuador, l\u00edder en movilidad sostenible, inaugura electrolinera exclusiva en San Gabriel para clientes de veh\u00edculos el\u00e9ctricos &#8211; QUEBAKAN.COM 2026: Noticias, Eventos, Conciertos y mucho m\u00e1s....\",\"isPartOf\":{\"@id\":\"https:\\\/\\\/www.quebakan.com\\\/v15\\\/#website\"},\"primaryImageOfPage\":{\"@id\":\"https:\\\/\\\/www.quebakan.com\\\/v15\\\/kia-ecuador-lider-en-movilidad-sostenible-inaugura-electrolinera-exclusiva-en-san-gabriel-para-clientes-de-vehiculos-electricos\\\/#primaryimage\"},\"image\":{\"@id\":\"https:\\\/\\\/www.quebakan.com\\\/v15\\\/kia-ecuador-lider-en-movilidad-sostenible-inaugura-electrolinera-exclusiva-en-san-gabriel-para-clientes-de-vehiculos-electricos\\\/#primaryimage\"},\"thumbnailUrl\":\"https:\\\/\\\/www.quebakan.com\\\/v15\\\/wp-content\\\/uploads\\\/2026\\\/04\\\/6eb0b036-31aa-430c-9ed4-9e4f6f607bc1.jpg\",\"datePublished\":\"2026-04-26T00:19:10+00:00\",\"breadcrumb\":{\"@id\":\"https:\\\/\\\/www.quebakan.com\\\/v15\\\/kia-ecuador-lider-en-movilidad-sostenible-inaugura-electrolinera-exclusiva-en-san-gabriel-para-clientes-de-vehiculos-electricos\\\/#breadcrumb\"},\"inLanguage\":\"es\",\"potentialAction\":[{\"@type\":\"ReadAction\",\"target\":[\"https:\\\/\\\/www.quebakan.com\\\/v15\\\/kia-ecuador-lider-en-movilidad-sostenible-inaugura-electrolinera-exclusiva-en-san-gabriel-para-clientes-de-vehiculos-electricos\\\/\"]}]},{\"@type\":\"ImageObject\",\"inLanguage\":\"es\",\"@id\":\"https:\\\/\\\/www.quebakan.com\\\/v15\\\/kia-ecuador-lider-en-movilidad-sostenible-inaugura-electrolinera-exclusiva-en-san-gabriel-para-clientes-de-vehiculos-electricos\\\/#primaryimage\",\"url\":\"https:\\\/\\\/www.quebakan.com\\\/v15\\\/wp-content\\\/uploads\\\/2026\\\/04\\\/6eb0b036-31aa-430c-9ed4-9e4f6f607bc1.jpg\",\"contentUrl\":\"https:\\\/\\\/www.quebakan.com\\\/v15\\\/wp-content\\\/uploads\\\/2026\\\/04\\\/6eb0b036-31aa-430c-9ed4-9e4f6f607bc1.jpg\",\"width\":700,\"height\":466},{\"@type\":\"BreadcrumbList\",\"@id\":\"https:\\\/\\\/www.quebakan.com\\\/v15\\\/kia-ecuador-lider-en-movilidad-sostenible-inaugura-electrolinera-exclusiva-en-san-gabriel-para-clientes-de-vehiculos-electricos\\\/#breadcrumb\",\"itemListElement\":[{\"@type\":\"ListItem\",\"position\":1,\"name\":\"Portada\",\"item\":\"https:\\\/\\\/www.quebakan.com\\\/v15\\\/\"},{\"@type\":\"ListItem\",\"position\":2,\"name\":\"Kia Ecuador, l\u00edder en movilidad sostenible, inaugura electrolinera exclusiva en San Gabriel para clientes de veh\u00edculos el\u00e9ctricos\"}]},{\"@type\":\"WebSite\",\"@id\":\"https:\\\/\\\/www.quebakan.com\\\/v15\\\/#website\",\"url\":\"https:\\\/\\\/www.quebakan.com\\\/v15\\\/\",\"name\":\"QUEBAKAN\",\"description\":\"..\",\"publisher\":{\"@id\":\"https:\\\/\\\/www.quebakan.com\\\/v15\\\/#organization\"},\"potentialAction\":[{\"@type\":\"SearchAction\",\"target\":{\"@type\":\"EntryPoint\",\"urlTemplate\":\"https:\\\/\\\/www.quebakan.com\\\/v15\\\/?s={search_term_string}\"},\"query-input\":{\"@type\":\"PropertyValueSpecification\",\"valueRequired\":true,\"valueName\":\"search_term_string\"}}],\"inLanguage\":\"es\"},{\"@type\":\"Organization\",\"@id\":\"https:\\\/\\\/www.quebakan.com\\\/v15\\\/#organization\",\"name\":\"Quebakan.com\",\"url\":\"https:\\\/\\\/www.quebakan.com\\\/v15\\\/\",\"logo\":{\"@type\":\"ImageObject\",\"inLanguage\":\"es\",\"@id\":\"https:\\\/\\\/www.quebakan.com\\\/v15\\\/#\\\/schema\\\/logo\\\/image\\\/\",\"url\":\"https:\\\/\\\/www.quebakan.com\\\/v15\\\/wp-content\\\/uploads\\\/2023\\\/07\\\/logoquebakanenero2021.jpg\",\"contentUrl\":\"https:\\\/\\\/www.quebakan.com\\\/v15\\\/wp-content\\\/uploads\\\/2023\\\/07\\\/logoquebakanenero2021.jpg\",\"width\":1920,\"height\":1080,\"caption\":\"Quebakan.com\"},\"image\":{\"@id\":\"https:\\\/\\\/www.quebakan.com\\\/v15\\\/#\\\/schema\\\/logo\\\/image\\\/\"},\"sameAs\":[\"http:\\\/\\\/www.facebook.com\\\/quebakan\",\"https:\\\/\\\/x.com\\\/quebakanec\",\"http:\\\/\\\/www.instagram.com\\\/quebakan\",\"http:\\\/\\\/www.youtube.com\\\/quebakan1\"]},{\"@type\":\"Person\",\"@id\":\"https:\\\/\\\/www.quebakan.com\\\/v15\\\/#\\\/schema\\\/person\\\/d90fa9f9cfa81eb8ace9811e5b7b9118\",\"name\":\"Erick Villafuerte\",\"image\":{\"@type\":\"ImageObject\",\"inLanguage\":\"es\",\"@id\":\"https:\\\/\\\/www.quebakan.com\\\/v15\\\/wp-content\\\/uploads\\\/avatars\\\/4\\\/1731297654-bpfull.png\",\"url\":\"https:\\\/\\\/www.quebakan.com\\\/v15\\\/wp-content\\\/uploads\\\/avatars\\\/4\\\/1731297654-bpfull.png\",\"contentUrl\":\"https:\\\/\\\/www.quebakan.com\\\/v15\\\/wp-content\\\/uploads\\\/avatars\\\/4\\\/1731297654-bpfull.png\",\"caption\":\"Erick Villafuerte\"}}]}<\/script>\n<!-- \/ Yoast SEO plugin. -->","yoast_head_json":{"title":"Kia Ecuador, l\u00edder en movilidad sostenible, inaugura electrolinera exclusiva en San Gabriel para clientes de veh\u00edculos el\u00e9ctricos &#8211; QUEBAKAN.COM 2026: Noticias, Eventos, Conciertos y mucho m\u00e1s....","robots":{"index":"index","follow":"follow","max-snippet":"max-snippet:-1","max-image-preview":"max-image-preview:large","max-video-preview":"max-video-preview:-1"},"canonical":"https:\/\/www.quebakan.com\/v15\/kia-ecuador-lider-en-movilidad-sostenible-inaugura-electrolinera-exclusiva-en-san-gabriel-para-clientes-de-vehiculos-electricos\/","og_locale":"es_ES","og_type":"article","og_title":"Kia Ecuador, l\u00edder en movilidad sostenible, inaugura electrolinera exclusiva en San Gabriel para clientes de veh\u00edculos el\u00e9ctricos &#8211; QUEBAKAN.COM 2026: Noticias, Eventos, Conciertos y mucho m\u00e1s....","og_description":"Kia Ecuador refuerza su compromiso con la movilidad sostenible al abrir una nueva electrolinera exclusiva para sus clientes de autos el\u00e9ctricos en el Peaje Panavial, Carchi, sobre la v\u00eda Bol\u00edvar-Rumichaca (E35). Esta infraestructura se integra a la red de carga Kia m\u00e1s extensa del pa\u00eds, con m\u00e1s de 175 puntos de carga media en ubicaciones [&hellip;]","og_url":"https:\/\/www.quebakan.com\/v15\/kia-ecuador-lider-en-movilidad-sostenible-inaugura-electrolinera-exclusiva-en-san-gabriel-para-clientes-de-vehiculos-electricos\/","og_site_name":"QUEBAKAN.COM 2026: Noticias, Eventos, Conciertos y mucho m\u00e1s....","article_publisher":"http:\/\/www.facebook.com\/quebakan","article_published_time":"2026-04-26T00:19:10+00:00","og_image":[{"width":700,"height":466,"url":"https:\/\/www.quebakan.com\/v15\/wp-content\/uploads\/2026\/04\/6eb0b036-31aa-430c-9ed4-9e4f6f607bc1.jpg","type":"image\/jpeg"}],"author":"Erick Villafuerte","twitter_card":"summary_large_image","twitter_creator":"@quebakanec","twitter_site":"@quebakanec","twitter_misc":{"Escrito por":"Erick Villafuerte","Tiempo de lectura":"2 minutos"},"schema":{"@context":"https:\/\/schema.org","@graph":[{"@type":"Article","@id":"https:\/\/www.quebakan.com\/v15\/kia-ecuador-lider-en-movilidad-sostenible-inaugura-electrolinera-exclusiva-en-san-gabriel-para-clientes-de-vehiculos-electricos\/#article","isPartOf":{"@id":"https:\/\/www.quebakan.com\/v15\/kia-ecuador-lider-en-movilidad-sostenible-inaugura-electrolinera-exclusiva-en-san-gabriel-para-clientes-de-vehiculos-electricos\/"},"author":{"name":"Erick Villafuerte","@id":"https:\/\/www.quebakan.com\/v15\/#\/schema\/person\/d90fa9f9cfa81eb8ace9811e5b7b9118"},"headline":"Kia Ecuador, l\u00edder en movilidad sostenible, inaugura electrolinera exclusiva en San Gabriel para clientes de veh\u00edculos el\u00e9ctricos","datePublished":"2026-04-26T00:19:10+00:00","mainEntityOfPage":{"@id":"https:\/\/www.quebakan.com\/v15\/kia-ecuador-lider-en-movilidad-sostenible-inaugura-electrolinera-exclusiva-en-san-gabriel-para-clientes-de-vehiculos-electricos\/"},"wordCount":243,"publisher":{"@id":"https:\/\/www.quebakan.com\/v15\/#organization"},"image":{"@id":"https:\/\/www.quebakan.com\/v15\/kia-ecuador-lider-en-movilidad-sostenible-inaugura-electrolinera-exclusiva-en-san-gabriel-para-clientes-de-vehiculos-electricos\/#primaryimage"},"thumbnailUrl":"https:\/\/www.quebakan.com\/v15\/wp-content\/uploads\/2026\/04\/6eb0b036-31aa-430c-9ed4-9e4f6f607bc1.jpg","articleSection":["Noticias"],"inLanguage":"es"},{"@type":"WebPage","@id":"https:\/\/www.quebakan.com\/v15\/kia-ecuador-lider-en-movilidad-sostenible-inaugura-electrolinera-exclusiva-en-san-gabriel-para-clientes-de-vehiculos-electricos\/","url":"https:\/\/www.quebakan.com\/v15\/kia-ecuador-lider-en-movilidad-sostenible-inaugura-electrolinera-exclusiva-en-san-gabriel-para-clientes-de-vehiculos-electricos\/","name":"Kia Ecuador, l\u00edder en movilidad sostenible, inaugura electrolinera exclusiva en San Gabriel para clientes de veh\u00edculos el\u00e9ctricos &#8211; QUEBAKAN.COM 2026: Noticias, Eventos, Conciertos y mucho m\u00e1s....","isPartOf":{"@id":"https:\/\/www.quebakan.com\/v15\/#website"},"primaryImageOfPage":{"@id":"https:\/\/www.quebakan.com\/v15\/kia-ecuador-lider-en-movilidad-sostenible-inaugura-electrolinera-exclusiva-en-san-gabriel-para-clientes-de-vehiculos-electricos\/#primaryimage"},"image":{"@id":"https:\/\/www.quebakan.com\/v15\/kia-ecuador-lider-en-movilidad-sostenible-inaugura-electrolinera-exclusiva-en-san-gabriel-para-clientes-de-vehiculos-electricos\/#primaryimage"},"thumbnailUrl":"https:\/\/www.quebakan.com\/v15\/wp-content\/uploads\/2026\/04\/6eb0b036-31aa-430c-9ed4-9e4f6f607bc1.jpg","datePublished":"2026-04-26T00:19:10+00:00","breadcrumb":{"@id":"https:\/\/www.quebakan.com\/v15\/kia-ecuador-lider-en-movilidad-sostenible-inaugura-electrolinera-exclusiva-en-san-gabriel-para-clientes-de-vehiculos-electricos\/#breadcrumb"},"inLanguage":"es","potentialAction":[{"@type":"ReadAction","target":["https:\/\/www.quebakan.com\/v15\/kia-ecuador-lider-en-movilidad-sostenible-inaugura-electrolinera-exclusiva-en-san-gabriel-para-clientes-de-vehiculos-electricos\/"]}]},{"@type":"ImageObject","inLanguage":"es","@id":"https:\/\/www.quebakan.com\/v15\/kia-ecuador-lider-en-movilidad-sostenible-inaugura-electrolinera-exclusiva-en-san-gabriel-para-clientes-de-vehiculos-electricos\/#primaryimage","url":"https:\/\/www.quebakan.com\/v15\/wp-content\/uploads\/2026\/04\/6eb0b036-31aa-430c-9ed4-9e4f6f607bc1.jpg","contentUrl":"https:\/\/www.quebakan.com\/v15\/wp-content\/uploads\/2026\/04\/6eb0b036-31aa-430c-9ed4-9e4f6f607bc1.jpg","width":700,"height":466},{"@type":"BreadcrumbList","@id":"https:\/\/www.quebakan.com\/v15\/kia-ecuador-lider-en-movilidad-sostenible-inaugura-electrolinera-exclusiva-en-san-gabriel-para-clientes-de-vehiculos-electricos\/#breadcrumb","itemListElement":[{"@type":"ListItem","position":1,"name":"Portada","item":"https:\/\/www.quebakan.com\/v15\/"},{"@type":"ListItem","position":2,"name":"Kia Ecuador, l\u00edder en movilidad sostenible, inaugura electrolinera exclusiva en San Gabriel para clientes de veh\u00edculos el\u00e9ctricos"}]},{"@type":"WebSite","@id":"https:\/\/www.quebakan.com\/v15\/#website","url":"https:\/\/www.quebakan.com\/v15\/","name":"QUEBAKAN","description":"..","publisher":{"@id":"https:\/\/www.quebakan.com\/v15\/#organization"},"potentialAction":[{"@type":"SearchAction","target":{"@type":"EntryPoint","urlTemplate":"https:\/\/www.quebakan.com\/v15\/?s={search_term_string}"},"query-input":{"@type":"PropertyValueSpecification","valueRequired":true,"valueName":"search_term_string"}}],"inLanguage":"es"},{"@type":"Organization","@id":"https:\/\/www.quebakan.com\/v15\/#organization","name":"Quebakan.com","url":"https:\/\/www.quebakan.com\/v15\/","logo":{"@type":"ImageObject","inLanguage":"es","@id":"https:\/\/www.quebakan.com\/v15\/#\/schema\/logo\/image\/","url":"https:\/\/www.quebakan.com\/v15\/wp-content\/uploads\/2023\/07\/logoquebakanenero2021.jpg","contentUrl":"https:\/\/www.quebakan.com\/v15\/wp-content\/uploads\/2023\/07\/logoquebakanenero2021.jpg","width":1920,"height":1080,"caption":"Quebakan.com"},"image":{"@id":"https:\/\/www.quebakan.com\/v15\/#\/schema\/logo\/image\/"},"sameAs":["http:\/\/www.facebook.com\/quebakan","https:\/\/x.com\/quebakanec","http:\/\/www.instagram.com\/quebakan","http:\/\/www.youtube.com\/quebakan1"]},{"@type":"Person","@id":"https:\/\/www.quebakan.com\/v15\/#\/schema\/person\/d90fa9f9cfa81eb8ace9811e5b7b9118","name":"Erick Villafuerte","image":{"@type":"ImageObject","inLanguage":"es","@id":"https:\/\/www.quebakan.com\/v15\/wp-content\/uploads\/avatars\/4\/1731297654-bpfull.png","url":"https:\/\/www.quebakan.com\/v15\/wp-content\/uploads\/avatars\/4\/1731297654-bpfull.png","contentUrl":"https:\/\/www.quebakan.com\/v15\/wp-content\/uploads\/avatars\/4\/1731297654-bpfull.png","caption":"Erick Villafuerte"}}]}},"_links":{"self":[{"href":"https:\/\/www.quebakan.com\/v15\/wp-json\/wp\/v2\/posts\/141915","targetHints":{"allow":["GET"]}}],"collection":[{"href":"https:\/\/www.quebakan.com\/v15\/wp-json\/wp\/v2\/posts"}],"about":[{"href":"https:\/\/www.quebakan.com\/v15\/wp-json\/wp\/v2\/types\/post"}],"author":[{"embeddable":true,"href":"https:\/\/www.quebakan.com\/v15\/wp-json\/wp\/v2\/users\/4"}],"replies":[{"embeddable":true,"href":"https:\/\/www.quebakan.com\/v15\/wp-json\/wp\/v2\/comments?post=141915"}],"version-history":[{"count":1,"href":"https:\/\/www.quebakan.com\/v15\/wp-json\/wp\/v2\/posts\/141915\/revisions"}],"predecessor-version":[{"id":141917,"href":"https:\/\/www.quebakan.com\/v15\/wp-json\/wp\/v2\/posts\/141915\/revisions\/141917"}],"wp:featuredmedia":[{"embeddable":true,"href":"https:\/\/www.quebakan.com\/v15\/wp-json\/wp\/v2\/media\/141916"}],"wp:attachment":[{"href":"https:\/\/www.quebakan.com\/v15\/wp-json\/wp\/v2\/media?parent=141915"}],"wp:term":[{"taxonomy":"category","embeddable":true,"href":"https:\/\/www.quebakan.com\/v15\/wp-json\/wp\/v2\/categories?post=141915"},{"taxonomy":"post_tag","embeddable":true,"href":"https:\/\/www.quebakan.com\/v15\/wp-json\/wp\/v2\/tags?post=141915"}],"curies":[{"name":"wp","href":"https:\/\/api.w.org\/{rel}","templated":true}]}}