{"id":141926,"date":"2026-04-25T19:36:39","date_gmt":"2026-04-26T00:36:39","guid":{"rendered":"https:\/\/www.quebakan.com\/v15\/?p=141926"},"modified":"2026-04-25T19:36:39","modified_gmt":"2026-04-26T00:36:39","slug":"iniciemos-el-ano-lectivo-trabajando-juntos-por-espacios-limpios","status":"publish","type":"post","link":"https:\/\/www.quebakan.com\/v15\/iniciemos-el-ano-lectivo-trabajando-juntos-por-espacios-limpios\/","title":{"rendered":"Iniciemos el a\u00f1o lectivo trabajando juntos por espacios limpios"},"content":{"rendered":"<p><img fetchpriority=\"high\" decoding=\"async\" class=\"aligncenter size-full wp-image-141927\" src=\"https:\/\/www.quebakan.com\/v15\/wp-content\/uploads\/2026\/04\/FOTO-4-2.jpg\" alt=\"\" width=\"700\" height=\"394\" \/><\/p>\n<p style=\"text-align: justify;\"><span style=\"color: #000000;\">Con el inicio del nuevo a\u00f1o lectivo, el Consorcio Urvaseo recuerda a las unidades educativas la importancia de realizar mingas de limpieza en sus instalaciones, promoviendo espacios adecuados para el desarrollo de las actividades escolares y el bienestar de la comunidad educativa.<\/span><\/p>\n<p style=\"text-align: justify;\"><span style=\"color: #000000;\">En este contexto, se informa que las instituciones pueden solicitar previamente la coordinaci\u00f3n del servicio de recolecci\u00f3n con Urvaseo, con el fin de gestionar de manera oportuna el retiro de los desechos generados durante estas jornadas de limpieza.<\/span><\/p>\n<p style=\"text-align: justify;\"><span style=\"color: #000000;\">Durante las mingas, es importante considerar que se podr\u00e1n disponer residuos y enseres de gran volumen, los cuales deben ser organizados adecuadamente para facilitar su recolecci\u00f3n. Asimismo, en el caso de poda de \u00e1rboles y mantenimiento de jardines, se deben trocear los residuos y colocarlos en sacos de yute o material pl\u00e1stico, permitiendo as\u00ed un manejo m\u00e1s eficiente y ordenado de los desechos.<\/span><\/p>\n<p style=\"text-align: justify;\"><span style=\"color: #000000;\">Para coordinar la recolecci\u00f3n de desechos producto de mingas, las unidades educativas pueden contactarse a trav\u00e9s de WhatsApp al 0962992992, indicando direcci\u00f3n, nombre y n\u00famero de contacto del responsable de la actividad.<\/span><\/p>\n<p style=\"text-align: justify;\"><span style=\"color: #000000;\">\u00a1Lo mejor de Guayaquil, empieza contigo!<\/span><\/p>\n","protected":false},"excerpt":{"rendered":"<p>Con el inicio del nuevo a\u00f1o lectivo, el Consorcio Urvaseo recuerda a las unidades educativas la importancia de realizar mingas de limpieza en sus instalaciones, promoviendo espacios adecuados para el desarrollo de las actividades escolares y el bienestar de la comunidad educativa. En este contexto, se informa que las instituciones pueden solicitar previamente la coordinaci\u00f3n [&hellip;]<\/p>\n","protected":false},"author":4,"featured_media":141927,"comment_status":"closed","ping_status":"closed","sticky":false,"template":"","format":"standard","meta":{"_bbp_topic_count":0,"_bbp_reply_count":0,"_bbp_total_topic_count":0,"_bbp_total_reply_count":0,"_bbp_voice_count":0,"_bbp_anonymous_reply_count":0,"_bbp_topic_count_hidden":0,"_bbp_reply_count_hidden":0,"_bbp_forum_subforum_count":0,"buzzeditor_post_format":"","footnotes":""},"categories":[2],"tags":[],"class_list":["post-141926","post","type-post","status-publish","format-standard","has-post-thumbnail","hentry","category-noticias"],"yoast_head":"<!-- This site is optimized with the Yoast SEO plugin v27.4 - https:\/\/yoast.com\/product\/yoast-seo-wordpress\/ -->\n<title>Iniciemos el a\u00f1o lectivo trabajando juntos por espacios limpios &#8211; QUEBAKAN.COM 2026: Noticias, Eventos, Conciertos y mucho m\u00e1s....<\/title>\n<meta name=\"robots\" content=\"index, follow, max-snippet:-1, max-image-preview:large, max-video-preview:-1\" \/>\n<link rel=\"canonical\" href=\"https:\/\/www.quebakan.com\/v15\/iniciemos-el-ano-lectivo-trabajando-juntos-por-espacios-limpios\/\" \/>\n<meta property=\"og:locale\" content=\"es_ES\" \/>\n<meta property=\"og:type\" content=\"article\" \/>\n<meta property=\"og:title\" content=\"Iniciemos el a\u00f1o lectivo trabajando juntos por espacios limpios &#8211; QUEBAKAN.COM 2026: Noticias, Eventos, Conciertos y mucho m\u00e1s....\" \/>\n<meta property=\"og:description\" content=\"Con el inicio del nuevo a\u00f1o lectivo, el Consorcio Urvaseo recuerda a las unidades educativas la importancia de realizar mingas de limpieza en sus instalaciones, promoviendo espacios adecuados para el desarrollo de las actividades escolares y el bienestar de la comunidad educativa. En este contexto, se informa que las instituciones pueden solicitar previamente la coordinaci\u00f3n [&hellip;]\" \/>\n<meta property=\"og:url\" content=\"https:\/\/www.quebakan.com\/v15\/iniciemos-el-ano-lectivo-trabajando-juntos-por-espacios-limpios\/\" \/>\n<meta property=\"og:site_name\" content=\"QUEBAKAN.COM 2026: Noticias, Eventos, Conciertos y mucho m\u00e1s....\" \/>\n<meta property=\"article:publisher\" content=\"http:\/\/www.facebook.com\/quebakan\" \/>\n<meta property=\"article:published_time\" content=\"2026-04-26T00:36:39+00:00\" \/>\n<meta property=\"og:image\" content=\"https:\/\/www.quebakan.com\/v15\/wp-content\/uploads\/2026\/04\/FOTO-4-2.jpg\" \/>\n\t<meta property=\"og:image:width\" content=\"700\" \/>\n\t<meta property=\"og:image:height\" content=\"394\" \/>\n\t<meta property=\"og:image:type\" content=\"image\/jpeg\" \/>\n<meta name=\"author\" content=\"Erick Villafuerte\" \/>\n<meta name=\"twitter:card\" content=\"summary_large_image\" \/>\n<meta name=\"twitter:creator\" content=\"@quebakanec\" \/>\n<meta name=\"twitter:site\" content=\"@quebakanec\" \/>\n<meta name=\"twitter:label1\" content=\"Escrito por\" \/>\n\t<meta name=\"twitter:data1\" content=\"Erick Villafuerte\" \/>\n\t<meta name=\"twitter:label2\" content=\"Tiempo de lectura\" \/>\n\t<meta name=\"twitter:data2\" content=\"2 minutos\" \/>\n<script type=\"application\/ld+json\" class=\"yoast-schema-graph\">{\"@context\":\"https:\\\/\\\/schema.org\",\"@graph\":[{\"@type\":\"Article\",\"@id\":\"https:\\\/\\\/www.quebakan.com\\\/v15\\\/iniciemos-el-ano-lectivo-trabajando-juntos-por-espacios-limpios\\\/#article\",\"isPartOf\":{\"@id\":\"https:\\\/\\\/www.quebakan.com\\\/v15\\\/iniciemos-el-ano-lectivo-trabajando-juntos-por-espacios-limpios\\\/\"},\"author\":{\"name\":\"Erick Villafuerte\",\"@id\":\"https:\\\/\\\/www.quebakan.com\\\/v15\\\/#\\\/schema\\\/person\\\/d90fa9f9cfa81eb8ace9811e5b7b9118\"},\"headline\":\"Iniciemos el a\u00f1o lectivo trabajando juntos por espacios limpios\",\"datePublished\":\"2026-04-26T00:36:39+00:00\",\"mainEntityOfPage\":{\"@id\":\"https:\\\/\\\/www.quebakan.com\\\/v15\\\/iniciemos-el-ano-lectivo-trabajando-juntos-por-espacios-limpios\\\/\"},\"wordCount\":201,\"publisher\":{\"@id\":\"https:\\\/\\\/www.quebakan.com\\\/v15\\\/#organization\"},\"image\":{\"@id\":\"https:\\\/\\\/www.quebakan.com\\\/v15\\\/iniciemos-el-ano-lectivo-trabajando-juntos-por-espacios-limpios\\\/#primaryimage\"},\"thumbnailUrl\":\"https:\\\/\\\/www.quebakan.com\\\/v15\\\/wp-content\\\/uploads\\\/2026\\\/04\\\/FOTO-4-2.jpg\",\"articleSection\":[\"Noticias\"],\"inLanguage\":\"es\"},{\"@type\":\"WebPage\",\"@id\":\"https:\\\/\\\/www.quebakan.com\\\/v15\\\/iniciemos-el-ano-lectivo-trabajando-juntos-por-espacios-limpios\\\/\",\"url\":\"https:\\\/\\\/www.quebakan.com\\\/v15\\\/iniciemos-el-ano-lectivo-trabajando-juntos-por-espacios-limpios\\\/\",\"name\":\"Iniciemos el a\u00f1o lectivo trabajando juntos por espacios limpios &#8211; QUEBAKAN.COM 2026: Noticias, Eventos, Conciertos y mucho m\u00e1s....\",\"isPartOf\":{\"@id\":\"https:\\\/\\\/www.quebakan.com\\\/v15\\\/#website\"},\"primaryImageOfPage\":{\"@id\":\"https:\\\/\\\/www.quebakan.com\\\/v15\\\/iniciemos-el-ano-lectivo-trabajando-juntos-por-espacios-limpios\\\/#primaryimage\"},\"image\":{\"@id\":\"https:\\\/\\\/www.quebakan.com\\\/v15\\\/iniciemos-el-ano-lectivo-trabajando-juntos-por-espacios-limpios\\\/#primaryimage\"},\"thumbnailUrl\":\"https:\\\/\\\/www.quebakan.com\\\/v15\\\/wp-content\\\/uploads\\\/2026\\\/04\\\/FOTO-4-2.jpg\",\"datePublished\":\"2026-04-26T00:36:39+00:00\",\"breadcrumb\":{\"@id\":\"https:\\\/\\\/www.quebakan.com\\\/v15\\\/iniciemos-el-ano-lectivo-trabajando-juntos-por-espacios-limpios\\\/#breadcrumb\"},\"inLanguage\":\"es\",\"potentialAction\":[{\"@type\":\"ReadAction\",\"target\":[\"https:\\\/\\\/www.quebakan.com\\\/v15\\\/iniciemos-el-ano-lectivo-trabajando-juntos-por-espacios-limpios\\\/\"]}]},{\"@type\":\"ImageObject\",\"inLanguage\":\"es\",\"@id\":\"https:\\\/\\\/www.quebakan.com\\\/v15\\\/iniciemos-el-ano-lectivo-trabajando-juntos-por-espacios-limpios\\\/#primaryimage\",\"url\":\"https:\\\/\\\/www.quebakan.com\\\/v15\\\/wp-content\\\/uploads\\\/2026\\\/04\\\/FOTO-4-2.jpg\",\"contentUrl\":\"https:\\\/\\\/www.quebakan.com\\\/v15\\\/wp-content\\\/uploads\\\/2026\\\/04\\\/FOTO-4-2.jpg\",\"width\":700,\"height\":394},{\"@type\":\"BreadcrumbList\",\"@id\":\"https:\\\/\\\/www.quebakan.com\\\/v15\\\/iniciemos-el-ano-lectivo-trabajando-juntos-por-espacios-limpios\\\/#breadcrumb\",\"itemListElement\":[{\"@type\":\"ListItem\",\"position\":1,\"name\":\"Portada\",\"item\":\"https:\\\/\\\/www.quebakan.com\\\/v15\\\/\"},{\"@type\":\"ListItem\",\"position\":2,\"name\":\"Iniciemos el a\u00f1o lectivo trabajando juntos por espacios limpios\"}]},{\"@type\":\"WebSite\",\"@id\":\"https:\\\/\\\/www.quebakan.com\\\/v15\\\/#website\",\"url\":\"https:\\\/\\\/www.quebakan.com\\\/v15\\\/\",\"name\":\"QUEBAKAN\",\"description\":\"..\",\"publisher\":{\"@id\":\"https:\\\/\\\/www.quebakan.com\\\/v15\\\/#organization\"},\"potentialAction\":[{\"@type\":\"SearchAction\",\"target\":{\"@type\":\"EntryPoint\",\"urlTemplate\":\"https:\\\/\\\/www.quebakan.com\\\/v15\\\/?s={search_term_string}\"},\"query-input\":{\"@type\":\"PropertyValueSpecification\",\"valueRequired\":true,\"valueName\":\"search_term_string\"}}],\"inLanguage\":\"es\"},{\"@type\":\"Organization\",\"@id\":\"https:\\\/\\\/www.quebakan.com\\\/v15\\\/#organization\",\"name\":\"Quebakan.com\",\"url\":\"https:\\\/\\\/www.quebakan.com\\\/v15\\\/\",\"logo\":{\"@type\":\"ImageObject\",\"inLanguage\":\"es\",\"@id\":\"https:\\\/\\\/www.quebakan.com\\\/v15\\\/#\\\/schema\\\/logo\\\/image\\\/\",\"url\":\"https:\\\/\\\/www.quebakan.com\\\/v15\\\/wp-content\\\/uploads\\\/2023\\\/07\\\/logoquebakanenero2021.jpg\",\"contentUrl\":\"https:\\\/\\\/www.quebakan.com\\\/v15\\\/wp-content\\\/uploads\\\/2023\\\/07\\\/logoquebakanenero2021.jpg\",\"width\":1920,\"height\":1080,\"caption\":\"Quebakan.com\"},\"image\":{\"@id\":\"https:\\\/\\\/www.quebakan.com\\\/v15\\\/#\\\/schema\\\/logo\\\/image\\\/\"},\"sameAs\":[\"http:\\\/\\\/www.facebook.com\\\/quebakan\",\"https:\\\/\\\/x.com\\\/quebakanec\",\"http:\\\/\\\/www.instagram.com\\\/quebakan\",\"http:\\\/\\\/www.youtube.com\\\/quebakan1\"]},{\"@type\":\"Person\",\"@id\":\"https:\\\/\\\/www.quebakan.com\\\/v15\\\/#\\\/schema\\\/person\\\/d90fa9f9cfa81eb8ace9811e5b7b9118\",\"name\":\"Erick Villafuerte\",\"image\":{\"@type\":\"ImageObject\",\"inLanguage\":\"es\",\"@id\":\"https:\\\/\\\/www.quebakan.com\\\/v15\\\/wp-content\\\/uploads\\\/avatars\\\/4\\\/1731297654-bpfull.png\",\"url\":\"https:\\\/\\\/www.quebakan.com\\\/v15\\\/wp-content\\\/uploads\\\/avatars\\\/4\\\/1731297654-bpfull.png\",\"contentUrl\":\"https:\\\/\\\/www.quebakan.com\\\/v15\\\/wp-content\\\/uploads\\\/avatars\\\/4\\\/1731297654-bpfull.png\",\"caption\":\"Erick Villafuerte\"}}]}<\/script>\n<!-- \/ Yoast SEO plugin. -->","yoast_head_json":{"title":"Iniciemos el a\u00f1o lectivo trabajando juntos por espacios limpios &#8211; QUEBAKAN.COM 2026: Noticias, Eventos, Conciertos y mucho m\u00e1s....","robots":{"index":"index","follow":"follow","max-snippet":"max-snippet:-1","max-image-preview":"max-image-preview:large","max-video-preview":"max-video-preview:-1"},"canonical":"https:\/\/www.quebakan.com\/v15\/iniciemos-el-ano-lectivo-trabajando-juntos-por-espacios-limpios\/","og_locale":"es_ES","og_type":"article","og_title":"Iniciemos el a\u00f1o lectivo trabajando juntos por espacios limpios &#8211; QUEBAKAN.COM 2026: Noticias, Eventos, Conciertos y mucho m\u00e1s....","og_description":"Con el inicio del nuevo a\u00f1o lectivo, el Consorcio Urvaseo recuerda a las unidades educativas la importancia de realizar mingas de limpieza en sus instalaciones, promoviendo espacios adecuados para el desarrollo de las actividades escolares y el bienestar de la comunidad educativa. En este contexto, se informa que las instituciones pueden solicitar previamente la coordinaci\u00f3n [&hellip;]","og_url":"https:\/\/www.quebakan.com\/v15\/iniciemos-el-ano-lectivo-trabajando-juntos-por-espacios-limpios\/","og_site_name":"QUEBAKAN.COM 2026: Noticias, Eventos, Conciertos y mucho m\u00e1s....","article_publisher":"http:\/\/www.facebook.com\/quebakan","article_published_time":"2026-04-26T00:36:39+00:00","og_image":[{"width":700,"height":394,"url":"https:\/\/www.quebakan.com\/v15\/wp-content\/uploads\/2026\/04\/FOTO-4-2.jpg","type":"image\/jpeg"}],"author":"Erick Villafuerte","twitter_card":"summary_large_image","twitter_creator":"@quebakanec","twitter_site":"@quebakanec","twitter_misc":{"Escrito por":"Erick Villafuerte","Tiempo de lectura":"2 minutos"},"schema":{"@context":"https:\/\/schema.org","@graph":[{"@type":"Article","@id":"https:\/\/www.quebakan.com\/v15\/iniciemos-el-ano-lectivo-trabajando-juntos-por-espacios-limpios\/#article","isPartOf":{"@id":"https:\/\/www.quebakan.com\/v15\/iniciemos-el-ano-lectivo-trabajando-juntos-por-espacios-limpios\/"},"author":{"name":"Erick Villafuerte","@id":"https:\/\/www.quebakan.com\/v15\/#\/schema\/person\/d90fa9f9cfa81eb8ace9811e5b7b9118"},"headline":"Iniciemos el a\u00f1o lectivo trabajando juntos por espacios limpios","datePublished":"2026-04-26T00:36:39+00:00","mainEntityOfPage":{"@id":"https:\/\/www.quebakan.com\/v15\/iniciemos-el-ano-lectivo-trabajando-juntos-por-espacios-limpios\/"},"wordCount":201,"publisher":{"@id":"https:\/\/www.quebakan.com\/v15\/#organization"},"image":{"@id":"https:\/\/www.quebakan.com\/v15\/iniciemos-el-ano-lectivo-trabajando-juntos-por-espacios-limpios\/#primaryimage"},"thumbnailUrl":"https:\/\/www.quebakan.com\/v15\/wp-content\/uploads\/2026\/04\/FOTO-4-2.jpg","articleSection":["Noticias"],"inLanguage":"es"},{"@type":"WebPage","@id":"https:\/\/www.quebakan.com\/v15\/iniciemos-el-ano-lectivo-trabajando-juntos-por-espacios-limpios\/","url":"https:\/\/www.quebakan.com\/v15\/iniciemos-el-ano-lectivo-trabajando-juntos-por-espacios-limpios\/","name":"Iniciemos el a\u00f1o lectivo trabajando juntos por espacios limpios &#8211; QUEBAKAN.COM 2026: Noticias, Eventos, Conciertos y mucho m\u00e1s....","isPartOf":{"@id":"https:\/\/www.quebakan.com\/v15\/#website"},"primaryImageOfPage":{"@id":"https:\/\/www.quebakan.com\/v15\/iniciemos-el-ano-lectivo-trabajando-juntos-por-espacios-limpios\/#primaryimage"},"image":{"@id":"https:\/\/www.quebakan.com\/v15\/iniciemos-el-ano-lectivo-trabajando-juntos-por-espacios-limpios\/#primaryimage"},"thumbnailUrl":"https:\/\/www.quebakan.com\/v15\/wp-content\/uploads\/2026\/04\/FOTO-4-2.jpg","datePublished":"2026-04-26T00:36:39+00:00","breadcrumb":{"@id":"https:\/\/www.quebakan.com\/v15\/iniciemos-el-ano-lectivo-trabajando-juntos-por-espacios-limpios\/#breadcrumb"},"inLanguage":"es","potentialAction":[{"@type":"ReadAction","target":["https:\/\/www.quebakan.com\/v15\/iniciemos-el-ano-lectivo-trabajando-juntos-por-espacios-limpios\/"]}]},{"@type":"ImageObject","inLanguage":"es","@id":"https:\/\/www.quebakan.com\/v15\/iniciemos-el-ano-lectivo-trabajando-juntos-por-espacios-limpios\/#primaryimage","url":"https:\/\/www.quebakan.com\/v15\/wp-content\/uploads\/2026\/04\/FOTO-4-2.jpg","contentUrl":"https:\/\/www.quebakan.com\/v15\/wp-content\/uploads\/2026\/04\/FOTO-4-2.jpg","width":700,"height":394},{"@type":"BreadcrumbList","@id":"https:\/\/www.quebakan.com\/v15\/iniciemos-el-ano-lectivo-trabajando-juntos-por-espacios-limpios\/#breadcrumb","itemListElement":[{"@type":"ListItem","position":1,"name":"Portada","item":"https:\/\/www.quebakan.com\/v15\/"},{"@type":"ListItem","position":2,"name":"Iniciemos el a\u00f1o lectivo trabajando juntos por espacios limpios"}]},{"@type":"WebSite","@id":"https:\/\/www.quebakan.com\/v15\/#website","url":"https:\/\/www.quebakan.com\/v15\/","name":"QUEBAKAN","description":"..","publisher":{"@id":"https:\/\/www.quebakan.com\/v15\/#organization"},"potentialAction":[{"@type":"SearchAction","target":{"@type":"EntryPoint","urlTemplate":"https:\/\/www.quebakan.com\/v15\/?s={search_term_string}"},"query-input":{"@type":"PropertyValueSpecification","valueRequired":true,"valueName":"search_term_string"}}],"inLanguage":"es"},{"@type":"Organization","@id":"https:\/\/www.quebakan.com\/v15\/#organization","name":"Quebakan.com","url":"https:\/\/www.quebakan.com\/v15\/","logo":{"@type":"ImageObject","inLanguage":"es","@id":"https:\/\/www.quebakan.com\/v15\/#\/schema\/logo\/image\/","url":"https:\/\/www.quebakan.com\/v15\/wp-content\/uploads\/2023\/07\/logoquebakanenero2021.jpg","contentUrl":"https:\/\/www.quebakan.com\/v15\/wp-content\/uploads\/2023\/07\/logoquebakanenero2021.jpg","width":1920,"height":1080,"caption":"Quebakan.com"},"image":{"@id":"https:\/\/www.quebakan.com\/v15\/#\/schema\/logo\/image\/"},"sameAs":["http:\/\/www.facebook.com\/quebakan","https:\/\/x.com\/quebakanec","http:\/\/www.instagram.com\/quebakan","http:\/\/www.youtube.com\/quebakan1"]},{"@type":"Person","@id":"https:\/\/www.quebakan.com\/v15\/#\/schema\/person\/d90fa9f9cfa81eb8ace9811e5b7b9118","name":"Erick Villafuerte","image":{"@type":"ImageObject","inLanguage":"es","@id":"https:\/\/www.quebakan.com\/v15\/wp-content\/uploads\/avatars\/4\/1731297654-bpfull.png","url":"https:\/\/www.quebakan.com\/v15\/wp-content\/uploads\/avatars\/4\/1731297654-bpfull.png","contentUrl":"https:\/\/www.quebakan.com\/v15\/wp-content\/uploads\/avatars\/4\/1731297654-bpfull.png","caption":"Erick Villafuerte"}}]}},"_links":{"self":[{"href":"https:\/\/www.quebakan.com\/v15\/wp-json\/wp\/v2\/posts\/141926","targetHints":{"allow":["GET"]}}],"collection":[{"href":"https:\/\/www.quebakan.com\/v15\/wp-json\/wp\/v2\/posts"}],"about":[{"href":"https:\/\/www.quebakan.com\/v15\/wp-json\/wp\/v2\/types\/post"}],"author":[{"embeddable":true,"href":"https:\/\/www.quebakan.com\/v15\/wp-json\/wp\/v2\/users\/4"}],"replies":[{"embeddable":true,"href":"https:\/\/www.quebakan.com\/v15\/wp-json\/wp\/v2\/comments?post=141926"}],"version-history":[{"count":1,"href":"https:\/\/www.quebakan.com\/v15\/wp-json\/wp\/v2\/posts\/141926\/revisions"}],"predecessor-version":[{"id":141928,"href":"https:\/\/www.quebakan.com\/v15\/wp-json\/wp\/v2\/posts\/141926\/revisions\/141928"}],"wp:featuredmedia":[{"embeddable":true,"href":"https:\/\/www.quebakan.com\/v15\/wp-json\/wp\/v2\/media\/141927"}],"wp:attachment":[{"href":"https:\/\/www.quebakan.com\/v15\/wp-json\/wp\/v2\/media?parent=141926"}],"wp:term":[{"taxonomy":"category","embeddable":true,"href":"https:\/\/www.quebakan.com\/v15\/wp-json\/wp\/v2\/categories?post=141926"},{"taxonomy":"post_tag","embeddable":true,"href":"https:\/\/www.quebakan.com\/v15\/wp-json\/wp\/v2\/tags?post=141926"}],"curies":[{"name":"wp","href":"https:\/\/api.w.org\/{rel}","templated":true}]}}