{"id":141933,"date":"2026-04-25T19:54:49","date_gmt":"2026-04-26T00:54:49","guid":{"rendered":"https:\/\/www.quebakan.com\/v15\/?p=141933"},"modified":"2026-04-25T19:54:49","modified_gmt":"2026-04-26T00:54:49","slug":"gala-corp-presenta-su-nueva-etapa-una-evolucion-de-marca-que-refleja-crecimiento-vision-y-expansion-internacional","status":"publish","type":"post","link":"https:\/\/www.quebakan.com\/v15\/gala-corp-presenta-su-nueva-etapa-una-evolucion-de-marca-que-refleja-crecimiento-vision-y-expansion-internacional\/","title":{"rendered":"GALA CORP PRESENTA SU NUEVA ETAPA: UNA EVOLUCI\u00d3N DE MARCA QUE REFLEJA CRECIMIENTO, VISI\u00d3N Y EXPANSI\u00d3N INTERNACIONAL"},"content":{"rendered":"<p><img fetchpriority=\"high\" decoding=\"async\" class=\"aligncenter size-full wp-image-141934\" src=\"https:\/\/www.quebakan.com\/v15\/wp-content\/uploads\/2026\/04\/978978.jpg\" alt=\"\" width=\"700\" height=\"525\" \/><\/p>\n<p style=\"text-align: justify;\"><span style=\"color: #000000;\"><strong>Quito, Ecuador.-<\/strong>\u00a0<\/span><span style=\"color: #000000;\">Despu\u00e9s de m\u00e1s de una d\u00e9cada construyendo una de las estructuras empresariales m\u00e1s s\u00f3lidas y diversificadas del pa\u00eds, Gala Corp presenta oficialmente su proceso de rebranding, una evoluci\u00f3n estrat\u00e9gica que refleja el momento actual de la compa\u00f1\u00eda, su crecimiento sostenido y su visi\u00f3n de futuro.<\/span><\/p>\n<p style=\"text-align: justify;\"><span style=\"color: #000000;\">Hoy, Gala ha logrado consolidar distintas l\u00edneas de negocio bajo una visi\u00f3n clara de expansi\u00f3n, internacionalizaci\u00f3n y sostenibilidad e integra empresas como Gala Import, Gala Export, Gala Academy, Inmo Gala, Gala Segocar y PROCOINEC, adem\u00e1s de liderar la representaci\u00f3n y desarrollo de marcas internacionales como INGCO, WADFOW y EMTOP dentro del mercado ecuatoriano y regional.<\/span><\/p>\n<p style=\"text-align: justify;\"><span style=\"color: #000000;\">Los or\u00edgenes de Gala Corp se remontan a 1981, con la fundaci\u00f3n de Ferreter\u00eda El Constructor en Ambato, una empresa familiar dedicada a la comercializaci\u00f3n de art\u00edculos de ferreter\u00eda. Con el paso del tiempo, el negocio evolucion\u00f3 hacia Gala Business C\u00eda. Ltda., consolid\u00e1ndose como Grupo Ferretero El Constructor y posicion\u00e1ndose como un referente en productos de ferreter\u00eda, construcci\u00f3n, acabados y metalmec\u00e1nica. A\u00f1os m\u00e1s tarde, bajo el liderazgo de Marcos Galarza, la organizaci\u00f3n inici\u00f3 una nueva etapa enfocada en importaci\u00f3n, distribuci\u00f3n y expansi\u00f3n internacional, dando paso a lo que hoy se conoce como Gala Corp: un ecosistema empresarial con presencia en m\u00faltiples industrias y mercados.<\/span><\/p>\n<p style=\"text-align: justify;\"><span style=\"color: #000000;\">Durante los \u00faltimos a\u00f1os, la compa\u00f1\u00eda ha evolucionado desde un modelo centrado en importaci\u00f3n y distribuci\u00f3n hacia un ecosistema empresarial que conecta sectores como retail, construcci\u00f3n, seguridad, bienes ra\u00edces, educaci\u00f3n, abastecimiento, log\u00edstica y exportaci\u00f3n. Esta transformaci\u00f3n ha permitido que Gala Corp se convierta en uno de los grupos empresariales con mayor proyecci\u00f3n dentro de su industria.<\/span><\/p>\n<p style=\"text-align: justify;\"><span style=\"color: #000000;\">Al frente de esta evoluci\u00f3n est\u00e1 Marcos Galarza, presidente y fundador de Gala Corp, quien ha construido su trayectoria sobre una combinaci\u00f3n de visi\u00f3n estrat\u00e9gica, disciplina operativa y capacidad de ejecuci\u00f3n. Con m\u00e1s de 27 a\u00f1os de experiencia en el sector ferretero y de negocios internacionales, Marcos tom\u00f3 el legado familiar y lo transform\u00f3 en una plataforma de crecimiento empresarial con alcance nacional e internacional. Ingeniero Comercial con menci\u00f3n en Marketing por la Pontificia Universidad Cat\u00f3lica del Ecuador sede Ambato y con estudios de posgrado en Negocios Internacionales en Canad\u00e1, Marcos ha desarrollado una visi\u00f3n empresarial profundamente ligada a la internacionalizaci\u00f3n y al crecimiento sostenible.<\/span><\/p>\n<p style=\"text-align: justify;\"><span style=\"color: #000000;\">A lo largo de su carrera ha liderado operaciones comerciales con pa\u00edses como China, Alemania, Canad\u00e1, Colombia, Per\u00fa y Emiratos \u00c1rabes Unidos, entendiendo que el crecimiento empresarial no depende \u00fanicamente de vender m\u00e1s, sino de construir estructura, reputaci\u00f3n, relaciones y capacidad de adaptaci\u00f3n a distintos mercados.<\/span><\/p>\n<p style=\"text-align: justify;\"><span style=\"color: #000000;\">Esa visi\u00f3n se ha reflejado tambi\u00e9n en la expansi\u00f3n regional de Gala Corp. En 2023, la compa\u00f1\u00eda inici\u00f3 oficialmente su crecimiento hacia Per\u00fa, consolidando la presencia de marcas como EMTOP y WADFOW dentro de ese mercado. M\u00e1s adelante, en 2025, Gala Corp ejecut\u00f3 una inversi\u00f3n superior a USD 1,5 millones mediante la adquisici\u00f3n de PROCOINEC, fortaleciendo su participaci\u00f3n dentro del sector el\u00e9ctrico y ampliando su capacidad de cobertura y operaci\u00f3n.<\/span><\/p>\n<p style=\"text-align: justify;\"><span style=\"color: #000000;\">Ese mismo a\u00f1o, la organizaci\u00f3n puso en marcha Gala Export, una iniciativa enfocada en la exportaci\u00f3n de productos no tradicionales hacia mercados estrat\u00e9gicos como Dub\u00e1i, India y China. Esta apuesta representa uno de los pasos m\u00e1s importantes en la construcci\u00f3n de una plataforma empresarial con alcance global.<\/span><\/p>\n<p style=\"text-align: justify;\"><span style=\"color: #000000;\">La nueva identidad de Gala Corp llega adem\u00e1s en un momento de fuerte consolidaci\u00f3n financiera. Entre 2020 y 2025, la compa\u00f1\u00eda increment\u00f3 sus ingresos de USD 10,4 millones a USD 22,9 millones, alcanzando un crecimiento acumulado del 120%. Durante ese mismo per\u00edodo, la utilidad bruta creci\u00f3 un 218% y la utilidad neta aument\u00f3 un 559%, pasando de USD 154 mil a m\u00e1s de USD 1 mill\u00f3n.<\/span><\/p>\n<p style=\"text-align: justify;\"><span style=\"color: #000000;\">Este crecimiento no solo ha fortalecido la estructura financiera de la empresa, sino tambi\u00e9n su impacto social y laboral. Gala Corp pas\u00f3 de 150 a 230 colaboradores entre 2020 y 2025, generando empleo formal y fortaleciendo una cultura empresarial basada en meritocracia, estabilidad, crecimiento y liderazgo. Actualmente, el 40% de su estructura organizacional est\u00e1 conformada por mujeres en posiciones estrat\u00e9gicas y de liderazgo.<\/span><\/p>\n<p style=\"text-align: justify;\"><span style=\"color: #000000;\">De cara al futuro, Gala Corp proyecta cerrar 2026 con ventas cercanas a USD 27 millones y ejecutar uno de sus proyectos m\u00e1s importantes: la apertura de INGCO MART Quito, un mega centro ferretero ubicado en el Valle de los Chillos, con una inversi\u00f3n cercana a USD 2 millones.<\/span><\/p>\n<p style=\"text-align: justify;\"><span style=\"color: #000000;\">Con este rebranding, Gala Corp no solo actualiza su imagen. Refuerza una posici\u00f3n construida durante a\u00f1os: la de una compa\u00f1\u00eda que entiende c\u00f3mo convertir visi\u00f3n, estructura y relaciones internacionales en una plataforma real de crecimiento para Ecuador.<\/span><\/p>\n<p style=\"text-align: justify;\"><span style=\"color: #000000;\">Hoy, Gala Corp representa una nueva generaci\u00f3n de empresas ecuatorianas: organizaciones que no esperan el cambio, sino que lo dise\u00f1an, lo ejecutan y lo lideran.<\/span><\/p>\n<p><img decoding=\"async\" class=\"aligncenter size-full wp-image-141935\" src=\"https:\/\/www.quebakan.com\/v15\/wp-content\/uploads\/2026\/04\/009-1.jpg\" alt=\"\" width=\"700\" height=\"467\" \/><\/p>\n","protected":false},"excerpt":{"rendered":"<p>Quito, Ecuador.-\u00a0Despu\u00e9s de m\u00e1s de una d\u00e9cada construyendo una de las estructuras empresariales m\u00e1s s\u00f3lidas y diversificadas del pa\u00eds, Gala Corp presenta oficialmente su proceso de rebranding, una evoluci\u00f3n estrat\u00e9gica que refleja el momento actual de la compa\u00f1\u00eda, su crecimiento sostenido y su visi\u00f3n de futuro. Hoy, Gala ha logrado consolidar distintas l\u00edneas de negocio [&hellip;]<\/p>\n","protected":false},"author":4,"featured_media":141934,"comment_status":"closed","ping_status":"closed","sticky":false,"template":"","format":"standard","meta":{"_bbp_topic_count":0,"_bbp_reply_count":0,"_bbp_total_topic_count":0,"_bbp_total_reply_count":0,"_bbp_voice_count":0,"_bbp_anonymous_reply_count":0,"_bbp_topic_count_hidden":0,"_bbp_reply_count_hidden":0,"_bbp_forum_subforum_count":0,"buzzeditor_post_format":"","footnotes":""},"categories":[2],"tags":[],"class_list":["post-141933","post","type-post","status-publish","format-standard","has-post-thumbnail","hentry","category-noticias"],"yoast_head":"<!-- This site is optimized with the Yoast SEO plugin v27.4 - https:\/\/yoast.com\/product\/yoast-seo-wordpress\/ -->\n<title>GALA CORP PRESENTA SU NUEVA ETAPA: UNA EVOLUCI\u00d3N DE MARCA QUE REFLEJA CRECIMIENTO, VISI\u00d3N Y EXPANSI\u00d3N INTERNACIONAL &#8211; QUEBAKAN.COM 2026: Noticias, Eventos, Conciertos y mucho m\u00e1s....<\/title>\n<meta name=\"robots\" content=\"index, follow, max-snippet:-1, max-image-preview:large, max-video-preview:-1\" \/>\n<link rel=\"canonical\" href=\"https:\/\/www.quebakan.com\/v15\/gala-corp-presenta-su-nueva-etapa-una-evolucion-de-marca-que-refleja-crecimiento-vision-y-expansion-internacional\/\" \/>\n<meta property=\"og:locale\" content=\"es_ES\" \/>\n<meta property=\"og:type\" content=\"article\" \/>\n<meta property=\"og:title\" content=\"GALA CORP PRESENTA SU NUEVA ETAPA: UNA EVOLUCI\u00d3N DE MARCA QUE REFLEJA CRECIMIENTO, VISI\u00d3N Y EXPANSI\u00d3N INTERNACIONAL &#8211; QUEBAKAN.COM 2026: Noticias, Eventos, Conciertos y mucho m\u00e1s....\" \/>\n<meta property=\"og:description\" content=\"Quito, Ecuador.-\u00a0Despu\u00e9s de m\u00e1s de una d\u00e9cada construyendo una de las estructuras empresariales m\u00e1s s\u00f3lidas y diversificadas del pa\u00eds, Gala Corp presenta oficialmente su proceso de rebranding, una evoluci\u00f3n estrat\u00e9gica que refleja el momento actual de la compa\u00f1\u00eda, su crecimiento sostenido y su visi\u00f3n de futuro. Hoy, Gala ha logrado consolidar distintas l\u00edneas de negocio [&hellip;]\" \/>\n<meta property=\"og:url\" content=\"https:\/\/www.quebakan.com\/v15\/gala-corp-presenta-su-nueva-etapa-una-evolucion-de-marca-que-refleja-crecimiento-vision-y-expansion-internacional\/\" \/>\n<meta property=\"og:site_name\" content=\"QUEBAKAN.COM 2026: Noticias, Eventos, Conciertos y mucho m\u00e1s....\" \/>\n<meta property=\"article:publisher\" content=\"http:\/\/www.facebook.com\/quebakan\" \/>\n<meta property=\"article:published_time\" content=\"2026-04-26T00:54:49+00:00\" \/>\n<meta property=\"og:image\" content=\"https:\/\/www.quebakan.com\/v15\/wp-content\/uploads\/2026\/04\/978978.jpg\" \/>\n\t<meta property=\"og:image:width\" content=\"700\" \/>\n\t<meta property=\"og:image:height\" content=\"525\" \/>\n\t<meta property=\"og:image:type\" content=\"image\/jpeg\" \/>\n<meta name=\"author\" content=\"Erick Villafuerte\" \/>\n<meta name=\"twitter:card\" content=\"summary_large_image\" \/>\n<meta name=\"twitter:creator\" content=\"@quebakanec\" \/>\n<meta name=\"twitter:site\" content=\"@quebakanec\" \/>\n<meta name=\"twitter:label1\" content=\"Escrito por\" \/>\n\t<meta name=\"twitter:data1\" content=\"Erick Villafuerte\" \/>\n\t<meta name=\"twitter:label2\" content=\"Tiempo de lectura\" \/>\n\t<meta name=\"twitter:data2\" content=\"5 minutos\" \/>\n<script type=\"application\/ld+json\" class=\"yoast-schema-graph\">{\"@context\":\"https:\\\/\\\/schema.org\",\"@graph\":[{\"@type\":\"Article\",\"@id\":\"https:\\\/\\\/www.quebakan.com\\\/v15\\\/gala-corp-presenta-su-nueva-etapa-una-evolucion-de-marca-que-refleja-crecimiento-vision-y-expansion-internacional\\\/#article\",\"isPartOf\":{\"@id\":\"https:\\\/\\\/www.quebakan.com\\\/v15\\\/gala-corp-presenta-su-nueva-etapa-una-evolucion-de-marca-que-refleja-crecimiento-vision-y-expansion-internacional\\\/\"},\"author\":{\"name\":\"Erick Villafuerte\",\"@id\":\"https:\\\/\\\/www.quebakan.com\\\/v15\\\/#\\\/schema\\\/person\\\/d90fa9f9cfa81eb8ace9811e5b7b9118\"},\"headline\":\"GALA CORP PRESENTA SU NUEVA ETAPA: UNA EVOLUCI\u00d3N DE MARCA QUE REFLEJA CRECIMIENTO, VISI\u00d3N Y EXPANSI\u00d3N INTERNACIONAL\",\"datePublished\":\"2026-04-26T00:54:49+00:00\",\"mainEntityOfPage\":{\"@id\":\"https:\\\/\\\/www.quebakan.com\\\/v15\\\/gala-corp-presenta-su-nueva-etapa-una-evolucion-de-marca-que-refleja-crecimiento-vision-y-expansion-internacional\\\/\"},\"wordCount\":864,\"publisher\":{\"@id\":\"https:\\\/\\\/www.quebakan.com\\\/v15\\\/#organization\"},\"image\":{\"@id\":\"https:\\\/\\\/www.quebakan.com\\\/v15\\\/gala-corp-presenta-su-nueva-etapa-una-evolucion-de-marca-que-refleja-crecimiento-vision-y-expansion-internacional\\\/#primaryimage\"},\"thumbnailUrl\":\"https:\\\/\\\/www.quebakan.com\\\/v15\\\/wp-content\\\/uploads\\\/2026\\\/04\\\/978978.jpg\",\"articleSection\":[\"Noticias\"],\"inLanguage\":\"es\"},{\"@type\":\"WebPage\",\"@id\":\"https:\\\/\\\/www.quebakan.com\\\/v15\\\/gala-corp-presenta-su-nueva-etapa-una-evolucion-de-marca-que-refleja-crecimiento-vision-y-expansion-internacional\\\/\",\"url\":\"https:\\\/\\\/www.quebakan.com\\\/v15\\\/gala-corp-presenta-su-nueva-etapa-una-evolucion-de-marca-que-refleja-crecimiento-vision-y-expansion-internacional\\\/\",\"name\":\"GALA CORP PRESENTA SU NUEVA ETAPA: UNA EVOLUCI\u00d3N DE MARCA QUE REFLEJA CRECIMIENTO, VISI\u00d3N Y EXPANSI\u00d3N INTERNACIONAL &#8211; QUEBAKAN.COM 2026: Noticias, Eventos, Conciertos y mucho m\u00e1s....\",\"isPartOf\":{\"@id\":\"https:\\\/\\\/www.quebakan.com\\\/v15\\\/#website\"},\"primaryImageOfPage\":{\"@id\":\"https:\\\/\\\/www.quebakan.com\\\/v15\\\/gala-corp-presenta-su-nueva-etapa-una-evolucion-de-marca-que-refleja-crecimiento-vision-y-expansion-internacional\\\/#primaryimage\"},\"image\":{\"@id\":\"https:\\\/\\\/www.quebakan.com\\\/v15\\\/gala-corp-presenta-su-nueva-etapa-una-evolucion-de-marca-que-refleja-crecimiento-vision-y-expansion-internacional\\\/#primaryimage\"},\"thumbnailUrl\":\"https:\\\/\\\/www.quebakan.com\\\/v15\\\/wp-content\\\/uploads\\\/2026\\\/04\\\/978978.jpg\",\"datePublished\":\"2026-04-26T00:54:49+00:00\",\"breadcrumb\":{\"@id\":\"https:\\\/\\\/www.quebakan.com\\\/v15\\\/gala-corp-presenta-su-nueva-etapa-una-evolucion-de-marca-que-refleja-crecimiento-vision-y-expansion-internacional\\\/#breadcrumb\"},\"inLanguage\":\"es\",\"potentialAction\":[{\"@type\":\"ReadAction\",\"target\":[\"https:\\\/\\\/www.quebakan.com\\\/v15\\\/gala-corp-presenta-su-nueva-etapa-una-evolucion-de-marca-que-refleja-crecimiento-vision-y-expansion-internacional\\\/\"]}]},{\"@type\":\"ImageObject\",\"inLanguage\":\"es\",\"@id\":\"https:\\\/\\\/www.quebakan.com\\\/v15\\\/gala-corp-presenta-su-nueva-etapa-una-evolucion-de-marca-que-refleja-crecimiento-vision-y-expansion-internacional\\\/#primaryimage\",\"url\":\"https:\\\/\\\/www.quebakan.com\\\/v15\\\/wp-content\\\/uploads\\\/2026\\\/04\\\/978978.jpg\",\"contentUrl\":\"https:\\\/\\\/www.quebakan.com\\\/v15\\\/wp-content\\\/uploads\\\/2026\\\/04\\\/978978.jpg\",\"width\":700,\"height\":525},{\"@type\":\"BreadcrumbList\",\"@id\":\"https:\\\/\\\/www.quebakan.com\\\/v15\\\/gala-corp-presenta-su-nueva-etapa-una-evolucion-de-marca-que-refleja-crecimiento-vision-y-expansion-internacional\\\/#breadcrumb\",\"itemListElement\":[{\"@type\":\"ListItem\",\"position\":1,\"name\":\"Portada\",\"item\":\"https:\\\/\\\/www.quebakan.com\\\/v15\\\/\"},{\"@type\":\"ListItem\",\"position\":2,\"name\":\"GALA CORP PRESENTA SU NUEVA ETAPA: UNA EVOLUCI\u00d3N DE MARCA QUE REFLEJA CRECIMIENTO, VISI\u00d3N Y EXPANSI\u00d3N INTERNACIONAL\"}]},{\"@type\":\"WebSite\",\"@id\":\"https:\\\/\\\/www.quebakan.com\\\/v15\\\/#website\",\"url\":\"https:\\\/\\\/www.quebakan.com\\\/v15\\\/\",\"name\":\"QUEBAKAN\",\"description\":\"..\",\"publisher\":{\"@id\":\"https:\\\/\\\/www.quebakan.com\\\/v15\\\/#organization\"},\"potentialAction\":[{\"@type\":\"SearchAction\",\"target\":{\"@type\":\"EntryPoint\",\"urlTemplate\":\"https:\\\/\\\/www.quebakan.com\\\/v15\\\/?s={search_term_string}\"},\"query-input\":{\"@type\":\"PropertyValueSpecification\",\"valueRequired\":true,\"valueName\":\"search_term_string\"}}],\"inLanguage\":\"es\"},{\"@type\":\"Organization\",\"@id\":\"https:\\\/\\\/www.quebakan.com\\\/v15\\\/#organization\",\"name\":\"Quebakan.com\",\"url\":\"https:\\\/\\\/www.quebakan.com\\\/v15\\\/\",\"logo\":{\"@type\":\"ImageObject\",\"inLanguage\":\"es\",\"@id\":\"https:\\\/\\\/www.quebakan.com\\\/v15\\\/#\\\/schema\\\/logo\\\/image\\\/\",\"url\":\"https:\\\/\\\/www.quebakan.com\\\/v15\\\/wp-content\\\/uploads\\\/2023\\\/07\\\/logoquebakanenero2021.jpg\",\"contentUrl\":\"https:\\\/\\\/www.quebakan.com\\\/v15\\\/wp-content\\\/uploads\\\/2023\\\/07\\\/logoquebakanenero2021.jpg\",\"width\":1920,\"height\":1080,\"caption\":\"Quebakan.com\"},\"image\":{\"@id\":\"https:\\\/\\\/www.quebakan.com\\\/v15\\\/#\\\/schema\\\/logo\\\/image\\\/\"},\"sameAs\":[\"http:\\\/\\\/www.facebook.com\\\/quebakan\",\"https:\\\/\\\/x.com\\\/quebakanec\",\"http:\\\/\\\/www.instagram.com\\\/quebakan\",\"http:\\\/\\\/www.youtube.com\\\/quebakan1\"]},{\"@type\":\"Person\",\"@id\":\"https:\\\/\\\/www.quebakan.com\\\/v15\\\/#\\\/schema\\\/person\\\/d90fa9f9cfa81eb8ace9811e5b7b9118\",\"name\":\"Erick Villafuerte\",\"image\":{\"@type\":\"ImageObject\",\"inLanguage\":\"es\",\"@id\":\"https:\\\/\\\/www.quebakan.com\\\/v15\\\/wp-content\\\/uploads\\\/avatars\\\/4\\\/1731297654-bpfull.png\",\"url\":\"https:\\\/\\\/www.quebakan.com\\\/v15\\\/wp-content\\\/uploads\\\/avatars\\\/4\\\/1731297654-bpfull.png\",\"contentUrl\":\"https:\\\/\\\/www.quebakan.com\\\/v15\\\/wp-content\\\/uploads\\\/avatars\\\/4\\\/1731297654-bpfull.png\",\"caption\":\"Erick Villafuerte\"}}]}<\/script>\n<!-- \/ Yoast SEO plugin. -->","yoast_head_json":{"title":"GALA CORP PRESENTA SU NUEVA ETAPA: UNA EVOLUCI\u00d3N DE MARCA QUE REFLEJA CRECIMIENTO, VISI\u00d3N Y EXPANSI\u00d3N INTERNACIONAL &#8211; QUEBAKAN.COM 2026: Noticias, Eventos, Conciertos y mucho m\u00e1s....","robots":{"index":"index","follow":"follow","max-snippet":"max-snippet:-1","max-image-preview":"max-image-preview:large","max-video-preview":"max-video-preview:-1"},"canonical":"https:\/\/www.quebakan.com\/v15\/gala-corp-presenta-su-nueva-etapa-una-evolucion-de-marca-que-refleja-crecimiento-vision-y-expansion-internacional\/","og_locale":"es_ES","og_type":"article","og_title":"GALA CORP PRESENTA SU NUEVA ETAPA: UNA EVOLUCI\u00d3N DE MARCA QUE REFLEJA CRECIMIENTO, VISI\u00d3N Y EXPANSI\u00d3N INTERNACIONAL &#8211; QUEBAKAN.COM 2026: Noticias, Eventos, Conciertos y mucho m\u00e1s....","og_description":"Quito, Ecuador.-\u00a0Despu\u00e9s de m\u00e1s de una d\u00e9cada construyendo una de las estructuras empresariales m\u00e1s s\u00f3lidas y diversificadas del pa\u00eds, Gala Corp presenta oficialmente su proceso de rebranding, una evoluci\u00f3n estrat\u00e9gica que refleja el momento actual de la compa\u00f1\u00eda, su crecimiento sostenido y su visi\u00f3n de futuro. Hoy, Gala ha logrado consolidar distintas l\u00edneas de negocio [&hellip;]","og_url":"https:\/\/www.quebakan.com\/v15\/gala-corp-presenta-su-nueva-etapa-una-evolucion-de-marca-que-refleja-crecimiento-vision-y-expansion-internacional\/","og_site_name":"QUEBAKAN.COM 2026: Noticias, Eventos, Conciertos y mucho m\u00e1s....","article_publisher":"http:\/\/www.facebook.com\/quebakan","article_published_time":"2026-04-26T00:54:49+00:00","og_image":[{"width":700,"height":525,"url":"https:\/\/www.quebakan.com\/v15\/wp-content\/uploads\/2026\/04\/978978.jpg","type":"image\/jpeg"}],"author":"Erick Villafuerte","twitter_card":"summary_large_image","twitter_creator":"@quebakanec","twitter_site":"@quebakanec","twitter_misc":{"Escrito por":"Erick Villafuerte","Tiempo de lectura":"5 minutos"},"schema":{"@context":"https:\/\/schema.org","@graph":[{"@type":"Article","@id":"https:\/\/www.quebakan.com\/v15\/gala-corp-presenta-su-nueva-etapa-una-evolucion-de-marca-que-refleja-crecimiento-vision-y-expansion-internacional\/#article","isPartOf":{"@id":"https:\/\/www.quebakan.com\/v15\/gala-corp-presenta-su-nueva-etapa-una-evolucion-de-marca-que-refleja-crecimiento-vision-y-expansion-internacional\/"},"author":{"name":"Erick Villafuerte","@id":"https:\/\/www.quebakan.com\/v15\/#\/schema\/person\/d90fa9f9cfa81eb8ace9811e5b7b9118"},"headline":"GALA CORP PRESENTA SU NUEVA ETAPA: UNA EVOLUCI\u00d3N DE MARCA QUE REFLEJA CRECIMIENTO, VISI\u00d3N Y EXPANSI\u00d3N INTERNACIONAL","datePublished":"2026-04-26T00:54:49+00:00","mainEntityOfPage":{"@id":"https:\/\/www.quebakan.com\/v15\/gala-corp-presenta-su-nueva-etapa-una-evolucion-de-marca-que-refleja-crecimiento-vision-y-expansion-internacional\/"},"wordCount":864,"publisher":{"@id":"https:\/\/www.quebakan.com\/v15\/#organization"},"image":{"@id":"https:\/\/www.quebakan.com\/v15\/gala-corp-presenta-su-nueva-etapa-una-evolucion-de-marca-que-refleja-crecimiento-vision-y-expansion-internacional\/#primaryimage"},"thumbnailUrl":"https:\/\/www.quebakan.com\/v15\/wp-content\/uploads\/2026\/04\/978978.jpg","articleSection":["Noticias"],"inLanguage":"es"},{"@type":"WebPage","@id":"https:\/\/www.quebakan.com\/v15\/gala-corp-presenta-su-nueva-etapa-una-evolucion-de-marca-que-refleja-crecimiento-vision-y-expansion-internacional\/","url":"https:\/\/www.quebakan.com\/v15\/gala-corp-presenta-su-nueva-etapa-una-evolucion-de-marca-que-refleja-crecimiento-vision-y-expansion-internacional\/","name":"GALA CORP PRESENTA SU NUEVA ETAPA: UNA EVOLUCI\u00d3N DE MARCA QUE REFLEJA CRECIMIENTO, VISI\u00d3N Y EXPANSI\u00d3N INTERNACIONAL &#8211; QUEBAKAN.COM 2026: Noticias, Eventos, Conciertos y mucho m\u00e1s....","isPartOf":{"@id":"https:\/\/www.quebakan.com\/v15\/#website"},"primaryImageOfPage":{"@id":"https:\/\/www.quebakan.com\/v15\/gala-corp-presenta-su-nueva-etapa-una-evolucion-de-marca-que-refleja-crecimiento-vision-y-expansion-internacional\/#primaryimage"},"image":{"@id":"https:\/\/www.quebakan.com\/v15\/gala-corp-presenta-su-nueva-etapa-una-evolucion-de-marca-que-refleja-crecimiento-vision-y-expansion-internacional\/#primaryimage"},"thumbnailUrl":"https:\/\/www.quebakan.com\/v15\/wp-content\/uploads\/2026\/04\/978978.jpg","datePublished":"2026-04-26T00:54:49+00:00","breadcrumb":{"@id":"https:\/\/www.quebakan.com\/v15\/gala-corp-presenta-su-nueva-etapa-una-evolucion-de-marca-que-refleja-crecimiento-vision-y-expansion-internacional\/#breadcrumb"},"inLanguage":"es","potentialAction":[{"@type":"ReadAction","target":["https:\/\/www.quebakan.com\/v15\/gala-corp-presenta-su-nueva-etapa-una-evolucion-de-marca-que-refleja-crecimiento-vision-y-expansion-internacional\/"]}]},{"@type":"ImageObject","inLanguage":"es","@id":"https:\/\/www.quebakan.com\/v15\/gala-corp-presenta-su-nueva-etapa-una-evolucion-de-marca-que-refleja-crecimiento-vision-y-expansion-internacional\/#primaryimage","url":"https:\/\/www.quebakan.com\/v15\/wp-content\/uploads\/2026\/04\/978978.jpg","contentUrl":"https:\/\/www.quebakan.com\/v15\/wp-content\/uploads\/2026\/04\/978978.jpg","width":700,"height":525},{"@type":"BreadcrumbList","@id":"https:\/\/www.quebakan.com\/v15\/gala-corp-presenta-su-nueva-etapa-una-evolucion-de-marca-que-refleja-crecimiento-vision-y-expansion-internacional\/#breadcrumb","itemListElement":[{"@type":"ListItem","position":1,"name":"Portada","item":"https:\/\/www.quebakan.com\/v15\/"},{"@type":"ListItem","position":2,"name":"GALA CORP PRESENTA SU NUEVA ETAPA: UNA EVOLUCI\u00d3N DE MARCA QUE REFLEJA CRECIMIENTO, VISI\u00d3N Y EXPANSI\u00d3N INTERNACIONAL"}]},{"@type":"WebSite","@id":"https:\/\/www.quebakan.com\/v15\/#website","url":"https:\/\/www.quebakan.com\/v15\/","name":"QUEBAKAN","description":"..","publisher":{"@id":"https:\/\/www.quebakan.com\/v15\/#organization"},"potentialAction":[{"@type":"SearchAction","target":{"@type":"EntryPoint","urlTemplate":"https:\/\/www.quebakan.com\/v15\/?s={search_term_string}"},"query-input":{"@type":"PropertyValueSpecification","valueRequired":true,"valueName":"search_term_string"}}],"inLanguage":"es"},{"@type":"Organization","@id":"https:\/\/www.quebakan.com\/v15\/#organization","name":"Quebakan.com","url":"https:\/\/www.quebakan.com\/v15\/","logo":{"@type":"ImageObject","inLanguage":"es","@id":"https:\/\/www.quebakan.com\/v15\/#\/schema\/logo\/image\/","url":"https:\/\/www.quebakan.com\/v15\/wp-content\/uploads\/2023\/07\/logoquebakanenero2021.jpg","contentUrl":"https:\/\/www.quebakan.com\/v15\/wp-content\/uploads\/2023\/07\/logoquebakanenero2021.jpg","width":1920,"height":1080,"caption":"Quebakan.com"},"image":{"@id":"https:\/\/www.quebakan.com\/v15\/#\/schema\/logo\/image\/"},"sameAs":["http:\/\/www.facebook.com\/quebakan","https:\/\/x.com\/quebakanec","http:\/\/www.instagram.com\/quebakan","http:\/\/www.youtube.com\/quebakan1"]},{"@type":"Person","@id":"https:\/\/www.quebakan.com\/v15\/#\/schema\/person\/d90fa9f9cfa81eb8ace9811e5b7b9118","name":"Erick Villafuerte","image":{"@type":"ImageObject","inLanguage":"es","@id":"https:\/\/www.quebakan.com\/v15\/wp-content\/uploads\/avatars\/4\/1731297654-bpfull.png","url":"https:\/\/www.quebakan.com\/v15\/wp-content\/uploads\/avatars\/4\/1731297654-bpfull.png","contentUrl":"https:\/\/www.quebakan.com\/v15\/wp-content\/uploads\/avatars\/4\/1731297654-bpfull.png","caption":"Erick Villafuerte"}}]}},"_links":{"self":[{"href":"https:\/\/www.quebakan.com\/v15\/wp-json\/wp\/v2\/posts\/141933","targetHints":{"allow":["GET"]}}],"collection":[{"href":"https:\/\/www.quebakan.com\/v15\/wp-json\/wp\/v2\/posts"}],"about":[{"href":"https:\/\/www.quebakan.com\/v15\/wp-json\/wp\/v2\/types\/post"}],"author":[{"embeddable":true,"href":"https:\/\/www.quebakan.com\/v15\/wp-json\/wp\/v2\/users\/4"}],"replies":[{"embeddable":true,"href":"https:\/\/www.quebakan.com\/v15\/wp-json\/wp\/v2\/comments?post=141933"}],"version-history":[{"count":1,"href":"https:\/\/www.quebakan.com\/v15\/wp-json\/wp\/v2\/posts\/141933\/revisions"}],"predecessor-version":[{"id":141936,"href":"https:\/\/www.quebakan.com\/v15\/wp-json\/wp\/v2\/posts\/141933\/revisions\/141936"}],"wp:featuredmedia":[{"embeddable":true,"href":"https:\/\/www.quebakan.com\/v15\/wp-json\/wp\/v2\/media\/141934"}],"wp:attachment":[{"href":"https:\/\/www.quebakan.com\/v15\/wp-json\/wp\/v2\/media?parent=141933"}],"wp:term":[{"taxonomy":"category","embeddable":true,"href":"https:\/\/www.quebakan.com\/v15\/wp-json\/wp\/v2\/categories?post=141933"},{"taxonomy":"post_tag","embeddable":true,"href":"https:\/\/www.quebakan.com\/v15\/wp-json\/wp\/v2\/tags?post=141933"}],"curies":[{"name":"wp","href":"https:\/\/api.w.org\/{rel}","templated":true}]}}