{"id":141944,"date":"2026-04-25T21:08:06","date_gmt":"2026-04-26T02:08:06","guid":{"rendered":"https:\/\/www.quebakan.com\/v15\/?p=141944"},"modified":"2026-04-25T21:08:06","modified_gmt":"2026-04-26T02:08:06","slug":"el-control-de-las-porciones-como-clave-para-integrar-el-postre-en-una-dieta-equilibrada","status":"publish","type":"post","link":"https:\/\/www.quebakan.com\/v15\/el-control-de-las-porciones-como-clave-para-integrar-el-postre-en-una-dieta-equilibrada\/","title":{"rendered":"El control de las porciones como clave para integrar el postre en  una dieta equilibrada"},"content":{"rendered":"<p><img fetchpriority=\"high\" decoding=\"async\" class=\"aligncenter size-full wp-image-141945\" src=\"https:\/\/www.quebakan.com\/v15\/wp-content\/uploads\/2026\/04\/delicious-pomegranate-juice-with-seeds-straw-1.jpg\" alt=\"\" width=\"700\" height=\"467\" \/><\/p>\n<p style=\"text-align: justify;\"><span style=\"color: #000000;\">\u2022 Diversos estudios han demostrado que aumentar el tama\u00f1o de la porci\u00f3n puede elevar significativamente <\/span><span style=\"color: #000000;\">la ingesta cal\u00f3rica sin que las personas lo perciban, mientras que la OMS recomienda que los az\u00facares <\/span><span style=\"color: #000000;\">libres no superen el 10% de la ingesta diaria. <\/span><br \/>\n<span style=\"color: #000000;\">\u2022 Definir la porci\u00f3n desde el inicio, evitar repetir de inmediato y usar referencias visuales como el tama\u00f1o <\/span><span style=\"color: #000000;\">de la palma de la mano son algunas de las estrategias que ayudan a moderar el consumo de postres.<\/span><\/p>\n<p style=\"text-align: justify;\"><span style=\"color: #000000;\">Quito, 24 de abril de 2026. En alimentaci\u00f3n, el disfrute tambi\u00e9n cuenta, y hoy el <\/span><span style=\"color: #000000;\">bienestar se basa en decisiones m\u00e1s conscientes que en la restricci\u00f3n. En este <\/span><span style=\"color: #000000;\">contexto, cobra relevancia c\u00f3mo disfrutar de los postres de forma pr\u00e1ctica y <\/span><span style=\"color: #000000;\">equilibrada, destacando un punto clave: la porci\u00f3n. La evidencia muestra que el <\/span><span style=\"color: #000000;\">consumo de porciones grandes puede aumentar la ingesta cal\u00f3rica y el apetito, lo que <\/span><span style=\"color: #000000;\">a largo plazo se asocia con un mayor riesgo de obesidad.<\/span><\/p>\n<p style=\"text-align: justify;\"><span style=\"color: #000000;\">\u201cEl verdadero cambio en la alimentaci\u00f3n est\u00e1 en c\u00f3mo elegimos y cu\u00e1nto consumimos. <\/span><span style=\"color: #000000;\">Incluso en preparaciones caseras y pr\u00e1cticas, la porci\u00f3n sigue siendo el factor <\/span><span style=\"color: #000000;\">determinante para mantener el equilibrio\u201d, asevera Andrea Cortez, nutricionista <\/span><span style=\"color: #000000;\">cl\u00ednica.<\/span><\/p>\n<p style=\"text-align: justify;\"><span style=\"color: #000000;\">En este contexto, aprender a reconocer una porci\u00f3n suficiente puede marcar la <\/span><span style=\"color: #000000;\">diferencia. Como gu\u00eda pr\u00e1ctica, una rebanada peque\u00f1a de pastel, aproximadamente <\/span><span style=\"color: #000000;\">del tama\u00f1o de la palma de la mano, permite disfrutar con mayor conciencia. M\u00e1s que <\/span><span style=\"color: #000000;\">una cifra r\u00edgida, lo importante es contar con referencias visuales que faciliten una <\/span><span style=\"color: #000000;\">ingesta moderada, especialmente en alimentos de alta densidad energ\u00e9ticaii. <\/span><\/p>\n<p style=\"text-align: justify;\"><span style=\"color: #000000;\">El punto cobra todav\u00eda m\u00e1s relevancia al considerar el aporte de az\u00facares libres en la <\/span><span style=\"color: #000000;\">dieta diaria. La Organizaci\u00f3n Mundial de la Salud (OMS) recomienda que su consumo <\/span><span style=\"color: #000000;\">no supere el 10% de la ingesta cal\u00f3rica total, e idealmente se reduzca por debajo del <\/span><span style=\"color: #000000;\">5% para obtener beneficios adicionales para la saludiii. Esto no implica eliminar <\/span><span style=\"color: #000000;\">alimentos como una torta, sino integrarlos de forma consciente.<\/span><\/p>\n<p style=\"text-align: justify;\"><span style=\"color: #000000;\">Desde esta perspectiva, no solo importa cu\u00e1nto se consume, sino tambi\u00e9n c\u00f3mo se <\/span><span style=\"color: #000000;\">construye el postre. Algunas recomendaciones pr\u00e1cticas de Moderna Alimentos <\/span><span style=\"color: #000000;\">incluyen: <\/span><br \/>\n<span style=\"color: #000000;\">\u2022 Definir la porci\u00f3n desde el inicio: cortar una rebanada delgada antes de <\/span><span style=\"color: #000000;\">servir ayuda a evitar el consumo excesivo. <\/span><br \/>\n<span style=\"color: #000000;\">\u2022 Evitar repetir de inmediato: dar un tiempo antes de servirse una segunda <\/span><span style=\"color: #000000;\">porci\u00f3n permite que act\u00faen las se\u00f1ales de saciedad. <\/span><br \/>\n<span style=\"color: #000000;\">\u2022 Usar referencias visuales: como el tama\u00f1o de la palma de la mano o dividir <\/span><span style=\"color: #000000;\">la torta en 10 o 12 partes iguales. <\/span><br \/>\n<span style=\"color: #000000;\">\u2022 Servir en platos individuales: reduce el consumo impulsivo desde el molde <\/span><span style=\"color: #000000;\">o fuente. <\/span><br \/>\n<span style=\"color: #000000;\">\u2022 Acompa\u00f1ar la porci\u00f3n, no ampliarla: agregar fruta o yogur puede <\/span><span style=\"color: #000000;\">complementar el postre sin aumentar la cantidad de pastel. <\/span><br \/>\n<span style=\"color: #000000;\">\u2022 El postre acompa\u00f1a no reemplaza: siempre hay que considerar que el <\/span><span style=\"color: #000000;\">consumo moderado de postre debe acompa\u00f1arse de una alimentaci\u00f3n <\/span><span style=\"color: #000000;\">equilibrada, que incluya prote\u00ednas, carbohidratos y vegetales. <\/span><br \/>\n<span style=\"color: #000000;\">\u201cArmar un postre de forma equilibrada tambi\u00e9n es una herramienta pr\u00e1ctica de <\/span><span style=\"color: #000000;\">bienestar. Cuando se combina una porci\u00f3n moderada con fruta fresca o alguna fuente <\/span><span style=\"color: #000000;\">de prote\u00edna, no solo se mejora la saciedad, sino que se promueve una relaci\u00f3n m\u00e1s <\/span><span style=\"color: #000000;\">amable con la comida\u201d, agrega Andrea Cortez, nutricionista cl\u00ednica.<\/span><\/p>\n<p style=\"text-align: justify;\"><span style=\"color: #000000;\">En este contexto, la preparaci\u00f3n en el hogar cobra especial relevancia. Opciones <\/span><span style=\"color: #000000;\">pr\u00e1cticas como las premezclas de tortas YA de Moderna Alimentos facilitan la <\/span><span style=\"color: #000000;\">elaboraci\u00f3n de postres y permiten un mayor control sobre el tama\u00f1o de las porciones <\/span><span style=\"color: #000000;\">y el momento de consumo.<\/span><\/p>\n<p style=\"text-align: justify;\"><span style=\"color: #000000;\">Por eso, m\u00e1s que hablar de limitaciones r\u00edgidas, hoy la conversaci\u00f3n nutricional se <\/span><span style=\"color: #000000;\">enfoca en herramientas pr\u00e1cticas que permitan disfrutar con medida. Entender cu\u00e1nto <\/span><span style=\"color: #000000;\">es suficiente, c\u00f3mo combinar los alimentos y en qu\u00e9 contexto consumirlos no solo <\/span><span style=\"color: #000000;\">ayuda a moderar la ingesta de calor\u00edas y az\u00facares, sino tambi\u00e9n a construir una <\/span><span style=\"color: #000000;\">relaci\u00f3n m\u00e1s equilibrada con la alimentaci\u00f3n.<\/span><\/p>\n<p><img decoding=\"async\" class=\"aligncenter size-full wp-image-141946\" src=\"https:\/\/www.quebakan.com\/v15\/wp-content\/uploads\/2026\/04\/front-view-delicious-cake-slices-with-nuts-dark-space-1.jpg\" alt=\"\" width=\"700\" height=\"467\" \/><\/p>\n<p>&nbsp;<\/p>\n<p><img decoding=\"async\" class=\"aligncenter size-full wp-image-141947\" src=\"https:\/\/www.quebakan.com\/v15\/wp-content\/uploads\/2026\/04\/slice-delicious-cake-with-raspberries-plate-1.jpg\" alt=\"\" width=\"700\" height=\"467\" \/><\/p>\n","protected":false},"excerpt":{"rendered":"<p>\u2022 Diversos estudios han demostrado que aumentar el tama\u00f1o de la porci\u00f3n puede elevar significativamente la ingesta cal\u00f3rica sin que las personas lo perciban, mientras que la OMS recomienda que los az\u00facares libres no superen el 10% de la ingesta diaria. \u2022 Definir la porci\u00f3n desde el inicio, evitar repetir de inmediato y usar referencias [&hellip;]<\/p>\n","protected":false},"author":4,"featured_media":141947,"comment_status":"closed","ping_status":"closed","sticky":false,"template":"","format":"standard","meta":{"_bbp_topic_count":0,"_bbp_reply_count":0,"_bbp_total_topic_count":0,"_bbp_total_reply_count":0,"_bbp_voice_count":0,"_bbp_anonymous_reply_count":0,"_bbp_topic_count_hidden":0,"_bbp_reply_count_hidden":0,"_bbp_forum_subforum_count":0,"buzzeditor_post_format":"","footnotes":""},"categories":[2],"tags":[],"class_list":["post-141944","post","type-post","status-publish","format-standard","has-post-thumbnail","hentry","category-noticias"],"yoast_head":"<!-- This site is optimized with the Yoast SEO plugin v27.4 - https:\/\/yoast.com\/product\/yoast-seo-wordpress\/ -->\n<title>El control de las porciones como clave para integrar el postre en una dieta equilibrada &#8211; QUEBAKAN.COM 2026: Noticias, Eventos, Conciertos y mucho m\u00e1s....<\/title>\n<meta name=\"robots\" content=\"index, follow, max-snippet:-1, max-image-preview:large, max-video-preview:-1\" \/>\n<link rel=\"canonical\" href=\"https:\/\/www.quebakan.com\/v15\/el-control-de-las-porciones-como-clave-para-integrar-el-postre-en-una-dieta-equilibrada\/\" \/>\n<meta property=\"og:locale\" content=\"es_ES\" \/>\n<meta property=\"og:type\" content=\"article\" \/>\n<meta property=\"og:title\" content=\"El control de las porciones como clave para integrar el postre en una dieta equilibrada &#8211; QUEBAKAN.COM 2026: Noticias, Eventos, Conciertos y mucho m\u00e1s....\" \/>\n<meta property=\"og:description\" content=\"\u2022 Diversos estudios han demostrado que aumentar el tama\u00f1o de la porci\u00f3n puede elevar significativamente la ingesta cal\u00f3rica sin que las personas lo perciban, mientras que la OMS recomienda que los az\u00facares libres no superen el 10% de la ingesta diaria. \u2022 Definir la porci\u00f3n desde el inicio, evitar repetir de inmediato y usar referencias [&hellip;]\" \/>\n<meta property=\"og:url\" content=\"https:\/\/www.quebakan.com\/v15\/el-control-de-las-porciones-como-clave-para-integrar-el-postre-en-una-dieta-equilibrada\/\" \/>\n<meta property=\"og:site_name\" content=\"QUEBAKAN.COM 2026: Noticias, Eventos, Conciertos y mucho m\u00e1s....\" \/>\n<meta property=\"article:publisher\" content=\"http:\/\/www.facebook.com\/quebakan\" \/>\n<meta property=\"article:published_time\" content=\"2026-04-26T02:08:06+00:00\" \/>\n<meta property=\"og:image\" content=\"https:\/\/www.quebakan.com\/v15\/wp-content\/uploads\/2026\/04\/slice-delicious-cake-with-raspberries-plate-1.jpg\" \/>\n\t<meta property=\"og:image:width\" content=\"700\" \/>\n\t<meta property=\"og:image:height\" content=\"467\" \/>\n\t<meta property=\"og:image:type\" content=\"image\/jpeg\" \/>\n<meta name=\"author\" content=\"Erick Villafuerte\" \/>\n<meta name=\"twitter:card\" content=\"summary_large_image\" \/>\n<meta name=\"twitter:creator\" content=\"@quebakanec\" \/>\n<meta name=\"twitter:site\" content=\"@quebakanec\" \/>\n<meta name=\"twitter:label1\" content=\"Escrito por\" \/>\n\t<meta name=\"twitter:data1\" content=\"Erick Villafuerte\" \/>\n\t<meta name=\"twitter:label2\" content=\"Tiempo de lectura\" \/>\n\t<meta name=\"twitter:data2\" content=\"4 minutos\" \/>\n<script type=\"application\/ld+json\" class=\"yoast-schema-graph\">{\"@context\":\"https:\\\/\\\/schema.org\",\"@graph\":[{\"@type\":\"Article\",\"@id\":\"https:\\\/\\\/www.quebakan.com\\\/v15\\\/el-control-de-las-porciones-como-clave-para-integrar-el-postre-en-una-dieta-equilibrada\\\/#article\",\"isPartOf\":{\"@id\":\"https:\\\/\\\/www.quebakan.com\\\/v15\\\/el-control-de-las-porciones-como-clave-para-integrar-el-postre-en-una-dieta-equilibrada\\\/\"},\"author\":{\"name\":\"Erick Villafuerte\",\"@id\":\"https:\\\/\\\/www.quebakan.com\\\/v15\\\/#\\\/schema\\\/person\\\/d90fa9f9cfa81eb8ace9811e5b7b9118\"},\"headline\":\"El control de las porciones como clave para integrar el postre en una dieta equilibrada\",\"datePublished\":\"2026-04-26T02:08:06+00:00\",\"mainEntityOfPage\":{\"@id\":\"https:\\\/\\\/www.quebakan.com\\\/v15\\\/el-control-de-las-porciones-como-clave-para-integrar-el-postre-en-una-dieta-equilibrada\\\/\"},\"wordCount\":684,\"publisher\":{\"@id\":\"https:\\\/\\\/www.quebakan.com\\\/v15\\\/#organization\"},\"image\":{\"@id\":\"https:\\\/\\\/www.quebakan.com\\\/v15\\\/el-control-de-las-porciones-como-clave-para-integrar-el-postre-en-una-dieta-equilibrada\\\/#primaryimage\"},\"thumbnailUrl\":\"https:\\\/\\\/www.quebakan.com\\\/v15\\\/wp-content\\\/uploads\\\/2026\\\/04\\\/slice-delicious-cake-with-raspberries-plate-1.jpg\",\"articleSection\":[\"Noticias\"],\"inLanguage\":\"es\"},{\"@type\":\"WebPage\",\"@id\":\"https:\\\/\\\/www.quebakan.com\\\/v15\\\/el-control-de-las-porciones-como-clave-para-integrar-el-postre-en-una-dieta-equilibrada\\\/\",\"url\":\"https:\\\/\\\/www.quebakan.com\\\/v15\\\/el-control-de-las-porciones-como-clave-para-integrar-el-postre-en-una-dieta-equilibrada\\\/\",\"name\":\"El control de las porciones como clave para integrar el postre en una dieta equilibrada &#8211; QUEBAKAN.COM 2026: Noticias, Eventos, Conciertos y mucho m\u00e1s....\",\"isPartOf\":{\"@id\":\"https:\\\/\\\/www.quebakan.com\\\/v15\\\/#website\"},\"primaryImageOfPage\":{\"@id\":\"https:\\\/\\\/www.quebakan.com\\\/v15\\\/el-control-de-las-porciones-como-clave-para-integrar-el-postre-en-una-dieta-equilibrada\\\/#primaryimage\"},\"image\":{\"@id\":\"https:\\\/\\\/www.quebakan.com\\\/v15\\\/el-control-de-las-porciones-como-clave-para-integrar-el-postre-en-una-dieta-equilibrada\\\/#primaryimage\"},\"thumbnailUrl\":\"https:\\\/\\\/www.quebakan.com\\\/v15\\\/wp-content\\\/uploads\\\/2026\\\/04\\\/slice-delicious-cake-with-raspberries-plate-1.jpg\",\"datePublished\":\"2026-04-26T02:08:06+00:00\",\"breadcrumb\":{\"@id\":\"https:\\\/\\\/www.quebakan.com\\\/v15\\\/el-control-de-las-porciones-como-clave-para-integrar-el-postre-en-una-dieta-equilibrada\\\/#breadcrumb\"},\"inLanguage\":\"es\",\"potentialAction\":[{\"@type\":\"ReadAction\",\"target\":[\"https:\\\/\\\/www.quebakan.com\\\/v15\\\/el-control-de-las-porciones-como-clave-para-integrar-el-postre-en-una-dieta-equilibrada\\\/\"]}]},{\"@type\":\"ImageObject\",\"inLanguage\":\"es\",\"@id\":\"https:\\\/\\\/www.quebakan.com\\\/v15\\\/el-control-de-las-porciones-como-clave-para-integrar-el-postre-en-una-dieta-equilibrada\\\/#primaryimage\",\"url\":\"https:\\\/\\\/www.quebakan.com\\\/v15\\\/wp-content\\\/uploads\\\/2026\\\/04\\\/slice-delicious-cake-with-raspberries-plate-1.jpg\",\"contentUrl\":\"https:\\\/\\\/www.quebakan.com\\\/v15\\\/wp-content\\\/uploads\\\/2026\\\/04\\\/slice-delicious-cake-with-raspberries-plate-1.jpg\",\"width\":700,\"height\":467},{\"@type\":\"BreadcrumbList\",\"@id\":\"https:\\\/\\\/www.quebakan.com\\\/v15\\\/el-control-de-las-porciones-como-clave-para-integrar-el-postre-en-una-dieta-equilibrada\\\/#breadcrumb\",\"itemListElement\":[{\"@type\":\"ListItem\",\"position\":1,\"name\":\"Portada\",\"item\":\"https:\\\/\\\/www.quebakan.com\\\/v15\\\/\"},{\"@type\":\"ListItem\",\"position\":2,\"name\":\"El control de las porciones como clave para integrar el postre en una dieta equilibrada\"}]},{\"@type\":\"WebSite\",\"@id\":\"https:\\\/\\\/www.quebakan.com\\\/v15\\\/#website\",\"url\":\"https:\\\/\\\/www.quebakan.com\\\/v15\\\/\",\"name\":\"QUEBAKAN\",\"description\":\"..\",\"publisher\":{\"@id\":\"https:\\\/\\\/www.quebakan.com\\\/v15\\\/#organization\"},\"potentialAction\":[{\"@type\":\"SearchAction\",\"target\":{\"@type\":\"EntryPoint\",\"urlTemplate\":\"https:\\\/\\\/www.quebakan.com\\\/v15\\\/?s={search_term_string}\"},\"query-input\":{\"@type\":\"PropertyValueSpecification\",\"valueRequired\":true,\"valueName\":\"search_term_string\"}}],\"inLanguage\":\"es\"},{\"@type\":\"Organization\",\"@id\":\"https:\\\/\\\/www.quebakan.com\\\/v15\\\/#organization\",\"name\":\"Quebakan.com\",\"url\":\"https:\\\/\\\/www.quebakan.com\\\/v15\\\/\",\"logo\":{\"@type\":\"ImageObject\",\"inLanguage\":\"es\",\"@id\":\"https:\\\/\\\/www.quebakan.com\\\/v15\\\/#\\\/schema\\\/logo\\\/image\\\/\",\"url\":\"https:\\\/\\\/www.quebakan.com\\\/v15\\\/wp-content\\\/uploads\\\/2023\\\/07\\\/logoquebakanenero2021.jpg\",\"contentUrl\":\"https:\\\/\\\/www.quebakan.com\\\/v15\\\/wp-content\\\/uploads\\\/2023\\\/07\\\/logoquebakanenero2021.jpg\",\"width\":1920,\"height\":1080,\"caption\":\"Quebakan.com\"},\"image\":{\"@id\":\"https:\\\/\\\/www.quebakan.com\\\/v15\\\/#\\\/schema\\\/logo\\\/image\\\/\"},\"sameAs\":[\"http:\\\/\\\/www.facebook.com\\\/quebakan\",\"https:\\\/\\\/x.com\\\/quebakanec\",\"http:\\\/\\\/www.instagram.com\\\/quebakan\",\"http:\\\/\\\/www.youtube.com\\\/quebakan1\"]},{\"@type\":\"Person\",\"@id\":\"https:\\\/\\\/www.quebakan.com\\\/v15\\\/#\\\/schema\\\/person\\\/d90fa9f9cfa81eb8ace9811e5b7b9118\",\"name\":\"Erick Villafuerte\",\"image\":{\"@type\":\"ImageObject\",\"inLanguage\":\"es\",\"@id\":\"https:\\\/\\\/www.quebakan.com\\\/v15\\\/wp-content\\\/uploads\\\/avatars\\\/4\\\/1731297654-bpfull.png\",\"url\":\"https:\\\/\\\/www.quebakan.com\\\/v15\\\/wp-content\\\/uploads\\\/avatars\\\/4\\\/1731297654-bpfull.png\",\"contentUrl\":\"https:\\\/\\\/www.quebakan.com\\\/v15\\\/wp-content\\\/uploads\\\/avatars\\\/4\\\/1731297654-bpfull.png\",\"caption\":\"Erick Villafuerte\"}}]}<\/script>\n<!-- \/ Yoast SEO plugin. -->","yoast_head_json":{"title":"El control de las porciones como clave para integrar el postre en una dieta equilibrada &#8211; QUEBAKAN.COM 2026: Noticias, Eventos, Conciertos y mucho m\u00e1s....","robots":{"index":"index","follow":"follow","max-snippet":"max-snippet:-1","max-image-preview":"max-image-preview:large","max-video-preview":"max-video-preview:-1"},"canonical":"https:\/\/www.quebakan.com\/v15\/el-control-de-las-porciones-como-clave-para-integrar-el-postre-en-una-dieta-equilibrada\/","og_locale":"es_ES","og_type":"article","og_title":"El control de las porciones como clave para integrar el postre en una dieta equilibrada &#8211; QUEBAKAN.COM 2026: Noticias, Eventos, Conciertos y mucho m\u00e1s....","og_description":"\u2022 Diversos estudios han demostrado que aumentar el tama\u00f1o de la porci\u00f3n puede elevar significativamente la ingesta cal\u00f3rica sin que las personas lo perciban, mientras que la OMS recomienda que los az\u00facares libres no superen el 10% de la ingesta diaria. \u2022 Definir la porci\u00f3n desde el inicio, evitar repetir de inmediato y usar referencias [&hellip;]","og_url":"https:\/\/www.quebakan.com\/v15\/el-control-de-las-porciones-como-clave-para-integrar-el-postre-en-una-dieta-equilibrada\/","og_site_name":"QUEBAKAN.COM 2026: Noticias, Eventos, Conciertos y mucho m\u00e1s....","article_publisher":"http:\/\/www.facebook.com\/quebakan","article_published_time":"2026-04-26T02:08:06+00:00","og_image":[{"width":700,"height":467,"url":"https:\/\/www.quebakan.com\/v15\/wp-content\/uploads\/2026\/04\/slice-delicious-cake-with-raspberries-plate-1.jpg","type":"image\/jpeg"}],"author":"Erick Villafuerte","twitter_card":"summary_large_image","twitter_creator":"@quebakanec","twitter_site":"@quebakanec","twitter_misc":{"Escrito por":"Erick Villafuerte","Tiempo de lectura":"4 minutos"},"schema":{"@context":"https:\/\/schema.org","@graph":[{"@type":"Article","@id":"https:\/\/www.quebakan.com\/v15\/el-control-de-las-porciones-como-clave-para-integrar-el-postre-en-una-dieta-equilibrada\/#article","isPartOf":{"@id":"https:\/\/www.quebakan.com\/v15\/el-control-de-las-porciones-como-clave-para-integrar-el-postre-en-una-dieta-equilibrada\/"},"author":{"name":"Erick Villafuerte","@id":"https:\/\/www.quebakan.com\/v15\/#\/schema\/person\/d90fa9f9cfa81eb8ace9811e5b7b9118"},"headline":"El control de las porciones como clave para integrar el postre en una dieta equilibrada","datePublished":"2026-04-26T02:08:06+00:00","mainEntityOfPage":{"@id":"https:\/\/www.quebakan.com\/v15\/el-control-de-las-porciones-como-clave-para-integrar-el-postre-en-una-dieta-equilibrada\/"},"wordCount":684,"publisher":{"@id":"https:\/\/www.quebakan.com\/v15\/#organization"},"image":{"@id":"https:\/\/www.quebakan.com\/v15\/el-control-de-las-porciones-como-clave-para-integrar-el-postre-en-una-dieta-equilibrada\/#primaryimage"},"thumbnailUrl":"https:\/\/www.quebakan.com\/v15\/wp-content\/uploads\/2026\/04\/slice-delicious-cake-with-raspberries-plate-1.jpg","articleSection":["Noticias"],"inLanguage":"es"},{"@type":"WebPage","@id":"https:\/\/www.quebakan.com\/v15\/el-control-de-las-porciones-como-clave-para-integrar-el-postre-en-una-dieta-equilibrada\/","url":"https:\/\/www.quebakan.com\/v15\/el-control-de-las-porciones-como-clave-para-integrar-el-postre-en-una-dieta-equilibrada\/","name":"El control de las porciones como clave para integrar el postre en una dieta equilibrada &#8211; QUEBAKAN.COM 2026: Noticias, Eventos, Conciertos y mucho m\u00e1s....","isPartOf":{"@id":"https:\/\/www.quebakan.com\/v15\/#website"},"primaryImageOfPage":{"@id":"https:\/\/www.quebakan.com\/v15\/el-control-de-las-porciones-como-clave-para-integrar-el-postre-en-una-dieta-equilibrada\/#primaryimage"},"image":{"@id":"https:\/\/www.quebakan.com\/v15\/el-control-de-las-porciones-como-clave-para-integrar-el-postre-en-una-dieta-equilibrada\/#primaryimage"},"thumbnailUrl":"https:\/\/www.quebakan.com\/v15\/wp-content\/uploads\/2026\/04\/slice-delicious-cake-with-raspberries-plate-1.jpg","datePublished":"2026-04-26T02:08:06+00:00","breadcrumb":{"@id":"https:\/\/www.quebakan.com\/v15\/el-control-de-las-porciones-como-clave-para-integrar-el-postre-en-una-dieta-equilibrada\/#breadcrumb"},"inLanguage":"es","potentialAction":[{"@type":"ReadAction","target":["https:\/\/www.quebakan.com\/v15\/el-control-de-las-porciones-como-clave-para-integrar-el-postre-en-una-dieta-equilibrada\/"]}]},{"@type":"ImageObject","inLanguage":"es","@id":"https:\/\/www.quebakan.com\/v15\/el-control-de-las-porciones-como-clave-para-integrar-el-postre-en-una-dieta-equilibrada\/#primaryimage","url":"https:\/\/www.quebakan.com\/v15\/wp-content\/uploads\/2026\/04\/slice-delicious-cake-with-raspberries-plate-1.jpg","contentUrl":"https:\/\/www.quebakan.com\/v15\/wp-content\/uploads\/2026\/04\/slice-delicious-cake-with-raspberries-plate-1.jpg","width":700,"height":467},{"@type":"BreadcrumbList","@id":"https:\/\/www.quebakan.com\/v15\/el-control-de-las-porciones-como-clave-para-integrar-el-postre-en-una-dieta-equilibrada\/#breadcrumb","itemListElement":[{"@type":"ListItem","position":1,"name":"Portada","item":"https:\/\/www.quebakan.com\/v15\/"},{"@type":"ListItem","position":2,"name":"El control de las porciones como clave para integrar el postre en una dieta equilibrada"}]},{"@type":"WebSite","@id":"https:\/\/www.quebakan.com\/v15\/#website","url":"https:\/\/www.quebakan.com\/v15\/","name":"QUEBAKAN","description":"..","publisher":{"@id":"https:\/\/www.quebakan.com\/v15\/#organization"},"potentialAction":[{"@type":"SearchAction","target":{"@type":"EntryPoint","urlTemplate":"https:\/\/www.quebakan.com\/v15\/?s={search_term_string}"},"query-input":{"@type":"PropertyValueSpecification","valueRequired":true,"valueName":"search_term_string"}}],"inLanguage":"es"},{"@type":"Organization","@id":"https:\/\/www.quebakan.com\/v15\/#organization","name":"Quebakan.com","url":"https:\/\/www.quebakan.com\/v15\/","logo":{"@type":"ImageObject","inLanguage":"es","@id":"https:\/\/www.quebakan.com\/v15\/#\/schema\/logo\/image\/","url":"https:\/\/www.quebakan.com\/v15\/wp-content\/uploads\/2023\/07\/logoquebakanenero2021.jpg","contentUrl":"https:\/\/www.quebakan.com\/v15\/wp-content\/uploads\/2023\/07\/logoquebakanenero2021.jpg","width":1920,"height":1080,"caption":"Quebakan.com"},"image":{"@id":"https:\/\/www.quebakan.com\/v15\/#\/schema\/logo\/image\/"},"sameAs":["http:\/\/www.facebook.com\/quebakan","https:\/\/x.com\/quebakanec","http:\/\/www.instagram.com\/quebakan","http:\/\/www.youtube.com\/quebakan1"]},{"@type":"Person","@id":"https:\/\/www.quebakan.com\/v15\/#\/schema\/person\/d90fa9f9cfa81eb8ace9811e5b7b9118","name":"Erick Villafuerte","image":{"@type":"ImageObject","inLanguage":"es","@id":"https:\/\/www.quebakan.com\/v15\/wp-content\/uploads\/avatars\/4\/1731297654-bpfull.png","url":"https:\/\/www.quebakan.com\/v15\/wp-content\/uploads\/avatars\/4\/1731297654-bpfull.png","contentUrl":"https:\/\/www.quebakan.com\/v15\/wp-content\/uploads\/avatars\/4\/1731297654-bpfull.png","caption":"Erick Villafuerte"}}]}},"_links":{"self":[{"href":"https:\/\/www.quebakan.com\/v15\/wp-json\/wp\/v2\/posts\/141944","targetHints":{"allow":["GET"]}}],"collection":[{"href":"https:\/\/www.quebakan.com\/v15\/wp-json\/wp\/v2\/posts"}],"about":[{"href":"https:\/\/www.quebakan.com\/v15\/wp-json\/wp\/v2\/types\/post"}],"author":[{"embeddable":true,"href":"https:\/\/www.quebakan.com\/v15\/wp-json\/wp\/v2\/users\/4"}],"replies":[{"embeddable":true,"href":"https:\/\/www.quebakan.com\/v15\/wp-json\/wp\/v2\/comments?post=141944"}],"version-history":[{"count":1,"href":"https:\/\/www.quebakan.com\/v15\/wp-json\/wp\/v2\/posts\/141944\/revisions"}],"predecessor-version":[{"id":141948,"href":"https:\/\/www.quebakan.com\/v15\/wp-json\/wp\/v2\/posts\/141944\/revisions\/141948"}],"wp:featuredmedia":[{"embeddable":true,"href":"https:\/\/www.quebakan.com\/v15\/wp-json\/wp\/v2\/media\/141947"}],"wp:attachment":[{"href":"https:\/\/www.quebakan.com\/v15\/wp-json\/wp\/v2\/media?parent=141944"}],"wp:term":[{"taxonomy":"category","embeddable":true,"href":"https:\/\/www.quebakan.com\/v15\/wp-json\/wp\/v2\/categories?post=141944"},{"taxonomy":"post_tag","embeddable":true,"href":"https:\/\/www.quebakan.com\/v15\/wp-json\/wp\/v2\/tags?post=141944"}],"curies":[{"name":"wp","href":"https:\/\/api.w.org\/{rel}","templated":true}]}}