{"id":141950,"date":"2026-04-25T22:46:51","date_gmt":"2026-04-26T03:46:51","guid":{"rendered":"https:\/\/www.quebakan.com\/v15\/?p=141950"},"modified":"2026-04-25T22:46:51","modified_gmt":"2026-04-26T03:46:51","slug":"inauguracion-del-nuevo-concesionario-asiauto-valle-de-los-chillos","status":"publish","type":"post","link":"https:\/\/www.quebakan.com\/v15\/inauguracion-del-nuevo-concesionario-asiauto-valle-de-los-chillos\/","title":{"rendered":"Inauguraci\u00f3n del nuevo concesionario Asiauto &#8211; Valle de los  Chillos"},"content":{"rendered":"<p><img fetchpriority=\"high\" decoding=\"async\" class=\"aligncenter size-full wp-image-141951\" src=\"https:\/\/www.quebakan.com\/v15\/wp-content\/uploads\/2026\/04\/JAC-2229.jpg\" alt=\"\" width=\"700\" height=\"467\" \/><\/p>\n<p style=\"text-align: justify;\"><strong><span style=\"color: #000000;\">Quito, 23 de abril de 2026.- <\/span><\/strong><span style=\"color: #000000;\">JAC Azul y La Camioneta de Ecuador contin\u00faan fortaleciendo su presencia en el <\/span><span style=\"color: #000000;\">pa\u00eds con la inauguraci\u00f3n de un nuevo concesionario Asiauto en el Valle de los <\/span><span style=\"color: #000000;\">Chillos, consolidando su red comercial y reafirmando su compromiso con el <\/span><span style=\"color: #000000;\">desarrollo de la industria automotriz nacional.<\/span><\/p>\n<p style=\"text-align: justify;\"><span style=\"color: #000000;\">Con esta apertura, la compa\u00f1\u00eda alcanza los 23 puntos de atenci\u00f3n a nivel <\/span><span style=\"color: #000000;\">nacional, de los cuales siete se encuentran en la ciudad de Quito, evidenciando <\/span><span style=\"color: #000000;\">el crecimiento sostenido de la marca y la confianza del mercado en sus <\/span><span style=\"color: #000000;\">productos.<\/span><\/p>\n<p style=\"text-align: justify;\"><span style=\"color: #000000;\">Esta apertura se lleva a cabo junto a Asiauto, una alianza que reafirma nuestra <\/span><span style=\"color: #000000;\">estrategia de posicionamiento, expansi\u00f3n y mejora continua, consolidando un <\/span><span style=\"color: #000000;\">espacio dise\u00f1ado para ofrecer soluciones de movilidad con altos est\u00e1ndares de <\/span><span style=\"color: #000000;\">calidad, servicio y respaldo t\u00e9cnico.<\/span><\/p>\n<p style=\"text-align: justify;\"><span style=\"color: #000000;\">En el nuevo concesionario, ubicado en la Av. General Rumi\u00f1ahui y 9na. <\/span><span style=\"color: #000000;\">Transversal, esquina, estar\u00e1n las camionetas Pac\u00edfico y P\u00e1ramo, as\u00ed como el <\/span><span style=\"color: #000000;\">portafolio, recientemente lanzado al mercado de JAC AZUL, con sus modelos <\/span><span style=\"color: #000000;\">SUV a combusti\u00f3n, h\u00edbridos y el\u00e9ctricos que est\u00e1n revolucionando el mercado.<\/span><\/p>\n<p style=\"text-align: justify;\"><strong><span style=\"color: #000000;\">DETALLE DEL M\u00c1S RECIENTE PORTAFILIO JAC AZUL <\/span><\/strong><br \/>\n<span style=\"color: #000000;\">\u25cf El E30X Lite es una propuesta de movilidad 100% el\u00e9ctrica y accesible, <\/span><span style=\"color: #000000;\">sin comprometer dise\u00f1o, espacio ni autonom\u00eda. Ofrece hasta 400 km de <\/span><span style=\"color: #000000;\">alcance, capacidad real para cinco pasajeros, pantalla inteligente de 12.3\u201d <\/span><span style=\"color: #000000;\">y altos est\u00e1ndares de seguridad. Su precio es desde $17,990 e incluye <\/span><span style=\"color: #000000;\">cargador port\u00e1til. <\/span><br \/>\n<span style=\"color: #000000;\">\u25cf El JS8 Pro, es el nuevo referente en SUVs familiares de gran tama\u00f1o. <\/span><span style=\"color: #000000;\">Con capacidad para siete pasajeros, destaca por su amplio espacio <\/span><span style=\"color: #000000;\">interior, motor 1.5L turbo de 172 hp, transmisi\u00f3n autom\u00e1tica DCT de 7 <\/span><span style=\"color: #000000;\">velocidades y un completo equipamiento de confort y tecnolog\u00eda. Est\u00e1 <\/span><span style=\"color: #000000;\">disponible en dos versiones: desde $27,990. <\/span><br \/>\n<span style=\"color: #000000;\">\u25cf El JS6 H\u00edbrido Enchufable combina lo mejor de la movilidad el\u00e9ctrica y <\/span><span style=\"color: #000000;\">a combusti\u00f3n. Permite recorrer hasta 120 km en modo 100% el\u00e9ctrico <\/span><span style=\"color: #000000;\">para el uso diario, y alcanza una autonom\u00eda combinada de hasta 1,150 <\/span><span style=\"color: #000000;\">km. Con una potencia de 310 hp, dise\u00f1o deportivo y tecnolog\u00eda avanzada <\/span><span style=\"color: #000000;\">en seguridad y conectividad, con un precio de lanzamiento de $25,490. <\/span><\/p>\n<p style=\"text-align: justify;\"><strong><span style=\"color: #000000;\">PUNTOS DE CARGA, MANTENIMIENTO <\/span><\/strong><br \/>\n<span style=\"color: #000000;\">Los autos de JAC Azul cuentan con una red de carga real, gratuita y exclusiva, <\/span><span style=\"color: #000000;\">con m\u00e1s de 64 puntos a nivel nacional, que incluye carga media y electrolineras <\/span><span style=\"color: #000000;\">situadas estrat\u00e9gicamente en las principales ciudades del pa\u00eds. Esta red puede <\/span><span style=\"color: #000000;\">gestionarse de forma sencilla desde la app JAC Smart Charging.<\/span><\/p>\n<p style=\"text-align: justify;\"><span style=\"color: #000000;\">Este portafolio tambi\u00e9n dispone de t\u00e9cnicos capacitados para el diagn\u00f3stico y <\/span><span style=\"color: #000000;\">mantenimiento de autos el\u00e9ctricos, as\u00ed como el respaldo en repuestos, con <\/span><span style=\"color: #000000;\">disponibilidad garantizada. <\/span><\/p>\n<p style=\"text-align: justify;\"><strong><span style=\"color: #000000;\">DETALLE DE LA CAMIONETA DE ECUADOR<\/span><\/strong><\/p>\n<p style=\"text-align: justify;\"><span style=\"color: #000000;\">Y, por supuesto, en este concesionario encontrar\u00e1n las camionetas Pac\u00edfico y <\/span><span style=\"color: #000000;\">P\u00e1ramo, hechas por hombres y mujeres ecuatorianos en Aymesa, la primera <\/span><span style=\"color: #000000;\">ensambladora del pa\u00eds, con m\u00e1s de 55 a\u00f1os de trayectoria.<\/span><\/p>\n<p style=\"text-align: justify;\"><span style=\"color: #000000;\">La Pac\u00edfico 4&#215;2 a gasolina (19.990), Pac\u00edfico 4&#215;2 a di\u00e9sel (22,990) y la P\u00e1ramo <\/span><span style=\"color: #000000;\">4&#215;4 a di\u00e9sel (26,990) ya recorren el pa\u00eds, destac\u00e1ndose por su capacidad de <\/span><span style=\"color: #000000;\">adaptarse a diferentes tipos de trabajo y terreno, gracias a su combinaci\u00f3n de <\/span><span style=\"color: #000000;\">potencia, rendimiento y durabilidad.<\/span><\/p>\n<p style=\"text-align: justify;\"><strong><span style=\"color: #000000;\">Promoci\u00f3n especial por temporada <\/span><\/strong><br \/>\n<span style=\"color: #000000;\">En el marco de la inauguraci\u00f3n, se present\u00f3 la campa\u00f1a denominada: \u201cCon tu <\/span><span style=\"color: #000000;\">socia perfecta ganas siempre.\u201d, que consiste en el sorteo de una camioneta <\/span><span style=\"color: #000000;\">Pac\u00edfico 4&#215;2, entre quienes compren o coticen uno de los modelos de la <\/span><span style=\"color: #000000;\">Camioneta de Ecuador.<\/span><\/p>\n<p style=\"text-align: justify;\"><span style=\"color: #000000;\">Esta campa\u00f1a fue pensada para premiar la confianza de los clientes, con <\/span><span style=\"color: #000000;\">beneficios que realmente marquen la diferencia, y convertir cada visita a los <\/span><span style=\"color: #000000;\">concesionarios en una oportunidad de ganar.<\/span><\/p>\n<p style=\"text-align: justify;\"><span style=\"color: #000000;\">Con esta nueva apertura, JAC Azul y La Camioneta de Ecuador reafirman su <\/span><span style=\"color: #000000;\">compromiso con los ecuatorianos de ofrecer soluciones m\u00f3viles reales, con <\/span><span style=\"color: #000000;\">tecnolog\u00eda, calidad y durabilidad.<\/span><\/p>\n<p><img decoding=\"async\" class=\"aligncenter size-full wp-image-141952\" src=\"https:\/\/www.quebakan.com\/v15\/wp-content\/uploads\/2026\/04\/JAC-2063.jpg\" alt=\"\" width=\"700\" height=\"467\" \/><\/p>\n<p>&nbsp;<\/p>\n<p><img decoding=\"async\" class=\"aligncenter size-full wp-image-141953\" src=\"https:\/\/www.quebakan.com\/v15\/wp-content\/uploads\/2026\/04\/JAC-2184.jpg\" alt=\"\" width=\"700\" height=\"467\" \/><\/p>\n","protected":false},"excerpt":{"rendered":"<p>Quito, 23 de abril de 2026.- JAC Azul y La Camioneta de Ecuador contin\u00faan fortaleciendo su presencia en el pa\u00eds con la inauguraci\u00f3n de un nuevo concesionario Asiauto en el Valle de los Chillos, consolidando su red comercial y reafirmando su compromiso con el desarrollo de la industria automotriz nacional. Con esta apertura, la compa\u00f1\u00eda [&hellip;]<\/p>\n","protected":false},"author":4,"featured_media":141951,"comment_status":"closed","ping_status":"closed","sticky":false,"template":"","format":"standard","meta":{"_bbp_topic_count":0,"_bbp_reply_count":0,"_bbp_total_topic_count":0,"_bbp_total_reply_count":0,"_bbp_voice_count":0,"_bbp_anonymous_reply_count":0,"_bbp_topic_count_hidden":0,"_bbp_reply_count_hidden":0,"_bbp_forum_subforum_count":0,"buzzeditor_post_format":"","footnotes":""},"categories":[2],"tags":[],"class_list":["post-141950","post","type-post","status-publish","format-standard","has-post-thumbnail","hentry","category-noticias"],"yoast_head":"<!-- This site is optimized with the Yoast SEO plugin v27.4 - https:\/\/yoast.com\/product\/yoast-seo-wordpress\/ -->\n<title>Inauguraci\u00f3n del nuevo concesionario Asiauto - Valle de los Chillos &#8211; QUEBAKAN.COM 2026: Noticias, Eventos, Conciertos y mucho m\u00e1s....<\/title>\n<meta name=\"robots\" content=\"index, follow, max-snippet:-1, max-image-preview:large, max-video-preview:-1\" \/>\n<link rel=\"canonical\" href=\"https:\/\/www.quebakan.com\/v15\/inauguracion-del-nuevo-concesionario-asiauto-valle-de-los-chillos\/\" \/>\n<meta property=\"og:locale\" content=\"es_ES\" \/>\n<meta property=\"og:type\" content=\"article\" \/>\n<meta property=\"og:title\" content=\"Inauguraci\u00f3n del nuevo concesionario Asiauto - Valle de los Chillos &#8211; QUEBAKAN.COM 2026: Noticias, Eventos, Conciertos y mucho m\u00e1s....\" \/>\n<meta property=\"og:description\" content=\"Quito, 23 de abril de 2026.- JAC Azul y La Camioneta de Ecuador contin\u00faan fortaleciendo su presencia en el pa\u00eds con la inauguraci\u00f3n de un nuevo concesionario Asiauto en el Valle de los Chillos, consolidando su red comercial y reafirmando su compromiso con el desarrollo de la industria automotriz nacional. Con esta apertura, la compa\u00f1\u00eda [&hellip;]\" \/>\n<meta property=\"og:url\" content=\"https:\/\/www.quebakan.com\/v15\/inauguracion-del-nuevo-concesionario-asiauto-valle-de-los-chillos\/\" \/>\n<meta property=\"og:site_name\" content=\"QUEBAKAN.COM 2026: Noticias, Eventos, Conciertos y mucho m\u00e1s....\" \/>\n<meta property=\"article:publisher\" content=\"http:\/\/www.facebook.com\/quebakan\" \/>\n<meta property=\"article:published_time\" content=\"2026-04-26T03:46:51+00:00\" \/>\n<meta property=\"og:image\" content=\"https:\/\/www.quebakan.com\/v15\/wp-content\/uploads\/2026\/04\/JAC-2229.jpg\" \/>\n\t<meta property=\"og:image:width\" content=\"700\" \/>\n\t<meta property=\"og:image:height\" content=\"467\" \/>\n\t<meta property=\"og:image:type\" content=\"image\/jpeg\" \/>\n<meta name=\"author\" content=\"Erick Villafuerte\" \/>\n<meta name=\"twitter:card\" content=\"summary_large_image\" \/>\n<meta name=\"twitter:creator\" content=\"@quebakanec\" \/>\n<meta name=\"twitter:site\" content=\"@quebakanec\" \/>\n<meta name=\"twitter:label1\" content=\"Escrito por\" \/>\n\t<meta name=\"twitter:data1\" content=\"Erick Villafuerte\" \/>\n\t<meta name=\"twitter:label2\" content=\"Tiempo de lectura\" \/>\n\t<meta name=\"twitter:data2\" content=\"4 minutos\" \/>\n<script type=\"application\/ld+json\" class=\"yoast-schema-graph\">{\"@context\":\"https:\\\/\\\/schema.org\",\"@graph\":[{\"@type\":\"Article\",\"@id\":\"https:\\\/\\\/www.quebakan.com\\\/v15\\\/inauguracion-del-nuevo-concesionario-asiauto-valle-de-los-chillos\\\/#article\",\"isPartOf\":{\"@id\":\"https:\\\/\\\/www.quebakan.com\\\/v15\\\/inauguracion-del-nuevo-concesionario-asiauto-valle-de-los-chillos\\\/\"},\"author\":{\"name\":\"Erick Villafuerte\",\"@id\":\"https:\\\/\\\/www.quebakan.com\\\/v15\\\/#\\\/schema\\\/person\\\/d90fa9f9cfa81eb8ace9811e5b7b9118\"},\"headline\":\"Inauguraci\u00f3n del nuevo concesionario Asiauto &#8211; Valle de los Chillos\",\"datePublished\":\"2026-04-26T03:46:51+00:00\",\"mainEntityOfPage\":{\"@id\":\"https:\\\/\\\/www.quebakan.com\\\/v15\\\/inauguracion-del-nuevo-concesionario-asiauto-valle-de-los-chillos\\\/\"},\"wordCount\":655,\"publisher\":{\"@id\":\"https:\\\/\\\/www.quebakan.com\\\/v15\\\/#organization\"},\"image\":{\"@id\":\"https:\\\/\\\/www.quebakan.com\\\/v15\\\/inauguracion-del-nuevo-concesionario-asiauto-valle-de-los-chillos\\\/#primaryimage\"},\"thumbnailUrl\":\"https:\\\/\\\/www.quebakan.com\\\/v15\\\/wp-content\\\/uploads\\\/2026\\\/04\\\/JAC-2229.jpg\",\"articleSection\":[\"Noticias\"],\"inLanguage\":\"es\"},{\"@type\":\"WebPage\",\"@id\":\"https:\\\/\\\/www.quebakan.com\\\/v15\\\/inauguracion-del-nuevo-concesionario-asiauto-valle-de-los-chillos\\\/\",\"url\":\"https:\\\/\\\/www.quebakan.com\\\/v15\\\/inauguracion-del-nuevo-concesionario-asiauto-valle-de-los-chillos\\\/\",\"name\":\"Inauguraci\u00f3n del nuevo concesionario Asiauto - Valle de los Chillos &#8211; QUEBAKAN.COM 2026: Noticias, Eventos, Conciertos y mucho m\u00e1s....\",\"isPartOf\":{\"@id\":\"https:\\\/\\\/www.quebakan.com\\\/v15\\\/#website\"},\"primaryImageOfPage\":{\"@id\":\"https:\\\/\\\/www.quebakan.com\\\/v15\\\/inauguracion-del-nuevo-concesionario-asiauto-valle-de-los-chillos\\\/#primaryimage\"},\"image\":{\"@id\":\"https:\\\/\\\/www.quebakan.com\\\/v15\\\/inauguracion-del-nuevo-concesionario-asiauto-valle-de-los-chillos\\\/#primaryimage\"},\"thumbnailUrl\":\"https:\\\/\\\/www.quebakan.com\\\/v15\\\/wp-content\\\/uploads\\\/2026\\\/04\\\/JAC-2229.jpg\",\"datePublished\":\"2026-04-26T03:46:51+00:00\",\"breadcrumb\":{\"@id\":\"https:\\\/\\\/www.quebakan.com\\\/v15\\\/inauguracion-del-nuevo-concesionario-asiauto-valle-de-los-chillos\\\/#breadcrumb\"},\"inLanguage\":\"es\",\"potentialAction\":[{\"@type\":\"ReadAction\",\"target\":[\"https:\\\/\\\/www.quebakan.com\\\/v15\\\/inauguracion-del-nuevo-concesionario-asiauto-valle-de-los-chillos\\\/\"]}]},{\"@type\":\"ImageObject\",\"inLanguage\":\"es\",\"@id\":\"https:\\\/\\\/www.quebakan.com\\\/v15\\\/inauguracion-del-nuevo-concesionario-asiauto-valle-de-los-chillos\\\/#primaryimage\",\"url\":\"https:\\\/\\\/www.quebakan.com\\\/v15\\\/wp-content\\\/uploads\\\/2026\\\/04\\\/JAC-2229.jpg\",\"contentUrl\":\"https:\\\/\\\/www.quebakan.com\\\/v15\\\/wp-content\\\/uploads\\\/2026\\\/04\\\/JAC-2229.jpg\",\"width\":700,\"height\":467},{\"@type\":\"BreadcrumbList\",\"@id\":\"https:\\\/\\\/www.quebakan.com\\\/v15\\\/inauguracion-del-nuevo-concesionario-asiauto-valle-de-los-chillos\\\/#breadcrumb\",\"itemListElement\":[{\"@type\":\"ListItem\",\"position\":1,\"name\":\"Portada\",\"item\":\"https:\\\/\\\/www.quebakan.com\\\/v15\\\/\"},{\"@type\":\"ListItem\",\"position\":2,\"name\":\"Inauguraci\u00f3n del nuevo concesionario Asiauto &#8211; Valle de los Chillos\"}]},{\"@type\":\"WebSite\",\"@id\":\"https:\\\/\\\/www.quebakan.com\\\/v15\\\/#website\",\"url\":\"https:\\\/\\\/www.quebakan.com\\\/v15\\\/\",\"name\":\"QUEBAKAN\",\"description\":\"..\",\"publisher\":{\"@id\":\"https:\\\/\\\/www.quebakan.com\\\/v15\\\/#organization\"},\"potentialAction\":[{\"@type\":\"SearchAction\",\"target\":{\"@type\":\"EntryPoint\",\"urlTemplate\":\"https:\\\/\\\/www.quebakan.com\\\/v15\\\/?s={search_term_string}\"},\"query-input\":{\"@type\":\"PropertyValueSpecification\",\"valueRequired\":true,\"valueName\":\"search_term_string\"}}],\"inLanguage\":\"es\"},{\"@type\":\"Organization\",\"@id\":\"https:\\\/\\\/www.quebakan.com\\\/v15\\\/#organization\",\"name\":\"Quebakan.com\",\"url\":\"https:\\\/\\\/www.quebakan.com\\\/v15\\\/\",\"logo\":{\"@type\":\"ImageObject\",\"inLanguage\":\"es\",\"@id\":\"https:\\\/\\\/www.quebakan.com\\\/v15\\\/#\\\/schema\\\/logo\\\/image\\\/\",\"url\":\"https:\\\/\\\/www.quebakan.com\\\/v15\\\/wp-content\\\/uploads\\\/2023\\\/07\\\/logoquebakanenero2021.jpg\",\"contentUrl\":\"https:\\\/\\\/www.quebakan.com\\\/v15\\\/wp-content\\\/uploads\\\/2023\\\/07\\\/logoquebakanenero2021.jpg\",\"width\":1920,\"height\":1080,\"caption\":\"Quebakan.com\"},\"image\":{\"@id\":\"https:\\\/\\\/www.quebakan.com\\\/v15\\\/#\\\/schema\\\/logo\\\/image\\\/\"},\"sameAs\":[\"http:\\\/\\\/www.facebook.com\\\/quebakan\",\"https:\\\/\\\/x.com\\\/quebakanec\",\"http:\\\/\\\/www.instagram.com\\\/quebakan\",\"http:\\\/\\\/www.youtube.com\\\/quebakan1\"]},{\"@type\":\"Person\",\"@id\":\"https:\\\/\\\/www.quebakan.com\\\/v15\\\/#\\\/schema\\\/person\\\/d90fa9f9cfa81eb8ace9811e5b7b9118\",\"name\":\"Erick Villafuerte\",\"image\":{\"@type\":\"ImageObject\",\"inLanguage\":\"es\",\"@id\":\"https:\\\/\\\/www.quebakan.com\\\/v15\\\/wp-content\\\/uploads\\\/avatars\\\/4\\\/1731297654-bpfull.png\",\"url\":\"https:\\\/\\\/www.quebakan.com\\\/v15\\\/wp-content\\\/uploads\\\/avatars\\\/4\\\/1731297654-bpfull.png\",\"contentUrl\":\"https:\\\/\\\/www.quebakan.com\\\/v15\\\/wp-content\\\/uploads\\\/avatars\\\/4\\\/1731297654-bpfull.png\",\"caption\":\"Erick Villafuerte\"}}]}<\/script>\n<!-- \/ Yoast SEO plugin. -->","yoast_head_json":{"title":"Inauguraci\u00f3n del nuevo concesionario Asiauto - Valle de los Chillos &#8211; QUEBAKAN.COM 2026: Noticias, Eventos, Conciertos y mucho m\u00e1s....","robots":{"index":"index","follow":"follow","max-snippet":"max-snippet:-1","max-image-preview":"max-image-preview:large","max-video-preview":"max-video-preview:-1"},"canonical":"https:\/\/www.quebakan.com\/v15\/inauguracion-del-nuevo-concesionario-asiauto-valle-de-los-chillos\/","og_locale":"es_ES","og_type":"article","og_title":"Inauguraci\u00f3n del nuevo concesionario Asiauto - Valle de los Chillos &#8211; QUEBAKAN.COM 2026: Noticias, Eventos, Conciertos y mucho m\u00e1s....","og_description":"Quito, 23 de abril de 2026.- JAC Azul y La Camioneta de Ecuador contin\u00faan fortaleciendo su presencia en el pa\u00eds con la inauguraci\u00f3n de un nuevo concesionario Asiauto en el Valle de los Chillos, consolidando su red comercial y reafirmando su compromiso con el desarrollo de la industria automotriz nacional. Con esta apertura, la compa\u00f1\u00eda [&hellip;]","og_url":"https:\/\/www.quebakan.com\/v15\/inauguracion-del-nuevo-concesionario-asiauto-valle-de-los-chillos\/","og_site_name":"QUEBAKAN.COM 2026: Noticias, Eventos, Conciertos y mucho m\u00e1s....","article_publisher":"http:\/\/www.facebook.com\/quebakan","article_published_time":"2026-04-26T03:46:51+00:00","og_image":[{"width":700,"height":467,"url":"https:\/\/www.quebakan.com\/v15\/wp-content\/uploads\/2026\/04\/JAC-2229.jpg","type":"image\/jpeg"}],"author":"Erick Villafuerte","twitter_card":"summary_large_image","twitter_creator":"@quebakanec","twitter_site":"@quebakanec","twitter_misc":{"Escrito por":"Erick Villafuerte","Tiempo de lectura":"4 minutos"},"schema":{"@context":"https:\/\/schema.org","@graph":[{"@type":"Article","@id":"https:\/\/www.quebakan.com\/v15\/inauguracion-del-nuevo-concesionario-asiauto-valle-de-los-chillos\/#article","isPartOf":{"@id":"https:\/\/www.quebakan.com\/v15\/inauguracion-del-nuevo-concesionario-asiauto-valle-de-los-chillos\/"},"author":{"name":"Erick Villafuerte","@id":"https:\/\/www.quebakan.com\/v15\/#\/schema\/person\/d90fa9f9cfa81eb8ace9811e5b7b9118"},"headline":"Inauguraci\u00f3n del nuevo concesionario Asiauto &#8211; Valle de los Chillos","datePublished":"2026-04-26T03:46:51+00:00","mainEntityOfPage":{"@id":"https:\/\/www.quebakan.com\/v15\/inauguracion-del-nuevo-concesionario-asiauto-valle-de-los-chillos\/"},"wordCount":655,"publisher":{"@id":"https:\/\/www.quebakan.com\/v15\/#organization"},"image":{"@id":"https:\/\/www.quebakan.com\/v15\/inauguracion-del-nuevo-concesionario-asiauto-valle-de-los-chillos\/#primaryimage"},"thumbnailUrl":"https:\/\/www.quebakan.com\/v15\/wp-content\/uploads\/2026\/04\/JAC-2229.jpg","articleSection":["Noticias"],"inLanguage":"es"},{"@type":"WebPage","@id":"https:\/\/www.quebakan.com\/v15\/inauguracion-del-nuevo-concesionario-asiauto-valle-de-los-chillos\/","url":"https:\/\/www.quebakan.com\/v15\/inauguracion-del-nuevo-concesionario-asiauto-valle-de-los-chillos\/","name":"Inauguraci\u00f3n del nuevo concesionario Asiauto - Valle de los Chillos &#8211; QUEBAKAN.COM 2026: Noticias, Eventos, Conciertos y mucho m\u00e1s....","isPartOf":{"@id":"https:\/\/www.quebakan.com\/v15\/#website"},"primaryImageOfPage":{"@id":"https:\/\/www.quebakan.com\/v15\/inauguracion-del-nuevo-concesionario-asiauto-valle-de-los-chillos\/#primaryimage"},"image":{"@id":"https:\/\/www.quebakan.com\/v15\/inauguracion-del-nuevo-concesionario-asiauto-valle-de-los-chillos\/#primaryimage"},"thumbnailUrl":"https:\/\/www.quebakan.com\/v15\/wp-content\/uploads\/2026\/04\/JAC-2229.jpg","datePublished":"2026-04-26T03:46:51+00:00","breadcrumb":{"@id":"https:\/\/www.quebakan.com\/v15\/inauguracion-del-nuevo-concesionario-asiauto-valle-de-los-chillos\/#breadcrumb"},"inLanguage":"es","potentialAction":[{"@type":"ReadAction","target":["https:\/\/www.quebakan.com\/v15\/inauguracion-del-nuevo-concesionario-asiauto-valle-de-los-chillos\/"]}]},{"@type":"ImageObject","inLanguage":"es","@id":"https:\/\/www.quebakan.com\/v15\/inauguracion-del-nuevo-concesionario-asiauto-valle-de-los-chillos\/#primaryimage","url":"https:\/\/www.quebakan.com\/v15\/wp-content\/uploads\/2026\/04\/JAC-2229.jpg","contentUrl":"https:\/\/www.quebakan.com\/v15\/wp-content\/uploads\/2026\/04\/JAC-2229.jpg","width":700,"height":467},{"@type":"BreadcrumbList","@id":"https:\/\/www.quebakan.com\/v15\/inauguracion-del-nuevo-concesionario-asiauto-valle-de-los-chillos\/#breadcrumb","itemListElement":[{"@type":"ListItem","position":1,"name":"Portada","item":"https:\/\/www.quebakan.com\/v15\/"},{"@type":"ListItem","position":2,"name":"Inauguraci\u00f3n del nuevo concesionario Asiauto &#8211; Valle de los Chillos"}]},{"@type":"WebSite","@id":"https:\/\/www.quebakan.com\/v15\/#website","url":"https:\/\/www.quebakan.com\/v15\/","name":"QUEBAKAN","description":"..","publisher":{"@id":"https:\/\/www.quebakan.com\/v15\/#organization"},"potentialAction":[{"@type":"SearchAction","target":{"@type":"EntryPoint","urlTemplate":"https:\/\/www.quebakan.com\/v15\/?s={search_term_string}"},"query-input":{"@type":"PropertyValueSpecification","valueRequired":true,"valueName":"search_term_string"}}],"inLanguage":"es"},{"@type":"Organization","@id":"https:\/\/www.quebakan.com\/v15\/#organization","name":"Quebakan.com","url":"https:\/\/www.quebakan.com\/v15\/","logo":{"@type":"ImageObject","inLanguage":"es","@id":"https:\/\/www.quebakan.com\/v15\/#\/schema\/logo\/image\/","url":"https:\/\/www.quebakan.com\/v15\/wp-content\/uploads\/2023\/07\/logoquebakanenero2021.jpg","contentUrl":"https:\/\/www.quebakan.com\/v15\/wp-content\/uploads\/2023\/07\/logoquebakanenero2021.jpg","width":1920,"height":1080,"caption":"Quebakan.com"},"image":{"@id":"https:\/\/www.quebakan.com\/v15\/#\/schema\/logo\/image\/"},"sameAs":["http:\/\/www.facebook.com\/quebakan","https:\/\/x.com\/quebakanec","http:\/\/www.instagram.com\/quebakan","http:\/\/www.youtube.com\/quebakan1"]},{"@type":"Person","@id":"https:\/\/www.quebakan.com\/v15\/#\/schema\/person\/d90fa9f9cfa81eb8ace9811e5b7b9118","name":"Erick Villafuerte","image":{"@type":"ImageObject","inLanguage":"es","@id":"https:\/\/www.quebakan.com\/v15\/wp-content\/uploads\/avatars\/4\/1731297654-bpfull.png","url":"https:\/\/www.quebakan.com\/v15\/wp-content\/uploads\/avatars\/4\/1731297654-bpfull.png","contentUrl":"https:\/\/www.quebakan.com\/v15\/wp-content\/uploads\/avatars\/4\/1731297654-bpfull.png","caption":"Erick Villafuerte"}}]}},"_links":{"self":[{"href":"https:\/\/www.quebakan.com\/v15\/wp-json\/wp\/v2\/posts\/141950","targetHints":{"allow":["GET"]}}],"collection":[{"href":"https:\/\/www.quebakan.com\/v15\/wp-json\/wp\/v2\/posts"}],"about":[{"href":"https:\/\/www.quebakan.com\/v15\/wp-json\/wp\/v2\/types\/post"}],"author":[{"embeddable":true,"href":"https:\/\/www.quebakan.com\/v15\/wp-json\/wp\/v2\/users\/4"}],"replies":[{"embeddable":true,"href":"https:\/\/www.quebakan.com\/v15\/wp-json\/wp\/v2\/comments?post=141950"}],"version-history":[{"count":1,"href":"https:\/\/www.quebakan.com\/v15\/wp-json\/wp\/v2\/posts\/141950\/revisions"}],"predecessor-version":[{"id":141954,"href":"https:\/\/www.quebakan.com\/v15\/wp-json\/wp\/v2\/posts\/141950\/revisions\/141954"}],"wp:featuredmedia":[{"embeddable":true,"href":"https:\/\/www.quebakan.com\/v15\/wp-json\/wp\/v2\/media\/141951"}],"wp:attachment":[{"href":"https:\/\/www.quebakan.com\/v15\/wp-json\/wp\/v2\/media?parent=141950"}],"wp:term":[{"taxonomy":"category","embeddable":true,"href":"https:\/\/www.quebakan.com\/v15\/wp-json\/wp\/v2\/categories?post=141950"},{"taxonomy":"post_tag","embeddable":true,"href":"https:\/\/www.quebakan.com\/v15\/wp-json\/wp\/v2\/tags?post=141950"}],"curies":[{"name":"wp","href":"https:\/\/api.w.org\/{rel}","templated":true}]}}