{"id":141956,"date":"2026-04-26T15:07:56","date_gmt":"2026-04-26T20:07:56","guid":{"rendered":"https:\/\/www.quebakan.com\/v15\/?p=141956"},"modified":"2026-04-26T15:07:56","modified_gmt":"2026-04-26T20:07:56","slug":"banco-guayaquil-participo-como-banco-oficial-de-la-kumbre-de-sostenibilidad-de-ekos-reafirmando-su-compromiso-con-el-desarrollo-sostenible-del-pais","status":"publish","type":"post","link":"https:\/\/www.quebakan.com\/v15\/banco-guayaquil-participo-como-banco-oficial-de-la-kumbre-de-sostenibilidad-de-ekos-reafirmando-su-compromiso-con-el-desarrollo-sostenible-del-pais\/","title":{"rendered":"Banco Guayaquil particip\u00f3 como banco oficial de la Kumbre de Sostenibilidad de EKOS, reafirmando su compromiso con el desarrollo sostenible del pa\u00eds"},"content":{"rendered":"<p><img fetchpriority=\"high\" decoding=\"async\" class=\"aligncenter size-full wp-image-141957\" src=\"https:\/\/www.quebakan.com\/v15\/wp-content\/uploads\/2026\/04\/BANCO-GUAYAQUIL-CUMBRE-SOSTENIBILIDAD-23.jpg\" alt=\"\" width=\"700\" height=\"466\" \/><\/p>\n<ul>\n<li style=\"text-align: justify;\"><span style=\"color: #000000;\">Banco Guayaquil destac\u00f3 la transformaci\u00f3n digital como acelerador de la sostenibilidad y fue reconocida por iniciativas en inclusi\u00f3n y bienestar integral alineadas a los Objetivos de Desarrollo Sostenible: Banco del Barrio y Programa \u201cMe Cuido\u201d.<\/span><\/li>\n<li><span style=\"color: #000000;\">En el panel <em>\u201cFinanzas sostenibles: redefiniendo las cadenas de valor\u201d<\/em>, la instituci\u00f3n invit\u00f3 a FSC Ecuador y Aglomerados Cotopaxi, para analizar c\u00f3mo la sostenibilidad se consolida como un factor estructural en las organizaciones.<\/span><\/li>\n<\/ul>\n<p style=\"text-align: justify;\"><span style=\"color: #000000;\"><strong>Quito, abril de 2026.<\/strong>\u2013 Banco Guayaquil reafirm\u00f3 su liderazgo como banco oficial de la edici\u00f3n 2026 de la Kumbre de Sostenibilidad de EKOS, uno de los espacios m\u00e1s influyentes del pa\u00eds en esta materia. El encuentro reuni\u00f3 a l\u00edderes empresariales, organismos multilaterales, academia, ONG y j\u00f3venes, con el prop\u00f3sito de promover soluciones frente a los desaf\u00edos de un desarrollo m\u00e1s equitativo, sostenible y centrado en las personas.<\/span><\/p>\n<p style=\"text-align: justify;\"><span style=\"color: #000000;\">En el panel inaugural <em>\u201cLiderazgo, prop\u00f3sito y coherencia estrat\u00e9gica : el compromiso que nos mueve\u201d<\/em>, Guillermo Lasso Alc\u00edvar, presidente ejecutivo de Banco Guayaquil, destac\u00f3 que la sostenibilidad ha dejado de ser un compromiso para convertirse en una responsabilidad que se ejecuta desde un liderazgo transversal, din\u00e1mico y sist\u00e9mico, capaz de impulsar resultados sostenibles en coherencia y consistencia con el prop\u00f3sito y la estrategia del negocio.<\/span><\/p>\n<p style=\"text-align: justify;\"><span style=\"color: #000000;\">Durante el evento, Banco Guayaquil obtuvo reconocimientos por iniciativas alineadas a los Objetivos de Desarrollo Sostenible. Entre ellas, el programa <em>Wellness Action Plan \u201cMe Cuido\u201d<\/em>, que refleja un compromiso sostenido con el bienestar integral, y <em>Banco del Barrio: inclusi\u00f3n que transforma territorios\u201d<\/em>, enfocado en ampliar el acceso a servicios financieros en todo el pa\u00eds.<\/span><\/p>\n<p style=\"text-align: justify;\"><span style=\"color: #000000;\">Banco Guayaquil se posicion\u00f3 entre las empresas m\u00e1s sostenibles del Ecuador, seg\u00fan el Ecuador Sustainable Index 1000 (ESI-1000), desarrollado por Grupo EKOS en alianza con INCAE Business School.<\/span><\/p>\n<p style=\"text-align: justify;\"><span style=\"color: #000000;\">Durante el evento, la instituci\u00f3n destac\u00f3 el rol de la transformaci\u00f3n digital como un habilitador clave del desarrollo sostenible, evidenciando c\u00f3mo la banca evoluciona con visi\u00f3n de futuro orientado a generar valor de largo plazo.<\/span><\/p>\n<p style=\"text-align: justify;\"><span style=\"color: #000000;\">En l\u00ednea con esta visi\u00f3n, Banco Guayaquil lider\u00f3 el panel <em>\u201cFinanzas sostenibles: redefiniendo las cadenas de valor\u201d<\/em>, que cont\u00f3 con la participaci\u00f3n de Mabel Mor\u00e1n, Presidenta del Consejo Directivo de FSC Ecuador, y Roberto Neumann, Gerente Forestal de Aglomerados Cotopaxi, quienes analizaron c\u00f3mo la sostenibilidad se consolida como un factor estructural en la forma en que las organizaciones crecen, se fortalecen y proyectan su futuro.<\/span><\/p>\n<p style=\"text-align: justify;\"><span style=\"color: #000000;\">Banco Guayaquil fortalece su posicionamiento en el \u00e1mbito de la sostenibilidad y ratifica su papel en la evoluci\u00f3n del sistema financiero hacia modelos m\u00e1s eficientes, inclusivos y responsables, en los que la transformaci\u00f3n digital act\u00faa como un motor clave para generar valor sostenible en el pa\u00eds.<\/span><\/p>\n<p><img decoding=\"async\" class=\"aligncenter size-full wp-image-141958\" src=\"https:\/\/www.quebakan.com\/v15\/wp-content\/uploads\/2026\/04\/BANCO-GUAYAQUIL-CUMBRE-SOSTENIBILIDAD-60.jpg\" alt=\"\" width=\"700\" height=\"467\" \/><\/p>\n","protected":false},"excerpt":{"rendered":"<p>Banco Guayaquil destac\u00f3 la transformaci\u00f3n digital como acelerador de la sostenibilidad y fue reconocida por iniciativas en inclusi\u00f3n y bienestar integral alineadas a los Objetivos de Desarrollo Sostenible: Banco del Barrio y Programa \u201cMe Cuido\u201d. En el panel \u201cFinanzas sostenibles: redefiniendo las cadenas de valor\u201d, la instituci\u00f3n invit\u00f3 a FSC Ecuador y Aglomerados Cotopaxi, para [&hellip;]<\/p>\n","protected":false},"author":4,"featured_media":141957,"comment_status":"closed","ping_status":"closed","sticky":false,"template":"","format":"standard","meta":{"_bbp_topic_count":0,"_bbp_reply_count":0,"_bbp_total_topic_count":0,"_bbp_total_reply_count":0,"_bbp_voice_count":0,"_bbp_anonymous_reply_count":0,"_bbp_topic_count_hidden":0,"_bbp_reply_count_hidden":0,"_bbp_forum_subforum_count":0,"buzzeditor_post_format":"","footnotes":""},"categories":[2],"tags":[],"class_list":["post-141956","post","type-post","status-publish","format-standard","has-post-thumbnail","hentry","category-noticias"],"yoast_head":"<!-- This site is optimized with the Yoast SEO plugin v27.4 - https:\/\/yoast.com\/product\/yoast-seo-wordpress\/ -->\n<title>Banco Guayaquil particip\u00f3 como banco oficial de la Kumbre de Sostenibilidad de EKOS, reafirmando su compromiso con el desarrollo sostenible del pa\u00eds &#8211; QUEBAKAN.COM 2026: Noticias, Eventos, Conciertos y mucho m\u00e1s....<\/title>\n<meta name=\"robots\" content=\"index, follow, max-snippet:-1, max-image-preview:large, max-video-preview:-1\" \/>\n<link rel=\"canonical\" href=\"https:\/\/www.quebakan.com\/v15\/banco-guayaquil-participo-como-banco-oficial-de-la-kumbre-de-sostenibilidad-de-ekos-reafirmando-su-compromiso-con-el-desarrollo-sostenible-del-pais\/\" \/>\n<meta property=\"og:locale\" content=\"es_ES\" \/>\n<meta property=\"og:type\" content=\"article\" \/>\n<meta property=\"og:title\" content=\"Banco Guayaquil particip\u00f3 como banco oficial de la Kumbre de Sostenibilidad de EKOS, reafirmando su compromiso con el desarrollo sostenible del pa\u00eds &#8211; QUEBAKAN.COM 2026: Noticias, Eventos, Conciertos y mucho m\u00e1s....\" \/>\n<meta property=\"og:description\" content=\"Banco Guayaquil destac\u00f3 la transformaci\u00f3n digital como acelerador de la sostenibilidad y fue reconocida por iniciativas en inclusi\u00f3n y bienestar integral alineadas a los Objetivos de Desarrollo Sostenible: Banco del Barrio y Programa \u201cMe Cuido\u201d. En el panel \u201cFinanzas sostenibles: redefiniendo las cadenas de valor\u201d, la instituci\u00f3n invit\u00f3 a FSC Ecuador y Aglomerados Cotopaxi, para [&hellip;]\" \/>\n<meta property=\"og:url\" content=\"https:\/\/www.quebakan.com\/v15\/banco-guayaquil-participo-como-banco-oficial-de-la-kumbre-de-sostenibilidad-de-ekos-reafirmando-su-compromiso-con-el-desarrollo-sostenible-del-pais\/\" \/>\n<meta property=\"og:site_name\" content=\"QUEBAKAN.COM 2026: Noticias, Eventos, Conciertos y mucho m\u00e1s....\" \/>\n<meta property=\"article:publisher\" content=\"http:\/\/www.facebook.com\/quebakan\" \/>\n<meta property=\"article:published_time\" content=\"2026-04-26T20:07:56+00:00\" \/>\n<meta property=\"og:image\" content=\"https:\/\/www.quebakan.com\/v15\/wp-content\/uploads\/2026\/04\/BANCO-GUAYAQUIL-CUMBRE-SOSTENIBILIDAD-23.jpg\" \/>\n\t<meta property=\"og:image:width\" content=\"700\" \/>\n\t<meta property=\"og:image:height\" content=\"466\" \/>\n\t<meta property=\"og:image:type\" content=\"image\/jpeg\" \/>\n<meta name=\"author\" content=\"Erick Villafuerte\" \/>\n<meta name=\"twitter:card\" content=\"summary_large_image\" \/>\n<meta name=\"twitter:creator\" content=\"@quebakanec\" \/>\n<meta name=\"twitter:site\" content=\"@quebakanec\" \/>\n<meta name=\"twitter:label1\" content=\"Escrito por\" \/>\n\t<meta name=\"twitter:data1\" content=\"Erick Villafuerte\" \/>\n\t<meta name=\"twitter:label2\" content=\"Tiempo de lectura\" \/>\n\t<meta name=\"twitter:data2\" content=\"3 minutos\" \/>\n<script type=\"application\/ld+json\" class=\"yoast-schema-graph\">{\"@context\":\"https:\\\/\\\/schema.org\",\"@graph\":[{\"@type\":\"Article\",\"@id\":\"https:\\\/\\\/www.quebakan.com\\\/v15\\\/banco-guayaquil-participo-como-banco-oficial-de-la-kumbre-de-sostenibilidad-de-ekos-reafirmando-su-compromiso-con-el-desarrollo-sostenible-del-pais\\\/#article\",\"isPartOf\":{\"@id\":\"https:\\\/\\\/www.quebakan.com\\\/v15\\\/banco-guayaquil-participo-como-banco-oficial-de-la-kumbre-de-sostenibilidad-de-ekos-reafirmando-su-compromiso-con-el-desarrollo-sostenible-del-pais\\\/\"},\"author\":{\"name\":\"Erick Villafuerte\",\"@id\":\"https:\\\/\\\/www.quebakan.com\\\/v15\\\/#\\\/schema\\\/person\\\/d90fa9f9cfa81eb8ace9811e5b7b9118\"},\"headline\":\"Banco Guayaquil particip\u00f3 como banco oficial de la Kumbre de Sostenibilidad de EKOS, reafirmando su compromiso con el desarrollo sostenible del pa\u00eds\",\"datePublished\":\"2026-04-26T20:07:56+00:00\",\"mainEntityOfPage\":{\"@id\":\"https:\\\/\\\/www.quebakan.com\\\/v15\\\/banco-guayaquil-participo-como-banco-oficial-de-la-kumbre-de-sostenibilidad-de-ekos-reafirmando-su-compromiso-con-el-desarrollo-sostenible-del-pais\\\/\"},\"wordCount\":483,\"publisher\":{\"@id\":\"https:\\\/\\\/www.quebakan.com\\\/v15\\\/#organization\"},\"image\":{\"@id\":\"https:\\\/\\\/www.quebakan.com\\\/v15\\\/banco-guayaquil-participo-como-banco-oficial-de-la-kumbre-de-sostenibilidad-de-ekos-reafirmando-su-compromiso-con-el-desarrollo-sostenible-del-pais\\\/#primaryimage\"},\"thumbnailUrl\":\"https:\\\/\\\/www.quebakan.com\\\/v15\\\/wp-content\\\/uploads\\\/2026\\\/04\\\/BANCO-GUAYAQUIL-CUMBRE-SOSTENIBILIDAD-23.jpg\",\"articleSection\":[\"Noticias\"],\"inLanguage\":\"es\"},{\"@type\":\"WebPage\",\"@id\":\"https:\\\/\\\/www.quebakan.com\\\/v15\\\/banco-guayaquil-participo-como-banco-oficial-de-la-kumbre-de-sostenibilidad-de-ekos-reafirmando-su-compromiso-con-el-desarrollo-sostenible-del-pais\\\/\",\"url\":\"https:\\\/\\\/www.quebakan.com\\\/v15\\\/banco-guayaquil-participo-como-banco-oficial-de-la-kumbre-de-sostenibilidad-de-ekos-reafirmando-su-compromiso-con-el-desarrollo-sostenible-del-pais\\\/\",\"name\":\"Banco Guayaquil particip\u00f3 como banco oficial de la Kumbre de Sostenibilidad de EKOS, reafirmando su compromiso con el desarrollo sostenible del pa\u00eds &#8211; QUEBAKAN.COM 2026: Noticias, Eventos, Conciertos y mucho m\u00e1s....\",\"isPartOf\":{\"@id\":\"https:\\\/\\\/www.quebakan.com\\\/v15\\\/#website\"},\"primaryImageOfPage\":{\"@id\":\"https:\\\/\\\/www.quebakan.com\\\/v15\\\/banco-guayaquil-participo-como-banco-oficial-de-la-kumbre-de-sostenibilidad-de-ekos-reafirmando-su-compromiso-con-el-desarrollo-sostenible-del-pais\\\/#primaryimage\"},\"image\":{\"@id\":\"https:\\\/\\\/www.quebakan.com\\\/v15\\\/banco-guayaquil-participo-como-banco-oficial-de-la-kumbre-de-sostenibilidad-de-ekos-reafirmando-su-compromiso-con-el-desarrollo-sostenible-del-pais\\\/#primaryimage\"},\"thumbnailUrl\":\"https:\\\/\\\/www.quebakan.com\\\/v15\\\/wp-content\\\/uploads\\\/2026\\\/04\\\/BANCO-GUAYAQUIL-CUMBRE-SOSTENIBILIDAD-23.jpg\",\"datePublished\":\"2026-04-26T20:07:56+00:00\",\"breadcrumb\":{\"@id\":\"https:\\\/\\\/www.quebakan.com\\\/v15\\\/banco-guayaquil-participo-como-banco-oficial-de-la-kumbre-de-sostenibilidad-de-ekos-reafirmando-su-compromiso-con-el-desarrollo-sostenible-del-pais\\\/#breadcrumb\"},\"inLanguage\":\"es\",\"potentialAction\":[{\"@type\":\"ReadAction\",\"target\":[\"https:\\\/\\\/www.quebakan.com\\\/v15\\\/banco-guayaquil-participo-como-banco-oficial-de-la-kumbre-de-sostenibilidad-de-ekos-reafirmando-su-compromiso-con-el-desarrollo-sostenible-del-pais\\\/\"]}]},{\"@type\":\"ImageObject\",\"inLanguage\":\"es\",\"@id\":\"https:\\\/\\\/www.quebakan.com\\\/v15\\\/banco-guayaquil-participo-como-banco-oficial-de-la-kumbre-de-sostenibilidad-de-ekos-reafirmando-su-compromiso-con-el-desarrollo-sostenible-del-pais\\\/#primaryimage\",\"url\":\"https:\\\/\\\/www.quebakan.com\\\/v15\\\/wp-content\\\/uploads\\\/2026\\\/04\\\/BANCO-GUAYAQUIL-CUMBRE-SOSTENIBILIDAD-23.jpg\",\"contentUrl\":\"https:\\\/\\\/www.quebakan.com\\\/v15\\\/wp-content\\\/uploads\\\/2026\\\/04\\\/BANCO-GUAYAQUIL-CUMBRE-SOSTENIBILIDAD-23.jpg\",\"width\":700,\"height\":466},{\"@type\":\"BreadcrumbList\",\"@id\":\"https:\\\/\\\/www.quebakan.com\\\/v15\\\/banco-guayaquil-participo-como-banco-oficial-de-la-kumbre-de-sostenibilidad-de-ekos-reafirmando-su-compromiso-con-el-desarrollo-sostenible-del-pais\\\/#breadcrumb\",\"itemListElement\":[{\"@type\":\"ListItem\",\"position\":1,\"name\":\"Portada\",\"item\":\"https:\\\/\\\/www.quebakan.com\\\/v15\\\/\"},{\"@type\":\"ListItem\",\"position\":2,\"name\":\"Banco Guayaquil particip\u00f3 como banco oficial de la Kumbre de Sostenibilidad de EKOS, reafirmando su compromiso con el desarrollo sostenible del pa\u00eds\"}]},{\"@type\":\"WebSite\",\"@id\":\"https:\\\/\\\/www.quebakan.com\\\/v15\\\/#website\",\"url\":\"https:\\\/\\\/www.quebakan.com\\\/v15\\\/\",\"name\":\"QUEBAKAN\",\"description\":\"..\",\"publisher\":{\"@id\":\"https:\\\/\\\/www.quebakan.com\\\/v15\\\/#organization\"},\"potentialAction\":[{\"@type\":\"SearchAction\",\"target\":{\"@type\":\"EntryPoint\",\"urlTemplate\":\"https:\\\/\\\/www.quebakan.com\\\/v15\\\/?s={search_term_string}\"},\"query-input\":{\"@type\":\"PropertyValueSpecification\",\"valueRequired\":true,\"valueName\":\"search_term_string\"}}],\"inLanguage\":\"es\"},{\"@type\":\"Organization\",\"@id\":\"https:\\\/\\\/www.quebakan.com\\\/v15\\\/#organization\",\"name\":\"Quebakan.com\",\"url\":\"https:\\\/\\\/www.quebakan.com\\\/v15\\\/\",\"logo\":{\"@type\":\"ImageObject\",\"inLanguage\":\"es\",\"@id\":\"https:\\\/\\\/www.quebakan.com\\\/v15\\\/#\\\/schema\\\/logo\\\/image\\\/\",\"url\":\"https:\\\/\\\/www.quebakan.com\\\/v15\\\/wp-content\\\/uploads\\\/2023\\\/07\\\/logoquebakanenero2021.jpg\",\"contentUrl\":\"https:\\\/\\\/www.quebakan.com\\\/v15\\\/wp-content\\\/uploads\\\/2023\\\/07\\\/logoquebakanenero2021.jpg\",\"width\":1920,\"height\":1080,\"caption\":\"Quebakan.com\"},\"image\":{\"@id\":\"https:\\\/\\\/www.quebakan.com\\\/v15\\\/#\\\/schema\\\/logo\\\/image\\\/\"},\"sameAs\":[\"http:\\\/\\\/www.facebook.com\\\/quebakan\",\"https:\\\/\\\/x.com\\\/quebakanec\",\"http:\\\/\\\/www.instagram.com\\\/quebakan\",\"http:\\\/\\\/www.youtube.com\\\/quebakan1\"]},{\"@type\":\"Person\",\"@id\":\"https:\\\/\\\/www.quebakan.com\\\/v15\\\/#\\\/schema\\\/person\\\/d90fa9f9cfa81eb8ace9811e5b7b9118\",\"name\":\"Erick Villafuerte\",\"image\":{\"@type\":\"ImageObject\",\"inLanguage\":\"es\",\"@id\":\"https:\\\/\\\/www.quebakan.com\\\/v15\\\/wp-content\\\/uploads\\\/avatars\\\/4\\\/1731297654-bpfull.png\",\"url\":\"https:\\\/\\\/www.quebakan.com\\\/v15\\\/wp-content\\\/uploads\\\/avatars\\\/4\\\/1731297654-bpfull.png\",\"contentUrl\":\"https:\\\/\\\/www.quebakan.com\\\/v15\\\/wp-content\\\/uploads\\\/avatars\\\/4\\\/1731297654-bpfull.png\",\"caption\":\"Erick Villafuerte\"}}]}<\/script>\n<!-- \/ Yoast SEO plugin. -->","yoast_head_json":{"title":"Banco Guayaquil particip\u00f3 como banco oficial de la Kumbre de Sostenibilidad de EKOS, reafirmando su compromiso con el desarrollo sostenible del pa\u00eds &#8211; QUEBAKAN.COM 2026: Noticias, Eventos, Conciertos y mucho m\u00e1s....","robots":{"index":"index","follow":"follow","max-snippet":"max-snippet:-1","max-image-preview":"max-image-preview:large","max-video-preview":"max-video-preview:-1"},"canonical":"https:\/\/www.quebakan.com\/v15\/banco-guayaquil-participo-como-banco-oficial-de-la-kumbre-de-sostenibilidad-de-ekos-reafirmando-su-compromiso-con-el-desarrollo-sostenible-del-pais\/","og_locale":"es_ES","og_type":"article","og_title":"Banco Guayaquil particip\u00f3 como banco oficial de la Kumbre de Sostenibilidad de EKOS, reafirmando su compromiso con el desarrollo sostenible del pa\u00eds &#8211; QUEBAKAN.COM 2026: Noticias, Eventos, Conciertos y mucho m\u00e1s....","og_description":"Banco Guayaquil destac\u00f3 la transformaci\u00f3n digital como acelerador de la sostenibilidad y fue reconocida por iniciativas en inclusi\u00f3n y bienestar integral alineadas a los Objetivos de Desarrollo Sostenible: Banco del Barrio y Programa \u201cMe Cuido\u201d. En el panel \u201cFinanzas sostenibles: redefiniendo las cadenas de valor\u201d, la instituci\u00f3n invit\u00f3 a FSC Ecuador y Aglomerados Cotopaxi, para [&hellip;]","og_url":"https:\/\/www.quebakan.com\/v15\/banco-guayaquil-participo-como-banco-oficial-de-la-kumbre-de-sostenibilidad-de-ekos-reafirmando-su-compromiso-con-el-desarrollo-sostenible-del-pais\/","og_site_name":"QUEBAKAN.COM 2026: Noticias, Eventos, Conciertos y mucho m\u00e1s....","article_publisher":"http:\/\/www.facebook.com\/quebakan","article_published_time":"2026-04-26T20:07:56+00:00","og_image":[{"width":700,"height":466,"url":"https:\/\/www.quebakan.com\/v15\/wp-content\/uploads\/2026\/04\/BANCO-GUAYAQUIL-CUMBRE-SOSTENIBILIDAD-23.jpg","type":"image\/jpeg"}],"author":"Erick Villafuerte","twitter_card":"summary_large_image","twitter_creator":"@quebakanec","twitter_site":"@quebakanec","twitter_misc":{"Escrito por":"Erick Villafuerte","Tiempo de lectura":"3 minutos"},"schema":{"@context":"https:\/\/schema.org","@graph":[{"@type":"Article","@id":"https:\/\/www.quebakan.com\/v15\/banco-guayaquil-participo-como-banco-oficial-de-la-kumbre-de-sostenibilidad-de-ekos-reafirmando-su-compromiso-con-el-desarrollo-sostenible-del-pais\/#article","isPartOf":{"@id":"https:\/\/www.quebakan.com\/v15\/banco-guayaquil-participo-como-banco-oficial-de-la-kumbre-de-sostenibilidad-de-ekos-reafirmando-su-compromiso-con-el-desarrollo-sostenible-del-pais\/"},"author":{"name":"Erick Villafuerte","@id":"https:\/\/www.quebakan.com\/v15\/#\/schema\/person\/d90fa9f9cfa81eb8ace9811e5b7b9118"},"headline":"Banco Guayaquil particip\u00f3 como banco oficial de la Kumbre de Sostenibilidad de EKOS, reafirmando su compromiso con el desarrollo sostenible del pa\u00eds","datePublished":"2026-04-26T20:07:56+00:00","mainEntityOfPage":{"@id":"https:\/\/www.quebakan.com\/v15\/banco-guayaquil-participo-como-banco-oficial-de-la-kumbre-de-sostenibilidad-de-ekos-reafirmando-su-compromiso-con-el-desarrollo-sostenible-del-pais\/"},"wordCount":483,"publisher":{"@id":"https:\/\/www.quebakan.com\/v15\/#organization"},"image":{"@id":"https:\/\/www.quebakan.com\/v15\/banco-guayaquil-participo-como-banco-oficial-de-la-kumbre-de-sostenibilidad-de-ekos-reafirmando-su-compromiso-con-el-desarrollo-sostenible-del-pais\/#primaryimage"},"thumbnailUrl":"https:\/\/www.quebakan.com\/v15\/wp-content\/uploads\/2026\/04\/BANCO-GUAYAQUIL-CUMBRE-SOSTENIBILIDAD-23.jpg","articleSection":["Noticias"],"inLanguage":"es"},{"@type":"WebPage","@id":"https:\/\/www.quebakan.com\/v15\/banco-guayaquil-participo-como-banco-oficial-de-la-kumbre-de-sostenibilidad-de-ekos-reafirmando-su-compromiso-con-el-desarrollo-sostenible-del-pais\/","url":"https:\/\/www.quebakan.com\/v15\/banco-guayaquil-participo-como-banco-oficial-de-la-kumbre-de-sostenibilidad-de-ekos-reafirmando-su-compromiso-con-el-desarrollo-sostenible-del-pais\/","name":"Banco Guayaquil particip\u00f3 como banco oficial de la Kumbre de Sostenibilidad de EKOS, reafirmando su compromiso con el desarrollo sostenible del pa\u00eds &#8211; QUEBAKAN.COM 2026: Noticias, Eventos, Conciertos y mucho m\u00e1s....","isPartOf":{"@id":"https:\/\/www.quebakan.com\/v15\/#website"},"primaryImageOfPage":{"@id":"https:\/\/www.quebakan.com\/v15\/banco-guayaquil-participo-como-banco-oficial-de-la-kumbre-de-sostenibilidad-de-ekos-reafirmando-su-compromiso-con-el-desarrollo-sostenible-del-pais\/#primaryimage"},"image":{"@id":"https:\/\/www.quebakan.com\/v15\/banco-guayaquil-participo-como-banco-oficial-de-la-kumbre-de-sostenibilidad-de-ekos-reafirmando-su-compromiso-con-el-desarrollo-sostenible-del-pais\/#primaryimage"},"thumbnailUrl":"https:\/\/www.quebakan.com\/v15\/wp-content\/uploads\/2026\/04\/BANCO-GUAYAQUIL-CUMBRE-SOSTENIBILIDAD-23.jpg","datePublished":"2026-04-26T20:07:56+00:00","breadcrumb":{"@id":"https:\/\/www.quebakan.com\/v15\/banco-guayaquil-participo-como-banco-oficial-de-la-kumbre-de-sostenibilidad-de-ekos-reafirmando-su-compromiso-con-el-desarrollo-sostenible-del-pais\/#breadcrumb"},"inLanguage":"es","potentialAction":[{"@type":"ReadAction","target":["https:\/\/www.quebakan.com\/v15\/banco-guayaquil-participo-como-banco-oficial-de-la-kumbre-de-sostenibilidad-de-ekos-reafirmando-su-compromiso-con-el-desarrollo-sostenible-del-pais\/"]}]},{"@type":"ImageObject","inLanguage":"es","@id":"https:\/\/www.quebakan.com\/v15\/banco-guayaquil-participo-como-banco-oficial-de-la-kumbre-de-sostenibilidad-de-ekos-reafirmando-su-compromiso-con-el-desarrollo-sostenible-del-pais\/#primaryimage","url":"https:\/\/www.quebakan.com\/v15\/wp-content\/uploads\/2026\/04\/BANCO-GUAYAQUIL-CUMBRE-SOSTENIBILIDAD-23.jpg","contentUrl":"https:\/\/www.quebakan.com\/v15\/wp-content\/uploads\/2026\/04\/BANCO-GUAYAQUIL-CUMBRE-SOSTENIBILIDAD-23.jpg","width":700,"height":466},{"@type":"BreadcrumbList","@id":"https:\/\/www.quebakan.com\/v15\/banco-guayaquil-participo-como-banco-oficial-de-la-kumbre-de-sostenibilidad-de-ekos-reafirmando-su-compromiso-con-el-desarrollo-sostenible-del-pais\/#breadcrumb","itemListElement":[{"@type":"ListItem","position":1,"name":"Portada","item":"https:\/\/www.quebakan.com\/v15\/"},{"@type":"ListItem","position":2,"name":"Banco Guayaquil particip\u00f3 como banco oficial de la Kumbre de Sostenibilidad de EKOS, reafirmando su compromiso con el desarrollo sostenible del pa\u00eds"}]},{"@type":"WebSite","@id":"https:\/\/www.quebakan.com\/v15\/#website","url":"https:\/\/www.quebakan.com\/v15\/","name":"QUEBAKAN","description":"..","publisher":{"@id":"https:\/\/www.quebakan.com\/v15\/#organization"},"potentialAction":[{"@type":"SearchAction","target":{"@type":"EntryPoint","urlTemplate":"https:\/\/www.quebakan.com\/v15\/?s={search_term_string}"},"query-input":{"@type":"PropertyValueSpecification","valueRequired":true,"valueName":"search_term_string"}}],"inLanguage":"es"},{"@type":"Organization","@id":"https:\/\/www.quebakan.com\/v15\/#organization","name":"Quebakan.com","url":"https:\/\/www.quebakan.com\/v15\/","logo":{"@type":"ImageObject","inLanguage":"es","@id":"https:\/\/www.quebakan.com\/v15\/#\/schema\/logo\/image\/","url":"https:\/\/www.quebakan.com\/v15\/wp-content\/uploads\/2023\/07\/logoquebakanenero2021.jpg","contentUrl":"https:\/\/www.quebakan.com\/v15\/wp-content\/uploads\/2023\/07\/logoquebakanenero2021.jpg","width":1920,"height":1080,"caption":"Quebakan.com"},"image":{"@id":"https:\/\/www.quebakan.com\/v15\/#\/schema\/logo\/image\/"},"sameAs":["http:\/\/www.facebook.com\/quebakan","https:\/\/x.com\/quebakanec","http:\/\/www.instagram.com\/quebakan","http:\/\/www.youtube.com\/quebakan1"]},{"@type":"Person","@id":"https:\/\/www.quebakan.com\/v15\/#\/schema\/person\/d90fa9f9cfa81eb8ace9811e5b7b9118","name":"Erick Villafuerte","image":{"@type":"ImageObject","inLanguage":"es","@id":"https:\/\/www.quebakan.com\/v15\/wp-content\/uploads\/avatars\/4\/1731297654-bpfull.png","url":"https:\/\/www.quebakan.com\/v15\/wp-content\/uploads\/avatars\/4\/1731297654-bpfull.png","contentUrl":"https:\/\/www.quebakan.com\/v15\/wp-content\/uploads\/avatars\/4\/1731297654-bpfull.png","caption":"Erick Villafuerte"}}]}},"_links":{"self":[{"href":"https:\/\/www.quebakan.com\/v15\/wp-json\/wp\/v2\/posts\/141956","targetHints":{"allow":["GET"]}}],"collection":[{"href":"https:\/\/www.quebakan.com\/v15\/wp-json\/wp\/v2\/posts"}],"about":[{"href":"https:\/\/www.quebakan.com\/v15\/wp-json\/wp\/v2\/types\/post"}],"author":[{"embeddable":true,"href":"https:\/\/www.quebakan.com\/v15\/wp-json\/wp\/v2\/users\/4"}],"replies":[{"embeddable":true,"href":"https:\/\/www.quebakan.com\/v15\/wp-json\/wp\/v2\/comments?post=141956"}],"version-history":[{"count":1,"href":"https:\/\/www.quebakan.com\/v15\/wp-json\/wp\/v2\/posts\/141956\/revisions"}],"predecessor-version":[{"id":141959,"href":"https:\/\/www.quebakan.com\/v15\/wp-json\/wp\/v2\/posts\/141956\/revisions\/141959"}],"wp:featuredmedia":[{"embeddable":true,"href":"https:\/\/www.quebakan.com\/v15\/wp-json\/wp\/v2\/media\/141957"}],"wp:attachment":[{"href":"https:\/\/www.quebakan.com\/v15\/wp-json\/wp\/v2\/media?parent=141956"}],"wp:term":[{"taxonomy":"category","embeddable":true,"href":"https:\/\/www.quebakan.com\/v15\/wp-json\/wp\/v2\/categories?post=141956"},{"taxonomy":"post_tag","embeddable":true,"href":"https:\/\/www.quebakan.com\/v15\/wp-json\/wp\/v2\/tags?post=141956"}],"curies":[{"name":"wp","href":"https:\/\/api.w.org\/{rel}","templated":true}]}}