{"id":141966,"date":"2026-04-26T18:36:27","date_gmt":"2026-04-26T23:36:27","guid":{"rendered":"https:\/\/www.quebakan.com\/v15\/?p=141966"},"modified":"2026-04-26T18:36:27","modified_gmt":"2026-04-26T23:36:27","slug":"malportado-y-lunayla-convierten-el-dolor-en-himno-global-con-desconocidos-una-fusion-de-afro-beat-rb-y-pop-latino-desde-montreal","status":"publish","type":"post","link":"https:\/\/www.quebakan.com\/v15\/malportado-y-lunayla-convierten-el-dolor-en-himno-global-con-desconocidos-una-fusion-de-afro-beat-rb-y-pop-latino-desde-montreal\/","title":{"rendered":"MALPORTADO Y LUNAYLA CONVIERTEN EL DOLOR EN HIMNO GLOBAL CON \u201cDESCONOCIDOS\u201d, UNA FUSI\u00d3N DE AFRO BEAT, R&#038;B Y POP LATINO DESDE MONTR\u00c9AL"},"content":{"rendered":"<div><img fetchpriority=\"high\" decoding=\"async\" class=\"aligncenter size-full wp-image-141967\" src=\"https:\/\/www.quebakan.com\/v15\/wp-content\/uploads\/2026\/04\/Lunayla-Malportado.jpg\" alt=\"\" width=\"467\" height=\"700\" \/><\/div>\n<div><\/div>\n<div>\n<div style=\"text-align: justify;\"><span style=\"color: #000000;\"><a style=\"color: #000000;\" title=\"Protegido por Outlook: https:\/\/www.youtube.com\/watch?v=s67770eVOk8&amp;list=RDs67770eVOk8&amp;start_radio=1. Haga clic o pulse para seguir el v\u00ednculo.\" href=\"https:\/\/na01.safelinks.protection.outlook.com\/?url=https%3A%2F%2Fwww.youtube.com%2Fwatch%3Fv%3Ds67770eVOk8%26list%3DRDs67770eVOk8%26start_radio%3D1&amp;data=05%7C02%7C%7C3975db7ff4bd4eae494b08dea264c222%7C84df9e7fe9f640afb435aaaaaaaaaaaa%7C1%7C0%7C639126750909627596%7CUnknown%7CTWFpbGZsb3d8eyJFbXB0eU1hcGkiOnRydWUsIlYiOiIwLjAuMDAwMCIsIlAiOiJXaW4zMiIsIkFOIjoiTWFpbCIsIldUIjoyfQ%3D%3D%7C0%7C%7C%7C&amp;sdata=lWOYcAc8lcsLSGAnr7TCqLlpXEUZ17a%2FbU2M8W4nEEI%3D&amp;reserved=0\" target=\"_blank\" rel=\"noopener noreferrer\" data-auth=\"NotApplicable\" data-linkindex=\"0\" data-olk-copy-source=\"MessageBody\">DESCONOCIDOS (feat. MAL PORTADO)<\/a><\/span><\/div>\n<\/div>\n<p dir=\"ltr\" style=\"text-align: justify;\"><span style=\"color: #000000;\">La escena urbana y alternativa de Canad\u00e1 sigue dando pasos firmes hacia el mercado internacional, y esta vez lo hace con una colaboraci\u00f3n que promete conectar con miles de corazones alrededor del mundo. Malportado y Lunayla unen talentos en \u201cDesconocidos\u201d, un lanzamiento cargado de emoci\u00f3n, nostalgia y ritmo, donde el afrobeat, el R&amp;B y el pop latino se encuentran en una propuesta fresca, moderna y altamente comercial.<\/span><\/p>\n<p dir=\"ltr\" style=\"text-align: justify;\"><span style=\"color: #000000;\">La historia detr\u00e1s de este sencillo naci\u00f3 de forma inesperada, como suelen comenzar las mejores canciones. Ambos artistas se cruzaron en una discoteca de Montr\u00e9al y de inmediato sintieron que hab\u00eda una vibra especial. Esa energ\u00eda natural los llev\u00f3 al estudio, donde la canci\u00f3n tom\u00f3 vida propia y fue escrita pr\u00e1cticamente en una sola sesi\u00f3n.<\/span><\/p>\n<p dir=\"ltr\" style=\"text-align: justify;\"><span style=\"color: #000000;\">\u201cDesconocidos\u201d retrata una situaci\u00f3n muy com\u00fan pero profundamente dolorosa: esos amores imperfectos que dejan huellas emocionales dif\u00edciles de borrar. La canci\u00f3n narra el reencuentro entre dos personas con pasado sentimental, que vuelven a coincidir sabiendo que lo suyo no puede funcionar. Sin embargo, la atracci\u00f3n sigue viva y las emociones reaparecen.<\/span><\/p>\n<p dir=\"ltr\" style=\"text-align: justify;\"><span style=\"color: #000000;\">El tema destaca por contar la historia desde dos perspectivas distintas: una marcada por el miedo a volver a ser herida, y otra enfocada en algo casual sin compromisos. Esa dualidad convierte a \u201cDesconocidos\u201d en una canci\u00f3n intensa, real y f\u00e1cil de identificar para cualquier oyente.<\/span><\/p>\n<p dir=\"ltr\" style=\"text-align: justify;\"><span style=\"color: #000000;\">La producci\u00f3n estuvo liderada por Jean Salcedo, productor y compositor de BDRMusic en Canad\u00e1, junto a KingAlexBeats, reconocido por trabajar en \u00e9xitos mundiales como Soltera de Shakira. El resultado es una mezcla internacional con sonido competitivo y calidad global.<\/span><\/p>\n<p dir=\"ltr\" style=\"text-align: justify;\"><span style=\"color: #000000;\">Musicalmente, el sencillo explora una atm\u00f3sfera elegante y contagiosa, donde el afrobeat aporta movimiento, el R&amp;B sensualidad y el pop latino ese toque masivo que lo convierte en un potencial hit.<\/span><\/p>\n<p dir=\"ltr\" style=\"text-align: justify;\"><span style=\"color: #000000;\">El videoclip fue grabado en un hotel que contact\u00f3 directamente al equipo tras conocer el proyecto. Junto a Jean Salcedo, los artistas desarrollaron una pieza audiovisual \u00edntima y cinematogr\u00e1fica, reforzando la historia de dos almas que se vuelven a encontrar cuando quiz\u00e1 ya era demasiado tarde.<\/span><\/p>\n<p dir=\"ltr\" style=\"text-align: justify;\"><span style=\"color: #000000;\">Para Lunayla, este lanzamiento representa su primera incursi\u00f3n en el afrobeat y una oportunidad de presentarse al mundo con una propuesta innovadora. Para Malportado, significa acercarse a nuevos sonidos y seguir expandiendo su versatilidad art\u00edstica.<\/span><\/p>\n<p dir=\"ltr\" style=\"text-align: justify;\"><span style=\"color: #000000;\">Ambos artistas tienen previstos nuevos EPs durante este 2026, consolidando un a\u00f1o clave para sus carreras.<\/span><\/p>\n<p dir=\"ltr\" style=\"text-align: justify;\"><span style=\"color: #000000;\">Malportado es considerado uno de los proyectos m\u00e1s s\u00f3lidos de la escena urbana en Montr\u00e9al, campe\u00f3n regional de BDM Freestyle y compositor reconocido en Canad\u00e1.<\/span><br \/>\n<span style=\"color: #000000;\">Lunayla, por su parte, es una artista emergente cubano-canadiense de R&amp;B que destaca por su calidad vocal, sensibilidad interpretativa y composiciones con identidad propia.<\/span><\/p>\n<p dir=\"ltr\" style=\"text-align: justify;\"><span style=\"color: #000000;\">\u201cDesconocidos\u201d ya est\u00e1 disponible en todas las plataformas digitales.<\/span><\/p>\n<p dir=\"ltr\" style=\"text-align: justify;\"><span style=\"color: #000000;\">Redes Sociales<\/span><\/p>\n<p dir=\"ltr\" style=\"text-align: justify;\"><span style=\"color: #000000;\">Lunayla<\/span><br \/>\n<span style=\"color: #000000;\">Instagram: @lunayla.jimenez<\/span><br \/>\n<span style=\"color: #000000;\">TikTok: @lunayla.jimenez<\/span><br \/>\n<span style=\"color: #000000;\">YouTube: Lunayla Jimenez<\/span><br \/>\n<span style=\"color: #000000;\">Spotify \/ Apple Music<\/span><\/p>\n<p dir=\"ltr\" style=\"text-align: justify;\"><span style=\"color: #000000;\">Malportado<\/span><br \/>\n<span style=\"color: #000000;\">Instagram: @_elmalpo<\/span><br \/>\n<span style=\"color: #000000;\">TikTok: @el_malpo<\/span><br \/>\n<span style=\"color: #000000;\">YouTube: Malportado<\/span><br \/>\n<span style=\"color: #000000;\">Spotify \/ Apple Music<\/span><\/p>\n<p dir=\"ltr\"><img decoding=\"async\" class=\"aligncenter size-full wp-image-141968\" src=\"https:\/\/www.quebakan.com\/v15\/wp-content\/uploads\/2026\/04\/malportado-lunayla.jpg\" alt=\"\" width=\"467\" height=\"700\" \/><\/p>\n","protected":false},"excerpt":{"rendered":"<p>DESCONOCIDOS (feat. MAL PORTADO) La escena urbana y alternativa de Canad\u00e1 sigue dando pasos firmes hacia el mercado internacional, y esta vez lo hace con una colaboraci\u00f3n que promete conectar con miles de corazones alrededor del mundo. Malportado y Lunayla unen talentos en \u201cDesconocidos\u201d, un lanzamiento cargado de emoci\u00f3n, nostalgia y ritmo, donde el afrobeat, [&hellip;]<\/p>\n","protected":false},"author":4,"featured_media":141967,"comment_status":"closed","ping_status":"closed","sticky":false,"template":"","format":"standard","meta":{"_bbp_topic_count":0,"_bbp_reply_count":0,"_bbp_total_topic_count":0,"_bbp_total_reply_count":0,"_bbp_voice_count":0,"_bbp_anonymous_reply_count":0,"_bbp_topic_count_hidden":0,"_bbp_reply_count_hidden":0,"_bbp_forum_subforum_count":0,"buzzeditor_post_format":"","footnotes":""},"categories":[332],"tags":[],"class_list":["post-141966","post","type-post","status-publish","format-standard","has-post-thumbnail","hentry","category-musica"],"yoast_head":"<!-- This site is optimized with the Yoast SEO plugin v27.4 - https:\/\/yoast.com\/product\/yoast-seo-wordpress\/ -->\n<title>MALPORTADO Y LUNAYLA CONVIERTEN EL DOLOR EN HIMNO GLOBAL CON \u201cDESCONOCIDOS\u201d, UNA FUSI\u00d3N DE AFRO BEAT, R&amp;B Y POP LATINO DESDE MONTR\u00c9AL &#8211; QUEBAKAN.COM 2026: Noticias, Eventos, Conciertos y mucho m\u00e1s....<\/title>\n<meta name=\"robots\" content=\"index, follow, max-snippet:-1, max-image-preview:large, max-video-preview:-1\" \/>\n<link rel=\"canonical\" href=\"https:\/\/www.quebakan.com\/v15\/malportado-y-lunayla-convierten-el-dolor-en-himno-global-con-desconocidos-una-fusion-de-afro-beat-rb-y-pop-latino-desde-montreal\/\" \/>\n<meta property=\"og:locale\" content=\"es_ES\" \/>\n<meta property=\"og:type\" content=\"article\" \/>\n<meta property=\"og:title\" content=\"MALPORTADO Y LUNAYLA CONVIERTEN EL DOLOR EN HIMNO GLOBAL CON \u201cDESCONOCIDOS\u201d, UNA FUSI\u00d3N DE AFRO BEAT, R&amp;B Y POP LATINO DESDE MONTR\u00c9AL &#8211; QUEBAKAN.COM 2026: Noticias, Eventos, Conciertos y mucho m\u00e1s....\" \/>\n<meta property=\"og:description\" content=\"DESCONOCIDOS (feat. MAL PORTADO) La escena urbana y alternativa de Canad\u00e1 sigue dando pasos firmes hacia el mercado internacional, y esta vez lo hace con una colaboraci\u00f3n que promete conectar con miles de corazones alrededor del mundo. Malportado y Lunayla unen talentos en \u201cDesconocidos\u201d, un lanzamiento cargado de emoci\u00f3n, nostalgia y ritmo, donde el afrobeat, [&hellip;]\" \/>\n<meta property=\"og:url\" content=\"https:\/\/www.quebakan.com\/v15\/malportado-y-lunayla-convierten-el-dolor-en-himno-global-con-desconocidos-una-fusion-de-afro-beat-rb-y-pop-latino-desde-montreal\/\" \/>\n<meta property=\"og:site_name\" content=\"QUEBAKAN.COM 2026: Noticias, Eventos, Conciertos y mucho m\u00e1s....\" \/>\n<meta property=\"article:publisher\" content=\"http:\/\/www.facebook.com\/quebakan\" \/>\n<meta property=\"article:published_time\" content=\"2026-04-26T23:36:27+00:00\" \/>\n<meta property=\"og:image\" content=\"https:\/\/www.quebakan.com\/v15\/wp-content\/uploads\/2026\/04\/Lunayla-Malportado.jpg\" \/>\n\t<meta property=\"og:image:width\" content=\"467\" \/>\n\t<meta property=\"og:image:height\" content=\"700\" \/>\n\t<meta property=\"og:image:type\" content=\"image\/jpeg\" \/>\n<meta name=\"author\" content=\"Erick Villafuerte\" \/>\n<meta name=\"twitter:card\" content=\"summary_large_image\" \/>\n<meta name=\"twitter:creator\" content=\"@quebakanec\" \/>\n<meta name=\"twitter:site\" content=\"@quebakanec\" \/>\n<meta name=\"twitter:label1\" content=\"Escrito por\" \/>\n\t<meta name=\"twitter:data1\" content=\"Erick Villafuerte\" \/>\n\t<meta name=\"twitter:label2\" content=\"Tiempo de lectura\" \/>\n\t<meta name=\"twitter:data2\" content=\"3 minutos\" \/>\n<script type=\"application\/ld+json\" class=\"yoast-schema-graph\">{\"@context\":\"https:\\\/\\\/schema.org\",\"@graph\":[{\"@type\":\"Article\",\"@id\":\"https:\\\/\\\/www.quebakan.com\\\/v15\\\/malportado-y-lunayla-convierten-el-dolor-en-himno-global-con-desconocidos-una-fusion-de-afro-beat-rb-y-pop-latino-desde-montreal\\\/#article\",\"isPartOf\":{\"@id\":\"https:\\\/\\\/www.quebakan.com\\\/v15\\\/malportado-y-lunayla-convierten-el-dolor-en-himno-global-con-desconocidos-una-fusion-de-afro-beat-rb-y-pop-latino-desde-montreal\\\/\"},\"author\":{\"name\":\"Erick Villafuerte\",\"@id\":\"https:\\\/\\\/www.quebakan.com\\\/v15\\\/#\\\/schema\\\/person\\\/d90fa9f9cfa81eb8ace9811e5b7b9118\"},\"headline\":\"MALPORTADO Y LUNAYLA CONVIERTEN EL DOLOR EN HIMNO GLOBAL CON \u201cDESCONOCIDOS\u201d, UNA FUSI\u00d3N DE AFRO BEAT, R&#038;B Y POP LATINO DESDE MONTR\u00c9AL\",\"datePublished\":\"2026-04-26T23:36:27+00:00\",\"mainEntityOfPage\":{\"@id\":\"https:\\\/\\\/www.quebakan.com\\\/v15\\\/malportado-y-lunayla-convierten-el-dolor-en-himno-global-con-desconocidos-una-fusion-de-afro-beat-rb-y-pop-latino-desde-montreal\\\/\"},\"wordCount\":530,\"publisher\":{\"@id\":\"https:\\\/\\\/www.quebakan.com\\\/v15\\\/#organization\"},\"image\":{\"@id\":\"https:\\\/\\\/www.quebakan.com\\\/v15\\\/malportado-y-lunayla-convierten-el-dolor-en-himno-global-con-desconocidos-una-fusion-de-afro-beat-rb-y-pop-latino-desde-montreal\\\/#primaryimage\"},\"thumbnailUrl\":\"https:\\\/\\\/www.quebakan.com\\\/v15\\\/wp-content\\\/uploads\\\/2026\\\/04\\\/Lunayla-Malportado.jpg\",\"articleSection\":[\"M\u00fasica\"],\"inLanguage\":\"es\"},{\"@type\":\"WebPage\",\"@id\":\"https:\\\/\\\/www.quebakan.com\\\/v15\\\/malportado-y-lunayla-convierten-el-dolor-en-himno-global-con-desconocidos-una-fusion-de-afro-beat-rb-y-pop-latino-desde-montreal\\\/\",\"url\":\"https:\\\/\\\/www.quebakan.com\\\/v15\\\/malportado-y-lunayla-convierten-el-dolor-en-himno-global-con-desconocidos-una-fusion-de-afro-beat-rb-y-pop-latino-desde-montreal\\\/\",\"name\":\"MALPORTADO Y LUNAYLA CONVIERTEN EL DOLOR EN HIMNO GLOBAL CON \u201cDESCONOCIDOS\u201d, UNA FUSI\u00d3N DE AFRO BEAT, R&B Y POP LATINO DESDE MONTR\u00c9AL &#8211; QUEBAKAN.COM 2026: Noticias, Eventos, Conciertos y mucho m\u00e1s....\",\"isPartOf\":{\"@id\":\"https:\\\/\\\/www.quebakan.com\\\/v15\\\/#website\"},\"primaryImageOfPage\":{\"@id\":\"https:\\\/\\\/www.quebakan.com\\\/v15\\\/malportado-y-lunayla-convierten-el-dolor-en-himno-global-con-desconocidos-una-fusion-de-afro-beat-rb-y-pop-latino-desde-montreal\\\/#primaryimage\"},\"image\":{\"@id\":\"https:\\\/\\\/www.quebakan.com\\\/v15\\\/malportado-y-lunayla-convierten-el-dolor-en-himno-global-con-desconocidos-una-fusion-de-afro-beat-rb-y-pop-latino-desde-montreal\\\/#primaryimage\"},\"thumbnailUrl\":\"https:\\\/\\\/www.quebakan.com\\\/v15\\\/wp-content\\\/uploads\\\/2026\\\/04\\\/Lunayla-Malportado.jpg\",\"datePublished\":\"2026-04-26T23:36:27+00:00\",\"breadcrumb\":{\"@id\":\"https:\\\/\\\/www.quebakan.com\\\/v15\\\/malportado-y-lunayla-convierten-el-dolor-en-himno-global-con-desconocidos-una-fusion-de-afro-beat-rb-y-pop-latino-desde-montreal\\\/#breadcrumb\"},\"inLanguage\":\"es\",\"potentialAction\":[{\"@type\":\"ReadAction\",\"target\":[\"https:\\\/\\\/www.quebakan.com\\\/v15\\\/malportado-y-lunayla-convierten-el-dolor-en-himno-global-con-desconocidos-una-fusion-de-afro-beat-rb-y-pop-latino-desde-montreal\\\/\"]}]},{\"@type\":\"ImageObject\",\"inLanguage\":\"es\",\"@id\":\"https:\\\/\\\/www.quebakan.com\\\/v15\\\/malportado-y-lunayla-convierten-el-dolor-en-himno-global-con-desconocidos-una-fusion-de-afro-beat-rb-y-pop-latino-desde-montreal\\\/#primaryimage\",\"url\":\"https:\\\/\\\/www.quebakan.com\\\/v15\\\/wp-content\\\/uploads\\\/2026\\\/04\\\/Lunayla-Malportado.jpg\",\"contentUrl\":\"https:\\\/\\\/www.quebakan.com\\\/v15\\\/wp-content\\\/uploads\\\/2026\\\/04\\\/Lunayla-Malportado.jpg\",\"width\":467,\"height\":700},{\"@type\":\"BreadcrumbList\",\"@id\":\"https:\\\/\\\/www.quebakan.com\\\/v15\\\/malportado-y-lunayla-convierten-el-dolor-en-himno-global-con-desconocidos-una-fusion-de-afro-beat-rb-y-pop-latino-desde-montreal\\\/#breadcrumb\",\"itemListElement\":[{\"@type\":\"ListItem\",\"position\":1,\"name\":\"Portada\",\"item\":\"https:\\\/\\\/www.quebakan.com\\\/v15\\\/\"},{\"@type\":\"ListItem\",\"position\":2,\"name\":\"MALPORTADO Y LUNAYLA CONVIERTEN EL DOLOR EN HIMNO GLOBAL CON \u201cDESCONOCIDOS\u201d, UNA FUSI\u00d3N DE AFRO BEAT, R&#038;B Y POP LATINO DESDE MONTR\u00c9AL\"}]},{\"@type\":\"WebSite\",\"@id\":\"https:\\\/\\\/www.quebakan.com\\\/v15\\\/#website\",\"url\":\"https:\\\/\\\/www.quebakan.com\\\/v15\\\/\",\"name\":\"QUEBAKAN\",\"description\":\"..\",\"publisher\":{\"@id\":\"https:\\\/\\\/www.quebakan.com\\\/v15\\\/#organization\"},\"potentialAction\":[{\"@type\":\"SearchAction\",\"target\":{\"@type\":\"EntryPoint\",\"urlTemplate\":\"https:\\\/\\\/www.quebakan.com\\\/v15\\\/?s={search_term_string}\"},\"query-input\":{\"@type\":\"PropertyValueSpecification\",\"valueRequired\":true,\"valueName\":\"search_term_string\"}}],\"inLanguage\":\"es\"},{\"@type\":\"Organization\",\"@id\":\"https:\\\/\\\/www.quebakan.com\\\/v15\\\/#organization\",\"name\":\"Quebakan.com\",\"url\":\"https:\\\/\\\/www.quebakan.com\\\/v15\\\/\",\"logo\":{\"@type\":\"ImageObject\",\"inLanguage\":\"es\",\"@id\":\"https:\\\/\\\/www.quebakan.com\\\/v15\\\/#\\\/schema\\\/logo\\\/image\\\/\",\"url\":\"https:\\\/\\\/www.quebakan.com\\\/v15\\\/wp-content\\\/uploads\\\/2023\\\/07\\\/logoquebakanenero2021.jpg\",\"contentUrl\":\"https:\\\/\\\/www.quebakan.com\\\/v15\\\/wp-content\\\/uploads\\\/2023\\\/07\\\/logoquebakanenero2021.jpg\",\"width\":1920,\"height\":1080,\"caption\":\"Quebakan.com\"},\"image\":{\"@id\":\"https:\\\/\\\/www.quebakan.com\\\/v15\\\/#\\\/schema\\\/logo\\\/image\\\/\"},\"sameAs\":[\"http:\\\/\\\/www.facebook.com\\\/quebakan\",\"https:\\\/\\\/x.com\\\/quebakanec\",\"http:\\\/\\\/www.instagram.com\\\/quebakan\",\"http:\\\/\\\/www.youtube.com\\\/quebakan1\"]},{\"@type\":\"Person\",\"@id\":\"https:\\\/\\\/www.quebakan.com\\\/v15\\\/#\\\/schema\\\/person\\\/d90fa9f9cfa81eb8ace9811e5b7b9118\",\"name\":\"Erick Villafuerte\",\"image\":{\"@type\":\"ImageObject\",\"inLanguage\":\"es\",\"@id\":\"https:\\\/\\\/www.quebakan.com\\\/v15\\\/wp-content\\\/uploads\\\/avatars\\\/4\\\/1731297654-bpfull.png\",\"url\":\"https:\\\/\\\/www.quebakan.com\\\/v15\\\/wp-content\\\/uploads\\\/avatars\\\/4\\\/1731297654-bpfull.png\",\"contentUrl\":\"https:\\\/\\\/www.quebakan.com\\\/v15\\\/wp-content\\\/uploads\\\/avatars\\\/4\\\/1731297654-bpfull.png\",\"caption\":\"Erick Villafuerte\"}}]}<\/script>\n<!-- \/ Yoast SEO plugin. -->","yoast_head_json":{"title":"MALPORTADO Y LUNAYLA CONVIERTEN EL DOLOR EN HIMNO GLOBAL CON \u201cDESCONOCIDOS\u201d, UNA FUSI\u00d3N DE AFRO BEAT, R&B Y POP LATINO DESDE MONTR\u00c9AL &#8211; QUEBAKAN.COM 2026: Noticias, Eventos, Conciertos y mucho m\u00e1s....","robots":{"index":"index","follow":"follow","max-snippet":"max-snippet:-1","max-image-preview":"max-image-preview:large","max-video-preview":"max-video-preview:-1"},"canonical":"https:\/\/www.quebakan.com\/v15\/malportado-y-lunayla-convierten-el-dolor-en-himno-global-con-desconocidos-una-fusion-de-afro-beat-rb-y-pop-latino-desde-montreal\/","og_locale":"es_ES","og_type":"article","og_title":"MALPORTADO Y LUNAYLA CONVIERTEN EL DOLOR EN HIMNO GLOBAL CON \u201cDESCONOCIDOS\u201d, UNA FUSI\u00d3N DE AFRO BEAT, R&B Y POP LATINO DESDE MONTR\u00c9AL &#8211; QUEBAKAN.COM 2026: Noticias, Eventos, Conciertos y mucho m\u00e1s....","og_description":"DESCONOCIDOS (feat. MAL PORTADO) La escena urbana y alternativa de Canad\u00e1 sigue dando pasos firmes hacia el mercado internacional, y esta vez lo hace con una colaboraci\u00f3n que promete conectar con miles de corazones alrededor del mundo. Malportado y Lunayla unen talentos en \u201cDesconocidos\u201d, un lanzamiento cargado de emoci\u00f3n, nostalgia y ritmo, donde el afrobeat, [&hellip;]","og_url":"https:\/\/www.quebakan.com\/v15\/malportado-y-lunayla-convierten-el-dolor-en-himno-global-con-desconocidos-una-fusion-de-afro-beat-rb-y-pop-latino-desde-montreal\/","og_site_name":"QUEBAKAN.COM 2026: Noticias, Eventos, Conciertos y mucho m\u00e1s....","article_publisher":"http:\/\/www.facebook.com\/quebakan","article_published_time":"2026-04-26T23:36:27+00:00","og_image":[{"width":467,"height":700,"url":"https:\/\/www.quebakan.com\/v15\/wp-content\/uploads\/2026\/04\/Lunayla-Malportado.jpg","type":"image\/jpeg"}],"author":"Erick Villafuerte","twitter_card":"summary_large_image","twitter_creator":"@quebakanec","twitter_site":"@quebakanec","twitter_misc":{"Escrito por":"Erick Villafuerte","Tiempo de lectura":"3 minutos"},"schema":{"@context":"https:\/\/schema.org","@graph":[{"@type":"Article","@id":"https:\/\/www.quebakan.com\/v15\/malportado-y-lunayla-convierten-el-dolor-en-himno-global-con-desconocidos-una-fusion-de-afro-beat-rb-y-pop-latino-desde-montreal\/#article","isPartOf":{"@id":"https:\/\/www.quebakan.com\/v15\/malportado-y-lunayla-convierten-el-dolor-en-himno-global-con-desconocidos-una-fusion-de-afro-beat-rb-y-pop-latino-desde-montreal\/"},"author":{"name":"Erick Villafuerte","@id":"https:\/\/www.quebakan.com\/v15\/#\/schema\/person\/d90fa9f9cfa81eb8ace9811e5b7b9118"},"headline":"MALPORTADO Y LUNAYLA CONVIERTEN EL DOLOR EN HIMNO GLOBAL CON \u201cDESCONOCIDOS\u201d, UNA FUSI\u00d3N DE AFRO BEAT, R&#038;B Y POP LATINO DESDE MONTR\u00c9AL","datePublished":"2026-04-26T23:36:27+00:00","mainEntityOfPage":{"@id":"https:\/\/www.quebakan.com\/v15\/malportado-y-lunayla-convierten-el-dolor-en-himno-global-con-desconocidos-una-fusion-de-afro-beat-rb-y-pop-latino-desde-montreal\/"},"wordCount":530,"publisher":{"@id":"https:\/\/www.quebakan.com\/v15\/#organization"},"image":{"@id":"https:\/\/www.quebakan.com\/v15\/malportado-y-lunayla-convierten-el-dolor-en-himno-global-con-desconocidos-una-fusion-de-afro-beat-rb-y-pop-latino-desde-montreal\/#primaryimage"},"thumbnailUrl":"https:\/\/www.quebakan.com\/v15\/wp-content\/uploads\/2026\/04\/Lunayla-Malportado.jpg","articleSection":["M\u00fasica"],"inLanguage":"es"},{"@type":"WebPage","@id":"https:\/\/www.quebakan.com\/v15\/malportado-y-lunayla-convierten-el-dolor-en-himno-global-con-desconocidos-una-fusion-de-afro-beat-rb-y-pop-latino-desde-montreal\/","url":"https:\/\/www.quebakan.com\/v15\/malportado-y-lunayla-convierten-el-dolor-en-himno-global-con-desconocidos-una-fusion-de-afro-beat-rb-y-pop-latino-desde-montreal\/","name":"MALPORTADO Y LUNAYLA CONVIERTEN EL DOLOR EN HIMNO GLOBAL CON \u201cDESCONOCIDOS\u201d, UNA FUSI\u00d3N DE AFRO BEAT, R&B Y POP LATINO DESDE MONTR\u00c9AL &#8211; QUEBAKAN.COM 2026: Noticias, Eventos, Conciertos y mucho m\u00e1s....","isPartOf":{"@id":"https:\/\/www.quebakan.com\/v15\/#website"},"primaryImageOfPage":{"@id":"https:\/\/www.quebakan.com\/v15\/malportado-y-lunayla-convierten-el-dolor-en-himno-global-con-desconocidos-una-fusion-de-afro-beat-rb-y-pop-latino-desde-montreal\/#primaryimage"},"image":{"@id":"https:\/\/www.quebakan.com\/v15\/malportado-y-lunayla-convierten-el-dolor-en-himno-global-con-desconocidos-una-fusion-de-afro-beat-rb-y-pop-latino-desde-montreal\/#primaryimage"},"thumbnailUrl":"https:\/\/www.quebakan.com\/v15\/wp-content\/uploads\/2026\/04\/Lunayla-Malportado.jpg","datePublished":"2026-04-26T23:36:27+00:00","breadcrumb":{"@id":"https:\/\/www.quebakan.com\/v15\/malportado-y-lunayla-convierten-el-dolor-en-himno-global-con-desconocidos-una-fusion-de-afro-beat-rb-y-pop-latino-desde-montreal\/#breadcrumb"},"inLanguage":"es","potentialAction":[{"@type":"ReadAction","target":["https:\/\/www.quebakan.com\/v15\/malportado-y-lunayla-convierten-el-dolor-en-himno-global-con-desconocidos-una-fusion-de-afro-beat-rb-y-pop-latino-desde-montreal\/"]}]},{"@type":"ImageObject","inLanguage":"es","@id":"https:\/\/www.quebakan.com\/v15\/malportado-y-lunayla-convierten-el-dolor-en-himno-global-con-desconocidos-una-fusion-de-afro-beat-rb-y-pop-latino-desde-montreal\/#primaryimage","url":"https:\/\/www.quebakan.com\/v15\/wp-content\/uploads\/2026\/04\/Lunayla-Malportado.jpg","contentUrl":"https:\/\/www.quebakan.com\/v15\/wp-content\/uploads\/2026\/04\/Lunayla-Malportado.jpg","width":467,"height":700},{"@type":"BreadcrumbList","@id":"https:\/\/www.quebakan.com\/v15\/malportado-y-lunayla-convierten-el-dolor-en-himno-global-con-desconocidos-una-fusion-de-afro-beat-rb-y-pop-latino-desde-montreal\/#breadcrumb","itemListElement":[{"@type":"ListItem","position":1,"name":"Portada","item":"https:\/\/www.quebakan.com\/v15\/"},{"@type":"ListItem","position":2,"name":"MALPORTADO Y LUNAYLA CONVIERTEN EL DOLOR EN HIMNO GLOBAL CON \u201cDESCONOCIDOS\u201d, UNA FUSI\u00d3N DE AFRO BEAT, R&#038;B Y POP LATINO DESDE MONTR\u00c9AL"}]},{"@type":"WebSite","@id":"https:\/\/www.quebakan.com\/v15\/#website","url":"https:\/\/www.quebakan.com\/v15\/","name":"QUEBAKAN","description":"..","publisher":{"@id":"https:\/\/www.quebakan.com\/v15\/#organization"},"potentialAction":[{"@type":"SearchAction","target":{"@type":"EntryPoint","urlTemplate":"https:\/\/www.quebakan.com\/v15\/?s={search_term_string}"},"query-input":{"@type":"PropertyValueSpecification","valueRequired":true,"valueName":"search_term_string"}}],"inLanguage":"es"},{"@type":"Organization","@id":"https:\/\/www.quebakan.com\/v15\/#organization","name":"Quebakan.com","url":"https:\/\/www.quebakan.com\/v15\/","logo":{"@type":"ImageObject","inLanguage":"es","@id":"https:\/\/www.quebakan.com\/v15\/#\/schema\/logo\/image\/","url":"https:\/\/www.quebakan.com\/v15\/wp-content\/uploads\/2023\/07\/logoquebakanenero2021.jpg","contentUrl":"https:\/\/www.quebakan.com\/v15\/wp-content\/uploads\/2023\/07\/logoquebakanenero2021.jpg","width":1920,"height":1080,"caption":"Quebakan.com"},"image":{"@id":"https:\/\/www.quebakan.com\/v15\/#\/schema\/logo\/image\/"},"sameAs":["http:\/\/www.facebook.com\/quebakan","https:\/\/x.com\/quebakanec","http:\/\/www.instagram.com\/quebakan","http:\/\/www.youtube.com\/quebakan1"]},{"@type":"Person","@id":"https:\/\/www.quebakan.com\/v15\/#\/schema\/person\/d90fa9f9cfa81eb8ace9811e5b7b9118","name":"Erick Villafuerte","image":{"@type":"ImageObject","inLanguage":"es","@id":"https:\/\/www.quebakan.com\/v15\/wp-content\/uploads\/avatars\/4\/1731297654-bpfull.png","url":"https:\/\/www.quebakan.com\/v15\/wp-content\/uploads\/avatars\/4\/1731297654-bpfull.png","contentUrl":"https:\/\/www.quebakan.com\/v15\/wp-content\/uploads\/avatars\/4\/1731297654-bpfull.png","caption":"Erick Villafuerte"}}]}},"_links":{"self":[{"href":"https:\/\/www.quebakan.com\/v15\/wp-json\/wp\/v2\/posts\/141966","targetHints":{"allow":["GET"]}}],"collection":[{"href":"https:\/\/www.quebakan.com\/v15\/wp-json\/wp\/v2\/posts"}],"about":[{"href":"https:\/\/www.quebakan.com\/v15\/wp-json\/wp\/v2\/types\/post"}],"author":[{"embeddable":true,"href":"https:\/\/www.quebakan.com\/v15\/wp-json\/wp\/v2\/users\/4"}],"replies":[{"embeddable":true,"href":"https:\/\/www.quebakan.com\/v15\/wp-json\/wp\/v2\/comments?post=141966"}],"version-history":[{"count":1,"href":"https:\/\/www.quebakan.com\/v15\/wp-json\/wp\/v2\/posts\/141966\/revisions"}],"predecessor-version":[{"id":141969,"href":"https:\/\/www.quebakan.com\/v15\/wp-json\/wp\/v2\/posts\/141966\/revisions\/141969"}],"wp:featuredmedia":[{"embeddable":true,"href":"https:\/\/www.quebakan.com\/v15\/wp-json\/wp\/v2\/media\/141967"}],"wp:attachment":[{"href":"https:\/\/www.quebakan.com\/v15\/wp-json\/wp\/v2\/media?parent=141966"}],"wp:term":[{"taxonomy":"category","embeddable":true,"href":"https:\/\/www.quebakan.com\/v15\/wp-json\/wp\/v2\/categories?post=141966"},{"taxonomy":"post_tag","embeddable":true,"href":"https:\/\/www.quebakan.com\/v15\/wp-json\/wp\/v2\/tags?post=141966"}],"curies":[{"name":"wp","href":"https:\/\/api.w.org\/{rel}","templated":true}]}}